{"id":24829,"date":"2024-11-04T14:03:58","date_gmt":"2024-11-04T17:03:58","guid":{"rendered":"https:\/\/apuntesdesanluis.com\/?p=24829"},"modified":"2024-11-04T14:03:58","modified_gmt":"2024-11-04T17:03:58","slug":"homicidio-de-juan-jose-ochoa-este-martes-5-alegatos-de-cierre","status":"publish","type":"post","link":"https:\/\/apuntesdesanluis.com\/index.php\/2024\/11\/04\/homicidio-de-juan-jose-ochoa-este-martes-5-alegatos-de-cierre\/","title":{"rendered":"HOMICIDIO DE JUAN JOS\u00c9 OCHOA: ESTE MARTES 5, ALEGATOS DE CIERRE"},"content":{"rendered":"<h3>Est\u00e1 previsto que la jornada de debate oral inicie a las 10:00 hs en la Sala de Juicios Orales N\u00ba 1 del edificio judicial mercedino.<\/h3>\n<h3>Un hombre est\u00e1 siendo juzgado por el homicidio de Juan Jos\u00e9 Ochoa ocurrido el 15 de enero en un complejo de departamentos en Villa Mercedes.<\/h3>\n<h3>Ma\u00f1ana martes 5 de noviembre est\u00e1 previsto que se desarrollen los alegatos de cierre, antes el tribunal comunicar\u00e1 una resoluci\u00f3n.<\/h3>\n<h3>El debate oral inici\u00f3 el pasado 28 de octubre, durante el desarrollo de la etapa probatoria, declararon 14 testigos.<\/h3>\n<h3>El tribunal que juzga al acusado est\u00e1 integrado por el Dr. Mauro D\u00b4Agata Henr\u00edquez \u2013 Presidente \u2013, la Dra. Daniela Estrada y el Dr. Sebasti\u00e1n Cadelago Filippi \u2013vocales-, como secretario del Colegio de Jueces interviene el Dr. H\u00e9ctor Lazzari.<\/h3>\n<h3>En representaci\u00f3n del Ministerio P\u00fablico Fiscal interviene el Dr. N\u00e9stor Lucero y del Ministerio P\u00fablico de la Defensa, la Dra. Roc\u00edo Mediavilla.<\/h3>\n<h3>El hecho ocurri\u00f3 el lunes 15 de enero del corriente a\u00f1o en el complejo de departamentos propiedad de la v\u00edctima, ubicado en calle General Paz de Villa Mercedes. El imputado se encontraba en la vivienda de uno de los inquilinos, con quien estuvo consumiendo bebidas alcoh\u00f3licas por varias horas. El conflicto inici\u00f3, cuando el due\u00f1o del inmueble le pidi\u00f3 que retirara su bicicleta del pasillo interno, porque estaba obstaculizando el paso, es all\u00ed cuando se produjo un enfrentamiento con golpes de pu\u00f1o. El acusado regres\u00f3 al departamento a dormir. Luego de un tiempo, sali\u00f3 y atac\u00f3 a la v\u00edctima con dos elementos corto punzantes, y le asest\u00f3, con uno de ellos, la apu\u00f1alada que le produjo la muerte.<\/h3>\n<p>&nbsp;<\/p>\n<p>&nbsp;<\/p>\n<p>&nbsp;<\/p>\n","protected":false},"excerpt":{"rendered":"<p>Est\u00e1 previsto que la jornada de debate oral inicie a las 10:00 hs en la&#8230;<\/p>\n","protected":false},"author":1,"featured_media":24830,"comment_status":"closed","ping_status":"closed","sticky":false,"template":"","format":"standard","meta":{"footnotes":""},"categories":[6],"tags":[],"class_list":["post-24829","post","type-post","status-publish","format-standard","has-post-thumbnail","hentry","category-ciudad-provincia"],"yoast_head":"<!-- This site is optimized with the Yoast SEO plugin v26.1.1 - https:\/\/yoast.com\/wordpress\/plugins\/seo\/ -->\n<title>HOMICIDIO DE JUAN JOS\u00c9 OCHOA: ESTE MARTES 5, ALEGATOS DE CIERRE - Apuntes de San Luis<\/title>\n<meta name=\"robots\" content=\"index, follow, max-snippet:-1, max-image-preview:large, max-video-preview:-1\" \/>\n<link rel=\"canonical\" href=\"https:\/\/apuntesdesanluis.com\/index.php\/2024\/11\/04\/homicidio-de-juan-jose-ochoa-este-martes-5-alegatos-de-cierre\/\" \/>\n<meta property=\"og:locale\" content=\"es_ES\" \/>\n<meta property=\"og:type\" content=\"article\" \/>\n<meta property=\"og:title\" content=\"HOMICIDIO DE JUAN JOS\u00c9 OCHOA: ESTE MARTES 5, ALEGATOS DE CIERRE - Apuntes de San Luis\" \/>\n<meta property=\"og:description\" content=\"Est\u00e1 previsto que la jornada de debate oral inicie a las 10:00 hs en la...\" \/>\n<meta property=\"og:url\" content=\"https:\/\/apuntesdesanluis.com\/index.php\/2024\/11\/04\/homicidio-de-juan-jose-ochoa-este-martes-5-alegatos-de-cierre\/\" \/>\n<meta property=\"og:site_name\" content=\"Apuntes de San Luis\" \/>\n<meta property=\"article:published_time\" content=\"2024-11-04T17:03:58+00:00\" \/>\n<meta property=\"og:image\" content=\"https:\/\/apuntesdesanluis.com\/wp-content\/uploads\/2024\/11\/Caso-Ochoa.png\" \/>\n\t<meta property=\"og:image:width\" content=\"693\" \/>\n\t<meta property=\"og:image:height\" content=\"401\" \/>\n\t<meta property=\"og:image:type\" content=\"image\/png\" \/>\n<meta name=\"author\" content=\"apuntesdesanluis.com\" \/>\n<meta name=\"twitter:card\" content=\"summary_large_image\" \/>\n<meta name=\"twitter:label1\" content=\"Escrito por\" \/>\n\t<meta name=\"twitter:data1\" content=\"apuntesdesanluis.com\" \/>\n\t<meta name=\"twitter:label2\" content=\"Tiempo de lectura\" \/>\n\t<meta name=\"twitter:data2\" content=\"2 minutos\" \/>\n<script type=\"application\/ld+json\" class=\"yoast-schema-graph\">{\"@context\":\"https:\/\/schema.org\",\"@graph\":[{\"@type\":\"Article\",\"@id\":\"https:\/\/apuntesdesanluis.com\/index.php\/2024\/11\/04\/homicidio-de-juan-jose-ochoa-este-martes-5-alegatos-de-cierre\/#article\",\"isPartOf\":{\"@id\":\"https:\/\/apuntesdesanluis.com\/index.php\/2024\/11\/04\/homicidio-de-juan-jose-ochoa-este-martes-5-alegatos-de-cierre\/\"},\"author\":{\"name\":\"apuntesdesanluis.com\",\"@id\":\"https:\/\/apuntesdesanluis.com\/#\/schema\/person\/b55151d52296fcce64d1a72538a70b90\"},\"headline\":\"HOMICIDIO DE JUAN JOS\u00c9 OCHOA: ESTE MARTES 5, ALEGATOS DE CIERRE\",\"datePublished\":\"2024-11-04T17:03:58+00:00\",\"mainEntityOfPage\":{\"@id\":\"https:\/\/apuntesdesanluis.com\/index.php\/2024\/11\/04\/homicidio-de-juan-jose-ochoa-este-martes-5-alegatos-de-cierre\/\"},\"wordCount\":290,\"publisher\":{\"@id\":\"https:\/\/apuntesdesanluis.com\/#\/schema\/person\/b55151d52296fcce64d1a72538a70b90\"},\"image\":{\"@id\":\"https:\/\/apuntesdesanluis.com\/index.php\/2024\/11\/04\/homicidio-de-juan-jose-ochoa-este-martes-5-alegatos-de-cierre\/#primaryimage\"},\"thumbnailUrl\":\"https:\/\/apuntesdesanluis.com\/wp-content\/uploads\/2024\/11\/Caso-Ochoa.png\",\"articleSection\":[\"Ciudad\/Provincia\"],\"inLanguage\":\"es-AR\"},{\"@type\":\"WebPage\",\"@id\":\"https:\/\/apuntesdesanluis.com\/index.php\/2024\/11\/04\/homicidio-de-juan-jose-ochoa-este-martes-5-alegatos-de-cierre\/\",\"url\":\"https:\/\/apuntesdesanluis.com\/index.php\/2024\/11\/04\/homicidio-de-juan-jose-ochoa-este-martes-5-alegatos-de-cierre\/\",\"name\":\"HOMICIDIO DE JUAN JOS\u00c9 OCHOA: ESTE MARTES 5, ALEGATOS DE CIERRE - Apuntes de San Luis\",\"isPartOf\":{\"@id\":\"https:\/\/apuntesdesanluis.com\/#website\"},\"primaryImageOfPage\":{\"@id\":\"https:\/\/apuntesdesanluis.com\/index.php\/2024\/11\/04\/homicidio-de-juan-jose-ochoa-este-martes-5-alegatos-de-cierre\/#primaryimage\"},\"image\":{\"@id\":\"https:\/\/apuntesdesanluis.com\/index.php\/2024\/11\/04\/homicidio-de-juan-jose-ochoa-este-martes-5-alegatos-de-cierre\/#primaryimage\"},\"thumbnailUrl\":\"https:\/\/apuntesdesanluis.com\/wp-content\/uploads\/2024\/11\/Caso-Ochoa.png\",\"datePublished\":\"2024-11-04T17:03:58+00:00\",\"breadcrumb\":{\"@id\":\"https:\/\/apuntesdesanluis.com\/index.php\/2024\/11\/04\/homicidio-de-juan-jose-ochoa-este-martes-5-alegatos-de-cierre\/#breadcrumb\"},\"inLanguage\":\"es-AR\",\"potentialAction\":[{\"@type\":\"ReadAction\",\"target\":[\"https:\/\/apuntesdesanluis.com\/index.php\/2024\/11\/04\/homicidio-de-juan-jose-ochoa-este-martes-5-alegatos-de-cierre\/\"]}]},{\"@type\":\"ImageObject\",\"inLanguage\":\"es-AR\",\"@id\":\"https:\/\/apuntesdesanluis.com\/index.php\/2024\/11\/04\/homicidio-de-juan-jose-ochoa-este-martes-5-alegatos-de-cierre\/#primaryimage\",\"url\":\"https:\/\/apuntesdesanluis.com\/wp-content\/uploads\/2024\/11\/Caso-Ochoa.png\",\"contentUrl\":\"https:\/\/apuntesdesanluis.com\/wp-content\/uploads\/2024\/11\/Caso-Ochoa.png\",\"width\":693,\"height\":401},{\"@type\":\"BreadcrumbList\",\"@id\":\"https:\/\/apuntesdesanluis.com\/index.php\/2024\/11\/04\/homicidio-de-juan-jose-ochoa-este-martes-5-alegatos-de-cierre\/#breadcrumb\",\"itemListElement\":[{\"@type\":\"ListItem\",\"position\":1,\"name\":\"Inicio\",\"item\":\"https:\/\/apuntesdesanluis.com\/\"},{\"@type\":\"ListItem\",\"position\":2,\"name\":\"HOMICIDIO DE JUAN JOS\u00c9 OCHOA: ESTE MARTES 5, ALEGATOS DE CIERRE\"}]},{\"@type\":\"WebSite\",\"@id\":\"https:\/\/apuntesdesanluis.com\/#website\",\"url\":\"https:\/\/apuntesdesanluis.com\/\",\"name\":\"Apuntes de San Luis\",\"description\":\"\",\"publisher\":{\"@id\":\"https:\/\/apuntesdesanluis.com\/#\/schema\/person\/b55151d52296fcce64d1a72538a70b90\"},\"potentialAction\":[{\"@type\":\"SearchAction\",\"target\":{\"@type\":\"EntryPoint\",\"urlTemplate\":\"https:\/\/apuntesdesanluis.com\/?s={search_term_string}\"},\"query-input\":{\"@type\":\"PropertyValueSpecification\",\"valueRequired\":true,\"valueName\":\"search_term_string\"}}],\"inLanguage\":\"es-AR\"},{\"@type\":[\"Person\",\"Organization\"],\"@id\":\"https:\/\/apuntesdesanluis.com\/#\/schema\/person\/b55151d52296fcce64d1a72538a70b90\",\"name\":\"apuntesdesanluis.com\",\"image\":{\"@type\":\"ImageObject\",\"inLanguage\":\"es-AR\",\"@id\":\"https:\/\/apuntesdesanluis.com\/#\/schema\/person\/image\/\",\"url\":\"https:\/\/apuntesdesanluis.com\/wp-content\/uploads\/2023\/07\/cropped-apuntesdesanluis.png\",\"contentUrl\":\"https:\/\/apuntesdesanluis.com\/wp-content\/uploads\/2023\/07\/cropped-apuntesdesanluis.png\",\"width\":450,\"height\":112,\"caption\":\"apuntesdesanluis.com\"},\"logo\":{\"@id\":\"https:\/\/apuntesdesanluis.com\/#\/schema\/person\/image\/\"},\"sameAs\":[\"https:\/\/apuntesdesanluis.com\"],\"url\":\"https:\/\/apuntesdesanluis.com\/index.php\/author\/apuntesdesanluis-com\/\"}]}<\/script>\n<!-- \/ Yoast SEO plugin. -->","yoast_head_json":{"title":"HOMICIDIO DE JUAN JOS\u00c9 OCHOA: ESTE MARTES 5, ALEGATOS DE CIERRE - Apuntes de San Luis","robots":{"index":"index","follow":"follow","max-snippet":"max-snippet:-1","max-image-preview":"max-image-preview:large","max-video-preview":"max-video-preview:-1"},"canonical":"https:\/\/apuntesdesanluis.com\/index.php\/2024\/11\/04\/homicidio-de-juan-jose-ochoa-este-martes-5-alegatos-de-cierre\/","og_locale":"es_ES","og_type":"article","og_title":"HOMICIDIO DE JUAN JOS\u00c9 OCHOA: ESTE MARTES 5, ALEGATOS DE CIERRE - Apuntes de San Luis","og_description":"Est\u00e1 previsto que la jornada de debate oral inicie a las 10:00 hs en la...","og_url":"https:\/\/apuntesdesanluis.com\/index.php\/2024\/11\/04\/homicidio-de-juan-jose-ochoa-este-martes-5-alegatos-de-cierre\/","og_site_name":"Apuntes de San Luis","article_published_time":"2024-11-04T17:03:58+00:00","og_image":[{"width":693,"height":401,"url":"https:\/\/apuntesdesanluis.com\/wp-content\/uploads\/2024\/11\/Caso-Ochoa.png","type":"image\/png"}],"author":"apuntesdesanluis.com","twitter_card":"summary_large_image","twitter_misc":{"Escrito por":"apuntesdesanluis.com","Tiempo de lectura":"2 minutos"},"schema":{"@context":"https:\/\/schema.org","@graph":[{"@type":"Article","@id":"https:\/\/apuntesdesanluis.com\/index.php\/2024\/11\/04\/homicidio-de-juan-jose-ochoa-este-martes-5-alegatos-de-cierre\/#article","isPartOf":{"@id":"https:\/\/apuntesdesanluis.com\/index.php\/2024\/11\/04\/homicidio-de-juan-jose-ochoa-este-martes-5-alegatos-de-cierre\/"},"author":{"name":"apuntesdesanluis.com","@id":"https:\/\/apuntesdesanluis.com\/#\/schema\/person\/b55151d52296fcce64d1a72538a70b90"},"headline":"HOMICIDIO DE JUAN JOS\u00c9 OCHOA: ESTE MARTES 5, ALEGATOS DE CIERRE","datePublished":"2024-11-04T17:03:58+00:00","mainEntityOfPage":{"@id":"https:\/\/apuntesdesanluis.com\/index.php\/2024\/11\/04\/homicidio-de-juan-jose-ochoa-este-martes-5-alegatos-de-cierre\/"},"wordCount":290,"publisher":{"@id":"https:\/\/apuntesdesanluis.com\/#\/schema\/person\/b55151d52296fcce64d1a72538a70b90"},"image":{"@id":"https:\/\/apuntesdesanluis.com\/index.php\/2024\/11\/04\/homicidio-de-juan-jose-ochoa-este-martes-5-alegatos-de-cierre\/#primaryimage"},"thumbnailUrl":"https:\/\/apuntesdesanluis.com\/wp-content\/uploads\/2024\/11\/Caso-Ochoa.png","articleSection":["Ciudad\/Provincia"],"inLanguage":"es-AR"},{"@type":"WebPage","@id":"https:\/\/apuntesdesanluis.com\/index.php\/2024\/11\/04\/homicidio-de-juan-jose-ochoa-este-martes-5-alegatos-de-cierre\/","url":"https:\/\/apuntesdesanluis.com\/index.php\/2024\/11\/04\/homicidio-de-juan-jose-ochoa-este-martes-5-alegatos-de-cierre\/","name":"HOMICIDIO DE JUAN JOS\u00c9 OCHOA: ESTE MARTES 5, ALEGATOS DE CIERRE - Apuntes de San Luis","isPartOf":{"@id":"https:\/\/apuntesdesanluis.com\/#website"},"primaryImageOfPage":{"@id":"https:\/\/apuntesdesanluis.com\/index.php\/2024\/11\/04\/homicidio-de-juan-jose-ochoa-este-martes-5-alegatos-de-cierre\/#primaryimage"},"image":{"@id":"https:\/\/apuntesdesanluis.com\/index.php\/2024\/11\/04\/homicidio-de-juan-jose-ochoa-este-martes-5-alegatos-de-cierre\/#primaryimage"},"thumbnailUrl":"https:\/\/apuntesdesanluis.com\/wp-content\/uploads\/2024\/11\/Caso-Ochoa.png","datePublished":"2024-11-04T17:03:58+00:00","breadcrumb":{"@id":"https:\/\/apuntesdesanluis.com\/index.php\/2024\/11\/04\/homicidio-de-juan-jose-ochoa-este-martes-5-alegatos-de-cierre\/#breadcrumb"},"inLanguage":"es-AR","potentialAction":[{"@type":"ReadAction","target":["https:\/\/apuntesdesanluis.com\/index.php\/2024\/11\/04\/homicidio-de-juan-jose-ochoa-este-martes-5-alegatos-de-cierre\/"]}]},{"@type":"ImageObject","inLanguage":"es-AR","@id":"https:\/\/apuntesdesanluis.com\/index.php\/2024\/11\/04\/homicidio-de-juan-jose-ochoa-este-martes-5-alegatos-de-cierre\/#primaryimage","url":"https:\/\/apuntesdesanluis.com\/wp-content\/uploads\/2024\/11\/Caso-Ochoa.png","contentUrl":"https:\/\/apuntesdesanluis.com\/wp-content\/uploads\/2024\/11\/Caso-Ochoa.png","width":693,"height":401},{"@type":"BreadcrumbList","@id":"https:\/\/apuntesdesanluis.com\/index.php\/2024\/11\/04\/homicidio-de-juan-jose-ochoa-este-martes-5-alegatos-de-cierre\/#breadcrumb","itemListElement":[{"@type":"ListItem","position":1,"name":"Inicio","item":"https:\/\/apuntesdesanluis.com\/"},{"@type":"ListItem","position":2,"name":"HOMICIDIO DE JUAN JOS\u00c9 OCHOA: ESTE MARTES 5, ALEGATOS DE CIERRE"}]},{"@type":"WebSite","@id":"https:\/\/apuntesdesanluis.com\/#website","url":"https:\/\/apuntesdesanluis.com\/","name":"Apuntes de San Luis","description":"","publisher":{"@id":"https:\/\/apuntesdesanluis.com\/#\/schema\/person\/b55151d52296fcce64d1a72538a70b90"},"potentialAction":[{"@type":"SearchAction","target":{"@type":"EntryPoint","urlTemplate":"https:\/\/apuntesdesanluis.com\/?s={search_term_string}"},"query-input":{"@type":"PropertyValueSpecification","valueRequired":true,"valueName":"search_term_string"}}],"inLanguage":"es-AR"},{"@type":["Person","Organization"],"@id":"https:\/\/apuntesdesanluis.com\/#\/schema\/person\/b55151d52296fcce64d1a72538a70b90","name":"apuntesdesanluis.com","image":{"@type":"ImageObject","inLanguage":"es-AR","@id":"https:\/\/apuntesdesanluis.com\/#\/schema\/person\/image\/","url":"https:\/\/apuntesdesanluis.com\/wp-content\/uploads\/2023\/07\/cropped-apuntesdesanluis.png","contentUrl":"https:\/\/apuntesdesanluis.com\/wp-content\/uploads\/2023\/07\/cropped-apuntesdesanluis.png","width":450,"height":112,"caption":"apuntesdesanluis.com"},"logo":{"@id":"https:\/\/apuntesdesanluis.com\/#\/schema\/person\/image\/"},"sameAs":["https:\/\/apuntesdesanluis.com"],"url":"https:\/\/apuntesdesanluis.com\/index.php\/author\/apuntesdesanluis-com\/"}]}},"featured_image_urls":{"full":["https:\/\/apuntesdesanluis.com\/wp-content\/uploads\/2024\/11\/Caso-Ochoa.png",693,401,false],"thumbnail":["https:\/\/apuntesdesanluis.com\/wp-content\/uploads\/2024\/11\/Caso-Ochoa-150x150.png",150,150,true],"medium":["https:\/\/apuntesdesanluis.com\/wp-content\/uploads\/2024\/11\/Caso-Ochoa-300x174.png",300,174,true],"medium_large":["https:\/\/apuntesdesanluis.com\/wp-content\/uploads\/2024\/11\/Caso-Ochoa.png",640,370,false],"large":["https:\/\/apuntesdesanluis.com\/wp-content\/uploads\/2024\/11\/Caso-Ochoa.png",640,370,false],"1536x1536":["https:\/\/apuntesdesanluis.com\/wp-content\/uploads\/2024\/11\/Caso-Ochoa.png",693,401,false],"2048x2048":["https:\/\/apuntesdesanluis.com\/wp-content\/uploads\/2024\/11\/Caso-Ochoa.png",693,401,false],"newsever-slider-full":["https:\/\/apuntesdesanluis.com\/wp-content\/uploads\/2024\/11\/Caso-Ochoa.png",693,401,false],"newsever-featured":["https:\/\/apuntesdesanluis.com\/wp-content\/uploads\/2024\/11\/Caso-Ochoa.png",693,401,false],"newsever-medium":["https:\/\/apuntesdesanluis.com\/wp-content\/uploads\/2024\/11\/Caso-Ochoa.png",693,401,false]},"author_info":{"display_name":"apuntesdesanluis.com","author_link":"https:\/\/apuntesdesanluis.com\/index.php\/author\/apuntesdesanluis-com\/"},"category_info":"<a href=\"https:\/\/apuntesdesanluis.com\/index.php\/category\/ciudad-provincia\/\" rel=\"category tag\">Ciudad\/Provincia<\/a>","tag_info":"Ciudad\/Provincia","comment_count":"0","_links":{"self":[{"href":"https:\/\/apuntesdesanluis.com\/index.php\/wp-json\/wp\/v2\/posts\/24829","targetHints":{"allow":["GET"]}}],"collection":[{"href":"https:\/\/apuntesdesanluis.com\/index.php\/wp-json\/wp\/v2\/posts"}],"about":[{"href":"https:\/\/apuntesdesanluis.com\/index.php\/wp-json\/wp\/v2\/types\/post"}],"author":[{"embeddable":true,"href":"https:\/\/apuntesdesanluis.com\/index.php\/wp-json\/wp\/v2\/users\/1"}],"replies":[{"embeddable":true,"href":"https:\/\/apuntesdesanluis.com\/index.php\/wp-json\/wp\/v2\/comments?post=24829"}],"version-history":[{"count":1,"href":"https:\/\/apuntesdesanluis.com\/index.php\/wp-json\/wp\/v2\/posts\/24829\/revisions"}],"predecessor-version":[{"id":24831,"href":"https:\/\/apuntesdesanluis.com\/index.php\/wp-json\/wp\/v2\/posts\/24829\/revisions\/24831"}],"wp:featuredmedia":[{"embeddable":true,"href":"https:\/\/apuntesdesanluis.com\/index.php\/wp-json\/wp\/v2\/media\/24830"}],"wp:attachment":[{"href":"https:\/\/apuntesdesanluis.com\/index.php\/wp-json\/wp\/v2\/media?parent=24829"}],"wp:term":[{"taxonomy":"category","embeddable":true,"href":"https:\/\/apuntesdesanluis.com\/index.php\/wp-json\/wp\/v2\/categories?post=24829"},{"taxonomy":"post_tag","embeddable":true,"href":"https:\/\/apuntesdesanluis.com\/index.php\/wp-json\/wp\/v2\/tags?post=24829"}],"curies":[{"name":"wp","href":"https:\/\/api.w.org\/{rel}","templated":true}]}}