{"id":24832,"date":"2024-11-04T14:15:57","date_gmt":"2024-11-04T17:15:57","guid":{"rendered":"https:\/\/apuntesdesanluis.com\/?p=24832"},"modified":"2024-11-04T21:26:59","modified_gmt":"2024-11-05T00:26:59","slug":"fundamentan-prision-domiciliaria-a-acusado-de-abuso-sexual","status":"publish","type":"post","link":"https:\/\/apuntesdesanluis.com\/index.php\/2024\/11\/04\/fundamentan-prision-domiciliaria-a-acusado-de-abuso-sexual\/","title":{"rendered":"FUNDAMENTAN PRISI\u00d3N DOMICILIARIA A ACUSADO DE ABUSO SEXUAL"},"content":{"rendered":"<h3>En una audiencia que se celebr\u00f3 el pasado viernes, la sala unipersonal del Colegio de Jueces de la Segunda Circunscripci\u00f3n Judicial integrada por la Dra. Sandra Ehrlich, dispuso que un hombre que ser\u00e1 juzgado en una causa donde se investigan delitos contra la integridad sexual, continuar\u00e1 cumpliendo la prisi\u00f3n preventiva bajo el r\u00e9gimen de prisi\u00f3n domiciliaria, hasta la finalizaci\u00f3n del debate oral, el cual fue programado para junio del 2025.<\/h3>\n<h3>Mientras tanto, familiares de la v\u00edctima convocaron a movilizarse este martes a las 20:00 h en Plaza Pedernera, en repudio a la medida judicial.<\/h3>\n<h3><img fetchpriority=\"high\" decoding=\"async\" class=\"wp-image-24833 aligncenter\" src=\"https:\/\/apuntesdesanluis.com\/wp-content\/uploads\/2024\/11\/Beco-figueroa-182x300.jpg\" alt=\"\" width=\"521\" height=\"859\" srcset=\"https:\/\/apuntesdesanluis.com\/wp-content\/uploads\/2024\/11\/Beco-figueroa-182x300.jpg 182w, https:\/\/apuntesdesanluis.com\/wp-content\/uploads\/2024\/11\/Beco-figueroa-622x1024.jpg 622w\" sizes=\"(max-width: 521px) 100vw, 521px\" \/><\/h3>\n<h3>Cabe se\u00f1alar que esta audiencia se celebr\u00f3 ante un pedido del Fiscal de Juicio, Dr. Ernesto Lutens para tratar el vencimiento de la pr\u00f3rroga de prisi\u00f3n preventiva. A efectos de resolver esta cuesti\u00f3n procesal, la sala unipersonal del Colegio de Jueces de la Segunda Circunscripci\u00f3n Judicial qued\u00f3 integrada por la Dra. Sandra Ehrlich.<\/h3>\n<h3>Seg\u00fan lo informado por la Oficina Judicial del Colegio de Jueces en lo Penal de la Segunda Circunscripci\u00f3n Judicial, todas las partes fueron notificadas debidamente de la audiencia. Participaron de la misma en forma presencial en la sala de juicios la Defensora de Juicio, Dra. Roc\u00edo Mediavilla y en forma remota: el acusado, desde el Servicio Penitenciario Provincial; el Fiscal de Juicio, Dr. Ernesto Lutens; la\u00a0 Defensora de Ni\u00f1ez y Adolescencia, Dra. Victoria Cort\u00e1zar Furnari.<\/h3>\n<h3>La decisi\u00f3n judicial estuvo basada en la normativa vigente. En primer lugar, la Dra. Ehrlich contempl\u00f3 lo previsto en el art\u00edculo 1\u00ba de la ley 24.390 \u2013seg\u00fan texto ley 25.430- que dispone que \u201cLa prisi\u00f3n preventiva no podr\u00e1 ser superior a dos a\u00f1os, sin que se haya dictado sentencia\u201d.<\/h3>\n<h3>La mencionada norma tambi\u00e9n establece que \u201ccuando la cantidad de los delitos atribuidos al procesado o la evidente complejidad de la causa hayan impedido el dictado de la misma en el plazo indicado, \u00e9sta podr\u00e1 prorrogarse por un a\u00f1o m\u00e1s, por resoluci\u00f3n fundada\u201d.<\/h3>\n<h3>En consonancia con esta norma, el C\u00f3digo Procesal Penal Provincial establece en su art. 210 que \u201cLa prisi\u00f3n preventiva no podr\u00e1 durar m\u00e1s de DOS (2) a\u00f1os, sin perjuicio del tiempo que demande la tramitaci\u00f3n de recursos extraordinarios. Vencido este plazo no se podr\u00e1 decretar una nueva medida de coerci\u00f3n privativa de libertad. Tambi\u00e9n deber\u00e1 hacerse cesar, si su duraci\u00f3n es equivalente a la exigida para la concesi\u00f3n de la libertad condicional o libertad anticipada a los condenados y se encuentren reunidos los restantes requisitos.\u201d<\/h3>\n<h3>Cabe se\u00f1alar que el acusado cumpl\u00eda prisi\u00f3n preventiva \u2013 en el Servicio Penitenciario Provincial \u2013 desde el 17 de agosto del 2021, por los delitos de abuso sexual con acceso carnal agravado en concurso real con corrupci\u00f3n de menores agravado.<\/h3>\n<h3>A la hora de resolver, la magistrada analiz\u00f3 requisitos de razonabilidad, proporcionalidad, necesidad e idoneidad como asimismo, la existencia de peligro procesal.<\/h3>\n<h3>En ese sentido, consider\u00f3 que se excedi\u00f3 el plazo razonable de la prisi\u00f3n preventiva que establecen las normas referenciadas \u2013 Ley 24390, seg\u00fan texto ley 25.430 y C\u00f3digo de Procedimiento Penal de la Provincia de San Luis.<\/h3>\n<h3>Asimismo, tambi\u00e9n consider\u00f3 atendibles los fundamentos dados por el Ministerio P\u00fablico Fiscal y por la Defensor\u00eda de Ni\u00f1os, Ni\u00f1as y Adolescentes, con relaci\u00f3n a la situaci\u00f3n de vulnerabilidad de la presunta v\u00edctima del delito. En este sentido, destac\u00f3 la obligaci\u00f3n surgida de los compromisos internacionales asumidos por el Estado Argentino en la Convenci\u00f3n Interamericana para Prevenir, Sancionar y Erradicar la violencia contra la mujer (\u201cConvenci\u00f3n de Bel\u00e9m Do Par\u00e1\u201d) y destac\u00f3 que ello impone asegurar la realizaci\u00f3n del debate oral.<\/h3>\n<h3>Tambi\u00e9n, estim\u00f3 lo previsto en la Convenci\u00f3n de Derechos del Ni\u00f1o, \u201cque nos obliga a tener en cuenta en cualquier decisi\u00f3n jurisdiccional que tomemos, el Inter\u00e9s Superior del Ni\u00f1o\u201d.<\/h3>\n<h3>A continuaci\u00f3n, la magistrada estim\u00f3 que la medida de coerci\u00f3n del acusado es absolutamente necesaria para salvaguardar los fines del proceso, porque es la \u00fanica manera de evitar que el presunto autor del delito enrostrado intente obstaculizar la realizaci\u00f3n del juicio, alterando su curso. Pero, consider\u00f3 que necesariamente la medida de coerci\u00f3n debe ser morigerada, atento lo expresado durante la audiencia por la Defensora de Juicio, Dra. Roc\u00edo Mediavilla.<\/h3>\n<h3>Cabe se\u00f1alar que durante el desarrollo de la audiencia la Defensora de Juicio acompa\u00f1\u00f3 la historia cl\u00ednica del acusado, la cual no fue objetada por las partes, y que ha sido emitida por instituciones P\u00fablicas, el Servicio Penitenciario Provincial y el Hospital Ram\u00f3n Carrillo.<\/h3>\n<h3>Por \u00faltimo, la Dra. Ehrlich consider\u00f3 que los riesgos procesales relativos a que el condenado pueda eludir la acci\u00f3n de la justicia, se ver\u00e1n neutralizados a partir de la adopci\u00f3n de medidas como:\u00a0 la obligaci\u00f3n de residir de forma permanente en el domicilio ofrecido, del cual no podr\u00e1 ausentarse sin previa autorizaci\u00f3n del Tribunal o salvo estrictas y justificadas razones de salud que resulten impostergables; la prohibici\u00f3n de salidas del pa\u00eds, entre otras.<\/h3>\n<h3>Mediante la resoluci\u00f3n, la Justicia dispuso tambi\u00e9n que el acusado no podr\u00e1 movilizarse sin autorizaci\u00f3n expresa del Tribunal, con excepci\u00f3n de estudios m\u00e9dicos, internaciones y\/o consultas referidas a su salud que tengan car\u00e1cter de URGENTE, en cuyo caso deber\u00e1 comunicar y acreditar dichos extremos ante el Tribunal, estableciendo el horario de egreso e ingreso a su domicilio.\u00a0 Asimismo, se fij\u00f3 qui\u00e9nes ser\u00e1n sus tutores legales y se dispuso que el acusado deber\u00e1 abstenerse de realizar actos molestos o de hostigamiento y\/o efectuar comunicaciones de cualquier \u00edndole y por cualquier medio, incluso mensajes de texto, Facebook, WhatsApp y otras redes sociales o cualquier medio de comunicaci\u00f3n, con la presunta v\u00edctima y su familia.<\/h3>\n<h3>Tambi\u00e9n, se orden\u00f3 que personal policial se constituya en el domicilio donde se cumplir\u00e1 la prisi\u00f3n preventiva, con una frecuencia diaria, y en distintos horarios a fin de constatar la presencia del imputado.<\/h3>\n<h3>Asimismo, se le hizo saber al acusado que la simple constataci\u00f3n del incumplimiento de las obligaciones impuestas, casos de inconducta, salidas sin la debida autorizaci\u00f3n de su domicilio, o ingesta de bebidas alcoh\u00f3licas o consumo de drogas o estupefacientes, conllevar\u00e1 la revocaci\u00f3n en forma inmediata y sin m\u00e1s tr\u00e1mite de la Prisi\u00f3n Domiciliaria concedida, debiendo ser dispuesto su inmediato alojamiento en el Servicio Penitenciario Provincial.<\/h3>\n<h3>Cabe se\u00f1alar que, atento razones funcionales y seg\u00fan lo informado por la Directora de la Oficina Judicial del Colegio de Jueces en lo Penal de la Segunda Circunscripci\u00f3n Judicial, Dra. Karina Cabral, la fecha del debate oral en esta causa fue fijada para el mes de abril del 2025 sin embargo, atento la agenda de los jueces que conformar\u00e1n este Tribunal se reprogram\u00f3 para el 02 de junio del 2025. El tribunal estar\u00e1 conformado por la Dra. Cintia Martin como Presidente y los Dres.\u00a0 Hugo Saa Petrino \u2013 primer vocal \u2013 y Ariel Parrilis \u2013 segundo vocal-.<\/h3>\n<h3><\/h3>\n<h3><\/h3>\n<p>&nbsp;<\/p>\n<p>&nbsp;<\/p>\n<p>&nbsp;<\/p>\n<h3><\/h3>\n<h3><\/h3>\n","protected":false},"excerpt":{"rendered":"<p>En una audiencia que se celebr\u00f3 el pasado viernes, la sala unipersonal del Colegio de&#8230;<\/p>\n","protected":false},"author":1,"featured_media":24834,"comment_status":"closed","ping_status":"closed","sticky":false,"template":"","format":"standard","meta":{"footnotes":""},"categories":[6],"tags":[],"class_list":["post-24832","post","type-post","status-publish","format-standard","has-post-thumbnail","hentry","category-ciudad-provincia"],"yoast_head":"<!-- This site is optimized with the Yoast SEO plugin v26.1.1 - https:\/\/yoast.com\/wordpress\/plugins\/seo\/ -->\n<title>FUNDAMENTAN PRISI\u00d3N DOMICILIARIA A ACUSADO DE ABUSO SEXUAL - Apuntes de San Luis<\/title>\n<meta name=\"robots\" content=\"index, follow, max-snippet:-1, max-image-preview:large, max-video-preview:-1\" \/>\n<link rel=\"canonical\" href=\"https:\/\/apuntesdesanluis.com\/index.php\/2024\/11\/04\/fundamentan-prision-domiciliaria-a-acusado-de-abuso-sexual\/\" \/>\n<meta property=\"og:locale\" content=\"es_ES\" \/>\n<meta property=\"og:type\" content=\"article\" \/>\n<meta property=\"og:title\" content=\"FUNDAMENTAN PRISI\u00d3N DOMICILIARIA A ACUSADO DE ABUSO SEXUAL - Apuntes de San Luis\" \/>\n<meta property=\"og:description\" content=\"En una audiencia que se celebr\u00f3 el pasado viernes, la sala unipersonal del Colegio de...\" \/>\n<meta property=\"og:url\" content=\"https:\/\/apuntesdesanluis.com\/index.php\/2024\/11\/04\/fundamentan-prision-domiciliaria-a-acusado-de-abuso-sexual\/\" \/>\n<meta property=\"og:site_name\" content=\"Apuntes de San Luis\" \/>\n<meta property=\"article:published_time\" content=\"2024-11-04T17:15:57+00:00\" \/>\n<meta property=\"article:modified_time\" content=\"2024-11-05T00:26:59+00:00\" \/>\n<meta property=\"og:image\" content=\"https:\/\/apuntesdesanluis.com\/wp-content\/uploads\/2024\/11\/tribunales.png\" \/>\n\t<meta property=\"og:image:width\" content=\"647\" \/>\n\t<meta property=\"og:image:height\" content=\"412\" \/>\n\t<meta property=\"og:image:type\" content=\"image\/png\" \/>\n<meta name=\"author\" content=\"apuntesdesanluis.com\" \/>\n<meta name=\"twitter:card\" content=\"summary_large_image\" \/>\n<meta name=\"twitter:label1\" content=\"Escrito por\" \/>\n\t<meta name=\"twitter:data1\" content=\"apuntesdesanluis.com\" \/>\n\t<meta name=\"twitter:label2\" content=\"Tiempo de lectura\" \/>\n\t<meta name=\"twitter:data2\" content=\"6 minutos\" \/>\n<script type=\"application\/ld+json\" class=\"yoast-schema-graph\">{\"@context\":\"https:\/\/schema.org\",\"@graph\":[{\"@type\":\"Article\",\"@id\":\"https:\/\/apuntesdesanluis.com\/index.php\/2024\/11\/04\/fundamentan-prision-domiciliaria-a-acusado-de-abuso-sexual\/#article\",\"isPartOf\":{\"@id\":\"https:\/\/apuntesdesanluis.com\/index.php\/2024\/11\/04\/fundamentan-prision-domiciliaria-a-acusado-de-abuso-sexual\/\"},\"author\":{\"name\":\"apuntesdesanluis.com\",\"@id\":\"https:\/\/apuntesdesanluis.com\/#\/schema\/person\/b55151d52296fcce64d1a72538a70b90\"},\"headline\":\"FUNDAMENTAN PRISI\u00d3N DOMICILIARIA A ACUSADO DE ABUSO SEXUAL\",\"datePublished\":\"2024-11-04T17:15:57+00:00\",\"dateModified\":\"2024-11-05T00:26:59+00:00\",\"mainEntityOfPage\":{\"@id\":\"https:\/\/apuntesdesanluis.com\/index.php\/2024\/11\/04\/fundamentan-prision-domiciliaria-a-acusado-de-abuso-sexual\/\"},\"wordCount\":1194,\"publisher\":{\"@id\":\"https:\/\/apuntesdesanluis.com\/#\/schema\/person\/b55151d52296fcce64d1a72538a70b90\"},\"image\":{\"@id\":\"https:\/\/apuntesdesanluis.com\/index.php\/2024\/11\/04\/fundamentan-prision-domiciliaria-a-acusado-de-abuso-sexual\/#primaryimage\"},\"thumbnailUrl\":\"https:\/\/apuntesdesanluis.com\/wp-content\/uploads\/2024\/11\/tribunales.png\",\"articleSection\":[\"Ciudad\/Provincia\"],\"inLanguage\":\"es-AR\"},{\"@type\":\"WebPage\",\"@id\":\"https:\/\/apuntesdesanluis.com\/index.php\/2024\/11\/04\/fundamentan-prision-domiciliaria-a-acusado-de-abuso-sexual\/\",\"url\":\"https:\/\/apuntesdesanluis.com\/index.php\/2024\/11\/04\/fundamentan-prision-domiciliaria-a-acusado-de-abuso-sexual\/\",\"name\":\"FUNDAMENTAN PRISI\u00d3N DOMICILIARIA A ACUSADO DE ABUSO SEXUAL - Apuntes de San Luis\",\"isPartOf\":{\"@id\":\"https:\/\/apuntesdesanluis.com\/#website\"},\"primaryImageOfPage\":{\"@id\":\"https:\/\/apuntesdesanluis.com\/index.php\/2024\/11\/04\/fundamentan-prision-domiciliaria-a-acusado-de-abuso-sexual\/#primaryimage\"},\"image\":{\"@id\":\"https:\/\/apuntesdesanluis.com\/index.php\/2024\/11\/04\/fundamentan-prision-domiciliaria-a-acusado-de-abuso-sexual\/#primaryimage\"},\"thumbnailUrl\":\"https:\/\/apuntesdesanluis.com\/wp-content\/uploads\/2024\/11\/tribunales.png\",\"datePublished\":\"2024-11-04T17:15:57+00:00\",\"dateModified\":\"2024-11-05T00:26:59+00:00\",\"breadcrumb\":{\"@id\":\"https:\/\/apuntesdesanluis.com\/index.php\/2024\/11\/04\/fundamentan-prision-domiciliaria-a-acusado-de-abuso-sexual\/#breadcrumb\"},\"inLanguage\":\"es-AR\",\"potentialAction\":[{\"@type\":\"ReadAction\",\"target\":[\"https:\/\/apuntesdesanluis.com\/index.php\/2024\/11\/04\/fundamentan-prision-domiciliaria-a-acusado-de-abuso-sexual\/\"]}]},{\"@type\":\"ImageObject\",\"inLanguage\":\"es-AR\",\"@id\":\"https:\/\/apuntesdesanluis.com\/index.php\/2024\/11\/04\/fundamentan-prision-domiciliaria-a-acusado-de-abuso-sexual\/#primaryimage\",\"url\":\"https:\/\/apuntesdesanluis.com\/wp-content\/uploads\/2024\/11\/tribunales.png\",\"contentUrl\":\"https:\/\/apuntesdesanluis.com\/wp-content\/uploads\/2024\/11\/tribunales.png\",\"width\":647,\"height\":412},{\"@type\":\"BreadcrumbList\",\"@id\":\"https:\/\/apuntesdesanluis.com\/index.php\/2024\/11\/04\/fundamentan-prision-domiciliaria-a-acusado-de-abuso-sexual\/#breadcrumb\",\"itemListElement\":[{\"@type\":\"ListItem\",\"position\":1,\"name\":\"Inicio\",\"item\":\"https:\/\/apuntesdesanluis.com\/\"},{\"@type\":\"ListItem\",\"position\":2,\"name\":\"FUNDAMENTAN PRISI\u00d3N DOMICILIARIA A ACUSADO DE ABUSO SEXUAL\"}]},{\"@type\":\"WebSite\",\"@id\":\"https:\/\/apuntesdesanluis.com\/#website\",\"url\":\"https:\/\/apuntesdesanluis.com\/\",\"name\":\"Apuntes de San Luis\",\"description\":\"\",\"publisher\":{\"@id\":\"https:\/\/apuntesdesanluis.com\/#\/schema\/person\/b55151d52296fcce64d1a72538a70b90\"},\"potentialAction\":[{\"@type\":\"SearchAction\",\"target\":{\"@type\":\"EntryPoint\",\"urlTemplate\":\"https:\/\/apuntesdesanluis.com\/?s={search_term_string}\"},\"query-input\":{\"@type\":\"PropertyValueSpecification\",\"valueRequired\":true,\"valueName\":\"search_term_string\"}}],\"inLanguage\":\"es-AR\"},{\"@type\":[\"Person\",\"Organization\"],\"@id\":\"https:\/\/apuntesdesanluis.com\/#\/schema\/person\/b55151d52296fcce64d1a72538a70b90\",\"name\":\"apuntesdesanluis.com\",\"image\":{\"@type\":\"ImageObject\",\"inLanguage\":\"es-AR\",\"@id\":\"https:\/\/apuntesdesanluis.com\/#\/schema\/person\/image\/\",\"url\":\"https:\/\/apuntesdesanluis.com\/wp-content\/uploads\/2023\/07\/cropped-apuntesdesanluis.png\",\"contentUrl\":\"https:\/\/apuntesdesanluis.com\/wp-content\/uploads\/2023\/07\/cropped-apuntesdesanluis.png\",\"width\":450,\"height\":112,\"caption\":\"apuntesdesanluis.com\"},\"logo\":{\"@id\":\"https:\/\/apuntesdesanluis.com\/#\/schema\/person\/image\/\"},\"sameAs\":[\"https:\/\/apuntesdesanluis.com\"],\"url\":\"https:\/\/apuntesdesanluis.com\/index.php\/author\/apuntesdesanluis-com\/\"}]}<\/script>\n<!-- \/ Yoast SEO plugin. -->","yoast_head_json":{"title":"FUNDAMENTAN PRISI\u00d3N DOMICILIARIA A ACUSADO DE ABUSO SEXUAL - Apuntes de San Luis","robots":{"index":"index","follow":"follow","max-snippet":"max-snippet:-1","max-image-preview":"max-image-preview:large","max-video-preview":"max-video-preview:-1"},"canonical":"https:\/\/apuntesdesanluis.com\/index.php\/2024\/11\/04\/fundamentan-prision-domiciliaria-a-acusado-de-abuso-sexual\/","og_locale":"es_ES","og_type":"article","og_title":"FUNDAMENTAN PRISI\u00d3N DOMICILIARIA A ACUSADO DE ABUSO SEXUAL - Apuntes de San Luis","og_description":"En una audiencia que se celebr\u00f3 el pasado viernes, la sala unipersonal del Colegio de...","og_url":"https:\/\/apuntesdesanluis.com\/index.php\/2024\/11\/04\/fundamentan-prision-domiciliaria-a-acusado-de-abuso-sexual\/","og_site_name":"Apuntes de San Luis","article_published_time":"2024-11-04T17:15:57+00:00","article_modified_time":"2024-11-05T00:26:59+00:00","og_image":[{"width":647,"height":412,"url":"https:\/\/apuntesdesanluis.com\/wp-content\/uploads\/2024\/11\/tribunales.png","type":"image\/png"}],"author":"apuntesdesanluis.com","twitter_card":"summary_large_image","twitter_misc":{"Escrito por":"apuntesdesanluis.com","Tiempo de lectura":"6 minutos"},"schema":{"@context":"https:\/\/schema.org","@graph":[{"@type":"Article","@id":"https:\/\/apuntesdesanluis.com\/index.php\/2024\/11\/04\/fundamentan-prision-domiciliaria-a-acusado-de-abuso-sexual\/#article","isPartOf":{"@id":"https:\/\/apuntesdesanluis.com\/index.php\/2024\/11\/04\/fundamentan-prision-domiciliaria-a-acusado-de-abuso-sexual\/"},"author":{"name":"apuntesdesanluis.com","@id":"https:\/\/apuntesdesanluis.com\/#\/schema\/person\/b55151d52296fcce64d1a72538a70b90"},"headline":"FUNDAMENTAN PRISI\u00d3N DOMICILIARIA A ACUSADO DE ABUSO SEXUAL","datePublished":"2024-11-04T17:15:57+00:00","dateModified":"2024-11-05T00:26:59+00:00","mainEntityOfPage":{"@id":"https:\/\/apuntesdesanluis.com\/index.php\/2024\/11\/04\/fundamentan-prision-domiciliaria-a-acusado-de-abuso-sexual\/"},"wordCount":1194,"publisher":{"@id":"https:\/\/apuntesdesanluis.com\/#\/schema\/person\/b55151d52296fcce64d1a72538a70b90"},"image":{"@id":"https:\/\/apuntesdesanluis.com\/index.php\/2024\/11\/04\/fundamentan-prision-domiciliaria-a-acusado-de-abuso-sexual\/#primaryimage"},"thumbnailUrl":"https:\/\/apuntesdesanluis.com\/wp-content\/uploads\/2024\/11\/tribunales.png","articleSection":["Ciudad\/Provincia"],"inLanguage":"es-AR"},{"@type":"WebPage","@id":"https:\/\/apuntesdesanluis.com\/index.php\/2024\/11\/04\/fundamentan-prision-domiciliaria-a-acusado-de-abuso-sexual\/","url":"https:\/\/apuntesdesanluis.com\/index.php\/2024\/11\/04\/fundamentan-prision-domiciliaria-a-acusado-de-abuso-sexual\/","name":"FUNDAMENTAN PRISI\u00d3N DOMICILIARIA A ACUSADO DE ABUSO SEXUAL - Apuntes de San Luis","isPartOf":{"@id":"https:\/\/apuntesdesanluis.com\/#website"},"primaryImageOfPage":{"@id":"https:\/\/apuntesdesanluis.com\/index.php\/2024\/11\/04\/fundamentan-prision-domiciliaria-a-acusado-de-abuso-sexual\/#primaryimage"},"image":{"@id":"https:\/\/apuntesdesanluis.com\/index.php\/2024\/11\/04\/fundamentan-prision-domiciliaria-a-acusado-de-abuso-sexual\/#primaryimage"},"thumbnailUrl":"https:\/\/apuntesdesanluis.com\/wp-content\/uploads\/2024\/11\/tribunales.png","datePublished":"2024-11-04T17:15:57+00:00","dateModified":"2024-11-05T00:26:59+00:00","breadcrumb":{"@id":"https:\/\/apuntesdesanluis.com\/index.php\/2024\/11\/04\/fundamentan-prision-domiciliaria-a-acusado-de-abuso-sexual\/#breadcrumb"},"inLanguage":"es-AR","potentialAction":[{"@type":"ReadAction","target":["https:\/\/apuntesdesanluis.com\/index.php\/2024\/11\/04\/fundamentan-prision-domiciliaria-a-acusado-de-abuso-sexual\/"]}]},{"@type":"ImageObject","inLanguage":"es-AR","@id":"https:\/\/apuntesdesanluis.com\/index.php\/2024\/11\/04\/fundamentan-prision-domiciliaria-a-acusado-de-abuso-sexual\/#primaryimage","url":"https:\/\/apuntesdesanluis.com\/wp-content\/uploads\/2024\/11\/tribunales.png","contentUrl":"https:\/\/apuntesdesanluis.com\/wp-content\/uploads\/2024\/11\/tribunales.png","width":647,"height":412},{"@type":"BreadcrumbList","@id":"https:\/\/apuntesdesanluis.com\/index.php\/2024\/11\/04\/fundamentan-prision-domiciliaria-a-acusado-de-abuso-sexual\/#breadcrumb","itemListElement":[{"@type":"ListItem","position":1,"name":"Inicio","item":"https:\/\/apuntesdesanluis.com\/"},{"@type":"ListItem","position":2,"name":"FUNDAMENTAN PRISI\u00d3N DOMICILIARIA A ACUSADO DE ABUSO SEXUAL"}]},{"@type":"WebSite","@id":"https:\/\/apuntesdesanluis.com\/#website","url":"https:\/\/apuntesdesanluis.com\/","name":"Apuntes de San Luis","description":"","publisher":{"@id":"https:\/\/apuntesdesanluis.com\/#\/schema\/person\/b55151d52296fcce64d1a72538a70b90"},"potentialAction":[{"@type":"SearchAction","target":{"@type":"EntryPoint","urlTemplate":"https:\/\/apuntesdesanluis.com\/?s={search_term_string}"},"query-input":{"@type":"PropertyValueSpecification","valueRequired":true,"valueName":"search_term_string"}}],"inLanguage":"es-AR"},{"@type":["Person","Organization"],"@id":"https:\/\/apuntesdesanluis.com\/#\/schema\/person\/b55151d52296fcce64d1a72538a70b90","name":"apuntesdesanluis.com","image":{"@type":"ImageObject","inLanguage":"es-AR","@id":"https:\/\/apuntesdesanluis.com\/#\/schema\/person\/image\/","url":"https:\/\/apuntesdesanluis.com\/wp-content\/uploads\/2023\/07\/cropped-apuntesdesanluis.png","contentUrl":"https:\/\/apuntesdesanluis.com\/wp-content\/uploads\/2023\/07\/cropped-apuntesdesanluis.png","width":450,"height":112,"caption":"apuntesdesanluis.com"},"logo":{"@id":"https:\/\/apuntesdesanluis.com\/#\/schema\/person\/image\/"},"sameAs":["https:\/\/apuntesdesanluis.com"],"url":"https:\/\/apuntesdesanluis.com\/index.php\/author\/apuntesdesanluis-com\/"}]}},"featured_image_urls":{"full":["https:\/\/apuntesdesanluis.com\/wp-content\/uploads\/2024\/11\/tribunales.png",647,412,false],"thumbnail":["https:\/\/apuntesdesanluis.com\/wp-content\/uploads\/2024\/11\/tribunales-150x150.png",150,150,true],"medium":["https:\/\/apuntesdesanluis.com\/wp-content\/uploads\/2024\/11\/tribunales-300x191.png",300,191,true],"medium_large":["https:\/\/apuntesdesanluis.com\/wp-content\/uploads\/2024\/11\/tribunales.png",640,408,false],"large":["https:\/\/apuntesdesanluis.com\/wp-content\/uploads\/2024\/11\/tribunales.png",640,408,false],"1536x1536":["https:\/\/apuntesdesanluis.com\/wp-content\/uploads\/2024\/11\/tribunales.png",647,412,false],"2048x2048":["https:\/\/apuntesdesanluis.com\/wp-content\/uploads\/2024\/11\/tribunales.png",647,412,false],"newsever-slider-full":["https:\/\/apuntesdesanluis.com\/wp-content\/uploads\/2024\/11\/tribunales.png",647,412,false],"newsever-featured":["https:\/\/apuntesdesanluis.com\/wp-content\/uploads\/2024\/11\/tribunales.png",647,412,false],"newsever-medium":["https:\/\/apuntesdesanluis.com\/wp-content\/uploads\/2024\/11\/tribunales.png",647,412,false]},"author_info":{"display_name":"apuntesdesanluis.com","author_link":"https:\/\/apuntesdesanluis.com\/index.php\/author\/apuntesdesanluis-com\/"},"category_info":"<a href=\"https:\/\/apuntesdesanluis.com\/index.php\/category\/ciudad-provincia\/\" rel=\"category tag\">Ciudad\/Provincia<\/a>","tag_info":"Ciudad\/Provincia","comment_count":"0","_links":{"self":[{"href":"https:\/\/apuntesdesanluis.com\/index.php\/wp-json\/wp\/v2\/posts\/24832","targetHints":{"allow":["GET"]}}],"collection":[{"href":"https:\/\/apuntesdesanluis.com\/index.php\/wp-json\/wp\/v2\/posts"}],"about":[{"href":"https:\/\/apuntesdesanluis.com\/index.php\/wp-json\/wp\/v2\/types\/post"}],"author":[{"embeddable":true,"href":"https:\/\/apuntesdesanluis.com\/index.php\/wp-json\/wp\/v2\/users\/1"}],"replies":[{"embeddable":true,"href":"https:\/\/apuntesdesanluis.com\/index.php\/wp-json\/wp\/v2\/comments?post=24832"}],"version-history":[{"count":3,"href":"https:\/\/apuntesdesanluis.com\/index.php\/wp-json\/wp\/v2\/posts\/24832\/revisions"}],"predecessor-version":[{"id":24867,"href":"https:\/\/apuntesdesanluis.com\/index.php\/wp-json\/wp\/v2\/posts\/24832\/revisions\/24867"}],"wp:featuredmedia":[{"embeddable":true,"href":"https:\/\/apuntesdesanluis.com\/index.php\/wp-json\/wp\/v2\/media\/24834"}],"wp:attachment":[{"href":"https:\/\/apuntesdesanluis.com\/index.php\/wp-json\/wp\/v2\/media?parent=24832"}],"wp:term":[{"taxonomy":"category","embeddable":true,"href":"https:\/\/apuntesdesanluis.com\/index.php\/wp-json\/wp\/v2\/categories?post=24832"},{"taxonomy":"post_tag","embeddable":true,"href":"https:\/\/apuntesdesanluis.com\/index.php\/wp-json\/wp\/v2\/tags?post=24832"}],"curies":[{"name":"wp","href":"https:\/\/api.w.org\/{rel}","templated":true}]}}