{"id":24840,"date":"2024-11-04T19:08:18","date_gmt":"2024-11-04T22:08:18","guid":{"rendered":"https:\/\/apuntesdesanluis.com\/?p=24840"},"modified":"2024-11-04T19:08:18","modified_gmt":"2024-11-04T22:08:18","slug":"gerardo-werthein-juro-sobre-la-tora-como-canciller","status":"publish","type":"post","link":"https:\/\/apuntesdesanluis.com\/index.php\/2024\/11\/04\/gerardo-werthein-juro-sobre-la-tora-como-canciller\/","title":{"rendered":"GERARDO WERTHEIN JUR\u00d3 SOBRE LA TOR\u00c1 COMO CANCILLER"},"content":{"rendered":"<h3>Pasadas las 18.30, en el Sal\u00f3n Blanco de la Casa Rosada, <strong>Javier Milei<\/strong> le tom\u00f3 juramento a <strong>Gerardo Werthein<\/strong> como nuevo Canciller de la Argentina en reemplazo de <strong>Diana Mondino<\/strong>. El flamante funcionario jur\u00f3 sobre <strong>La Tor\u00e1<\/strong>, el libro de la ley de los jud\u00edos, por lo que el Presidente aprovech\u00f3 para decir unas palabras al respecto.\u00a0\u201cTe est\u00e1n mandando se\u00f1ales las fuerzas del cielo\u201d, le dijo el jefe de Estado a Werthein.<\/h3>\n<h3>El presidente Milei vincul\u00f3 su discurso a la lectura b\u00edblica que simboliza el inicio del viaje de Abraham para llevar mensajes de fe y libertad al mundo. El l\u00edder libertario afirm\u00f3 que esta coincidencia era una \u201cse\u00f1al del cielo\u201d y describi\u00f3 la responsabilidad de Werthein como una misi\u00f3n internacional inspirada en valores religiosos, destacando una fuerte simbolog\u00eda espiritual en la diplomacia que \u00e9l aspira impulsar.<\/h3>\n<h3>En efecto, el jefe de Estado lo explic\u00f3 de la siguiente manera: \u201cHemos salido del formato tradicional. Me pareci\u00f3 pertinente y apropiado hablar sobre la Parashat de esta semana, que es la Parashat Lej Lej\u00e1\u201d, introdujo el mandatario.<\/h3>\n<h3>Luego agreg\u00f3: \u201ces interesante lo que se\u00f1ala, te est\u00e1n mandando se\u00f1ales las fuerzas del cielo, Gerardo, porque se habla de los comienzos de los viajes de Abraham por todo el mundo, difundiendo los mensajes del creador\u201d.<\/h3>\n<p><img fetchpriority=\"high\" decoding=\"async\" class=\"wp-image-20523 aligncenter\" src=\"https:\/\/apuntesdesanluis.com\/wp-content\/uploads\/2024\/08\/mondino-300x182.png\" alt=\"\" width=\"732\" height=\"444\" srcset=\"https:\/\/apuntesdesanluis.com\/wp-content\/uploads\/2024\/08\/mondino-300x182.png 300w, https:\/\/apuntesdesanluis.com\/wp-content\/uploads\/2024\/08\/mondino.png 692w\" sizes=\"(max-width: 732px) 100vw, 732px\" \/><\/p>\n<h4 style=\"text-align: center;\"><em>La ex canciller Diana Mondino, que podr\u00eda ocupar otro lugar seg\u00fan admiti\u00f3 Guillermo Francos.<\/em><\/h4>\n<h3>\u201cDios le dice que va a tener mucha influencia en las naciones del mundo, d\u00e1ndole una responsabilidad importante para llevar los mensajes de la Tor\u00e1, de la vida y la libertad al mundo entero. Incluso, interactuar\u00e1 con otras naciones Abraham en esta Parash\u00e1t\u201d, continu\u00f3 al presidente trazando una analog\u00eda con las tareas que deber\u00e1 desempe\u00f1ar el flamante ministro de Relaciones Exteriores argentino.<\/h3>\n<h3>Durante el acto de asunci\u00f3n estuvieron presentes integrantes del gabinete nacional junto a integrantes del entorno cercano al empresario, que hasta el momento se desempe\u00f1aba como embajador de Argentina en los Estados Unidos.<\/h3>\n<h3>Tras concretarse la ceremonia, Werthein qued\u00f3 formalmente en funciones para continuar con una agenda que ya hab\u00eda tenido las primeras novedades: en una de sus primeras medidas el flamante canciller pidi\u00f3 las renuncias de secretarios y subsecretarios de la cartera y anticip\u00f3 que cerrar\u00e1 embajadas.<\/h3>\n<h3><strong>PRIMERAS MEDIDAS<\/strong><\/h3>\n<h3>Quien hasta el momento era embajador en los Estados Unidos llega al nuevo cargo con una primera misi\u00f3n: reducir los gastos diplom\u00e1ticos.<\/h3>\n<h3>Esta idea, que ya ven\u00eda siendo analizada por su antecesora, ser\u00e1 una de las medidas inaugurales de su gesti\u00f3n al frente del Ministerio de Relaciones Exteriores y Culto, que ya ven\u00eda teniendo conflictos con los representantes argentinos en el extranjero.<\/h3>\n<h3>De acuerdo con lo que precisaron oficiales, puntualmente en lo que se avanzar\u00e1 en los pr\u00f3ximos d\u00edas es, por un lado, en el cierre de todas aquellas embajadas y consulados ubicados en los pa\u00edses con los que el Estado no tenga un fuerte v\u00ednculo comercial.<\/h3>\n<h3>En su lugar, el Gobierno dejar\u00eda en esos sitios Agencias Nacionales, que servir\u00e1n como organismo delegado de la Argentina, que continuar\u00e1n con todas las tareas necesarias (tr\u00e1mites y asistencia a ciudadanos que se encuentren all\u00ed), pero con menos personal y financiamiento.<\/h3>\n<h3>Todav\u00eda, sin embargo, no est\u00e1 definida la lista de los edificios que ser\u00e1n dados de baja y en la Casa Rosada insisten en que la misma ser\u00e1 definida por el nuevo canciller una vez que asuma sus funciones.<\/h3>\n<h3>Como principal argumento, la c\u00fapula libertaria se\u00f1ala que, en la actualidad, \u201clos embajadores cobran entre 15 y 20 mil d\u00f3lares por mes, por lo que cada uno de ellos tiene un sueldo promedio de 20 mil d\u00f3lares\u201d, a pesar de que, a su entender, varios de ellos son prescindibles.<\/h3>\n<h3>De hecho, otra de las medidas que se tomar\u00edan a la brevedad, y que saldr\u00e1 por Decreto, es una reforma completa del sistema diplom\u00e1tico, que incluir\u00e1 limitaciones en los gastos que los enviados pueden hacer en concepto de viajes, por ejemplo, adem\u00e1s de una reducci\u00f3n salarial.<\/h3>\n<h3>Por otra parte, Werthein ya tiene definido echar a pr\u00e1cticamente todos los secretarios y subsecretarios designados por Mondino, incluidos Marcelo Cima, de Comercio internacional; Paola Di Chiaro, del \u00e1rea Malvinas, y de Coordinaci\u00f3n y Planificaci\u00f3n, Ernesto Gaspari.<\/h3>\n<h3>Asimismo, les pidi\u00f3 las renuncias a los subsecretarios de Asuntos Latinoamericanos, Mariano Vergara; de Pol\u00edtica Exterior, Marcia Levaggi, de Negociaciones Econ\u00f3micas Internacionales, Gabriel Mart\u00ednez, y de Promoci\u00f3n de Exportaciones, Ramiro Velloso.<\/h3>\n<h3>El \u00fanico que quedar\u00eda vigente, entonces, ser\u00eda el secretario de Culto y Civilizaci\u00f3n, Nahuel Sotelo, un dirigente cercano al Vaticano y hombre de confianza tanto del asesor presidencial Santiago Caputo como de Karina Milei.<\/h3>\n<p>&nbsp;<\/p>\n<p>&nbsp;<\/p>\n<p>&nbsp;<\/p>\n<p>&nbsp;<\/p>\n<p>&nbsp;<\/p>\n<p>&nbsp;<\/p>\n<p>&nbsp;<\/p>\n","protected":false},"excerpt":{"rendered":"<p>Pasadas las 18.30, en el Sal\u00f3n Blanco de la Casa Rosada, Javier Milei le tom\u00f3&#8230;<\/p>\n","protected":false},"author":1,"featured_media":24841,"comment_status":"closed","ping_status":"closed","sticky":false,"template":"","format":"standard","meta":{"footnotes":""},"categories":[5],"tags":[],"class_list":["post-24840","post","type-post","status-publish","format-standard","has-post-thumbnail","hentry","category-nacionales-internacionales"],"yoast_head":"<!-- This site is optimized with the Yoast SEO plugin v26.1.1 - https:\/\/yoast.com\/wordpress\/plugins\/seo\/ -->\n<title>GERARDO WERTHEIN JUR\u00d3 SOBRE LA TOR\u00c1 COMO CANCILLER - Apuntes de San Luis<\/title>\n<meta name=\"robots\" content=\"index, follow, max-snippet:-1, max-image-preview:large, max-video-preview:-1\" \/>\n<link rel=\"canonical\" href=\"https:\/\/apuntesdesanluis.com\/index.php\/2024\/11\/04\/gerardo-werthein-juro-sobre-la-tora-como-canciller\/\" \/>\n<meta property=\"og:locale\" content=\"es_ES\" \/>\n<meta property=\"og:type\" content=\"article\" \/>\n<meta property=\"og:title\" content=\"GERARDO WERTHEIN JUR\u00d3 SOBRE LA TOR\u00c1 COMO CANCILLER - Apuntes de San Luis\" \/>\n<meta property=\"og:description\" content=\"Pasadas las 18.30, en el Sal\u00f3n Blanco de la Casa Rosada, Javier Milei le tom\u00f3...\" \/>\n<meta property=\"og:url\" content=\"https:\/\/apuntesdesanluis.com\/index.php\/2024\/11\/04\/gerardo-werthein-juro-sobre-la-tora-como-canciller\/\" \/>\n<meta property=\"og:site_name\" content=\"Apuntes de San Luis\" \/>\n<meta property=\"article:published_time\" content=\"2024-11-04T22:08:18+00:00\" \/>\n<meta property=\"og:image\" content=\"https:\/\/apuntesdesanluis.com\/wp-content\/uploads\/2024\/11\/JURAMENTO.png\" \/>\n\t<meta property=\"og:image:width\" content=\"1040\" \/>\n\t<meta property=\"og:image:height\" content=\"646\" \/>\n\t<meta property=\"og:image:type\" content=\"image\/png\" \/>\n<meta name=\"author\" content=\"apuntesdesanluis.com\" \/>\n<meta name=\"twitter:card\" content=\"summary_large_image\" \/>\n<meta name=\"twitter:label1\" content=\"Escrito por\" \/>\n\t<meta name=\"twitter:data1\" content=\"apuntesdesanluis.com\" \/>\n\t<meta name=\"twitter:label2\" content=\"Tiempo de lectura\" \/>\n\t<meta name=\"twitter:data2\" content=\"4 minutos\" \/>\n<script type=\"application\/ld+json\" class=\"yoast-schema-graph\">{\"@context\":\"https:\/\/schema.org\",\"@graph\":[{\"@type\":\"Article\",\"@id\":\"https:\/\/apuntesdesanluis.com\/index.php\/2024\/11\/04\/gerardo-werthein-juro-sobre-la-tora-como-canciller\/#article\",\"isPartOf\":{\"@id\":\"https:\/\/apuntesdesanluis.com\/index.php\/2024\/11\/04\/gerardo-werthein-juro-sobre-la-tora-como-canciller\/\"},\"author\":{\"name\":\"apuntesdesanluis.com\",\"@id\":\"https:\/\/apuntesdesanluis.com\/#\/schema\/person\/b55151d52296fcce64d1a72538a70b90\"},\"headline\":\"GERARDO WERTHEIN JUR\u00d3 SOBRE LA TOR\u00c1 COMO CANCILLER\",\"datePublished\":\"2024-11-04T22:08:18+00:00\",\"mainEntityOfPage\":{\"@id\":\"https:\/\/apuntesdesanluis.com\/index.php\/2024\/11\/04\/gerardo-werthein-juro-sobre-la-tora-como-canciller\/\"},\"wordCount\":816,\"publisher\":{\"@id\":\"https:\/\/apuntesdesanluis.com\/#\/schema\/person\/b55151d52296fcce64d1a72538a70b90\"},\"image\":{\"@id\":\"https:\/\/apuntesdesanluis.com\/index.php\/2024\/11\/04\/gerardo-werthein-juro-sobre-la-tora-como-canciller\/#primaryimage\"},\"thumbnailUrl\":\"https:\/\/apuntesdesanluis.com\/wp-content\/uploads\/2024\/11\/JURAMENTO.png\",\"articleSection\":[\"Nacionales\/Internacionales\"],\"inLanguage\":\"es-AR\"},{\"@type\":\"WebPage\",\"@id\":\"https:\/\/apuntesdesanluis.com\/index.php\/2024\/11\/04\/gerardo-werthein-juro-sobre-la-tora-como-canciller\/\",\"url\":\"https:\/\/apuntesdesanluis.com\/index.php\/2024\/11\/04\/gerardo-werthein-juro-sobre-la-tora-como-canciller\/\",\"name\":\"GERARDO WERTHEIN JUR\u00d3 SOBRE LA TOR\u00c1 COMO CANCILLER - Apuntes de San Luis\",\"isPartOf\":{\"@id\":\"https:\/\/apuntesdesanluis.com\/#website\"},\"primaryImageOfPage\":{\"@id\":\"https:\/\/apuntesdesanluis.com\/index.php\/2024\/11\/04\/gerardo-werthein-juro-sobre-la-tora-como-canciller\/#primaryimage\"},\"image\":{\"@id\":\"https:\/\/apuntesdesanluis.com\/index.php\/2024\/11\/04\/gerardo-werthein-juro-sobre-la-tora-como-canciller\/#primaryimage\"},\"thumbnailUrl\":\"https:\/\/apuntesdesanluis.com\/wp-content\/uploads\/2024\/11\/JURAMENTO.png\",\"datePublished\":\"2024-11-04T22:08:18+00:00\",\"breadcrumb\":{\"@id\":\"https:\/\/apuntesdesanluis.com\/index.php\/2024\/11\/04\/gerardo-werthein-juro-sobre-la-tora-como-canciller\/#breadcrumb\"},\"inLanguage\":\"es-AR\",\"potentialAction\":[{\"@type\":\"ReadAction\",\"target\":[\"https:\/\/apuntesdesanluis.com\/index.php\/2024\/11\/04\/gerardo-werthein-juro-sobre-la-tora-como-canciller\/\"]}]},{\"@type\":\"ImageObject\",\"inLanguage\":\"es-AR\",\"@id\":\"https:\/\/apuntesdesanluis.com\/index.php\/2024\/11\/04\/gerardo-werthein-juro-sobre-la-tora-como-canciller\/#primaryimage\",\"url\":\"https:\/\/apuntesdesanluis.com\/wp-content\/uploads\/2024\/11\/JURAMENTO.png\",\"contentUrl\":\"https:\/\/apuntesdesanluis.com\/wp-content\/uploads\/2024\/11\/JURAMENTO.png\",\"width\":1040,\"height\":646},{\"@type\":\"BreadcrumbList\",\"@id\":\"https:\/\/apuntesdesanluis.com\/index.php\/2024\/11\/04\/gerardo-werthein-juro-sobre-la-tora-como-canciller\/#breadcrumb\",\"itemListElement\":[{\"@type\":\"ListItem\",\"position\":1,\"name\":\"Inicio\",\"item\":\"https:\/\/apuntesdesanluis.com\/\"},{\"@type\":\"ListItem\",\"position\":2,\"name\":\"GERARDO WERTHEIN JUR\u00d3 SOBRE LA TOR\u00c1 COMO CANCILLER\"}]},{\"@type\":\"WebSite\",\"@id\":\"https:\/\/apuntesdesanluis.com\/#website\",\"url\":\"https:\/\/apuntesdesanluis.com\/\",\"name\":\"Apuntes de San Luis\",\"description\":\"\",\"publisher\":{\"@id\":\"https:\/\/apuntesdesanluis.com\/#\/schema\/person\/b55151d52296fcce64d1a72538a70b90\"},\"potentialAction\":[{\"@type\":\"SearchAction\",\"target\":{\"@type\":\"EntryPoint\",\"urlTemplate\":\"https:\/\/apuntesdesanluis.com\/?s={search_term_string}\"},\"query-input\":{\"@type\":\"PropertyValueSpecification\",\"valueRequired\":true,\"valueName\":\"search_term_string\"}}],\"inLanguage\":\"es-AR\"},{\"@type\":[\"Person\",\"Organization\"],\"@id\":\"https:\/\/apuntesdesanluis.com\/#\/schema\/person\/b55151d52296fcce64d1a72538a70b90\",\"name\":\"apuntesdesanluis.com\",\"image\":{\"@type\":\"ImageObject\",\"inLanguage\":\"es-AR\",\"@id\":\"https:\/\/apuntesdesanluis.com\/#\/schema\/person\/image\/\",\"url\":\"https:\/\/apuntesdesanluis.com\/wp-content\/uploads\/2023\/07\/cropped-apuntesdesanluis.png\",\"contentUrl\":\"https:\/\/apuntesdesanluis.com\/wp-content\/uploads\/2023\/07\/cropped-apuntesdesanluis.png\",\"width\":450,\"height\":112,\"caption\":\"apuntesdesanluis.com\"},\"logo\":{\"@id\":\"https:\/\/apuntesdesanluis.com\/#\/schema\/person\/image\/\"},\"sameAs\":[\"https:\/\/apuntesdesanluis.com\"],\"url\":\"https:\/\/apuntesdesanluis.com\/index.php\/author\/apuntesdesanluis-com\/\"}]}<\/script>\n<!-- \/ Yoast SEO plugin. -->","yoast_head_json":{"title":"GERARDO WERTHEIN JUR\u00d3 SOBRE LA TOR\u00c1 COMO CANCILLER - Apuntes de San Luis","robots":{"index":"index","follow":"follow","max-snippet":"max-snippet:-1","max-image-preview":"max-image-preview:large","max-video-preview":"max-video-preview:-1"},"canonical":"https:\/\/apuntesdesanluis.com\/index.php\/2024\/11\/04\/gerardo-werthein-juro-sobre-la-tora-como-canciller\/","og_locale":"es_ES","og_type":"article","og_title":"GERARDO WERTHEIN JUR\u00d3 SOBRE LA TOR\u00c1 COMO CANCILLER - Apuntes de San Luis","og_description":"Pasadas las 18.30, en el Sal\u00f3n Blanco de la Casa Rosada, Javier Milei le tom\u00f3...","og_url":"https:\/\/apuntesdesanluis.com\/index.php\/2024\/11\/04\/gerardo-werthein-juro-sobre-la-tora-como-canciller\/","og_site_name":"Apuntes de San Luis","article_published_time":"2024-11-04T22:08:18+00:00","og_image":[{"width":1040,"height":646,"url":"https:\/\/apuntesdesanluis.com\/wp-content\/uploads\/2024\/11\/JURAMENTO.png","type":"image\/png"}],"author":"apuntesdesanluis.com","twitter_card":"summary_large_image","twitter_misc":{"Escrito por":"apuntesdesanluis.com","Tiempo de lectura":"4 minutos"},"schema":{"@context":"https:\/\/schema.org","@graph":[{"@type":"Article","@id":"https:\/\/apuntesdesanluis.com\/index.php\/2024\/11\/04\/gerardo-werthein-juro-sobre-la-tora-como-canciller\/#article","isPartOf":{"@id":"https:\/\/apuntesdesanluis.com\/index.php\/2024\/11\/04\/gerardo-werthein-juro-sobre-la-tora-como-canciller\/"},"author":{"name":"apuntesdesanluis.com","@id":"https:\/\/apuntesdesanluis.com\/#\/schema\/person\/b55151d52296fcce64d1a72538a70b90"},"headline":"GERARDO WERTHEIN JUR\u00d3 SOBRE LA TOR\u00c1 COMO CANCILLER","datePublished":"2024-11-04T22:08:18+00:00","mainEntityOfPage":{"@id":"https:\/\/apuntesdesanluis.com\/index.php\/2024\/11\/04\/gerardo-werthein-juro-sobre-la-tora-como-canciller\/"},"wordCount":816,"publisher":{"@id":"https:\/\/apuntesdesanluis.com\/#\/schema\/person\/b55151d52296fcce64d1a72538a70b90"},"image":{"@id":"https:\/\/apuntesdesanluis.com\/index.php\/2024\/11\/04\/gerardo-werthein-juro-sobre-la-tora-como-canciller\/#primaryimage"},"thumbnailUrl":"https:\/\/apuntesdesanluis.com\/wp-content\/uploads\/2024\/11\/JURAMENTO.png","articleSection":["Nacionales\/Internacionales"],"inLanguage":"es-AR"},{"@type":"WebPage","@id":"https:\/\/apuntesdesanluis.com\/index.php\/2024\/11\/04\/gerardo-werthein-juro-sobre-la-tora-como-canciller\/","url":"https:\/\/apuntesdesanluis.com\/index.php\/2024\/11\/04\/gerardo-werthein-juro-sobre-la-tora-como-canciller\/","name":"GERARDO WERTHEIN JUR\u00d3 SOBRE LA TOR\u00c1 COMO CANCILLER - Apuntes de San Luis","isPartOf":{"@id":"https:\/\/apuntesdesanluis.com\/#website"},"primaryImageOfPage":{"@id":"https:\/\/apuntesdesanluis.com\/index.php\/2024\/11\/04\/gerardo-werthein-juro-sobre-la-tora-como-canciller\/#primaryimage"},"image":{"@id":"https:\/\/apuntesdesanluis.com\/index.php\/2024\/11\/04\/gerardo-werthein-juro-sobre-la-tora-como-canciller\/#primaryimage"},"thumbnailUrl":"https:\/\/apuntesdesanluis.com\/wp-content\/uploads\/2024\/11\/JURAMENTO.png","datePublished":"2024-11-04T22:08:18+00:00","breadcrumb":{"@id":"https:\/\/apuntesdesanluis.com\/index.php\/2024\/11\/04\/gerardo-werthein-juro-sobre-la-tora-como-canciller\/#breadcrumb"},"inLanguage":"es-AR","potentialAction":[{"@type":"ReadAction","target":["https:\/\/apuntesdesanluis.com\/index.php\/2024\/11\/04\/gerardo-werthein-juro-sobre-la-tora-como-canciller\/"]}]},{"@type":"ImageObject","inLanguage":"es-AR","@id":"https:\/\/apuntesdesanluis.com\/index.php\/2024\/11\/04\/gerardo-werthein-juro-sobre-la-tora-como-canciller\/#primaryimage","url":"https:\/\/apuntesdesanluis.com\/wp-content\/uploads\/2024\/11\/JURAMENTO.png","contentUrl":"https:\/\/apuntesdesanluis.com\/wp-content\/uploads\/2024\/11\/JURAMENTO.png","width":1040,"height":646},{"@type":"BreadcrumbList","@id":"https:\/\/apuntesdesanluis.com\/index.php\/2024\/11\/04\/gerardo-werthein-juro-sobre-la-tora-como-canciller\/#breadcrumb","itemListElement":[{"@type":"ListItem","position":1,"name":"Inicio","item":"https:\/\/apuntesdesanluis.com\/"},{"@type":"ListItem","position":2,"name":"GERARDO WERTHEIN JUR\u00d3 SOBRE LA TOR\u00c1 COMO CANCILLER"}]},{"@type":"WebSite","@id":"https:\/\/apuntesdesanluis.com\/#website","url":"https:\/\/apuntesdesanluis.com\/","name":"Apuntes de San Luis","description":"","publisher":{"@id":"https:\/\/apuntesdesanluis.com\/#\/schema\/person\/b55151d52296fcce64d1a72538a70b90"},"potentialAction":[{"@type":"SearchAction","target":{"@type":"EntryPoint","urlTemplate":"https:\/\/apuntesdesanluis.com\/?s={search_term_string}"},"query-input":{"@type":"PropertyValueSpecification","valueRequired":true,"valueName":"search_term_string"}}],"inLanguage":"es-AR"},{"@type":["Person","Organization"],"@id":"https:\/\/apuntesdesanluis.com\/#\/schema\/person\/b55151d52296fcce64d1a72538a70b90","name":"apuntesdesanluis.com","image":{"@type":"ImageObject","inLanguage":"es-AR","@id":"https:\/\/apuntesdesanluis.com\/#\/schema\/person\/image\/","url":"https:\/\/apuntesdesanluis.com\/wp-content\/uploads\/2023\/07\/cropped-apuntesdesanluis.png","contentUrl":"https:\/\/apuntesdesanluis.com\/wp-content\/uploads\/2023\/07\/cropped-apuntesdesanluis.png","width":450,"height":112,"caption":"apuntesdesanluis.com"},"logo":{"@id":"https:\/\/apuntesdesanluis.com\/#\/schema\/person\/image\/"},"sameAs":["https:\/\/apuntesdesanluis.com"],"url":"https:\/\/apuntesdesanluis.com\/index.php\/author\/apuntesdesanluis-com\/"}]}},"featured_image_urls":{"full":["https:\/\/apuntesdesanluis.com\/wp-content\/uploads\/2024\/11\/JURAMENTO.png",1040,646,false],"thumbnail":["https:\/\/apuntesdesanluis.com\/wp-content\/uploads\/2024\/11\/JURAMENTO-150x150.png",150,150,true],"medium":["https:\/\/apuntesdesanluis.com\/wp-content\/uploads\/2024\/11\/JURAMENTO-300x186.png",300,186,true],"medium_large":["https:\/\/apuntesdesanluis.com\/wp-content\/uploads\/2024\/11\/JURAMENTO-768x477.png",640,398,true],"large":["https:\/\/apuntesdesanluis.com\/wp-content\/uploads\/2024\/11\/JURAMENTO-1024x636.png",640,398,true],"1536x1536":["https:\/\/apuntesdesanluis.com\/wp-content\/uploads\/2024\/11\/JURAMENTO.png",1040,646,false],"2048x2048":["https:\/\/apuntesdesanluis.com\/wp-content\/uploads\/2024\/11\/JURAMENTO.png",1040,646,false],"newsever-slider-full":["https:\/\/apuntesdesanluis.com\/wp-content\/uploads\/2024\/11\/JURAMENTO.png",1040,646,false],"newsever-featured":["https:\/\/apuntesdesanluis.com\/wp-content\/uploads\/2024\/11\/JURAMENTO-1024x636.png",1024,636,true],"newsever-medium":["https:\/\/apuntesdesanluis.com\/wp-content\/uploads\/2024\/11\/JURAMENTO-720x475.png",720,475,true]},"author_info":{"display_name":"apuntesdesanluis.com","author_link":"https:\/\/apuntesdesanluis.com\/index.php\/author\/apuntesdesanluis-com\/"},"category_info":"<a href=\"https:\/\/apuntesdesanluis.com\/index.php\/category\/nacionales-internacionales\/\" rel=\"category tag\">Nacionales\/Internacionales<\/a>","tag_info":"Nacionales\/Internacionales","comment_count":"0","_links":{"self":[{"href":"https:\/\/apuntesdesanluis.com\/index.php\/wp-json\/wp\/v2\/posts\/24840","targetHints":{"allow":["GET"]}}],"collection":[{"href":"https:\/\/apuntesdesanluis.com\/index.php\/wp-json\/wp\/v2\/posts"}],"about":[{"href":"https:\/\/apuntesdesanluis.com\/index.php\/wp-json\/wp\/v2\/types\/post"}],"author":[{"embeddable":true,"href":"https:\/\/apuntesdesanluis.com\/index.php\/wp-json\/wp\/v2\/users\/1"}],"replies":[{"embeddable":true,"href":"https:\/\/apuntesdesanluis.com\/index.php\/wp-json\/wp\/v2\/comments?post=24840"}],"version-history":[{"count":1,"href":"https:\/\/apuntesdesanluis.com\/index.php\/wp-json\/wp\/v2\/posts\/24840\/revisions"}],"predecessor-version":[{"id":24842,"href":"https:\/\/apuntesdesanluis.com\/index.php\/wp-json\/wp\/v2\/posts\/24840\/revisions\/24842"}],"wp:featuredmedia":[{"embeddable":true,"href":"https:\/\/apuntesdesanluis.com\/index.php\/wp-json\/wp\/v2\/media\/24841"}],"wp:attachment":[{"href":"https:\/\/apuntesdesanluis.com\/index.php\/wp-json\/wp\/v2\/media?parent=24840"}],"wp:term":[{"taxonomy":"category","embeddable":true,"href":"https:\/\/apuntesdesanluis.com\/index.php\/wp-json\/wp\/v2\/categories?post=24840"},{"taxonomy":"post_tag","embeddable":true,"href":"https:\/\/apuntesdesanluis.com\/index.php\/wp-json\/wp\/v2\/tags?post=24840"}],"curies":[{"name":"wp","href":"https:\/\/api.w.org\/{rel}","templated":true}]}}