{"id":24843,"date":"2024-11-04T19:38:00","date_gmt":"2024-11-04T22:38:00","guid":{"rendered":"https:\/\/apuntesdesanluis.com\/?p=24843"},"modified":"2024-11-04T19:38:00","modified_gmt":"2024-11-04T22:38:00","slug":"pidieron-la-indagatoria-de-alberto-fernandez-por-violencia-de-genero-contra-fabiola-yanez","status":"publish","type":"post","link":"https:\/\/apuntesdesanluis.com\/index.php\/2024\/11\/04\/pidieron-la-indagatoria-de-alberto-fernandez-por-violencia-de-genero-contra-fabiola-yanez\/","title":{"rendered":"PIDIERON LA INDAGATORIA DE ALBERTO FERN\u00c1NDEZ POR VIOLENCIA DE G\u00c9NERO CONTRA FABIOLA YA\u00d1EZ"},"content":{"rendered":"<h3>El fiscal federal <strong>Ramiro Gonz\u00e1lez<\/strong> pidi\u00f3 hoy que el ex presidente de la Naci\u00f3n <strong>Alberto Fern\u00e1nde<\/strong>z sea citado a declaraci\u00f3n indagatoria en la causa por violencia de g\u00e9nero contra su ex pareja y ex primera dama, <strong>Fabiola Ya\u00f1ez<\/strong>.<\/h3>\n<h3>El fiscal acus\u00f3 al ex jefe de estado de dos hechos de lesiones leves doblemente agravadas por ser cometidas mediante violencia de g\u00e9nero y contra su entonces pareja, por un caso de una lesi\u00f3n grave por el debilitamiento permanente de la salud y por coacciones hacia Ya\u00f1ez para no presentar la denuncia. Los tres delitos, en caso de una condena, tienen una pena m\u00e1xima de 18 a\u00f1os de prisi\u00f3n.<\/h3>\n<h3>Fuentes judiciales informaron que el fiscal le hizo al pedido en un dictamen de 159 p\u00e1ginas al juez federal Juli\u00e1n Ercolini, quien ahora debe definir si cita a indagatoria al ex presidente. Esa misma medida Ercolini ya la tom\u00f3 el viernes pasado en otra causa: convoc\u00f3 a indagatoria a Fern\u00e1ndez para el 20 de noviembre en la causa de corrupci\u00f3n por la contrataci\u00f3n de seguros durante su gobierno.<\/h3>\n<h3>\u201cEl an\u00e1lisis de toda la prueba reunida en el caso permiti\u00f3 acreditar que el ex presidente Fern\u00e1ndez ejerci\u00f3 distintos tipos de violencia contra su pareja, pr\u00e1cticamente, desde el inicio de su relaci\u00f3n. De acuerdo a las definiciones de la ley 26.485 de Protecci\u00f3n Integral a la Mujer, se pudo detectar violencia psicol\u00f3gica, f\u00edsica y econ\u00f3mica\u201d, sostuvo la Fiscal\u00eda en su dictamen.<\/h3>\n<h3>Y agreg\u00f3: \u201cEfectivamente, en un contexto de violencia de g\u00e9nero signada por la particular relaci\u00f3n asim\u00e9trica de poder con el agresor, por lo menos desde el a\u00f1o 2016 hasta que se formaliz\u00f3 la denuncia, Alberto Fern\u00e1ndez ejerci\u00f3 de un modo sistem\u00e1tico violencia psicol\u00f3gica contra Fabiola Y\u00e1\u00f1ez bajo las formas de acosos, hostigamientos, controles, indiferencia, insultos, culpabilizaci\u00f3n, destrato, retiro de la palabra, ninguneos y hostilidad\u201d.<\/h3>\n<p><img fetchpriority=\"high\" decoding=\"async\" class=\"wp-image-24844 aligncenter\" src=\"https:\/\/apuntesdesanluis.com\/wp-content\/uploads\/2024\/11\/FISCAL-FEDERAL-RAMIRO-GONZALEZ-300x224.png\" alt=\"\" width=\"680\" height=\"508\" srcset=\"https:\/\/apuntesdesanluis.com\/wp-content\/uploads\/2024\/11\/FISCAL-FEDERAL-RAMIRO-GONZALEZ-300x224.png 300w, https:\/\/apuntesdesanluis.com\/wp-content\/uploads\/2024\/11\/FISCAL-FEDERAL-RAMIRO-GONZALEZ.png 636w\" sizes=\"(max-width: 680px) 100vw, 680px\" \/><\/p>\n<h4 style=\"text-align: center;\"><em>Fiscal federal Ramiro Gonz\u00e1lez.<\/em><\/h4>\n<h3>El fiscal Gonz\u00e1lez dio por acreditado que el moret\u00f3n en el brazo derecho que Ya\u00f1ez tuvo meses antes de agosto de 2021 fue producto \u201cde un agarr\u00f3n o zamarreo de Alberto Fern\u00e1ndez dentro del chalet presidencial de la Quinta de Olivos\u201d. Esa herida se la envi\u00f3 por whatsapp a Mar\u00eda Cantero, entonces secretaria de Alberto Fern\u00e1ndez. El segundo hecho de violencia f\u00edsica fue el moret\u00f3n en el ojo derecho que Ya\u00f1ez dijo que fue por un golpe de pu\u00f1o durante una discusi\u00f3n en la cama antes de irse a dormir. Eso hecho lo ubic\u00f3 el fiscal en el 21 de junio de 2021.<\/h3>\n<h3>\u201cDe acuerdo a las pruebas de la causa, la violencia f\u00edsica, fundamentalmente, en la modalidad del golpe a mano abierta se hizo recurrente hasta el final del mandato presidencial, incluso luego de la mudanza de la entonces primera dama del chalet principal a la casa de hu\u00e9spedes de Olivos durante 2023 hasta que, finalmente, parti\u00f3 a Madrid. Ese destino fue elegido por Fern\u00e1ndez que supuso que su espacio pod\u00eda ganar las elecciones de ese a\u00f1o y ser embajador en Espa\u00f1a\u201d, relat\u00f3 Gonz\u00e1lez.<\/h3>\n<h3>Otra de las violencias que el fiscal entendi\u00f3 que el ex presidente cometi\u00f3 fue la econ\u00f3mica. \u201cMientras Fabiola Y\u00e1\u00f1ez resid\u00eda en Madrid condicionada econ\u00f3micamente por su agresor, en medio de anuncios de suicidio, recuerdos de las necesidades de su hijo Francisco, pedidos de ocultar las agresiones f\u00edsicas para que no fueran noticia y consejos de hablar lo menos posible bajo promesa de que nada iba a faltarle a la familia, la v\u00edctima fue coaccionada para que no denunciara el hecho frente al juez de la causa y, de ese modo, se afect\u00f3 el tr\u00e1mite de un expediente federal producto de las amenazas del ex Presidente\u201d, explic\u00f3 Gonz\u00e1lez.<\/h3>\n<h3>El fiscal entendi\u00f3 que todo eso se dio por probado con las pruebas que se recogieron en la causa desde su inici\u00f3 en agosto pasado. Entre esa prueba est\u00e1 la declaraci\u00f3n de una decena de testigos propuestos por la querella de Ya\u00f1ez, a cargo de la abogada Mariana Galelgo, de la defensa del ex presidente, representado por Silvina Carreira, y por la Fiscal\u00eda. Entre otros estuvieron en los tribunales de Comodoro Py la madre y una de las hermanas de Ya\u00f1ez, el ex intendente de la quinta de Olivos Daniel Rodr\u00edguez, la esteticista Florencia Aguirre, los ex m\u00e9dicos de la Unidad Presidencial Federico Saavedra y Federico Alem, la ex amiga de Ya\u00f1ez, Sof\u00eda Pacchi, y empleadas de la quinta de Olivos que trabajaron para la pareja presidencial.<\/h3>\n<h3>La Fiscal\u00eda tambi\u00e9n destac\u00f3 como prueba las fotos y conversaciones que aport\u00f3 Ya\u00f1ez, los registros de ingresos y egresos de Olivos de todo el mandato presidencial, las llamadas telef\u00f3nicas entre los dos desde el 2016, cuando se inici\u00f3 la pareja. Tambi\u00e9n documentaci\u00f3n m\u00e9dica de la ex primera dama.<\/h3>\n<h3>El ex presidente tiene en la causa la prohibici\u00f3n de salida de pa\u00eds y de tener cualquier tipo de contacto con Ya\u00f1ez. Ya sea personalmente, por tel\u00e9fono, mensajes, redes sociales y a trav\u00e9s de otras personas. Esas medidas siguen fueron impuestas por el juez Ercolini como cautelares en el inicio de la causa.<\/h3>\n<h3>Ahora todo el expediente pas\u00f3 al magistrado. Ser\u00e1 Ercolini el que tenga que resolver si comparte el dictamen del fiscal y cita a indagatoria al ex presidente.<\/h3>\n<p>&nbsp;<\/p>\n<p>&nbsp;<\/p>\n<p>&nbsp;<\/p>\n","protected":false},"excerpt":{"rendered":"<p>El fiscal federal Ramiro Gonz\u00e1lez pidi\u00f3 hoy que el ex presidente de la Naci\u00f3n Alberto&#8230;<\/p>\n","protected":false},"author":1,"featured_media":23959,"comment_status":"closed","ping_status":"closed","sticky":false,"template":"","format":"standard","meta":{"footnotes":""},"categories":[5],"tags":[],"class_list":["post-24843","post","type-post","status-publish","format-standard","has-post-thumbnail","hentry","category-nacionales-internacionales"],"yoast_head":"<!-- This site is optimized with the Yoast SEO plugin v26.1.1 - https:\/\/yoast.com\/wordpress\/plugins\/seo\/ -->\n<title>PIDIERON LA INDAGATORIA DE ALBERTO FERN\u00c1NDEZ POR VIOLENCIA DE G\u00c9NERO CONTRA FABIOLA YA\u00d1EZ - Apuntes de San Luis<\/title>\n<meta name=\"robots\" content=\"index, follow, max-snippet:-1, max-image-preview:large, max-video-preview:-1\" \/>\n<link rel=\"canonical\" href=\"https:\/\/apuntesdesanluis.com\/index.php\/2024\/11\/04\/pidieron-la-indagatoria-de-alberto-fernandez-por-violencia-de-genero-contra-fabiola-yanez\/\" \/>\n<meta property=\"og:locale\" content=\"es_ES\" \/>\n<meta property=\"og:type\" content=\"article\" \/>\n<meta property=\"og:title\" content=\"PIDIERON LA INDAGATORIA DE ALBERTO FERN\u00c1NDEZ POR VIOLENCIA DE G\u00c9NERO CONTRA FABIOLA YA\u00d1EZ - Apuntes de San Luis\" \/>\n<meta property=\"og:description\" content=\"El fiscal federal Ramiro Gonz\u00e1lez pidi\u00f3 hoy que el ex presidente de la Naci\u00f3n Alberto...\" \/>\n<meta property=\"og:url\" content=\"https:\/\/apuntesdesanluis.com\/index.php\/2024\/11\/04\/pidieron-la-indagatoria-de-alberto-fernandez-por-violencia-de-genero-contra-fabiola-yanez\/\" \/>\n<meta property=\"og:site_name\" content=\"Apuntes de San Luis\" \/>\n<meta property=\"article:published_time\" content=\"2024-11-04T22:38:00+00:00\" \/>\n<meta property=\"og:image\" content=\"https:\/\/apuntesdesanluis.com\/wp-content\/uploads\/2024\/10\/FABIOLA-Y-ALBERTO.png\" \/>\n\t<meta property=\"og:image:width\" content=\"788\" \/>\n\t<meta property=\"og:image:height\" content=\"504\" \/>\n\t<meta property=\"og:image:type\" content=\"image\/png\" \/>\n<meta name=\"author\" content=\"apuntesdesanluis.com\" \/>\n<meta name=\"twitter:card\" content=\"summary_large_image\" \/>\n<meta name=\"twitter:label1\" content=\"Escrito por\" \/>\n\t<meta name=\"twitter:data1\" content=\"apuntesdesanluis.com\" \/>\n\t<meta name=\"twitter:label2\" content=\"Tiempo de lectura\" \/>\n\t<meta name=\"twitter:data2\" content=\"5 minutos\" \/>\n<script type=\"application\/ld+json\" class=\"yoast-schema-graph\">{\"@context\":\"https:\/\/schema.org\",\"@graph\":[{\"@type\":\"Article\",\"@id\":\"https:\/\/apuntesdesanluis.com\/index.php\/2024\/11\/04\/pidieron-la-indagatoria-de-alberto-fernandez-por-violencia-de-genero-contra-fabiola-yanez\/#article\",\"isPartOf\":{\"@id\":\"https:\/\/apuntesdesanluis.com\/index.php\/2024\/11\/04\/pidieron-la-indagatoria-de-alberto-fernandez-por-violencia-de-genero-contra-fabiola-yanez\/\"},\"author\":{\"name\":\"apuntesdesanluis.com\",\"@id\":\"https:\/\/apuntesdesanluis.com\/#\/schema\/person\/b55151d52296fcce64d1a72538a70b90\"},\"headline\":\"PIDIERON LA INDAGATORIA DE ALBERTO FERN\u00c1NDEZ POR VIOLENCIA DE G\u00c9NERO CONTRA FABIOLA YA\u00d1EZ\",\"datePublished\":\"2024-11-04T22:38:00+00:00\",\"mainEntityOfPage\":{\"@id\":\"https:\/\/apuntesdesanluis.com\/index.php\/2024\/11\/04\/pidieron-la-indagatoria-de-alberto-fernandez-por-violencia-de-genero-contra-fabiola-yanez\/\"},\"wordCount\":943,\"publisher\":{\"@id\":\"https:\/\/apuntesdesanluis.com\/#\/schema\/person\/b55151d52296fcce64d1a72538a70b90\"},\"image\":{\"@id\":\"https:\/\/apuntesdesanluis.com\/index.php\/2024\/11\/04\/pidieron-la-indagatoria-de-alberto-fernandez-por-violencia-de-genero-contra-fabiola-yanez\/#primaryimage\"},\"thumbnailUrl\":\"https:\/\/apuntesdesanluis.com\/wp-content\/uploads\/2024\/10\/FABIOLA-Y-ALBERTO.png\",\"articleSection\":[\"Nacionales\/Internacionales\"],\"inLanguage\":\"es-AR\"},{\"@type\":\"WebPage\",\"@id\":\"https:\/\/apuntesdesanluis.com\/index.php\/2024\/11\/04\/pidieron-la-indagatoria-de-alberto-fernandez-por-violencia-de-genero-contra-fabiola-yanez\/\",\"url\":\"https:\/\/apuntesdesanluis.com\/index.php\/2024\/11\/04\/pidieron-la-indagatoria-de-alberto-fernandez-por-violencia-de-genero-contra-fabiola-yanez\/\",\"name\":\"PIDIERON LA INDAGATORIA DE ALBERTO FERN\u00c1NDEZ POR VIOLENCIA DE G\u00c9NERO CONTRA FABIOLA YA\u00d1EZ - Apuntes de San Luis\",\"isPartOf\":{\"@id\":\"https:\/\/apuntesdesanluis.com\/#website\"},\"primaryImageOfPage\":{\"@id\":\"https:\/\/apuntesdesanluis.com\/index.php\/2024\/11\/04\/pidieron-la-indagatoria-de-alberto-fernandez-por-violencia-de-genero-contra-fabiola-yanez\/#primaryimage\"},\"image\":{\"@id\":\"https:\/\/apuntesdesanluis.com\/index.php\/2024\/11\/04\/pidieron-la-indagatoria-de-alberto-fernandez-por-violencia-de-genero-contra-fabiola-yanez\/#primaryimage\"},\"thumbnailUrl\":\"https:\/\/apuntesdesanluis.com\/wp-content\/uploads\/2024\/10\/FABIOLA-Y-ALBERTO.png\",\"datePublished\":\"2024-11-04T22:38:00+00:00\",\"breadcrumb\":{\"@id\":\"https:\/\/apuntesdesanluis.com\/index.php\/2024\/11\/04\/pidieron-la-indagatoria-de-alberto-fernandez-por-violencia-de-genero-contra-fabiola-yanez\/#breadcrumb\"},\"inLanguage\":\"es-AR\",\"potentialAction\":[{\"@type\":\"ReadAction\",\"target\":[\"https:\/\/apuntesdesanluis.com\/index.php\/2024\/11\/04\/pidieron-la-indagatoria-de-alberto-fernandez-por-violencia-de-genero-contra-fabiola-yanez\/\"]}]},{\"@type\":\"ImageObject\",\"inLanguage\":\"es-AR\",\"@id\":\"https:\/\/apuntesdesanluis.com\/index.php\/2024\/11\/04\/pidieron-la-indagatoria-de-alberto-fernandez-por-violencia-de-genero-contra-fabiola-yanez\/#primaryimage\",\"url\":\"https:\/\/apuntesdesanluis.com\/wp-content\/uploads\/2024\/10\/FABIOLA-Y-ALBERTO.png\",\"contentUrl\":\"https:\/\/apuntesdesanluis.com\/wp-content\/uploads\/2024\/10\/FABIOLA-Y-ALBERTO.png\",\"width\":788,\"height\":504},{\"@type\":\"BreadcrumbList\",\"@id\":\"https:\/\/apuntesdesanluis.com\/index.php\/2024\/11\/04\/pidieron-la-indagatoria-de-alberto-fernandez-por-violencia-de-genero-contra-fabiola-yanez\/#breadcrumb\",\"itemListElement\":[{\"@type\":\"ListItem\",\"position\":1,\"name\":\"Inicio\",\"item\":\"https:\/\/apuntesdesanluis.com\/\"},{\"@type\":\"ListItem\",\"position\":2,\"name\":\"PIDIERON LA INDAGATORIA DE ALBERTO FERN\u00c1NDEZ POR VIOLENCIA DE G\u00c9NERO CONTRA FABIOLA YA\u00d1EZ\"}]},{\"@type\":\"WebSite\",\"@id\":\"https:\/\/apuntesdesanluis.com\/#website\",\"url\":\"https:\/\/apuntesdesanluis.com\/\",\"name\":\"Apuntes de San Luis\",\"description\":\"\",\"publisher\":{\"@id\":\"https:\/\/apuntesdesanluis.com\/#\/schema\/person\/b55151d52296fcce64d1a72538a70b90\"},\"potentialAction\":[{\"@type\":\"SearchAction\",\"target\":{\"@type\":\"EntryPoint\",\"urlTemplate\":\"https:\/\/apuntesdesanluis.com\/?s={search_term_string}\"},\"query-input\":{\"@type\":\"PropertyValueSpecification\",\"valueRequired\":true,\"valueName\":\"search_term_string\"}}],\"inLanguage\":\"es-AR\"},{\"@type\":[\"Person\",\"Organization\"],\"@id\":\"https:\/\/apuntesdesanluis.com\/#\/schema\/person\/b55151d52296fcce64d1a72538a70b90\",\"name\":\"apuntesdesanluis.com\",\"image\":{\"@type\":\"ImageObject\",\"inLanguage\":\"es-AR\",\"@id\":\"https:\/\/apuntesdesanluis.com\/#\/schema\/person\/image\/\",\"url\":\"https:\/\/apuntesdesanluis.com\/wp-content\/uploads\/2023\/07\/cropped-apuntesdesanluis.png\",\"contentUrl\":\"https:\/\/apuntesdesanluis.com\/wp-content\/uploads\/2023\/07\/cropped-apuntesdesanluis.png\",\"width\":450,\"height\":112,\"caption\":\"apuntesdesanluis.com\"},\"logo\":{\"@id\":\"https:\/\/apuntesdesanluis.com\/#\/schema\/person\/image\/\"},\"sameAs\":[\"https:\/\/apuntesdesanluis.com\"],\"url\":\"https:\/\/apuntesdesanluis.com\/index.php\/author\/apuntesdesanluis-com\/\"}]}<\/script>\n<!-- \/ Yoast SEO plugin. -->","yoast_head_json":{"title":"PIDIERON LA INDAGATORIA DE ALBERTO FERN\u00c1NDEZ POR VIOLENCIA DE G\u00c9NERO CONTRA FABIOLA YA\u00d1EZ - Apuntes de San Luis","robots":{"index":"index","follow":"follow","max-snippet":"max-snippet:-1","max-image-preview":"max-image-preview:large","max-video-preview":"max-video-preview:-1"},"canonical":"https:\/\/apuntesdesanluis.com\/index.php\/2024\/11\/04\/pidieron-la-indagatoria-de-alberto-fernandez-por-violencia-de-genero-contra-fabiola-yanez\/","og_locale":"es_ES","og_type":"article","og_title":"PIDIERON LA INDAGATORIA DE ALBERTO FERN\u00c1NDEZ POR VIOLENCIA DE G\u00c9NERO CONTRA FABIOLA YA\u00d1EZ - Apuntes de San Luis","og_description":"El fiscal federal Ramiro Gonz\u00e1lez pidi\u00f3 hoy que el ex presidente de la Naci\u00f3n Alberto...","og_url":"https:\/\/apuntesdesanluis.com\/index.php\/2024\/11\/04\/pidieron-la-indagatoria-de-alberto-fernandez-por-violencia-de-genero-contra-fabiola-yanez\/","og_site_name":"Apuntes de San Luis","article_published_time":"2024-11-04T22:38:00+00:00","og_image":[{"width":788,"height":504,"url":"https:\/\/apuntesdesanluis.com\/wp-content\/uploads\/2024\/10\/FABIOLA-Y-ALBERTO.png","type":"image\/png"}],"author":"apuntesdesanluis.com","twitter_card":"summary_large_image","twitter_misc":{"Escrito por":"apuntesdesanluis.com","Tiempo de lectura":"5 minutos"},"schema":{"@context":"https:\/\/schema.org","@graph":[{"@type":"Article","@id":"https:\/\/apuntesdesanluis.com\/index.php\/2024\/11\/04\/pidieron-la-indagatoria-de-alberto-fernandez-por-violencia-de-genero-contra-fabiola-yanez\/#article","isPartOf":{"@id":"https:\/\/apuntesdesanluis.com\/index.php\/2024\/11\/04\/pidieron-la-indagatoria-de-alberto-fernandez-por-violencia-de-genero-contra-fabiola-yanez\/"},"author":{"name":"apuntesdesanluis.com","@id":"https:\/\/apuntesdesanluis.com\/#\/schema\/person\/b55151d52296fcce64d1a72538a70b90"},"headline":"PIDIERON LA INDAGATORIA DE ALBERTO FERN\u00c1NDEZ POR VIOLENCIA DE G\u00c9NERO CONTRA FABIOLA YA\u00d1EZ","datePublished":"2024-11-04T22:38:00+00:00","mainEntityOfPage":{"@id":"https:\/\/apuntesdesanluis.com\/index.php\/2024\/11\/04\/pidieron-la-indagatoria-de-alberto-fernandez-por-violencia-de-genero-contra-fabiola-yanez\/"},"wordCount":943,"publisher":{"@id":"https:\/\/apuntesdesanluis.com\/#\/schema\/person\/b55151d52296fcce64d1a72538a70b90"},"image":{"@id":"https:\/\/apuntesdesanluis.com\/index.php\/2024\/11\/04\/pidieron-la-indagatoria-de-alberto-fernandez-por-violencia-de-genero-contra-fabiola-yanez\/#primaryimage"},"thumbnailUrl":"https:\/\/apuntesdesanluis.com\/wp-content\/uploads\/2024\/10\/FABIOLA-Y-ALBERTO.png","articleSection":["Nacionales\/Internacionales"],"inLanguage":"es-AR"},{"@type":"WebPage","@id":"https:\/\/apuntesdesanluis.com\/index.php\/2024\/11\/04\/pidieron-la-indagatoria-de-alberto-fernandez-por-violencia-de-genero-contra-fabiola-yanez\/","url":"https:\/\/apuntesdesanluis.com\/index.php\/2024\/11\/04\/pidieron-la-indagatoria-de-alberto-fernandez-por-violencia-de-genero-contra-fabiola-yanez\/","name":"PIDIERON LA INDAGATORIA DE ALBERTO FERN\u00c1NDEZ POR VIOLENCIA DE G\u00c9NERO CONTRA FABIOLA YA\u00d1EZ - Apuntes de San Luis","isPartOf":{"@id":"https:\/\/apuntesdesanluis.com\/#website"},"primaryImageOfPage":{"@id":"https:\/\/apuntesdesanluis.com\/index.php\/2024\/11\/04\/pidieron-la-indagatoria-de-alberto-fernandez-por-violencia-de-genero-contra-fabiola-yanez\/#primaryimage"},"image":{"@id":"https:\/\/apuntesdesanluis.com\/index.php\/2024\/11\/04\/pidieron-la-indagatoria-de-alberto-fernandez-por-violencia-de-genero-contra-fabiola-yanez\/#primaryimage"},"thumbnailUrl":"https:\/\/apuntesdesanluis.com\/wp-content\/uploads\/2024\/10\/FABIOLA-Y-ALBERTO.png","datePublished":"2024-11-04T22:38:00+00:00","breadcrumb":{"@id":"https:\/\/apuntesdesanluis.com\/index.php\/2024\/11\/04\/pidieron-la-indagatoria-de-alberto-fernandez-por-violencia-de-genero-contra-fabiola-yanez\/#breadcrumb"},"inLanguage":"es-AR","potentialAction":[{"@type":"ReadAction","target":["https:\/\/apuntesdesanluis.com\/index.php\/2024\/11\/04\/pidieron-la-indagatoria-de-alberto-fernandez-por-violencia-de-genero-contra-fabiola-yanez\/"]}]},{"@type":"ImageObject","inLanguage":"es-AR","@id":"https:\/\/apuntesdesanluis.com\/index.php\/2024\/11\/04\/pidieron-la-indagatoria-de-alberto-fernandez-por-violencia-de-genero-contra-fabiola-yanez\/#primaryimage","url":"https:\/\/apuntesdesanluis.com\/wp-content\/uploads\/2024\/10\/FABIOLA-Y-ALBERTO.png","contentUrl":"https:\/\/apuntesdesanluis.com\/wp-content\/uploads\/2024\/10\/FABIOLA-Y-ALBERTO.png","width":788,"height":504},{"@type":"BreadcrumbList","@id":"https:\/\/apuntesdesanluis.com\/index.php\/2024\/11\/04\/pidieron-la-indagatoria-de-alberto-fernandez-por-violencia-de-genero-contra-fabiola-yanez\/#breadcrumb","itemListElement":[{"@type":"ListItem","position":1,"name":"Inicio","item":"https:\/\/apuntesdesanluis.com\/"},{"@type":"ListItem","position":2,"name":"PIDIERON LA INDAGATORIA DE ALBERTO FERN\u00c1NDEZ POR VIOLENCIA DE G\u00c9NERO CONTRA FABIOLA YA\u00d1EZ"}]},{"@type":"WebSite","@id":"https:\/\/apuntesdesanluis.com\/#website","url":"https:\/\/apuntesdesanluis.com\/","name":"Apuntes de San Luis","description":"","publisher":{"@id":"https:\/\/apuntesdesanluis.com\/#\/schema\/person\/b55151d52296fcce64d1a72538a70b90"},"potentialAction":[{"@type":"SearchAction","target":{"@type":"EntryPoint","urlTemplate":"https:\/\/apuntesdesanluis.com\/?s={search_term_string}"},"query-input":{"@type":"PropertyValueSpecification","valueRequired":true,"valueName":"search_term_string"}}],"inLanguage":"es-AR"},{"@type":["Person","Organization"],"@id":"https:\/\/apuntesdesanluis.com\/#\/schema\/person\/b55151d52296fcce64d1a72538a70b90","name":"apuntesdesanluis.com","image":{"@type":"ImageObject","inLanguage":"es-AR","@id":"https:\/\/apuntesdesanluis.com\/#\/schema\/person\/image\/","url":"https:\/\/apuntesdesanluis.com\/wp-content\/uploads\/2023\/07\/cropped-apuntesdesanluis.png","contentUrl":"https:\/\/apuntesdesanluis.com\/wp-content\/uploads\/2023\/07\/cropped-apuntesdesanluis.png","width":450,"height":112,"caption":"apuntesdesanluis.com"},"logo":{"@id":"https:\/\/apuntesdesanluis.com\/#\/schema\/person\/image\/"},"sameAs":["https:\/\/apuntesdesanluis.com"],"url":"https:\/\/apuntesdesanluis.com\/index.php\/author\/apuntesdesanluis-com\/"}]}},"featured_image_urls":{"full":["https:\/\/apuntesdesanluis.com\/wp-content\/uploads\/2024\/10\/FABIOLA-Y-ALBERTO.png",788,504,false],"thumbnail":["https:\/\/apuntesdesanluis.com\/wp-content\/uploads\/2024\/10\/FABIOLA-Y-ALBERTO-150x150.png",150,150,true],"medium":["https:\/\/apuntesdesanluis.com\/wp-content\/uploads\/2024\/10\/FABIOLA-Y-ALBERTO-300x192.png",300,192,true],"medium_large":["https:\/\/apuntesdesanluis.com\/wp-content\/uploads\/2024\/10\/FABIOLA-Y-ALBERTO-768x491.png",640,409,true],"large":["https:\/\/apuntesdesanluis.com\/wp-content\/uploads\/2024\/10\/FABIOLA-Y-ALBERTO.png",640,409,false],"1536x1536":["https:\/\/apuntesdesanluis.com\/wp-content\/uploads\/2024\/10\/FABIOLA-Y-ALBERTO.png",788,504,false],"2048x2048":["https:\/\/apuntesdesanluis.com\/wp-content\/uploads\/2024\/10\/FABIOLA-Y-ALBERTO.png",788,504,false],"newsever-slider-full":["https:\/\/apuntesdesanluis.com\/wp-content\/uploads\/2024\/10\/FABIOLA-Y-ALBERTO.png",788,504,false],"newsever-featured":["https:\/\/apuntesdesanluis.com\/wp-content\/uploads\/2024\/10\/FABIOLA-Y-ALBERTO.png",788,504,false],"newsever-medium":["https:\/\/apuntesdesanluis.com\/wp-content\/uploads\/2024\/10\/FABIOLA-Y-ALBERTO-720x475.png",720,475,true]},"author_info":{"display_name":"apuntesdesanluis.com","author_link":"https:\/\/apuntesdesanluis.com\/index.php\/author\/apuntesdesanluis-com\/"},"category_info":"<a href=\"https:\/\/apuntesdesanluis.com\/index.php\/category\/nacionales-internacionales\/\" rel=\"category tag\">Nacionales\/Internacionales<\/a>","tag_info":"Nacionales\/Internacionales","comment_count":"0","_links":{"self":[{"href":"https:\/\/apuntesdesanluis.com\/index.php\/wp-json\/wp\/v2\/posts\/24843","targetHints":{"allow":["GET"]}}],"collection":[{"href":"https:\/\/apuntesdesanluis.com\/index.php\/wp-json\/wp\/v2\/posts"}],"about":[{"href":"https:\/\/apuntesdesanluis.com\/index.php\/wp-json\/wp\/v2\/types\/post"}],"author":[{"embeddable":true,"href":"https:\/\/apuntesdesanluis.com\/index.php\/wp-json\/wp\/v2\/users\/1"}],"replies":[{"embeddable":true,"href":"https:\/\/apuntesdesanluis.com\/index.php\/wp-json\/wp\/v2\/comments?post=24843"}],"version-history":[{"count":1,"href":"https:\/\/apuntesdesanluis.com\/index.php\/wp-json\/wp\/v2\/posts\/24843\/revisions"}],"predecessor-version":[{"id":24845,"href":"https:\/\/apuntesdesanluis.com\/index.php\/wp-json\/wp\/v2\/posts\/24843\/revisions\/24845"}],"wp:featuredmedia":[{"embeddable":true,"href":"https:\/\/apuntesdesanluis.com\/index.php\/wp-json\/wp\/v2\/media\/23959"}],"wp:attachment":[{"href":"https:\/\/apuntesdesanluis.com\/index.php\/wp-json\/wp\/v2\/media?parent=24843"}],"wp:term":[{"taxonomy":"category","embeddable":true,"href":"https:\/\/apuntesdesanluis.com\/index.php\/wp-json\/wp\/v2\/categories?post=24843"},{"taxonomy":"post_tag","embeddable":true,"href":"https:\/\/apuntesdesanluis.com\/index.php\/wp-json\/wp\/v2\/tags?post=24843"}],"curies":[{"name":"wp","href":"https:\/\/api.w.org\/{rel}","templated":true}]}}