{"id":24897,"date":"2024-11-05T18:49:29","date_gmt":"2024-11-05T21:49:29","guid":{"rendered":"https:\/\/apuntesdesanluis.com\/?p=24897"},"modified":"2024-11-05T18:49:29","modified_gmt":"2024-11-05T21:49:29","slug":"juzgan-a-acusado-de-matar-con-una-escopeta-a-un-albanil","status":"publish","type":"post","link":"https:\/\/apuntesdesanluis.com\/index.php\/2024\/11\/05\/juzgan-a-acusado-de-matar-con-una-escopeta-a-un-albanil\/","title":{"rendered":"JUZGAN A ACUSADO DE MATAR CON UNA ESCOPETA A UN ALBA\u00d1IL"},"content":{"rendered":"<h3><strong>Juan Carlos Avaca<\/strong> ten\u00eda 51 a\u00f1os y era alba\u00f1il. El 11 de diciembre de 2019, entre las 21:00 y las 22:00 horas, lleg\u00f3 en un taxi hasta la casa de <strong>Franco Herrera<\/strong>, en la manzana 388 del Barrio 140 Viviendas de la ciudad de San Luis, para cobrar unos trabajos de revoque y pintura. En el veh\u00edculo tambi\u00e9n viajaba su esposa. De acuerdo a las declaraciones de la mujer y el chofer, en la puerta de ese domicilio se produjo un altercado y la v\u00edctima recibi\u00f3 dos disparos de una escopeta. De inmediato fue trasladado al Hospital Cerro de la Cruz, pero lleg\u00f3 sin vida.<\/h3>\n<h3>Por este hecho, Herrera fue imputado por homicidio agravado por el uso de arma de fuego y es juzgado desde las 14:30 hs. de este martes, por un tribunal. El acusado de 28 a\u00f1os de edad enfrenta un pedido de condena de 14 a\u00f1os de prisi\u00f3n por el homicidio y se prev\u00e9 que la sentencia se conozca el 8 de noviembre. La autopsia sobre el cuerpo de la v\u00edctima fue realizada por la forense Marcela G\u00f3mez y determin\u00f3 que la causal de muerte fue un \u201cshock hipovol\u00e9mico por herida de arma de fuego\u201d. De acuerdo con el informe \u201cse retuvieron 12 perdigones y 5 esquiarlas que resultaron compatibles con la escopeta\u201d.<\/h3>\n<p><img fetchpriority=\"high\" decoding=\"async\" class=\"wp-image-24899 aligncenter\" src=\"https:\/\/apuntesdesanluis.com\/wp-content\/uploads\/2024\/11\/JUICIO-A-DISTANCIA-300x249.png\" alt=\"\" width=\"723\" height=\"600\" srcset=\"https:\/\/apuntesdesanluis.com\/wp-content\/uploads\/2024\/11\/JUICIO-A-DISTANCIA-300x249.png 300w, https:\/\/apuntesdesanluis.com\/wp-content\/uploads\/2024\/11\/JUICIO-A-DISTANCIA.png 719w\" sizes=\"(max-width: 723px) 100vw, 723px\" \/><\/p>\n<h3>Seg\u00fan la acusaci\u00f3n fiscal, Avaca descendi\u00f3 del taxi, \u201cquedando en el rodado la esposa y el conductor esperando su regreso, y se dirige al domicilio, que pasados unos instantes el damnificado egresa del domicilio, mientras se lo ve\u00eda manteniendo una discusi\u00f3n con un masculino que vest\u00eda\u00a0\u00a0 bermuda\u00a0\u00a0 color\u00a0\u00a0 clara\u00a0\u00a0 y\u00a0\u00a0 remera\u00a0\u00a0 gris\u00a0\u00a0 con\u00a0\u00a0 estampados\u00a0\u00a0 en\u00a0\u00a0 azul\u00a0\u00a0 quien\u00a0\u00a0 se trataba de Franco Herrera, que en el transcurso de la discusi\u00f3n Herrera reingresa al domicilio, saliendo del mismo armado con una escopeta y procediendo a realizar dos disparos contra el cuerpo de la v\u00edctima\u201d.<\/h3>\n<h3>En septiembre de 2022, la fiscal\u00eda de Juicio N\u00b0 1, a cargo de Virginia Palacios, y el defensor oficial, Esteban Sala, solicitaron que Herrera fuera juzgado bajo el procedimiento de juicio abreviado. Las partes plantearon que el joven sea condenado a once a\u00f1os y dos meses de prisi\u00f3n efectiva por encontrarlo culpable de tres hechos: el homicidio de Avaca en 2019, un robo simple en 2017 y un robo simple en grado de tentativa, en 2018.<\/h3>\n<h3>En esa oportunidad, Herrera se sent\u00f3 frente al tribunal colegiado conformado por Jos\u00e9 Luis Flores, Jorge Sabaini Zapata y Mar\u00eda Eugenia Zabala Chacur, y acept\u00f3 la culpabilidad de los hechos. Sin embargo, los jueces rechazaron la propuesta de juicio abreviado. \u201cEn el caso concreto nos encontramos ante la necesidad de un mejor conocimiento de los hechos, lo que l\u00f3gicamente surgir\u00e1 a partir de la sustanciaci\u00f3n del debate oral correspondiente por ante otro Tribunal h\u00e1bil para ello\u201d, dice un fragmento de la fundamentaci\u00f3n del tribunal.<\/h3>\n<h3>Para este nuevo debate se llam\u00f3 a integrar a jueces de la Segunda Circunscripci\u00f3n Judicial \u201cencontr\u00e1ndose los dem\u00e1s jueces del Colegio de esta primera circunscripci\u00f3n judicial, impedidos de actuar en el presente, conforme haber intervenido en actuaciones anteriores\u201d. Por esto, el tribunal a cargo del juicio est\u00e1 conformado por Adriana Lucero Alfonso y Sebasti\u00e1n Cadelago Filippi.<\/h3>\n<p>&nbsp;<\/p>\n<p>&nbsp;<\/p>\n<p>&nbsp;<\/p>\n<p>&nbsp;<\/p>\n","protected":false},"excerpt":{"rendered":"<p>Juan Carlos Avaca ten\u00eda 51 a\u00f1os y era alba\u00f1il. El 11 de diciembre de 2019,&#8230;<\/p>\n","protected":false},"author":1,"featured_media":24898,"comment_status":"closed","ping_status":"closed","sticky":false,"template":"","format":"standard","meta":{"footnotes":""},"categories":[6],"tags":[],"class_list":["post-24897","post","type-post","status-publish","format-standard","has-post-thumbnail","hentry","category-ciudad-provincia"],"yoast_head":"<!-- This site is optimized with the Yoast SEO plugin v26.1.1 - https:\/\/yoast.com\/wordpress\/plugins\/seo\/ -->\n<title>JUZGAN A ACUSADO DE MATAR CON UNA ESCOPETA A UN ALBA\u00d1IL - Apuntes de San Luis<\/title>\n<meta name=\"robots\" content=\"index, follow, max-snippet:-1, max-image-preview:large, max-video-preview:-1\" \/>\n<link rel=\"canonical\" href=\"https:\/\/apuntesdesanluis.com\/index.php\/2024\/11\/05\/juzgan-a-acusado-de-matar-con-una-escopeta-a-un-albanil\/\" \/>\n<meta property=\"og:locale\" content=\"es_ES\" \/>\n<meta property=\"og:type\" content=\"article\" \/>\n<meta property=\"og:title\" content=\"JUZGAN A ACUSADO DE MATAR CON UNA ESCOPETA A UN ALBA\u00d1IL - Apuntes de San Luis\" \/>\n<meta property=\"og:description\" content=\"Juan Carlos Avaca ten\u00eda 51 a\u00f1os y era alba\u00f1il. El 11 de diciembre de 2019,...\" \/>\n<meta property=\"og:url\" content=\"https:\/\/apuntesdesanluis.com\/index.php\/2024\/11\/05\/juzgan-a-acusado-de-matar-con-una-escopeta-a-un-albanil\/\" \/>\n<meta property=\"og:site_name\" content=\"Apuntes de San Luis\" \/>\n<meta property=\"article:published_time\" content=\"2024-11-05T21:49:29+00:00\" \/>\n<meta property=\"og:image\" content=\"https:\/\/apuntesdesanluis.com\/wp-content\/uploads\/2024\/11\/JUICIO.png\" \/>\n\t<meta property=\"og:image:width\" content=\"849\" \/>\n\t<meta property=\"og:image:height\" content=\"498\" \/>\n\t<meta property=\"og:image:type\" content=\"image\/png\" \/>\n<meta name=\"author\" content=\"apuntesdesanluis.com\" \/>\n<meta name=\"twitter:card\" content=\"summary_large_image\" \/>\n<meta name=\"twitter:label1\" content=\"Escrito por\" \/>\n\t<meta name=\"twitter:data1\" content=\"apuntesdesanluis.com\" \/>\n\t<meta name=\"twitter:label2\" content=\"Tiempo de lectura\" \/>\n\t<meta name=\"twitter:data2\" content=\"3 minutos\" \/>\n<script type=\"application\/ld+json\" class=\"yoast-schema-graph\">{\"@context\":\"https:\/\/schema.org\",\"@graph\":[{\"@type\":\"Article\",\"@id\":\"https:\/\/apuntesdesanluis.com\/index.php\/2024\/11\/05\/juzgan-a-acusado-de-matar-con-una-escopeta-a-un-albanil\/#article\",\"isPartOf\":{\"@id\":\"https:\/\/apuntesdesanluis.com\/index.php\/2024\/11\/05\/juzgan-a-acusado-de-matar-con-una-escopeta-a-un-albanil\/\"},\"author\":{\"name\":\"apuntesdesanluis.com\",\"@id\":\"https:\/\/apuntesdesanluis.com\/#\/schema\/person\/b55151d52296fcce64d1a72538a70b90\"},\"headline\":\"JUZGAN A ACUSADO DE MATAR CON UNA ESCOPETA A UN ALBA\u00d1IL\",\"datePublished\":\"2024-11-05T21:49:29+00:00\",\"mainEntityOfPage\":{\"@id\":\"https:\/\/apuntesdesanluis.com\/index.php\/2024\/11\/05\/juzgan-a-acusado-de-matar-con-una-escopeta-a-un-albanil\/\"},\"wordCount\":554,\"publisher\":{\"@id\":\"https:\/\/apuntesdesanluis.com\/#\/schema\/person\/b55151d52296fcce64d1a72538a70b90\"},\"image\":{\"@id\":\"https:\/\/apuntesdesanluis.com\/index.php\/2024\/11\/05\/juzgan-a-acusado-de-matar-con-una-escopeta-a-un-albanil\/#primaryimage\"},\"thumbnailUrl\":\"https:\/\/apuntesdesanluis.com\/wp-content\/uploads\/2024\/11\/JUICIO.png\",\"articleSection\":[\"Ciudad\/Provincia\"],\"inLanguage\":\"es-AR\"},{\"@type\":\"WebPage\",\"@id\":\"https:\/\/apuntesdesanluis.com\/index.php\/2024\/11\/05\/juzgan-a-acusado-de-matar-con-una-escopeta-a-un-albanil\/\",\"url\":\"https:\/\/apuntesdesanluis.com\/index.php\/2024\/11\/05\/juzgan-a-acusado-de-matar-con-una-escopeta-a-un-albanil\/\",\"name\":\"JUZGAN A ACUSADO DE MATAR CON UNA ESCOPETA A UN ALBA\u00d1IL - Apuntes de San Luis\",\"isPartOf\":{\"@id\":\"https:\/\/apuntesdesanluis.com\/#website\"},\"primaryImageOfPage\":{\"@id\":\"https:\/\/apuntesdesanluis.com\/index.php\/2024\/11\/05\/juzgan-a-acusado-de-matar-con-una-escopeta-a-un-albanil\/#primaryimage\"},\"image\":{\"@id\":\"https:\/\/apuntesdesanluis.com\/index.php\/2024\/11\/05\/juzgan-a-acusado-de-matar-con-una-escopeta-a-un-albanil\/#primaryimage\"},\"thumbnailUrl\":\"https:\/\/apuntesdesanluis.com\/wp-content\/uploads\/2024\/11\/JUICIO.png\",\"datePublished\":\"2024-11-05T21:49:29+00:00\",\"breadcrumb\":{\"@id\":\"https:\/\/apuntesdesanluis.com\/index.php\/2024\/11\/05\/juzgan-a-acusado-de-matar-con-una-escopeta-a-un-albanil\/#breadcrumb\"},\"inLanguage\":\"es-AR\",\"potentialAction\":[{\"@type\":\"ReadAction\",\"target\":[\"https:\/\/apuntesdesanluis.com\/index.php\/2024\/11\/05\/juzgan-a-acusado-de-matar-con-una-escopeta-a-un-albanil\/\"]}]},{\"@type\":\"ImageObject\",\"inLanguage\":\"es-AR\",\"@id\":\"https:\/\/apuntesdesanluis.com\/index.php\/2024\/11\/05\/juzgan-a-acusado-de-matar-con-una-escopeta-a-un-albanil\/#primaryimage\",\"url\":\"https:\/\/apuntesdesanluis.com\/wp-content\/uploads\/2024\/11\/JUICIO.png\",\"contentUrl\":\"https:\/\/apuntesdesanluis.com\/wp-content\/uploads\/2024\/11\/JUICIO.png\",\"width\":849,\"height\":498},{\"@type\":\"BreadcrumbList\",\"@id\":\"https:\/\/apuntesdesanluis.com\/index.php\/2024\/11\/05\/juzgan-a-acusado-de-matar-con-una-escopeta-a-un-albanil\/#breadcrumb\",\"itemListElement\":[{\"@type\":\"ListItem\",\"position\":1,\"name\":\"Inicio\",\"item\":\"https:\/\/apuntesdesanluis.com\/\"},{\"@type\":\"ListItem\",\"position\":2,\"name\":\"JUZGAN A ACUSADO DE MATAR CON UNA ESCOPETA A UN ALBA\u00d1IL\"}]},{\"@type\":\"WebSite\",\"@id\":\"https:\/\/apuntesdesanluis.com\/#website\",\"url\":\"https:\/\/apuntesdesanluis.com\/\",\"name\":\"Apuntes de San Luis\",\"description\":\"\",\"publisher\":{\"@id\":\"https:\/\/apuntesdesanluis.com\/#\/schema\/person\/b55151d52296fcce64d1a72538a70b90\"},\"potentialAction\":[{\"@type\":\"SearchAction\",\"target\":{\"@type\":\"EntryPoint\",\"urlTemplate\":\"https:\/\/apuntesdesanluis.com\/?s={search_term_string}\"},\"query-input\":{\"@type\":\"PropertyValueSpecification\",\"valueRequired\":true,\"valueName\":\"search_term_string\"}}],\"inLanguage\":\"es-AR\"},{\"@type\":[\"Person\",\"Organization\"],\"@id\":\"https:\/\/apuntesdesanluis.com\/#\/schema\/person\/b55151d52296fcce64d1a72538a70b90\",\"name\":\"apuntesdesanluis.com\",\"image\":{\"@type\":\"ImageObject\",\"inLanguage\":\"es-AR\",\"@id\":\"https:\/\/apuntesdesanluis.com\/#\/schema\/person\/image\/\",\"url\":\"https:\/\/apuntesdesanluis.com\/wp-content\/uploads\/2023\/07\/cropped-apuntesdesanluis.png\",\"contentUrl\":\"https:\/\/apuntesdesanluis.com\/wp-content\/uploads\/2023\/07\/cropped-apuntesdesanluis.png\",\"width\":450,\"height\":112,\"caption\":\"apuntesdesanluis.com\"},\"logo\":{\"@id\":\"https:\/\/apuntesdesanluis.com\/#\/schema\/person\/image\/\"},\"sameAs\":[\"https:\/\/apuntesdesanluis.com\"],\"url\":\"https:\/\/apuntesdesanluis.com\/index.php\/author\/apuntesdesanluis-com\/\"}]}<\/script>\n<!-- \/ Yoast SEO plugin. -->","yoast_head_json":{"title":"JUZGAN A ACUSADO DE MATAR CON UNA ESCOPETA A UN ALBA\u00d1IL - Apuntes de San Luis","robots":{"index":"index","follow":"follow","max-snippet":"max-snippet:-1","max-image-preview":"max-image-preview:large","max-video-preview":"max-video-preview:-1"},"canonical":"https:\/\/apuntesdesanluis.com\/index.php\/2024\/11\/05\/juzgan-a-acusado-de-matar-con-una-escopeta-a-un-albanil\/","og_locale":"es_ES","og_type":"article","og_title":"JUZGAN A ACUSADO DE MATAR CON UNA ESCOPETA A UN ALBA\u00d1IL - Apuntes de San Luis","og_description":"Juan Carlos Avaca ten\u00eda 51 a\u00f1os y era alba\u00f1il. El 11 de diciembre de 2019,...","og_url":"https:\/\/apuntesdesanluis.com\/index.php\/2024\/11\/05\/juzgan-a-acusado-de-matar-con-una-escopeta-a-un-albanil\/","og_site_name":"Apuntes de San Luis","article_published_time":"2024-11-05T21:49:29+00:00","og_image":[{"width":849,"height":498,"url":"https:\/\/apuntesdesanluis.com\/wp-content\/uploads\/2024\/11\/JUICIO.png","type":"image\/png"}],"author":"apuntesdesanluis.com","twitter_card":"summary_large_image","twitter_misc":{"Escrito por":"apuntesdesanluis.com","Tiempo de lectura":"3 minutos"},"schema":{"@context":"https:\/\/schema.org","@graph":[{"@type":"Article","@id":"https:\/\/apuntesdesanluis.com\/index.php\/2024\/11\/05\/juzgan-a-acusado-de-matar-con-una-escopeta-a-un-albanil\/#article","isPartOf":{"@id":"https:\/\/apuntesdesanluis.com\/index.php\/2024\/11\/05\/juzgan-a-acusado-de-matar-con-una-escopeta-a-un-albanil\/"},"author":{"name":"apuntesdesanluis.com","@id":"https:\/\/apuntesdesanluis.com\/#\/schema\/person\/b55151d52296fcce64d1a72538a70b90"},"headline":"JUZGAN A ACUSADO DE MATAR CON UNA ESCOPETA A UN ALBA\u00d1IL","datePublished":"2024-11-05T21:49:29+00:00","mainEntityOfPage":{"@id":"https:\/\/apuntesdesanluis.com\/index.php\/2024\/11\/05\/juzgan-a-acusado-de-matar-con-una-escopeta-a-un-albanil\/"},"wordCount":554,"publisher":{"@id":"https:\/\/apuntesdesanluis.com\/#\/schema\/person\/b55151d52296fcce64d1a72538a70b90"},"image":{"@id":"https:\/\/apuntesdesanluis.com\/index.php\/2024\/11\/05\/juzgan-a-acusado-de-matar-con-una-escopeta-a-un-albanil\/#primaryimage"},"thumbnailUrl":"https:\/\/apuntesdesanluis.com\/wp-content\/uploads\/2024\/11\/JUICIO.png","articleSection":["Ciudad\/Provincia"],"inLanguage":"es-AR"},{"@type":"WebPage","@id":"https:\/\/apuntesdesanluis.com\/index.php\/2024\/11\/05\/juzgan-a-acusado-de-matar-con-una-escopeta-a-un-albanil\/","url":"https:\/\/apuntesdesanluis.com\/index.php\/2024\/11\/05\/juzgan-a-acusado-de-matar-con-una-escopeta-a-un-albanil\/","name":"JUZGAN A ACUSADO DE MATAR CON UNA ESCOPETA A UN ALBA\u00d1IL - Apuntes de San Luis","isPartOf":{"@id":"https:\/\/apuntesdesanluis.com\/#website"},"primaryImageOfPage":{"@id":"https:\/\/apuntesdesanluis.com\/index.php\/2024\/11\/05\/juzgan-a-acusado-de-matar-con-una-escopeta-a-un-albanil\/#primaryimage"},"image":{"@id":"https:\/\/apuntesdesanluis.com\/index.php\/2024\/11\/05\/juzgan-a-acusado-de-matar-con-una-escopeta-a-un-albanil\/#primaryimage"},"thumbnailUrl":"https:\/\/apuntesdesanluis.com\/wp-content\/uploads\/2024\/11\/JUICIO.png","datePublished":"2024-11-05T21:49:29+00:00","breadcrumb":{"@id":"https:\/\/apuntesdesanluis.com\/index.php\/2024\/11\/05\/juzgan-a-acusado-de-matar-con-una-escopeta-a-un-albanil\/#breadcrumb"},"inLanguage":"es-AR","potentialAction":[{"@type":"ReadAction","target":["https:\/\/apuntesdesanluis.com\/index.php\/2024\/11\/05\/juzgan-a-acusado-de-matar-con-una-escopeta-a-un-albanil\/"]}]},{"@type":"ImageObject","inLanguage":"es-AR","@id":"https:\/\/apuntesdesanluis.com\/index.php\/2024\/11\/05\/juzgan-a-acusado-de-matar-con-una-escopeta-a-un-albanil\/#primaryimage","url":"https:\/\/apuntesdesanluis.com\/wp-content\/uploads\/2024\/11\/JUICIO.png","contentUrl":"https:\/\/apuntesdesanluis.com\/wp-content\/uploads\/2024\/11\/JUICIO.png","width":849,"height":498},{"@type":"BreadcrumbList","@id":"https:\/\/apuntesdesanluis.com\/index.php\/2024\/11\/05\/juzgan-a-acusado-de-matar-con-una-escopeta-a-un-albanil\/#breadcrumb","itemListElement":[{"@type":"ListItem","position":1,"name":"Inicio","item":"https:\/\/apuntesdesanluis.com\/"},{"@type":"ListItem","position":2,"name":"JUZGAN A ACUSADO DE MATAR CON UNA ESCOPETA A UN ALBA\u00d1IL"}]},{"@type":"WebSite","@id":"https:\/\/apuntesdesanluis.com\/#website","url":"https:\/\/apuntesdesanluis.com\/","name":"Apuntes de San Luis","description":"","publisher":{"@id":"https:\/\/apuntesdesanluis.com\/#\/schema\/person\/b55151d52296fcce64d1a72538a70b90"},"potentialAction":[{"@type":"SearchAction","target":{"@type":"EntryPoint","urlTemplate":"https:\/\/apuntesdesanluis.com\/?s={search_term_string}"},"query-input":{"@type":"PropertyValueSpecification","valueRequired":true,"valueName":"search_term_string"}}],"inLanguage":"es-AR"},{"@type":["Person","Organization"],"@id":"https:\/\/apuntesdesanluis.com\/#\/schema\/person\/b55151d52296fcce64d1a72538a70b90","name":"apuntesdesanluis.com","image":{"@type":"ImageObject","inLanguage":"es-AR","@id":"https:\/\/apuntesdesanluis.com\/#\/schema\/person\/image\/","url":"https:\/\/apuntesdesanluis.com\/wp-content\/uploads\/2023\/07\/cropped-apuntesdesanluis.png","contentUrl":"https:\/\/apuntesdesanluis.com\/wp-content\/uploads\/2023\/07\/cropped-apuntesdesanluis.png","width":450,"height":112,"caption":"apuntesdesanluis.com"},"logo":{"@id":"https:\/\/apuntesdesanluis.com\/#\/schema\/person\/image\/"},"sameAs":["https:\/\/apuntesdesanluis.com"],"url":"https:\/\/apuntesdesanluis.com\/index.php\/author\/apuntesdesanluis-com\/"}]}},"featured_image_urls":{"full":["https:\/\/apuntesdesanluis.com\/wp-content\/uploads\/2024\/11\/JUICIO.png",849,498,false],"thumbnail":["https:\/\/apuntesdesanluis.com\/wp-content\/uploads\/2024\/11\/JUICIO-150x150.png",150,150,true],"medium":["https:\/\/apuntesdesanluis.com\/wp-content\/uploads\/2024\/11\/JUICIO-300x176.png",300,176,true],"medium_large":["https:\/\/apuntesdesanluis.com\/wp-content\/uploads\/2024\/11\/JUICIO-768x450.png",640,375,true],"large":["https:\/\/apuntesdesanluis.com\/wp-content\/uploads\/2024\/11\/JUICIO.png",640,375,false],"1536x1536":["https:\/\/apuntesdesanluis.com\/wp-content\/uploads\/2024\/11\/JUICIO.png",849,498,false],"2048x2048":["https:\/\/apuntesdesanluis.com\/wp-content\/uploads\/2024\/11\/JUICIO.png",849,498,false],"newsever-slider-full":["https:\/\/apuntesdesanluis.com\/wp-content\/uploads\/2024\/11\/JUICIO.png",849,498,false],"newsever-featured":["https:\/\/apuntesdesanluis.com\/wp-content\/uploads\/2024\/11\/JUICIO.png",849,498,false],"newsever-medium":["https:\/\/apuntesdesanluis.com\/wp-content\/uploads\/2024\/11\/JUICIO-720x475.png",720,475,true]},"author_info":{"display_name":"apuntesdesanluis.com","author_link":"https:\/\/apuntesdesanluis.com\/index.php\/author\/apuntesdesanluis-com\/"},"category_info":"<a href=\"https:\/\/apuntesdesanluis.com\/index.php\/category\/ciudad-provincia\/\" rel=\"category tag\">Ciudad\/Provincia<\/a>","tag_info":"Ciudad\/Provincia","comment_count":"0","_links":{"self":[{"href":"https:\/\/apuntesdesanluis.com\/index.php\/wp-json\/wp\/v2\/posts\/24897","targetHints":{"allow":["GET"]}}],"collection":[{"href":"https:\/\/apuntesdesanluis.com\/index.php\/wp-json\/wp\/v2\/posts"}],"about":[{"href":"https:\/\/apuntesdesanluis.com\/index.php\/wp-json\/wp\/v2\/types\/post"}],"author":[{"embeddable":true,"href":"https:\/\/apuntesdesanluis.com\/index.php\/wp-json\/wp\/v2\/users\/1"}],"replies":[{"embeddable":true,"href":"https:\/\/apuntesdesanluis.com\/index.php\/wp-json\/wp\/v2\/comments?post=24897"}],"version-history":[{"count":1,"href":"https:\/\/apuntesdesanluis.com\/index.php\/wp-json\/wp\/v2\/posts\/24897\/revisions"}],"predecessor-version":[{"id":24900,"href":"https:\/\/apuntesdesanluis.com\/index.php\/wp-json\/wp\/v2\/posts\/24897\/revisions\/24900"}],"wp:featuredmedia":[{"embeddable":true,"href":"https:\/\/apuntesdesanluis.com\/index.php\/wp-json\/wp\/v2\/media\/24898"}],"wp:attachment":[{"href":"https:\/\/apuntesdesanluis.com\/index.php\/wp-json\/wp\/v2\/media?parent=24897"}],"wp:term":[{"taxonomy":"category","embeddable":true,"href":"https:\/\/apuntesdesanluis.com\/index.php\/wp-json\/wp\/v2\/categories?post=24897"},{"taxonomy":"post_tag","embeddable":true,"href":"https:\/\/apuntesdesanluis.com\/index.php\/wp-json\/wp\/v2\/tags?post=24897"}],"curies":[{"name":"wp","href":"https:\/\/api.w.org\/{rel}","templated":true}]}}