{"id":24906,"date":"2024-11-05T20:37:59","date_gmt":"2024-11-05T23:37:59","guid":{"rendered":"https:\/\/apuntesdesanluis.com\/?p=24906"},"modified":"2024-12-02T20:23:21","modified_gmt":"2024-12-02T23:23:21","slug":"exclusivo-cacace-asumiria-un-importante-cargo-en-el-gabinete-de-javier-milei","status":"publish","type":"post","link":"https:\/\/apuntesdesanluis.com\/index.php\/2024\/11\/05\/exclusivo-cacace-asumiria-un-importante-cargo-en-el-gabinete-de-javier-milei\/","title":{"rendered":"EXCLUSIVO: CACACE ASUMIR\u00cdA UN IMPORTANTE CARGO EN EL GABINETE DE JAVIER MILEI"},"content":{"rendered":"<h3>El ex diputado nacional de nuestra provincia, <strong>Alejandro Cacace<\/strong>, recibi\u00f3 un ofrecimiento para asumir un importante cargo en la flamante cartera que conduce <strong>Federico Sturzenegger<\/strong>, quien desde el 5 de julio se encuentra al frente del Ministerio de Desregulaci\u00f3n y Transformaci\u00f3n del Estado, creado por la actual gesti\u00f3n de <strong>Javier Milei<\/strong>.<\/h3>\n<p><img fetchpriority=\"high\" decoding=\"async\" class=\"wp-image-24917 aligncenter\" src=\"https:\/\/apuntesdesanluis.com\/wp-content\/uploads\/2024\/11\/sturzenegger-con-milei-300x231.png\" alt=\"\" width=\"751\" height=\"578\" srcset=\"https:\/\/apuntesdesanluis.com\/wp-content\/uploads\/2024\/11\/sturzenegger-con-milei-300x231.png 300w, https:\/\/apuntesdesanluis.com\/wp-content\/uploads\/2024\/11\/sturzenegger-con-milei.png 620w\" sizes=\"(max-width: 751px) 100vw, 751px\" \/><\/p>\n<h3>Dos fuentes del radicalismo y una de Terrazas del Portezuelo confirmaron a <span style=\"color: #3366ff;\"><strong>Apuntes de San Luis<\/strong> <\/span>el ofrecimiento, que incluso contar\u00eda con el visto bueno del gobernador <strong>Claudio Poggi<\/strong>, a quien se lo habr\u00eda comunicado el propio dirigente puntano, al igual que a las autoridades de su partido.<\/h3>\n<h3>Cacace, consultado por este medio, no neg\u00f3 la versi\u00f3n y utiliz\u00f3 una coloquial expresi\u00f3n diplom\u00e1tica para responder: \u201cNo coment\u201d (Sin comentarios).<\/h3>\n<h3>Actualmente el dirigente se encuentra de visita en Estados Unidos participando en un programa organizado por la Fundaci\u00f3n Di\u00e1logo Argentino Americano, \u201cenfocado en analizar el impacto de las elecciones estadounidenses en Am\u00e9rica Latina. Esta agenda incluye reuniones con importantes actores y expertos en pol\u00edtica, comercio y relaciones exteriores en Washington, D.C\u201d.<\/h3>\n<h3><a href=\"https:\/\/www.facebook.com\/alejandrocacace\/posts\/pfbid02p1tGCKkRGWV9qta5yQNrQWn6sNbA4NnsP9faemewJAiukfjzdXztVRfKH2rX95CUl\" target=\"_blank\" rel=\"noopener\"><img decoding=\"async\" class=\"wp-image-24907 aligncenter\" src=\"https:\/\/apuntesdesanluis.com\/wp-content\/uploads\/2024\/11\/posteo-cacace-258x300.png\" alt=\"\" width=\"591\" height=\"687\" srcset=\"https:\/\/apuntesdesanluis.com\/wp-content\/uploads\/2024\/11\/posteo-cacace-258x300.png 258w, https:\/\/apuntesdesanluis.com\/wp-content\/uploads\/2024\/11\/posteo-cacace.png 628w\" sizes=\"(max-width: 591px) 100vw, 591px\" \/><\/a><\/h3>\n<h4 style=\"text-align: center;\"><span style=\"color: #3366ff;\"><em>(Click sobre la imagen para ver posteo).<\/em><\/span><\/h4>\n<h3>Antes, el 25 de octubre pasado, estuvo en Uruguay, con la misi\u00f3n de \u201cacompa\u00f1amiento Electoral 2024, organizada por el Observatorio de Estudios Electorales y Pol\u00edtico Institucionales de la Universidad Nacional de La Plata y el Instituto Universitario Sudamericano\u201d.<\/h3>\n<h3>Durante esos d\u00edas, estuvo participando de diversas actividades, entre ellas \u201cvisitas al Palacio Legislativo y al Parlasur, entrevistas con actores clave del proceso electoral y un recorrido por centros de votaci\u00f3n en Montevideo el d\u00eda de las elecciones presidenciales. Adem\u00e1s, se analizar\u00e1n temas cruciales para el futuro del pa\u00eds como la reforma de la seguridad social y el plebiscito sobre allanamientos nocturnos\u201d.<\/h3>\n<p><img decoding=\"async\" class=\"wp-image-24916 aligncenter\" src=\"https:\/\/apuntesdesanluis.com\/wp-content\/uploads\/2024\/11\/cacace-en-uruguay-300x231.png\" alt=\"\" width=\"681\" height=\"524\" srcset=\"https:\/\/apuntesdesanluis.com\/wp-content\/uploads\/2024\/11\/cacace-en-uruguay-300x231.png 300w, https:\/\/apuntesdesanluis.com\/wp-content\/uploads\/2024\/11\/cacace-en-uruguay.png 499w\" sizes=\"(max-width: 681px) 100vw, 681px\" \/><\/p>\n<h3>El cargo que se le habr\u00eda ofrecido a Cacace es la <strong>Subsecretar\u00eda de Reformas Estructurales<\/strong>, del Ministerio de Desregulaci\u00f3n y Transformaci\u00f3n del Estado, creada por Decreto 644\/2024.<\/h3>\n<h3>El ex diputado y actual Secretario Parlamentario del Bloque UCR, por ahora se encuentra analizando el convite y es muy factible que a su regreso d\u00e9 una respuesta afirmativa.<\/h3>\n<h3>De todos modos, su asunci\u00f3n se demorar\u00eda algunos d\u00edas, a la espera de que el Congreso Nacional apruebe el presupuesto 2025, indic\u00f3 una de las fuentes consultadas.<\/h3>\n<h3>Por lo que trascendi\u00f3 en torno de este tema, uno de los que m\u00e1s apoya la movida de sumar a Cacace al gobierno nacional es el diputado nacional <strong>Rodrigo De Loredo<\/strong>, que encabeza el sector &#8220;dialoguista&#8221; de la UCR.<\/h3>\n<h3>Habr\u00e1 que ver c\u00f3mo cae esta noticia en el resto del radicalismo, si finalmente el dirigente de San Luis acepta incorporarse al gabinete de Javier Milei. Como se recordar\u00e1, recientemente hubo un serio chisporroteo cuando el presidente denost\u00f3 la figura de Ra\u00fal Alfons\u00edn, a quien adjudic\u00f3 haber tenido una conducta &#8220;golpista&#8221;. Y a los pocos d\u00edas, en lugar de solidarizarse, chicane\u00f3 al senador y titular de la UCR <strong>Mart\u00edn Lousteau<\/strong>, tras el ataque a la sede del Comit\u00e9 Nacional del radicalismo.<\/h3>\n<p>&nbsp;<\/p>\n<p>&nbsp;<\/p>\n<p>&nbsp;<\/p>\n<p>&nbsp;<\/p>\n<p>&nbsp;<\/p>\n<p>&nbsp;<\/p>\n<p>&nbsp;<\/p>\n<p>&nbsp;<\/p>\n<p>&nbsp;<\/p>\n<p>&nbsp;<\/p>\n<p>&nbsp;<\/p>\n<p>&nbsp;<\/p>\n<p>&nbsp;<\/p>\n<p>&nbsp;<\/p>\n","protected":false},"excerpt":{"rendered":"<p>El ex diputado nacional de nuestra provincia, Alejandro Cacace, recibi\u00f3 un ofrecimiento para asumir un&#8230;<\/p>\n","protected":false},"author":1,"featured_media":24908,"comment_status":"closed","ping_status":"closed","sticky":false,"template":"","format":"standard","meta":{"footnotes":""},"categories":[9],"tags":[],"class_list":["post-24906","post","type-post","status-publish","format-standard","has-post-thumbnail","hentry","category-opinion"],"yoast_head":"<!-- This site is optimized with the Yoast SEO plugin v26.1.1 - https:\/\/yoast.com\/wordpress\/plugins\/seo\/ -->\n<title>EXCLUSIVO: CACACE ASUMIR\u00cdA UN IMPORTANTE CARGO EN EL GABINETE DE JAVIER MILEI - Apuntes de San Luis<\/title>\n<meta name=\"robots\" content=\"index, follow, max-snippet:-1, max-image-preview:large, max-video-preview:-1\" \/>\n<link rel=\"canonical\" href=\"https:\/\/apuntesdesanluis.com\/index.php\/2024\/11\/05\/exclusivo-cacace-asumiria-un-importante-cargo-en-el-gabinete-de-javier-milei\/\" \/>\n<meta property=\"og:locale\" content=\"es_ES\" \/>\n<meta property=\"og:type\" content=\"article\" \/>\n<meta property=\"og:title\" content=\"EXCLUSIVO: CACACE ASUMIR\u00cdA UN IMPORTANTE CARGO EN EL GABINETE DE JAVIER MILEI - Apuntes de San Luis\" \/>\n<meta property=\"og:description\" content=\"El ex diputado nacional de nuestra provincia, Alejandro Cacace, recibi\u00f3 un ofrecimiento para asumir un...\" \/>\n<meta property=\"og:url\" content=\"https:\/\/apuntesdesanluis.com\/index.php\/2024\/11\/05\/exclusivo-cacace-asumiria-un-importante-cargo-en-el-gabinete-de-javier-milei\/\" \/>\n<meta property=\"og:site_name\" content=\"Apuntes de San Luis\" \/>\n<meta property=\"article:published_time\" content=\"2024-11-05T23:37:59+00:00\" \/>\n<meta property=\"article:modified_time\" content=\"2024-12-02T23:23:21+00:00\" \/>\n<meta property=\"og:image\" content=\"https:\/\/apuntesdesanluis.com\/wp-content\/uploads\/2024\/11\/Ale-cacace.png\" \/>\n\t<meta property=\"og:image:width\" content=\"776\" \/>\n\t<meta property=\"og:image:height\" content=\"473\" \/>\n\t<meta property=\"og:image:type\" content=\"image\/png\" \/>\n<meta name=\"author\" content=\"apuntesdesanluis.com\" \/>\n<meta name=\"twitter:card\" content=\"summary_large_image\" \/>\n<meta name=\"twitter:label1\" content=\"Escrito por\" \/>\n\t<meta name=\"twitter:data1\" content=\"apuntesdesanluis.com\" \/>\n\t<meta name=\"twitter:label2\" content=\"Tiempo de lectura\" \/>\n\t<meta name=\"twitter:data2\" content=\"4 minutos\" \/>\n<script type=\"application\/ld+json\" class=\"yoast-schema-graph\">{\"@context\":\"https:\/\/schema.org\",\"@graph\":[{\"@type\":\"Article\",\"@id\":\"https:\/\/apuntesdesanluis.com\/index.php\/2024\/11\/05\/exclusivo-cacace-asumiria-un-importante-cargo-en-el-gabinete-de-javier-milei\/#article\",\"isPartOf\":{\"@id\":\"https:\/\/apuntesdesanluis.com\/index.php\/2024\/11\/05\/exclusivo-cacace-asumiria-un-importante-cargo-en-el-gabinete-de-javier-milei\/\"},\"author\":{\"name\":\"apuntesdesanluis.com\",\"@id\":\"https:\/\/apuntesdesanluis.com\/#\/schema\/person\/b55151d52296fcce64d1a72538a70b90\"},\"headline\":\"EXCLUSIVO: CACACE ASUMIR\u00cdA UN IMPORTANTE CARGO EN EL GABINETE DE JAVIER MILEI\",\"datePublished\":\"2024-11-05T23:37:59+00:00\",\"dateModified\":\"2024-12-02T23:23:21+00:00\",\"mainEntityOfPage\":{\"@id\":\"https:\/\/apuntesdesanluis.com\/index.php\/2024\/11\/05\/exclusivo-cacace-asumiria-un-importante-cargo-en-el-gabinete-de-javier-milei\/\"},\"wordCount\":538,\"publisher\":{\"@id\":\"https:\/\/apuntesdesanluis.com\/#\/schema\/person\/b55151d52296fcce64d1a72538a70b90\"},\"image\":{\"@id\":\"https:\/\/apuntesdesanluis.com\/index.php\/2024\/11\/05\/exclusivo-cacace-asumiria-un-importante-cargo-en-el-gabinete-de-javier-milei\/#primaryimage\"},\"thumbnailUrl\":\"https:\/\/apuntesdesanluis.com\/wp-content\/uploads\/2024\/11\/Ale-cacace.png\",\"articleSection\":[\"Opini\u00f3n\"],\"inLanguage\":\"es-AR\"},{\"@type\":\"WebPage\",\"@id\":\"https:\/\/apuntesdesanluis.com\/index.php\/2024\/11\/05\/exclusivo-cacace-asumiria-un-importante-cargo-en-el-gabinete-de-javier-milei\/\",\"url\":\"https:\/\/apuntesdesanluis.com\/index.php\/2024\/11\/05\/exclusivo-cacace-asumiria-un-importante-cargo-en-el-gabinete-de-javier-milei\/\",\"name\":\"EXCLUSIVO: CACACE ASUMIR\u00cdA UN IMPORTANTE CARGO EN EL GABINETE DE JAVIER MILEI - Apuntes de San Luis\",\"isPartOf\":{\"@id\":\"https:\/\/apuntesdesanluis.com\/#website\"},\"primaryImageOfPage\":{\"@id\":\"https:\/\/apuntesdesanluis.com\/index.php\/2024\/11\/05\/exclusivo-cacace-asumiria-un-importante-cargo-en-el-gabinete-de-javier-milei\/#primaryimage\"},\"image\":{\"@id\":\"https:\/\/apuntesdesanluis.com\/index.php\/2024\/11\/05\/exclusivo-cacace-asumiria-un-importante-cargo-en-el-gabinete-de-javier-milei\/#primaryimage\"},\"thumbnailUrl\":\"https:\/\/apuntesdesanluis.com\/wp-content\/uploads\/2024\/11\/Ale-cacace.png\",\"datePublished\":\"2024-11-05T23:37:59+00:00\",\"dateModified\":\"2024-12-02T23:23:21+00:00\",\"breadcrumb\":{\"@id\":\"https:\/\/apuntesdesanluis.com\/index.php\/2024\/11\/05\/exclusivo-cacace-asumiria-un-importante-cargo-en-el-gabinete-de-javier-milei\/#breadcrumb\"},\"inLanguage\":\"es-AR\",\"potentialAction\":[{\"@type\":\"ReadAction\",\"target\":[\"https:\/\/apuntesdesanluis.com\/index.php\/2024\/11\/05\/exclusivo-cacace-asumiria-un-importante-cargo-en-el-gabinete-de-javier-milei\/\"]}]},{\"@type\":\"ImageObject\",\"inLanguage\":\"es-AR\",\"@id\":\"https:\/\/apuntesdesanluis.com\/index.php\/2024\/11\/05\/exclusivo-cacace-asumiria-un-importante-cargo-en-el-gabinete-de-javier-milei\/#primaryimage\",\"url\":\"https:\/\/apuntesdesanluis.com\/wp-content\/uploads\/2024\/11\/Ale-cacace.png\",\"contentUrl\":\"https:\/\/apuntesdesanluis.com\/wp-content\/uploads\/2024\/11\/Ale-cacace.png\",\"width\":776,\"height\":473},{\"@type\":\"BreadcrumbList\",\"@id\":\"https:\/\/apuntesdesanluis.com\/index.php\/2024\/11\/05\/exclusivo-cacace-asumiria-un-importante-cargo-en-el-gabinete-de-javier-milei\/#breadcrumb\",\"itemListElement\":[{\"@type\":\"ListItem\",\"position\":1,\"name\":\"Inicio\",\"item\":\"https:\/\/apuntesdesanluis.com\/\"},{\"@type\":\"ListItem\",\"position\":2,\"name\":\"EXCLUSIVO: CACACE ASUMIR\u00cdA UN IMPORTANTE CARGO EN EL GABINETE DE JAVIER MILEI\"}]},{\"@type\":\"WebSite\",\"@id\":\"https:\/\/apuntesdesanluis.com\/#website\",\"url\":\"https:\/\/apuntesdesanluis.com\/\",\"name\":\"Apuntes de San Luis\",\"description\":\"\",\"publisher\":{\"@id\":\"https:\/\/apuntesdesanluis.com\/#\/schema\/person\/b55151d52296fcce64d1a72538a70b90\"},\"potentialAction\":[{\"@type\":\"SearchAction\",\"target\":{\"@type\":\"EntryPoint\",\"urlTemplate\":\"https:\/\/apuntesdesanluis.com\/?s={search_term_string}\"},\"query-input\":{\"@type\":\"PropertyValueSpecification\",\"valueRequired\":true,\"valueName\":\"search_term_string\"}}],\"inLanguage\":\"es-AR\"},{\"@type\":[\"Person\",\"Organization\"],\"@id\":\"https:\/\/apuntesdesanluis.com\/#\/schema\/person\/b55151d52296fcce64d1a72538a70b90\",\"name\":\"apuntesdesanluis.com\",\"image\":{\"@type\":\"ImageObject\",\"inLanguage\":\"es-AR\",\"@id\":\"https:\/\/apuntesdesanluis.com\/#\/schema\/person\/image\/\",\"url\":\"https:\/\/apuntesdesanluis.com\/wp-content\/uploads\/2023\/07\/cropped-apuntesdesanluis.png\",\"contentUrl\":\"https:\/\/apuntesdesanluis.com\/wp-content\/uploads\/2023\/07\/cropped-apuntesdesanluis.png\",\"width\":450,\"height\":112,\"caption\":\"apuntesdesanluis.com\"},\"logo\":{\"@id\":\"https:\/\/apuntesdesanluis.com\/#\/schema\/person\/image\/\"},\"sameAs\":[\"https:\/\/apuntesdesanluis.com\"],\"url\":\"https:\/\/apuntesdesanluis.com\/index.php\/author\/apuntesdesanluis-com\/\"}]}<\/script>\n<!-- \/ Yoast SEO plugin. -->","yoast_head_json":{"title":"EXCLUSIVO: CACACE ASUMIR\u00cdA UN IMPORTANTE CARGO EN EL GABINETE DE JAVIER MILEI - Apuntes de San Luis","robots":{"index":"index","follow":"follow","max-snippet":"max-snippet:-1","max-image-preview":"max-image-preview:large","max-video-preview":"max-video-preview:-1"},"canonical":"https:\/\/apuntesdesanluis.com\/index.php\/2024\/11\/05\/exclusivo-cacace-asumiria-un-importante-cargo-en-el-gabinete-de-javier-milei\/","og_locale":"es_ES","og_type":"article","og_title":"EXCLUSIVO: CACACE ASUMIR\u00cdA UN IMPORTANTE CARGO EN EL GABINETE DE JAVIER MILEI - Apuntes de San Luis","og_description":"El ex diputado nacional de nuestra provincia, Alejandro Cacace, recibi\u00f3 un ofrecimiento para asumir un...","og_url":"https:\/\/apuntesdesanluis.com\/index.php\/2024\/11\/05\/exclusivo-cacace-asumiria-un-importante-cargo-en-el-gabinete-de-javier-milei\/","og_site_name":"Apuntes de San Luis","article_published_time":"2024-11-05T23:37:59+00:00","article_modified_time":"2024-12-02T23:23:21+00:00","og_image":[{"width":776,"height":473,"url":"https:\/\/apuntesdesanluis.com\/wp-content\/uploads\/2024\/11\/Ale-cacace.png","type":"image\/png"}],"author":"apuntesdesanluis.com","twitter_card":"summary_large_image","twitter_misc":{"Escrito por":"apuntesdesanluis.com","Tiempo de lectura":"4 minutos"},"schema":{"@context":"https:\/\/schema.org","@graph":[{"@type":"Article","@id":"https:\/\/apuntesdesanluis.com\/index.php\/2024\/11\/05\/exclusivo-cacace-asumiria-un-importante-cargo-en-el-gabinete-de-javier-milei\/#article","isPartOf":{"@id":"https:\/\/apuntesdesanluis.com\/index.php\/2024\/11\/05\/exclusivo-cacace-asumiria-un-importante-cargo-en-el-gabinete-de-javier-milei\/"},"author":{"name":"apuntesdesanluis.com","@id":"https:\/\/apuntesdesanluis.com\/#\/schema\/person\/b55151d52296fcce64d1a72538a70b90"},"headline":"EXCLUSIVO: CACACE ASUMIR\u00cdA UN IMPORTANTE CARGO EN EL GABINETE DE JAVIER MILEI","datePublished":"2024-11-05T23:37:59+00:00","dateModified":"2024-12-02T23:23:21+00:00","mainEntityOfPage":{"@id":"https:\/\/apuntesdesanluis.com\/index.php\/2024\/11\/05\/exclusivo-cacace-asumiria-un-importante-cargo-en-el-gabinete-de-javier-milei\/"},"wordCount":538,"publisher":{"@id":"https:\/\/apuntesdesanluis.com\/#\/schema\/person\/b55151d52296fcce64d1a72538a70b90"},"image":{"@id":"https:\/\/apuntesdesanluis.com\/index.php\/2024\/11\/05\/exclusivo-cacace-asumiria-un-importante-cargo-en-el-gabinete-de-javier-milei\/#primaryimage"},"thumbnailUrl":"https:\/\/apuntesdesanluis.com\/wp-content\/uploads\/2024\/11\/Ale-cacace.png","articleSection":["Opini\u00f3n"],"inLanguage":"es-AR"},{"@type":"WebPage","@id":"https:\/\/apuntesdesanluis.com\/index.php\/2024\/11\/05\/exclusivo-cacace-asumiria-un-importante-cargo-en-el-gabinete-de-javier-milei\/","url":"https:\/\/apuntesdesanluis.com\/index.php\/2024\/11\/05\/exclusivo-cacace-asumiria-un-importante-cargo-en-el-gabinete-de-javier-milei\/","name":"EXCLUSIVO: CACACE ASUMIR\u00cdA UN IMPORTANTE CARGO EN EL GABINETE DE JAVIER MILEI - Apuntes de San Luis","isPartOf":{"@id":"https:\/\/apuntesdesanluis.com\/#website"},"primaryImageOfPage":{"@id":"https:\/\/apuntesdesanluis.com\/index.php\/2024\/11\/05\/exclusivo-cacace-asumiria-un-importante-cargo-en-el-gabinete-de-javier-milei\/#primaryimage"},"image":{"@id":"https:\/\/apuntesdesanluis.com\/index.php\/2024\/11\/05\/exclusivo-cacace-asumiria-un-importante-cargo-en-el-gabinete-de-javier-milei\/#primaryimage"},"thumbnailUrl":"https:\/\/apuntesdesanluis.com\/wp-content\/uploads\/2024\/11\/Ale-cacace.png","datePublished":"2024-11-05T23:37:59+00:00","dateModified":"2024-12-02T23:23:21+00:00","breadcrumb":{"@id":"https:\/\/apuntesdesanluis.com\/index.php\/2024\/11\/05\/exclusivo-cacace-asumiria-un-importante-cargo-en-el-gabinete-de-javier-milei\/#breadcrumb"},"inLanguage":"es-AR","potentialAction":[{"@type":"ReadAction","target":["https:\/\/apuntesdesanluis.com\/index.php\/2024\/11\/05\/exclusivo-cacace-asumiria-un-importante-cargo-en-el-gabinete-de-javier-milei\/"]}]},{"@type":"ImageObject","inLanguage":"es-AR","@id":"https:\/\/apuntesdesanluis.com\/index.php\/2024\/11\/05\/exclusivo-cacace-asumiria-un-importante-cargo-en-el-gabinete-de-javier-milei\/#primaryimage","url":"https:\/\/apuntesdesanluis.com\/wp-content\/uploads\/2024\/11\/Ale-cacace.png","contentUrl":"https:\/\/apuntesdesanluis.com\/wp-content\/uploads\/2024\/11\/Ale-cacace.png","width":776,"height":473},{"@type":"BreadcrumbList","@id":"https:\/\/apuntesdesanluis.com\/index.php\/2024\/11\/05\/exclusivo-cacace-asumiria-un-importante-cargo-en-el-gabinete-de-javier-milei\/#breadcrumb","itemListElement":[{"@type":"ListItem","position":1,"name":"Inicio","item":"https:\/\/apuntesdesanluis.com\/"},{"@type":"ListItem","position":2,"name":"EXCLUSIVO: CACACE ASUMIR\u00cdA UN IMPORTANTE CARGO EN EL GABINETE DE JAVIER MILEI"}]},{"@type":"WebSite","@id":"https:\/\/apuntesdesanluis.com\/#website","url":"https:\/\/apuntesdesanluis.com\/","name":"Apuntes de San Luis","description":"","publisher":{"@id":"https:\/\/apuntesdesanluis.com\/#\/schema\/person\/b55151d52296fcce64d1a72538a70b90"},"potentialAction":[{"@type":"SearchAction","target":{"@type":"EntryPoint","urlTemplate":"https:\/\/apuntesdesanluis.com\/?s={search_term_string}"},"query-input":{"@type":"PropertyValueSpecification","valueRequired":true,"valueName":"search_term_string"}}],"inLanguage":"es-AR"},{"@type":["Person","Organization"],"@id":"https:\/\/apuntesdesanluis.com\/#\/schema\/person\/b55151d52296fcce64d1a72538a70b90","name":"apuntesdesanluis.com","image":{"@type":"ImageObject","inLanguage":"es-AR","@id":"https:\/\/apuntesdesanluis.com\/#\/schema\/person\/image\/","url":"https:\/\/apuntesdesanluis.com\/wp-content\/uploads\/2023\/07\/cropped-apuntesdesanluis.png","contentUrl":"https:\/\/apuntesdesanluis.com\/wp-content\/uploads\/2023\/07\/cropped-apuntesdesanluis.png","width":450,"height":112,"caption":"apuntesdesanluis.com"},"logo":{"@id":"https:\/\/apuntesdesanluis.com\/#\/schema\/person\/image\/"},"sameAs":["https:\/\/apuntesdesanluis.com"],"url":"https:\/\/apuntesdesanluis.com\/index.php\/author\/apuntesdesanluis-com\/"}]}},"featured_image_urls":{"full":["https:\/\/apuntesdesanluis.com\/wp-content\/uploads\/2024\/11\/Ale-cacace.png",776,473,false],"thumbnail":["https:\/\/apuntesdesanluis.com\/wp-content\/uploads\/2024\/11\/Ale-cacace-150x150.png",150,150,true],"medium":["https:\/\/apuntesdesanluis.com\/wp-content\/uploads\/2024\/11\/Ale-cacace-300x183.png",300,183,true],"medium_large":["https:\/\/apuntesdesanluis.com\/wp-content\/uploads\/2024\/11\/Ale-cacace-768x468.png",640,390,true],"large":["https:\/\/apuntesdesanluis.com\/wp-content\/uploads\/2024\/11\/Ale-cacace.png",640,390,false],"1536x1536":["https:\/\/apuntesdesanluis.com\/wp-content\/uploads\/2024\/11\/Ale-cacace.png",776,473,false],"2048x2048":["https:\/\/apuntesdesanluis.com\/wp-content\/uploads\/2024\/11\/Ale-cacace.png",776,473,false],"newsever-slider-full":["https:\/\/apuntesdesanluis.com\/wp-content\/uploads\/2024\/11\/Ale-cacace.png",776,473,false],"newsever-featured":["https:\/\/apuntesdesanluis.com\/wp-content\/uploads\/2024\/11\/Ale-cacace.png",776,473,false],"newsever-medium":["https:\/\/apuntesdesanluis.com\/wp-content\/uploads\/2024\/11\/Ale-cacace-720x473.png",720,473,true]},"author_info":{"display_name":"apuntesdesanluis.com","author_link":"https:\/\/apuntesdesanluis.com\/index.php\/author\/apuntesdesanluis-com\/"},"category_info":"<a href=\"https:\/\/apuntesdesanluis.com\/index.php\/category\/opinion\/\" rel=\"category tag\">Opini\u00f3n<\/a>","tag_info":"Opini\u00f3n","comment_count":"0","_links":{"self":[{"href":"https:\/\/apuntesdesanluis.com\/index.php\/wp-json\/wp\/v2\/posts\/24906","targetHints":{"allow":["GET"]}}],"collection":[{"href":"https:\/\/apuntesdesanluis.com\/index.php\/wp-json\/wp\/v2\/posts"}],"about":[{"href":"https:\/\/apuntesdesanluis.com\/index.php\/wp-json\/wp\/v2\/types\/post"}],"author":[{"embeddable":true,"href":"https:\/\/apuntesdesanluis.com\/index.php\/wp-json\/wp\/v2\/users\/1"}],"replies":[{"embeddable":true,"href":"https:\/\/apuntesdesanluis.com\/index.php\/wp-json\/wp\/v2\/comments?post=24906"}],"version-history":[{"count":9,"href":"https:\/\/apuntesdesanluis.com\/index.php\/wp-json\/wp\/v2\/posts\/24906\/revisions"}],"predecessor-version":[{"id":26102,"href":"https:\/\/apuntesdesanluis.com\/index.php\/wp-json\/wp\/v2\/posts\/24906\/revisions\/26102"}],"wp:featuredmedia":[{"embeddable":true,"href":"https:\/\/apuntesdesanluis.com\/index.php\/wp-json\/wp\/v2\/media\/24908"}],"wp:attachment":[{"href":"https:\/\/apuntesdesanluis.com\/index.php\/wp-json\/wp\/v2\/media?parent=24906"}],"wp:term":[{"taxonomy":"category","embeddable":true,"href":"https:\/\/apuntesdesanluis.com\/index.php\/wp-json\/wp\/v2\/categories?post=24906"},{"taxonomy":"post_tag","embeddable":true,"href":"https:\/\/apuntesdesanluis.com\/index.php\/wp-json\/wp\/v2\/tags?post=24906"}],"curies":[{"name":"wp","href":"https:\/\/api.w.org\/{rel}","templated":true}]}}