{"id":2498,"date":"2023-08-31T21:34:21","date_gmt":"2023-09-01T00:34:21","guid":{"rendered":"https:\/\/apuntesdesanluis.com\/?p=2498"},"modified":"2023-08-31T21:34:21","modified_gmt":"2023-09-01T00:34:21","slug":"septiembre-arranca-con-inestabilidad-y-probables-precipitaciones-el-sabado","status":"publish","type":"post","link":"https:\/\/apuntesdesanluis.com\/index.php\/2023\/08\/31\/septiembre-arranca-con-inestabilidad-y-probables-precipitaciones-el-sabado\/","title":{"rendered":"SEPTIEMBRE ARRANCA CON INESTABILIDAD Y PROBABLES PRECIPITACIONES EL S\u00c1BADO"},"content":{"rendered":"<h3>La Red de Estaciones Meteorol\u00f3gicas de la provincia adelant\u00f3 que este s\u00e1bado podr\u00edan registrarse precipitaciones aisladas y bajar\u00eda la temperatura s\u00e1bado y domingo.<\/h3>\n<h3>Para este viernes tendremos una jornada con aumento de las temperaturas y de la nubosidad. El cielo se presentar\u00e1 \u00a0parcialmente nublado. En promedio, se esperan m\u00ednimas de 6\u00b0C y m\u00e1ximas de 24\u00b0C. El viento ser\u00e1 de direcciones variables hasta la tarde y luego rotar\u00e1 al sureste aumentando de magnitud con r\u00e1fagas fuertes.<\/h3>\n<h3><strong>S\u00c1BADO 2<\/strong><\/h3>\n<h3>Jornada ventosa, con marcado descenso de las temperaturas m\u00e1ximas y probabilidad de precipitaciones aisladas. El cielo estar\u00e1 mayormente nublado. En promedio, se esperan m\u00ednimas de 6\u00b0C y m\u00e1ximas de 19\u00b0C. El viento ser\u00e1 del sector sureste con r\u00e1fagas muy fuertes en las regiones centro y norte.<\/h3>\n<h3><strong>DOMINGO 3<\/strong><\/h3>\n<h3>Jornada con descenso en las temperaturas, inestable y algo ventoso. El cielo estar\u00e1 mayormente nublado a parcialmente nublado. En promedio, se esperan m\u00ednimas de 5\u00b0C y m\u00e1ximas de 16\u00b0C. El viento ser\u00e1 del sector sudeste con r\u00e1fagas muy fuertes en el norte provincial.<\/h3>\n","protected":false},"excerpt":{"rendered":"<p>La Red de Estaciones Meteorol\u00f3gicas de la provincia adelant\u00f3 que este s\u00e1bado podr\u00edan registrarse precipitaciones&#8230;<\/p>\n","protected":false},"author":1,"featured_media":2499,"comment_status":"closed","ping_status":"closed","sticky":false,"template":"","format":"standard","meta":{"footnotes":""},"categories":[6],"tags":[],"class_list":["post-2498","post","type-post","status-publish","format-standard","has-post-thumbnail","hentry","category-ciudad-provincia"],"yoast_head":"<!-- This site is optimized with the Yoast SEO plugin v26.1.1 - https:\/\/yoast.com\/wordpress\/plugins\/seo\/ -->\n<title>SEPTIEMBRE ARRANCA CON INESTABILIDAD Y PROBABLES PRECIPITACIONES EL S\u00c1BADO - Apuntes de San Luis<\/title>\n<meta name=\"robots\" content=\"index, follow, max-snippet:-1, max-image-preview:large, max-video-preview:-1\" \/>\n<link rel=\"canonical\" href=\"https:\/\/apuntesdesanluis.com\/index.php\/2023\/08\/31\/septiembre-arranca-con-inestabilidad-y-probables-precipitaciones-el-sabado\/\" \/>\n<meta property=\"og:locale\" content=\"es_ES\" \/>\n<meta property=\"og:type\" content=\"article\" \/>\n<meta property=\"og:title\" content=\"SEPTIEMBRE ARRANCA CON INESTABILIDAD Y PROBABLES PRECIPITACIONES EL S\u00c1BADO - Apuntes de San Luis\" \/>\n<meta property=\"og:description\" content=\"La Red de Estaciones Meteorol\u00f3gicas de la provincia adelant\u00f3 que este s\u00e1bado podr\u00edan registrarse precipitaciones...\" \/>\n<meta property=\"og:url\" content=\"https:\/\/apuntesdesanluis.com\/index.php\/2023\/08\/31\/septiembre-arranca-con-inestabilidad-y-probables-precipitaciones-el-sabado\/\" \/>\n<meta property=\"og:site_name\" content=\"Apuntes de San Luis\" \/>\n<meta property=\"article:published_time\" content=\"2023-09-01T00:34:21+00:00\" \/>\n<meta property=\"og:image\" content=\"https:\/\/apuntesdesanluis.com\/wp-content\/uploads\/2023\/08\/nublado.webp\" \/>\n\t<meta property=\"og:image:width\" content=\"1200\" \/>\n\t<meta property=\"og:image:height\" content=\"630\" \/>\n\t<meta property=\"og:image:type\" content=\"image\/webp\" \/>\n<meta name=\"author\" content=\"apuntesdesanluis.com\" \/>\n<meta name=\"twitter:card\" content=\"summary_large_image\" \/>\n<meta name=\"twitter:label1\" content=\"Escrito por\" \/>\n\t<meta name=\"twitter:data1\" content=\"apuntesdesanluis.com\" \/>\n\t<meta name=\"twitter:label2\" content=\"Tiempo de lectura\" \/>\n\t<meta name=\"twitter:data2\" content=\"1 minuto\" \/>\n<script type=\"application\/ld+json\" class=\"yoast-schema-graph\">{\"@context\":\"https:\/\/schema.org\",\"@graph\":[{\"@type\":\"Article\",\"@id\":\"https:\/\/apuntesdesanluis.com\/index.php\/2023\/08\/31\/septiembre-arranca-con-inestabilidad-y-probables-precipitaciones-el-sabado\/#article\",\"isPartOf\":{\"@id\":\"https:\/\/apuntesdesanluis.com\/index.php\/2023\/08\/31\/septiembre-arranca-con-inestabilidad-y-probables-precipitaciones-el-sabado\/\"},\"author\":{\"name\":\"apuntesdesanluis.com\",\"@id\":\"https:\/\/apuntesdesanluis.com\/#\/schema\/person\/b55151d52296fcce64d1a72538a70b90\"},\"headline\":\"SEPTIEMBRE ARRANCA CON INESTABILIDAD Y PROBABLES PRECIPITACIONES EL S\u00c1BADO\",\"datePublished\":\"2023-09-01T00:34:21+00:00\",\"mainEntityOfPage\":{\"@id\":\"https:\/\/apuntesdesanluis.com\/index.php\/2023\/08\/31\/septiembre-arranca-con-inestabilidad-y-probables-precipitaciones-el-sabado\/\"},\"wordCount\":192,\"publisher\":{\"@id\":\"https:\/\/apuntesdesanluis.com\/#\/schema\/person\/b55151d52296fcce64d1a72538a70b90\"},\"image\":{\"@id\":\"https:\/\/apuntesdesanluis.com\/index.php\/2023\/08\/31\/septiembre-arranca-con-inestabilidad-y-probables-precipitaciones-el-sabado\/#primaryimage\"},\"thumbnailUrl\":\"https:\/\/apuntesdesanluis.com\/wp-content\/uploads\/2023\/08\/nublado.webp\",\"articleSection\":[\"Ciudad\/Provincia\"],\"inLanguage\":\"es-AR\"},{\"@type\":\"WebPage\",\"@id\":\"https:\/\/apuntesdesanluis.com\/index.php\/2023\/08\/31\/septiembre-arranca-con-inestabilidad-y-probables-precipitaciones-el-sabado\/\",\"url\":\"https:\/\/apuntesdesanluis.com\/index.php\/2023\/08\/31\/septiembre-arranca-con-inestabilidad-y-probables-precipitaciones-el-sabado\/\",\"name\":\"SEPTIEMBRE ARRANCA CON INESTABILIDAD Y PROBABLES PRECIPITACIONES EL S\u00c1BADO - Apuntes de San Luis\",\"isPartOf\":{\"@id\":\"https:\/\/apuntesdesanluis.com\/#website\"},\"primaryImageOfPage\":{\"@id\":\"https:\/\/apuntesdesanluis.com\/index.php\/2023\/08\/31\/septiembre-arranca-con-inestabilidad-y-probables-precipitaciones-el-sabado\/#primaryimage\"},\"image\":{\"@id\":\"https:\/\/apuntesdesanluis.com\/index.php\/2023\/08\/31\/septiembre-arranca-con-inestabilidad-y-probables-precipitaciones-el-sabado\/#primaryimage\"},\"thumbnailUrl\":\"https:\/\/apuntesdesanluis.com\/wp-content\/uploads\/2023\/08\/nublado.webp\",\"datePublished\":\"2023-09-01T00:34:21+00:00\",\"breadcrumb\":{\"@id\":\"https:\/\/apuntesdesanluis.com\/index.php\/2023\/08\/31\/septiembre-arranca-con-inestabilidad-y-probables-precipitaciones-el-sabado\/#breadcrumb\"},\"inLanguage\":\"es-AR\",\"potentialAction\":[{\"@type\":\"ReadAction\",\"target\":[\"https:\/\/apuntesdesanluis.com\/index.php\/2023\/08\/31\/septiembre-arranca-con-inestabilidad-y-probables-precipitaciones-el-sabado\/\"]}]},{\"@type\":\"ImageObject\",\"inLanguage\":\"es-AR\",\"@id\":\"https:\/\/apuntesdesanluis.com\/index.php\/2023\/08\/31\/septiembre-arranca-con-inestabilidad-y-probables-precipitaciones-el-sabado\/#primaryimage\",\"url\":\"https:\/\/apuntesdesanluis.com\/wp-content\/uploads\/2023\/08\/nublado.webp\",\"contentUrl\":\"https:\/\/apuntesdesanluis.com\/wp-content\/uploads\/2023\/08\/nublado.webp\",\"width\":1200,\"height\":630},{\"@type\":\"BreadcrumbList\",\"@id\":\"https:\/\/apuntesdesanluis.com\/index.php\/2023\/08\/31\/septiembre-arranca-con-inestabilidad-y-probables-precipitaciones-el-sabado\/#breadcrumb\",\"itemListElement\":[{\"@type\":\"ListItem\",\"position\":1,\"name\":\"Inicio\",\"item\":\"https:\/\/apuntesdesanluis.com\/\"},{\"@type\":\"ListItem\",\"position\":2,\"name\":\"SEPTIEMBRE ARRANCA CON INESTABILIDAD Y PROBABLES PRECIPITACIONES EL S\u00c1BADO\"}]},{\"@type\":\"WebSite\",\"@id\":\"https:\/\/apuntesdesanluis.com\/#website\",\"url\":\"https:\/\/apuntesdesanluis.com\/\",\"name\":\"Apuntes de San Luis\",\"description\":\"\",\"publisher\":{\"@id\":\"https:\/\/apuntesdesanluis.com\/#\/schema\/person\/b55151d52296fcce64d1a72538a70b90\"},\"potentialAction\":[{\"@type\":\"SearchAction\",\"target\":{\"@type\":\"EntryPoint\",\"urlTemplate\":\"https:\/\/apuntesdesanluis.com\/?s={search_term_string}\"},\"query-input\":{\"@type\":\"PropertyValueSpecification\",\"valueRequired\":true,\"valueName\":\"search_term_string\"}}],\"inLanguage\":\"es-AR\"},{\"@type\":[\"Person\",\"Organization\"],\"@id\":\"https:\/\/apuntesdesanluis.com\/#\/schema\/person\/b55151d52296fcce64d1a72538a70b90\",\"name\":\"apuntesdesanluis.com\",\"image\":{\"@type\":\"ImageObject\",\"inLanguage\":\"es-AR\",\"@id\":\"https:\/\/apuntesdesanluis.com\/#\/schema\/person\/image\/\",\"url\":\"https:\/\/apuntesdesanluis.com\/wp-content\/uploads\/2023\/07\/cropped-apuntesdesanluis.png\",\"contentUrl\":\"https:\/\/apuntesdesanluis.com\/wp-content\/uploads\/2023\/07\/cropped-apuntesdesanluis.png\",\"width\":450,\"height\":112,\"caption\":\"apuntesdesanluis.com\"},\"logo\":{\"@id\":\"https:\/\/apuntesdesanluis.com\/#\/schema\/person\/image\/\"},\"sameAs\":[\"https:\/\/apuntesdesanluis.com\"],\"url\":\"https:\/\/apuntesdesanluis.com\/index.php\/author\/apuntesdesanluis-com\/\"}]}<\/script>\n<!-- \/ Yoast SEO plugin. -->","yoast_head_json":{"title":"SEPTIEMBRE ARRANCA CON INESTABILIDAD Y PROBABLES PRECIPITACIONES EL S\u00c1BADO - Apuntes de San Luis","robots":{"index":"index","follow":"follow","max-snippet":"max-snippet:-1","max-image-preview":"max-image-preview:large","max-video-preview":"max-video-preview:-1"},"canonical":"https:\/\/apuntesdesanluis.com\/index.php\/2023\/08\/31\/septiembre-arranca-con-inestabilidad-y-probables-precipitaciones-el-sabado\/","og_locale":"es_ES","og_type":"article","og_title":"SEPTIEMBRE ARRANCA CON INESTABILIDAD Y PROBABLES PRECIPITACIONES EL S\u00c1BADO - Apuntes de San Luis","og_description":"La Red de Estaciones Meteorol\u00f3gicas de la provincia adelant\u00f3 que este s\u00e1bado podr\u00edan registrarse precipitaciones...","og_url":"https:\/\/apuntesdesanluis.com\/index.php\/2023\/08\/31\/septiembre-arranca-con-inestabilidad-y-probables-precipitaciones-el-sabado\/","og_site_name":"Apuntes de San Luis","article_published_time":"2023-09-01T00:34:21+00:00","og_image":[{"width":1200,"height":630,"url":"https:\/\/apuntesdesanluis.com\/wp-content\/uploads\/2023\/08\/nublado.webp","type":"image\/webp"}],"author":"apuntesdesanluis.com","twitter_card":"summary_large_image","twitter_misc":{"Escrito por":"apuntesdesanluis.com","Tiempo de lectura":"1 minuto"},"schema":{"@context":"https:\/\/schema.org","@graph":[{"@type":"Article","@id":"https:\/\/apuntesdesanluis.com\/index.php\/2023\/08\/31\/septiembre-arranca-con-inestabilidad-y-probables-precipitaciones-el-sabado\/#article","isPartOf":{"@id":"https:\/\/apuntesdesanluis.com\/index.php\/2023\/08\/31\/septiembre-arranca-con-inestabilidad-y-probables-precipitaciones-el-sabado\/"},"author":{"name":"apuntesdesanluis.com","@id":"https:\/\/apuntesdesanluis.com\/#\/schema\/person\/b55151d52296fcce64d1a72538a70b90"},"headline":"SEPTIEMBRE ARRANCA CON INESTABILIDAD Y PROBABLES PRECIPITACIONES EL S\u00c1BADO","datePublished":"2023-09-01T00:34:21+00:00","mainEntityOfPage":{"@id":"https:\/\/apuntesdesanluis.com\/index.php\/2023\/08\/31\/septiembre-arranca-con-inestabilidad-y-probables-precipitaciones-el-sabado\/"},"wordCount":192,"publisher":{"@id":"https:\/\/apuntesdesanluis.com\/#\/schema\/person\/b55151d52296fcce64d1a72538a70b90"},"image":{"@id":"https:\/\/apuntesdesanluis.com\/index.php\/2023\/08\/31\/septiembre-arranca-con-inestabilidad-y-probables-precipitaciones-el-sabado\/#primaryimage"},"thumbnailUrl":"https:\/\/apuntesdesanluis.com\/wp-content\/uploads\/2023\/08\/nublado.webp","articleSection":["Ciudad\/Provincia"],"inLanguage":"es-AR"},{"@type":"WebPage","@id":"https:\/\/apuntesdesanluis.com\/index.php\/2023\/08\/31\/septiembre-arranca-con-inestabilidad-y-probables-precipitaciones-el-sabado\/","url":"https:\/\/apuntesdesanluis.com\/index.php\/2023\/08\/31\/septiembre-arranca-con-inestabilidad-y-probables-precipitaciones-el-sabado\/","name":"SEPTIEMBRE ARRANCA CON INESTABILIDAD Y PROBABLES PRECIPITACIONES EL S\u00c1BADO - Apuntes de San Luis","isPartOf":{"@id":"https:\/\/apuntesdesanluis.com\/#website"},"primaryImageOfPage":{"@id":"https:\/\/apuntesdesanluis.com\/index.php\/2023\/08\/31\/septiembre-arranca-con-inestabilidad-y-probables-precipitaciones-el-sabado\/#primaryimage"},"image":{"@id":"https:\/\/apuntesdesanluis.com\/index.php\/2023\/08\/31\/septiembre-arranca-con-inestabilidad-y-probables-precipitaciones-el-sabado\/#primaryimage"},"thumbnailUrl":"https:\/\/apuntesdesanluis.com\/wp-content\/uploads\/2023\/08\/nublado.webp","datePublished":"2023-09-01T00:34:21+00:00","breadcrumb":{"@id":"https:\/\/apuntesdesanluis.com\/index.php\/2023\/08\/31\/septiembre-arranca-con-inestabilidad-y-probables-precipitaciones-el-sabado\/#breadcrumb"},"inLanguage":"es-AR","potentialAction":[{"@type":"ReadAction","target":["https:\/\/apuntesdesanluis.com\/index.php\/2023\/08\/31\/septiembre-arranca-con-inestabilidad-y-probables-precipitaciones-el-sabado\/"]}]},{"@type":"ImageObject","inLanguage":"es-AR","@id":"https:\/\/apuntesdesanluis.com\/index.php\/2023\/08\/31\/septiembre-arranca-con-inestabilidad-y-probables-precipitaciones-el-sabado\/#primaryimage","url":"https:\/\/apuntesdesanluis.com\/wp-content\/uploads\/2023\/08\/nublado.webp","contentUrl":"https:\/\/apuntesdesanluis.com\/wp-content\/uploads\/2023\/08\/nublado.webp","width":1200,"height":630},{"@type":"BreadcrumbList","@id":"https:\/\/apuntesdesanluis.com\/index.php\/2023\/08\/31\/septiembre-arranca-con-inestabilidad-y-probables-precipitaciones-el-sabado\/#breadcrumb","itemListElement":[{"@type":"ListItem","position":1,"name":"Inicio","item":"https:\/\/apuntesdesanluis.com\/"},{"@type":"ListItem","position":2,"name":"SEPTIEMBRE ARRANCA CON INESTABILIDAD Y PROBABLES PRECIPITACIONES EL S\u00c1BADO"}]},{"@type":"WebSite","@id":"https:\/\/apuntesdesanluis.com\/#website","url":"https:\/\/apuntesdesanluis.com\/","name":"Apuntes de San Luis","description":"","publisher":{"@id":"https:\/\/apuntesdesanluis.com\/#\/schema\/person\/b55151d52296fcce64d1a72538a70b90"},"potentialAction":[{"@type":"SearchAction","target":{"@type":"EntryPoint","urlTemplate":"https:\/\/apuntesdesanluis.com\/?s={search_term_string}"},"query-input":{"@type":"PropertyValueSpecification","valueRequired":true,"valueName":"search_term_string"}}],"inLanguage":"es-AR"},{"@type":["Person","Organization"],"@id":"https:\/\/apuntesdesanluis.com\/#\/schema\/person\/b55151d52296fcce64d1a72538a70b90","name":"apuntesdesanluis.com","image":{"@type":"ImageObject","inLanguage":"es-AR","@id":"https:\/\/apuntesdesanluis.com\/#\/schema\/person\/image\/","url":"https:\/\/apuntesdesanluis.com\/wp-content\/uploads\/2023\/07\/cropped-apuntesdesanluis.png","contentUrl":"https:\/\/apuntesdesanluis.com\/wp-content\/uploads\/2023\/07\/cropped-apuntesdesanluis.png","width":450,"height":112,"caption":"apuntesdesanluis.com"},"logo":{"@id":"https:\/\/apuntesdesanluis.com\/#\/schema\/person\/image\/"},"sameAs":["https:\/\/apuntesdesanluis.com"],"url":"https:\/\/apuntesdesanluis.com\/index.php\/author\/apuntesdesanluis-com\/"}]}},"featured_image_urls":{"full":["https:\/\/apuntesdesanluis.com\/wp-content\/uploads\/2023\/08\/nublado.webp",1200,630,false],"thumbnail":["https:\/\/apuntesdesanluis.com\/wp-content\/uploads\/2023\/08\/nublado-150x150.webp",150,150,true],"medium":["https:\/\/apuntesdesanluis.com\/wp-content\/uploads\/2023\/08\/nublado-300x158.webp",300,158,true],"medium_large":["https:\/\/apuntesdesanluis.com\/wp-content\/uploads\/2023\/08\/nublado-768x403.webp",640,336,true],"large":["https:\/\/apuntesdesanluis.com\/wp-content\/uploads\/2023\/08\/nublado-1024x538.webp",640,336,true],"1536x1536":["https:\/\/apuntesdesanluis.com\/wp-content\/uploads\/2023\/08\/nublado.webp",1200,630,false],"2048x2048":["https:\/\/apuntesdesanluis.com\/wp-content\/uploads\/2023\/08\/nublado.webp",1200,630,false],"newsever-slider-full":["https:\/\/apuntesdesanluis.com\/wp-content\/uploads\/2023\/08\/nublado.webp",1200,630,false],"newsever-featured":["https:\/\/apuntesdesanluis.com\/wp-content\/uploads\/2023\/08\/nublado-1024x538.webp",1024,538,true],"newsever-medium":["https:\/\/apuntesdesanluis.com\/wp-content\/uploads\/2023\/08\/nublado-720x475.webp",720,475,true]},"author_info":{"display_name":"apuntesdesanluis.com","author_link":"https:\/\/apuntesdesanluis.com\/index.php\/author\/apuntesdesanluis-com\/"},"category_info":"<a href=\"https:\/\/apuntesdesanluis.com\/index.php\/category\/ciudad-provincia\/\" rel=\"category tag\">Ciudad\/Provincia<\/a>","tag_info":"Ciudad\/Provincia","comment_count":"0","_links":{"self":[{"href":"https:\/\/apuntesdesanluis.com\/index.php\/wp-json\/wp\/v2\/posts\/2498","targetHints":{"allow":["GET"]}}],"collection":[{"href":"https:\/\/apuntesdesanluis.com\/index.php\/wp-json\/wp\/v2\/posts"}],"about":[{"href":"https:\/\/apuntesdesanluis.com\/index.php\/wp-json\/wp\/v2\/types\/post"}],"author":[{"embeddable":true,"href":"https:\/\/apuntesdesanluis.com\/index.php\/wp-json\/wp\/v2\/users\/1"}],"replies":[{"embeddable":true,"href":"https:\/\/apuntesdesanluis.com\/index.php\/wp-json\/wp\/v2\/comments?post=2498"}],"version-history":[{"count":1,"href":"https:\/\/apuntesdesanluis.com\/index.php\/wp-json\/wp\/v2\/posts\/2498\/revisions"}],"predecessor-version":[{"id":2500,"href":"https:\/\/apuntesdesanluis.com\/index.php\/wp-json\/wp\/v2\/posts\/2498\/revisions\/2500"}],"wp:featuredmedia":[{"embeddable":true,"href":"https:\/\/apuntesdesanluis.com\/index.php\/wp-json\/wp\/v2\/media\/2499"}],"wp:attachment":[{"href":"https:\/\/apuntesdesanluis.com\/index.php\/wp-json\/wp\/v2\/media?parent=2498"}],"wp:term":[{"taxonomy":"category","embeddable":true,"href":"https:\/\/apuntesdesanluis.com\/index.php\/wp-json\/wp\/v2\/categories?post=2498"},{"taxonomy":"post_tag","embeddable":true,"href":"https:\/\/apuntesdesanluis.com\/index.php\/wp-json\/wp\/v2\/tags?post=2498"}],"curies":[{"name":"wp","href":"https:\/\/api.w.org\/{rel}","templated":true}]}}