{"id":24982,"date":"2024-11-07T00:25:35","date_gmt":"2024-11-07T03:25:35","guid":{"rendered":"https:\/\/apuntesdesanluis.com\/?p=24982"},"modified":"2024-11-07T01:32:46","modified_gmt":"2024-11-07T04:32:46","slug":"parece-que-en-gran-hermano-le-echaron-el-ojo-a-mabel-dominguez","status":"publish","type":"post","link":"https:\/\/apuntesdesanluis.com\/index.php\/2024\/11\/07\/parece-que-en-gran-hermano-le-echaron-el-ojo-a-mabel-dominguez\/","title":{"rendered":"PARECE QUE EN GRAN HERMANO \u201cLE ECHARON EL OJO\u201d A MABEL DOM\u00cdNGUEZ"},"content":{"rendered":"<h3>Una fuente del canal de las pelotas reconoci\u00f3 que la profesora <strong>Mabel Dom\u00ednguez<\/strong>, quien particip\u00f3 del c\u00e1sting para ingresar a la casa m\u00e1s famosa del pa\u00eds, tiene \u201cserias chances\u201d de quedar seleccionada para el reality.<\/h3>\n<h3>La fuente consultada por <span style=\"color: #3366ff;\"><strong>Apuntes de San Luis<\/strong><\/span> aclar\u00f3, no obstante, que \u201cel filtro para entrar a Gran Hermano es m\u00e1s dif\u00edcil que aplicar a (la universidad de) Harvard\u201d, pero admiti\u00f3 que \u201cla vaga da con el perfil que se busca\u201d.<\/h3>\n<h3>Adem\u00e1s de ponderar su \u201cbuena figura, gracia y simpat\u00eda\u201d, lo que les llam\u00f3 la atenci\u00f3n a los productores que arman el podio del c\u00e1sting es su pasado como funcionaria, docente y pol\u00edtica.<\/h3>\n<h3><img fetchpriority=\"high\" decoding=\"async\" class=\"wp-image-24984 aligncenter\" src=\"https:\/\/apuntesdesanluis.com\/wp-content\/uploads\/2024\/11\/CON-ALBERTO-300x159.png\" alt=\"\" width=\"566\" height=\"300\" srcset=\"https:\/\/apuntesdesanluis.com\/wp-content\/uploads\/2024\/11\/CON-ALBERTO-300x159.png 300w, https:\/\/apuntesdesanluis.com\/wp-content\/uploads\/2024\/11\/CON-ALBERTO.png 566w\" sizes=\"(max-width: 566px) 100vw, 566px\" \/><\/h3>\n<h3>Ocurre que Mabel Dom\u00ednguez mantiene una relaci\u00f3n muy cercana con el ex gobernador <strong>Alberto Rodr\u00edguez Sa\u00e1<\/strong>, quien en 2016 la design\u00f3 Coordinadora de Escuelas Generativas del Ministerio de Educaci\u00f3n. Dos a\u00f1os m\u00e1s tarde asumir\u00eda la direcci\u00f3n de la Escuela Generativa \u201cCoraz\u00f3n Victoria\u201d.<\/h3>\n<h3>En la misma continu\u00f3 hasta abril pasado, cuando el ministro Guillermo Araujo resolvi\u00f3 removerla del cargo.<\/h3>\n<h3><img decoding=\"async\" class=\"wp-image-24985 aligncenter\" src=\"https:\/\/apuntesdesanluis.com\/wp-content\/uploads\/2024\/11\/CON-SALINO-300x168.png\" alt=\"\" width=\"568\" height=\"318\" srcset=\"https:\/\/apuntesdesanluis.com\/wp-content\/uploads\/2024\/11\/CON-SALINO-300x168.png 300w, https:\/\/apuntesdesanluis.com\/wp-content\/uploads\/2024\/11\/CON-SALINO.png 562w\" sizes=\"(max-width: 568px) 100vw, 568px\" \/><\/h3>\n<h3>Por otra parte, esta \u201cDiplomada en Innovaci\u00f3n Educativa, Profesora en Educaci\u00f3n F\u00edsica, T\u00e9cnica en Adicciones y escritora por pasi\u00f3n\u201d, como se define, tambi\u00e9n fue pareja (\u00bfo es?) del actual senador nacional <strong>Fernando Salino<\/strong>, lo que le agrega un bonus track interesante a la hora de considerar su postulaci\u00f3n.<\/h3>\n<h3>Sus amistades con la principal dirigencia pol\u00edtica de la provincia, entre las que se cuenta el ex intendente <strong>Sergio Tamayo<\/strong>, y su asistencia perfecta a los principales actos oficiales, le permitieron ir ganando espacio en la consideraci\u00f3n de quienes buscan \u201coutsiders\u201d a la hora de armar las listas.<\/h3>\n<p><img decoding=\"async\" class=\"wp-image-24986 aligncenter\" src=\"https:\/\/apuntesdesanluis.com\/wp-content\/uploads\/2024\/11\/Imagen-de-WhatsApp-2024-11-06-a-las-08.37.59_af306756-277x300.jpg\" alt=\"\" width=\"567\" height=\"614\" srcset=\"https:\/\/apuntesdesanluis.com\/wp-content\/uploads\/2024\/11\/Imagen-de-WhatsApp-2024-11-06-a-las-08.37.59_af306756-277x300.jpg 277w, https:\/\/apuntesdesanluis.com\/wp-content\/uploads\/2024\/11\/Imagen-de-WhatsApp-2024-11-06-a-las-08.37.59_af306756.jpg 550w\" sizes=\"(max-width: 567px) 100vw, 567px\" \/><\/p>\n<h3>Es as\u00ed como el a\u00f1o pasado encabez\u00f3 una de las listas colectoras que arm\u00f3 el oficialismo, a caballo de la rebuscada ley de Lemas, con el objetivo de frenar el ascenso del entonces opositor <strong>Claudio Poggi<\/strong>. Mabel se postul\u00f3 como candidata a senadora por el Departamento General Pueyrred\u00f3n en el sublema \u201cEl proyecto continuar\u00e1&#8221;, de la lista de Uni\u00f3n por San Luis, que propon\u00eda a Jorge \u201cGato\u201d Fern\u00e1ndez para gobernador.<\/h3>\n<h3><img loading=\"lazy\" decoding=\"async\" class=\"wp-image-24987 aligncenter\" src=\"https:\/\/apuntesdesanluis.com\/wp-content\/uploads\/2024\/11\/CAND.-A-SENADORA-252x300.jpg\" alt=\"\" width=\"566\" height=\"674\" srcset=\"https:\/\/apuntesdesanluis.com\/wp-content\/uploads\/2024\/11\/CAND.-A-SENADORA-252x300.jpg 252w, https:\/\/apuntesdesanluis.com\/wp-content\/uploads\/2024\/11\/CAND.-A-SENADORA.jpg 638w\" sizes=\"(max-width: 566px) 100vw, 566px\" \/><\/h3>\n<h3>El electorado, que siempre se equivoca, le dio la espalda y prefiri\u00f3 a alguien de m\u00e1s bajo perfil, el punte\u00f1o <strong>Mart\u00edn Olivero<\/strong>.<\/h3>\n<h3><strong>\u201cLa Profe\u201d<\/strong> es el pseud\u00f3nimo que recibir\u00eda en caso de ser invitada a convivir con los otros z\u00e1nganos seleccionados para ingresar a la casa de Gran Hermano, revel\u00f3 el productor consultado.<\/h3>\n<h3>La posibilidad de que finalmente Mabel sea parte de este circo televisivo mantiene preocupados a varios dirigentes opositores. Se sabe que para ganar \u201chay que hacerlas todas\u201d, lo cual no ser\u00eda un problema para la simp\u00e1tica y desprejuiciada profe. Sino la tentaci\u00f3n de que, obnubilada por el\u00a0 show, se vaya de boca y termine ventilando indiscreciones del poder o an\u00e9cdotas de alcobas con conocidos personajes vern\u00e1culos.<\/h3>\n<h3><strong>Todo muy bizarro y decadente. Pero&#8230; <\/strong><em><strong>\u00a1Qu\u00e9 nervios da todo esto!<\/strong><\/em><\/h3>\n<p>&nbsp;<\/p>\n<h3><span style=\"color: #3366ff;\"><strong>NOTICIA RELACIONADA:<\/strong><\/span><\/h3>\n<p><a href=\"https:\/\/apuntesdesanluis.com\/index.php\/2024\/11\/06\/sensual-postulacion-a-gran-hermano-de-una-ex-directora-de-escuela\/\" target=\"_blank\" rel=\"noopener\"><img loading=\"lazy\" decoding=\"async\" class=\"alignnone wp-image-24990\" src=\"https:\/\/apuntesdesanluis.com\/wp-content\/uploads\/2024\/11\/posteo-3-300x194.png\" alt=\"\" width=\"421\" height=\"272\" srcset=\"https:\/\/apuntesdesanluis.com\/wp-content\/uploads\/2024\/11\/posteo-3-300x194.png 300w, https:\/\/apuntesdesanluis.com\/wp-content\/uploads\/2024\/11\/posteo-3.png 670w\" sizes=\"(max-width: 421px) 100vw, 421px\" \/><\/a><\/p>\n<p>&nbsp;<\/p>\n<p>&nbsp;<\/p>\n<p>&nbsp;<\/p>\n<p>&nbsp;<\/p>\n<p>&nbsp;<\/p>\n<p>&nbsp;<\/p>\n","protected":false},"excerpt":{"rendered":"<p>Una fuente del canal de las pelotas reconoci\u00f3 que la profesora Mabel Dom\u00ednguez, quien particip\u00f3&#8230;<\/p>\n","protected":false},"author":1,"featured_media":24983,"comment_status":"closed","ping_status":"closed","sticky":false,"template":"","format":"standard","meta":{"footnotes":""},"categories":[9],"tags":[],"class_list":["post-24982","post","type-post","status-publish","format-standard","has-post-thumbnail","hentry","category-opinion"],"yoast_head":"<!-- This site is optimized with the Yoast SEO plugin v26.1.1 - https:\/\/yoast.com\/wordpress\/plugins\/seo\/ -->\n<title>PARECE QUE EN GRAN HERMANO \u201cLE ECHARON EL OJO\u201d A MABEL DOM\u00cdNGUEZ - Apuntes de San Luis<\/title>\n<meta name=\"robots\" content=\"index, follow, max-snippet:-1, max-image-preview:large, max-video-preview:-1\" \/>\n<link rel=\"canonical\" href=\"https:\/\/apuntesdesanluis.com\/index.php\/2024\/11\/07\/parece-que-en-gran-hermano-le-echaron-el-ojo-a-mabel-dominguez\/\" \/>\n<meta property=\"og:locale\" content=\"es_ES\" \/>\n<meta property=\"og:type\" content=\"article\" \/>\n<meta property=\"og:title\" content=\"PARECE QUE EN GRAN HERMANO \u201cLE ECHARON EL OJO\u201d A MABEL DOM\u00cdNGUEZ - Apuntes de San Luis\" \/>\n<meta property=\"og:description\" content=\"Una fuente del canal de las pelotas reconoci\u00f3 que la profesora Mabel Dom\u00ednguez, quien particip\u00f3...\" \/>\n<meta property=\"og:url\" content=\"https:\/\/apuntesdesanluis.com\/index.php\/2024\/11\/07\/parece-que-en-gran-hermano-le-echaron-el-ojo-a-mabel-dominguez\/\" \/>\n<meta property=\"og:site_name\" content=\"Apuntes de San Luis\" \/>\n<meta property=\"article:published_time\" content=\"2024-11-07T03:25:35+00:00\" \/>\n<meta property=\"article:modified_time\" content=\"2024-11-07T04:32:46+00:00\" \/>\n<meta property=\"og:image\" content=\"https:\/\/apuntesdesanluis.com\/wp-content\/uploads\/2024\/11\/GRAN-HERMANO.png\" \/>\n\t<meta property=\"og:image:width\" content=\"796\" \/>\n\t<meta property=\"og:image:height\" content=\"444\" \/>\n\t<meta property=\"og:image:type\" content=\"image\/png\" \/>\n<meta name=\"author\" content=\"apuntesdesanluis.com\" \/>\n<meta name=\"twitter:card\" content=\"summary_large_image\" \/>\n<meta name=\"twitter:label1\" content=\"Escrito por\" \/>\n\t<meta name=\"twitter:data1\" content=\"apuntesdesanluis.com\" \/>\n\t<meta name=\"twitter:label2\" content=\"Tiempo de lectura\" \/>\n\t<meta name=\"twitter:data2\" content=\"4 minutos\" \/>\n<script type=\"application\/ld+json\" class=\"yoast-schema-graph\">{\"@context\":\"https:\/\/schema.org\",\"@graph\":[{\"@type\":\"Article\",\"@id\":\"https:\/\/apuntesdesanluis.com\/index.php\/2024\/11\/07\/parece-que-en-gran-hermano-le-echaron-el-ojo-a-mabel-dominguez\/#article\",\"isPartOf\":{\"@id\":\"https:\/\/apuntesdesanluis.com\/index.php\/2024\/11\/07\/parece-que-en-gran-hermano-le-echaron-el-ojo-a-mabel-dominguez\/\"},\"author\":{\"name\":\"apuntesdesanluis.com\",\"@id\":\"https:\/\/apuntesdesanluis.com\/#\/schema\/person\/b55151d52296fcce64d1a72538a70b90\"},\"headline\":\"PARECE QUE EN GRAN HERMANO \u201cLE ECHARON EL OJO\u201d A MABEL DOM\u00cdNGUEZ\",\"datePublished\":\"2024-11-07T03:25:35+00:00\",\"dateModified\":\"2024-11-07T04:32:46+00:00\",\"mainEntityOfPage\":{\"@id\":\"https:\/\/apuntesdesanluis.com\/index.php\/2024\/11\/07\/parece-que-en-gran-hermano-le-echaron-el-ojo-a-mabel-dominguez\/\"},\"wordCount\":528,\"publisher\":{\"@id\":\"https:\/\/apuntesdesanluis.com\/#\/schema\/person\/b55151d52296fcce64d1a72538a70b90\"},\"image\":{\"@id\":\"https:\/\/apuntesdesanluis.com\/index.php\/2024\/11\/07\/parece-que-en-gran-hermano-le-echaron-el-ojo-a-mabel-dominguez\/#primaryimage\"},\"thumbnailUrl\":\"https:\/\/apuntesdesanluis.com\/wp-content\/uploads\/2024\/11\/GRAN-HERMANO.png\",\"articleSection\":[\"Opini\u00f3n\"],\"inLanguage\":\"es-AR\"},{\"@type\":\"WebPage\",\"@id\":\"https:\/\/apuntesdesanluis.com\/index.php\/2024\/11\/07\/parece-que-en-gran-hermano-le-echaron-el-ojo-a-mabel-dominguez\/\",\"url\":\"https:\/\/apuntesdesanluis.com\/index.php\/2024\/11\/07\/parece-que-en-gran-hermano-le-echaron-el-ojo-a-mabel-dominguez\/\",\"name\":\"PARECE QUE EN GRAN HERMANO \u201cLE ECHARON EL OJO\u201d A MABEL DOM\u00cdNGUEZ - Apuntes de San Luis\",\"isPartOf\":{\"@id\":\"https:\/\/apuntesdesanluis.com\/#website\"},\"primaryImageOfPage\":{\"@id\":\"https:\/\/apuntesdesanluis.com\/index.php\/2024\/11\/07\/parece-que-en-gran-hermano-le-echaron-el-ojo-a-mabel-dominguez\/#primaryimage\"},\"image\":{\"@id\":\"https:\/\/apuntesdesanluis.com\/index.php\/2024\/11\/07\/parece-que-en-gran-hermano-le-echaron-el-ojo-a-mabel-dominguez\/#primaryimage\"},\"thumbnailUrl\":\"https:\/\/apuntesdesanluis.com\/wp-content\/uploads\/2024\/11\/GRAN-HERMANO.png\",\"datePublished\":\"2024-11-07T03:25:35+00:00\",\"dateModified\":\"2024-11-07T04:32:46+00:00\",\"breadcrumb\":{\"@id\":\"https:\/\/apuntesdesanluis.com\/index.php\/2024\/11\/07\/parece-que-en-gran-hermano-le-echaron-el-ojo-a-mabel-dominguez\/#breadcrumb\"},\"inLanguage\":\"es-AR\",\"potentialAction\":[{\"@type\":\"ReadAction\",\"target\":[\"https:\/\/apuntesdesanluis.com\/index.php\/2024\/11\/07\/parece-que-en-gran-hermano-le-echaron-el-ojo-a-mabel-dominguez\/\"]}]},{\"@type\":\"ImageObject\",\"inLanguage\":\"es-AR\",\"@id\":\"https:\/\/apuntesdesanluis.com\/index.php\/2024\/11\/07\/parece-que-en-gran-hermano-le-echaron-el-ojo-a-mabel-dominguez\/#primaryimage\",\"url\":\"https:\/\/apuntesdesanluis.com\/wp-content\/uploads\/2024\/11\/GRAN-HERMANO.png\",\"contentUrl\":\"https:\/\/apuntesdesanluis.com\/wp-content\/uploads\/2024\/11\/GRAN-HERMANO.png\",\"width\":796,\"height\":444},{\"@type\":\"BreadcrumbList\",\"@id\":\"https:\/\/apuntesdesanluis.com\/index.php\/2024\/11\/07\/parece-que-en-gran-hermano-le-echaron-el-ojo-a-mabel-dominguez\/#breadcrumb\",\"itemListElement\":[{\"@type\":\"ListItem\",\"position\":1,\"name\":\"Inicio\",\"item\":\"https:\/\/apuntesdesanluis.com\/\"},{\"@type\":\"ListItem\",\"position\":2,\"name\":\"PARECE QUE EN GRAN HERMANO \u201cLE ECHARON EL OJO\u201d A MABEL DOM\u00cdNGUEZ\"}]},{\"@type\":\"WebSite\",\"@id\":\"https:\/\/apuntesdesanluis.com\/#website\",\"url\":\"https:\/\/apuntesdesanluis.com\/\",\"name\":\"Apuntes de San Luis\",\"description\":\"\",\"publisher\":{\"@id\":\"https:\/\/apuntesdesanluis.com\/#\/schema\/person\/b55151d52296fcce64d1a72538a70b90\"},\"potentialAction\":[{\"@type\":\"SearchAction\",\"target\":{\"@type\":\"EntryPoint\",\"urlTemplate\":\"https:\/\/apuntesdesanluis.com\/?s={search_term_string}\"},\"query-input\":{\"@type\":\"PropertyValueSpecification\",\"valueRequired\":true,\"valueName\":\"search_term_string\"}}],\"inLanguage\":\"es-AR\"},{\"@type\":[\"Person\",\"Organization\"],\"@id\":\"https:\/\/apuntesdesanluis.com\/#\/schema\/person\/b55151d52296fcce64d1a72538a70b90\",\"name\":\"apuntesdesanluis.com\",\"image\":{\"@type\":\"ImageObject\",\"inLanguage\":\"es-AR\",\"@id\":\"https:\/\/apuntesdesanluis.com\/#\/schema\/person\/image\/\",\"url\":\"https:\/\/apuntesdesanluis.com\/wp-content\/uploads\/2023\/07\/cropped-apuntesdesanluis.png\",\"contentUrl\":\"https:\/\/apuntesdesanluis.com\/wp-content\/uploads\/2023\/07\/cropped-apuntesdesanluis.png\",\"width\":450,\"height\":112,\"caption\":\"apuntesdesanluis.com\"},\"logo\":{\"@id\":\"https:\/\/apuntesdesanluis.com\/#\/schema\/person\/image\/\"},\"sameAs\":[\"https:\/\/apuntesdesanluis.com\"],\"url\":\"https:\/\/apuntesdesanluis.com\/index.php\/author\/apuntesdesanluis-com\/\"}]}<\/script>\n<!-- \/ Yoast SEO plugin. -->","yoast_head_json":{"title":"PARECE QUE EN GRAN HERMANO \u201cLE ECHARON EL OJO\u201d A MABEL DOM\u00cdNGUEZ - Apuntes de San Luis","robots":{"index":"index","follow":"follow","max-snippet":"max-snippet:-1","max-image-preview":"max-image-preview:large","max-video-preview":"max-video-preview:-1"},"canonical":"https:\/\/apuntesdesanluis.com\/index.php\/2024\/11\/07\/parece-que-en-gran-hermano-le-echaron-el-ojo-a-mabel-dominguez\/","og_locale":"es_ES","og_type":"article","og_title":"PARECE QUE EN GRAN HERMANO \u201cLE ECHARON EL OJO\u201d A MABEL DOM\u00cdNGUEZ - Apuntes de San Luis","og_description":"Una fuente del canal de las pelotas reconoci\u00f3 que la profesora Mabel Dom\u00ednguez, quien particip\u00f3...","og_url":"https:\/\/apuntesdesanluis.com\/index.php\/2024\/11\/07\/parece-que-en-gran-hermano-le-echaron-el-ojo-a-mabel-dominguez\/","og_site_name":"Apuntes de San Luis","article_published_time":"2024-11-07T03:25:35+00:00","article_modified_time":"2024-11-07T04:32:46+00:00","og_image":[{"width":796,"height":444,"url":"https:\/\/apuntesdesanluis.com\/wp-content\/uploads\/2024\/11\/GRAN-HERMANO.png","type":"image\/png"}],"author":"apuntesdesanluis.com","twitter_card":"summary_large_image","twitter_misc":{"Escrito por":"apuntesdesanluis.com","Tiempo de lectura":"4 minutos"},"schema":{"@context":"https:\/\/schema.org","@graph":[{"@type":"Article","@id":"https:\/\/apuntesdesanluis.com\/index.php\/2024\/11\/07\/parece-que-en-gran-hermano-le-echaron-el-ojo-a-mabel-dominguez\/#article","isPartOf":{"@id":"https:\/\/apuntesdesanluis.com\/index.php\/2024\/11\/07\/parece-que-en-gran-hermano-le-echaron-el-ojo-a-mabel-dominguez\/"},"author":{"name":"apuntesdesanluis.com","@id":"https:\/\/apuntesdesanluis.com\/#\/schema\/person\/b55151d52296fcce64d1a72538a70b90"},"headline":"PARECE QUE EN GRAN HERMANO \u201cLE ECHARON EL OJO\u201d A MABEL DOM\u00cdNGUEZ","datePublished":"2024-11-07T03:25:35+00:00","dateModified":"2024-11-07T04:32:46+00:00","mainEntityOfPage":{"@id":"https:\/\/apuntesdesanluis.com\/index.php\/2024\/11\/07\/parece-que-en-gran-hermano-le-echaron-el-ojo-a-mabel-dominguez\/"},"wordCount":528,"publisher":{"@id":"https:\/\/apuntesdesanluis.com\/#\/schema\/person\/b55151d52296fcce64d1a72538a70b90"},"image":{"@id":"https:\/\/apuntesdesanluis.com\/index.php\/2024\/11\/07\/parece-que-en-gran-hermano-le-echaron-el-ojo-a-mabel-dominguez\/#primaryimage"},"thumbnailUrl":"https:\/\/apuntesdesanluis.com\/wp-content\/uploads\/2024\/11\/GRAN-HERMANO.png","articleSection":["Opini\u00f3n"],"inLanguage":"es-AR"},{"@type":"WebPage","@id":"https:\/\/apuntesdesanluis.com\/index.php\/2024\/11\/07\/parece-que-en-gran-hermano-le-echaron-el-ojo-a-mabel-dominguez\/","url":"https:\/\/apuntesdesanluis.com\/index.php\/2024\/11\/07\/parece-que-en-gran-hermano-le-echaron-el-ojo-a-mabel-dominguez\/","name":"PARECE QUE EN GRAN HERMANO \u201cLE ECHARON EL OJO\u201d A MABEL DOM\u00cdNGUEZ - Apuntes de San Luis","isPartOf":{"@id":"https:\/\/apuntesdesanluis.com\/#website"},"primaryImageOfPage":{"@id":"https:\/\/apuntesdesanluis.com\/index.php\/2024\/11\/07\/parece-que-en-gran-hermano-le-echaron-el-ojo-a-mabel-dominguez\/#primaryimage"},"image":{"@id":"https:\/\/apuntesdesanluis.com\/index.php\/2024\/11\/07\/parece-que-en-gran-hermano-le-echaron-el-ojo-a-mabel-dominguez\/#primaryimage"},"thumbnailUrl":"https:\/\/apuntesdesanluis.com\/wp-content\/uploads\/2024\/11\/GRAN-HERMANO.png","datePublished":"2024-11-07T03:25:35+00:00","dateModified":"2024-11-07T04:32:46+00:00","breadcrumb":{"@id":"https:\/\/apuntesdesanluis.com\/index.php\/2024\/11\/07\/parece-que-en-gran-hermano-le-echaron-el-ojo-a-mabel-dominguez\/#breadcrumb"},"inLanguage":"es-AR","potentialAction":[{"@type":"ReadAction","target":["https:\/\/apuntesdesanluis.com\/index.php\/2024\/11\/07\/parece-que-en-gran-hermano-le-echaron-el-ojo-a-mabel-dominguez\/"]}]},{"@type":"ImageObject","inLanguage":"es-AR","@id":"https:\/\/apuntesdesanluis.com\/index.php\/2024\/11\/07\/parece-que-en-gran-hermano-le-echaron-el-ojo-a-mabel-dominguez\/#primaryimage","url":"https:\/\/apuntesdesanluis.com\/wp-content\/uploads\/2024\/11\/GRAN-HERMANO.png","contentUrl":"https:\/\/apuntesdesanluis.com\/wp-content\/uploads\/2024\/11\/GRAN-HERMANO.png","width":796,"height":444},{"@type":"BreadcrumbList","@id":"https:\/\/apuntesdesanluis.com\/index.php\/2024\/11\/07\/parece-que-en-gran-hermano-le-echaron-el-ojo-a-mabel-dominguez\/#breadcrumb","itemListElement":[{"@type":"ListItem","position":1,"name":"Inicio","item":"https:\/\/apuntesdesanluis.com\/"},{"@type":"ListItem","position":2,"name":"PARECE QUE EN GRAN HERMANO \u201cLE ECHARON EL OJO\u201d A MABEL DOM\u00cdNGUEZ"}]},{"@type":"WebSite","@id":"https:\/\/apuntesdesanluis.com\/#website","url":"https:\/\/apuntesdesanluis.com\/","name":"Apuntes de San Luis","description":"","publisher":{"@id":"https:\/\/apuntesdesanluis.com\/#\/schema\/person\/b55151d52296fcce64d1a72538a70b90"},"potentialAction":[{"@type":"SearchAction","target":{"@type":"EntryPoint","urlTemplate":"https:\/\/apuntesdesanluis.com\/?s={search_term_string}"},"query-input":{"@type":"PropertyValueSpecification","valueRequired":true,"valueName":"search_term_string"}}],"inLanguage":"es-AR"},{"@type":["Person","Organization"],"@id":"https:\/\/apuntesdesanluis.com\/#\/schema\/person\/b55151d52296fcce64d1a72538a70b90","name":"apuntesdesanluis.com","image":{"@type":"ImageObject","inLanguage":"es-AR","@id":"https:\/\/apuntesdesanluis.com\/#\/schema\/person\/image\/","url":"https:\/\/apuntesdesanluis.com\/wp-content\/uploads\/2023\/07\/cropped-apuntesdesanluis.png","contentUrl":"https:\/\/apuntesdesanluis.com\/wp-content\/uploads\/2023\/07\/cropped-apuntesdesanluis.png","width":450,"height":112,"caption":"apuntesdesanluis.com"},"logo":{"@id":"https:\/\/apuntesdesanluis.com\/#\/schema\/person\/image\/"},"sameAs":["https:\/\/apuntesdesanluis.com"],"url":"https:\/\/apuntesdesanluis.com\/index.php\/author\/apuntesdesanluis-com\/"}]}},"featured_image_urls":{"full":["https:\/\/apuntesdesanluis.com\/wp-content\/uploads\/2024\/11\/GRAN-HERMANO.png",796,444,false],"thumbnail":["https:\/\/apuntesdesanluis.com\/wp-content\/uploads\/2024\/11\/GRAN-HERMANO-150x150.png",150,150,true],"medium":["https:\/\/apuntesdesanluis.com\/wp-content\/uploads\/2024\/11\/GRAN-HERMANO-300x167.png",300,167,true],"medium_large":["https:\/\/apuntesdesanluis.com\/wp-content\/uploads\/2024\/11\/GRAN-HERMANO-768x428.png",640,357,true],"large":["https:\/\/apuntesdesanluis.com\/wp-content\/uploads\/2024\/11\/GRAN-HERMANO.png",640,357,false],"1536x1536":["https:\/\/apuntesdesanluis.com\/wp-content\/uploads\/2024\/11\/GRAN-HERMANO.png",796,444,false],"2048x2048":["https:\/\/apuntesdesanluis.com\/wp-content\/uploads\/2024\/11\/GRAN-HERMANO.png",796,444,false],"newsever-slider-full":["https:\/\/apuntesdesanluis.com\/wp-content\/uploads\/2024\/11\/GRAN-HERMANO.png",796,444,false],"newsever-featured":["https:\/\/apuntesdesanluis.com\/wp-content\/uploads\/2024\/11\/GRAN-HERMANO.png",796,444,false],"newsever-medium":["https:\/\/apuntesdesanluis.com\/wp-content\/uploads\/2024\/11\/GRAN-HERMANO-720x444.png",720,444,true]},"author_info":{"display_name":"apuntesdesanluis.com","author_link":"https:\/\/apuntesdesanluis.com\/index.php\/author\/apuntesdesanluis-com\/"},"category_info":"<a href=\"https:\/\/apuntesdesanluis.com\/index.php\/category\/opinion\/\" rel=\"category tag\">Opini\u00f3n<\/a>","tag_info":"Opini\u00f3n","comment_count":"0","_links":{"self":[{"href":"https:\/\/apuntesdesanluis.com\/index.php\/wp-json\/wp\/v2\/posts\/24982","targetHints":{"allow":["GET"]}}],"collection":[{"href":"https:\/\/apuntesdesanluis.com\/index.php\/wp-json\/wp\/v2\/posts"}],"about":[{"href":"https:\/\/apuntesdesanluis.com\/index.php\/wp-json\/wp\/v2\/types\/post"}],"author":[{"embeddable":true,"href":"https:\/\/apuntesdesanluis.com\/index.php\/wp-json\/wp\/v2\/users\/1"}],"replies":[{"embeddable":true,"href":"https:\/\/apuntesdesanluis.com\/index.php\/wp-json\/wp\/v2\/comments?post=24982"}],"version-history":[{"count":8,"href":"https:\/\/apuntesdesanluis.com\/index.php\/wp-json\/wp\/v2\/posts\/24982\/revisions"}],"predecessor-version":[{"id":24996,"href":"https:\/\/apuntesdesanluis.com\/index.php\/wp-json\/wp\/v2\/posts\/24982\/revisions\/24996"}],"wp:featuredmedia":[{"embeddable":true,"href":"https:\/\/apuntesdesanluis.com\/index.php\/wp-json\/wp\/v2\/media\/24983"}],"wp:attachment":[{"href":"https:\/\/apuntesdesanluis.com\/index.php\/wp-json\/wp\/v2\/media?parent=24982"}],"wp:term":[{"taxonomy":"category","embeddable":true,"href":"https:\/\/apuntesdesanluis.com\/index.php\/wp-json\/wp\/v2\/categories?post=24982"},{"taxonomy":"post_tag","embeddable":true,"href":"https:\/\/apuntesdesanluis.com\/index.php\/wp-json\/wp\/v2\/tags?post=24982"}],"curies":[{"name":"wp","href":"https:\/\/api.w.org\/{rel}","templated":true}]}}