{"id":25004,"date":"2024-11-07T21:16:17","date_gmt":"2024-11-08T00:16:17","guid":{"rendered":"https:\/\/apuntesdesanluis.com\/?p=25004"},"modified":"2024-11-07T21:17:22","modified_gmt":"2024-11-08T00:17:22","slug":"malestar-en-el-gabinete-municipal-con-un-funcionario-albertista","status":"publish","type":"post","link":"https:\/\/apuntesdesanluis.com\/index.php\/2024\/11\/07\/malestar-en-el-gabinete-municipal-con-un-funcionario-albertista\/","title":{"rendered":"MALESTAR EN EL GABINETE MUNICIPAL CON UN FUNCIONARIO \u201cALBERTISTA\u201d"},"content":{"rendered":"<h3>Esta semana se increment\u00f3 la incomodidad con el funcionario de Obras P\u00fablicas de la Municipalidad de Villa Mercedes, <strong>Daniel Desotti<\/strong>, quien ocupa el cargo de 1er. vocal titular en la lista de candidatos proclamados de la <strong>Lista Celeste Unidad<\/strong> en el Departamental Pedernera que preside<strong> Alfredo Dom\u00ednguez<\/strong>.<\/h3>\n<h3>Como se recordar\u00e1, en el marco de la convocatoria a renovaci\u00f3n de autoridades que hizo el PJ, exist\u00eda la intenci\u00f3n del intendente <strong>Maximiliano Frontera<\/strong> de participar con una lista alternativa, pero desde el entorno del ex gobernador se articularon distintas maniobras para impedirlo.<\/h3>\n<h3>El jefe comunal hab\u00eda sugerido la necesidad de \u201coxigenar\u201d la estructura pol\u00edtica implementando elecciones abiertas, pero nunca lleg\u00f3 a considerarse esa posibilidad. Luego, tras su decisi\u00f3n de \u201cpreservar la relaci\u00f3n institucional\u201d con el gobierno provincial, comenz\u00f3 a ser atacado diariamente por El Editor desde las p\u00e1ginas de su diario.<\/h3>\n<h3>Casi en simult\u00e1neo, se utiliz\u00f3 el tribunal de disciplina partidario para dejar fuera de carrera a los diputados provinciales que responden a Frontera y se hizo una irregular convocatoria a elecciones, que tambi\u00e9n fue rechazada por aqu\u00e9l, argumentando que la hab\u00eda efectuado una lista y no el \u00f3rgano partidario correspondiente. Asimismo, se apel\u00f3 la sanci\u00f3n a los legisladores, a quienes no se les otorg\u00f3 derecho de defensa.<\/h3>\n<h3>Sin embargo, nada de esto fue considerado. La decisi\u00f3n estaba tomada: sacar de carrera \u201cal Maxi\u201d e ir con lista \u00fanica. La misma metodolog\u00eda que aplic\u00f3 Cristina Fern\u00e1ndez con Quintela, a contramano de lo que recomienda la democracia partidaria, que es la confrontaci\u00f3n entre varias opciones.<\/h3>\n<h3>La semana pasada, al darse a conocer el listado de nuevas autoridades que asumir\u00e1n el 1\u00b0 de diciembre, el primer nombre que llam\u00f3 la atenci\u00f3n entre los candidatos fue el de Desotti, como integrante del Consejo Departamental Pedernera.<\/h3>\n<h3><img fetchpriority=\"high\" decoding=\"async\" class=\"wp-image-25006 aligncenter\" src=\"https:\/\/apuntesdesanluis.com\/wp-content\/uploads\/2024\/11\/pj-300x184.png\" alt=\"\" width=\"626\" height=\"384\" srcset=\"https:\/\/apuntesdesanluis.com\/wp-content\/uploads\/2024\/11\/pj-300x184.png 300w, https:\/\/apuntesdesanluis.com\/wp-content\/uploads\/2024\/11\/pj.png 759w\" sizes=\"(max-width: 626px) 100vw, 626px\" \/><\/h3>\n<h3>El primer sorprendido habr\u00eda sido el propio Frontera, dado que el nombrado tiene rango de funcionario en Obras PO\u00fablicas. Pero no solo el intendente, sino el resto del gabinete comenz\u00f3 a consultar si era razonable que el funcionario \u201calbertista\u201d continuara formando parte del equipo de gesti\u00f3n, luego de que el ex gobernador hubiera proscripto al intendente que lo nombr\u00f3.<\/h3>\n<h3>El malestar de los funcionarios municipales se fue incrementando con el correr de los d\u00edas, porque pensaban que \u201cpor dignidad\u201d Desotti presentar\u00eda su renuncia al cargo, cosa que hasta ahora no sucedi\u00f3.<\/h3>\n<h3>Una semana despu\u00e9s, el dirigente sigue en funciones y la propia autoridad del intendente est\u00e1 siendo puesta en dudas. Con estricto pedido de reserva de identidad, un integrante del gabinete municipal lo expuso en lenguaje llano a <strong>Apuntes de San Luis<\/strong>:<\/h3>\n<h3>&#8211; Te digo la verdad: todos lo queremos al Maxi, sabemos que es inteligente y tiene sus tiempos, pero es imbancable tener que convivir con este traidor. Es un impresentable. Mientras el Maxi lo nombr\u00f3 y le da de comer, \u00e9l lo traiciona y sigue como si nada. En el grupo de whatsapp de la muni muchos se quieren borrar porque temen que este traidor filtre cualquier cosa. Para m\u00ed, el Maxi tiene que tomar medidas con este tipo antes que se le desbande la tropa. Por lo menos deber\u00eda sacarlo como funcionario, total tiene planta permanente\u2026<\/h3>\n<p>&nbsp;<\/p>\n<p>&nbsp;<\/p>\n","protected":false},"excerpt":{"rendered":"<p>Esta semana se increment\u00f3 la incomodidad con el funcionario de Obras P\u00fablicas de la Municipalidad&#8230;<\/p>\n","protected":false},"author":1,"featured_media":25005,"comment_status":"closed","ping_status":"closed","sticky":false,"template":"","format":"standard","meta":{"footnotes":""},"categories":[9],"tags":[],"class_list":["post-25004","post","type-post","status-publish","format-standard","has-post-thumbnail","hentry","category-opinion"],"yoast_head":"<!-- This site is optimized with the Yoast SEO plugin v26.1.1 - https:\/\/yoast.com\/wordpress\/plugins\/seo\/ -->\n<title>MALESTAR EN EL GABINETE MUNICIPAL CON UN FUNCIONARIO \u201cALBERTISTA\u201d - Apuntes de San Luis<\/title>\n<meta name=\"robots\" content=\"index, follow, max-snippet:-1, max-image-preview:large, max-video-preview:-1\" \/>\n<link rel=\"canonical\" href=\"https:\/\/apuntesdesanluis.com\/index.php\/2024\/11\/07\/malestar-en-el-gabinete-municipal-con-un-funcionario-albertista\/\" \/>\n<meta property=\"og:locale\" content=\"es_ES\" \/>\n<meta property=\"og:type\" content=\"article\" \/>\n<meta property=\"og:title\" content=\"MALESTAR EN EL GABINETE MUNICIPAL CON UN FUNCIONARIO \u201cALBERTISTA\u201d - Apuntes de San Luis\" \/>\n<meta property=\"og:description\" content=\"Esta semana se increment\u00f3 la incomodidad con el funcionario de Obras P\u00fablicas de la Municipalidad...\" \/>\n<meta property=\"og:url\" content=\"https:\/\/apuntesdesanluis.com\/index.php\/2024\/11\/07\/malestar-en-el-gabinete-municipal-con-un-funcionario-albertista\/\" \/>\n<meta property=\"og:site_name\" content=\"Apuntes de San Luis\" \/>\n<meta property=\"article:published_time\" content=\"2024-11-08T00:16:17+00:00\" \/>\n<meta property=\"article:modified_time\" content=\"2024-11-08T00:17:22+00:00\" \/>\n<meta property=\"og:image\" content=\"https:\/\/apuntesdesanluis.com\/wp-content\/uploads\/2024\/11\/desotti-con-alberto.png\" \/>\n\t<meta property=\"og:image:width\" content=\"961\" \/>\n\t<meta property=\"og:image:height\" content=\"605\" \/>\n\t<meta property=\"og:image:type\" content=\"image\/png\" \/>\n<meta name=\"author\" content=\"apuntesdesanluis.com\" \/>\n<meta name=\"twitter:card\" content=\"summary_large_image\" \/>\n<meta name=\"twitter:label1\" content=\"Escrito por\" \/>\n\t<meta name=\"twitter:data1\" content=\"apuntesdesanluis.com\" \/>\n\t<meta name=\"twitter:label2\" content=\"Tiempo de lectura\" \/>\n\t<meta name=\"twitter:data2\" content=\"3 minutos\" \/>\n<script type=\"application\/ld+json\" class=\"yoast-schema-graph\">{\"@context\":\"https:\/\/schema.org\",\"@graph\":[{\"@type\":\"Article\",\"@id\":\"https:\/\/apuntesdesanluis.com\/index.php\/2024\/11\/07\/malestar-en-el-gabinete-municipal-con-un-funcionario-albertista\/#article\",\"isPartOf\":{\"@id\":\"https:\/\/apuntesdesanluis.com\/index.php\/2024\/11\/07\/malestar-en-el-gabinete-municipal-con-un-funcionario-albertista\/\"},\"author\":{\"name\":\"apuntesdesanluis.com\",\"@id\":\"https:\/\/apuntesdesanluis.com\/#\/schema\/person\/b55151d52296fcce64d1a72538a70b90\"},\"headline\":\"MALESTAR EN EL GABINETE MUNICIPAL CON UN FUNCIONARIO \u201cALBERTISTA\u201d\",\"datePublished\":\"2024-11-08T00:16:17+00:00\",\"dateModified\":\"2024-11-08T00:17:22+00:00\",\"mainEntityOfPage\":{\"@id\":\"https:\/\/apuntesdesanluis.com\/index.php\/2024\/11\/07\/malestar-en-el-gabinete-municipal-con-un-funcionario-albertista\/\"},\"wordCount\":557,\"publisher\":{\"@id\":\"https:\/\/apuntesdesanluis.com\/#\/schema\/person\/b55151d52296fcce64d1a72538a70b90\"},\"image\":{\"@id\":\"https:\/\/apuntesdesanluis.com\/index.php\/2024\/11\/07\/malestar-en-el-gabinete-municipal-con-un-funcionario-albertista\/#primaryimage\"},\"thumbnailUrl\":\"https:\/\/apuntesdesanluis.com\/wp-content\/uploads\/2024\/11\/desotti-con-alberto.png\",\"articleSection\":[\"Opini\u00f3n\"],\"inLanguage\":\"es-AR\"},{\"@type\":\"WebPage\",\"@id\":\"https:\/\/apuntesdesanluis.com\/index.php\/2024\/11\/07\/malestar-en-el-gabinete-municipal-con-un-funcionario-albertista\/\",\"url\":\"https:\/\/apuntesdesanluis.com\/index.php\/2024\/11\/07\/malestar-en-el-gabinete-municipal-con-un-funcionario-albertista\/\",\"name\":\"MALESTAR EN EL GABINETE MUNICIPAL CON UN FUNCIONARIO \u201cALBERTISTA\u201d - Apuntes de San Luis\",\"isPartOf\":{\"@id\":\"https:\/\/apuntesdesanluis.com\/#website\"},\"primaryImageOfPage\":{\"@id\":\"https:\/\/apuntesdesanluis.com\/index.php\/2024\/11\/07\/malestar-en-el-gabinete-municipal-con-un-funcionario-albertista\/#primaryimage\"},\"image\":{\"@id\":\"https:\/\/apuntesdesanluis.com\/index.php\/2024\/11\/07\/malestar-en-el-gabinete-municipal-con-un-funcionario-albertista\/#primaryimage\"},\"thumbnailUrl\":\"https:\/\/apuntesdesanluis.com\/wp-content\/uploads\/2024\/11\/desotti-con-alberto.png\",\"datePublished\":\"2024-11-08T00:16:17+00:00\",\"dateModified\":\"2024-11-08T00:17:22+00:00\",\"breadcrumb\":{\"@id\":\"https:\/\/apuntesdesanluis.com\/index.php\/2024\/11\/07\/malestar-en-el-gabinete-municipal-con-un-funcionario-albertista\/#breadcrumb\"},\"inLanguage\":\"es-AR\",\"potentialAction\":[{\"@type\":\"ReadAction\",\"target\":[\"https:\/\/apuntesdesanluis.com\/index.php\/2024\/11\/07\/malestar-en-el-gabinete-municipal-con-un-funcionario-albertista\/\"]}]},{\"@type\":\"ImageObject\",\"inLanguage\":\"es-AR\",\"@id\":\"https:\/\/apuntesdesanluis.com\/index.php\/2024\/11\/07\/malestar-en-el-gabinete-municipal-con-un-funcionario-albertista\/#primaryimage\",\"url\":\"https:\/\/apuntesdesanluis.com\/wp-content\/uploads\/2024\/11\/desotti-con-alberto.png\",\"contentUrl\":\"https:\/\/apuntesdesanluis.com\/wp-content\/uploads\/2024\/11\/desotti-con-alberto.png\",\"width\":961,\"height\":605},{\"@type\":\"BreadcrumbList\",\"@id\":\"https:\/\/apuntesdesanluis.com\/index.php\/2024\/11\/07\/malestar-en-el-gabinete-municipal-con-un-funcionario-albertista\/#breadcrumb\",\"itemListElement\":[{\"@type\":\"ListItem\",\"position\":1,\"name\":\"Inicio\",\"item\":\"https:\/\/apuntesdesanluis.com\/\"},{\"@type\":\"ListItem\",\"position\":2,\"name\":\"MALESTAR EN EL GABINETE MUNICIPAL CON UN FUNCIONARIO \u201cALBERTISTA\u201d\"}]},{\"@type\":\"WebSite\",\"@id\":\"https:\/\/apuntesdesanluis.com\/#website\",\"url\":\"https:\/\/apuntesdesanluis.com\/\",\"name\":\"Apuntes de San Luis\",\"description\":\"\",\"publisher\":{\"@id\":\"https:\/\/apuntesdesanluis.com\/#\/schema\/person\/b55151d52296fcce64d1a72538a70b90\"},\"potentialAction\":[{\"@type\":\"SearchAction\",\"target\":{\"@type\":\"EntryPoint\",\"urlTemplate\":\"https:\/\/apuntesdesanluis.com\/?s={search_term_string}\"},\"query-input\":{\"@type\":\"PropertyValueSpecification\",\"valueRequired\":true,\"valueName\":\"search_term_string\"}}],\"inLanguage\":\"es-AR\"},{\"@type\":[\"Person\",\"Organization\"],\"@id\":\"https:\/\/apuntesdesanluis.com\/#\/schema\/person\/b55151d52296fcce64d1a72538a70b90\",\"name\":\"apuntesdesanluis.com\",\"image\":{\"@type\":\"ImageObject\",\"inLanguage\":\"es-AR\",\"@id\":\"https:\/\/apuntesdesanluis.com\/#\/schema\/person\/image\/\",\"url\":\"https:\/\/apuntesdesanluis.com\/wp-content\/uploads\/2023\/07\/cropped-apuntesdesanluis.png\",\"contentUrl\":\"https:\/\/apuntesdesanluis.com\/wp-content\/uploads\/2023\/07\/cropped-apuntesdesanluis.png\",\"width\":450,\"height\":112,\"caption\":\"apuntesdesanluis.com\"},\"logo\":{\"@id\":\"https:\/\/apuntesdesanluis.com\/#\/schema\/person\/image\/\"},\"sameAs\":[\"https:\/\/apuntesdesanluis.com\"],\"url\":\"https:\/\/apuntesdesanluis.com\/index.php\/author\/apuntesdesanluis-com\/\"}]}<\/script>\n<!-- \/ Yoast SEO plugin. -->","yoast_head_json":{"title":"MALESTAR EN EL GABINETE MUNICIPAL CON UN FUNCIONARIO \u201cALBERTISTA\u201d - Apuntes de San Luis","robots":{"index":"index","follow":"follow","max-snippet":"max-snippet:-1","max-image-preview":"max-image-preview:large","max-video-preview":"max-video-preview:-1"},"canonical":"https:\/\/apuntesdesanluis.com\/index.php\/2024\/11\/07\/malestar-en-el-gabinete-municipal-con-un-funcionario-albertista\/","og_locale":"es_ES","og_type":"article","og_title":"MALESTAR EN EL GABINETE MUNICIPAL CON UN FUNCIONARIO \u201cALBERTISTA\u201d - Apuntes de San Luis","og_description":"Esta semana se increment\u00f3 la incomodidad con el funcionario de Obras P\u00fablicas de la Municipalidad...","og_url":"https:\/\/apuntesdesanluis.com\/index.php\/2024\/11\/07\/malestar-en-el-gabinete-municipal-con-un-funcionario-albertista\/","og_site_name":"Apuntes de San Luis","article_published_time":"2024-11-08T00:16:17+00:00","article_modified_time":"2024-11-08T00:17:22+00:00","og_image":[{"width":961,"height":605,"url":"https:\/\/apuntesdesanluis.com\/wp-content\/uploads\/2024\/11\/desotti-con-alberto.png","type":"image\/png"}],"author":"apuntesdesanluis.com","twitter_card":"summary_large_image","twitter_misc":{"Escrito por":"apuntesdesanluis.com","Tiempo de lectura":"3 minutos"},"schema":{"@context":"https:\/\/schema.org","@graph":[{"@type":"Article","@id":"https:\/\/apuntesdesanluis.com\/index.php\/2024\/11\/07\/malestar-en-el-gabinete-municipal-con-un-funcionario-albertista\/#article","isPartOf":{"@id":"https:\/\/apuntesdesanluis.com\/index.php\/2024\/11\/07\/malestar-en-el-gabinete-municipal-con-un-funcionario-albertista\/"},"author":{"name":"apuntesdesanluis.com","@id":"https:\/\/apuntesdesanluis.com\/#\/schema\/person\/b55151d52296fcce64d1a72538a70b90"},"headline":"MALESTAR EN EL GABINETE MUNICIPAL CON UN FUNCIONARIO \u201cALBERTISTA\u201d","datePublished":"2024-11-08T00:16:17+00:00","dateModified":"2024-11-08T00:17:22+00:00","mainEntityOfPage":{"@id":"https:\/\/apuntesdesanluis.com\/index.php\/2024\/11\/07\/malestar-en-el-gabinete-municipal-con-un-funcionario-albertista\/"},"wordCount":557,"publisher":{"@id":"https:\/\/apuntesdesanluis.com\/#\/schema\/person\/b55151d52296fcce64d1a72538a70b90"},"image":{"@id":"https:\/\/apuntesdesanluis.com\/index.php\/2024\/11\/07\/malestar-en-el-gabinete-municipal-con-un-funcionario-albertista\/#primaryimage"},"thumbnailUrl":"https:\/\/apuntesdesanluis.com\/wp-content\/uploads\/2024\/11\/desotti-con-alberto.png","articleSection":["Opini\u00f3n"],"inLanguage":"es-AR"},{"@type":"WebPage","@id":"https:\/\/apuntesdesanluis.com\/index.php\/2024\/11\/07\/malestar-en-el-gabinete-municipal-con-un-funcionario-albertista\/","url":"https:\/\/apuntesdesanluis.com\/index.php\/2024\/11\/07\/malestar-en-el-gabinete-municipal-con-un-funcionario-albertista\/","name":"MALESTAR EN EL GABINETE MUNICIPAL CON UN FUNCIONARIO \u201cALBERTISTA\u201d - Apuntes de San Luis","isPartOf":{"@id":"https:\/\/apuntesdesanluis.com\/#website"},"primaryImageOfPage":{"@id":"https:\/\/apuntesdesanluis.com\/index.php\/2024\/11\/07\/malestar-en-el-gabinete-municipal-con-un-funcionario-albertista\/#primaryimage"},"image":{"@id":"https:\/\/apuntesdesanluis.com\/index.php\/2024\/11\/07\/malestar-en-el-gabinete-municipal-con-un-funcionario-albertista\/#primaryimage"},"thumbnailUrl":"https:\/\/apuntesdesanluis.com\/wp-content\/uploads\/2024\/11\/desotti-con-alberto.png","datePublished":"2024-11-08T00:16:17+00:00","dateModified":"2024-11-08T00:17:22+00:00","breadcrumb":{"@id":"https:\/\/apuntesdesanluis.com\/index.php\/2024\/11\/07\/malestar-en-el-gabinete-municipal-con-un-funcionario-albertista\/#breadcrumb"},"inLanguage":"es-AR","potentialAction":[{"@type":"ReadAction","target":["https:\/\/apuntesdesanluis.com\/index.php\/2024\/11\/07\/malestar-en-el-gabinete-municipal-con-un-funcionario-albertista\/"]}]},{"@type":"ImageObject","inLanguage":"es-AR","@id":"https:\/\/apuntesdesanluis.com\/index.php\/2024\/11\/07\/malestar-en-el-gabinete-municipal-con-un-funcionario-albertista\/#primaryimage","url":"https:\/\/apuntesdesanluis.com\/wp-content\/uploads\/2024\/11\/desotti-con-alberto.png","contentUrl":"https:\/\/apuntesdesanluis.com\/wp-content\/uploads\/2024\/11\/desotti-con-alberto.png","width":961,"height":605},{"@type":"BreadcrumbList","@id":"https:\/\/apuntesdesanluis.com\/index.php\/2024\/11\/07\/malestar-en-el-gabinete-municipal-con-un-funcionario-albertista\/#breadcrumb","itemListElement":[{"@type":"ListItem","position":1,"name":"Inicio","item":"https:\/\/apuntesdesanluis.com\/"},{"@type":"ListItem","position":2,"name":"MALESTAR EN EL GABINETE MUNICIPAL CON UN FUNCIONARIO \u201cALBERTISTA\u201d"}]},{"@type":"WebSite","@id":"https:\/\/apuntesdesanluis.com\/#website","url":"https:\/\/apuntesdesanluis.com\/","name":"Apuntes de San Luis","description":"","publisher":{"@id":"https:\/\/apuntesdesanluis.com\/#\/schema\/person\/b55151d52296fcce64d1a72538a70b90"},"potentialAction":[{"@type":"SearchAction","target":{"@type":"EntryPoint","urlTemplate":"https:\/\/apuntesdesanluis.com\/?s={search_term_string}"},"query-input":{"@type":"PropertyValueSpecification","valueRequired":true,"valueName":"search_term_string"}}],"inLanguage":"es-AR"},{"@type":["Person","Organization"],"@id":"https:\/\/apuntesdesanluis.com\/#\/schema\/person\/b55151d52296fcce64d1a72538a70b90","name":"apuntesdesanluis.com","image":{"@type":"ImageObject","inLanguage":"es-AR","@id":"https:\/\/apuntesdesanluis.com\/#\/schema\/person\/image\/","url":"https:\/\/apuntesdesanluis.com\/wp-content\/uploads\/2023\/07\/cropped-apuntesdesanluis.png","contentUrl":"https:\/\/apuntesdesanluis.com\/wp-content\/uploads\/2023\/07\/cropped-apuntesdesanluis.png","width":450,"height":112,"caption":"apuntesdesanluis.com"},"logo":{"@id":"https:\/\/apuntesdesanluis.com\/#\/schema\/person\/image\/"},"sameAs":["https:\/\/apuntesdesanluis.com"],"url":"https:\/\/apuntesdesanluis.com\/index.php\/author\/apuntesdesanluis-com\/"}]}},"featured_image_urls":{"full":["https:\/\/apuntesdesanluis.com\/wp-content\/uploads\/2024\/11\/desotti-con-alberto.png",961,605,false],"thumbnail":["https:\/\/apuntesdesanluis.com\/wp-content\/uploads\/2024\/11\/desotti-con-alberto-150x150.png",150,150,true],"medium":["https:\/\/apuntesdesanluis.com\/wp-content\/uploads\/2024\/11\/desotti-con-alberto-300x189.png",300,189,true],"medium_large":["https:\/\/apuntesdesanluis.com\/wp-content\/uploads\/2024\/11\/desotti-con-alberto-768x483.png",640,403,true],"large":["https:\/\/apuntesdesanluis.com\/wp-content\/uploads\/2024\/11\/desotti-con-alberto.png",640,403,false],"1536x1536":["https:\/\/apuntesdesanluis.com\/wp-content\/uploads\/2024\/11\/desotti-con-alberto.png",961,605,false],"2048x2048":["https:\/\/apuntesdesanluis.com\/wp-content\/uploads\/2024\/11\/desotti-con-alberto.png",961,605,false],"newsever-slider-full":["https:\/\/apuntesdesanluis.com\/wp-content\/uploads\/2024\/11\/desotti-con-alberto.png",961,605,false],"newsever-featured":["https:\/\/apuntesdesanluis.com\/wp-content\/uploads\/2024\/11\/desotti-con-alberto.png",961,605,false],"newsever-medium":["https:\/\/apuntesdesanluis.com\/wp-content\/uploads\/2024\/11\/desotti-con-alberto-720x475.png",720,475,true]},"author_info":{"display_name":"apuntesdesanluis.com","author_link":"https:\/\/apuntesdesanluis.com\/index.php\/author\/apuntesdesanluis-com\/"},"category_info":"<a href=\"https:\/\/apuntesdesanluis.com\/index.php\/category\/opinion\/\" rel=\"category tag\">Opini\u00f3n<\/a>","tag_info":"Opini\u00f3n","comment_count":"0","_links":{"self":[{"href":"https:\/\/apuntesdesanluis.com\/index.php\/wp-json\/wp\/v2\/posts\/25004","targetHints":{"allow":["GET"]}}],"collection":[{"href":"https:\/\/apuntesdesanluis.com\/index.php\/wp-json\/wp\/v2\/posts"}],"about":[{"href":"https:\/\/apuntesdesanluis.com\/index.php\/wp-json\/wp\/v2\/types\/post"}],"author":[{"embeddable":true,"href":"https:\/\/apuntesdesanluis.com\/index.php\/wp-json\/wp\/v2\/users\/1"}],"replies":[{"embeddable":true,"href":"https:\/\/apuntesdesanluis.com\/index.php\/wp-json\/wp\/v2\/comments?post=25004"}],"version-history":[{"count":2,"href":"https:\/\/apuntesdesanluis.com\/index.php\/wp-json\/wp\/v2\/posts\/25004\/revisions"}],"predecessor-version":[{"id":25008,"href":"https:\/\/apuntesdesanluis.com\/index.php\/wp-json\/wp\/v2\/posts\/25004\/revisions\/25008"}],"wp:featuredmedia":[{"embeddable":true,"href":"https:\/\/apuntesdesanluis.com\/index.php\/wp-json\/wp\/v2\/media\/25005"}],"wp:attachment":[{"href":"https:\/\/apuntesdesanluis.com\/index.php\/wp-json\/wp\/v2\/media?parent=25004"}],"wp:term":[{"taxonomy":"category","embeddable":true,"href":"https:\/\/apuntesdesanluis.com\/index.php\/wp-json\/wp\/v2\/categories?post=25004"},{"taxonomy":"post_tag","embeddable":true,"href":"https:\/\/apuntesdesanluis.com\/index.php\/wp-json\/wp\/v2\/tags?post=25004"}],"curies":[{"name":"wp","href":"https:\/\/api.w.org\/{rel}","templated":true}]}}