{"id":25009,"date":"2024-11-07T17:25:09","date_gmt":"2024-11-07T20:25:09","guid":{"rendered":"https:\/\/apuntesdesanluis.com\/?p=25009"},"modified":"2024-11-08T08:38:28","modified_gmt":"2024-11-08T11:38:28","slug":"crimen-del-albanil-condenan-a-10-anos-y-8-meses-de-prision-al-acusado","status":"publish","type":"post","link":"https:\/\/apuntesdesanluis.com\/index.php\/2024\/11\/07\/crimen-del-albanil-condenan-a-10-anos-y-8-meses-de-prision-al-acusado\/","title":{"rendered":"CRIMEN DEL ALBA\u00d1IL: CONDENAN A 10 A\u00d1OS Y 8 MESES DE PRISI\u00d3N AL ACUSADO"},"content":{"rendered":"<h3><strong>Franco Herrera<\/strong> fue condenado a diez a\u00f1os y ocho meses de prisi\u00f3n por haber sido declarado culpable de homicidio simple agravado por el uso de arma de fuego. El veredicto se emiti\u00f3 este mi\u00e9rcoles a la tarde y fue votado por unanimidad por las juezas Adriana Lucero Alfonso, Sandra Ehrlich y el juez Sebasti\u00e1n Cadelago Filippi.<\/h3>\n<h3>La v\u00edctima se llamaba <strong>Juan Carlos Avaca<\/strong>, ten\u00eda 51 a\u00f1os y era alba\u00f1il. El 11 de diciembre de 2019, entre las 21:00 y las 22:00 horas, lleg\u00f3 en un taxi hasta la casa del padre de Franco Herrera, en la manzana 388 del Barrio 140 Viviendas de la ciudad de San Luis, para cobrar unos trabajos de revoque y pintura. En el veh\u00edculo tambi\u00e9n viajaba su esposa.<\/h3>\n<h3>De acuerdo con las declaraciones de la mujer y el chofer, en la puerta de ese domicilio se produjo un altercado y la v\u00edctima recibi\u00f3 dos disparos de una escopeta. De inmediato fue trasladado al Hospital Cerro de la Cruz, pero lleg\u00f3 sin vida. Herrera, que actualmente tiene 28 a\u00f1os, fue imputado por el homicidio.<\/h3>\n<h3>Como fiscal de Juicio actu\u00f3 Virginia Palacios mientras que la defensa del imputado estuvo a cargo del Defensor Oficial en lo Penal, Esteban Sala.<\/h3>\n<p>&nbsp;<\/p>\n<p>&nbsp;<\/p>\n<p>&nbsp;<\/p>\n","protected":false},"excerpt":{"rendered":"<p>Franco Herrera fue condenado a diez a\u00f1os y ocho meses de prisi\u00f3n por haber sido&#8230;<\/p>\n","protected":false},"author":1,"featured_media":24898,"comment_status":"closed","ping_status":"closed","sticky":false,"template":"","format":"standard","meta":{"footnotes":""},"categories":[6],"tags":[],"class_list":["post-25009","post","type-post","status-publish","format-standard","has-post-thumbnail","hentry","category-ciudad-provincia"],"yoast_head":"<!-- This site is optimized with the Yoast SEO plugin v26.1.1 - https:\/\/yoast.com\/wordpress\/plugins\/seo\/ -->\n<title>CRIMEN DEL ALBA\u00d1IL: CONDENAN A 10 A\u00d1OS Y 8 MESES DE PRISI\u00d3N AL ACUSADO - Apuntes de San Luis<\/title>\n<meta name=\"robots\" content=\"index, follow, max-snippet:-1, max-image-preview:large, max-video-preview:-1\" \/>\n<link rel=\"canonical\" href=\"https:\/\/apuntesdesanluis.com\/index.php\/2024\/11\/07\/crimen-del-albanil-condenan-a-10-anos-y-8-meses-de-prision-al-acusado\/\" \/>\n<meta property=\"og:locale\" content=\"es_ES\" \/>\n<meta property=\"og:type\" content=\"article\" \/>\n<meta property=\"og:title\" content=\"CRIMEN DEL ALBA\u00d1IL: CONDENAN A 10 A\u00d1OS Y 8 MESES DE PRISI\u00d3N AL ACUSADO - Apuntes de San Luis\" \/>\n<meta property=\"og:description\" content=\"Franco Herrera fue condenado a diez a\u00f1os y ocho meses de prisi\u00f3n por haber sido...\" \/>\n<meta property=\"og:url\" content=\"https:\/\/apuntesdesanluis.com\/index.php\/2024\/11\/07\/crimen-del-albanil-condenan-a-10-anos-y-8-meses-de-prision-al-acusado\/\" \/>\n<meta property=\"og:site_name\" content=\"Apuntes de San Luis\" \/>\n<meta property=\"article:published_time\" content=\"2024-11-07T20:25:09+00:00\" \/>\n<meta property=\"article:modified_time\" content=\"2024-11-08T11:38:28+00:00\" \/>\n<meta property=\"og:image\" content=\"https:\/\/apuntesdesanluis.com\/wp-content\/uploads\/2024\/11\/JUICIO.png\" \/>\n\t<meta property=\"og:image:width\" content=\"849\" \/>\n\t<meta property=\"og:image:height\" content=\"498\" \/>\n\t<meta property=\"og:image:type\" content=\"image\/png\" \/>\n<meta name=\"author\" content=\"apuntesdesanluis.com\" \/>\n<meta name=\"twitter:card\" content=\"summary_large_image\" \/>\n<meta name=\"twitter:label1\" content=\"Escrito por\" \/>\n\t<meta name=\"twitter:data1\" content=\"apuntesdesanluis.com\" \/>\n\t<meta name=\"twitter:label2\" content=\"Tiempo de lectura\" \/>\n\t<meta name=\"twitter:data2\" content=\"2 minutos\" \/>\n<script type=\"application\/ld+json\" class=\"yoast-schema-graph\">{\"@context\":\"https:\/\/schema.org\",\"@graph\":[{\"@type\":\"Article\",\"@id\":\"https:\/\/apuntesdesanluis.com\/index.php\/2024\/11\/07\/crimen-del-albanil-condenan-a-10-anos-y-8-meses-de-prision-al-acusado\/#article\",\"isPartOf\":{\"@id\":\"https:\/\/apuntesdesanluis.com\/index.php\/2024\/11\/07\/crimen-del-albanil-condenan-a-10-anos-y-8-meses-de-prision-al-acusado\/\"},\"author\":{\"name\":\"apuntesdesanluis.com\",\"@id\":\"https:\/\/apuntesdesanluis.com\/#\/schema\/person\/b55151d52296fcce64d1a72538a70b90\"},\"headline\":\"CRIMEN DEL ALBA\u00d1IL: CONDENAN A 10 A\u00d1OS Y 8 MESES DE PRISI\u00d3N AL ACUSADO\",\"datePublished\":\"2024-11-07T20:25:09+00:00\",\"dateModified\":\"2024-11-08T11:38:28+00:00\",\"mainEntityOfPage\":{\"@id\":\"https:\/\/apuntesdesanluis.com\/index.php\/2024\/11\/07\/crimen-del-albanil-condenan-a-10-anos-y-8-meses-de-prision-al-acusado\/\"},\"wordCount\":224,\"publisher\":{\"@id\":\"https:\/\/apuntesdesanluis.com\/#\/schema\/person\/b55151d52296fcce64d1a72538a70b90\"},\"image\":{\"@id\":\"https:\/\/apuntesdesanluis.com\/index.php\/2024\/11\/07\/crimen-del-albanil-condenan-a-10-anos-y-8-meses-de-prision-al-acusado\/#primaryimage\"},\"thumbnailUrl\":\"https:\/\/apuntesdesanluis.com\/wp-content\/uploads\/2024\/11\/JUICIO.png\",\"articleSection\":[\"Ciudad\/Provincia\"],\"inLanguage\":\"es-AR\"},{\"@type\":\"WebPage\",\"@id\":\"https:\/\/apuntesdesanluis.com\/index.php\/2024\/11\/07\/crimen-del-albanil-condenan-a-10-anos-y-8-meses-de-prision-al-acusado\/\",\"url\":\"https:\/\/apuntesdesanluis.com\/index.php\/2024\/11\/07\/crimen-del-albanil-condenan-a-10-anos-y-8-meses-de-prision-al-acusado\/\",\"name\":\"CRIMEN DEL ALBA\u00d1IL: CONDENAN A 10 A\u00d1OS Y 8 MESES DE PRISI\u00d3N AL ACUSADO - Apuntes de San Luis\",\"isPartOf\":{\"@id\":\"https:\/\/apuntesdesanluis.com\/#website\"},\"primaryImageOfPage\":{\"@id\":\"https:\/\/apuntesdesanluis.com\/index.php\/2024\/11\/07\/crimen-del-albanil-condenan-a-10-anos-y-8-meses-de-prision-al-acusado\/#primaryimage\"},\"image\":{\"@id\":\"https:\/\/apuntesdesanluis.com\/index.php\/2024\/11\/07\/crimen-del-albanil-condenan-a-10-anos-y-8-meses-de-prision-al-acusado\/#primaryimage\"},\"thumbnailUrl\":\"https:\/\/apuntesdesanluis.com\/wp-content\/uploads\/2024\/11\/JUICIO.png\",\"datePublished\":\"2024-11-07T20:25:09+00:00\",\"dateModified\":\"2024-11-08T11:38:28+00:00\",\"breadcrumb\":{\"@id\":\"https:\/\/apuntesdesanluis.com\/index.php\/2024\/11\/07\/crimen-del-albanil-condenan-a-10-anos-y-8-meses-de-prision-al-acusado\/#breadcrumb\"},\"inLanguage\":\"es-AR\",\"potentialAction\":[{\"@type\":\"ReadAction\",\"target\":[\"https:\/\/apuntesdesanluis.com\/index.php\/2024\/11\/07\/crimen-del-albanil-condenan-a-10-anos-y-8-meses-de-prision-al-acusado\/\"]}]},{\"@type\":\"ImageObject\",\"inLanguage\":\"es-AR\",\"@id\":\"https:\/\/apuntesdesanluis.com\/index.php\/2024\/11\/07\/crimen-del-albanil-condenan-a-10-anos-y-8-meses-de-prision-al-acusado\/#primaryimage\",\"url\":\"https:\/\/apuntesdesanluis.com\/wp-content\/uploads\/2024\/11\/JUICIO.png\",\"contentUrl\":\"https:\/\/apuntesdesanluis.com\/wp-content\/uploads\/2024\/11\/JUICIO.png\",\"width\":849,\"height\":498},{\"@type\":\"BreadcrumbList\",\"@id\":\"https:\/\/apuntesdesanluis.com\/index.php\/2024\/11\/07\/crimen-del-albanil-condenan-a-10-anos-y-8-meses-de-prision-al-acusado\/#breadcrumb\",\"itemListElement\":[{\"@type\":\"ListItem\",\"position\":1,\"name\":\"Inicio\",\"item\":\"https:\/\/apuntesdesanluis.com\/\"},{\"@type\":\"ListItem\",\"position\":2,\"name\":\"CRIMEN DEL ALBA\u00d1IL: CONDENAN A 10 A\u00d1OS Y 8 MESES DE PRISI\u00d3N AL ACUSADO\"}]},{\"@type\":\"WebSite\",\"@id\":\"https:\/\/apuntesdesanluis.com\/#website\",\"url\":\"https:\/\/apuntesdesanluis.com\/\",\"name\":\"Apuntes de San Luis\",\"description\":\"\",\"publisher\":{\"@id\":\"https:\/\/apuntesdesanluis.com\/#\/schema\/person\/b55151d52296fcce64d1a72538a70b90\"},\"potentialAction\":[{\"@type\":\"SearchAction\",\"target\":{\"@type\":\"EntryPoint\",\"urlTemplate\":\"https:\/\/apuntesdesanluis.com\/?s={search_term_string}\"},\"query-input\":{\"@type\":\"PropertyValueSpecification\",\"valueRequired\":true,\"valueName\":\"search_term_string\"}}],\"inLanguage\":\"es-AR\"},{\"@type\":[\"Person\",\"Organization\"],\"@id\":\"https:\/\/apuntesdesanluis.com\/#\/schema\/person\/b55151d52296fcce64d1a72538a70b90\",\"name\":\"apuntesdesanluis.com\",\"image\":{\"@type\":\"ImageObject\",\"inLanguage\":\"es-AR\",\"@id\":\"https:\/\/apuntesdesanluis.com\/#\/schema\/person\/image\/\",\"url\":\"https:\/\/apuntesdesanluis.com\/wp-content\/uploads\/2023\/07\/cropped-apuntesdesanluis.png\",\"contentUrl\":\"https:\/\/apuntesdesanluis.com\/wp-content\/uploads\/2023\/07\/cropped-apuntesdesanluis.png\",\"width\":450,\"height\":112,\"caption\":\"apuntesdesanluis.com\"},\"logo\":{\"@id\":\"https:\/\/apuntesdesanluis.com\/#\/schema\/person\/image\/\"},\"sameAs\":[\"https:\/\/apuntesdesanluis.com\"],\"url\":\"https:\/\/apuntesdesanluis.com\/index.php\/author\/apuntesdesanluis-com\/\"}]}<\/script>\n<!-- \/ Yoast SEO plugin. -->","yoast_head_json":{"title":"CRIMEN DEL ALBA\u00d1IL: CONDENAN A 10 A\u00d1OS Y 8 MESES DE PRISI\u00d3N AL ACUSADO - Apuntes de San Luis","robots":{"index":"index","follow":"follow","max-snippet":"max-snippet:-1","max-image-preview":"max-image-preview:large","max-video-preview":"max-video-preview:-1"},"canonical":"https:\/\/apuntesdesanluis.com\/index.php\/2024\/11\/07\/crimen-del-albanil-condenan-a-10-anos-y-8-meses-de-prision-al-acusado\/","og_locale":"es_ES","og_type":"article","og_title":"CRIMEN DEL ALBA\u00d1IL: CONDENAN A 10 A\u00d1OS Y 8 MESES DE PRISI\u00d3N AL ACUSADO - Apuntes de San Luis","og_description":"Franco Herrera fue condenado a diez a\u00f1os y ocho meses de prisi\u00f3n por haber sido...","og_url":"https:\/\/apuntesdesanluis.com\/index.php\/2024\/11\/07\/crimen-del-albanil-condenan-a-10-anos-y-8-meses-de-prision-al-acusado\/","og_site_name":"Apuntes de San Luis","article_published_time":"2024-11-07T20:25:09+00:00","article_modified_time":"2024-11-08T11:38:28+00:00","og_image":[{"width":849,"height":498,"url":"https:\/\/apuntesdesanluis.com\/wp-content\/uploads\/2024\/11\/JUICIO.png","type":"image\/png"}],"author":"apuntesdesanluis.com","twitter_card":"summary_large_image","twitter_misc":{"Escrito por":"apuntesdesanluis.com","Tiempo de lectura":"2 minutos"},"schema":{"@context":"https:\/\/schema.org","@graph":[{"@type":"Article","@id":"https:\/\/apuntesdesanluis.com\/index.php\/2024\/11\/07\/crimen-del-albanil-condenan-a-10-anos-y-8-meses-de-prision-al-acusado\/#article","isPartOf":{"@id":"https:\/\/apuntesdesanluis.com\/index.php\/2024\/11\/07\/crimen-del-albanil-condenan-a-10-anos-y-8-meses-de-prision-al-acusado\/"},"author":{"name":"apuntesdesanluis.com","@id":"https:\/\/apuntesdesanluis.com\/#\/schema\/person\/b55151d52296fcce64d1a72538a70b90"},"headline":"CRIMEN DEL ALBA\u00d1IL: CONDENAN A 10 A\u00d1OS Y 8 MESES DE PRISI\u00d3N AL ACUSADO","datePublished":"2024-11-07T20:25:09+00:00","dateModified":"2024-11-08T11:38:28+00:00","mainEntityOfPage":{"@id":"https:\/\/apuntesdesanluis.com\/index.php\/2024\/11\/07\/crimen-del-albanil-condenan-a-10-anos-y-8-meses-de-prision-al-acusado\/"},"wordCount":224,"publisher":{"@id":"https:\/\/apuntesdesanluis.com\/#\/schema\/person\/b55151d52296fcce64d1a72538a70b90"},"image":{"@id":"https:\/\/apuntesdesanluis.com\/index.php\/2024\/11\/07\/crimen-del-albanil-condenan-a-10-anos-y-8-meses-de-prision-al-acusado\/#primaryimage"},"thumbnailUrl":"https:\/\/apuntesdesanluis.com\/wp-content\/uploads\/2024\/11\/JUICIO.png","articleSection":["Ciudad\/Provincia"],"inLanguage":"es-AR"},{"@type":"WebPage","@id":"https:\/\/apuntesdesanluis.com\/index.php\/2024\/11\/07\/crimen-del-albanil-condenan-a-10-anos-y-8-meses-de-prision-al-acusado\/","url":"https:\/\/apuntesdesanluis.com\/index.php\/2024\/11\/07\/crimen-del-albanil-condenan-a-10-anos-y-8-meses-de-prision-al-acusado\/","name":"CRIMEN DEL ALBA\u00d1IL: CONDENAN A 10 A\u00d1OS Y 8 MESES DE PRISI\u00d3N AL ACUSADO - Apuntes de San Luis","isPartOf":{"@id":"https:\/\/apuntesdesanluis.com\/#website"},"primaryImageOfPage":{"@id":"https:\/\/apuntesdesanluis.com\/index.php\/2024\/11\/07\/crimen-del-albanil-condenan-a-10-anos-y-8-meses-de-prision-al-acusado\/#primaryimage"},"image":{"@id":"https:\/\/apuntesdesanluis.com\/index.php\/2024\/11\/07\/crimen-del-albanil-condenan-a-10-anos-y-8-meses-de-prision-al-acusado\/#primaryimage"},"thumbnailUrl":"https:\/\/apuntesdesanluis.com\/wp-content\/uploads\/2024\/11\/JUICIO.png","datePublished":"2024-11-07T20:25:09+00:00","dateModified":"2024-11-08T11:38:28+00:00","breadcrumb":{"@id":"https:\/\/apuntesdesanluis.com\/index.php\/2024\/11\/07\/crimen-del-albanil-condenan-a-10-anos-y-8-meses-de-prision-al-acusado\/#breadcrumb"},"inLanguage":"es-AR","potentialAction":[{"@type":"ReadAction","target":["https:\/\/apuntesdesanluis.com\/index.php\/2024\/11\/07\/crimen-del-albanil-condenan-a-10-anos-y-8-meses-de-prision-al-acusado\/"]}]},{"@type":"ImageObject","inLanguage":"es-AR","@id":"https:\/\/apuntesdesanluis.com\/index.php\/2024\/11\/07\/crimen-del-albanil-condenan-a-10-anos-y-8-meses-de-prision-al-acusado\/#primaryimage","url":"https:\/\/apuntesdesanluis.com\/wp-content\/uploads\/2024\/11\/JUICIO.png","contentUrl":"https:\/\/apuntesdesanluis.com\/wp-content\/uploads\/2024\/11\/JUICIO.png","width":849,"height":498},{"@type":"BreadcrumbList","@id":"https:\/\/apuntesdesanluis.com\/index.php\/2024\/11\/07\/crimen-del-albanil-condenan-a-10-anos-y-8-meses-de-prision-al-acusado\/#breadcrumb","itemListElement":[{"@type":"ListItem","position":1,"name":"Inicio","item":"https:\/\/apuntesdesanluis.com\/"},{"@type":"ListItem","position":2,"name":"CRIMEN DEL ALBA\u00d1IL: CONDENAN A 10 A\u00d1OS Y 8 MESES DE PRISI\u00d3N AL ACUSADO"}]},{"@type":"WebSite","@id":"https:\/\/apuntesdesanluis.com\/#website","url":"https:\/\/apuntesdesanluis.com\/","name":"Apuntes de San Luis","description":"","publisher":{"@id":"https:\/\/apuntesdesanluis.com\/#\/schema\/person\/b55151d52296fcce64d1a72538a70b90"},"potentialAction":[{"@type":"SearchAction","target":{"@type":"EntryPoint","urlTemplate":"https:\/\/apuntesdesanluis.com\/?s={search_term_string}"},"query-input":{"@type":"PropertyValueSpecification","valueRequired":true,"valueName":"search_term_string"}}],"inLanguage":"es-AR"},{"@type":["Person","Organization"],"@id":"https:\/\/apuntesdesanluis.com\/#\/schema\/person\/b55151d52296fcce64d1a72538a70b90","name":"apuntesdesanluis.com","image":{"@type":"ImageObject","inLanguage":"es-AR","@id":"https:\/\/apuntesdesanluis.com\/#\/schema\/person\/image\/","url":"https:\/\/apuntesdesanluis.com\/wp-content\/uploads\/2023\/07\/cropped-apuntesdesanluis.png","contentUrl":"https:\/\/apuntesdesanluis.com\/wp-content\/uploads\/2023\/07\/cropped-apuntesdesanluis.png","width":450,"height":112,"caption":"apuntesdesanluis.com"},"logo":{"@id":"https:\/\/apuntesdesanluis.com\/#\/schema\/person\/image\/"},"sameAs":["https:\/\/apuntesdesanluis.com"],"url":"https:\/\/apuntesdesanluis.com\/index.php\/author\/apuntesdesanluis-com\/"}]}},"featured_image_urls":{"full":["https:\/\/apuntesdesanluis.com\/wp-content\/uploads\/2024\/11\/JUICIO.png",849,498,false],"thumbnail":["https:\/\/apuntesdesanluis.com\/wp-content\/uploads\/2024\/11\/JUICIO-150x150.png",150,150,true],"medium":["https:\/\/apuntesdesanluis.com\/wp-content\/uploads\/2024\/11\/JUICIO-300x176.png",300,176,true],"medium_large":["https:\/\/apuntesdesanluis.com\/wp-content\/uploads\/2024\/11\/JUICIO-768x450.png",640,375,true],"large":["https:\/\/apuntesdesanluis.com\/wp-content\/uploads\/2024\/11\/JUICIO.png",640,375,false],"1536x1536":["https:\/\/apuntesdesanluis.com\/wp-content\/uploads\/2024\/11\/JUICIO.png",849,498,false],"2048x2048":["https:\/\/apuntesdesanluis.com\/wp-content\/uploads\/2024\/11\/JUICIO.png",849,498,false],"newsever-slider-full":["https:\/\/apuntesdesanluis.com\/wp-content\/uploads\/2024\/11\/JUICIO.png",849,498,false],"newsever-featured":["https:\/\/apuntesdesanluis.com\/wp-content\/uploads\/2024\/11\/JUICIO.png",849,498,false],"newsever-medium":["https:\/\/apuntesdesanluis.com\/wp-content\/uploads\/2024\/11\/JUICIO-720x475.png",720,475,true]},"author_info":{"display_name":"apuntesdesanluis.com","author_link":"https:\/\/apuntesdesanluis.com\/index.php\/author\/apuntesdesanluis-com\/"},"category_info":"<a href=\"https:\/\/apuntesdesanluis.com\/index.php\/category\/ciudad-provincia\/\" rel=\"category tag\">Ciudad\/Provincia<\/a>","tag_info":"Ciudad\/Provincia","comment_count":"0","_links":{"self":[{"href":"https:\/\/apuntesdesanluis.com\/index.php\/wp-json\/wp\/v2\/posts\/25009","targetHints":{"allow":["GET"]}}],"collection":[{"href":"https:\/\/apuntesdesanluis.com\/index.php\/wp-json\/wp\/v2\/posts"}],"about":[{"href":"https:\/\/apuntesdesanluis.com\/index.php\/wp-json\/wp\/v2\/types\/post"}],"author":[{"embeddable":true,"href":"https:\/\/apuntesdesanluis.com\/index.php\/wp-json\/wp\/v2\/users\/1"}],"replies":[{"embeddable":true,"href":"https:\/\/apuntesdesanluis.com\/index.php\/wp-json\/wp\/v2\/comments?post=25009"}],"version-history":[{"count":1,"href":"https:\/\/apuntesdesanluis.com\/index.php\/wp-json\/wp\/v2\/posts\/25009\/revisions"}],"predecessor-version":[{"id":25010,"href":"https:\/\/apuntesdesanluis.com\/index.php\/wp-json\/wp\/v2\/posts\/25009\/revisions\/25010"}],"wp:featuredmedia":[{"embeddable":true,"href":"https:\/\/apuntesdesanluis.com\/index.php\/wp-json\/wp\/v2\/media\/24898"}],"wp:attachment":[{"href":"https:\/\/apuntesdesanluis.com\/index.php\/wp-json\/wp\/v2\/media?parent=25009"}],"wp:term":[{"taxonomy":"category","embeddable":true,"href":"https:\/\/apuntesdesanluis.com\/index.php\/wp-json\/wp\/v2\/categories?post=25009"},{"taxonomy":"post_tag","embeddable":true,"href":"https:\/\/apuntesdesanluis.com\/index.php\/wp-json\/wp\/v2\/tags?post=25009"}],"curies":[{"name":"wp","href":"https:\/\/api.w.org\/{rel}","templated":true}]}}