{"id":25011,"date":"2024-11-08T08:37:08","date_gmt":"2024-11-08T11:37:08","guid":{"rendered":"https:\/\/apuntesdesanluis.com\/?p=25011"},"modified":"2024-11-08T08:37:08","modified_gmt":"2024-11-08T11:37:08","slug":"expectativa-en-justo-daract-por-el-anuncio-de-la-reactivacion-del-taller-ferroviario","status":"publish","type":"post","link":"https:\/\/apuntesdesanluis.com\/index.php\/2024\/11\/08\/expectativa-en-justo-daract-por-el-anuncio-de-la-reactivacion-del-taller-ferroviario\/","title":{"rendered":"EXPECTATIVA EN JUSTO DARACT POR EL ANUNCIO DE LA REACTIVACI\u00d3N DEL TALLER FERROVIARIO"},"content":{"rendered":"<h3><strong>Claudio Poggi<\/strong> asegur\u00f3 que firmar\u00e1 un convenio para reacondicionar 4 de los 15 vagones que est\u00e1n inactivos en la provincia. Tambi\u00e9n consider\u00f3 la posibilidad de retomar pr\u00f3ximamente la construcci\u00f3n de m\u00e1s furgones.<\/h3>\n<h3>El gobernador inici\u00f3 su agenda este jueves en el departamento Pedernera y la primera actividad fue la visita a los talleres ferroviarios de Justo Daract. All\u00ed, adem\u00e1s de celebrar su vuelta luego de 10 a\u00f1os y dialogar con los 22 trabajadores que forman parte del taller, anunci\u00f3 que comenzar\u00e1n a reacondicionar 4 vagones de los 15 que tiene la provincia y que actualmente est\u00e1n inactivos.<\/h3>\n<h3>El secretario de Actividades Log\u00edsticas, Walter Vogt, acompa\u00f1\u00f3 al Primer Mandatario, al igual que directivos de Ferroindustria SA, encabezados por su presidente, Maximiliano Quattrocchio, y la vicepresidenta, Ana Pulido. Durante la recepci\u00f3n de las autoridades, Quattrocchio consider\u00f3 la visita del Gobernador como \u201cun honor\u201d y destac\u00f3 el compromiso que tiene con el ferroviario.<\/h3>\n<p><iframe title=\"Maximiliano Quattrocchio, Presidente de Ferroindustria S.A.\" width=\"640\" height=\"360\" src=\"https:\/\/www.youtube.com\/embed\/QwCgcPt5-Pg?feature=oembed\" frameborder=\"0\" allow=\"accelerometer; autoplay; clipboard-write; encrypted-media; gyroscope; picture-in-picture; web-share\" referrerpolicy=\"strict-origin-when-cross-origin\" allowfullscreen><\/iframe><\/p>\n<h3>\u201cEs una etapa nueva que comienza. El taller hab\u00eda sido suspendido, al igual que la fabricaci\u00f3n y el mantenimiento con la gesti\u00f3n anterior. El gobernador Poggi tiene un compromiso particular con el ferrocarril, entiende el valor que tiene para la producci\u00f3n de la provincia, la exportaci\u00f3n. Nosotros estamos alineados con esa idea, colaborando con \u00e9l para que San Luis vuelva a tener en condiciones los vagones\u201d, resalt\u00f3.<\/h3>\n<h3>Actualmente, de los 15 vagones inactivos que tiene la provincia, hay cuatro que ya est\u00e1n en el taller a punto de iniciar su proceso de refacci\u00f3n, con la intenci\u00f3n de que comiencen a transportar mercader\u00edas como lo hac\u00edan antes. \u201cTienen un problema de normativa y la prohibici\u00f3n de circular por una cuesti\u00f3n de mantenimiento. Son los primeros que van a entrar para recibir trabajos de mantenimiento en los rodamientos y dem\u00e1s\u201d, explic\u00f3 el presidente, quien se\u00f1al\u00f3 que los 11 restantes tambi\u00e9n ser\u00e1n refaccionados a medida que terminen los primeros.<\/h3>\n<p>&nbsp;<\/p>\n<p>&nbsp;<\/p>\n<p>&nbsp;<\/p>\n<p>&nbsp;<\/p>\n<p>&nbsp;<\/p>\n<p>&nbsp;<\/p>\n","protected":false},"excerpt":{"rendered":"<p>Claudio Poggi asegur\u00f3 que firmar\u00e1 un convenio para reacondicionar 4 de los 15 vagones que&#8230;<\/p>\n","protected":false},"author":1,"featured_media":25012,"comment_status":"closed","ping_status":"closed","sticky":false,"template":"","format":"standard","meta":{"footnotes":""},"categories":[6],"tags":[],"class_list":["post-25011","post","type-post","status-publish","format-standard","has-post-thumbnail","hentry","category-ciudad-provincia"],"yoast_head":"<!-- This site is optimized with the Yoast SEO plugin v26.1.1 - https:\/\/yoast.com\/wordpress\/plugins\/seo\/ -->\n<title>EXPECTATIVA EN JUSTO DARACT POR EL ANUNCIO DE LA REACTIVACI\u00d3N DEL TALLER FERROVIARIO - Apuntes de San Luis<\/title>\n<meta name=\"robots\" content=\"index, follow, max-snippet:-1, max-image-preview:large, max-video-preview:-1\" \/>\n<link rel=\"canonical\" href=\"https:\/\/apuntesdesanluis.com\/index.php\/2024\/11\/08\/expectativa-en-justo-daract-por-el-anuncio-de-la-reactivacion-del-taller-ferroviario\/\" \/>\n<meta property=\"og:locale\" content=\"es_ES\" \/>\n<meta property=\"og:type\" content=\"article\" \/>\n<meta property=\"og:title\" content=\"EXPECTATIVA EN JUSTO DARACT POR EL ANUNCIO DE LA REACTIVACI\u00d3N DEL TALLER FERROVIARIO - Apuntes de San Luis\" \/>\n<meta property=\"og:description\" content=\"Claudio Poggi asegur\u00f3 que firmar\u00e1 un convenio para reacondicionar 4 de los 15 vagones que...\" \/>\n<meta property=\"og:url\" content=\"https:\/\/apuntesdesanluis.com\/index.php\/2024\/11\/08\/expectativa-en-justo-daract-por-el-anuncio-de-la-reactivacion-del-taller-ferroviario\/\" \/>\n<meta property=\"og:site_name\" content=\"Apuntes de San Luis\" \/>\n<meta property=\"article:published_time\" content=\"2024-11-08T11:37:08+00:00\" \/>\n<meta property=\"og:image\" content=\"https:\/\/apuntesdesanluis.com\/wp-content\/uploads\/2024\/11\/poggi.png\" \/>\n\t<meta property=\"og:image:width\" content=\"599\" \/>\n\t<meta property=\"og:image:height\" content=\"389\" \/>\n\t<meta property=\"og:image:type\" content=\"image\/png\" \/>\n<meta name=\"author\" content=\"apuntesdesanluis.com\" \/>\n<meta name=\"twitter:card\" content=\"summary_large_image\" \/>\n<meta name=\"twitter:label1\" content=\"Escrito por\" \/>\n\t<meta name=\"twitter:data1\" content=\"apuntesdesanluis.com\" \/>\n\t<meta name=\"twitter:label2\" content=\"Tiempo de lectura\" \/>\n\t<meta name=\"twitter:data2\" content=\"2 minutos\" \/>\n<script type=\"application\/ld+json\" class=\"yoast-schema-graph\">{\"@context\":\"https:\/\/schema.org\",\"@graph\":[{\"@type\":\"Article\",\"@id\":\"https:\/\/apuntesdesanluis.com\/index.php\/2024\/11\/08\/expectativa-en-justo-daract-por-el-anuncio-de-la-reactivacion-del-taller-ferroviario\/#article\",\"isPartOf\":{\"@id\":\"https:\/\/apuntesdesanluis.com\/index.php\/2024\/11\/08\/expectativa-en-justo-daract-por-el-anuncio-de-la-reactivacion-del-taller-ferroviario\/\"},\"author\":{\"name\":\"apuntesdesanluis.com\",\"@id\":\"https:\/\/apuntesdesanluis.com\/#\/schema\/person\/b55151d52296fcce64d1a72538a70b90\"},\"headline\":\"EXPECTATIVA EN JUSTO DARACT POR EL ANUNCIO DE LA REACTIVACI\u00d3N DEL TALLER FERROVIARIO\",\"datePublished\":\"2024-11-08T11:37:08+00:00\",\"mainEntityOfPage\":{\"@id\":\"https:\/\/apuntesdesanluis.com\/index.php\/2024\/11\/08\/expectativa-en-justo-daract-por-el-anuncio-de-la-reactivacion-del-taller-ferroviario\/\"},\"wordCount\":352,\"publisher\":{\"@id\":\"https:\/\/apuntesdesanluis.com\/#\/schema\/person\/b55151d52296fcce64d1a72538a70b90\"},\"image\":{\"@id\":\"https:\/\/apuntesdesanluis.com\/index.php\/2024\/11\/08\/expectativa-en-justo-daract-por-el-anuncio-de-la-reactivacion-del-taller-ferroviario\/#primaryimage\"},\"thumbnailUrl\":\"https:\/\/apuntesdesanluis.com\/wp-content\/uploads\/2024\/11\/poggi.png\",\"articleSection\":[\"Ciudad\/Provincia\"],\"inLanguage\":\"es-AR\"},{\"@type\":\"WebPage\",\"@id\":\"https:\/\/apuntesdesanluis.com\/index.php\/2024\/11\/08\/expectativa-en-justo-daract-por-el-anuncio-de-la-reactivacion-del-taller-ferroviario\/\",\"url\":\"https:\/\/apuntesdesanluis.com\/index.php\/2024\/11\/08\/expectativa-en-justo-daract-por-el-anuncio-de-la-reactivacion-del-taller-ferroviario\/\",\"name\":\"EXPECTATIVA EN JUSTO DARACT POR EL ANUNCIO DE LA REACTIVACI\u00d3N DEL TALLER FERROVIARIO - Apuntes de San Luis\",\"isPartOf\":{\"@id\":\"https:\/\/apuntesdesanluis.com\/#website\"},\"primaryImageOfPage\":{\"@id\":\"https:\/\/apuntesdesanluis.com\/index.php\/2024\/11\/08\/expectativa-en-justo-daract-por-el-anuncio-de-la-reactivacion-del-taller-ferroviario\/#primaryimage\"},\"image\":{\"@id\":\"https:\/\/apuntesdesanluis.com\/index.php\/2024\/11\/08\/expectativa-en-justo-daract-por-el-anuncio-de-la-reactivacion-del-taller-ferroviario\/#primaryimage\"},\"thumbnailUrl\":\"https:\/\/apuntesdesanluis.com\/wp-content\/uploads\/2024\/11\/poggi.png\",\"datePublished\":\"2024-11-08T11:37:08+00:00\",\"breadcrumb\":{\"@id\":\"https:\/\/apuntesdesanluis.com\/index.php\/2024\/11\/08\/expectativa-en-justo-daract-por-el-anuncio-de-la-reactivacion-del-taller-ferroviario\/#breadcrumb\"},\"inLanguage\":\"es-AR\",\"potentialAction\":[{\"@type\":\"ReadAction\",\"target\":[\"https:\/\/apuntesdesanluis.com\/index.php\/2024\/11\/08\/expectativa-en-justo-daract-por-el-anuncio-de-la-reactivacion-del-taller-ferroviario\/\"]}]},{\"@type\":\"ImageObject\",\"inLanguage\":\"es-AR\",\"@id\":\"https:\/\/apuntesdesanluis.com\/index.php\/2024\/11\/08\/expectativa-en-justo-daract-por-el-anuncio-de-la-reactivacion-del-taller-ferroviario\/#primaryimage\",\"url\":\"https:\/\/apuntesdesanluis.com\/wp-content\/uploads\/2024\/11\/poggi.png\",\"contentUrl\":\"https:\/\/apuntesdesanluis.com\/wp-content\/uploads\/2024\/11\/poggi.png\",\"width\":599,\"height\":389},{\"@type\":\"BreadcrumbList\",\"@id\":\"https:\/\/apuntesdesanluis.com\/index.php\/2024\/11\/08\/expectativa-en-justo-daract-por-el-anuncio-de-la-reactivacion-del-taller-ferroviario\/#breadcrumb\",\"itemListElement\":[{\"@type\":\"ListItem\",\"position\":1,\"name\":\"Inicio\",\"item\":\"https:\/\/apuntesdesanluis.com\/\"},{\"@type\":\"ListItem\",\"position\":2,\"name\":\"EXPECTATIVA EN JUSTO DARACT POR EL ANUNCIO DE LA REACTIVACI\u00d3N DEL TALLER FERROVIARIO\"}]},{\"@type\":\"WebSite\",\"@id\":\"https:\/\/apuntesdesanluis.com\/#website\",\"url\":\"https:\/\/apuntesdesanluis.com\/\",\"name\":\"Apuntes de San Luis\",\"description\":\"\",\"publisher\":{\"@id\":\"https:\/\/apuntesdesanluis.com\/#\/schema\/person\/b55151d52296fcce64d1a72538a70b90\"},\"potentialAction\":[{\"@type\":\"SearchAction\",\"target\":{\"@type\":\"EntryPoint\",\"urlTemplate\":\"https:\/\/apuntesdesanluis.com\/?s={search_term_string}\"},\"query-input\":{\"@type\":\"PropertyValueSpecification\",\"valueRequired\":true,\"valueName\":\"search_term_string\"}}],\"inLanguage\":\"es-AR\"},{\"@type\":[\"Person\",\"Organization\"],\"@id\":\"https:\/\/apuntesdesanluis.com\/#\/schema\/person\/b55151d52296fcce64d1a72538a70b90\",\"name\":\"apuntesdesanluis.com\",\"image\":{\"@type\":\"ImageObject\",\"inLanguage\":\"es-AR\",\"@id\":\"https:\/\/apuntesdesanluis.com\/#\/schema\/person\/image\/\",\"url\":\"https:\/\/apuntesdesanluis.com\/wp-content\/uploads\/2023\/07\/cropped-apuntesdesanluis.png\",\"contentUrl\":\"https:\/\/apuntesdesanluis.com\/wp-content\/uploads\/2023\/07\/cropped-apuntesdesanluis.png\",\"width\":450,\"height\":112,\"caption\":\"apuntesdesanluis.com\"},\"logo\":{\"@id\":\"https:\/\/apuntesdesanluis.com\/#\/schema\/person\/image\/\"},\"sameAs\":[\"https:\/\/apuntesdesanluis.com\"],\"url\":\"https:\/\/apuntesdesanluis.com\/index.php\/author\/apuntesdesanluis-com\/\"}]}<\/script>\n<!-- \/ Yoast SEO plugin. -->","yoast_head_json":{"title":"EXPECTATIVA EN JUSTO DARACT POR EL ANUNCIO DE LA REACTIVACI\u00d3N DEL TALLER FERROVIARIO - Apuntes de San Luis","robots":{"index":"index","follow":"follow","max-snippet":"max-snippet:-1","max-image-preview":"max-image-preview:large","max-video-preview":"max-video-preview:-1"},"canonical":"https:\/\/apuntesdesanluis.com\/index.php\/2024\/11\/08\/expectativa-en-justo-daract-por-el-anuncio-de-la-reactivacion-del-taller-ferroviario\/","og_locale":"es_ES","og_type":"article","og_title":"EXPECTATIVA EN JUSTO DARACT POR EL ANUNCIO DE LA REACTIVACI\u00d3N DEL TALLER FERROVIARIO - Apuntes de San Luis","og_description":"Claudio Poggi asegur\u00f3 que firmar\u00e1 un convenio para reacondicionar 4 de los 15 vagones que...","og_url":"https:\/\/apuntesdesanluis.com\/index.php\/2024\/11\/08\/expectativa-en-justo-daract-por-el-anuncio-de-la-reactivacion-del-taller-ferroviario\/","og_site_name":"Apuntes de San Luis","article_published_time":"2024-11-08T11:37:08+00:00","og_image":[{"width":599,"height":389,"url":"https:\/\/apuntesdesanluis.com\/wp-content\/uploads\/2024\/11\/poggi.png","type":"image\/png"}],"author":"apuntesdesanluis.com","twitter_card":"summary_large_image","twitter_misc":{"Escrito por":"apuntesdesanluis.com","Tiempo de lectura":"2 minutos"},"schema":{"@context":"https:\/\/schema.org","@graph":[{"@type":"Article","@id":"https:\/\/apuntesdesanluis.com\/index.php\/2024\/11\/08\/expectativa-en-justo-daract-por-el-anuncio-de-la-reactivacion-del-taller-ferroviario\/#article","isPartOf":{"@id":"https:\/\/apuntesdesanluis.com\/index.php\/2024\/11\/08\/expectativa-en-justo-daract-por-el-anuncio-de-la-reactivacion-del-taller-ferroviario\/"},"author":{"name":"apuntesdesanluis.com","@id":"https:\/\/apuntesdesanluis.com\/#\/schema\/person\/b55151d52296fcce64d1a72538a70b90"},"headline":"EXPECTATIVA EN JUSTO DARACT POR EL ANUNCIO DE LA REACTIVACI\u00d3N DEL TALLER FERROVIARIO","datePublished":"2024-11-08T11:37:08+00:00","mainEntityOfPage":{"@id":"https:\/\/apuntesdesanluis.com\/index.php\/2024\/11\/08\/expectativa-en-justo-daract-por-el-anuncio-de-la-reactivacion-del-taller-ferroviario\/"},"wordCount":352,"publisher":{"@id":"https:\/\/apuntesdesanluis.com\/#\/schema\/person\/b55151d52296fcce64d1a72538a70b90"},"image":{"@id":"https:\/\/apuntesdesanluis.com\/index.php\/2024\/11\/08\/expectativa-en-justo-daract-por-el-anuncio-de-la-reactivacion-del-taller-ferroviario\/#primaryimage"},"thumbnailUrl":"https:\/\/apuntesdesanluis.com\/wp-content\/uploads\/2024\/11\/poggi.png","articleSection":["Ciudad\/Provincia"],"inLanguage":"es-AR"},{"@type":"WebPage","@id":"https:\/\/apuntesdesanluis.com\/index.php\/2024\/11\/08\/expectativa-en-justo-daract-por-el-anuncio-de-la-reactivacion-del-taller-ferroviario\/","url":"https:\/\/apuntesdesanluis.com\/index.php\/2024\/11\/08\/expectativa-en-justo-daract-por-el-anuncio-de-la-reactivacion-del-taller-ferroviario\/","name":"EXPECTATIVA EN JUSTO DARACT POR EL ANUNCIO DE LA REACTIVACI\u00d3N DEL TALLER FERROVIARIO - Apuntes de San Luis","isPartOf":{"@id":"https:\/\/apuntesdesanluis.com\/#website"},"primaryImageOfPage":{"@id":"https:\/\/apuntesdesanluis.com\/index.php\/2024\/11\/08\/expectativa-en-justo-daract-por-el-anuncio-de-la-reactivacion-del-taller-ferroviario\/#primaryimage"},"image":{"@id":"https:\/\/apuntesdesanluis.com\/index.php\/2024\/11\/08\/expectativa-en-justo-daract-por-el-anuncio-de-la-reactivacion-del-taller-ferroviario\/#primaryimage"},"thumbnailUrl":"https:\/\/apuntesdesanluis.com\/wp-content\/uploads\/2024\/11\/poggi.png","datePublished":"2024-11-08T11:37:08+00:00","breadcrumb":{"@id":"https:\/\/apuntesdesanluis.com\/index.php\/2024\/11\/08\/expectativa-en-justo-daract-por-el-anuncio-de-la-reactivacion-del-taller-ferroviario\/#breadcrumb"},"inLanguage":"es-AR","potentialAction":[{"@type":"ReadAction","target":["https:\/\/apuntesdesanluis.com\/index.php\/2024\/11\/08\/expectativa-en-justo-daract-por-el-anuncio-de-la-reactivacion-del-taller-ferroviario\/"]}]},{"@type":"ImageObject","inLanguage":"es-AR","@id":"https:\/\/apuntesdesanluis.com\/index.php\/2024\/11\/08\/expectativa-en-justo-daract-por-el-anuncio-de-la-reactivacion-del-taller-ferroviario\/#primaryimage","url":"https:\/\/apuntesdesanluis.com\/wp-content\/uploads\/2024\/11\/poggi.png","contentUrl":"https:\/\/apuntesdesanluis.com\/wp-content\/uploads\/2024\/11\/poggi.png","width":599,"height":389},{"@type":"BreadcrumbList","@id":"https:\/\/apuntesdesanluis.com\/index.php\/2024\/11\/08\/expectativa-en-justo-daract-por-el-anuncio-de-la-reactivacion-del-taller-ferroviario\/#breadcrumb","itemListElement":[{"@type":"ListItem","position":1,"name":"Inicio","item":"https:\/\/apuntesdesanluis.com\/"},{"@type":"ListItem","position":2,"name":"EXPECTATIVA EN JUSTO DARACT POR EL ANUNCIO DE LA REACTIVACI\u00d3N DEL TALLER FERROVIARIO"}]},{"@type":"WebSite","@id":"https:\/\/apuntesdesanluis.com\/#website","url":"https:\/\/apuntesdesanluis.com\/","name":"Apuntes de San Luis","description":"","publisher":{"@id":"https:\/\/apuntesdesanluis.com\/#\/schema\/person\/b55151d52296fcce64d1a72538a70b90"},"potentialAction":[{"@type":"SearchAction","target":{"@type":"EntryPoint","urlTemplate":"https:\/\/apuntesdesanluis.com\/?s={search_term_string}"},"query-input":{"@type":"PropertyValueSpecification","valueRequired":true,"valueName":"search_term_string"}}],"inLanguage":"es-AR"},{"@type":["Person","Organization"],"@id":"https:\/\/apuntesdesanluis.com\/#\/schema\/person\/b55151d52296fcce64d1a72538a70b90","name":"apuntesdesanluis.com","image":{"@type":"ImageObject","inLanguage":"es-AR","@id":"https:\/\/apuntesdesanluis.com\/#\/schema\/person\/image\/","url":"https:\/\/apuntesdesanluis.com\/wp-content\/uploads\/2023\/07\/cropped-apuntesdesanluis.png","contentUrl":"https:\/\/apuntesdesanluis.com\/wp-content\/uploads\/2023\/07\/cropped-apuntesdesanluis.png","width":450,"height":112,"caption":"apuntesdesanluis.com"},"logo":{"@id":"https:\/\/apuntesdesanluis.com\/#\/schema\/person\/image\/"},"sameAs":["https:\/\/apuntesdesanluis.com"],"url":"https:\/\/apuntesdesanluis.com\/index.php\/author\/apuntesdesanluis-com\/"}]}},"featured_image_urls":{"full":["https:\/\/apuntesdesanluis.com\/wp-content\/uploads\/2024\/11\/poggi.png",599,389,false],"thumbnail":["https:\/\/apuntesdesanluis.com\/wp-content\/uploads\/2024\/11\/poggi-150x150.png",150,150,true],"medium":["https:\/\/apuntesdesanluis.com\/wp-content\/uploads\/2024\/11\/poggi-300x195.png",300,195,true],"medium_large":["https:\/\/apuntesdesanluis.com\/wp-content\/uploads\/2024\/11\/poggi.png",599,389,false],"large":["https:\/\/apuntesdesanluis.com\/wp-content\/uploads\/2024\/11\/poggi.png",599,389,false],"1536x1536":["https:\/\/apuntesdesanluis.com\/wp-content\/uploads\/2024\/11\/poggi.png",599,389,false],"2048x2048":["https:\/\/apuntesdesanluis.com\/wp-content\/uploads\/2024\/11\/poggi.png",599,389,false],"newsever-slider-full":["https:\/\/apuntesdesanluis.com\/wp-content\/uploads\/2024\/11\/poggi.png",599,389,false],"newsever-featured":["https:\/\/apuntesdesanluis.com\/wp-content\/uploads\/2024\/11\/poggi.png",599,389,false],"newsever-medium":["https:\/\/apuntesdesanluis.com\/wp-content\/uploads\/2024\/11\/poggi.png",599,389,false]},"author_info":{"display_name":"apuntesdesanluis.com","author_link":"https:\/\/apuntesdesanluis.com\/index.php\/author\/apuntesdesanluis-com\/"},"category_info":"<a href=\"https:\/\/apuntesdesanluis.com\/index.php\/category\/ciudad-provincia\/\" rel=\"category tag\">Ciudad\/Provincia<\/a>","tag_info":"Ciudad\/Provincia","comment_count":"0","_links":{"self":[{"href":"https:\/\/apuntesdesanluis.com\/index.php\/wp-json\/wp\/v2\/posts\/25011","targetHints":{"allow":["GET"]}}],"collection":[{"href":"https:\/\/apuntesdesanluis.com\/index.php\/wp-json\/wp\/v2\/posts"}],"about":[{"href":"https:\/\/apuntesdesanluis.com\/index.php\/wp-json\/wp\/v2\/types\/post"}],"author":[{"embeddable":true,"href":"https:\/\/apuntesdesanluis.com\/index.php\/wp-json\/wp\/v2\/users\/1"}],"replies":[{"embeddable":true,"href":"https:\/\/apuntesdesanluis.com\/index.php\/wp-json\/wp\/v2\/comments?post=25011"}],"version-history":[{"count":1,"href":"https:\/\/apuntesdesanluis.com\/index.php\/wp-json\/wp\/v2\/posts\/25011\/revisions"}],"predecessor-version":[{"id":25013,"href":"https:\/\/apuntesdesanluis.com\/index.php\/wp-json\/wp\/v2\/posts\/25011\/revisions\/25013"}],"wp:featuredmedia":[{"embeddable":true,"href":"https:\/\/apuntesdesanluis.com\/index.php\/wp-json\/wp\/v2\/media\/25012"}],"wp:attachment":[{"href":"https:\/\/apuntesdesanluis.com\/index.php\/wp-json\/wp\/v2\/media?parent=25011"}],"wp:term":[{"taxonomy":"category","embeddable":true,"href":"https:\/\/apuntesdesanluis.com\/index.php\/wp-json\/wp\/v2\/categories?post=25011"},{"taxonomy":"post_tag","embeddable":true,"href":"https:\/\/apuntesdesanluis.com\/index.php\/wp-json\/wp\/v2\/tags?post=25011"}],"curies":[{"name":"wp","href":"https:\/\/api.w.org\/{rel}","templated":true}]}}