{"id":25014,"date":"2024-11-08T08:41:38","date_gmt":"2024-11-08T11:41:38","guid":{"rendered":"https:\/\/apuntesdesanluis.com\/?p=25014"},"modified":"2024-11-08T08:41:38","modified_gmt":"2024-11-08T11:41:38","slug":"el-gobierno-anuncio-la-desregulacion-del-servicio-de-rampas-en-los-aeropuertos","status":"publish","type":"post","link":"https:\/\/apuntesdesanluis.com\/index.php\/2024\/11\/08\/el-gobierno-anuncio-la-desregulacion-del-servicio-de-rampas-en-los-aeropuertos\/","title":{"rendered":"EL GOBIERNO ANUNCI\u00d3 LA &#8220;DESREGULACI\u00d3N&#8221; DEL SERVICIO DE RAMPAS EN LOS AEROPUERTOS"},"content":{"rendered":"<h3>El Gobierno anunci\u00f3 ayer que impulsar\u00e1 la &#8220;desregulaci\u00f3n&#8221; del servicio de rampas en los aeropuertos para terminar con el &#8220;monopolio&#8221; de la empresa Intercargo, en medio del conflicto por las asambleas de trabajadores que ocasionaron demoras en los vuelos.<\/h3>\n<h3>As\u00ed lo indic\u00f3 el vocero presidencial, Manuel Adorni, en conferencia de prensa desde Casa de Gobierno, quien se\u00f1al\u00f3: &#8220;A partir de hoy se termin\u00f3 Intercargo tal como la conoc\u00edamos&#8221;.<\/h3>\n<h3>El Gobierno hizo trascender que ya hay &#8220;dos empresas&#8221; interesadas en ingresar a la actividad de la operaci\u00f3n de rampas en aeropuertos.<\/h3>\n<h3>Adorni anticip\u00f3 adem\u00e1s que el Gobierno habilitar\u00e1 a las fuerzas de seguridad a &#8220;explotar&#8221; en casos de emergencia y &#8220;de manera temporal y excepcional&#8221;, los &#8220;servicios aeroportuarios, operacionales y de rampa en general&#8221; en los aeropuertos.<\/h3>\n<h3>Se trata de una suerte de modelo &#8220;antipiquetes a\u00e9reos&#8221;, que en las horas previas hab\u00eda anticipado la ministra de Seguridad, Patricia Bullrich, al se\u00f1alar que &#8220;as\u00ed como liberamos la calle, vamos a liberar los aeropuertos&#8221;.<\/h3>\n<h3>La medida se aplicar\u00e1 para que &#8220;ning\u00fan terrorista sindical tome de reh\u00e9n a un pasajero y arruinarle sus vacaciones, su viaje laboral o su viaje por temas m\u00e9dicos, o negarse a hacer su trabajo al retener las valijas de los pasajeros&#8221;, se\u00f1al\u00f3 el funcionario.<\/h3>\n<h3>&#8220;Este es un paso m\u00e1s para sepultar el terrorismo sindical, que no tuvo pruritos para secuestrar a m\u00e1s de 2.000 personas en 10 aviones&#8221;, agreg\u00f3 sobre la protesta del mi\u00e9rcoles.<\/h3>\n<h3>Adorni estuvo acompa\u00f1ado en la conferencia de prensa por los ministros de Desregulaci\u00f3n y Transformaci\u00f3n del Estado, Federico Sturzenegger, y de Seguridad, Patricia Bullrich, adem\u00e1s del secretario de Transporte, Franco Mogetta.<\/h3>\n<h3>&#8220;Estamos dando lugar a que nuevos actores del servicio de rampa puedan incorporarse al mercado argentino. Tambi\u00e9n va a ser autom\u00e1tica la renovaci\u00f3n de los permisos a los 15 a\u00f1os para poder operar los servicios aeroportuarios, operacionales y de rampa en general&#8221;, dijo Moggeta.<\/h3>\n<h3><\/h3>\n<h3><\/h3>\n<p>&nbsp;<\/p>\n<p>&nbsp;<\/p>\n<p>&nbsp;<\/p>\n","protected":false},"excerpt":{"rendered":"<p>El Gobierno anunci\u00f3 ayer que impulsar\u00e1 la &#8220;desregulaci\u00f3n&#8221; del servicio de rampas en los aeropuertos&#8230;<\/p>\n","protected":false},"author":1,"featured_media":25015,"comment_status":"closed","ping_status":"closed","sticky":false,"template":"","format":"standard","meta":{"footnotes":""},"categories":[5],"tags":[],"class_list":["post-25014","post","type-post","status-publish","format-standard","has-post-thumbnail","hentry","category-nacionales-internacionales"],"yoast_head":"<!-- This site is optimized with the Yoast SEO plugin v26.1.1 - https:\/\/yoast.com\/wordpress\/plugins\/seo\/ -->\n<title>EL GOBIERNO ANUNCI\u00d3 LA &quot;DESREGULACI\u00d3N&quot; DEL SERVICIO DE RAMPAS EN LOS AEROPUERTOS - Apuntes de San Luis<\/title>\n<meta name=\"robots\" content=\"index, follow, max-snippet:-1, max-image-preview:large, max-video-preview:-1\" \/>\n<link rel=\"canonical\" href=\"https:\/\/apuntesdesanluis.com\/index.php\/2024\/11\/08\/el-gobierno-anuncio-la-desregulacion-del-servicio-de-rampas-en-los-aeropuertos\/\" \/>\n<meta property=\"og:locale\" content=\"es_ES\" \/>\n<meta property=\"og:type\" content=\"article\" \/>\n<meta property=\"og:title\" content=\"EL GOBIERNO ANUNCI\u00d3 LA &quot;DESREGULACI\u00d3N&quot; DEL SERVICIO DE RAMPAS EN LOS AEROPUERTOS - Apuntes de San Luis\" \/>\n<meta property=\"og:description\" content=\"El Gobierno anunci\u00f3 ayer que impulsar\u00e1 la &#8220;desregulaci\u00f3n&#8221; del servicio de rampas en los aeropuertos...\" \/>\n<meta property=\"og:url\" content=\"https:\/\/apuntesdesanluis.com\/index.php\/2024\/11\/08\/el-gobierno-anuncio-la-desregulacion-del-servicio-de-rampas-en-los-aeropuertos\/\" \/>\n<meta property=\"og:site_name\" content=\"Apuntes de San Luis\" \/>\n<meta property=\"article:published_time\" content=\"2024-11-08T11:41:38+00:00\" \/>\n<meta property=\"og:image\" content=\"https:\/\/apuntesdesanluis.com\/wp-content\/uploads\/2024\/11\/rampas.png\" \/>\n\t<meta property=\"og:image:width\" content=\"707\" \/>\n\t<meta property=\"og:image:height\" content=\"380\" \/>\n\t<meta property=\"og:image:type\" content=\"image\/png\" \/>\n<meta name=\"author\" content=\"apuntesdesanluis.com\" \/>\n<meta name=\"twitter:card\" content=\"summary_large_image\" \/>\n<meta name=\"twitter:label1\" content=\"Escrito por\" \/>\n\t<meta name=\"twitter:data1\" content=\"apuntesdesanluis.com\" \/>\n\t<meta name=\"twitter:label2\" content=\"Tiempo de lectura\" \/>\n\t<meta name=\"twitter:data2\" content=\"2 minutos\" \/>\n<script type=\"application\/ld+json\" class=\"yoast-schema-graph\">{\"@context\":\"https:\/\/schema.org\",\"@graph\":[{\"@type\":\"Article\",\"@id\":\"https:\/\/apuntesdesanluis.com\/index.php\/2024\/11\/08\/el-gobierno-anuncio-la-desregulacion-del-servicio-de-rampas-en-los-aeropuertos\/#article\",\"isPartOf\":{\"@id\":\"https:\/\/apuntesdesanluis.com\/index.php\/2024\/11\/08\/el-gobierno-anuncio-la-desregulacion-del-servicio-de-rampas-en-los-aeropuertos\/\"},\"author\":{\"name\":\"apuntesdesanluis.com\",\"@id\":\"https:\/\/apuntesdesanluis.com\/#\/schema\/person\/b55151d52296fcce64d1a72538a70b90\"},\"headline\":\"EL GOBIERNO ANUNCI\u00d3 LA &#8220;DESREGULACI\u00d3N&#8221; DEL SERVICIO DE RAMPAS EN LOS AEROPUERTOS\",\"datePublished\":\"2024-11-08T11:41:38+00:00\",\"mainEntityOfPage\":{\"@id\":\"https:\/\/apuntesdesanluis.com\/index.php\/2024\/11\/08\/el-gobierno-anuncio-la-desregulacion-del-servicio-de-rampas-en-los-aeropuertos\/\"},\"wordCount\":346,\"publisher\":{\"@id\":\"https:\/\/apuntesdesanluis.com\/#\/schema\/person\/b55151d52296fcce64d1a72538a70b90\"},\"image\":{\"@id\":\"https:\/\/apuntesdesanluis.com\/index.php\/2024\/11\/08\/el-gobierno-anuncio-la-desregulacion-del-servicio-de-rampas-en-los-aeropuertos\/#primaryimage\"},\"thumbnailUrl\":\"https:\/\/apuntesdesanluis.com\/wp-content\/uploads\/2024\/11\/rampas.png\",\"articleSection\":[\"Nacionales\/Internacionales\"],\"inLanguage\":\"es-AR\"},{\"@type\":\"WebPage\",\"@id\":\"https:\/\/apuntesdesanluis.com\/index.php\/2024\/11\/08\/el-gobierno-anuncio-la-desregulacion-del-servicio-de-rampas-en-los-aeropuertos\/\",\"url\":\"https:\/\/apuntesdesanluis.com\/index.php\/2024\/11\/08\/el-gobierno-anuncio-la-desregulacion-del-servicio-de-rampas-en-los-aeropuertos\/\",\"name\":\"EL GOBIERNO ANUNCI\u00d3 LA \\\"DESREGULACI\u00d3N\\\" DEL SERVICIO DE RAMPAS EN LOS AEROPUERTOS - Apuntes de San Luis\",\"isPartOf\":{\"@id\":\"https:\/\/apuntesdesanluis.com\/#website\"},\"primaryImageOfPage\":{\"@id\":\"https:\/\/apuntesdesanluis.com\/index.php\/2024\/11\/08\/el-gobierno-anuncio-la-desregulacion-del-servicio-de-rampas-en-los-aeropuertos\/#primaryimage\"},\"image\":{\"@id\":\"https:\/\/apuntesdesanluis.com\/index.php\/2024\/11\/08\/el-gobierno-anuncio-la-desregulacion-del-servicio-de-rampas-en-los-aeropuertos\/#primaryimage\"},\"thumbnailUrl\":\"https:\/\/apuntesdesanluis.com\/wp-content\/uploads\/2024\/11\/rampas.png\",\"datePublished\":\"2024-11-08T11:41:38+00:00\",\"breadcrumb\":{\"@id\":\"https:\/\/apuntesdesanluis.com\/index.php\/2024\/11\/08\/el-gobierno-anuncio-la-desregulacion-del-servicio-de-rampas-en-los-aeropuertos\/#breadcrumb\"},\"inLanguage\":\"es-AR\",\"potentialAction\":[{\"@type\":\"ReadAction\",\"target\":[\"https:\/\/apuntesdesanluis.com\/index.php\/2024\/11\/08\/el-gobierno-anuncio-la-desregulacion-del-servicio-de-rampas-en-los-aeropuertos\/\"]}]},{\"@type\":\"ImageObject\",\"inLanguage\":\"es-AR\",\"@id\":\"https:\/\/apuntesdesanluis.com\/index.php\/2024\/11\/08\/el-gobierno-anuncio-la-desregulacion-del-servicio-de-rampas-en-los-aeropuertos\/#primaryimage\",\"url\":\"https:\/\/apuntesdesanluis.com\/wp-content\/uploads\/2024\/11\/rampas.png\",\"contentUrl\":\"https:\/\/apuntesdesanluis.com\/wp-content\/uploads\/2024\/11\/rampas.png\",\"width\":707,\"height\":380},{\"@type\":\"BreadcrumbList\",\"@id\":\"https:\/\/apuntesdesanluis.com\/index.php\/2024\/11\/08\/el-gobierno-anuncio-la-desregulacion-del-servicio-de-rampas-en-los-aeropuertos\/#breadcrumb\",\"itemListElement\":[{\"@type\":\"ListItem\",\"position\":1,\"name\":\"Inicio\",\"item\":\"https:\/\/apuntesdesanluis.com\/\"},{\"@type\":\"ListItem\",\"position\":2,\"name\":\"EL GOBIERNO ANUNCI\u00d3 LA &#8220;DESREGULACI\u00d3N&#8221; DEL SERVICIO DE RAMPAS EN LOS AEROPUERTOS\"}]},{\"@type\":\"WebSite\",\"@id\":\"https:\/\/apuntesdesanluis.com\/#website\",\"url\":\"https:\/\/apuntesdesanluis.com\/\",\"name\":\"Apuntes de San Luis\",\"description\":\"\",\"publisher\":{\"@id\":\"https:\/\/apuntesdesanluis.com\/#\/schema\/person\/b55151d52296fcce64d1a72538a70b90\"},\"potentialAction\":[{\"@type\":\"SearchAction\",\"target\":{\"@type\":\"EntryPoint\",\"urlTemplate\":\"https:\/\/apuntesdesanluis.com\/?s={search_term_string}\"},\"query-input\":{\"@type\":\"PropertyValueSpecification\",\"valueRequired\":true,\"valueName\":\"search_term_string\"}}],\"inLanguage\":\"es-AR\"},{\"@type\":[\"Person\",\"Organization\"],\"@id\":\"https:\/\/apuntesdesanluis.com\/#\/schema\/person\/b55151d52296fcce64d1a72538a70b90\",\"name\":\"apuntesdesanluis.com\",\"image\":{\"@type\":\"ImageObject\",\"inLanguage\":\"es-AR\",\"@id\":\"https:\/\/apuntesdesanluis.com\/#\/schema\/person\/image\/\",\"url\":\"https:\/\/apuntesdesanluis.com\/wp-content\/uploads\/2023\/07\/cropped-apuntesdesanluis.png\",\"contentUrl\":\"https:\/\/apuntesdesanluis.com\/wp-content\/uploads\/2023\/07\/cropped-apuntesdesanluis.png\",\"width\":450,\"height\":112,\"caption\":\"apuntesdesanluis.com\"},\"logo\":{\"@id\":\"https:\/\/apuntesdesanluis.com\/#\/schema\/person\/image\/\"},\"sameAs\":[\"https:\/\/apuntesdesanluis.com\"],\"url\":\"https:\/\/apuntesdesanluis.com\/index.php\/author\/apuntesdesanluis-com\/\"}]}<\/script>\n<!-- \/ Yoast SEO plugin. -->","yoast_head_json":{"title":"EL GOBIERNO ANUNCI\u00d3 LA \"DESREGULACI\u00d3N\" DEL SERVICIO DE RAMPAS EN LOS AEROPUERTOS - Apuntes de San Luis","robots":{"index":"index","follow":"follow","max-snippet":"max-snippet:-1","max-image-preview":"max-image-preview:large","max-video-preview":"max-video-preview:-1"},"canonical":"https:\/\/apuntesdesanluis.com\/index.php\/2024\/11\/08\/el-gobierno-anuncio-la-desregulacion-del-servicio-de-rampas-en-los-aeropuertos\/","og_locale":"es_ES","og_type":"article","og_title":"EL GOBIERNO ANUNCI\u00d3 LA \"DESREGULACI\u00d3N\" DEL SERVICIO DE RAMPAS EN LOS AEROPUERTOS - Apuntes de San Luis","og_description":"El Gobierno anunci\u00f3 ayer que impulsar\u00e1 la &#8220;desregulaci\u00f3n&#8221; del servicio de rampas en los aeropuertos...","og_url":"https:\/\/apuntesdesanluis.com\/index.php\/2024\/11\/08\/el-gobierno-anuncio-la-desregulacion-del-servicio-de-rampas-en-los-aeropuertos\/","og_site_name":"Apuntes de San Luis","article_published_time":"2024-11-08T11:41:38+00:00","og_image":[{"width":707,"height":380,"url":"https:\/\/apuntesdesanluis.com\/wp-content\/uploads\/2024\/11\/rampas.png","type":"image\/png"}],"author":"apuntesdesanluis.com","twitter_card":"summary_large_image","twitter_misc":{"Escrito por":"apuntesdesanluis.com","Tiempo de lectura":"2 minutos"},"schema":{"@context":"https:\/\/schema.org","@graph":[{"@type":"Article","@id":"https:\/\/apuntesdesanluis.com\/index.php\/2024\/11\/08\/el-gobierno-anuncio-la-desregulacion-del-servicio-de-rampas-en-los-aeropuertos\/#article","isPartOf":{"@id":"https:\/\/apuntesdesanluis.com\/index.php\/2024\/11\/08\/el-gobierno-anuncio-la-desregulacion-del-servicio-de-rampas-en-los-aeropuertos\/"},"author":{"name":"apuntesdesanluis.com","@id":"https:\/\/apuntesdesanluis.com\/#\/schema\/person\/b55151d52296fcce64d1a72538a70b90"},"headline":"EL GOBIERNO ANUNCI\u00d3 LA &#8220;DESREGULACI\u00d3N&#8221; DEL SERVICIO DE RAMPAS EN LOS AEROPUERTOS","datePublished":"2024-11-08T11:41:38+00:00","mainEntityOfPage":{"@id":"https:\/\/apuntesdesanluis.com\/index.php\/2024\/11\/08\/el-gobierno-anuncio-la-desregulacion-del-servicio-de-rampas-en-los-aeropuertos\/"},"wordCount":346,"publisher":{"@id":"https:\/\/apuntesdesanluis.com\/#\/schema\/person\/b55151d52296fcce64d1a72538a70b90"},"image":{"@id":"https:\/\/apuntesdesanluis.com\/index.php\/2024\/11\/08\/el-gobierno-anuncio-la-desregulacion-del-servicio-de-rampas-en-los-aeropuertos\/#primaryimage"},"thumbnailUrl":"https:\/\/apuntesdesanluis.com\/wp-content\/uploads\/2024\/11\/rampas.png","articleSection":["Nacionales\/Internacionales"],"inLanguage":"es-AR"},{"@type":"WebPage","@id":"https:\/\/apuntesdesanluis.com\/index.php\/2024\/11\/08\/el-gobierno-anuncio-la-desregulacion-del-servicio-de-rampas-en-los-aeropuertos\/","url":"https:\/\/apuntesdesanluis.com\/index.php\/2024\/11\/08\/el-gobierno-anuncio-la-desregulacion-del-servicio-de-rampas-en-los-aeropuertos\/","name":"EL GOBIERNO ANUNCI\u00d3 LA \"DESREGULACI\u00d3N\" DEL SERVICIO DE RAMPAS EN LOS AEROPUERTOS - Apuntes de San Luis","isPartOf":{"@id":"https:\/\/apuntesdesanluis.com\/#website"},"primaryImageOfPage":{"@id":"https:\/\/apuntesdesanluis.com\/index.php\/2024\/11\/08\/el-gobierno-anuncio-la-desregulacion-del-servicio-de-rampas-en-los-aeropuertos\/#primaryimage"},"image":{"@id":"https:\/\/apuntesdesanluis.com\/index.php\/2024\/11\/08\/el-gobierno-anuncio-la-desregulacion-del-servicio-de-rampas-en-los-aeropuertos\/#primaryimage"},"thumbnailUrl":"https:\/\/apuntesdesanluis.com\/wp-content\/uploads\/2024\/11\/rampas.png","datePublished":"2024-11-08T11:41:38+00:00","breadcrumb":{"@id":"https:\/\/apuntesdesanluis.com\/index.php\/2024\/11\/08\/el-gobierno-anuncio-la-desregulacion-del-servicio-de-rampas-en-los-aeropuertos\/#breadcrumb"},"inLanguage":"es-AR","potentialAction":[{"@type":"ReadAction","target":["https:\/\/apuntesdesanluis.com\/index.php\/2024\/11\/08\/el-gobierno-anuncio-la-desregulacion-del-servicio-de-rampas-en-los-aeropuertos\/"]}]},{"@type":"ImageObject","inLanguage":"es-AR","@id":"https:\/\/apuntesdesanluis.com\/index.php\/2024\/11\/08\/el-gobierno-anuncio-la-desregulacion-del-servicio-de-rampas-en-los-aeropuertos\/#primaryimage","url":"https:\/\/apuntesdesanluis.com\/wp-content\/uploads\/2024\/11\/rampas.png","contentUrl":"https:\/\/apuntesdesanluis.com\/wp-content\/uploads\/2024\/11\/rampas.png","width":707,"height":380},{"@type":"BreadcrumbList","@id":"https:\/\/apuntesdesanluis.com\/index.php\/2024\/11\/08\/el-gobierno-anuncio-la-desregulacion-del-servicio-de-rampas-en-los-aeropuertos\/#breadcrumb","itemListElement":[{"@type":"ListItem","position":1,"name":"Inicio","item":"https:\/\/apuntesdesanluis.com\/"},{"@type":"ListItem","position":2,"name":"EL GOBIERNO ANUNCI\u00d3 LA &#8220;DESREGULACI\u00d3N&#8221; DEL SERVICIO DE RAMPAS EN LOS AEROPUERTOS"}]},{"@type":"WebSite","@id":"https:\/\/apuntesdesanluis.com\/#website","url":"https:\/\/apuntesdesanluis.com\/","name":"Apuntes de San Luis","description":"","publisher":{"@id":"https:\/\/apuntesdesanluis.com\/#\/schema\/person\/b55151d52296fcce64d1a72538a70b90"},"potentialAction":[{"@type":"SearchAction","target":{"@type":"EntryPoint","urlTemplate":"https:\/\/apuntesdesanluis.com\/?s={search_term_string}"},"query-input":{"@type":"PropertyValueSpecification","valueRequired":true,"valueName":"search_term_string"}}],"inLanguage":"es-AR"},{"@type":["Person","Organization"],"@id":"https:\/\/apuntesdesanluis.com\/#\/schema\/person\/b55151d52296fcce64d1a72538a70b90","name":"apuntesdesanluis.com","image":{"@type":"ImageObject","inLanguage":"es-AR","@id":"https:\/\/apuntesdesanluis.com\/#\/schema\/person\/image\/","url":"https:\/\/apuntesdesanluis.com\/wp-content\/uploads\/2023\/07\/cropped-apuntesdesanluis.png","contentUrl":"https:\/\/apuntesdesanluis.com\/wp-content\/uploads\/2023\/07\/cropped-apuntesdesanluis.png","width":450,"height":112,"caption":"apuntesdesanluis.com"},"logo":{"@id":"https:\/\/apuntesdesanluis.com\/#\/schema\/person\/image\/"},"sameAs":["https:\/\/apuntesdesanluis.com"],"url":"https:\/\/apuntesdesanluis.com\/index.php\/author\/apuntesdesanluis-com\/"}]}},"featured_image_urls":{"full":["https:\/\/apuntesdesanluis.com\/wp-content\/uploads\/2024\/11\/rampas.png",707,380,false],"thumbnail":["https:\/\/apuntesdesanluis.com\/wp-content\/uploads\/2024\/11\/rampas-150x150.png",150,150,true],"medium":["https:\/\/apuntesdesanluis.com\/wp-content\/uploads\/2024\/11\/rampas-300x161.png",300,161,true],"medium_large":["https:\/\/apuntesdesanluis.com\/wp-content\/uploads\/2024\/11\/rampas.png",640,344,false],"large":["https:\/\/apuntesdesanluis.com\/wp-content\/uploads\/2024\/11\/rampas.png",640,344,false],"1536x1536":["https:\/\/apuntesdesanluis.com\/wp-content\/uploads\/2024\/11\/rampas.png",707,380,false],"2048x2048":["https:\/\/apuntesdesanluis.com\/wp-content\/uploads\/2024\/11\/rampas.png",707,380,false],"newsever-slider-full":["https:\/\/apuntesdesanluis.com\/wp-content\/uploads\/2024\/11\/rampas.png",707,380,false],"newsever-featured":["https:\/\/apuntesdesanluis.com\/wp-content\/uploads\/2024\/11\/rampas.png",707,380,false],"newsever-medium":["https:\/\/apuntesdesanluis.com\/wp-content\/uploads\/2024\/11\/rampas.png",707,380,false]},"author_info":{"display_name":"apuntesdesanluis.com","author_link":"https:\/\/apuntesdesanluis.com\/index.php\/author\/apuntesdesanluis-com\/"},"category_info":"<a href=\"https:\/\/apuntesdesanluis.com\/index.php\/category\/nacionales-internacionales\/\" rel=\"category tag\">Nacionales\/Internacionales<\/a>","tag_info":"Nacionales\/Internacionales","comment_count":"0","_links":{"self":[{"href":"https:\/\/apuntesdesanluis.com\/index.php\/wp-json\/wp\/v2\/posts\/25014","targetHints":{"allow":["GET"]}}],"collection":[{"href":"https:\/\/apuntesdesanluis.com\/index.php\/wp-json\/wp\/v2\/posts"}],"about":[{"href":"https:\/\/apuntesdesanluis.com\/index.php\/wp-json\/wp\/v2\/types\/post"}],"author":[{"embeddable":true,"href":"https:\/\/apuntesdesanluis.com\/index.php\/wp-json\/wp\/v2\/users\/1"}],"replies":[{"embeddable":true,"href":"https:\/\/apuntesdesanluis.com\/index.php\/wp-json\/wp\/v2\/comments?post=25014"}],"version-history":[{"count":1,"href":"https:\/\/apuntesdesanluis.com\/index.php\/wp-json\/wp\/v2\/posts\/25014\/revisions"}],"predecessor-version":[{"id":25016,"href":"https:\/\/apuntesdesanluis.com\/index.php\/wp-json\/wp\/v2\/posts\/25014\/revisions\/25016"}],"wp:featuredmedia":[{"embeddable":true,"href":"https:\/\/apuntesdesanluis.com\/index.php\/wp-json\/wp\/v2\/media\/25015"}],"wp:attachment":[{"href":"https:\/\/apuntesdesanluis.com\/index.php\/wp-json\/wp\/v2\/media?parent=25014"}],"wp:term":[{"taxonomy":"category","embeddable":true,"href":"https:\/\/apuntesdesanluis.com\/index.php\/wp-json\/wp\/v2\/categories?post=25014"},{"taxonomy":"post_tag","embeddable":true,"href":"https:\/\/apuntesdesanluis.com\/index.php\/wp-json\/wp\/v2\/tags?post=25014"}],"curies":[{"name":"wp","href":"https:\/\/api.w.org\/{rel}","templated":true}]}}