{"id":25020,"date":"2024-11-08T21:01:41","date_gmt":"2024-11-09T00:01:41","guid":{"rendered":"https:\/\/apuntesdesanluis.com\/?p=25020"},"modified":"2024-11-08T21:01:41","modified_gmt":"2024-11-09T00:01:41","slug":"milei-encontro-su-carta","status":"publish","type":"post","link":"https:\/\/apuntesdesanluis.com\/index.php\/2024\/11\/08\/milei-encontro-su-carta\/","title":{"rendered":"MILEI ENCONTR\u00d3 SU CARTA"},"content":{"rendered":"<h3>Por <strong>Ignacio Fidanza *<\/strong><\/h3>\n<h3>El Presidente logr\u00f3 hacer pie en un tema de enorme valor para la gente: la baja de la inflaci\u00f3n. El embudo peronista y el riesgo de la polarizaci\u00f3n.<\/h3>\n<h3><img fetchpriority=\"high\" decoding=\"async\" class=\"wp-image-8458 aligncenter\" src=\"https:\/\/apuntesdesanluis.com\/wp-content\/uploads\/2023\/12\/fidanza-300x227.png\" alt=\"\" width=\"470\" height=\"356\" srcset=\"https:\/\/apuntesdesanluis.com\/wp-content\/uploads\/2023\/12\/fidanza-300x227.png 300w, https:\/\/apuntesdesanluis.com\/wp-content\/uploads\/2023\/12\/fidanza.png 494w\" sizes=\"(max-width: 470px) 100vw, 470px\" \/><\/h3>\n<h3>Las dificultades pol\u00edticas del gobierno libertario siguen intactas. Ya cerca de su primer a\u00f1o de gobierno, Milei no ha logrado armar un n\u00facleo consistente. Basta ver la furia con la que se desprende de funcionarios supuestamente claves, como la ex canciller Diana Mondino.<\/h3>\n<h3>La misma carencia se observa en el armado territorial que intentan edificar Karina, Sebasti\u00e1n Pareja y los Menem. &#8220;Lo \u00fanico pol\u00edtico que los Menem heredaron de Carlos es el apellido&#8221;, comenta con humor un riojano que conoce de cerca a los parientes del ex presidente.<\/h3>\n<h3>Pero Milei tiene un logro a esta altura innegable: la dr\u00e1stica baja de la inflaci\u00f3n. Un \u00e9xito que adem\u00e1s tiene un valor especial para el Presidente: sugiere una validaci\u00f3n te\u00f3rica de su credo monetarista. Porque la baja de la inflaci\u00f3n se consigui\u00f3 a pesar de la liberaci\u00f3n de precios. Es decir, s\u00f3lo un necio puede seguir sosteniendo que la emisi\u00f3n desbordada de los mandatos de Cristina y Alberto Fern\u00e1ndez, no tuvo efecto sobre el \u00edndice de precios.<\/h3>\n<h3>S\u00ed es verdad, el ministro Caputo despu\u00e9s de una suba inicial, ahora va regulando los aumentos de tarifas. Pero antes tambi\u00e9n estaban regulados y la inflaci\u00f3n volaba. &#8220;Nadie nos dio un aumento tan grande tan r\u00e1pido como Milei&#8221;, afirma un empresario de una de las grandes distribuidoras de gas, que agrega sorprendido &#8220;los aumentos fueron de casi el 1000% y tenemos menos morosidad que antes, algo parece haber cambiado en la conciencia de los argentinos&#8221;. \u00bfQu\u00e9 habr\u00e1 provocado ese cambio?<\/h3>\n<h3>No tiene importancia discutir si la Argentina que entreg\u00f3 Massa iba camino a la hiperinflaci\u00f3n como dice Milei, lo que importa es entender si la gente cree que esto es verdad. Ah\u00ed se puede rastrear una explicaci\u00f3n para la militante tolerancia de los argentinos a los efectos de un ajuste como nunca se vio. Si el ajuste es el costo a pagar para evitar la disoluci\u00f3n final de una sociedad que implica una h\u00edper, bueno se entiende la abnegada decisi\u00f3n de pagarlo.<\/h3>\n<h3>Tenemos entonces dos planos que conviven: una hasta ahora bastante exitosa estabilizaci\u00f3n macroecon\u00f3mica y un muy endeble armado pol\u00edtico. Una situaci\u00f3n que abre preguntas interesant\u00edsimas: \u00bfAlcanza el control de una variable clave de la macroeconom\u00eda para garantizar el \u00e9xito pol\u00edtico de un Gobierno?<\/h3>\n<h3>Si el Presidente logra mantener este ciclo a la baja del \u00edndice de precios y mete a la Argentina en un proceso que sugiera la convergencia del pa\u00eds en el rango inflacionario de las econom\u00edas de la regi\u00f3n, con una econom\u00eda abierta y capitalista, tendr\u00e1 una carta para presentar en las elecciones del a\u00f1o pr\u00f3ximo. Por eso, Macri quiere apurar el acuerdo electoral. Hay que negociar ahora antes que le crezcan los b\u00edceps. Y por eso, Santiago Caputo demora el entendimiento y sobre todo, busca evitar que el d\u00eda despu\u00e9s de las elecciones los diarios titulen: &#8220;Ganaron Milei y Macri&#8221;. Se sabe que la generosidad pol\u00edtica no es un concepto profano para los libertarios, es un pecado.<\/h3>\n<h3>En el lado oscuro de la Luna, el peronismo espera callado. \u00bfPara qu\u00e9 someterse a discusiones inc\u00f3modas, si las encuestas ya cantan una polarizaci\u00f3n en curso? Es decir, todo el que tenga algo que objetar a Milei, parece destinado al embudo peronista. Malas noticias para los que siguen fantaseando con una tercera v\u00eda, que una lo mejor de ambos mundos. En el planeta de Trump, el sue\u00f1o de un capitalismo eficiente, gestionado con conciencia social, parece s\u00f3lo eso, un sue\u00f1o.<\/h3>\n<h3>Y es imposible no encontrar similitudes entre el fen\u00f3meno del neoyorquino y Milei. Ambos irrumpieron sobre los escombros de un Estado de Bienestar que ven\u00eda resistiendo mal, despu\u00e9s de innumerables stent. \u00bfEs el capitalismo sin freno la soluci\u00f3n al grav\u00edsimo problema de vivienda de las clases trabajadoras de Estados Unidos? No parece, pero seguir como estaban, que fue b\u00e1sicamente la propuesta de los dem\u00f3cratas, era apostar a una resignaci\u00f3n que Trump supo convertir en bronca, en odio direccionado, en promesa de revancha. Todas fuerzas muy poderosas.<\/h3>\n<h3>Milei gana tambi\u00e9n apalancado en la frustraci\u00f3n de un peronismo que no supo o no pudo actualizar su promesa de ascenso social y se hundi\u00f3 en el desorden inflacionario.<\/h3>\n<h3>Tenemos entonces una primavera financiera de d\u00f3lar barato, empujada por el anab\u00f3lico del blanqueo, que acompa\u00f1a la baja de la inflaci\u00f3n. Precios y d\u00f3lar descontrolados son los s\u00edntomas cl\u00e1sicos de la fiebre argentina. \u00bfAlcanza con meter esas dos variables en caja?<\/h3>\n<h3>La comparaci\u00f3n con Menem, tan de moda, arroja dos primeras diferencias grandes: El riojano ten\u00eda atr\u00e1s un partido nacional, con cuadros pol\u00edticos probados en la gesti\u00f3n repartidos por todo el pa\u00eds. Un gabinete s\u00f3lido, un manejo pol\u00edtico inapelable. Y acaso tan o m\u00e1s importante: En su d\u00e9cada de gobierno, Menem sum\u00f3 a la estabilidad in\u00e9dita de inflaci\u00f3n cero, tasas de crecimiento que marcaron varios a\u00f1os por encima de los cinco puntos del PBI. No fue rebote, fue otra cosa.<\/h3>\n<h3>Milei por ahora se encamina a una elecci\u00f3n de medio t\u00e9rmino con la bandera potente de la baja de la inflaci\u00f3n, pero con un armado tan malo como el que exhibi\u00f3 en el 2023, con una diferencia clave: esta vez no estar\u00e1 en la boleta. Aquella vez la carambola del ballotage lo meti\u00f3 en la Presidencia, pero la indigencia de su armado nacional hizo que llegara con una mala cosecha de diputados y senadores. En cantidad y calidad. Amarga realidad que lo obliga a entregarse a las tortuosas negociaciones con Macri, que oscila entre el take over y la desaparici\u00f3n, en un calco casi perfecto del encefalograma de infarto del gobierno libertario.<\/h3>\n<h3>Ahora, el ganador o perdedor de la elecci\u00f3n que viene, como siempre, se definir\u00e1 por el resultado de Capital y sobre todo la provincia de Buenos Aires, donde lo espera Cristina para tratar de darle un golpe letal al proyecto libertario de Milei.<\/h3>\n<h3>Estamos entonces ingresando lentamente en territorio indio, los \u00faltimos pueblos quedan atr\u00e1s y en el horizonte de ese desierto abrasador se dibuja una certeza: Gana Milei o pierde Milei.<\/h3>\n<p>&nbsp;<\/p>\n<h4>\u00a0<span style=\"color: #3366ff;\">* Editor de La Pol\u00edtica Online<\/span><\/h4>\n<p>&nbsp;<\/p>\n<p>&nbsp;<\/p>\n<p>&nbsp;<\/p>\n","protected":false},"excerpt":{"rendered":"<p>Por Ignacio Fidanza * El Presidente logr\u00f3 hacer pie en un tema de enorme valor&#8230;<\/p>\n","protected":false},"author":1,"featured_media":21691,"comment_status":"closed","ping_status":"closed","sticky":false,"template":"","format":"standard","meta":{"footnotes":""},"categories":[9],"tags":[],"class_list":["post-25020","post","type-post","status-publish","format-standard","has-post-thumbnail","hentry","category-opinion"],"yoast_head":"<!-- This site is optimized with the Yoast SEO plugin v26.1.1 - https:\/\/yoast.com\/wordpress\/plugins\/seo\/ -->\n<title>MILEI ENCONTR\u00d3 SU CARTA - Apuntes de San Luis<\/title>\n<meta name=\"robots\" content=\"index, follow, max-snippet:-1, max-image-preview:large, max-video-preview:-1\" \/>\n<link rel=\"canonical\" href=\"https:\/\/apuntesdesanluis.com\/index.php\/2024\/11\/08\/milei-encontro-su-carta\/\" \/>\n<meta property=\"og:locale\" content=\"es_ES\" \/>\n<meta property=\"og:type\" content=\"article\" \/>\n<meta property=\"og:title\" content=\"MILEI ENCONTR\u00d3 SU CARTA - Apuntes de San Luis\" \/>\n<meta property=\"og:description\" content=\"Por Ignacio Fidanza * El Presidente logr\u00f3 hacer pie en un tema de enorme valor...\" \/>\n<meta property=\"og:url\" content=\"https:\/\/apuntesdesanluis.com\/index.php\/2024\/11\/08\/milei-encontro-su-carta\/\" \/>\n<meta property=\"og:site_name\" content=\"Apuntes de San Luis\" \/>\n<meta property=\"article:published_time\" content=\"2024-11-09T00:01:41+00:00\" \/>\n<meta property=\"og:image\" content=\"https:\/\/apuntesdesanluis.com\/wp-content\/uploads\/2024\/09\/milei.png\" \/>\n\t<meta property=\"og:image:width\" content=\"851\" \/>\n\t<meta property=\"og:image:height\" content=\"521\" \/>\n\t<meta property=\"og:image:type\" content=\"image\/png\" \/>\n<meta name=\"author\" content=\"apuntesdesanluis.com\" \/>\n<meta name=\"twitter:card\" content=\"summary_large_image\" \/>\n<meta name=\"twitter:label1\" content=\"Escrito por\" \/>\n\t<meta name=\"twitter:data1\" content=\"apuntesdesanluis.com\" \/>\n\t<meta name=\"twitter:label2\" content=\"Tiempo de lectura\" \/>\n\t<meta name=\"twitter:data2\" content=\"6 minutos\" \/>\n<script type=\"application\/ld+json\" class=\"yoast-schema-graph\">{\"@context\":\"https:\/\/schema.org\",\"@graph\":[{\"@type\":\"Article\",\"@id\":\"https:\/\/apuntesdesanluis.com\/index.php\/2024\/11\/08\/milei-encontro-su-carta\/#article\",\"isPartOf\":{\"@id\":\"https:\/\/apuntesdesanluis.com\/index.php\/2024\/11\/08\/milei-encontro-su-carta\/\"},\"author\":{\"name\":\"apuntesdesanluis.com\",\"@id\":\"https:\/\/apuntesdesanluis.com\/#\/schema\/person\/b55151d52296fcce64d1a72538a70b90\"},\"headline\":\"MILEI ENCONTR\u00d3 SU CARTA\",\"datePublished\":\"2024-11-09T00:01:41+00:00\",\"mainEntityOfPage\":{\"@id\":\"https:\/\/apuntesdesanluis.com\/index.php\/2024\/11\/08\/milei-encontro-su-carta\/\"},\"wordCount\":1114,\"publisher\":{\"@id\":\"https:\/\/apuntesdesanluis.com\/#\/schema\/person\/b55151d52296fcce64d1a72538a70b90\"},\"image\":{\"@id\":\"https:\/\/apuntesdesanluis.com\/index.php\/2024\/11\/08\/milei-encontro-su-carta\/#primaryimage\"},\"thumbnailUrl\":\"https:\/\/apuntesdesanluis.com\/wp-content\/uploads\/2024\/09\/milei.png\",\"articleSection\":[\"Opini\u00f3n\"],\"inLanguage\":\"es-AR\"},{\"@type\":\"WebPage\",\"@id\":\"https:\/\/apuntesdesanluis.com\/index.php\/2024\/11\/08\/milei-encontro-su-carta\/\",\"url\":\"https:\/\/apuntesdesanluis.com\/index.php\/2024\/11\/08\/milei-encontro-su-carta\/\",\"name\":\"MILEI ENCONTR\u00d3 SU CARTA - Apuntes de San Luis\",\"isPartOf\":{\"@id\":\"https:\/\/apuntesdesanluis.com\/#website\"},\"primaryImageOfPage\":{\"@id\":\"https:\/\/apuntesdesanluis.com\/index.php\/2024\/11\/08\/milei-encontro-su-carta\/#primaryimage\"},\"image\":{\"@id\":\"https:\/\/apuntesdesanluis.com\/index.php\/2024\/11\/08\/milei-encontro-su-carta\/#primaryimage\"},\"thumbnailUrl\":\"https:\/\/apuntesdesanluis.com\/wp-content\/uploads\/2024\/09\/milei.png\",\"datePublished\":\"2024-11-09T00:01:41+00:00\",\"breadcrumb\":{\"@id\":\"https:\/\/apuntesdesanluis.com\/index.php\/2024\/11\/08\/milei-encontro-su-carta\/#breadcrumb\"},\"inLanguage\":\"es-AR\",\"potentialAction\":[{\"@type\":\"ReadAction\",\"target\":[\"https:\/\/apuntesdesanluis.com\/index.php\/2024\/11\/08\/milei-encontro-su-carta\/\"]}]},{\"@type\":\"ImageObject\",\"inLanguage\":\"es-AR\",\"@id\":\"https:\/\/apuntesdesanluis.com\/index.php\/2024\/11\/08\/milei-encontro-su-carta\/#primaryimage\",\"url\":\"https:\/\/apuntesdesanluis.com\/wp-content\/uploads\/2024\/09\/milei.png\",\"contentUrl\":\"https:\/\/apuntesdesanluis.com\/wp-content\/uploads\/2024\/09\/milei.png\",\"width\":851,\"height\":521},{\"@type\":\"BreadcrumbList\",\"@id\":\"https:\/\/apuntesdesanluis.com\/index.php\/2024\/11\/08\/milei-encontro-su-carta\/#breadcrumb\",\"itemListElement\":[{\"@type\":\"ListItem\",\"position\":1,\"name\":\"Inicio\",\"item\":\"https:\/\/apuntesdesanluis.com\/\"},{\"@type\":\"ListItem\",\"position\":2,\"name\":\"MILEI ENCONTR\u00d3 SU CARTA\"}]},{\"@type\":\"WebSite\",\"@id\":\"https:\/\/apuntesdesanluis.com\/#website\",\"url\":\"https:\/\/apuntesdesanluis.com\/\",\"name\":\"Apuntes de San Luis\",\"description\":\"\",\"publisher\":{\"@id\":\"https:\/\/apuntesdesanluis.com\/#\/schema\/person\/b55151d52296fcce64d1a72538a70b90\"},\"potentialAction\":[{\"@type\":\"SearchAction\",\"target\":{\"@type\":\"EntryPoint\",\"urlTemplate\":\"https:\/\/apuntesdesanluis.com\/?s={search_term_string}\"},\"query-input\":{\"@type\":\"PropertyValueSpecification\",\"valueRequired\":true,\"valueName\":\"search_term_string\"}}],\"inLanguage\":\"es-AR\"},{\"@type\":[\"Person\",\"Organization\"],\"@id\":\"https:\/\/apuntesdesanluis.com\/#\/schema\/person\/b55151d52296fcce64d1a72538a70b90\",\"name\":\"apuntesdesanluis.com\",\"image\":{\"@type\":\"ImageObject\",\"inLanguage\":\"es-AR\",\"@id\":\"https:\/\/apuntesdesanluis.com\/#\/schema\/person\/image\/\",\"url\":\"https:\/\/apuntesdesanluis.com\/wp-content\/uploads\/2023\/07\/cropped-apuntesdesanluis.png\",\"contentUrl\":\"https:\/\/apuntesdesanluis.com\/wp-content\/uploads\/2023\/07\/cropped-apuntesdesanluis.png\",\"width\":450,\"height\":112,\"caption\":\"apuntesdesanluis.com\"},\"logo\":{\"@id\":\"https:\/\/apuntesdesanluis.com\/#\/schema\/person\/image\/\"},\"sameAs\":[\"https:\/\/apuntesdesanluis.com\"],\"url\":\"https:\/\/apuntesdesanluis.com\/index.php\/author\/apuntesdesanluis-com\/\"}]}<\/script>\n<!-- \/ Yoast SEO plugin. -->","yoast_head_json":{"title":"MILEI ENCONTR\u00d3 SU CARTA - Apuntes de San Luis","robots":{"index":"index","follow":"follow","max-snippet":"max-snippet:-1","max-image-preview":"max-image-preview:large","max-video-preview":"max-video-preview:-1"},"canonical":"https:\/\/apuntesdesanluis.com\/index.php\/2024\/11\/08\/milei-encontro-su-carta\/","og_locale":"es_ES","og_type":"article","og_title":"MILEI ENCONTR\u00d3 SU CARTA - Apuntes de San Luis","og_description":"Por Ignacio Fidanza * El Presidente logr\u00f3 hacer pie en un tema de enorme valor...","og_url":"https:\/\/apuntesdesanluis.com\/index.php\/2024\/11\/08\/milei-encontro-su-carta\/","og_site_name":"Apuntes de San Luis","article_published_time":"2024-11-09T00:01:41+00:00","og_image":[{"width":851,"height":521,"url":"https:\/\/apuntesdesanluis.com\/wp-content\/uploads\/2024\/09\/milei.png","type":"image\/png"}],"author":"apuntesdesanluis.com","twitter_card":"summary_large_image","twitter_misc":{"Escrito por":"apuntesdesanluis.com","Tiempo de lectura":"6 minutos"},"schema":{"@context":"https:\/\/schema.org","@graph":[{"@type":"Article","@id":"https:\/\/apuntesdesanluis.com\/index.php\/2024\/11\/08\/milei-encontro-su-carta\/#article","isPartOf":{"@id":"https:\/\/apuntesdesanluis.com\/index.php\/2024\/11\/08\/milei-encontro-su-carta\/"},"author":{"name":"apuntesdesanluis.com","@id":"https:\/\/apuntesdesanluis.com\/#\/schema\/person\/b55151d52296fcce64d1a72538a70b90"},"headline":"MILEI ENCONTR\u00d3 SU CARTA","datePublished":"2024-11-09T00:01:41+00:00","mainEntityOfPage":{"@id":"https:\/\/apuntesdesanluis.com\/index.php\/2024\/11\/08\/milei-encontro-su-carta\/"},"wordCount":1114,"publisher":{"@id":"https:\/\/apuntesdesanluis.com\/#\/schema\/person\/b55151d52296fcce64d1a72538a70b90"},"image":{"@id":"https:\/\/apuntesdesanluis.com\/index.php\/2024\/11\/08\/milei-encontro-su-carta\/#primaryimage"},"thumbnailUrl":"https:\/\/apuntesdesanluis.com\/wp-content\/uploads\/2024\/09\/milei.png","articleSection":["Opini\u00f3n"],"inLanguage":"es-AR"},{"@type":"WebPage","@id":"https:\/\/apuntesdesanluis.com\/index.php\/2024\/11\/08\/milei-encontro-su-carta\/","url":"https:\/\/apuntesdesanluis.com\/index.php\/2024\/11\/08\/milei-encontro-su-carta\/","name":"MILEI ENCONTR\u00d3 SU CARTA - Apuntes de San Luis","isPartOf":{"@id":"https:\/\/apuntesdesanluis.com\/#website"},"primaryImageOfPage":{"@id":"https:\/\/apuntesdesanluis.com\/index.php\/2024\/11\/08\/milei-encontro-su-carta\/#primaryimage"},"image":{"@id":"https:\/\/apuntesdesanluis.com\/index.php\/2024\/11\/08\/milei-encontro-su-carta\/#primaryimage"},"thumbnailUrl":"https:\/\/apuntesdesanluis.com\/wp-content\/uploads\/2024\/09\/milei.png","datePublished":"2024-11-09T00:01:41+00:00","breadcrumb":{"@id":"https:\/\/apuntesdesanluis.com\/index.php\/2024\/11\/08\/milei-encontro-su-carta\/#breadcrumb"},"inLanguage":"es-AR","potentialAction":[{"@type":"ReadAction","target":["https:\/\/apuntesdesanluis.com\/index.php\/2024\/11\/08\/milei-encontro-su-carta\/"]}]},{"@type":"ImageObject","inLanguage":"es-AR","@id":"https:\/\/apuntesdesanluis.com\/index.php\/2024\/11\/08\/milei-encontro-su-carta\/#primaryimage","url":"https:\/\/apuntesdesanluis.com\/wp-content\/uploads\/2024\/09\/milei.png","contentUrl":"https:\/\/apuntesdesanluis.com\/wp-content\/uploads\/2024\/09\/milei.png","width":851,"height":521},{"@type":"BreadcrumbList","@id":"https:\/\/apuntesdesanluis.com\/index.php\/2024\/11\/08\/milei-encontro-su-carta\/#breadcrumb","itemListElement":[{"@type":"ListItem","position":1,"name":"Inicio","item":"https:\/\/apuntesdesanluis.com\/"},{"@type":"ListItem","position":2,"name":"MILEI ENCONTR\u00d3 SU CARTA"}]},{"@type":"WebSite","@id":"https:\/\/apuntesdesanluis.com\/#website","url":"https:\/\/apuntesdesanluis.com\/","name":"Apuntes de San Luis","description":"","publisher":{"@id":"https:\/\/apuntesdesanluis.com\/#\/schema\/person\/b55151d52296fcce64d1a72538a70b90"},"potentialAction":[{"@type":"SearchAction","target":{"@type":"EntryPoint","urlTemplate":"https:\/\/apuntesdesanluis.com\/?s={search_term_string}"},"query-input":{"@type":"PropertyValueSpecification","valueRequired":true,"valueName":"search_term_string"}}],"inLanguage":"es-AR"},{"@type":["Person","Organization"],"@id":"https:\/\/apuntesdesanluis.com\/#\/schema\/person\/b55151d52296fcce64d1a72538a70b90","name":"apuntesdesanluis.com","image":{"@type":"ImageObject","inLanguage":"es-AR","@id":"https:\/\/apuntesdesanluis.com\/#\/schema\/person\/image\/","url":"https:\/\/apuntesdesanluis.com\/wp-content\/uploads\/2023\/07\/cropped-apuntesdesanluis.png","contentUrl":"https:\/\/apuntesdesanluis.com\/wp-content\/uploads\/2023\/07\/cropped-apuntesdesanluis.png","width":450,"height":112,"caption":"apuntesdesanluis.com"},"logo":{"@id":"https:\/\/apuntesdesanluis.com\/#\/schema\/person\/image\/"},"sameAs":["https:\/\/apuntesdesanluis.com"],"url":"https:\/\/apuntesdesanluis.com\/index.php\/author\/apuntesdesanluis-com\/"}]}},"featured_image_urls":{"full":["https:\/\/apuntesdesanluis.com\/wp-content\/uploads\/2024\/09\/milei.png",851,521,false],"thumbnail":["https:\/\/apuntesdesanluis.com\/wp-content\/uploads\/2024\/09\/milei-150x150.png",150,150,true],"medium":["https:\/\/apuntesdesanluis.com\/wp-content\/uploads\/2024\/09\/milei-300x184.png",300,184,true],"medium_large":["https:\/\/apuntesdesanluis.com\/wp-content\/uploads\/2024\/09\/milei-768x470.png",640,392,true],"large":["https:\/\/apuntesdesanluis.com\/wp-content\/uploads\/2024\/09\/milei.png",640,392,false],"1536x1536":["https:\/\/apuntesdesanluis.com\/wp-content\/uploads\/2024\/09\/milei.png",851,521,false],"2048x2048":["https:\/\/apuntesdesanluis.com\/wp-content\/uploads\/2024\/09\/milei.png",851,521,false],"newsever-slider-full":["https:\/\/apuntesdesanluis.com\/wp-content\/uploads\/2024\/09\/milei.png",851,521,false],"newsever-featured":["https:\/\/apuntesdesanluis.com\/wp-content\/uploads\/2024\/09\/milei.png",851,521,false],"newsever-medium":["https:\/\/apuntesdesanluis.com\/wp-content\/uploads\/2024\/09\/milei-720x475.png",720,475,true]},"author_info":{"display_name":"apuntesdesanluis.com","author_link":"https:\/\/apuntesdesanluis.com\/index.php\/author\/apuntesdesanluis-com\/"},"category_info":"<a href=\"https:\/\/apuntesdesanluis.com\/index.php\/category\/opinion\/\" rel=\"category tag\">Opini\u00f3n<\/a>","tag_info":"Opini\u00f3n","comment_count":"0","_links":{"self":[{"href":"https:\/\/apuntesdesanluis.com\/index.php\/wp-json\/wp\/v2\/posts\/25020","targetHints":{"allow":["GET"]}}],"collection":[{"href":"https:\/\/apuntesdesanluis.com\/index.php\/wp-json\/wp\/v2\/posts"}],"about":[{"href":"https:\/\/apuntesdesanluis.com\/index.php\/wp-json\/wp\/v2\/types\/post"}],"author":[{"embeddable":true,"href":"https:\/\/apuntesdesanluis.com\/index.php\/wp-json\/wp\/v2\/users\/1"}],"replies":[{"embeddable":true,"href":"https:\/\/apuntesdesanluis.com\/index.php\/wp-json\/wp\/v2\/comments?post=25020"}],"version-history":[{"count":1,"href":"https:\/\/apuntesdesanluis.com\/index.php\/wp-json\/wp\/v2\/posts\/25020\/revisions"}],"predecessor-version":[{"id":25021,"href":"https:\/\/apuntesdesanluis.com\/index.php\/wp-json\/wp\/v2\/posts\/25020\/revisions\/25021"}],"wp:featuredmedia":[{"embeddable":true,"href":"https:\/\/apuntesdesanluis.com\/index.php\/wp-json\/wp\/v2\/media\/21691"}],"wp:attachment":[{"href":"https:\/\/apuntesdesanluis.com\/index.php\/wp-json\/wp\/v2\/media?parent=25020"}],"wp:term":[{"taxonomy":"category","embeddable":true,"href":"https:\/\/apuntesdesanluis.com\/index.php\/wp-json\/wp\/v2\/categories?post=25020"},{"taxonomy":"post_tag","embeddable":true,"href":"https:\/\/apuntesdesanluis.com\/index.php\/wp-json\/wp\/v2\/tags?post=25020"}],"curies":[{"name":"wp","href":"https:\/\/api.w.org\/{rel}","templated":true}]}}