{"id":25022,"date":"2024-11-08T21:11:20","date_gmt":"2024-11-09T00:11:20","guid":{"rendered":"https:\/\/apuntesdesanluis.com\/?p=25022"},"modified":"2024-11-08T21:11:20","modified_gmt":"2024-11-09T00:11:20","slug":"otra-renuncia-en-capital-humano-desplazaron-a-la-secretaria-de-ninez-y-familia-yanina-nano-lembo","status":"publish","type":"post","link":"https:\/\/apuntesdesanluis.com\/index.php\/2024\/11\/08\/otra-renuncia-en-capital-humano-desplazaron-a-la-secretaria-de-ninez-y-familia-yanina-nano-lembo\/","title":{"rendered":"OTRA RENUNCIA EN CAPITAL HUMANO: DESPLAZARON A LA SECRETARIA DE NI\u00d1EZ Y FAMILIA, YANINA NANO LEMBO"},"content":{"rendered":"<h3>El Ministerio de Capital Humano inform\u00f3 la renuncia de <strong>Yanina Nano Lembo<\/strong>, secretaria nacional de Ni\u00f1ez, Adolescencia y Familia, en l\u00ednea con \u201cla nueva estructura ministerial recientemente aprobada\u201d.<\/h3>\n<h3>Seg\u00fan la versi\u00f3n oficial, \u201cel equipo liderado por la ministra<strong> Sandra Pettovello<\/strong> responde a las necesidades de esta nueva etapa de gesti\u00f3n\u201d. En este contexto, Juan Bautista Ord\u00f3\u00f1ez asumir\u00e1 como titular de la ex cartera de Desarrollo Social, mientras que \u201cNano Lembo desempe\u00f1ar\u00e1 un nuevo rol dentro de la estructura ministerial. Seguimos avanzando bajo las premisas establecidas por el presidente Javier Milei: un Estado m\u00e1s peque\u00f1o y mucho m\u00e1s eficaz\u201d, destac\u00f3 el comunicado.<\/h3>\n<h3>Nano Lembo enfrentaba una situaci\u00f3n incierta relacionada con la compra de una cafetera por 2 millones de pesos. Por este hecho, ya hab\u00eda renunciado la subsecretaria de Gesti\u00f3n Administrativa, Constanza Cassinola, n\u00famero dos de Nano Lembo y quien tambi\u00e9n hab\u00eda sido funcionaria bajo el alcalde porte\u00f1o Horacio Rodr\u00edguez Larreta.<\/h3>\n<p><img fetchpriority=\"high\" decoding=\"async\" class=\"wp-image-25024 aligncenter\" src=\"https:\/\/apuntesdesanluis.com\/wp-content\/uploads\/2024\/11\/pettovello-300x202.png\" alt=\"\" width=\"593\" height=\"399\" srcset=\"https:\/\/apuntesdesanluis.com\/wp-content\/uploads\/2024\/11\/pettovello-300x202.png 300w, https:\/\/apuntesdesanluis.com\/wp-content\/uploads\/2024\/11\/pettovello.png 712w\" sizes=\"(max-width: 593px) 100vw, 593px\" \/><\/p>\n<h4 style=\"text-align: center;\"><em>Sandra Pettovello, adicta a cambiar sus funcionarios todos los meses.<\/em><\/h4>\n<h3>Nano Lembo hab\u00eda reemplazado a Pablo de la Torre a fines de mayo. El m\u00e9dico pediatra hab\u00eda quedado en el ojo de la tormenta por los retrasos en la entrega de los alimentos acunulados en galpones de Tafi Viejo y Villa Martelli. Sin embargo, lo que termin\u00f3 de eyectarlo de su puesto fue una investigaci\u00f3n interna en la cartera ministerial por sospechas en torno al sistema de contrataciones de personal en el \u00e1rea a su cargo.<\/h3>\n<h3>La auditor\u00eda arroj\u00f3 la presunta existencia de un sistema de recaudaci\u00f3n pol\u00edtica ilegal montado en torno a contratos firmados con la Organizaci\u00f3n de Estados Iberoamericanos (OEI). Esta ONG internacional tiene convenios marco de cooperaci\u00f3n vigentes con el gobierno argentino que vienen de gestiones anteriores para asesoramiento y servicios.<\/h3>\n<h3>Desde Capital Humano diferencian la renuncia de De la Torre a la de Nano Lembo a quien califican de una funcionaria \u201cintachable\u201d pero que su \u201cperfil\u201d no estaba acorde a los cambios que ya se est\u00e1n implementando en la cartera de Pettovello, una ministra de extrema confianza del Presidente Javier Milei.<\/h3>\n<h3>Una fuente inobjetable del Ministerio de esa cartera le asegur\u00f3 a este medio que \u201cel equipo de Nano Lembo queda intacto\u201d e insisti\u00f3 en que Pettovello lidera una profunda reestructuraci\u00f3n en el \u00e1rea de Ni\u00f1ez, Adolescencia y Familia.<\/h3>\n<h3>\u201cEs un \u00e1rea donde hay que poner todos los recursos para que los chicos y las familias coman en sus casas, no en comedores comunitarios. Es un \u00e1rea que estaba loteada por personas vinculadas a Emilio P\u00e9rsico, secretario de Econom\u00eda Social y l\u00edder del Movimiento Evita. No puede ser que desde Ni\u00f1ez se otorguen cr\u00e9ditos, planes de trabajo y se encarguen de cooperativas. Estamos reestructurando todo lo malo que dej\u00f3 enquistado el kirchnerismo\u201d, argumentaron.<\/h3>\n<h3>Un colaborador directo de Pettovello explic\u00f3: \u201cDesde que asumimos la gesti\u00f3n nos hemos enfocado en dise\u00f1ar e implementar pol\u00edticas, conociendo en detalle el funcionamiento del \u00e1rea. Ya puesta en marcha la implementaci\u00f3n de pol\u00edticas, con la desintermediaci\u00f3n, sacamos los llamados \u2018gerentes de la pobreza\u2019 -en referente a los dirigentes sociales y piqueteros- y ocup\u00e1ndonos de la emergencia alimentaria entendimos que era el momento adecuado para buscar un cambio orientado a la eficiencia, lo que requer\u00eda la incorporaci\u00f3n de nuevos perfiles\u201d.<\/h3>\n<p><img decoding=\"async\" class=\"wp-image-25025 aligncenter\" src=\"https:\/\/apuntesdesanluis.com\/wp-content\/uploads\/2024\/11\/juan-ordonez-300x197.png\" alt=\"\" width=\"602\" height=\"395\" srcset=\"https:\/\/apuntesdesanluis.com\/wp-content\/uploads\/2024\/11\/juan-ordonez-300x197.png 300w, https:\/\/apuntesdesanluis.com\/wp-content\/uploads\/2024\/11\/juan-ordonez.png 729w\" sizes=\"(max-width: 602px) 100vw, 602px\" \/><\/p>\n<h4 style=\"text-align: center;\"><em>Juan Ord\u00f3\u00f1ez: vaya a saber cu\u00e1nto ir\u00e1 a durar&#8230;<\/em><\/h4>\n<h3>Por esa raz\u00f3n, refiri\u00f3 el colaborador de Pettovello: \u201cLa decisi\u00f3n es que Yanina Nano Lembo, quien forma parte del equipo y posee un perfil t\u00e9cnico, asuma otro rol. En su lugar, Juan Ord\u00f3\u00f1ez, tambi\u00e9n miembro del equipo, tomar\u00e1 la direcci\u00f3n de la Secretar\u00eda, dado que en esta etapa se adapta perfectamente a las necesidades actuales. Cabe destacar que en nuestra gesti\u00f3n trabajamos como un equipo din\u00e1mico, adapt\u00e1ndonos seg\u00fan las circunstancias, y las necesidades de la estructura\u201d.<\/h3>\n<h3>Hasta su nueva designaci\u00f3n Ord\u00f3\u00f1ez se desempe\u00f1aba como Director de Planeamiento Estrat\u00e9gico en el Ministerio de Capital Humano. Algunos de sus cargos m\u00e1s relevantes en el sector privado incluyen: Country Manager &#8211; Codere. Director Ejecutivo para Argentina &#8211; Barrick Gold Corporation. Director de Asuntos Corporativos &#8211; YPF S.A. y Director de Comunicaciones &#8211; Grupo Roggio.<\/h3>\n<h3>En esta nueva Fase, la integrante del gabinete de La Libertad Avanza se enfrenta al desaf\u00edo de atacar \u201clas capas geol\u00f3gicas marcadas por el kirchnerismo\u201d y en ese contexto, adelantaron desde Capital Humano: \u201cauditaremos la estructura para hacerla m\u00e1s eficiente\u201d.<\/h3>\n<p>&nbsp;<\/p>\n<p>&nbsp;<\/p>\n<p>&nbsp;<\/p>\n","protected":false},"excerpt":{"rendered":"<p>El Ministerio de Capital Humano inform\u00f3 la renuncia de Yanina Nano Lembo, secretaria nacional de&#8230;<\/p>\n","protected":false},"author":1,"featured_media":25023,"comment_status":"closed","ping_status":"closed","sticky":false,"template":"","format":"standard","meta":{"footnotes":""},"categories":[5],"tags":[],"class_list":["post-25022","post","type-post","status-publish","format-standard","has-post-thumbnail","hentry","category-nacionales-internacionales"],"yoast_head":"<!-- This site is optimized with the Yoast SEO plugin v26.1.1 - https:\/\/yoast.com\/wordpress\/plugins\/seo\/ -->\n<title>OTRA RENUNCIA EN CAPITAL HUMANO: DESPLAZARON A LA SECRETARIA DE NI\u00d1EZ Y FAMILIA, YANINA NANO LEMBO - Apuntes de San Luis<\/title>\n<meta name=\"robots\" content=\"index, follow, max-snippet:-1, max-image-preview:large, max-video-preview:-1\" \/>\n<link rel=\"canonical\" href=\"https:\/\/apuntesdesanluis.com\/index.php\/2024\/11\/08\/otra-renuncia-en-capital-humano-desplazaron-a-la-secretaria-de-ninez-y-familia-yanina-nano-lembo\/\" \/>\n<meta property=\"og:locale\" content=\"es_ES\" \/>\n<meta property=\"og:type\" content=\"article\" \/>\n<meta property=\"og:title\" content=\"OTRA RENUNCIA EN CAPITAL HUMANO: DESPLAZARON A LA SECRETARIA DE NI\u00d1EZ Y FAMILIA, YANINA NANO LEMBO - Apuntes de San Luis\" \/>\n<meta property=\"og:description\" content=\"El Ministerio de Capital Humano inform\u00f3 la renuncia de Yanina Nano Lembo, secretaria nacional de...\" \/>\n<meta property=\"og:url\" content=\"https:\/\/apuntesdesanluis.com\/index.php\/2024\/11\/08\/otra-renuncia-en-capital-humano-desplazaron-a-la-secretaria-de-ninez-y-familia-yanina-nano-lembo\/\" \/>\n<meta property=\"og:site_name\" content=\"Apuntes de San Luis\" \/>\n<meta property=\"article:published_time\" content=\"2024-11-09T00:11:20+00:00\" \/>\n<meta property=\"og:image\" content=\"https:\/\/apuntesdesanluis.com\/wp-content\/uploads\/2024\/11\/yanina.png\" \/>\n\t<meta property=\"og:image:width\" content=\"733\" \/>\n\t<meta property=\"og:image:height\" content=\"476\" \/>\n\t<meta property=\"og:image:type\" content=\"image\/png\" \/>\n<meta name=\"author\" content=\"apuntesdesanluis.com\" \/>\n<meta name=\"twitter:card\" content=\"summary_large_image\" \/>\n<meta name=\"twitter:label1\" content=\"Escrito por\" \/>\n\t<meta name=\"twitter:data1\" content=\"apuntesdesanluis.com\" \/>\n\t<meta name=\"twitter:label2\" content=\"Tiempo de lectura\" \/>\n\t<meta name=\"twitter:data2\" content=\"4 minutos\" \/>\n<script type=\"application\/ld+json\" class=\"yoast-schema-graph\">{\"@context\":\"https:\/\/schema.org\",\"@graph\":[{\"@type\":\"Article\",\"@id\":\"https:\/\/apuntesdesanluis.com\/index.php\/2024\/11\/08\/otra-renuncia-en-capital-humano-desplazaron-a-la-secretaria-de-ninez-y-familia-yanina-nano-lembo\/#article\",\"isPartOf\":{\"@id\":\"https:\/\/apuntesdesanluis.com\/index.php\/2024\/11\/08\/otra-renuncia-en-capital-humano-desplazaron-a-la-secretaria-de-ninez-y-familia-yanina-nano-lembo\/\"},\"author\":{\"name\":\"apuntesdesanluis.com\",\"@id\":\"https:\/\/apuntesdesanluis.com\/#\/schema\/person\/b55151d52296fcce64d1a72538a70b90\"},\"headline\":\"OTRA RENUNCIA EN CAPITAL HUMANO: DESPLAZARON A LA SECRETARIA DE NI\u00d1EZ Y FAMILIA, YANINA NANO LEMBO\",\"datePublished\":\"2024-11-09T00:11:20+00:00\",\"mainEntityOfPage\":{\"@id\":\"https:\/\/apuntesdesanluis.com\/index.php\/2024\/11\/08\/otra-renuncia-en-capital-humano-desplazaron-a-la-secretaria-de-ninez-y-familia-yanina-nano-lembo\/\"},\"wordCount\":792,\"publisher\":{\"@id\":\"https:\/\/apuntesdesanluis.com\/#\/schema\/person\/b55151d52296fcce64d1a72538a70b90\"},\"image\":{\"@id\":\"https:\/\/apuntesdesanluis.com\/index.php\/2024\/11\/08\/otra-renuncia-en-capital-humano-desplazaron-a-la-secretaria-de-ninez-y-familia-yanina-nano-lembo\/#primaryimage\"},\"thumbnailUrl\":\"https:\/\/apuntesdesanluis.com\/wp-content\/uploads\/2024\/11\/yanina.png\",\"articleSection\":[\"Nacionales\/Internacionales\"],\"inLanguage\":\"es-AR\"},{\"@type\":\"WebPage\",\"@id\":\"https:\/\/apuntesdesanluis.com\/index.php\/2024\/11\/08\/otra-renuncia-en-capital-humano-desplazaron-a-la-secretaria-de-ninez-y-familia-yanina-nano-lembo\/\",\"url\":\"https:\/\/apuntesdesanluis.com\/index.php\/2024\/11\/08\/otra-renuncia-en-capital-humano-desplazaron-a-la-secretaria-de-ninez-y-familia-yanina-nano-lembo\/\",\"name\":\"OTRA RENUNCIA EN CAPITAL HUMANO: DESPLAZARON A LA SECRETARIA DE NI\u00d1EZ Y FAMILIA, YANINA NANO LEMBO - Apuntes de San Luis\",\"isPartOf\":{\"@id\":\"https:\/\/apuntesdesanluis.com\/#website\"},\"primaryImageOfPage\":{\"@id\":\"https:\/\/apuntesdesanluis.com\/index.php\/2024\/11\/08\/otra-renuncia-en-capital-humano-desplazaron-a-la-secretaria-de-ninez-y-familia-yanina-nano-lembo\/#primaryimage\"},\"image\":{\"@id\":\"https:\/\/apuntesdesanluis.com\/index.php\/2024\/11\/08\/otra-renuncia-en-capital-humano-desplazaron-a-la-secretaria-de-ninez-y-familia-yanina-nano-lembo\/#primaryimage\"},\"thumbnailUrl\":\"https:\/\/apuntesdesanluis.com\/wp-content\/uploads\/2024\/11\/yanina.png\",\"datePublished\":\"2024-11-09T00:11:20+00:00\",\"breadcrumb\":{\"@id\":\"https:\/\/apuntesdesanluis.com\/index.php\/2024\/11\/08\/otra-renuncia-en-capital-humano-desplazaron-a-la-secretaria-de-ninez-y-familia-yanina-nano-lembo\/#breadcrumb\"},\"inLanguage\":\"es-AR\",\"potentialAction\":[{\"@type\":\"ReadAction\",\"target\":[\"https:\/\/apuntesdesanluis.com\/index.php\/2024\/11\/08\/otra-renuncia-en-capital-humano-desplazaron-a-la-secretaria-de-ninez-y-familia-yanina-nano-lembo\/\"]}]},{\"@type\":\"ImageObject\",\"inLanguage\":\"es-AR\",\"@id\":\"https:\/\/apuntesdesanluis.com\/index.php\/2024\/11\/08\/otra-renuncia-en-capital-humano-desplazaron-a-la-secretaria-de-ninez-y-familia-yanina-nano-lembo\/#primaryimage\",\"url\":\"https:\/\/apuntesdesanluis.com\/wp-content\/uploads\/2024\/11\/yanina.png\",\"contentUrl\":\"https:\/\/apuntesdesanluis.com\/wp-content\/uploads\/2024\/11\/yanina.png\",\"width\":733,\"height\":476},{\"@type\":\"BreadcrumbList\",\"@id\":\"https:\/\/apuntesdesanluis.com\/index.php\/2024\/11\/08\/otra-renuncia-en-capital-humano-desplazaron-a-la-secretaria-de-ninez-y-familia-yanina-nano-lembo\/#breadcrumb\",\"itemListElement\":[{\"@type\":\"ListItem\",\"position\":1,\"name\":\"Inicio\",\"item\":\"https:\/\/apuntesdesanluis.com\/\"},{\"@type\":\"ListItem\",\"position\":2,\"name\":\"OTRA RENUNCIA EN CAPITAL HUMANO: DESPLAZARON A LA SECRETARIA DE NI\u00d1EZ Y FAMILIA, YANINA NANO LEMBO\"}]},{\"@type\":\"WebSite\",\"@id\":\"https:\/\/apuntesdesanluis.com\/#website\",\"url\":\"https:\/\/apuntesdesanluis.com\/\",\"name\":\"Apuntes de San Luis\",\"description\":\"\",\"publisher\":{\"@id\":\"https:\/\/apuntesdesanluis.com\/#\/schema\/person\/b55151d52296fcce64d1a72538a70b90\"},\"potentialAction\":[{\"@type\":\"SearchAction\",\"target\":{\"@type\":\"EntryPoint\",\"urlTemplate\":\"https:\/\/apuntesdesanluis.com\/?s={search_term_string}\"},\"query-input\":{\"@type\":\"PropertyValueSpecification\",\"valueRequired\":true,\"valueName\":\"search_term_string\"}}],\"inLanguage\":\"es-AR\"},{\"@type\":[\"Person\",\"Organization\"],\"@id\":\"https:\/\/apuntesdesanluis.com\/#\/schema\/person\/b55151d52296fcce64d1a72538a70b90\",\"name\":\"apuntesdesanluis.com\",\"image\":{\"@type\":\"ImageObject\",\"inLanguage\":\"es-AR\",\"@id\":\"https:\/\/apuntesdesanluis.com\/#\/schema\/person\/image\/\",\"url\":\"https:\/\/apuntesdesanluis.com\/wp-content\/uploads\/2023\/07\/cropped-apuntesdesanluis.png\",\"contentUrl\":\"https:\/\/apuntesdesanluis.com\/wp-content\/uploads\/2023\/07\/cropped-apuntesdesanluis.png\",\"width\":450,\"height\":112,\"caption\":\"apuntesdesanluis.com\"},\"logo\":{\"@id\":\"https:\/\/apuntesdesanluis.com\/#\/schema\/person\/image\/\"},\"sameAs\":[\"https:\/\/apuntesdesanluis.com\"],\"url\":\"https:\/\/apuntesdesanluis.com\/index.php\/author\/apuntesdesanluis-com\/\"}]}<\/script>\n<!-- \/ Yoast SEO plugin. -->","yoast_head_json":{"title":"OTRA RENUNCIA EN CAPITAL HUMANO: DESPLAZARON A LA SECRETARIA DE NI\u00d1EZ Y FAMILIA, YANINA NANO LEMBO - Apuntes de San Luis","robots":{"index":"index","follow":"follow","max-snippet":"max-snippet:-1","max-image-preview":"max-image-preview:large","max-video-preview":"max-video-preview:-1"},"canonical":"https:\/\/apuntesdesanluis.com\/index.php\/2024\/11\/08\/otra-renuncia-en-capital-humano-desplazaron-a-la-secretaria-de-ninez-y-familia-yanina-nano-lembo\/","og_locale":"es_ES","og_type":"article","og_title":"OTRA RENUNCIA EN CAPITAL HUMANO: DESPLAZARON A LA SECRETARIA DE NI\u00d1EZ Y FAMILIA, YANINA NANO LEMBO - Apuntes de San Luis","og_description":"El Ministerio de Capital Humano inform\u00f3 la renuncia de Yanina Nano Lembo, secretaria nacional de...","og_url":"https:\/\/apuntesdesanluis.com\/index.php\/2024\/11\/08\/otra-renuncia-en-capital-humano-desplazaron-a-la-secretaria-de-ninez-y-familia-yanina-nano-lembo\/","og_site_name":"Apuntes de San Luis","article_published_time":"2024-11-09T00:11:20+00:00","og_image":[{"width":733,"height":476,"url":"https:\/\/apuntesdesanluis.com\/wp-content\/uploads\/2024\/11\/yanina.png","type":"image\/png"}],"author":"apuntesdesanluis.com","twitter_card":"summary_large_image","twitter_misc":{"Escrito por":"apuntesdesanluis.com","Tiempo de lectura":"4 minutos"},"schema":{"@context":"https:\/\/schema.org","@graph":[{"@type":"Article","@id":"https:\/\/apuntesdesanluis.com\/index.php\/2024\/11\/08\/otra-renuncia-en-capital-humano-desplazaron-a-la-secretaria-de-ninez-y-familia-yanina-nano-lembo\/#article","isPartOf":{"@id":"https:\/\/apuntesdesanluis.com\/index.php\/2024\/11\/08\/otra-renuncia-en-capital-humano-desplazaron-a-la-secretaria-de-ninez-y-familia-yanina-nano-lembo\/"},"author":{"name":"apuntesdesanluis.com","@id":"https:\/\/apuntesdesanluis.com\/#\/schema\/person\/b55151d52296fcce64d1a72538a70b90"},"headline":"OTRA RENUNCIA EN CAPITAL HUMANO: DESPLAZARON A LA SECRETARIA DE NI\u00d1EZ Y FAMILIA, YANINA NANO LEMBO","datePublished":"2024-11-09T00:11:20+00:00","mainEntityOfPage":{"@id":"https:\/\/apuntesdesanluis.com\/index.php\/2024\/11\/08\/otra-renuncia-en-capital-humano-desplazaron-a-la-secretaria-de-ninez-y-familia-yanina-nano-lembo\/"},"wordCount":792,"publisher":{"@id":"https:\/\/apuntesdesanluis.com\/#\/schema\/person\/b55151d52296fcce64d1a72538a70b90"},"image":{"@id":"https:\/\/apuntesdesanluis.com\/index.php\/2024\/11\/08\/otra-renuncia-en-capital-humano-desplazaron-a-la-secretaria-de-ninez-y-familia-yanina-nano-lembo\/#primaryimage"},"thumbnailUrl":"https:\/\/apuntesdesanluis.com\/wp-content\/uploads\/2024\/11\/yanina.png","articleSection":["Nacionales\/Internacionales"],"inLanguage":"es-AR"},{"@type":"WebPage","@id":"https:\/\/apuntesdesanluis.com\/index.php\/2024\/11\/08\/otra-renuncia-en-capital-humano-desplazaron-a-la-secretaria-de-ninez-y-familia-yanina-nano-lembo\/","url":"https:\/\/apuntesdesanluis.com\/index.php\/2024\/11\/08\/otra-renuncia-en-capital-humano-desplazaron-a-la-secretaria-de-ninez-y-familia-yanina-nano-lembo\/","name":"OTRA RENUNCIA EN CAPITAL HUMANO: DESPLAZARON A LA SECRETARIA DE NI\u00d1EZ Y FAMILIA, YANINA NANO LEMBO - Apuntes de San Luis","isPartOf":{"@id":"https:\/\/apuntesdesanluis.com\/#website"},"primaryImageOfPage":{"@id":"https:\/\/apuntesdesanluis.com\/index.php\/2024\/11\/08\/otra-renuncia-en-capital-humano-desplazaron-a-la-secretaria-de-ninez-y-familia-yanina-nano-lembo\/#primaryimage"},"image":{"@id":"https:\/\/apuntesdesanluis.com\/index.php\/2024\/11\/08\/otra-renuncia-en-capital-humano-desplazaron-a-la-secretaria-de-ninez-y-familia-yanina-nano-lembo\/#primaryimage"},"thumbnailUrl":"https:\/\/apuntesdesanluis.com\/wp-content\/uploads\/2024\/11\/yanina.png","datePublished":"2024-11-09T00:11:20+00:00","breadcrumb":{"@id":"https:\/\/apuntesdesanluis.com\/index.php\/2024\/11\/08\/otra-renuncia-en-capital-humano-desplazaron-a-la-secretaria-de-ninez-y-familia-yanina-nano-lembo\/#breadcrumb"},"inLanguage":"es-AR","potentialAction":[{"@type":"ReadAction","target":["https:\/\/apuntesdesanluis.com\/index.php\/2024\/11\/08\/otra-renuncia-en-capital-humano-desplazaron-a-la-secretaria-de-ninez-y-familia-yanina-nano-lembo\/"]}]},{"@type":"ImageObject","inLanguage":"es-AR","@id":"https:\/\/apuntesdesanluis.com\/index.php\/2024\/11\/08\/otra-renuncia-en-capital-humano-desplazaron-a-la-secretaria-de-ninez-y-familia-yanina-nano-lembo\/#primaryimage","url":"https:\/\/apuntesdesanluis.com\/wp-content\/uploads\/2024\/11\/yanina.png","contentUrl":"https:\/\/apuntesdesanluis.com\/wp-content\/uploads\/2024\/11\/yanina.png","width":733,"height":476},{"@type":"BreadcrumbList","@id":"https:\/\/apuntesdesanluis.com\/index.php\/2024\/11\/08\/otra-renuncia-en-capital-humano-desplazaron-a-la-secretaria-de-ninez-y-familia-yanina-nano-lembo\/#breadcrumb","itemListElement":[{"@type":"ListItem","position":1,"name":"Inicio","item":"https:\/\/apuntesdesanluis.com\/"},{"@type":"ListItem","position":2,"name":"OTRA RENUNCIA EN CAPITAL HUMANO: DESPLAZARON A LA SECRETARIA DE NI\u00d1EZ Y FAMILIA, YANINA NANO LEMBO"}]},{"@type":"WebSite","@id":"https:\/\/apuntesdesanluis.com\/#website","url":"https:\/\/apuntesdesanluis.com\/","name":"Apuntes de San Luis","description":"","publisher":{"@id":"https:\/\/apuntesdesanluis.com\/#\/schema\/person\/b55151d52296fcce64d1a72538a70b90"},"potentialAction":[{"@type":"SearchAction","target":{"@type":"EntryPoint","urlTemplate":"https:\/\/apuntesdesanluis.com\/?s={search_term_string}"},"query-input":{"@type":"PropertyValueSpecification","valueRequired":true,"valueName":"search_term_string"}}],"inLanguage":"es-AR"},{"@type":["Person","Organization"],"@id":"https:\/\/apuntesdesanluis.com\/#\/schema\/person\/b55151d52296fcce64d1a72538a70b90","name":"apuntesdesanluis.com","image":{"@type":"ImageObject","inLanguage":"es-AR","@id":"https:\/\/apuntesdesanluis.com\/#\/schema\/person\/image\/","url":"https:\/\/apuntesdesanluis.com\/wp-content\/uploads\/2023\/07\/cropped-apuntesdesanluis.png","contentUrl":"https:\/\/apuntesdesanluis.com\/wp-content\/uploads\/2023\/07\/cropped-apuntesdesanluis.png","width":450,"height":112,"caption":"apuntesdesanluis.com"},"logo":{"@id":"https:\/\/apuntesdesanluis.com\/#\/schema\/person\/image\/"},"sameAs":["https:\/\/apuntesdesanluis.com"],"url":"https:\/\/apuntesdesanluis.com\/index.php\/author\/apuntesdesanluis-com\/"}]}},"featured_image_urls":{"full":["https:\/\/apuntesdesanluis.com\/wp-content\/uploads\/2024\/11\/yanina.png",733,476,false],"thumbnail":["https:\/\/apuntesdesanluis.com\/wp-content\/uploads\/2024\/11\/yanina-150x150.png",150,150,true],"medium":["https:\/\/apuntesdesanluis.com\/wp-content\/uploads\/2024\/11\/yanina-300x195.png",300,195,true],"medium_large":["https:\/\/apuntesdesanluis.com\/wp-content\/uploads\/2024\/11\/yanina.png",640,416,false],"large":["https:\/\/apuntesdesanluis.com\/wp-content\/uploads\/2024\/11\/yanina.png",640,416,false],"1536x1536":["https:\/\/apuntesdesanluis.com\/wp-content\/uploads\/2024\/11\/yanina.png",733,476,false],"2048x2048":["https:\/\/apuntesdesanluis.com\/wp-content\/uploads\/2024\/11\/yanina.png",733,476,false],"newsever-slider-full":["https:\/\/apuntesdesanluis.com\/wp-content\/uploads\/2024\/11\/yanina.png",733,476,false],"newsever-featured":["https:\/\/apuntesdesanluis.com\/wp-content\/uploads\/2024\/11\/yanina.png",733,476,false],"newsever-medium":["https:\/\/apuntesdesanluis.com\/wp-content\/uploads\/2024\/11\/yanina-720x475.png",720,475,true]},"author_info":{"display_name":"apuntesdesanluis.com","author_link":"https:\/\/apuntesdesanluis.com\/index.php\/author\/apuntesdesanluis-com\/"},"category_info":"<a href=\"https:\/\/apuntesdesanluis.com\/index.php\/category\/nacionales-internacionales\/\" rel=\"category tag\">Nacionales\/Internacionales<\/a>","tag_info":"Nacionales\/Internacionales","comment_count":"0","_links":{"self":[{"href":"https:\/\/apuntesdesanluis.com\/index.php\/wp-json\/wp\/v2\/posts\/25022","targetHints":{"allow":["GET"]}}],"collection":[{"href":"https:\/\/apuntesdesanluis.com\/index.php\/wp-json\/wp\/v2\/posts"}],"about":[{"href":"https:\/\/apuntesdesanluis.com\/index.php\/wp-json\/wp\/v2\/types\/post"}],"author":[{"embeddable":true,"href":"https:\/\/apuntesdesanluis.com\/index.php\/wp-json\/wp\/v2\/users\/1"}],"replies":[{"embeddable":true,"href":"https:\/\/apuntesdesanluis.com\/index.php\/wp-json\/wp\/v2\/comments?post=25022"}],"version-history":[{"count":1,"href":"https:\/\/apuntesdesanluis.com\/index.php\/wp-json\/wp\/v2\/posts\/25022\/revisions"}],"predecessor-version":[{"id":25026,"href":"https:\/\/apuntesdesanluis.com\/index.php\/wp-json\/wp\/v2\/posts\/25022\/revisions\/25026"}],"wp:featuredmedia":[{"embeddable":true,"href":"https:\/\/apuntesdesanluis.com\/index.php\/wp-json\/wp\/v2\/media\/25023"}],"wp:attachment":[{"href":"https:\/\/apuntesdesanluis.com\/index.php\/wp-json\/wp\/v2\/media?parent=25022"}],"wp:term":[{"taxonomy":"category","embeddable":true,"href":"https:\/\/apuntesdesanluis.com\/index.php\/wp-json\/wp\/v2\/categories?post=25022"},{"taxonomy":"post_tag","embeddable":true,"href":"https:\/\/apuntesdesanluis.com\/index.php\/wp-json\/wp\/v2\/tags?post=25022"}],"curies":[{"name":"wp","href":"https:\/\/api.w.org\/{rel}","templated":true}]}}