{"id":25042,"date":"2024-11-10T20:36:05","date_gmt":"2024-11-10T23:36:05","guid":{"rendered":"https:\/\/apuntesdesanluis.com\/?p=25042"},"modified":"2024-11-10T20:36:05","modified_gmt":"2024-11-10T23:36:05","slug":"impulsan-declarar-la-carolina-primer-pueblo-turistico-accesible-del-pais","status":"publish","type":"post","link":"https:\/\/apuntesdesanluis.com\/index.php\/2024\/11\/10\/impulsan-declarar-la-carolina-primer-pueblo-turistico-accesible-del-pais\/","title":{"rendered":"IMPULSAN DECLARAR LA CAROLINA PRIMER PUEBLO TUR\u00cdSTICO ACCESIBLE DEL PA\u00cdS"},"content":{"rendered":"<h3>Una comitiva formada por el ministro de Turismo y Cultura, <strong>Juan Manuel Rigau<\/strong>; la secretaria de Vinculaci\u00f3n Interjurisdiccional, <strong>Gabriela Riollo<\/strong>; el secretario de Personas con Discapacidad, <strong>Luis Giraudo<\/strong> y el director de Promoci\u00f3n Tur\u00edstica <strong>Cultural Ignacio Morris<\/strong>, mantuvo un encuentro en la Ciudad Aut\u00f3noma de Buenos Aires con el secretario de Turismo, Ambiente y Deportes de la Naci\u00f3n, <strong>Daniel Scioli<\/strong>.<\/h3>\n<h3>Los funcionarios provinciales interiorizaron a Scioli sobre el trabajo articulado que se realiza en San Luis, en materia de turismo, cultura y discapacidad. El eje central de la charla fue el proyecto que el municipio de La Carolina y el Gobierno de la Provincia est\u00e1n desarrollando para lograr que adem\u00e1s de \u2018Uno de los pueblos tur\u00edsticos m\u00e1s bonitos del Mundo\u2019, la localidad serrana sea el primer pueblo accesible del pa\u00eds.<\/h3>\n<h3>La Carolina es un antiguo pueblo minero fundado en 1792 por el marqu\u00e9s Rafael de Sobremonte, cuando pertenec\u00eda al Virreinato del R\u00edo de La Plata. El lugar a\u00fan preserva y conserva sus construcciones en piedra, pircas, minas abandonadas y su casco antiguo.<\/h3>\n<h3><img fetchpriority=\"high\" decoding=\"async\" class=\"wp-image-5430 aligncenter\" src=\"https:\/\/apuntesdesanluis.com\/wp-content\/uploads\/2023\/10\/la-carolina-aerea-300x179.png\" alt=\"\" width=\"650\" height=\"388\" srcset=\"https:\/\/apuntesdesanluis.com\/wp-content\/uploads\/2023\/10\/la-carolina-aerea-300x179.png 300w, https:\/\/apuntesdesanluis.com\/wp-content\/uploads\/2023\/10\/la-carolina-aerea.png 692w\" sizes=\"(max-width: 650px) 100vw, 650px\" \/><\/h3>\n<h3>Desde hace mucho tiempo el Municipio implementa un trabajo de preservaci\u00f3n y cuidado de su patrimonio, lo que lo llev\u00f3 a ser uno de los 18 Pueblos Aut\u00e9nticos de Argentina y declarado por la ONU Turismo como \u2018Best Tourism Villages 2023\u2019.<\/h3>\n<h3>Estos reconocimientos han llevado a un incremento considerable de turistas, por lo que para mantener su paz y tranquilidad caracter\u00edstica de un pueblo de solo 300 habitantes y 1.300 metros de largo, La Carolina se transform\u00f3 en Pueblo Peatonal los fines de semana, fines de semana largos y en temporadas altas.<\/h3>\n<p><img decoding=\"async\" class=\"wp-image-25045 aligncenter\" src=\"https:\/\/apuntesdesanluis.com\/wp-content\/uploads\/2024\/11\/la-carolina-300x174.png\" alt=\"\" width=\"660\" height=\"383\" srcset=\"https:\/\/apuntesdesanluis.com\/wp-content\/uploads\/2024\/11\/la-carolina-300x174.png 300w, https:\/\/apuntesdesanluis.com\/wp-content\/uploads\/2024\/11\/la-carolina.png 645w\" sizes=\"(max-width: 660px) 100vw, 660px\" \/><\/p>\n<h3>Esta medida no s\u00f3lo evita que la capacidad de carga sea superada, sino que se preserva su patrimonio hist\u00f3rico y cultural, evitando la contaminaci\u00f3n sonora, visual y ambiental. La permanencia del visitante se increment\u00f3, gener\u00f3 nuevos puestos de trabajo y el disfrute del visitante es mayor.<\/h3>\n<h3>La nueva iniciativa necesita incluir a todos los visitantes que llegan a La Carolina, por el momento las personas con discapacidad ingresan en veh\u00edculo. El proyecto, adem\u00e1s de rampas, barandas y otras adaptaciones, contempla una peatonal accesible de 13 cuadras. De esta manera La Carolina ser\u00eda el primer pueblo accesible del pa\u00eds y el segundo pueblo peatonal de Argentina.<\/h3>\n<p><img decoding=\"async\" class=\"wp-image-25044 aligncenter\" src=\"https:\/\/apuntesdesanluis.com\/wp-content\/uploads\/2024\/11\/LUIS-GIRAUDO-300x194.jpg\" alt=\"\" width=\"598\" height=\"387\" srcset=\"https:\/\/apuntesdesanluis.com\/wp-content\/uploads\/2024\/11\/LUIS-GIRAUDO-300x194.jpg 300w, https:\/\/apuntesdesanluis.com\/wp-content\/uploads\/2024\/11\/LUIS-GIRAUDO-768x497.jpg 768w, https:\/\/apuntesdesanluis.com\/wp-content\/uploads\/2024\/11\/LUIS-GIRAUDO.jpg 800w\" sizes=\"(max-width: 598px) 100vw, 598px\" \/><\/p>\n<h3>Con respecto a la reuni\u00f3n con Scioli, Rigau afirm\u00f3: \u201cPor un lado, hablamos de La Carolina para poder generar que sea, adem\u00e1s de uno de los pueblos m\u00e1s lindos del mundo, inclusivo en su totalidad, y para eso se tiene que tratar a trav\u00e9s de la secretar\u00eda de Turismo de Naci\u00f3n, junto con el ANDIS, que es la direcci\u00f3n de la Agencia de Discapacidad, tambi\u00e9n hablamos sobre los parques nacionales, a fin de mejorar el Parque Nacional Sierra de las Quijadas en cuanto a accesibilidad y un sinf\u00edn de posibilidades para el desarrollo tur\u00edstico\u201d.<\/h3>\n<p>&nbsp;<\/p>\n<p>&nbsp;<\/p>\n<p>&nbsp;<\/p>\n<p>&nbsp;<\/p>\n<p>&nbsp;<\/p>\n","protected":false},"excerpt":{"rendered":"<p>Una comitiva formada por el ministro de Turismo y Cultura, Juan Manuel Rigau; la secretaria&#8230;<\/p>\n","protected":false},"author":1,"featured_media":25043,"comment_status":"closed","ping_status":"closed","sticky":false,"template":"","format":"standard","meta":{"footnotes":""},"categories":[6],"tags":[],"class_list":["post-25042","post","type-post","status-publish","format-standard","has-post-thumbnail","hentry","category-ciudad-provincia"],"yoast_head":"<!-- This site is optimized with the Yoast SEO plugin v26.1.1 - https:\/\/yoast.com\/wordpress\/plugins\/seo\/ -->\n<title>IMPULSAN DECLARAR LA CAROLINA PRIMER PUEBLO TUR\u00cdSTICO ACCESIBLE DEL PA\u00cdS - Apuntes de San Luis<\/title>\n<meta name=\"robots\" content=\"index, follow, max-snippet:-1, max-image-preview:large, max-video-preview:-1\" \/>\n<link rel=\"canonical\" href=\"https:\/\/apuntesdesanluis.com\/index.php\/2024\/11\/10\/impulsan-declarar-la-carolina-primer-pueblo-turistico-accesible-del-pais\/\" \/>\n<meta property=\"og:locale\" content=\"es_ES\" \/>\n<meta property=\"og:type\" content=\"article\" \/>\n<meta property=\"og:title\" content=\"IMPULSAN DECLARAR LA CAROLINA PRIMER PUEBLO TUR\u00cdSTICO ACCESIBLE DEL PA\u00cdS - Apuntes de San Luis\" \/>\n<meta property=\"og:description\" content=\"Una comitiva formada por el ministro de Turismo y Cultura, Juan Manuel Rigau; la secretaria...\" \/>\n<meta property=\"og:url\" content=\"https:\/\/apuntesdesanluis.com\/index.php\/2024\/11\/10\/impulsan-declarar-la-carolina-primer-pueblo-turistico-accesible-del-pais\/\" \/>\n<meta property=\"og:site_name\" content=\"Apuntes de San Luis\" \/>\n<meta property=\"article:published_time\" content=\"2024-11-10T23:36:05+00:00\" \/>\n<meta property=\"og:image\" content=\"https:\/\/apuntesdesanluis.com\/wp-content\/uploads\/2024\/11\/reunion-con-scioli.png\" \/>\n\t<meta property=\"og:image:width\" content=\"658\" \/>\n\t<meta property=\"og:image:height\" content=\"355\" \/>\n\t<meta property=\"og:image:type\" content=\"image\/png\" \/>\n<meta name=\"author\" content=\"apuntesdesanluis.com\" \/>\n<meta name=\"twitter:card\" content=\"summary_large_image\" \/>\n<meta name=\"twitter:label1\" content=\"Escrito por\" \/>\n\t<meta name=\"twitter:data1\" content=\"apuntesdesanluis.com\" \/>\n\t<meta name=\"twitter:label2\" content=\"Tiempo de lectura\" \/>\n\t<meta name=\"twitter:data2\" content=\"3 minutos\" \/>\n<script type=\"application\/ld+json\" class=\"yoast-schema-graph\">{\"@context\":\"https:\/\/schema.org\",\"@graph\":[{\"@type\":\"Article\",\"@id\":\"https:\/\/apuntesdesanluis.com\/index.php\/2024\/11\/10\/impulsan-declarar-la-carolina-primer-pueblo-turistico-accesible-del-pais\/#article\",\"isPartOf\":{\"@id\":\"https:\/\/apuntesdesanluis.com\/index.php\/2024\/11\/10\/impulsan-declarar-la-carolina-primer-pueblo-turistico-accesible-del-pais\/\"},\"author\":{\"name\":\"apuntesdesanluis.com\",\"@id\":\"https:\/\/apuntesdesanluis.com\/#\/schema\/person\/b55151d52296fcce64d1a72538a70b90\"},\"headline\":\"IMPULSAN DECLARAR LA CAROLINA PRIMER PUEBLO TUR\u00cdSTICO ACCESIBLE DEL PA\u00cdS\",\"datePublished\":\"2024-11-10T23:36:05+00:00\",\"mainEntityOfPage\":{\"@id\":\"https:\/\/apuntesdesanluis.com\/index.php\/2024\/11\/10\/impulsan-declarar-la-carolina-primer-pueblo-turistico-accesible-del-pais\/\"},\"wordCount\":508,\"publisher\":{\"@id\":\"https:\/\/apuntesdesanluis.com\/#\/schema\/person\/b55151d52296fcce64d1a72538a70b90\"},\"image\":{\"@id\":\"https:\/\/apuntesdesanluis.com\/index.php\/2024\/11\/10\/impulsan-declarar-la-carolina-primer-pueblo-turistico-accesible-del-pais\/#primaryimage\"},\"thumbnailUrl\":\"https:\/\/apuntesdesanluis.com\/wp-content\/uploads\/2024\/11\/reunion-con-scioli.png\",\"articleSection\":[\"Ciudad\/Provincia\"],\"inLanguage\":\"es-AR\"},{\"@type\":\"WebPage\",\"@id\":\"https:\/\/apuntesdesanluis.com\/index.php\/2024\/11\/10\/impulsan-declarar-la-carolina-primer-pueblo-turistico-accesible-del-pais\/\",\"url\":\"https:\/\/apuntesdesanluis.com\/index.php\/2024\/11\/10\/impulsan-declarar-la-carolina-primer-pueblo-turistico-accesible-del-pais\/\",\"name\":\"IMPULSAN DECLARAR LA CAROLINA PRIMER PUEBLO TUR\u00cdSTICO ACCESIBLE DEL PA\u00cdS - Apuntes de San Luis\",\"isPartOf\":{\"@id\":\"https:\/\/apuntesdesanluis.com\/#website\"},\"primaryImageOfPage\":{\"@id\":\"https:\/\/apuntesdesanluis.com\/index.php\/2024\/11\/10\/impulsan-declarar-la-carolina-primer-pueblo-turistico-accesible-del-pais\/#primaryimage\"},\"image\":{\"@id\":\"https:\/\/apuntesdesanluis.com\/index.php\/2024\/11\/10\/impulsan-declarar-la-carolina-primer-pueblo-turistico-accesible-del-pais\/#primaryimage\"},\"thumbnailUrl\":\"https:\/\/apuntesdesanluis.com\/wp-content\/uploads\/2024\/11\/reunion-con-scioli.png\",\"datePublished\":\"2024-11-10T23:36:05+00:00\",\"breadcrumb\":{\"@id\":\"https:\/\/apuntesdesanluis.com\/index.php\/2024\/11\/10\/impulsan-declarar-la-carolina-primer-pueblo-turistico-accesible-del-pais\/#breadcrumb\"},\"inLanguage\":\"es-AR\",\"potentialAction\":[{\"@type\":\"ReadAction\",\"target\":[\"https:\/\/apuntesdesanluis.com\/index.php\/2024\/11\/10\/impulsan-declarar-la-carolina-primer-pueblo-turistico-accesible-del-pais\/\"]}]},{\"@type\":\"ImageObject\",\"inLanguage\":\"es-AR\",\"@id\":\"https:\/\/apuntesdesanluis.com\/index.php\/2024\/11\/10\/impulsan-declarar-la-carolina-primer-pueblo-turistico-accesible-del-pais\/#primaryimage\",\"url\":\"https:\/\/apuntesdesanluis.com\/wp-content\/uploads\/2024\/11\/reunion-con-scioli.png\",\"contentUrl\":\"https:\/\/apuntesdesanluis.com\/wp-content\/uploads\/2024\/11\/reunion-con-scioli.png\",\"width\":658,\"height\":355},{\"@type\":\"BreadcrumbList\",\"@id\":\"https:\/\/apuntesdesanluis.com\/index.php\/2024\/11\/10\/impulsan-declarar-la-carolina-primer-pueblo-turistico-accesible-del-pais\/#breadcrumb\",\"itemListElement\":[{\"@type\":\"ListItem\",\"position\":1,\"name\":\"Inicio\",\"item\":\"https:\/\/apuntesdesanluis.com\/\"},{\"@type\":\"ListItem\",\"position\":2,\"name\":\"IMPULSAN DECLARAR LA CAROLINA PRIMER PUEBLO TUR\u00cdSTICO ACCESIBLE DEL PA\u00cdS\"}]},{\"@type\":\"WebSite\",\"@id\":\"https:\/\/apuntesdesanluis.com\/#website\",\"url\":\"https:\/\/apuntesdesanluis.com\/\",\"name\":\"Apuntes de San Luis\",\"description\":\"\",\"publisher\":{\"@id\":\"https:\/\/apuntesdesanluis.com\/#\/schema\/person\/b55151d52296fcce64d1a72538a70b90\"},\"potentialAction\":[{\"@type\":\"SearchAction\",\"target\":{\"@type\":\"EntryPoint\",\"urlTemplate\":\"https:\/\/apuntesdesanluis.com\/?s={search_term_string}\"},\"query-input\":{\"@type\":\"PropertyValueSpecification\",\"valueRequired\":true,\"valueName\":\"search_term_string\"}}],\"inLanguage\":\"es-AR\"},{\"@type\":[\"Person\",\"Organization\"],\"@id\":\"https:\/\/apuntesdesanluis.com\/#\/schema\/person\/b55151d52296fcce64d1a72538a70b90\",\"name\":\"apuntesdesanluis.com\",\"image\":{\"@type\":\"ImageObject\",\"inLanguage\":\"es-AR\",\"@id\":\"https:\/\/apuntesdesanluis.com\/#\/schema\/person\/image\/\",\"url\":\"https:\/\/apuntesdesanluis.com\/wp-content\/uploads\/2023\/07\/cropped-apuntesdesanluis.png\",\"contentUrl\":\"https:\/\/apuntesdesanluis.com\/wp-content\/uploads\/2023\/07\/cropped-apuntesdesanluis.png\",\"width\":450,\"height\":112,\"caption\":\"apuntesdesanluis.com\"},\"logo\":{\"@id\":\"https:\/\/apuntesdesanluis.com\/#\/schema\/person\/image\/\"},\"sameAs\":[\"https:\/\/apuntesdesanluis.com\"],\"url\":\"https:\/\/apuntesdesanluis.com\/index.php\/author\/apuntesdesanluis-com\/\"}]}<\/script>\n<!-- \/ Yoast SEO plugin. -->","yoast_head_json":{"title":"IMPULSAN DECLARAR LA CAROLINA PRIMER PUEBLO TUR\u00cdSTICO ACCESIBLE DEL PA\u00cdS - Apuntes de San Luis","robots":{"index":"index","follow":"follow","max-snippet":"max-snippet:-1","max-image-preview":"max-image-preview:large","max-video-preview":"max-video-preview:-1"},"canonical":"https:\/\/apuntesdesanluis.com\/index.php\/2024\/11\/10\/impulsan-declarar-la-carolina-primer-pueblo-turistico-accesible-del-pais\/","og_locale":"es_ES","og_type":"article","og_title":"IMPULSAN DECLARAR LA CAROLINA PRIMER PUEBLO TUR\u00cdSTICO ACCESIBLE DEL PA\u00cdS - Apuntes de San Luis","og_description":"Una comitiva formada por el ministro de Turismo y Cultura, Juan Manuel Rigau; la secretaria...","og_url":"https:\/\/apuntesdesanluis.com\/index.php\/2024\/11\/10\/impulsan-declarar-la-carolina-primer-pueblo-turistico-accesible-del-pais\/","og_site_name":"Apuntes de San Luis","article_published_time":"2024-11-10T23:36:05+00:00","og_image":[{"width":658,"height":355,"url":"https:\/\/apuntesdesanluis.com\/wp-content\/uploads\/2024\/11\/reunion-con-scioli.png","type":"image\/png"}],"author":"apuntesdesanluis.com","twitter_card":"summary_large_image","twitter_misc":{"Escrito por":"apuntesdesanluis.com","Tiempo de lectura":"3 minutos"},"schema":{"@context":"https:\/\/schema.org","@graph":[{"@type":"Article","@id":"https:\/\/apuntesdesanluis.com\/index.php\/2024\/11\/10\/impulsan-declarar-la-carolina-primer-pueblo-turistico-accesible-del-pais\/#article","isPartOf":{"@id":"https:\/\/apuntesdesanluis.com\/index.php\/2024\/11\/10\/impulsan-declarar-la-carolina-primer-pueblo-turistico-accesible-del-pais\/"},"author":{"name":"apuntesdesanluis.com","@id":"https:\/\/apuntesdesanluis.com\/#\/schema\/person\/b55151d52296fcce64d1a72538a70b90"},"headline":"IMPULSAN DECLARAR LA CAROLINA PRIMER PUEBLO TUR\u00cdSTICO ACCESIBLE DEL PA\u00cdS","datePublished":"2024-11-10T23:36:05+00:00","mainEntityOfPage":{"@id":"https:\/\/apuntesdesanluis.com\/index.php\/2024\/11\/10\/impulsan-declarar-la-carolina-primer-pueblo-turistico-accesible-del-pais\/"},"wordCount":508,"publisher":{"@id":"https:\/\/apuntesdesanluis.com\/#\/schema\/person\/b55151d52296fcce64d1a72538a70b90"},"image":{"@id":"https:\/\/apuntesdesanluis.com\/index.php\/2024\/11\/10\/impulsan-declarar-la-carolina-primer-pueblo-turistico-accesible-del-pais\/#primaryimage"},"thumbnailUrl":"https:\/\/apuntesdesanluis.com\/wp-content\/uploads\/2024\/11\/reunion-con-scioli.png","articleSection":["Ciudad\/Provincia"],"inLanguage":"es-AR"},{"@type":"WebPage","@id":"https:\/\/apuntesdesanluis.com\/index.php\/2024\/11\/10\/impulsan-declarar-la-carolina-primer-pueblo-turistico-accesible-del-pais\/","url":"https:\/\/apuntesdesanluis.com\/index.php\/2024\/11\/10\/impulsan-declarar-la-carolina-primer-pueblo-turistico-accesible-del-pais\/","name":"IMPULSAN DECLARAR LA CAROLINA PRIMER PUEBLO TUR\u00cdSTICO ACCESIBLE DEL PA\u00cdS - Apuntes de San Luis","isPartOf":{"@id":"https:\/\/apuntesdesanluis.com\/#website"},"primaryImageOfPage":{"@id":"https:\/\/apuntesdesanluis.com\/index.php\/2024\/11\/10\/impulsan-declarar-la-carolina-primer-pueblo-turistico-accesible-del-pais\/#primaryimage"},"image":{"@id":"https:\/\/apuntesdesanluis.com\/index.php\/2024\/11\/10\/impulsan-declarar-la-carolina-primer-pueblo-turistico-accesible-del-pais\/#primaryimage"},"thumbnailUrl":"https:\/\/apuntesdesanluis.com\/wp-content\/uploads\/2024\/11\/reunion-con-scioli.png","datePublished":"2024-11-10T23:36:05+00:00","breadcrumb":{"@id":"https:\/\/apuntesdesanluis.com\/index.php\/2024\/11\/10\/impulsan-declarar-la-carolina-primer-pueblo-turistico-accesible-del-pais\/#breadcrumb"},"inLanguage":"es-AR","potentialAction":[{"@type":"ReadAction","target":["https:\/\/apuntesdesanluis.com\/index.php\/2024\/11\/10\/impulsan-declarar-la-carolina-primer-pueblo-turistico-accesible-del-pais\/"]}]},{"@type":"ImageObject","inLanguage":"es-AR","@id":"https:\/\/apuntesdesanluis.com\/index.php\/2024\/11\/10\/impulsan-declarar-la-carolina-primer-pueblo-turistico-accesible-del-pais\/#primaryimage","url":"https:\/\/apuntesdesanluis.com\/wp-content\/uploads\/2024\/11\/reunion-con-scioli.png","contentUrl":"https:\/\/apuntesdesanluis.com\/wp-content\/uploads\/2024\/11\/reunion-con-scioli.png","width":658,"height":355},{"@type":"BreadcrumbList","@id":"https:\/\/apuntesdesanluis.com\/index.php\/2024\/11\/10\/impulsan-declarar-la-carolina-primer-pueblo-turistico-accesible-del-pais\/#breadcrumb","itemListElement":[{"@type":"ListItem","position":1,"name":"Inicio","item":"https:\/\/apuntesdesanluis.com\/"},{"@type":"ListItem","position":2,"name":"IMPULSAN DECLARAR LA CAROLINA PRIMER PUEBLO TUR\u00cdSTICO ACCESIBLE DEL PA\u00cdS"}]},{"@type":"WebSite","@id":"https:\/\/apuntesdesanluis.com\/#website","url":"https:\/\/apuntesdesanluis.com\/","name":"Apuntes de San Luis","description":"","publisher":{"@id":"https:\/\/apuntesdesanluis.com\/#\/schema\/person\/b55151d52296fcce64d1a72538a70b90"},"potentialAction":[{"@type":"SearchAction","target":{"@type":"EntryPoint","urlTemplate":"https:\/\/apuntesdesanluis.com\/?s={search_term_string}"},"query-input":{"@type":"PropertyValueSpecification","valueRequired":true,"valueName":"search_term_string"}}],"inLanguage":"es-AR"},{"@type":["Person","Organization"],"@id":"https:\/\/apuntesdesanluis.com\/#\/schema\/person\/b55151d52296fcce64d1a72538a70b90","name":"apuntesdesanluis.com","image":{"@type":"ImageObject","inLanguage":"es-AR","@id":"https:\/\/apuntesdesanluis.com\/#\/schema\/person\/image\/","url":"https:\/\/apuntesdesanluis.com\/wp-content\/uploads\/2023\/07\/cropped-apuntesdesanluis.png","contentUrl":"https:\/\/apuntesdesanluis.com\/wp-content\/uploads\/2023\/07\/cropped-apuntesdesanluis.png","width":450,"height":112,"caption":"apuntesdesanluis.com"},"logo":{"@id":"https:\/\/apuntesdesanluis.com\/#\/schema\/person\/image\/"},"sameAs":["https:\/\/apuntesdesanluis.com"],"url":"https:\/\/apuntesdesanluis.com\/index.php\/author\/apuntesdesanluis-com\/"}]}},"featured_image_urls":{"full":["https:\/\/apuntesdesanluis.com\/wp-content\/uploads\/2024\/11\/reunion-con-scioli.png",658,355,false],"thumbnail":["https:\/\/apuntesdesanluis.com\/wp-content\/uploads\/2024\/11\/reunion-con-scioli-150x150.png",150,150,true],"medium":["https:\/\/apuntesdesanluis.com\/wp-content\/uploads\/2024\/11\/reunion-con-scioli-300x162.png",300,162,true],"medium_large":["https:\/\/apuntesdesanluis.com\/wp-content\/uploads\/2024\/11\/reunion-con-scioli.png",640,345,false],"large":["https:\/\/apuntesdesanluis.com\/wp-content\/uploads\/2024\/11\/reunion-con-scioli.png",640,345,false],"1536x1536":["https:\/\/apuntesdesanluis.com\/wp-content\/uploads\/2024\/11\/reunion-con-scioli.png",658,355,false],"2048x2048":["https:\/\/apuntesdesanluis.com\/wp-content\/uploads\/2024\/11\/reunion-con-scioli.png",658,355,false],"newsever-slider-full":["https:\/\/apuntesdesanluis.com\/wp-content\/uploads\/2024\/11\/reunion-con-scioli.png",658,355,false],"newsever-featured":["https:\/\/apuntesdesanluis.com\/wp-content\/uploads\/2024\/11\/reunion-con-scioli.png",658,355,false],"newsever-medium":["https:\/\/apuntesdesanluis.com\/wp-content\/uploads\/2024\/11\/reunion-con-scioli.png",658,355,false]},"author_info":{"display_name":"apuntesdesanluis.com","author_link":"https:\/\/apuntesdesanluis.com\/index.php\/author\/apuntesdesanluis-com\/"},"category_info":"<a href=\"https:\/\/apuntesdesanluis.com\/index.php\/category\/ciudad-provincia\/\" rel=\"category tag\">Ciudad\/Provincia<\/a>","tag_info":"Ciudad\/Provincia","comment_count":"0","_links":{"self":[{"href":"https:\/\/apuntesdesanluis.com\/index.php\/wp-json\/wp\/v2\/posts\/25042","targetHints":{"allow":["GET"]}}],"collection":[{"href":"https:\/\/apuntesdesanluis.com\/index.php\/wp-json\/wp\/v2\/posts"}],"about":[{"href":"https:\/\/apuntesdesanluis.com\/index.php\/wp-json\/wp\/v2\/types\/post"}],"author":[{"embeddable":true,"href":"https:\/\/apuntesdesanluis.com\/index.php\/wp-json\/wp\/v2\/users\/1"}],"replies":[{"embeddable":true,"href":"https:\/\/apuntesdesanluis.com\/index.php\/wp-json\/wp\/v2\/comments?post=25042"}],"version-history":[{"count":1,"href":"https:\/\/apuntesdesanluis.com\/index.php\/wp-json\/wp\/v2\/posts\/25042\/revisions"}],"predecessor-version":[{"id":25046,"href":"https:\/\/apuntesdesanluis.com\/index.php\/wp-json\/wp\/v2\/posts\/25042\/revisions\/25046"}],"wp:featuredmedia":[{"embeddable":true,"href":"https:\/\/apuntesdesanluis.com\/index.php\/wp-json\/wp\/v2\/media\/25043"}],"wp:attachment":[{"href":"https:\/\/apuntesdesanluis.com\/index.php\/wp-json\/wp\/v2\/media?parent=25042"}],"wp:term":[{"taxonomy":"category","embeddable":true,"href":"https:\/\/apuntesdesanluis.com\/index.php\/wp-json\/wp\/v2\/categories?post=25042"},{"taxonomy":"post_tag","embeddable":true,"href":"https:\/\/apuntesdesanluis.com\/index.php\/wp-json\/wp\/v2\/tags?post=25042"}],"curies":[{"name":"wp","href":"https:\/\/api.w.org\/{rel}","templated":true}]}}