{"id":25069,"date":"2024-11-10T22:19:47","date_gmt":"2024-11-11T01:19:47","guid":{"rendered":"https:\/\/apuntesdesanluis.com\/?p=25069"},"modified":"2024-11-10T22:19:47","modified_gmt":"2024-11-11T01:19:47","slug":"la-indigencia-crecio-131-en-un-ano-y-afecta-a-6-millones-de-argentinos","status":"publish","type":"post","link":"https:\/\/apuntesdesanluis.com\/index.php\/2024\/11\/10\/la-indigencia-crecio-131-en-un-ano-y-afecta-a-6-millones-de-argentinos\/","title":{"rendered":"LA INDIGENCIA CRECI\u00d3 131% EN UN A\u00d1O Y AFECTA A 6 MILLONES DE ARGENTINOS"},"content":{"rendered":"<h3>Seg\u00fan un estudio de la <strong>Universidad de Buenos Aires<\/strong>, elaborado en base a datos oficiales, se sumaron interanualmente 3,4 millones de personas con sus necesidades cal\u00f3ricas insatisfechas en el primer trimestre, con lo que superan los seis millones. La indigencia creci\u00f3 muy por encima de la pobreza. Ser\u00e1 fundamental cu\u00e1nto dure esta realidad y el nuevo piso que se establezca a partir de ahora.<\/h3>\n<h3>La indigencia creci\u00f3 en una proporci\u00f3n muy superior a la pobreza en el \u00faltimo a\u00f1o, explica un estudio del Centro para la Recuperaci\u00f3n Argentina de la Facultad de Ciencias Econ\u00f3micas de la UBA, que eval\u00faa los datos semestrales y trimestrales de la Encuesta Permanente de Hogares (EPH) del Indec. De acuerdo a los investigadores, si se comparan los indicadores del primer trimestre de 2023 con los del primer trimestre de 2024, la cantidad de personas que no cubren sus necesidades b\u00e1sicas creci\u00f3 un 43,3%, y un 131% en el caso de quienes no pueden solventar sus cuatro comidas diarias.<\/h3>\n<h3>Esto significa, prosigue el documento, que \u201ccasi un 11,5% de la poblaci\u00f3n argentina pas\u00f3 a la indigencia\u201d en este periodo.<\/h3>\n<h3>M\u00e1s all\u00e1 del n\u00famero, la pregunta es cu\u00e1l ser\u00e1 el efecto de esta realidad en el mediano y largo plazo. \u201cLo primero que hay que se\u00f1alar es que, si se mantienen estos niveles de indigencia por m\u00e1s tiempo, la pobreza estructural s\u00ed se va a incrementar\u201d, explicaron desde este Centro a PERFIL. \u201cSi la econom\u00eda crece y baja la indigencia no habr\u00eda impacto directo en la pobreza estructural (que en Argentina tiene un n\u00facleo del 30%), sino m\u00e1s bien en el porcentaje de pobreza que var\u00eda de acuerdo a las condiciones econ\u00f3micas de cada momento\u201d, agregaron. Sin embargo, este crecimiento de la indigencia \u201cpodr\u00eda tener un impacto de largo plazo en el segmento ni\u00f1os y j\u00f3venes, porque salir de la indigencia los deposita en la pobreza en el mediano plazo y eso restringe sustantivamente sus oportunidades\u201d.<\/h3>\n<h3>Del primer trimestre de 2023 al primer trimestre de este a\u00f1o 3.410.300 personas pasaron engrosar un sector de la poblaci\u00f3n que no cuenta con el dinero necesario para comer todos los d\u00edas. En total, ya son 6.012.772.<\/h3>\n<h3>Si esto se consolida, es mucho m\u00e1s probable que se forme un nuevo piso de pobreza estructural. \u201cLa pobreza estructural es gente que vive en condiciones bajo las que las fluctuaciones econ\u00f3micas nos les afectan, porque una mejora en los ingresos no las saca de donde est\u00e1n\u201d, concluyeron desde la UBA.<\/h3>\n<h3>El Observatorio de la Deuda Social de la UCA define a las personas en pobreza estructural como aquellas \u201cque presentan un nivel alto de intensidad en relaci\u00f3n a la privaci\u00f3n en derechos sociales, y que tambi\u00e9n son pobres por ingresos\u201d.<\/h3>\n<h3>El investigador de esa instituci\u00f3n, Juan Ignacio Bonfiglio, detall\u00f3 a este medio que, \u201csi entendemos pobreza estructural por una situaci\u00f3n en la cual una persona se encuentra privada en m\u00faltiples dimensiones, y de carencia de la cual le es muy dif\u00edcil salir, podemos pensar en una retroalimentaci\u00f3n, donde la privaci\u00f3n est\u00e1 asociada a los ingresos muy bajos que no permiten ni siquiera acceder a alimentos, y que impacta en las posibilidades de invertir en educaci\u00f3n, de poder asegurar m\u00ednimas condiciones sanitarias o habitacionales. Esos son efectos que van retroaliment\u00e1ndose entre s\u00ed y que hacen m\u00e1s dif\u00edcil salir de la pobreza\u201d.<\/h3>\n<h3>Sin embargo, tambi\u00e9n aclar\u00f3, \u201cmuchas veces los incrementos fuertes de la pobreza, de la indigencia, como la que vivimos, son situaciones fuertemente coyunturales\u201d. Durante las crisis pueden suceder picos altos de indigencia \u201cpero esa situaci\u00f3n tiende a revertirse en un plazo no tan largo, o no demasiado largo\u201d. El problema, agreg\u00f3, radica en \u201ccu\u00e1nto de eso se revierte y cu\u00e1nto se genera como un nuevo piso\u201d.<\/h3>\n<h3>Para cerrar, explic\u00f3 que, si bien \u201cno podr\u00edamos afirmar que eso est\u00e1 pasando, tenemos motivos para pensar que eso podr\u00eda llegar a suceder, y que las condiciones que se generan desde hace tiempo contribuyen a eso. Eso es una hip\u00f3tesis a probar, una afirmaci\u00f3n muy fuerte, pero que tiene cierto sustento\u201d.<\/h3>\n<h3>El \u00faltimo informe semestral sobre pobreza e indigencia del Indec arroj\u00f3 que el 52,9% de las personas est\u00e1 bajo la l\u00ednea de pobreza, y que dentro de este conjunto hay un 18,1% de personas bajo la l\u00ednea de indigencia. Si se comparan estos datos con los del mismo periodo de 2023, la pobreza aument\u00f3 12,8 puntos porcentuales, mientras la indigencia lo hizo en 8,8 puntos.<\/h3>\n<h3>\u201cLa indigencia habla de la imposibilidad del acceso a consumos m\u00ednimos de alimentos. La l\u00ednea de indigencia es una l\u00ednea que implica poder comer para levantarme ma\u00f1ana, nada m\u00e1s que eso\u201d, agreg\u00f3 a PERFIL el economista Hern\u00e1n Letcher, del Centro de Econom\u00eda Pol\u00edtica Argentina (Cepa).<\/h3>\n<h3>Si se mantienen los niveles de pobreza e indigencia, agreg\u00f3, \u201ces m\u00e1s dif\u00edcil sacar a esa persona de esa situaci\u00f3n. No basta con que la actividad econ\u00f3mica crezca. Si yo ma\u00f1ana consigo empleo, salgo de la pobreza\u201d. Pero, \u201csi estoy dentro de la pobreza estructural durante mucho tiempo, probablemente no pueda ni siquiera salir a buscar empleo. Esa es un poco la l\u00f3gica\u201d, sintetiz\u00f3.<\/h3>\n<p>&nbsp;<\/p>\n<p>&nbsp;<\/p>\n<p>&nbsp;<\/p>\n<p>&nbsp;<\/p>\n<p>&nbsp;<\/p>\n<p>&nbsp;<\/p>\n","protected":false},"excerpt":{"rendered":"<p>Seg\u00fan un estudio de la Universidad de Buenos Aires, elaborado en base a datos oficiales,&#8230;<\/p>\n","protected":false},"author":1,"featured_media":25070,"comment_status":"closed","ping_status":"closed","sticky":false,"template":"","format":"standard","meta":{"footnotes":""},"categories":[5],"tags":[],"class_list":["post-25069","post","type-post","status-publish","format-standard","has-post-thumbnail","hentry","category-nacionales-internacionales"],"yoast_head":"<!-- This site is optimized with the Yoast SEO plugin v26.1.1 - https:\/\/yoast.com\/wordpress\/plugins\/seo\/ -->\n<title>LA INDIGENCIA CRECI\u00d3 131% EN UN A\u00d1O Y AFECTA A 6 MILLONES DE ARGENTINOS - Apuntes de San Luis<\/title>\n<meta name=\"robots\" content=\"index, follow, max-snippet:-1, max-image-preview:large, max-video-preview:-1\" \/>\n<link rel=\"canonical\" href=\"https:\/\/apuntesdesanluis.com\/index.php\/2024\/11\/10\/la-indigencia-crecio-131-en-un-ano-y-afecta-a-6-millones-de-argentinos\/\" \/>\n<meta property=\"og:locale\" content=\"es_ES\" \/>\n<meta property=\"og:type\" content=\"article\" \/>\n<meta property=\"og:title\" content=\"LA INDIGENCIA CRECI\u00d3 131% EN UN A\u00d1O Y AFECTA A 6 MILLONES DE ARGENTINOS - Apuntes de San Luis\" \/>\n<meta property=\"og:description\" content=\"Seg\u00fan un estudio de la Universidad de Buenos Aires, elaborado en base a datos oficiales,...\" \/>\n<meta property=\"og:url\" content=\"https:\/\/apuntesdesanluis.com\/index.php\/2024\/11\/10\/la-indigencia-crecio-131-en-un-ano-y-afecta-a-6-millones-de-argentinos\/\" \/>\n<meta property=\"og:site_name\" content=\"Apuntes de San Luis\" \/>\n<meta property=\"article:published_time\" content=\"2024-11-11T01:19:47+00:00\" \/>\n<meta property=\"og:image\" content=\"https:\/\/apuntesdesanluis.com\/wp-content\/uploads\/2024\/11\/INDIGENCIA.png\" \/>\n\t<meta property=\"og:image:width\" content=\"818\" \/>\n\t<meta property=\"og:image:height\" content=\"470\" \/>\n\t<meta property=\"og:image:type\" content=\"image\/png\" \/>\n<meta name=\"author\" content=\"apuntesdesanluis.com\" \/>\n<meta name=\"twitter:card\" content=\"summary_large_image\" \/>\n<meta name=\"twitter:label1\" content=\"Escrito por\" \/>\n\t<meta name=\"twitter:data1\" content=\"apuntesdesanluis.com\" \/>\n\t<meta name=\"twitter:label2\" content=\"Tiempo de lectura\" \/>\n\t<meta name=\"twitter:data2\" content=\"5 minutos\" \/>\n<script type=\"application\/ld+json\" class=\"yoast-schema-graph\">{\"@context\":\"https:\/\/schema.org\",\"@graph\":[{\"@type\":\"Article\",\"@id\":\"https:\/\/apuntesdesanluis.com\/index.php\/2024\/11\/10\/la-indigencia-crecio-131-en-un-ano-y-afecta-a-6-millones-de-argentinos\/#article\",\"isPartOf\":{\"@id\":\"https:\/\/apuntesdesanluis.com\/index.php\/2024\/11\/10\/la-indigencia-crecio-131-en-un-ano-y-afecta-a-6-millones-de-argentinos\/\"},\"author\":{\"name\":\"apuntesdesanluis.com\",\"@id\":\"https:\/\/apuntesdesanluis.com\/#\/schema\/person\/b55151d52296fcce64d1a72538a70b90\"},\"headline\":\"LA INDIGENCIA CRECI\u00d3 131% EN UN A\u00d1O Y AFECTA A 6 MILLONES DE ARGENTINOS\",\"datePublished\":\"2024-11-11T01:19:47+00:00\",\"mainEntityOfPage\":{\"@id\":\"https:\/\/apuntesdesanluis.com\/index.php\/2024\/11\/10\/la-indigencia-crecio-131-en-un-ano-y-afecta-a-6-millones-de-argentinos\/\"},\"wordCount\":910,\"publisher\":{\"@id\":\"https:\/\/apuntesdesanluis.com\/#\/schema\/person\/b55151d52296fcce64d1a72538a70b90\"},\"image\":{\"@id\":\"https:\/\/apuntesdesanluis.com\/index.php\/2024\/11\/10\/la-indigencia-crecio-131-en-un-ano-y-afecta-a-6-millones-de-argentinos\/#primaryimage\"},\"thumbnailUrl\":\"https:\/\/apuntesdesanluis.com\/wp-content\/uploads\/2024\/11\/INDIGENCIA.png\",\"articleSection\":[\"Nacionales\/Internacionales\"],\"inLanguage\":\"es-AR\"},{\"@type\":\"WebPage\",\"@id\":\"https:\/\/apuntesdesanluis.com\/index.php\/2024\/11\/10\/la-indigencia-crecio-131-en-un-ano-y-afecta-a-6-millones-de-argentinos\/\",\"url\":\"https:\/\/apuntesdesanluis.com\/index.php\/2024\/11\/10\/la-indigencia-crecio-131-en-un-ano-y-afecta-a-6-millones-de-argentinos\/\",\"name\":\"LA INDIGENCIA CRECI\u00d3 131% EN UN A\u00d1O Y AFECTA A 6 MILLONES DE ARGENTINOS - Apuntes de San Luis\",\"isPartOf\":{\"@id\":\"https:\/\/apuntesdesanluis.com\/#website\"},\"primaryImageOfPage\":{\"@id\":\"https:\/\/apuntesdesanluis.com\/index.php\/2024\/11\/10\/la-indigencia-crecio-131-en-un-ano-y-afecta-a-6-millones-de-argentinos\/#primaryimage\"},\"image\":{\"@id\":\"https:\/\/apuntesdesanluis.com\/index.php\/2024\/11\/10\/la-indigencia-crecio-131-en-un-ano-y-afecta-a-6-millones-de-argentinos\/#primaryimage\"},\"thumbnailUrl\":\"https:\/\/apuntesdesanluis.com\/wp-content\/uploads\/2024\/11\/INDIGENCIA.png\",\"datePublished\":\"2024-11-11T01:19:47+00:00\",\"breadcrumb\":{\"@id\":\"https:\/\/apuntesdesanluis.com\/index.php\/2024\/11\/10\/la-indigencia-crecio-131-en-un-ano-y-afecta-a-6-millones-de-argentinos\/#breadcrumb\"},\"inLanguage\":\"es-AR\",\"potentialAction\":[{\"@type\":\"ReadAction\",\"target\":[\"https:\/\/apuntesdesanluis.com\/index.php\/2024\/11\/10\/la-indigencia-crecio-131-en-un-ano-y-afecta-a-6-millones-de-argentinos\/\"]}]},{\"@type\":\"ImageObject\",\"inLanguage\":\"es-AR\",\"@id\":\"https:\/\/apuntesdesanluis.com\/index.php\/2024\/11\/10\/la-indigencia-crecio-131-en-un-ano-y-afecta-a-6-millones-de-argentinos\/#primaryimage\",\"url\":\"https:\/\/apuntesdesanluis.com\/wp-content\/uploads\/2024\/11\/INDIGENCIA.png\",\"contentUrl\":\"https:\/\/apuntesdesanluis.com\/wp-content\/uploads\/2024\/11\/INDIGENCIA.png\",\"width\":818,\"height\":470},{\"@type\":\"BreadcrumbList\",\"@id\":\"https:\/\/apuntesdesanluis.com\/index.php\/2024\/11\/10\/la-indigencia-crecio-131-en-un-ano-y-afecta-a-6-millones-de-argentinos\/#breadcrumb\",\"itemListElement\":[{\"@type\":\"ListItem\",\"position\":1,\"name\":\"Inicio\",\"item\":\"https:\/\/apuntesdesanluis.com\/\"},{\"@type\":\"ListItem\",\"position\":2,\"name\":\"LA INDIGENCIA CRECI\u00d3 131% EN UN A\u00d1O Y AFECTA A 6 MILLONES DE ARGENTINOS\"}]},{\"@type\":\"WebSite\",\"@id\":\"https:\/\/apuntesdesanluis.com\/#website\",\"url\":\"https:\/\/apuntesdesanluis.com\/\",\"name\":\"Apuntes de San Luis\",\"description\":\"\",\"publisher\":{\"@id\":\"https:\/\/apuntesdesanluis.com\/#\/schema\/person\/b55151d52296fcce64d1a72538a70b90\"},\"potentialAction\":[{\"@type\":\"SearchAction\",\"target\":{\"@type\":\"EntryPoint\",\"urlTemplate\":\"https:\/\/apuntesdesanluis.com\/?s={search_term_string}\"},\"query-input\":{\"@type\":\"PropertyValueSpecification\",\"valueRequired\":true,\"valueName\":\"search_term_string\"}}],\"inLanguage\":\"es-AR\"},{\"@type\":[\"Person\",\"Organization\"],\"@id\":\"https:\/\/apuntesdesanluis.com\/#\/schema\/person\/b55151d52296fcce64d1a72538a70b90\",\"name\":\"apuntesdesanluis.com\",\"image\":{\"@type\":\"ImageObject\",\"inLanguage\":\"es-AR\",\"@id\":\"https:\/\/apuntesdesanluis.com\/#\/schema\/person\/image\/\",\"url\":\"https:\/\/apuntesdesanluis.com\/wp-content\/uploads\/2023\/07\/cropped-apuntesdesanluis.png\",\"contentUrl\":\"https:\/\/apuntesdesanluis.com\/wp-content\/uploads\/2023\/07\/cropped-apuntesdesanluis.png\",\"width\":450,\"height\":112,\"caption\":\"apuntesdesanluis.com\"},\"logo\":{\"@id\":\"https:\/\/apuntesdesanluis.com\/#\/schema\/person\/image\/\"},\"sameAs\":[\"https:\/\/apuntesdesanluis.com\"],\"url\":\"https:\/\/apuntesdesanluis.com\/index.php\/author\/apuntesdesanluis-com\/\"}]}<\/script>\n<!-- \/ Yoast SEO plugin. -->","yoast_head_json":{"title":"LA INDIGENCIA CRECI\u00d3 131% EN UN A\u00d1O Y AFECTA A 6 MILLONES DE ARGENTINOS - Apuntes de San Luis","robots":{"index":"index","follow":"follow","max-snippet":"max-snippet:-1","max-image-preview":"max-image-preview:large","max-video-preview":"max-video-preview:-1"},"canonical":"https:\/\/apuntesdesanluis.com\/index.php\/2024\/11\/10\/la-indigencia-crecio-131-en-un-ano-y-afecta-a-6-millones-de-argentinos\/","og_locale":"es_ES","og_type":"article","og_title":"LA INDIGENCIA CRECI\u00d3 131% EN UN A\u00d1O Y AFECTA A 6 MILLONES DE ARGENTINOS - Apuntes de San Luis","og_description":"Seg\u00fan un estudio de la Universidad de Buenos Aires, elaborado en base a datos oficiales,...","og_url":"https:\/\/apuntesdesanluis.com\/index.php\/2024\/11\/10\/la-indigencia-crecio-131-en-un-ano-y-afecta-a-6-millones-de-argentinos\/","og_site_name":"Apuntes de San Luis","article_published_time":"2024-11-11T01:19:47+00:00","og_image":[{"width":818,"height":470,"url":"https:\/\/apuntesdesanluis.com\/wp-content\/uploads\/2024\/11\/INDIGENCIA.png","type":"image\/png"}],"author":"apuntesdesanluis.com","twitter_card":"summary_large_image","twitter_misc":{"Escrito por":"apuntesdesanluis.com","Tiempo de lectura":"5 minutos"},"schema":{"@context":"https:\/\/schema.org","@graph":[{"@type":"Article","@id":"https:\/\/apuntesdesanluis.com\/index.php\/2024\/11\/10\/la-indigencia-crecio-131-en-un-ano-y-afecta-a-6-millones-de-argentinos\/#article","isPartOf":{"@id":"https:\/\/apuntesdesanluis.com\/index.php\/2024\/11\/10\/la-indigencia-crecio-131-en-un-ano-y-afecta-a-6-millones-de-argentinos\/"},"author":{"name":"apuntesdesanluis.com","@id":"https:\/\/apuntesdesanluis.com\/#\/schema\/person\/b55151d52296fcce64d1a72538a70b90"},"headline":"LA INDIGENCIA CRECI\u00d3 131% EN UN A\u00d1O Y AFECTA A 6 MILLONES DE ARGENTINOS","datePublished":"2024-11-11T01:19:47+00:00","mainEntityOfPage":{"@id":"https:\/\/apuntesdesanluis.com\/index.php\/2024\/11\/10\/la-indigencia-crecio-131-en-un-ano-y-afecta-a-6-millones-de-argentinos\/"},"wordCount":910,"publisher":{"@id":"https:\/\/apuntesdesanluis.com\/#\/schema\/person\/b55151d52296fcce64d1a72538a70b90"},"image":{"@id":"https:\/\/apuntesdesanluis.com\/index.php\/2024\/11\/10\/la-indigencia-crecio-131-en-un-ano-y-afecta-a-6-millones-de-argentinos\/#primaryimage"},"thumbnailUrl":"https:\/\/apuntesdesanluis.com\/wp-content\/uploads\/2024\/11\/INDIGENCIA.png","articleSection":["Nacionales\/Internacionales"],"inLanguage":"es-AR"},{"@type":"WebPage","@id":"https:\/\/apuntesdesanluis.com\/index.php\/2024\/11\/10\/la-indigencia-crecio-131-en-un-ano-y-afecta-a-6-millones-de-argentinos\/","url":"https:\/\/apuntesdesanluis.com\/index.php\/2024\/11\/10\/la-indigencia-crecio-131-en-un-ano-y-afecta-a-6-millones-de-argentinos\/","name":"LA INDIGENCIA CRECI\u00d3 131% EN UN A\u00d1O Y AFECTA A 6 MILLONES DE ARGENTINOS - Apuntes de San Luis","isPartOf":{"@id":"https:\/\/apuntesdesanluis.com\/#website"},"primaryImageOfPage":{"@id":"https:\/\/apuntesdesanluis.com\/index.php\/2024\/11\/10\/la-indigencia-crecio-131-en-un-ano-y-afecta-a-6-millones-de-argentinos\/#primaryimage"},"image":{"@id":"https:\/\/apuntesdesanluis.com\/index.php\/2024\/11\/10\/la-indigencia-crecio-131-en-un-ano-y-afecta-a-6-millones-de-argentinos\/#primaryimage"},"thumbnailUrl":"https:\/\/apuntesdesanluis.com\/wp-content\/uploads\/2024\/11\/INDIGENCIA.png","datePublished":"2024-11-11T01:19:47+00:00","breadcrumb":{"@id":"https:\/\/apuntesdesanluis.com\/index.php\/2024\/11\/10\/la-indigencia-crecio-131-en-un-ano-y-afecta-a-6-millones-de-argentinos\/#breadcrumb"},"inLanguage":"es-AR","potentialAction":[{"@type":"ReadAction","target":["https:\/\/apuntesdesanluis.com\/index.php\/2024\/11\/10\/la-indigencia-crecio-131-en-un-ano-y-afecta-a-6-millones-de-argentinos\/"]}]},{"@type":"ImageObject","inLanguage":"es-AR","@id":"https:\/\/apuntesdesanluis.com\/index.php\/2024\/11\/10\/la-indigencia-crecio-131-en-un-ano-y-afecta-a-6-millones-de-argentinos\/#primaryimage","url":"https:\/\/apuntesdesanluis.com\/wp-content\/uploads\/2024\/11\/INDIGENCIA.png","contentUrl":"https:\/\/apuntesdesanluis.com\/wp-content\/uploads\/2024\/11\/INDIGENCIA.png","width":818,"height":470},{"@type":"BreadcrumbList","@id":"https:\/\/apuntesdesanluis.com\/index.php\/2024\/11\/10\/la-indigencia-crecio-131-en-un-ano-y-afecta-a-6-millones-de-argentinos\/#breadcrumb","itemListElement":[{"@type":"ListItem","position":1,"name":"Inicio","item":"https:\/\/apuntesdesanluis.com\/"},{"@type":"ListItem","position":2,"name":"LA INDIGENCIA CRECI\u00d3 131% EN UN A\u00d1O Y AFECTA A 6 MILLONES DE ARGENTINOS"}]},{"@type":"WebSite","@id":"https:\/\/apuntesdesanluis.com\/#website","url":"https:\/\/apuntesdesanluis.com\/","name":"Apuntes de San Luis","description":"","publisher":{"@id":"https:\/\/apuntesdesanluis.com\/#\/schema\/person\/b55151d52296fcce64d1a72538a70b90"},"potentialAction":[{"@type":"SearchAction","target":{"@type":"EntryPoint","urlTemplate":"https:\/\/apuntesdesanluis.com\/?s={search_term_string}"},"query-input":{"@type":"PropertyValueSpecification","valueRequired":true,"valueName":"search_term_string"}}],"inLanguage":"es-AR"},{"@type":["Person","Organization"],"@id":"https:\/\/apuntesdesanluis.com\/#\/schema\/person\/b55151d52296fcce64d1a72538a70b90","name":"apuntesdesanluis.com","image":{"@type":"ImageObject","inLanguage":"es-AR","@id":"https:\/\/apuntesdesanluis.com\/#\/schema\/person\/image\/","url":"https:\/\/apuntesdesanluis.com\/wp-content\/uploads\/2023\/07\/cropped-apuntesdesanluis.png","contentUrl":"https:\/\/apuntesdesanluis.com\/wp-content\/uploads\/2023\/07\/cropped-apuntesdesanluis.png","width":450,"height":112,"caption":"apuntesdesanluis.com"},"logo":{"@id":"https:\/\/apuntesdesanluis.com\/#\/schema\/person\/image\/"},"sameAs":["https:\/\/apuntesdesanluis.com"],"url":"https:\/\/apuntesdesanluis.com\/index.php\/author\/apuntesdesanluis-com\/"}]}},"featured_image_urls":{"full":["https:\/\/apuntesdesanluis.com\/wp-content\/uploads\/2024\/11\/INDIGENCIA.png",818,470,false],"thumbnail":["https:\/\/apuntesdesanluis.com\/wp-content\/uploads\/2024\/11\/INDIGENCIA-150x150.png",150,150,true],"medium":["https:\/\/apuntesdesanluis.com\/wp-content\/uploads\/2024\/11\/INDIGENCIA-300x172.png",300,172,true],"medium_large":["https:\/\/apuntesdesanluis.com\/wp-content\/uploads\/2024\/11\/INDIGENCIA-768x441.png",640,368,true],"large":["https:\/\/apuntesdesanluis.com\/wp-content\/uploads\/2024\/11\/INDIGENCIA.png",640,368,false],"1536x1536":["https:\/\/apuntesdesanluis.com\/wp-content\/uploads\/2024\/11\/INDIGENCIA.png",818,470,false],"2048x2048":["https:\/\/apuntesdesanluis.com\/wp-content\/uploads\/2024\/11\/INDIGENCIA.png",818,470,false],"newsever-slider-full":["https:\/\/apuntesdesanluis.com\/wp-content\/uploads\/2024\/11\/INDIGENCIA.png",818,470,false],"newsever-featured":["https:\/\/apuntesdesanluis.com\/wp-content\/uploads\/2024\/11\/INDIGENCIA.png",818,470,false],"newsever-medium":["https:\/\/apuntesdesanluis.com\/wp-content\/uploads\/2024\/11\/INDIGENCIA-720x470.png",720,470,true]},"author_info":{"display_name":"apuntesdesanluis.com","author_link":"https:\/\/apuntesdesanluis.com\/index.php\/author\/apuntesdesanluis-com\/"},"category_info":"<a href=\"https:\/\/apuntesdesanluis.com\/index.php\/category\/nacionales-internacionales\/\" rel=\"category tag\">Nacionales\/Internacionales<\/a>","tag_info":"Nacionales\/Internacionales","comment_count":"0","_links":{"self":[{"href":"https:\/\/apuntesdesanluis.com\/index.php\/wp-json\/wp\/v2\/posts\/25069","targetHints":{"allow":["GET"]}}],"collection":[{"href":"https:\/\/apuntesdesanluis.com\/index.php\/wp-json\/wp\/v2\/posts"}],"about":[{"href":"https:\/\/apuntesdesanluis.com\/index.php\/wp-json\/wp\/v2\/types\/post"}],"author":[{"embeddable":true,"href":"https:\/\/apuntesdesanluis.com\/index.php\/wp-json\/wp\/v2\/users\/1"}],"replies":[{"embeddable":true,"href":"https:\/\/apuntesdesanluis.com\/index.php\/wp-json\/wp\/v2\/comments?post=25069"}],"version-history":[{"count":1,"href":"https:\/\/apuntesdesanluis.com\/index.php\/wp-json\/wp\/v2\/posts\/25069\/revisions"}],"predecessor-version":[{"id":25071,"href":"https:\/\/apuntesdesanluis.com\/index.php\/wp-json\/wp\/v2\/posts\/25069\/revisions\/25071"}],"wp:featuredmedia":[{"embeddable":true,"href":"https:\/\/apuntesdesanluis.com\/index.php\/wp-json\/wp\/v2\/media\/25070"}],"wp:attachment":[{"href":"https:\/\/apuntesdesanluis.com\/index.php\/wp-json\/wp\/v2\/media?parent=25069"}],"wp:term":[{"taxonomy":"category","embeddable":true,"href":"https:\/\/apuntesdesanluis.com\/index.php\/wp-json\/wp\/v2\/categories?post=25069"},{"taxonomy":"post_tag","embeddable":true,"href":"https:\/\/apuntesdesanluis.com\/index.php\/wp-json\/wp\/v2\/tags?post=25069"}],"curies":[{"name":"wp","href":"https:\/\/api.w.org\/{rel}","templated":true}]}}