{"id":2507,"date":"2023-09-03T19:18:15","date_gmt":"2023-09-03T22:18:15","guid":{"rendered":"https:\/\/apuntesdesanluis.com\/?p=2507"},"modified":"2023-09-04T00:04:25","modified_gmt":"2023-09-04T03:04:25","slug":"llega-a-juicio-oral-la-demanda-penal-de-anabela-lucero-a-un-ciudadano-que-opino-en-facebook","status":"publish","type":"post","link":"https:\/\/apuntesdesanluis.com\/index.php\/2023\/09\/03\/llega-a-juicio-oral-la-demanda-penal-de-anabela-lucero-a-un-ciudadano-que-opino-en-facebook\/","title":{"rendered":"LLEGA A JUICIO ORAL LA DEMANDA PENAL DE ANABELA LUCERO A UN CIUDADANO QUE OPIN\u00d3 EN FACEBOOK"},"content":{"rendered":"<h3>La actual diputada provincial y candidata a Parlamentaria del Mercosur <strong>Anabela Lucero<\/strong>, inici\u00f3 una querella por el delito de \u201cinjurias\u201d debido a que \u201cse sinti\u00f3 ofendida en su honor\u201d, ante el comentario que <strong>Javier Bosco<\/strong>, un ciudadano com\u00fan sin participaci\u00f3n pol\u00edtica, hab\u00eda posteado en Facebook en mayo pasado.<\/h3>\n<h3>Ocurri\u00f3 durante la campa\u00f1a a Intendente de la diputada provincial, quien se sinti\u00f3 \u201cherida en su honor\u201d, tras advertir el comentario que Bosco efectu\u00f3 en la red de Mark Zuckerberg (due\u00f1o de Facebook), sobre una de las tantas propagandas proselitistas que\u00a0desplegaba\u00a0la por entonces candidata.<\/h3>\n<h3>La opini\u00f3n fue la siguiente: <em>\u201cA m\u00ed me sobran esperanzas para creer que vas a pasar por alguno de &#8220;los Boscos&#8221; a pagar los 4 meses que quedaste debiendo a mi abuelo por el alquiler del departamento (m\u00e1s gastos de reparaci\u00f3n del mismo). Si no pod\u00e9s hacer eso\u2026 No vengas a prometer nada\u201d<\/em>.<\/h3>\n<h3><img fetchpriority=\"high\" decoding=\"async\" class=\"wp-image-2508 aligncenter\" src=\"https:\/\/apuntesdesanluis.com\/wp-content\/uploads\/2023\/09\/posteo-de-bosco-300x76.png\" alt=\"\" width=\"794\" height=\"201\" srcset=\"https:\/\/apuntesdesanluis.com\/wp-content\/uploads\/2023\/09\/posteo-de-bosco-300x76.png 300w, https:\/\/apuntesdesanluis.com\/wp-content\/uploads\/2023\/09\/posteo-de-bosco-1024x261.png 1024w, https:\/\/apuntesdesanluis.com\/wp-content\/uploads\/2023\/09\/posteo-de-bosco.png 1147w\" sizes=\"(max-width: 794px) 100vw, 794px\" \/><\/h3>\n<h3>Es decir, el ciudadano <strong>opinaba<\/strong> que si no pod\u00eda arreglar una deuda hist\u00f3rica, \u201cy moral dir\u00edan los abogados\u201d, de alquileres con su familia (concretamente con su fallecido abuelo), no le pod\u00eda creer nada respecto de sus propuestas como candidata a Intendente.<\/h3>\n<h3>Ante ello la diputada y candidata a Intendente le envi\u00f3 una carta documento solicitando la \u201cretractaci\u00f3n\u201d de Javier Bosco.<\/h3>\n<p><img decoding=\"async\" class=\"wp-image-2509 aligncenter\" src=\"https:\/\/apuntesdesanluis.com\/wp-content\/uploads\/2023\/09\/telegrama-300x132.png\" alt=\"\" width=\"798\" height=\"351\" srcset=\"https:\/\/apuntesdesanluis.com\/wp-content\/uploads\/2023\/09\/telegrama-300x132.png 300w, https:\/\/apuntesdesanluis.com\/wp-content\/uploads\/2023\/09\/telegrama-768x337.png 768w, https:\/\/apuntesdesanluis.com\/wp-content\/uploads\/2023\/09\/telegrama.png 855w\" sizes=\"(max-width: 798px) 100vw, 798px\" \/><\/p>\n<h3><strong>Apuntes de San Luis<\/strong> pudo conocer que \u00e9ste no solo no se retract\u00f3, sino que adem\u00e1s redobl\u00f3 la apuesta:<\/h3>\n<h3><em>\u201cMe reh\u00faso rotundamente a retractarme de mis dichos, me reh\u00faso a\u2026 aceptar que tenemos que callarnos la boca y no luchar por lo nuestro, por lo que nos corresponde, a que me digan \u2018no te metas con los poderosos\u2019 por miedo. No puedo retractarme por contar una verdad. No puedo mentir para \u2018que no me pase nada\u2019 o para \u2018evitar el lio con esta gente\u2026\u201d; \u201cQuiero que mi hija crezca sabiendo que jam\u00e1s nadie, pero nadie (ni poderoso, ni adinerado) tiene el derecho de llevarla por delante, quiero que aprenda que en la verdad no hay tonos medios, que los valores y las actitudes cuentan como oro\u2026 que el respeto y la palabra en acuerdo tiene valor. Que entienda que est\u00e1 mal amenazar, que est\u00e1 mal adelantarse a una fila y sacar ventaja, que est\u00e1 mal robar y que est\u00e1 mal, por ejemplo, aprovecharse de una persona mayor que te alquila una casa sin tantos requisitos, sin tantas firmas, porque la palabra, dec\u00eda mi difunto abuelo, tiene valor\u201d, le respondi\u00f3 a su intimaci\u00f3n.<\/em><\/h3>\n<h3>La defensa de Bosco entiende que no hay ning\u00fan delito al opinar de esa manera sobre una candidata y actual funcionaria. Sino que esas opiniones quedar\u00edan exentas de condena, toda vez que la Corte Suprema de Justicia de la Naci\u00f3n tiene dicho que<em>: \u201c\u2026los funcionarios p\u00fablicos est\u00e1n m\u00e1s expuestos al escrutinio y la cr\u00edtica del p\u00fablico\u201d. Este \u201cdiferente umbral de protecci\u00f3n se explica porque se han expuesto voluntariamente a un escrutinio m\u00e1s exigente\u201d. <\/em><\/h3>\n<h3>Incluso el concepto de \u201cinter\u00e9s p\u00fablico\u201d abarca en relaci\u00f3n a los funcionarios p\u00fablicos<em> \u201c\u2026no solamente en cuanto hayan actuado dentro de sus funciones, sino tambi\u00e9n cuando las imputaciones se refieran a su vida privada, en la medida en que de ellas pueda trascender el inter\u00e9s p\u00fablico.\u201d <\/em><\/h3>\n<h3>Una de las \u00faltimas reformas al C\u00f3digo Penal dice expresamente que: <strong><em>\u201cEn ning\u00fan caso configurar\u00e1n delito de injurias las expresiones referidas a asuntos de inter\u00e9s p\u00fablico\u2026\u201d <\/em><\/strong><em>(Art. 110 del C\u00f3digo Penal Argentino)<strong>,<\/strong><\/em> y por si quedaran dudas lo vuelve a repetir en el p\u00e1rrafo final: \u201c<strong><em>Tampoco<\/em><\/strong> <em>configurar\u00e1n delito de injurias<\/em> <strong><em>los calificativos lesivos del honor cuando guardasen relaci\u00f3n con un asunto de inter\u00e9s p\u00fablico\u201d<\/em><\/strong>.<\/h3>\n<h3>Al parecer la defensa de la actual Diputada de la Provincia de San Luis Anabela Lucero no se ha enterado de eso, o al menos no lo cree.<\/h3>\n<h3>Tampoco lo cree la Jueza Mirta Ucelay, quien resolvi\u00f3 elevar la causa a juicio oral y p\u00fablico. Los defensores apelaron tal decisi\u00f3n y el pr\u00f3ximo mi\u00e9rcoles a las 10:00 h ser\u00e1 la primera audiencia, oral y p\u00fablica, donde el Tribunal de Impugnaciones, a cargo de las Dras. Mar\u00eda Monserrath Bocco y Cintia Paola Mart\u00edn, deber\u00e1n dilucidar la cuesti\u00f3n.<\/h3>\n<h3>Todo por una opini\u00f3n en Facebook\u2026<\/h3>\n<p>&nbsp;<\/p>\n<p>&nbsp;<\/p>\n","protected":false},"excerpt":{"rendered":"<p>La actual diputada provincial y candidata a Parlamentaria del Mercosur Anabela Lucero, inici\u00f3 una querella&#8230;<\/p>\n","protected":false},"author":1,"featured_media":2510,"comment_status":"closed","ping_status":"closed","sticky":false,"template":"","format":"standard","meta":{"footnotes":""},"categories":[6],"tags":[],"class_list":["post-2507","post","type-post","status-publish","format-standard","has-post-thumbnail","hentry","category-ciudad-provincia"],"yoast_head":"<!-- This site is optimized with the Yoast SEO plugin v26.1.1 - https:\/\/yoast.com\/wordpress\/plugins\/seo\/ -->\n<title>LLEGA A JUICIO ORAL LA DEMANDA PENAL DE ANABELA LUCERO A UN CIUDADANO QUE OPIN\u00d3 EN FACEBOOK - Apuntes de San Luis<\/title>\n<meta name=\"robots\" content=\"index, follow, max-snippet:-1, max-image-preview:large, max-video-preview:-1\" \/>\n<link rel=\"canonical\" href=\"https:\/\/apuntesdesanluis.com\/index.php\/2023\/09\/03\/llega-a-juicio-oral-la-demanda-penal-de-anabela-lucero-a-un-ciudadano-que-opino-en-facebook\/\" \/>\n<meta property=\"og:locale\" content=\"es_ES\" \/>\n<meta property=\"og:type\" content=\"article\" \/>\n<meta property=\"og:title\" content=\"LLEGA A JUICIO ORAL LA DEMANDA PENAL DE ANABELA LUCERO A UN CIUDADANO QUE OPIN\u00d3 EN FACEBOOK - Apuntes de San Luis\" \/>\n<meta property=\"og:description\" content=\"La actual diputada provincial y candidata a Parlamentaria del Mercosur Anabela Lucero, inici\u00f3 una querella...\" \/>\n<meta property=\"og:url\" content=\"https:\/\/apuntesdesanluis.com\/index.php\/2023\/09\/03\/llega-a-juicio-oral-la-demanda-penal-de-anabela-lucero-a-un-ciudadano-que-opino-en-facebook\/\" \/>\n<meta property=\"og:site_name\" content=\"Apuntes de San Luis\" \/>\n<meta property=\"article:published_time\" content=\"2023-09-03T22:18:15+00:00\" \/>\n<meta property=\"article:modified_time\" content=\"2023-09-04T03:04:25+00:00\" \/>\n<meta property=\"og:image\" content=\"https:\/\/apuntesdesanluis.com\/wp-content\/uploads\/2023\/09\/javier-bosco-y-lucero-copia.png\" \/>\n\t<meta property=\"og:image:width\" content=\"516\" \/>\n\t<meta property=\"og:image:height\" content=\"323\" \/>\n\t<meta property=\"og:image:type\" content=\"image\/png\" \/>\n<meta name=\"author\" content=\"apuntesdesanluis.com\" \/>\n<meta name=\"twitter:card\" content=\"summary_large_image\" \/>\n<meta name=\"twitter:label1\" content=\"Escrito por\" \/>\n\t<meta name=\"twitter:data1\" content=\"apuntesdesanluis.com\" \/>\n\t<meta name=\"twitter:label2\" content=\"Tiempo de lectura\" \/>\n\t<meta name=\"twitter:data2\" content=\"4 minutos\" \/>\n<script type=\"application\/ld+json\" class=\"yoast-schema-graph\">{\"@context\":\"https:\/\/schema.org\",\"@graph\":[{\"@type\":\"Article\",\"@id\":\"https:\/\/apuntesdesanluis.com\/index.php\/2023\/09\/03\/llega-a-juicio-oral-la-demanda-penal-de-anabela-lucero-a-un-ciudadano-que-opino-en-facebook\/#article\",\"isPartOf\":{\"@id\":\"https:\/\/apuntesdesanluis.com\/index.php\/2023\/09\/03\/llega-a-juicio-oral-la-demanda-penal-de-anabela-lucero-a-un-ciudadano-que-opino-en-facebook\/\"},\"author\":{\"name\":\"apuntesdesanluis.com\",\"@id\":\"https:\/\/apuntesdesanluis.com\/#\/schema\/person\/b55151d52296fcce64d1a72538a70b90\"},\"headline\":\"LLEGA A JUICIO ORAL LA DEMANDA PENAL DE ANABELA LUCERO A UN CIUDADANO QUE OPIN\u00d3 EN FACEBOOK\",\"datePublished\":\"2023-09-03T22:18:15+00:00\",\"dateModified\":\"2023-09-04T03:04:25+00:00\",\"mainEntityOfPage\":{\"@id\":\"https:\/\/apuntesdesanluis.com\/index.php\/2023\/09\/03\/llega-a-juicio-oral-la-demanda-penal-de-anabela-lucero-a-un-ciudadano-que-opino-en-facebook\/\"},\"wordCount\":749,\"publisher\":{\"@id\":\"https:\/\/apuntesdesanluis.com\/#\/schema\/person\/b55151d52296fcce64d1a72538a70b90\"},\"image\":{\"@id\":\"https:\/\/apuntesdesanluis.com\/index.php\/2023\/09\/03\/llega-a-juicio-oral-la-demanda-penal-de-anabela-lucero-a-un-ciudadano-que-opino-en-facebook\/#primaryimage\"},\"thumbnailUrl\":\"https:\/\/apuntesdesanluis.com\/wp-content\/uploads\/2023\/09\/javier-bosco-y-lucero-copia.png\",\"articleSection\":[\"Ciudad\/Provincia\"],\"inLanguage\":\"es-AR\"},{\"@type\":\"WebPage\",\"@id\":\"https:\/\/apuntesdesanluis.com\/index.php\/2023\/09\/03\/llega-a-juicio-oral-la-demanda-penal-de-anabela-lucero-a-un-ciudadano-que-opino-en-facebook\/\",\"url\":\"https:\/\/apuntesdesanluis.com\/index.php\/2023\/09\/03\/llega-a-juicio-oral-la-demanda-penal-de-anabela-lucero-a-un-ciudadano-que-opino-en-facebook\/\",\"name\":\"LLEGA A JUICIO ORAL LA DEMANDA PENAL DE ANABELA LUCERO A UN CIUDADANO QUE OPIN\u00d3 EN FACEBOOK - Apuntes de San Luis\",\"isPartOf\":{\"@id\":\"https:\/\/apuntesdesanluis.com\/#website\"},\"primaryImageOfPage\":{\"@id\":\"https:\/\/apuntesdesanluis.com\/index.php\/2023\/09\/03\/llega-a-juicio-oral-la-demanda-penal-de-anabela-lucero-a-un-ciudadano-que-opino-en-facebook\/#primaryimage\"},\"image\":{\"@id\":\"https:\/\/apuntesdesanluis.com\/index.php\/2023\/09\/03\/llega-a-juicio-oral-la-demanda-penal-de-anabela-lucero-a-un-ciudadano-que-opino-en-facebook\/#primaryimage\"},\"thumbnailUrl\":\"https:\/\/apuntesdesanluis.com\/wp-content\/uploads\/2023\/09\/javier-bosco-y-lucero-copia.png\",\"datePublished\":\"2023-09-03T22:18:15+00:00\",\"dateModified\":\"2023-09-04T03:04:25+00:00\",\"breadcrumb\":{\"@id\":\"https:\/\/apuntesdesanluis.com\/index.php\/2023\/09\/03\/llega-a-juicio-oral-la-demanda-penal-de-anabela-lucero-a-un-ciudadano-que-opino-en-facebook\/#breadcrumb\"},\"inLanguage\":\"es-AR\",\"potentialAction\":[{\"@type\":\"ReadAction\",\"target\":[\"https:\/\/apuntesdesanluis.com\/index.php\/2023\/09\/03\/llega-a-juicio-oral-la-demanda-penal-de-anabela-lucero-a-un-ciudadano-que-opino-en-facebook\/\"]}]},{\"@type\":\"ImageObject\",\"inLanguage\":\"es-AR\",\"@id\":\"https:\/\/apuntesdesanluis.com\/index.php\/2023\/09\/03\/llega-a-juicio-oral-la-demanda-penal-de-anabela-lucero-a-un-ciudadano-que-opino-en-facebook\/#primaryimage\",\"url\":\"https:\/\/apuntesdesanluis.com\/wp-content\/uploads\/2023\/09\/javier-bosco-y-lucero-copia.png\",\"contentUrl\":\"https:\/\/apuntesdesanluis.com\/wp-content\/uploads\/2023\/09\/javier-bosco-y-lucero-copia.png\",\"width\":516,\"height\":323},{\"@type\":\"BreadcrumbList\",\"@id\":\"https:\/\/apuntesdesanluis.com\/index.php\/2023\/09\/03\/llega-a-juicio-oral-la-demanda-penal-de-anabela-lucero-a-un-ciudadano-que-opino-en-facebook\/#breadcrumb\",\"itemListElement\":[{\"@type\":\"ListItem\",\"position\":1,\"name\":\"Inicio\",\"item\":\"https:\/\/apuntesdesanluis.com\/\"},{\"@type\":\"ListItem\",\"position\":2,\"name\":\"LLEGA A JUICIO ORAL LA DEMANDA PENAL DE ANABELA LUCERO A UN CIUDADANO QUE OPIN\u00d3 EN FACEBOOK\"}]},{\"@type\":\"WebSite\",\"@id\":\"https:\/\/apuntesdesanluis.com\/#website\",\"url\":\"https:\/\/apuntesdesanluis.com\/\",\"name\":\"Apuntes de San Luis\",\"description\":\"\",\"publisher\":{\"@id\":\"https:\/\/apuntesdesanluis.com\/#\/schema\/person\/b55151d52296fcce64d1a72538a70b90\"},\"potentialAction\":[{\"@type\":\"SearchAction\",\"target\":{\"@type\":\"EntryPoint\",\"urlTemplate\":\"https:\/\/apuntesdesanluis.com\/?s={search_term_string}\"},\"query-input\":{\"@type\":\"PropertyValueSpecification\",\"valueRequired\":true,\"valueName\":\"search_term_string\"}}],\"inLanguage\":\"es-AR\"},{\"@type\":[\"Person\",\"Organization\"],\"@id\":\"https:\/\/apuntesdesanluis.com\/#\/schema\/person\/b55151d52296fcce64d1a72538a70b90\",\"name\":\"apuntesdesanluis.com\",\"image\":{\"@type\":\"ImageObject\",\"inLanguage\":\"es-AR\",\"@id\":\"https:\/\/apuntesdesanluis.com\/#\/schema\/person\/image\/\",\"url\":\"https:\/\/apuntesdesanluis.com\/wp-content\/uploads\/2023\/07\/cropped-apuntesdesanluis.png\",\"contentUrl\":\"https:\/\/apuntesdesanluis.com\/wp-content\/uploads\/2023\/07\/cropped-apuntesdesanluis.png\",\"width\":450,\"height\":112,\"caption\":\"apuntesdesanluis.com\"},\"logo\":{\"@id\":\"https:\/\/apuntesdesanluis.com\/#\/schema\/person\/image\/\"},\"sameAs\":[\"https:\/\/apuntesdesanluis.com\"],\"url\":\"https:\/\/apuntesdesanluis.com\/index.php\/author\/apuntesdesanluis-com\/\"}]}<\/script>\n<!-- \/ Yoast SEO plugin. -->","yoast_head_json":{"title":"LLEGA A JUICIO ORAL LA DEMANDA PENAL DE ANABELA LUCERO A UN CIUDADANO QUE OPIN\u00d3 EN FACEBOOK - Apuntes de San Luis","robots":{"index":"index","follow":"follow","max-snippet":"max-snippet:-1","max-image-preview":"max-image-preview:large","max-video-preview":"max-video-preview:-1"},"canonical":"https:\/\/apuntesdesanluis.com\/index.php\/2023\/09\/03\/llega-a-juicio-oral-la-demanda-penal-de-anabela-lucero-a-un-ciudadano-que-opino-en-facebook\/","og_locale":"es_ES","og_type":"article","og_title":"LLEGA A JUICIO ORAL LA DEMANDA PENAL DE ANABELA LUCERO A UN CIUDADANO QUE OPIN\u00d3 EN FACEBOOK - Apuntes de San Luis","og_description":"La actual diputada provincial y candidata a Parlamentaria del Mercosur Anabela Lucero, inici\u00f3 una querella...","og_url":"https:\/\/apuntesdesanluis.com\/index.php\/2023\/09\/03\/llega-a-juicio-oral-la-demanda-penal-de-anabela-lucero-a-un-ciudadano-que-opino-en-facebook\/","og_site_name":"Apuntes de San Luis","article_published_time":"2023-09-03T22:18:15+00:00","article_modified_time":"2023-09-04T03:04:25+00:00","og_image":[{"width":516,"height":323,"url":"https:\/\/apuntesdesanluis.com\/wp-content\/uploads\/2023\/09\/javier-bosco-y-lucero-copia.png","type":"image\/png"}],"author":"apuntesdesanluis.com","twitter_card":"summary_large_image","twitter_misc":{"Escrito por":"apuntesdesanluis.com","Tiempo de lectura":"4 minutos"},"schema":{"@context":"https:\/\/schema.org","@graph":[{"@type":"Article","@id":"https:\/\/apuntesdesanluis.com\/index.php\/2023\/09\/03\/llega-a-juicio-oral-la-demanda-penal-de-anabela-lucero-a-un-ciudadano-que-opino-en-facebook\/#article","isPartOf":{"@id":"https:\/\/apuntesdesanluis.com\/index.php\/2023\/09\/03\/llega-a-juicio-oral-la-demanda-penal-de-anabela-lucero-a-un-ciudadano-que-opino-en-facebook\/"},"author":{"name":"apuntesdesanluis.com","@id":"https:\/\/apuntesdesanluis.com\/#\/schema\/person\/b55151d52296fcce64d1a72538a70b90"},"headline":"LLEGA A JUICIO ORAL LA DEMANDA PENAL DE ANABELA LUCERO A UN CIUDADANO QUE OPIN\u00d3 EN FACEBOOK","datePublished":"2023-09-03T22:18:15+00:00","dateModified":"2023-09-04T03:04:25+00:00","mainEntityOfPage":{"@id":"https:\/\/apuntesdesanluis.com\/index.php\/2023\/09\/03\/llega-a-juicio-oral-la-demanda-penal-de-anabela-lucero-a-un-ciudadano-que-opino-en-facebook\/"},"wordCount":749,"publisher":{"@id":"https:\/\/apuntesdesanluis.com\/#\/schema\/person\/b55151d52296fcce64d1a72538a70b90"},"image":{"@id":"https:\/\/apuntesdesanluis.com\/index.php\/2023\/09\/03\/llega-a-juicio-oral-la-demanda-penal-de-anabela-lucero-a-un-ciudadano-que-opino-en-facebook\/#primaryimage"},"thumbnailUrl":"https:\/\/apuntesdesanluis.com\/wp-content\/uploads\/2023\/09\/javier-bosco-y-lucero-copia.png","articleSection":["Ciudad\/Provincia"],"inLanguage":"es-AR"},{"@type":"WebPage","@id":"https:\/\/apuntesdesanluis.com\/index.php\/2023\/09\/03\/llega-a-juicio-oral-la-demanda-penal-de-anabela-lucero-a-un-ciudadano-que-opino-en-facebook\/","url":"https:\/\/apuntesdesanluis.com\/index.php\/2023\/09\/03\/llega-a-juicio-oral-la-demanda-penal-de-anabela-lucero-a-un-ciudadano-que-opino-en-facebook\/","name":"LLEGA A JUICIO ORAL LA DEMANDA PENAL DE ANABELA LUCERO A UN CIUDADANO QUE OPIN\u00d3 EN FACEBOOK - Apuntes de San Luis","isPartOf":{"@id":"https:\/\/apuntesdesanluis.com\/#website"},"primaryImageOfPage":{"@id":"https:\/\/apuntesdesanluis.com\/index.php\/2023\/09\/03\/llega-a-juicio-oral-la-demanda-penal-de-anabela-lucero-a-un-ciudadano-que-opino-en-facebook\/#primaryimage"},"image":{"@id":"https:\/\/apuntesdesanluis.com\/index.php\/2023\/09\/03\/llega-a-juicio-oral-la-demanda-penal-de-anabela-lucero-a-un-ciudadano-que-opino-en-facebook\/#primaryimage"},"thumbnailUrl":"https:\/\/apuntesdesanluis.com\/wp-content\/uploads\/2023\/09\/javier-bosco-y-lucero-copia.png","datePublished":"2023-09-03T22:18:15+00:00","dateModified":"2023-09-04T03:04:25+00:00","breadcrumb":{"@id":"https:\/\/apuntesdesanluis.com\/index.php\/2023\/09\/03\/llega-a-juicio-oral-la-demanda-penal-de-anabela-lucero-a-un-ciudadano-que-opino-en-facebook\/#breadcrumb"},"inLanguage":"es-AR","potentialAction":[{"@type":"ReadAction","target":["https:\/\/apuntesdesanluis.com\/index.php\/2023\/09\/03\/llega-a-juicio-oral-la-demanda-penal-de-anabela-lucero-a-un-ciudadano-que-opino-en-facebook\/"]}]},{"@type":"ImageObject","inLanguage":"es-AR","@id":"https:\/\/apuntesdesanluis.com\/index.php\/2023\/09\/03\/llega-a-juicio-oral-la-demanda-penal-de-anabela-lucero-a-un-ciudadano-que-opino-en-facebook\/#primaryimage","url":"https:\/\/apuntesdesanluis.com\/wp-content\/uploads\/2023\/09\/javier-bosco-y-lucero-copia.png","contentUrl":"https:\/\/apuntesdesanluis.com\/wp-content\/uploads\/2023\/09\/javier-bosco-y-lucero-copia.png","width":516,"height":323},{"@type":"BreadcrumbList","@id":"https:\/\/apuntesdesanluis.com\/index.php\/2023\/09\/03\/llega-a-juicio-oral-la-demanda-penal-de-anabela-lucero-a-un-ciudadano-que-opino-en-facebook\/#breadcrumb","itemListElement":[{"@type":"ListItem","position":1,"name":"Inicio","item":"https:\/\/apuntesdesanluis.com\/"},{"@type":"ListItem","position":2,"name":"LLEGA A JUICIO ORAL LA DEMANDA PENAL DE ANABELA LUCERO A UN CIUDADANO QUE OPIN\u00d3 EN FACEBOOK"}]},{"@type":"WebSite","@id":"https:\/\/apuntesdesanluis.com\/#website","url":"https:\/\/apuntesdesanluis.com\/","name":"Apuntes de San Luis","description":"","publisher":{"@id":"https:\/\/apuntesdesanluis.com\/#\/schema\/person\/b55151d52296fcce64d1a72538a70b90"},"potentialAction":[{"@type":"SearchAction","target":{"@type":"EntryPoint","urlTemplate":"https:\/\/apuntesdesanluis.com\/?s={search_term_string}"},"query-input":{"@type":"PropertyValueSpecification","valueRequired":true,"valueName":"search_term_string"}}],"inLanguage":"es-AR"},{"@type":["Person","Organization"],"@id":"https:\/\/apuntesdesanluis.com\/#\/schema\/person\/b55151d52296fcce64d1a72538a70b90","name":"apuntesdesanluis.com","image":{"@type":"ImageObject","inLanguage":"es-AR","@id":"https:\/\/apuntesdesanluis.com\/#\/schema\/person\/image\/","url":"https:\/\/apuntesdesanluis.com\/wp-content\/uploads\/2023\/07\/cropped-apuntesdesanluis.png","contentUrl":"https:\/\/apuntesdesanluis.com\/wp-content\/uploads\/2023\/07\/cropped-apuntesdesanluis.png","width":450,"height":112,"caption":"apuntesdesanluis.com"},"logo":{"@id":"https:\/\/apuntesdesanluis.com\/#\/schema\/person\/image\/"},"sameAs":["https:\/\/apuntesdesanluis.com"],"url":"https:\/\/apuntesdesanluis.com\/index.php\/author\/apuntesdesanluis-com\/"}]}},"featured_image_urls":{"full":["https:\/\/apuntesdesanluis.com\/wp-content\/uploads\/2023\/09\/javier-bosco-y-lucero-copia.png",516,323,false],"thumbnail":["https:\/\/apuntesdesanluis.com\/wp-content\/uploads\/2023\/09\/javier-bosco-y-lucero-copia-150x150.png",150,150,true],"medium":["https:\/\/apuntesdesanluis.com\/wp-content\/uploads\/2023\/09\/javier-bosco-y-lucero-copia-300x188.png",300,188,true],"medium_large":["https:\/\/apuntesdesanluis.com\/wp-content\/uploads\/2023\/09\/javier-bosco-y-lucero-copia.png",516,323,false],"large":["https:\/\/apuntesdesanluis.com\/wp-content\/uploads\/2023\/09\/javier-bosco-y-lucero-copia.png",516,323,false],"1536x1536":["https:\/\/apuntesdesanluis.com\/wp-content\/uploads\/2023\/09\/javier-bosco-y-lucero-copia.png",516,323,false],"2048x2048":["https:\/\/apuntesdesanluis.com\/wp-content\/uploads\/2023\/09\/javier-bosco-y-lucero-copia.png",516,323,false],"newsever-slider-full":["https:\/\/apuntesdesanluis.com\/wp-content\/uploads\/2023\/09\/javier-bosco-y-lucero-copia.png",516,323,false],"newsever-featured":["https:\/\/apuntesdesanluis.com\/wp-content\/uploads\/2023\/09\/javier-bosco-y-lucero-copia.png",516,323,false],"newsever-medium":["https:\/\/apuntesdesanluis.com\/wp-content\/uploads\/2023\/09\/javier-bosco-y-lucero-copia.png",516,323,false]},"author_info":{"display_name":"apuntesdesanluis.com","author_link":"https:\/\/apuntesdesanluis.com\/index.php\/author\/apuntesdesanluis-com\/"},"category_info":"<a href=\"https:\/\/apuntesdesanluis.com\/index.php\/category\/ciudad-provincia\/\" rel=\"category tag\">Ciudad\/Provincia<\/a>","tag_info":"Ciudad\/Provincia","comment_count":"0","_links":{"self":[{"href":"https:\/\/apuntesdesanluis.com\/index.php\/wp-json\/wp\/v2\/posts\/2507","targetHints":{"allow":["GET"]}}],"collection":[{"href":"https:\/\/apuntesdesanluis.com\/index.php\/wp-json\/wp\/v2\/posts"}],"about":[{"href":"https:\/\/apuntesdesanluis.com\/index.php\/wp-json\/wp\/v2\/types\/post"}],"author":[{"embeddable":true,"href":"https:\/\/apuntesdesanluis.com\/index.php\/wp-json\/wp\/v2\/users\/1"}],"replies":[{"embeddable":true,"href":"https:\/\/apuntesdesanluis.com\/index.php\/wp-json\/wp\/v2\/comments?post=2507"}],"version-history":[{"count":9,"href":"https:\/\/apuntesdesanluis.com\/index.php\/wp-json\/wp\/v2\/posts\/2507\/revisions"}],"predecessor-version":[{"id":2596,"href":"https:\/\/apuntesdesanluis.com\/index.php\/wp-json\/wp\/v2\/posts\/2507\/revisions\/2596"}],"wp:featuredmedia":[{"embeddable":true,"href":"https:\/\/apuntesdesanluis.com\/index.php\/wp-json\/wp\/v2\/media\/2510"}],"wp:attachment":[{"href":"https:\/\/apuntesdesanluis.com\/index.php\/wp-json\/wp\/v2\/media?parent=2507"}],"wp:term":[{"taxonomy":"category","embeddable":true,"href":"https:\/\/apuntesdesanluis.com\/index.php\/wp-json\/wp\/v2\/categories?post=2507"},{"taxonomy":"post_tag","embeddable":true,"href":"https:\/\/apuntesdesanluis.com\/index.php\/wp-json\/wp\/v2\/tags?post=2507"}],"curies":[{"name":"wp","href":"https:\/\/api.w.org\/{rel}","templated":true}]}}