{"id":25076,"date":"2024-11-10T23:36:57","date_gmt":"2024-11-11T02:36:57","guid":{"rendered":"https:\/\/apuntesdesanluis.com\/?p=25076"},"modified":"2024-11-10T23:39:37","modified_gmt":"2024-11-11T02:39:37","slug":"la-unvime-conmemora-el-15o-aniversario-de-su-creacion","status":"publish","type":"post","link":"https:\/\/apuntesdesanluis.com\/index.php\/2024\/11\/10\/la-unvime-conmemora-el-15o-aniversario-de-su-creacion\/","title":{"rendered":"LA UNVIME CONMEMORA EL 15\u00ba ANIVERSARIO DE SU CREACI\u00d3N"},"content":{"rendered":"<h3>Este lunes se cumple el d\u00e9cimo quinto aniversario de la creaci\u00f3n de la <strong>Universidad Nacional de Villa Mercedes<\/strong>, mediante Ley 26.542, sancionada el 11 de noviembre de 2009.<\/h3>\n<h3>Rectorado dispuso que los actos de celebraci\u00f3n se realicen el pr\u00f3ximo jueves 14, al tiempo que estableci\u00f3 Asueto Administrativo y Acad\u00e9mico para el viernes 15. Este lunes la actividad ser\u00e1 normal.<\/h3>\n<h3>La UNViMe representa una de las instituciones m\u00e1s importantes de la comunidad, de la que no s\u00f3lo toma el nombre, sino que identifica la lucha de los villamercedinos por contar con su propia universidad, tras las movilizaciones de la d\u00e9cada del \u00b460 que permitieron el surgimiento de la UNSL, que luego se erigi\u00f3 en la ciudad capital.<\/h3>\n<h3>Se ha invitado a la comunidad universitaria y a la sociedad en general, a participar del acto central que se realizar\u00e1 el pr\u00f3ximo jueves 14 a las 10:00 h, en el Aula Magna de Jun\u00edn 132, con el siguiente programa:<\/h3>\n<h3>\u2013 Himno Nacional Argentino.<\/h3>\n<h3>\u2013 Video institucional 15\u00b0 Aniversario UNViMe.<\/h3>\n<h3>\u2013 Palabras del Rector Marcelo Sosa. \u201cLa Universidad, fragua de la esperanza\u201d.<\/h3>\n<h3>\u2013 Actuaci\u00f3n musical.<\/h3>\n<h3>\u2013 Torta Aniversario.<\/h3>\n<p><img fetchpriority=\"high\" decoding=\"async\" class=\"wp-image-25078 aligncenter\" src=\"https:\/\/apuntesdesanluis.com\/wp-content\/uploads\/2024\/11\/TARJETA-167x300.png\" alt=\"\" width=\"491\" height=\"882\" srcset=\"https:\/\/apuntesdesanluis.com\/wp-content\/uploads\/2024\/11\/TARJETA-167x300.png 167w, https:\/\/apuntesdesanluis.com\/wp-content\/uploads\/2024\/11\/TARJETA.png 386w\" sizes=\"(max-width: 491px) 100vw, 491px\" \/><\/p>\n<h3><strong>ANTECEDENTES Y ACTUALIDAD<\/strong><\/h3>\n<h3>Desde sus inicios la Universidad fue dirigida por 5 rectores organizadores: la Dra. <strong>Gladys Ciuffo, el Dr. Juan Carlos Geneiro, el Mg. Jorge Ra\u00fal Olgu\u00edn, el Dr. Roberto Schwartz y el Dr. David Luciano Rivarola<\/strong>.<\/h3>\n<h3>En 2019 se realizaron las primeras elecciones de normalizaci\u00f3n, en las que resultaron electos rector David Rivarola y vicerrectora Graciela Balanza.<\/h3>\n<h3>El 30 de octubre de 2023 asumieron las nuevas autoridades electas en las elecciones del 16 de agosto, el rector <strong>Marcelo Sosa<\/strong> y el vicerrector <strong>Santiago Farenga<\/strong>, iniciando desde entonces una significativa expansi\u00f3n territorial, a partir de la creaci\u00f3n de extensiones \u00e1ulicas en localidades del interior.<\/h3>\n<p><img decoding=\"async\" class=\"wp-image-6092 aligncenter\" src=\"https:\/\/apuntesdesanluis.com\/wp-content\/uploads\/2023\/10\/sosa-farenga-300x202.png\" alt=\"\" width=\"634\" height=\"427\" srcset=\"https:\/\/apuntesdesanluis.com\/wp-content\/uploads\/2023\/10\/sosa-farenga-300x202.png 300w, https:\/\/apuntesdesanluis.com\/wp-content\/uploads\/2023\/10\/sosa-farenga.png 549w\" sizes=\"(max-width: 634px) 100vw, 634px\" \/><\/p>\n<h3>La universidad se compone de cuatro (4) Escuelas:<\/h3>\n<ul>\n<li>\n<h3><strong>Ciencias de la Salud.<\/strong> Directora Paola Mu\u00f1oz.<\/h3>\n<\/li>\n<li>\n<h3><strong>Ingenier\u00eda y Ciencias Ambientales.<\/strong> Director Alejandro Rosa.<\/h3>\n<\/li>\n<li>\n<h3><strong>Gesti\u00f3n de Empresas y Econom\u00eda.<\/strong> Director Diego P\u00e1jaro.<\/h3>\n<\/li>\n<li>\n<h3><strong>Ciencias Sociales y Educaci\u00f3n.<\/strong> Directora Roxana Tropich.<\/h3>\n<\/li>\n<\/ul>\n<h3>Dicta 18 carreras de grado y un posgrado: Diplomatura y Maestr\u00eda en Docencia Universitaria. La instituci\u00f3n registra una matr\u00edcula de aproximadamente 4 mil alumnos.<\/h3>\n<h3>Adem\u00e1s de la sede de Rectorado, en Balcarce 314, la UNViMe posee otras dependencias y extensiones \u00e1ulicas:<\/h3>\n<h3>\u2013 Sede de la Escuela de Ciencias de la Salud (General Paz 575),<\/h3>\n<h3>\u2013 Centro de Salud Integral Fernando Romero (Las Heras 377),<\/h3>\n<h3>\u2013 Sedes de EGEE y EICA (Juan Llerena y Garc\u00eda Lorca),<\/h3>\n<h3>\u2013 Aula Magna (Jun\u00edn 132),<\/h3>\n<h3>\u2013 Sede de Escuela de Ciencias Sociales y Educaci\u00f3n (Justo Daract),<\/h3>\n<h3>\u2013 Biblioteca Dr. Ren\u00e9 Favaloro (Rafael Cortez y Gral. Paz).<\/h3>\n<h3>\u2013 Laboratorio Central (Campus en construcci\u00f3n: Ruta N\u00ba 55 Ext. Norte y\/o Ruta 148 Ext. Norte).<\/h3>\n<h3>\u2013 Extensiones \u00c1ulicas en Tilisarao, Naschel y Uni\u00f3n.<\/h3>\n<p>&nbsp;<\/p>\n<p>&nbsp;<\/p>\n<p>&nbsp;<\/p>\n<p>&nbsp;<\/p>\n<p>&nbsp;<\/p>\n<p>&nbsp;<\/p>\n","protected":false},"excerpt":{"rendered":"<p>Este lunes se cumple el d\u00e9cimo quinto aniversario de la creaci\u00f3n de la Universidad Nacional&#8230;<\/p>\n","protected":false},"author":1,"featured_media":25077,"comment_status":"closed","ping_status":"closed","sticky":false,"template":"","format":"standard","meta":{"footnotes":""},"categories":[6],"tags":[],"class_list":["post-25076","post","type-post","status-publish","format-standard","has-post-thumbnail","hentry","category-ciudad-provincia"],"yoast_head":"<!-- This site is optimized with the Yoast SEO plugin v26.1.1 - https:\/\/yoast.com\/wordpress\/plugins\/seo\/ -->\n<title>LA UNVIME CONMEMORA EL 15\u00ba ANIVERSARIO DE SU CREACI\u00d3N - Apuntes de San Luis<\/title>\n<meta name=\"robots\" content=\"index, follow, max-snippet:-1, max-image-preview:large, max-video-preview:-1\" \/>\n<link rel=\"canonical\" href=\"https:\/\/apuntesdesanluis.com\/index.php\/2024\/11\/10\/la-unvime-conmemora-el-15o-aniversario-de-su-creacion\/\" \/>\n<meta property=\"og:locale\" content=\"es_ES\" \/>\n<meta property=\"og:type\" content=\"article\" \/>\n<meta property=\"og:title\" content=\"LA UNVIME CONMEMORA EL 15\u00ba ANIVERSARIO DE SU CREACI\u00d3N - Apuntes de San Luis\" \/>\n<meta property=\"og:description\" content=\"Este lunes se cumple el d\u00e9cimo quinto aniversario de la creaci\u00f3n de la Universidad Nacional...\" \/>\n<meta property=\"og:url\" content=\"https:\/\/apuntesdesanluis.com\/index.php\/2024\/11\/10\/la-unvime-conmemora-el-15o-aniversario-de-su-creacion\/\" \/>\n<meta property=\"og:site_name\" content=\"Apuntes de San Luis\" \/>\n<meta property=\"article:published_time\" content=\"2024-11-11T02:36:57+00:00\" \/>\n<meta property=\"article:modified_time\" content=\"2024-11-11T02:39:37+00:00\" \/>\n<meta property=\"og:image\" content=\"https:\/\/apuntesdesanluis.com\/wp-content\/uploads\/2024\/11\/rectorado-unvime.png\" \/>\n\t<meta property=\"og:image:width\" content=\"662\" \/>\n\t<meta property=\"og:image:height\" content=\"404\" \/>\n\t<meta property=\"og:image:type\" content=\"image\/png\" \/>\n<meta name=\"author\" content=\"apuntesdesanluis.com\" \/>\n<meta name=\"twitter:card\" content=\"summary_large_image\" \/>\n<meta name=\"twitter:label1\" content=\"Escrito por\" \/>\n\t<meta name=\"twitter:data1\" content=\"apuntesdesanluis.com\" \/>\n\t<meta name=\"twitter:label2\" content=\"Tiempo de lectura\" \/>\n\t<meta name=\"twitter:data2\" content=\"3 minutos\" \/>\n<script type=\"application\/ld+json\" class=\"yoast-schema-graph\">{\"@context\":\"https:\/\/schema.org\",\"@graph\":[{\"@type\":\"Article\",\"@id\":\"https:\/\/apuntesdesanluis.com\/index.php\/2024\/11\/10\/la-unvime-conmemora-el-15o-aniversario-de-su-creacion\/#article\",\"isPartOf\":{\"@id\":\"https:\/\/apuntesdesanluis.com\/index.php\/2024\/11\/10\/la-unvime-conmemora-el-15o-aniversario-de-su-creacion\/\"},\"author\":{\"name\":\"apuntesdesanluis.com\",\"@id\":\"https:\/\/apuntesdesanluis.com\/#\/schema\/person\/b55151d52296fcce64d1a72538a70b90\"},\"headline\":\"LA UNVIME CONMEMORA EL 15\u00ba ANIVERSARIO DE SU CREACI\u00d3N\",\"datePublished\":\"2024-11-11T02:36:57+00:00\",\"dateModified\":\"2024-11-11T02:39:37+00:00\",\"mainEntityOfPage\":{\"@id\":\"https:\/\/apuntesdesanluis.com\/index.php\/2024\/11\/10\/la-unvime-conmemora-el-15o-aniversario-de-su-creacion\/\"},\"wordCount\":461,\"publisher\":{\"@id\":\"https:\/\/apuntesdesanluis.com\/#\/schema\/person\/b55151d52296fcce64d1a72538a70b90\"},\"image\":{\"@id\":\"https:\/\/apuntesdesanluis.com\/index.php\/2024\/11\/10\/la-unvime-conmemora-el-15o-aniversario-de-su-creacion\/#primaryimage\"},\"thumbnailUrl\":\"https:\/\/apuntesdesanluis.com\/wp-content\/uploads\/2024\/11\/rectorado-unvime.png\",\"articleSection\":[\"Ciudad\/Provincia\"],\"inLanguage\":\"es-AR\"},{\"@type\":\"WebPage\",\"@id\":\"https:\/\/apuntesdesanluis.com\/index.php\/2024\/11\/10\/la-unvime-conmemora-el-15o-aniversario-de-su-creacion\/\",\"url\":\"https:\/\/apuntesdesanluis.com\/index.php\/2024\/11\/10\/la-unvime-conmemora-el-15o-aniversario-de-su-creacion\/\",\"name\":\"LA UNVIME CONMEMORA EL 15\u00ba ANIVERSARIO DE SU CREACI\u00d3N - Apuntes de San Luis\",\"isPartOf\":{\"@id\":\"https:\/\/apuntesdesanluis.com\/#website\"},\"primaryImageOfPage\":{\"@id\":\"https:\/\/apuntesdesanluis.com\/index.php\/2024\/11\/10\/la-unvime-conmemora-el-15o-aniversario-de-su-creacion\/#primaryimage\"},\"image\":{\"@id\":\"https:\/\/apuntesdesanluis.com\/index.php\/2024\/11\/10\/la-unvime-conmemora-el-15o-aniversario-de-su-creacion\/#primaryimage\"},\"thumbnailUrl\":\"https:\/\/apuntesdesanluis.com\/wp-content\/uploads\/2024\/11\/rectorado-unvime.png\",\"datePublished\":\"2024-11-11T02:36:57+00:00\",\"dateModified\":\"2024-11-11T02:39:37+00:00\",\"breadcrumb\":{\"@id\":\"https:\/\/apuntesdesanluis.com\/index.php\/2024\/11\/10\/la-unvime-conmemora-el-15o-aniversario-de-su-creacion\/#breadcrumb\"},\"inLanguage\":\"es-AR\",\"potentialAction\":[{\"@type\":\"ReadAction\",\"target\":[\"https:\/\/apuntesdesanluis.com\/index.php\/2024\/11\/10\/la-unvime-conmemora-el-15o-aniversario-de-su-creacion\/\"]}]},{\"@type\":\"ImageObject\",\"inLanguage\":\"es-AR\",\"@id\":\"https:\/\/apuntesdesanluis.com\/index.php\/2024\/11\/10\/la-unvime-conmemora-el-15o-aniversario-de-su-creacion\/#primaryimage\",\"url\":\"https:\/\/apuntesdesanluis.com\/wp-content\/uploads\/2024\/11\/rectorado-unvime.png\",\"contentUrl\":\"https:\/\/apuntesdesanluis.com\/wp-content\/uploads\/2024\/11\/rectorado-unvime.png\",\"width\":662,\"height\":404},{\"@type\":\"BreadcrumbList\",\"@id\":\"https:\/\/apuntesdesanluis.com\/index.php\/2024\/11\/10\/la-unvime-conmemora-el-15o-aniversario-de-su-creacion\/#breadcrumb\",\"itemListElement\":[{\"@type\":\"ListItem\",\"position\":1,\"name\":\"Inicio\",\"item\":\"https:\/\/apuntesdesanluis.com\/\"},{\"@type\":\"ListItem\",\"position\":2,\"name\":\"LA UNVIME CONMEMORA EL 15\u00ba ANIVERSARIO DE SU CREACI\u00d3N\"}]},{\"@type\":\"WebSite\",\"@id\":\"https:\/\/apuntesdesanluis.com\/#website\",\"url\":\"https:\/\/apuntesdesanluis.com\/\",\"name\":\"Apuntes de San Luis\",\"description\":\"\",\"publisher\":{\"@id\":\"https:\/\/apuntesdesanluis.com\/#\/schema\/person\/b55151d52296fcce64d1a72538a70b90\"},\"potentialAction\":[{\"@type\":\"SearchAction\",\"target\":{\"@type\":\"EntryPoint\",\"urlTemplate\":\"https:\/\/apuntesdesanluis.com\/?s={search_term_string}\"},\"query-input\":{\"@type\":\"PropertyValueSpecification\",\"valueRequired\":true,\"valueName\":\"search_term_string\"}}],\"inLanguage\":\"es-AR\"},{\"@type\":[\"Person\",\"Organization\"],\"@id\":\"https:\/\/apuntesdesanluis.com\/#\/schema\/person\/b55151d52296fcce64d1a72538a70b90\",\"name\":\"apuntesdesanluis.com\",\"image\":{\"@type\":\"ImageObject\",\"inLanguage\":\"es-AR\",\"@id\":\"https:\/\/apuntesdesanluis.com\/#\/schema\/person\/image\/\",\"url\":\"https:\/\/apuntesdesanluis.com\/wp-content\/uploads\/2023\/07\/cropped-apuntesdesanluis.png\",\"contentUrl\":\"https:\/\/apuntesdesanluis.com\/wp-content\/uploads\/2023\/07\/cropped-apuntesdesanluis.png\",\"width\":450,\"height\":112,\"caption\":\"apuntesdesanluis.com\"},\"logo\":{\"@id\":\"https:\/\/apuntesdesanluis.com\/#\/schema\/person\/image\/\"},\"sameAs\":[\"https:\/\/apuntesdesanluis.com\"],\"url\":\"https:\/\/apuntesdesanluis.com\/index.php\/author\/apuntesdesanluis-com\/\"}]}<\/script>\n<!-- \/ Yoast SEO plugin. -->","yoast_head_json":{"title":"LA UNVIME CONMEMORA EL 15\u00ba ANIVERSARIO DE SU CREACI\u00d3N - Apuntes de San Luis","robots":{"index":"index","follow":"follow","max-snippet":"max-snippet:-1","max-image-preview":"max-image-preview:large","max-video-preview":"max-video-preview:-1"},"canonical":"https:\/\/apuntesdesanluis.com\/index.php\/2024\/11\/10\/la-unvime-conmemora-el-15o-aniversario-de-su-creacion\/","og_locale":"es_ES","og_type":"article","og_title":"LA UNVIME CONMEMORA EL 15\u00ba ANIVERSARIO DE SU CREACI\u00d3N - Apuntes de San Luis","og_description":"Este lunes se cumple el d\u00e9cimo quinto aniversario de la creaci\u00f3n de la Universidad Nacional...","og_url":"https:\/\/apuntesdesanluis.com\/index.php\/2024\/11\/10\/la-unvime-conmemora-el-15o-aniversario-de-su-creacion\/","og_site_name":"Apuntes de San Luis","article_published_time":"2024-11-11T02:36:57+00:00","article_modified_time":"2024-11-11T02:39:37+00:00","og_image":[{"width":662,"height":404,"url":"https:\/\/apuntesdesanluis.com\/wp-content\/uploads\/2024\/11\/rectorado-unvime.png","type":"image\/png"}],"author":"apuntesdesanluis.com","twitter_card":"summary_large_image","twitter_misc":{"Escrito por":"apuntesdesanluis.com","Tiempo de lectura":"3 minutos"},"schema":{"@context":"https:\/\/schema.org","@graph":[{"@type":"Article","@id":"https:\/\/apuntesdesanluis.com\/index.php\/2024\/11\/10\/la-unvime-conmemora-el-15o-aniversario-de-su-creacion\/#article","isPartOf":{"@id":"https:\/\/apuntesdesanluis.com\/index.php\/2024\/11\/10\/la-unvime-conmemora-el-15o-aniversario-de-su-creacion\/"},"author":{"name":"apuntesdesanluis.com","@id":"https:\/\/apuntesdesanluis.com\/#\/schema\/person\/b55151d52296fcce64d1a72538a70b90"},"headline":"LA UNVIME CONMEMORA EL 15\u00ba ANIVERSARIO DE SU CREACI\u00d3N","datePublished":"2024-11-11T02:36:57+00:00","dateModified":"2024-11-11T02:39:37+00:00","mainEntityOfPage":{"@id":"https:\/\/apuntesdesanluis.com\/index.php\/2024\/11\/10\/la-unvime-conmemora-el-15o-aniversario-de-su-creacion\/"},"wordCount":461,"publisher":{"@id":"https:\/\/apuntesdesanluis.com\/#\/schema\/person\/b55151d52296fcce64d1a72538a70b90"},"image":{"@id":"https:\/\/apuntesdesanluis.com\/index.php\/2024\/11\/10\/la-unvime-conmemora-el-15o-aniversario-de-su-creacion\/#primaryimage"},"thumbnailUrl":"https:\/\/apuntesdesanluis.com\/wp-content\/uploads\/2024\/11\/rectorado-unvime.png","articleSection":["Ciudad\/Provincia"],"inLanguage":"es-AR"},{"@type":"WebPage","@id":"https:\/\/apuntesdesanluis.com\/index.php\/2024\/11\/10\/la-unvime-conmemora-el-15o-aniversario-de-su-creacion\/","url":"https:\/\/apuntesdesanluis.com\/index.php\/2024\/11\/10\/la-unvime-conmemora-el-15o-aniversario-de-su-creacion\/","name":"LA UNVIME CONMEMORA EL 15\u00ba ANIVERSARIO DE SU CREACI\u00d3N - Apuntes de San Luis","isPartOf":{"@id":"https:\/\/apuntesdesanluis.com\/#website"},"primaryImageOfPage":{"@id":"https:\/\/apuntesdesanluis.com\/index.php\/2024\/11\/10\/la-unvime-conmemora-el-15o-aniversario-de-su-creacion\/#primaryimage"},"image":{"@id":"https:\/\/apuntesdesanluis.com\/index.php\/2024\/11\/10\/la-unvime-conmemora-el-15o-aniversario-de-su-creacion\/#primaryimage"},"thumbnailUrl":"https:\/\/apuntesdesanluis.com\/wp-content\/uploads\/2024\/11\/rectorado-unvime.png","datePublished":"2024-11-11T02:36:57+00:00","dateModified":"2024-11-11T02:39:37+00:00","breadcrumb":{"@id":"https:\/\/apuntesdesanluis.com\/index.php\/2024\/11\/10\/la-unvime-conmemora-el-15o-aniversario-de-su-creacion\/#breadcrumb"},"inLanguage":"es-AR","potentialAction":[{"@type":"ReadAction","target":["https:\/\/apuntesdesanluis.com\/index.php\/2024\/11\/10\/la-unvime-conmemora-el-15o-aniversario-de-su-creacion\/"]}]},{"@type":"ImageObject","inLanguage":"es-AR","@id":"https:\/\/apuntesdesanluis.com\/index.php\/2024\/11\/10\/la-unvime-conmemora-el-15o-aniversario-de-su-creacion\/#primaryimage","url":"https:\/\/apuntesdesanluis.com\/wp-content\/uploads\/2024\/11\/rectorado-unvime.png","contentUrl":"https:\/\/apuntesdesanluis.com\/wp-content\/uploads\/2024\/11\/rectorado-unvime.png","width":662,"height":404},{"@type":"BreadcrumbList","@id":"https:\/\/apuntesdesanluis.com\/index.php\/2024\/11\/10\/la-unvime-conmemora-el-15o-aniversario-de-su-creacion\/#breadcrumb","itemListElement":[{"@type":"ListItem","position":1,"name":"Inicio","item":"https:\/\/apuntesdesanluis.com\/"},{"@type":"ListItem","position":2,"name":"LA UNVIME CONMEMORA EL 15\u00ba ANIVERSARIO DE SU CREACI\u00d3N"}]},{"@type":"WebSite","@id":"https:\/\/apuntesdesanluis.com\/#website","url":"https:\/\/apuntesdesanluis.com\/","name":"Apuntes de San Luis","description":"","publisher":{"@id":"https:\/\/apuntesdesanluis.com\/#\/schema\/person\/b55151d52296fcce64d1a72538a70b90"},"potentialAction":[{"@type":"SearchAction","target":{"@type":"EntryPoint","urlTemplate":"https:\/\/apuntesdesanluis.com\/?s={search_term_string}"},"query-input":{"@type":"PropertyValueSpecification","valueRequired":true,"valueName":"search_term_string"}}],"inLanguage":"es-AR"},{"@type":["Person","Organization"],"@id":"https:\/\/apuntesdesanluis.com\/#\/schema\/person\/b55151d52296fcce64d1a72538a70b90","name":"apuntesdesanluis.com","image":{"@type":"ImageObject","inLanguage":"es-AR","@id":"https:\/\/apuntesdesanluis.com\/#\/schema\/person\/image\/","url":"https:\/\/apuntesdesanluis.com\/wp-content\/uploads\/2023\/07\/cropped-apuntesdesanluis.png","contentUrl":"https:\/\/apuntesdesanluis.com\/wp-content\/uploads\/2023\/07\/cropped-apuntesdesanluis.png","width":450,"height":112,"caption":"apuntesdesanluis.com"},"logo":{"@id":"https:\/\/apuntesdesanluis.com\/#\/schema\/person\/image\/"},"sameAs":["https:\/\/apuntesdesanluis.com"],"url":"https:\/\/apuntesdesanluis.com\/index.php\/author\/apuntesdesanluis-com\/"}]}},"featured_image_urls":{"full":["https:\/\/apuntesdesanluis.com\/wp-content\/uploads\/2024\/11\/rectorado-unvime.png",662,404,false],"thumbnail":["https:\/\/apuntesdesanluis.com\/wp-content\/uploads\/2024\/11\/rectorado-unvime-150x150.png",150,150,true],"medium":["https:\/\/apuntesdesanluis.com\/wp-content\/uploads\/2024\/11\/rectorado-unvime-300x183.png",300,183,true],"medium_large":["https:\/\/apuntesdesanluis.com\/wp-content\/uploads\/2024\/11\/rectorado-unvime.png",640,391,false],"large":["https:\/\/apuntesdesanluis.com\/wp-content\/uploads\/2024\/11\/rectorado-unvime.png",640,391,false],"1536x1536":["https:\/\/apuntesdesanluis.com\/wp-content\/uploads\/2024\/11\/rectorado-unvime.png",662,404,false],"2048x2048":["https:\/\/apuntesdesanluis.com\/wp-content\/uploads\/2024\/11\/rectorado-unvime.png",662,404,false],"newsever-slider-full":["https:\/\/apuntesdesanluis.com\/wp-content\/uploads\/2024\/11\/rectorado-unvime.png",662,404,false],"newsever-featured":["https:\/\/apuntesdesanluis.com\/wp-content\/uploads\/2024\/11\/rectorado-unvime.png",662,404,false],"newsever-medium":["https:\/\/apuntesdesanluis.com\/wp-content\/uploads\/2024\/11\/rectorado-unvime.png",662,404,false]},"author_info":{"display_name":"apuntesdesanluis.com","author_link":"https:\/\/apuntesdesanluis.com\/index.php\/author\/apuntesdesanluis-com\/"},"category_info":"<a href=\"https:\/\/apuntesdesanluis.com\/index.php\/category\/ciudad-provincia\/\" rel=\"category tag\">Ciudad\/Provincia<\/a>","tag_info":"Ciudad\/Provincia","comment_count":"0","_links":{"self":[{"href":"https:\/\/apuntesdesanluis.com\/index.php\/wp-json\/wp\/v2\/posts\/25076","targetHints":{"allow":["GET"]}}],"collection":[{"href":"https:\/\/apuntesdesanluis.com\/index.php\/wp-json\/wp\/v2\/posts"}],"about":[{"href":"https:\/\/apuntesdesanluis.com\/index.php\/wp-json\/wp\/v2\/types\/post"}],"author":[{"embeddable":true,"href":"https:\/\/apuntesdesanluis.com\/index.php\/wp-json\/wp\/v2\/users\/1"}],"replies":[{"embeddable":true,"href":"https:\/\/apuntesdesanluis.com\/index.php\/wp-json\/wp\/v2\/comments?post=25076"}],"version-history":[{"count":5,"href":"https:\/\/apuntesdesanluis.com\/index.php\/wp-json\/wp\/v2\/posts\/25076\/revisions"}],"predecessor-version":[{"id":25083,"href":"https:\/\/apuntesdesanluis.com\/index.php\/wp-json\/wp\/v2\/posts\/25076\/revisions\/25083"}],"wp:featuredmedia":[{"embeddable":true,"href":"https:\/\/apuntesdesanluis.com\/index.php\/wp-json\/wp\/v2\/media\/25077"}],"wp:attachment":[{"href":"https:\/\/apuntesdesanluis.com\/index.php\/wp-json\/wp\/v2\/media?parent=25076"}],"wp:term":[{"taxonomy":"category","embeddable":true,"href":"https:\/\/apuntesdesanluis.com\/index.php\/wp-json\/wp\/v2\/categories?post=25076"},{"taxonomy":"post_tag","embeddable":true,"href":"https:\/\/apuntesdesanluis.com\/index.php\/wp-json\/wp\/v2\/tags?post=25076"}],"curies":[{"name":"wp","href":"https:\/\/api.w.org\/{rel}","templated":true}]}}