{"id":25085,"date":"2024-11-11T10:05:07","date_gmt":"2024-11-11T13:05:07","guid":{"rendered":"https:\/\/apuntesdesanluis.com\/?p=25085"},"modified":"2024-11-11T10:05:07","modified_gmt":"2024-11-11T13:05:07","slug":"baja-en-el-gobierno-renuncio-el-titular-de-la-administracion-nacional-de-laboratorios-e-institutos-de-salud","status":"publish","type":"post","link":"https:\/\/apuntesdesanluis.com\/index.php\/2024\/11\/11\/baja-en-el-gobierno-renuncio-el-titular-de-la-administracion-nacional-de-laboratorios-e-institutos-de-salud\/","title":{"rendered":"BAJA EN EL GOBIERNO: RENUNCI\u00d3 EL TITULAR DE LA ADMINISTRACI\u00d3N NACIONAL DE LABORATORIOS E INSTITUTOS DE SALUD"},"content":{"rendered":"<h3>El Ministerio de Salud de Argentina, mediante la Resoluci\u00f3n 5444\/2024, acept\u00f3 la renuncia de <strong>Pascual Armando Fidelio<\/strong> al cargo de titular de la <strong>Administraci\u00f3n Nacional de Laboratorios e Institutos de Salud \u201cDr. Carlos G. Malbr\u00e1n\u201d<\/strong> (ANLIS).<\/h3>\n<h3>La resoluci\u00f3n, firmada en la Ciudad de Buenos Aires el 7 de noviembre de 2024, establece que la renuncia se hizo efectiva a partir del 31 de octubre del mismo a\u00f1o.<\/h3>\n<h3>La ANLIS, un organismo descentralizado que act\u00faa en la \u00f3rbita de la Secretar\u00eda de Calidad en Salud, es clave en la investigaci\u00f3n y desarrollo en el \u00e1mbito de la salud p\u00fablica en Argentina. Fidelio, quien asumi\u00f3 su cargo mediante el Decreto Nacional N\u00b0 336 del 4 de abril de 2020, estuvo al frente de la instituci\u00f3n durante m\u00e1s de cuatro a\u00f1os, liderando procesos de relevancia en el contexto de la emergencia sanitaria provocada por la pandemia de COVID-19.<\/h3>\n<p><img fetchpriority=\"high\" decoding=\"async\" class=\"wp-image-25087 aligncenter\" src=\"https:\/\/apuntesdesanluis.com\/wp-content\/uploads\/2024\/11\/ANLIS-300x195.png\" alt=\"\" width=\"655\" height=\"426\" srcset=\"https:\/\/apuntesdesanluis.com\/wp-content\/uploads\/2024\/11\/ANLIS-300x195.png 300w, https:\/\/apuntesdesanluis.com\/wp-content\/uploads\/2024\/11\/ANLIS-768x498.png 768w, https:\/\/apuntesdesanluis.com\/wp-content\/uploads\/2024\/11\/ANLIS.png 942w\" sizes=\"(max-width: 655px) 100vw, 655px\" \/><\/p>\n<h3>El Ministerio de Salud ha certificado que no existen sumarios administrativos abiertos contra Fidelio, ni sanciones disciplinarias pendientes. Asimismo, se confirm\u00f3 que no se registran saldos pendientes de rendici\u00f3n ni bienes patrimoniales a su nombre relacionados con su funci\u00f3n en el organismo.<\/h3>\n<h3>La Direcci\u00f3n General de Asuntos Jur\u00eddicos intervino en la revisi\u00f3n y aprobaci\u00f3n de este proceso, corroborando el cumplimiento de las normativas y procedimientos vigentes. La aceptaci\u00f3n de la renuncia se llev\u00f3 a cabo en uso de las facultades conferidas por el art\u00edculo 1\u00b0, inciso c) del Decreto N\u00b0 101\/85 y sus modificatorios, que regula la renuncia y los procesos relacionados en el \u00e1mbito de la administraci\u00f3n p\u00fablica.<\/h3>\n<h3>La renuncia de Fidelio marca el fin de una etapa en la direcci\u00f3n de una de las principales entidades de investigaci\u00f3n sanitaria del pa\u00eds, reconocida por su papel fundamental en la respuesta a crisis de salud p\u00fablica.<\/h3>\n<p>&nbsp;<\/p>\n<p>&nbsp;<\/p>\n<p>&nbsp;<\/p>\n<p>&nbsp;<\/p>\n<p>&nbsp;<\/p>\n<p>&nbsp;<\/p>\n<p>&nbsp;<\/p>\n","protected":false},"excerpt":{"rendered":"<p>El Ministerio de Salud de Argentina, mediante la Resoluci\u00f3n 5444\/2024, acept\u00f3 la renuncia de Pascual&#8230;<\/p>\n","protected":false},"author":1,"featured_media":25086,"comment_status":"closed","ping_status":"closed","sticky":false,"template":"","format":"standard","meta":{"footnotes":""},"categories":[5],"tags":[],"class_list":["post-25085","post","type-post","status-publish","format-standard","has-post-thumbnail","hentry","category-nacionales-internacionales"],"yoast_head":"<!-- This site is optimized with the Yoast SEO plugin v26.1.1 - https:\/\/yoast.com\/wordpress\/plugins\/seo\/ -->\n<title>BAJA EN EL GOBIERNO: RENUNCI\u00d3 EL TITULAR DE LA ADMINISTRACI\u00d3N NACIONAL DE LABORATORIOS E INSTITUTOS DE SALUD - Apuntes de San Luis<\/title>\n<meta name=\"robots\" content=\"index, follow, max-snippet:-1, max-image-preview:large, max-video-preview:-1\" \/>\n<link rel=\"canonical\" href=\"https:\/\/apuntesdesanluis.com\/index.php\/2024\/11\/11\/baja-en-el-gobierno-renuncio-el-titular-de-la-administracion-nacional-de-laboratorios-e-institutos-de-salud\/\" \/>\n<meta property=\"og:locale\" content=\"es_ES\" \/>\n<meta property=\"og:type\" content=\"article\" \/>\n<meta property=\"og:title\" content=\"BAJA EN EL GOBIERNO: RENUNCI\u00d3 EL TITULAR DE LA ADMINISTRACI\u00d3N NACIONAL DE LABORATORIOS E INSTITUTOS DE SALUD - Apuntes de San Luis\" \/>\n<meta property=\"og:description\" content=\"El Ministerio de Salud de Argentina, mediante la Resoluci\u00f3n 5444\/2024, acept\u00f3 la renuncia de Pascual...\" \/>\n<meta property=\"og:url\" content=\"https:\/\/apuntesdesanluis.com\/index.php\/2024\/11\/11\/baja-en-el-gobierno-renuncio-el-titular-de-la-administracion-nacional-de-laboratorios-e-institutos-de-salud\/\" \/>\n<meta property=\"og:site_name\" content=\"Apuntes de San Luis\" \/>\n<meta property=\"article:published_time\" content=\"2024-11-11T13:05:07+00:00\" \/>\n<meta property=\"og:image\" content=\"https:\/\/apuntesdesanluis.com\/wp-content\/uploads\/2024\/11\/ANLIS-ORGANISMO.png\" \/>\n\t<meta property=\"og:image:width\" content=\"910\" \/>\n\t<meta property=\"og:image:height\" content=\"495\" \/>\n\t<meta property=\"og:image:type\" content=\"image\/png\" \/>\n<meta name=\"author\" content=\"apuntesdesanluis.com\" \/>\n<meta name=\"twitter:card\" content=\"summary_large_image\" \/>\n<meta name=\"twitter:label1\" content=\"Escrito por\" \/>\n\t<meta name=\"twitter:data1\" content=\"apuntesdesanluis.com\" \/>\n\t<meta name=\"twitter:label2\" content=\"Tiempo de lectura\" \/>\n\t<meta name=\"twitter:data2\" content=\"2 minutos\" \/>\n<script type=\"application\/ld+json\" class=\"yoast-schema-graph\">{\"@context\":\"https:\/\/schema.org\",\"@graph\":[{\"@type\":\"Article\",\"@id\":\"https:\/\/apuntesdesanluis.com\/index.php\/2024\/11\/11\/baja-en-el-gobierno-renuncio-el-titular-de-la-administracion-nacional-de-laboratorios-e-institutos-de-salud\/#article\",\"isPartOf\":{\"@id\":\"https:\/\/apuntesdesanluis.com\/index.php\/2024\/11\/11\/baja-en-el-gobierno-renuncio-el-titular-de-la-administracion-nacional-de-laboratorios-e-institutos-de-salud\/\"},\"author\":{\"name\":\"apuntesdesanluis.com\",\"@id\":\"https:\/\/apuntesdesanluis.com\/#\/schema\/person\/b55151d52296fcce64d1a72538a70b90\"},\"headline\":\"BAJA EN EL GOBIERNO: RENUNCI\u00d3 EL TITULAR DE LA ADMINISTRACI\u00d3N NACIONAL DE LABORATORIOS E INSTITUTOS DE SALUD\",\"datePublished\":\"2024-11-11T13:05:07+00:00\",\"mainEntityOfPage\":{\"@id\":\"https:\/\/apuntesdesanluis.com\/index.php\/2024\/11\/11\/baja-en-el-gobierno-renuncio-el-titular-de-la-administracion-nacional-de-laboratorios-e-institutos-de-salud\/\"},\"wordCount\":333,\"publisher\":{\"@id\":\"https:\/\/apuntesdesanluis.com\/#\/schema\/person\/b55151d52296fcce64d1a72538a70b90\"},\"image\":{\"@id\":\"https:\/\/apuntesdesanluis.com\/index.php\/2024\/11\/11\/baja-en-el-gobierno-renuncio-el-titular-de-la-administracion-nacional-de-laboratorios-e-institutos-de-salud\/#primaryimage\"},\"thumbnailUrl\":\"https:\/\/apuntesdesanluis.com\/wp-content\/uploads\/2024\/11\/ANLIS-ORGANISMO.png\",\"articleSection\":[\"Nacionales\/Internacionales\"],\"inLanguage\":\"es-AR\"},{\"@type\":\"WebPage\",\"@id\":\"https:\/\/apuntesdesanluis.com\/index.php\/2024\/11\/11\/baja-en-el-gobierno-renuncio-el-titular-de-la-administracion-nacional-de-laboratorios-e-institutos-de-salud\/\",\"url\":\"https:\/\/apuntesdesanluis.com\/index.php\/2024\/11\/11\/baja-en-el-gobierno-renuncio-el-titular-de-la-administracion-nacional-de-laboratorios-e-institutos-de-salud\/\",\"name\":\"BAJA EN EL GOBIERNO: RENUNCI\u00d3 EL TITULAR DE LA ADMINISTRACI\u00d3N NACIONAL DE LABORATORIOS E INSTITUTOS DE SALUD - Apuntes de San Luis\",\"isPartOf\":{\"@id\":\"https:\/\/apuntesdesanluis.com\/#website\"},\"primaryImageOfPage\":{\"@id\":\"https:\/\/apuntesdesanluis.com\/index.php\/2024\/11\/11\/baja-en-el-gobierno-renuncio-el-titular-de-la-administracion-nacional-de-laboratorios-e-institutos-de-salud\/#primaryimage\"},\"image\":{\"@id\":\"https:\/\/apuntesdesanluis.com\/index.php\/2024\/11\/11\/baja-en-el-gobierno-renuncio-el-titular-de-la-administracion-nacional-de-laboratorios-e-institutos-de-salud\/#primaryimage\"},\"thumbnailUrl\":\"https:\/\/apuntesdesanluis.com\/wp-content\/uploads\/2024\/11\/ANLIS-ORGANISMO.png\",\"datePublished\":\"2024-11-11T13:05:07+00:00\",\"breadcrumb\":{\"@id\":\"https:\/\/apuntesdesanluis.com\/index.php\/2024\/11\/11\/baja-en-el-gobierno-renuncio-el-titular-de-la-administracion-nacional-de-laboratorios-e-institutos-de-salud\/#breadcrumb\"},\"inLanguage\":\"es-AR\",\"potentialAction\":[{\"@type\":\"ReadAction\",\"target\":[\"https:\/\/apuntesdesanluis.com\/index.php\/2024\/11\/11\/baja-en-el-gobierno-renuncio-el-titular-de-la-administracion-nacional-de-laboratorios-e-institutos-de-salud\/\"]}]},{\"@type\":\"ImageObject\",\"inLanguage\":\"es-AR\",\"@id\":\"https:\/\/apuntesdesanluis.com\/index.php\/2024\/11\/11\/baja-en-el-gobierno-renuncio-el-titular-de-la-administracion-nacional-de-laboratorios-e-institutos-de-salud\/#primaryimage\",\"url\":\"https:\/\/apuntesdesanluis.com\/wp-content\/uploads\/2024\/11\/ANLIS-ORGANISMO.png\",\"contentUrl\":\"https:\/\/apuntesdesanluis.com\/wp-content\/uploads\/2024\/11\/ANLIS-ORGANISMO.png\",\"width\":910,\"height\":495},{\"@type\":\"BreadcrumbList\",\"@id\":\"https:\/\/apuntesdesanluis.com\/index.php\/2024\/11\/11\/baja-en-el-gobierno-renuncio-el-titular-de-la-administracion-nacional-de-laboratorios-e-institutos-de-salud\/#breadcrumb\",\"itemListElement\":[{\"@type\":\"ListItem\",\"position\":1,\"name\":\"Inicio\",\"item\":\"https:\/\/apuntesdesanluis.com\/\"},{\"@type\":\"ListItem\",\"position\":2,\"name\":\"BAJA EN EL GOBIERNO: RENUNCI\u00d3 EL TITULAR DE LA ADMINISTRACI\u00d3N NACIONAL DE LABORATORIOS E INSTITUTOS DE SALUD\"}]},{\"@type\":\"WebSite\",\"@id\":\"https:\/\/apuntesdesanluis.com\/#website\",\"url\":\"https:\/\/apuntesdesanluis.com\/\",\"name\":\"Apuntes de San Luis\",\"description\":\"\",\"publisher\":{\"@id\":\"https:\/\/apuntesdesanluis.com\/#\/schema\/person\/b55151d52296fcce64d1a72538a70b90\"},\"potentialAction\":[{\"@type\":\"SearchAction\",\"target\":{\"@type\":\"EntryPoint\",\"urlTemplate\":\"https:\/\/apuntesdesanluis.com\/?s={search_term_string}\"},\"query-input\":{\"@type\":\"PropertyValueSpecification\",\"valueRequired\":true,\"valueName\":\"search_term_string\"}}],\"inLanguage\":\"es-AR\"},{\"@type\":[\"Person\",\"Organization\"],\"@id\":\"https:\/\/apuntesdesanluis.com\/#\/schema\/person\/b55151d52296fcce64d1a72538a70b90\",\"name\":\"apuntesdesanluis.com\",\"image\":{\"@type\":\"ImageObject\",\"inLanguage\":\"es-AR\",\"@id\":\"https:\/\/apuntesdesanluis.com\/#\/schema\/person\/image\/\",\"url\":\"https:\/\/apuntesdesanluis.com\/wp-content\/uploads\/2023\/07\/cropped-apuntesdesanluis.png\",\"contentUrl\":\"https:\/\/apuntesdesanluis.com\/wp-content\/uploads\/2023\/07\/cropped-apuntesdesanluis.png\",\"width\":450,\"height\":112,\"caption\":\"apuntesdesanluis.com\"},\"logo\":{\"@id\":\"https:\/\/apuntesdesanluis.com\/#\/schema\/person\/image\/\"},\"sameAs\":[\"https:\/\/apuntesdesanluis.com\"],\"url\":\"https:\/\/apuntesdesanluis.com\/index.php\/author\/apuntesdesanluis-com\/\"}]}<\/script>\n<!-- \/ Yoast SEO plugin. -->","yoast_head_json":{"title":"BAJA EN EL GOBIERNO: RENUNCI\u00d3 EL TITULAR DE LA ADMINISTRACI\u00d3N NACIONAL DE LABORATORIOS E INSTITUTOS DE SALUD - Apuntes de San Luis","robots":{"index":"index","follow":"follow","max-snippet":"max-snippet:-1","max-image-preview":"max-image-preview:large","max-video-preview":"max-video-preview:-1"},"canonical":"https:\/\/apuntesdesanluis.com\/index.php\/2024\/11\/11\/baja-en-el-gobierno-renuncio-el-titular-de-la-administracion-nacional-de-laboratorios-e-institutos-de-salud\/","og_locale":"es_ES","og_type":"article","og_title":"BAJA EN EL GOBIERNO: RENUNCI\u00d3 EL TITULAR DE LA ADMINISTRACI\u00d3N NACIONAL DE LABORATORIOS E INSTITUTOS DE SALUD - Apuntes de San Luis","og_description":"El Ministerio de Salud de Argentina, mediante la Resoluci\u00f3n 5444\/2024, acept\u00f3 la renuncia de Pascual...","og_url":"https:\/\/apuntesdesanluis.com\/index.php\/2024\/11\/11\/baja-en-el-gobierno-renuncio-el-titular-de-la-administracion-nacional-de-laboratorios-e-institutos-de-salud\/","og_site_name":"Apuntes de San Luis","article_published_time":"2024-11-11T13:05:07+00:00","og_image":[{"width":910,"height":495,"url":"https:\/\/apuntesdesanluis.com\/wp-content\/uploads\/2024\/11\/ANLIS-ORGANISMO.png","type":"image\/png"}],"author":"apuntesdesanluis.com","twitter_card":"summary_large_image","twitter_misc":{"Escrito por":"apuntesdesanluis.com","Tiempo de lectura":"2 minutos"},"schema":{"@context":"https:\/\/schema.org","@graph":[{"@type":"Article","@id":"https:\/\/apuntesdesanluis.com\/index.php\/2024\/11\/11\/baja-en-el-gobierno-renuncio-el-titular-de-la-administracion-nacional-de-laboratorios-e-institutos-de-salud\/#article","isPartOf":{"@id":"https:\/\/apuntesdesanluis.com\/index.php\/2024\/11\/11\/baja-en-el-gobierno-renuncio-el-titular-de-la-administracion-nacional-de-laboratorios-e-institutos-de-salud\/"},"author":{"name":"apuntesdesanluis.com","@id":"https:\/\/apuntesdesanluis.com\/#\/schema\/person\/b55151d52296fcce64d1a72538a70b90"},"headline":"BAJA EN EL GOBIERNO: RENUNCI\u00d3 EL TITULAR DE LA ADMINISTRACI\u00d3N NACIONAL DE LABORATORIOS E INSTITUTOS DE SALUD","datePublished":"2024-11-11T13:05:07+00:00","mainEntityOfPage":{"@id":"https:\/\/apuntesdesanluis.com\/index.php\/2024\/11\/11\/baja-en-el-gobierno-renuncio-el-titular-de-la-administracion-nacional-de-laboratorios-e-institutos-de-salud\/"},"wordCount":333,"publisher":{"@id":"https:\/\/apuntesdesanluis.com\/#\/schema\/person\/b55151d52296fcce64d1a72538a70b90"},"image":{"@id":"https:\/\/apuntesdesanluis.com\/index.php\/2024\/11\/11\/baja-en-el-gobierno-renuncio-el-titular-de-la-administracion-nacional-de-laboratorios-e-institutos-de-salud\/#primaryimage"},"thumbnailUrl":"https:\/\/apuntesdesanluis.com\/wp-content\/uploads\/2024\/11\/ANLIS-ORGANISMO.png","articleSection":["Nacionales\/Internacionales"],"inLanguage":"es-AR"},{"@type":"WebPage","@id":"https:\/\/apuntesdesanluis.com\/index.php\/2024\/11\/11\/baja-en-el-gobierno-renuncio-el-titular-de-la-administracion-nacional-de-laboratorios-e-institutos-de-salud\/","url":"https:\/\/apuntesdesanluis.com\/index.php\/2024\/11\/11\/baja-en-el-gobierno-renuncio-el-titular-de-la-administracion-nacional-de-laboratorios-e-institutos-de-salud\/","name":"BAJA EN EL GOBIERNO: RENUNCI\u00d3 EL TITULAR DE LA ADMINISTRACI\u00d3N NACIONAL DE LABORATORIOS E INSTITUTOS DE SALUD - Apuntes de San Luis","isPartOf":{"@id":"https:\/\/apuntesdesanluis.com\/#website"},"primaryImageOfPage":{"@id":"https:\/\/apuntesdesanluis.com\/index.php\/2024\/11\/11\/baja-en-el-gobierno-renuncio-el-titular-de-la-administracion-nacional-de-laboratorios-e-institutos-de-salud\/#primaryimage"},"image":{"@id":"https:\/\/apuntesdesanluis.com\/index.php\/2024\/11\/11\/baja-en-el-gobierno-renuncio-el-titular-de-la-administracion-nacional-de-laboratorios-e-institutos-de-salud\/#primaryimage"},"thumbnailUrl":"https:\/\/apuntesdesanluis.com\/wp-content\/uploads\/2024\/11\/ANLIS-ORGANISMO.png","datePublished":"2024-11-11T13:05:07+00:00","breadcrumb":{"@id":"https:\/\/apuntesdesanluis.com\/index.php\/2024\/11\/11\/baja-en-el-gobierno-renuncio-el-titular-de-la-administracion-nacional-de-laboratorios-e-institutos-de-salud\/#breadcrumb"},"inLanguage":"es-AR","potentialAction":[{"@type":"ReadAction","target":["https:\/\/apuntesdesanluis.com\/index.php\/2024\/11\/11\/baja-en-el-gobierno-renuncio-el-titular-de-la-administracion-nacional-de-laboratorios-e-institutos-de-salud\/"]}]},{"@type":"ImageObject","inLanguage":"es-AR","@id":"https:\/\/apuntesdesanluis.com\/index.php\/2024\/11\/11\/baja-en-el-gobierno-renuncio-el-titular-de-la-administracion-nacional-de-laboratorios-e-institutos-de-salud\/#primaryimage","url":"https:\/\/apuntesdesanluis.com\/wp-content\/uploads\/2024\/11\/ANLIS-ORGANISMO.png","contentUrl":"https:\/\/apuntesdesanluis.com\/wp-content\/uploads\/2024\/11\/ANLIS-ORGANISMO.png","width":910,"height":495},{"@type":"BreadcrumbList","@id":"https:\/\/apuntesdesanluis.com\/index.php\/2024\/11\/11\/baja-en-el-gobierno-renuncio-el-titular-de-la-administracion-nacional-de-laboratorios-e-institutos-de-salud\/#breadcrumb","itemListElement":[{"@type":"ListItem","position":1,"name":"Inicio","item":"https:\/\/apuntesdesanluis.com\/"},{"@type":"ListItem","position":2,"name":"BAJA EN EL GOBIERNO: RENUNCI\u00d3 EL TITULAR DE LA ADMINISTRACI\u00d3N NACIONAL DE LABORATORIOS E INSTITUTOS DE SALUD"}]},{"@type":"WebSite","@id":"https:\/\/apuntesdesanluis.com\/#website","url":"https:\/\/apuntesdesanluis.com\/","name":"Apuntes de San Luis","description":"","publisher":{"@id":"https:\/\/apuntesdesanluis.com\/#\/schema\/person\/b55151d52296fcce64d1a72538a70b90"},"potentialAction":[{"@type":"SearchAction","target":{"@type":"EntryPoint","urlTemplate":"https:\/\/apuntesdesanluis.com\/?s={search_term_string}"},"query-input":{"@type":"PropertyValueSpecification","valueRequired":true,"valueName":"search_term_string"}}],"inLanguage":"es-AR"},{"@type":["Person","Organization"],"@id":"https:\/\/apuntesdesanluis.com\/#\/schema\/person\/b55151d52296fcce64d1a72538a70b90","name":"apuntesdesanluis.com","image":{"@type":"ImageObject","inLanguage":"es-AR","@id":"https:\/\/apuntesdesanluis.com\/#\/schema\/person\/image\/","url":"https:\/\/apuntesdesanluis.com\/wp-content\/uploads\/2023\/07\/cropped-apuntesdesanluis.png","contentUrl":"https:\/\/apuntesdesanluis.com\/wp-content\/uploads\/2023\/07\/cropped-apuntesdesanluis.png","width":450,"height":112,"caption":"apuntesdesanluis.com"},"logo":{"@id":"https:\/\/apuntesdesanluis.com\/#\/schema\/person\/image\/"},"sameAs":["https:\/\/apuntesdesanluis.com"],"url":"https:\/\/apuntesdesanluis.com\/index.php\/author\/apuntesdesanluis-com\/"}]}},"featured_image_urls":{"full":["https:\/\/apuntesdesanluis.com\/wp-content\/uploads\/2024\/11\/ANLIS-ORGANISMO.png",910,495,false],"thumbnail":["https:\/\/apuntesdesanluis.com\/wp-content\/uploads\/2024\/11\/ANLIS-ORGANISMO-150x150.png",150,150,true],"medium":["https:\/\/apuntesdesanluis.com\/wp-content\/uploads\/2024\/11\/ANLIS-ORGANISMO-300x163.png",300,163,true],"medium_large":["https:\/\/apuntesdesanluis.com\/wp-content\/uploads\/2024\/11\/ANLIS-ORGANISMO-768x418.png",640,348,true],"large":["https:\/\/apuntesdesanluis.com\/wp-content\/uploads\/2024\/11\/ANLIS-ORGANISMO.png",640,348,false],"1536x1536":["https:\/\/apuntesdesanluis.com\/wp-content\/uploads\/2024\/11\/ANLIS-ORGANISMO.png",910,495,false],"2048x2048":["https:\/\/apuntesdesanluis.com\/wp-content\/uploads\/2024\/11\/ANLIS-ORGANISMO.png",910,495,false],"newsever-slider-full":["https:\/\/apuntesdesanluis.com\/wp-content\/uploads\/2024\/11\/ANLIS-ORGANISMO.png",910,495,false],"newsever-featured":["https:\/\/apuntesdesanluis.com\/wp-content\/uploads\/2024\/11\/ANLIS-ORGANISMO.png",910,495,false],"newsever-medium":["https:\/\/apuntesdesanluis.com\/wp-content\/uploads\/2024\/11\/ANLIS-ORGANISMO-720x475.png",720,475,true]},"author_info":{"display_name":"apuntesdesanluis.com","author_link":"https:\/\/apuntesdesanluis.com\/index.php\/author\/apuntesdesanluis-com\/"},"category_info":"<a href=\"https:\/\/apuntesdesanluis.com\/index.php\/category\/nacionales-internacionales\/\" rel=\"category tag\">Nacionales\/Internacionales<\/a>","tag_info":"Nacionales\/Internacionales","comment_count":"0","_links":{"self":[{"href":"https:\/\/apuntesdesanluis.com\/index.php\/wp-json\/wp\/v2\/posts\/25085","targetHints":{"allow":["GET"]}}],"collection":[{"href":"https:\/\/apuntesdesanluis.com\/index.php\/wp-json\/wp\/v2\/posts"}],"about":[{"href":"https:\/\/apuntesdesanluis.com\/index.php\/wp-json\/wp\/v2\/types\/post"}],"author":[{"embeddable":true,"href":"https:\/\/apuntesdesanluis.com\/index.php\/wp-json\/wp\/v2\/users\/1"}],"replies":[{"embeddable":true,"href":"https:\/\/apuntesdesanluis.com\/index.php\/wp-json\/wp\/v2\/comments?post=25085"}],"version-history":[{"count":1,"href":"https:\/\/apuntesdesanluis.com\/index.php\/wp-json\/wp\/v2\/posts\/25085\/revisions"}],"predecessor-version":[{"id":25088,"href":"https:\/\/apuntesdesanluis.com\/index.php\/wp-json\/wp\/v2\/posts\/25085\/revisions\/25088"}],"wp:featuredmedia":[{"embeddable":true,"href":"https:\/\/apuntesdesanluis.com\/index.php\/wp-json\/wp\/v2\/media\/25086"}],"wp:attachment":[{"href":"https:\/\/apuntesdesanluis.com\/index.php\/wp-json\/wp\/v2\/media?parent=25085"}],"wp:term":[{"taxonomy":"category","embeddable":true,"href":"https:\/\/apuntesdesanluis.com\/index.php\/wp-json\/wp\/v2\/categories?post=25085"},{"taxonomy":"post_tag","embeddable":true,"href":"https:\/\/apuntesdesanluis.com\/index.php\/wp-json\/wp\/v2\/tags?post=25085"}],"curies":[{"name":"wp","href":"https:\/\/api.w.org\/{rel}","templated":true}]}}