{"id":25093,"date":"2024-11-11T15:28:28","date_gmt":"2024-11-11T18:28:28","guid":{"rendered":"https:\/\/apuntesdesanluis.com\/?p=25093"},"modified":"2024-11-11T15:28:28","modified_gmt":"2024-11-11T18:28:28","slug":"comenzo-la-forestacion-de-los-espejos-de-agua-en-villa-mercedes","status":"publish","type":"post","link":"https:\/\/apuntesdesanluis.com\/index.php\/2024\/11\/11\/comenzo-la-forestacion-de-los-espejos-de-agua-en-villa-mercedes\/","title":{"rendered":"COMENZ\u00d3 LA FORESTACI\u00d3N DE LOS ESPEJOS DE AGUA EN VILLA MERCEDES"},"content":{"rendered":"<h3>Es la primera parte del pulm\u00f3n verde que realizar\u00e1n en las 55 hect\u00e1reas del predio, para conservar la biodiversidad, de gran valor ecol\u00f3gico y tur\u00edstico.\u00a0La cortina forestal de los Espejos de Agua estar\u00e1 constituida por 200 ejemplares.<\/h3>\n<h3>El espacio natural se destaca por su gran diversidad de aves, peces y flora nativa, convirti\u00e9ndolo en un valioso recurso para la biodiversidad local.<\/h3>\n<h3>La propuesta es para proteger el entorno natural y la vida silvestre que alberga, sino tambi\u00e9n realzar el atractivo tur\u00edstico del balneario, que es de gran importancia para la comunidad de Villa Mercedes. La plantaci\u00f3n fue realizada por trabajadores de Arbolado de Espacios P\u00fablicos y los ejemplares fueron producidos en los viveros a cargo de Ambiente y Desarrollo Sustentable.<\/h3>\n<h3><img fetchpriority=\"high\" decoding=\"async\" class=\"wp-image-25095 aligncenter\" src=\"https:\/\/apuntesdesanluis.com\/wp-content\/uploads\/2024\/11\/forestacion-300x192.png\" alt=\"\" width=\"616\" height=\"394\" srcset=\"https:\/\/apuntesdesanluis.com\/wp-content\/uploads\/2024\/11\/forestacion-300x192.png 300w, https:\/\/apuntesdesanluis.com\/wp-content\/uploads\/2024\/11\/forestacion.png 715w\" sizes=\"(max-width: 616px) 100vw, 616px\" \/><\/h3>\n<h3>Esta acci\u00f3n forma parte del Plan Anual de Forestaci\u00f3n, cuyo objetivo es reforestar todo el territorio de la provincia para recuperar zonas verdes, biocorredores, sanear los ecosistemas y mitigar el cambio clim\u00e1tico.<\/h3>\n<h3>Este programa es coordinado log\u00edsticamente por el \u00e1rea de Viveros Provinciales. Para su correcta y eficiente implementaci\u00f3n se ha vinculado la cartera ambiental junto a municipios y organismos p\u00fablicos. De esta manera, se dise\u00f1an en conjunto las \u00e1reas a reforestar y se garantiza el cuidado, la poda y riego de los nuevos \u00e1rboles.<\/h3>\n<h3>Cada actividad se diagrama estrat\u00e9gicamente en distintas etapas, seg\u00fan las caracter\u00edsticas de cada regi\u00f3n, las condiciones del suelo y necesidades de los diferentes espacios.<\/h3>\n<h3>Estas acciones fomentan la participaci\u00f3n ciudadana, fortaleciendo a las comunidades y su sentido de pertenencia con la localidad. La iniciativa no solo tiene un fin ornamental, sino que tambi\u00e9n busca ampliar los pulmones verdes en municipios, espacios p\u00fablicos, rutas y caminos provinciales, aumentando la tasa de producci\u00f3n de ox\u00edgeno para contribuir en la lucha contra el cambio clim\u00e1tico.<\/h3>\n<p>&nbsp;<\/p>\n<p>&nbsp;<\/p>\n<p>&nbsp;<\/p>\n<p>&nbsp;<\/p>\n","protected":false},"excerpt":{"rendered":"<p>Es la primera parte del pulm\u00f3n verde que realizar\u00e1n en las 55 hect\u00e1reas del predio,&#8230;<\/p>\n","protected":false},"author":1,"featured_media":25094,"comment_status":"closed","ping_status":"closed","sticky":false,"template":"","format":"standard","meta":{"footnotes":""},"categories":[6],"tags":[],"class_list":["post-25093","post","type-post","status-publish","format-standard","has-post-thumbnail","hentry","category-ciudad-provincia"],"yoast_head":"<!-- This site is optimized with the Yoast SEO plugin v26.1.1 - https:\/\/yoast.com\/wordpress\/plugins\/seo\/ -->\n<title>COMENZ\u00d3 LA FORESTACI\u00d3N DE LOS ESPEJOS DE AGUA EN VILLA MERCEDES - Apuntes de San Luis<\/title>\n<meta name=\"robots\" content=\"index, follow, max-snippet:-1, max-image-preview:large, max-video-preview:-1\" \/>\n<link rel=\"canonical\" href=\"https:\/\/apuntesdesanluis.com\/index.php\/2024\/11\/11\/comenzo-la-forestacion-de-los-espejos-de-agua-en-villa-mercedes\/\" \/>\n<meta property=\"og:locale\" content=\"es_ES\" \/>\n<meta property=\"og:type\" content=\"article\" \/>\n<meta property=\"og:title\" content=\"COMENZ\u00d3 LA FORESTACI\u00d3N DE LOS ESPEJOS DE AGUA EN VILLA MERCEDES - Apuntes de San Luis\" \/>\n<meta property=\"og:description\" content=\"Es la primera parte del pulm\u00f3n verde que realizar\u00e1n en las 55 hect\u00e1reas del predio,...\" \/>\n<meta property=\"og:url\" content=\"https:\/\/apuntesdesanluis.com\/index.php\/2024\/11\/11\/comenzo-la-forestacion-de-los-espejos-de-agua-en-villa-mercedes\/\" \/>\n<meta property=\"og:site_name\" content=\"Apuntes de San Luis\" \/>\n<meta property=\"article:published_time\" content=\"2024-11-11T18:28:28+00:00\" \/>\n<meta property=\"og:image\" content=\"https:\/\/apuntesdesanluis.com\/wp-content\/uploads\/2024\/11\/espejos-de-agua-forestacion.png\" \/>\n\t<meta property=\"og:image:width\" content=\"916\" \/>\n\t<meta property=\"og:image:height\" content=\"585\" \/>\n\t<meta property=\"og:image:type\" content=\"image\/png\" \/>\n<meta name=\"author\" content=\"apuntesdesanluis.com\" \/>\n<meta name=\"twitter:card\" content=\"summary_large_image\" \/>\n<meta name=\"twitter:label1\" content=\"Escrito por\" \/>\n\t<meta name=\"twitter:data1\" content=\"apuntesdesanluis.com\" \/>\n\t<meta name=\"twitter:label2\" content=\"Tiempo de lectura\" \/>\n\t<meta name=\"twitter:data2\" content=\"2 minutos\" \/>\n<script type=\"application\/ld+json\" class=\"yoast-schema-graph\">{\"@context\":\"https:\/\/schema.org\",\"@graph\":[{\"@type\":\"Article\",\"@id\":\"https:\/\/apuntesdesanluis.com\/index.php\/2024\/11\/11\/comenzo-la-forestacion-de-los-espejos-de-agua-en-villa-mercedes\/#article\",\"isPartOf\":{\"@id\":\"https:\/\/apuntesdesanluis.com\/index.php\/2024\/11\/11\/comenzo-la-forestacion-de-los-espejos-de-agua-en-villa-mercedes\/\"},\"author\":{\"name\":\"apuntesdesanluis.com\",\"@id\":\"https:\/\/apuntesdesanluis.com\/#\/schema\/person\/b55151d52296fcce64d1a72538a70b90\"},\"headline\":\"COMENZ\u00d3 LA FORESTACI\u00d3N DE LOS ESPEJOS DE AGUA EN VILLA MERCEDES\",\"datePublished\":\"2024-11-11T18:28:28+00:00\",\"mainEntityOfPage\":{\"@id\":\"https:\/\/apuntesdesanluis.com\/index.php\/2024\/11\/11\/comenzo-la-forestacion-de-los-espejos-de-agua-en-villa-mercedes\/\"},\"wordCount\":329,\"publisher\":{\"@id\":\"https:\/\/apuntesdesanluis.com\/#\/schema\/person\/b55151d52296fcce64d1a72538a70b90\"},\"image\":{\"@id\":\"https:\/\/apuntesdesanluis.com\/index.php\/2024\/11\/11\/comenzo-la-forestacion-de-los-espejos-de-agua-en-villa-mercedes\/#primaryimage\"},\"thumbnailUrl\":\"https:\/\/apuntesdesanluis.com\/wp-content\/uploads\/2024\/11\/espejos-de-agua-forestacion.png\",\"articleSection\":[\"Ciudad\/Provincia\"],\"inLanguage\":\"es-AR\"},{\"@type\":\"WebPage\",\"@id\":\"https:\/\/apuntesdesanluis.com\/index.php\/2024\/11\/11\/comenzo-la-forestacion-de-los-espejos-de-agua-en-villa-mercedes\/\",\"url\":\"https:\/\/apuntesdesanluis.com\/index.php\/2024\/11\/11\/comenzo-la-forestacion-de-los-espejos-de-agua-en-villa-mercedes\/\",\"name\":\"COMENZ\u00d3 LA FORESTACI\u00d3N DE LOS ESPEJOS DE AGUA EN VILLA MERCEDES - Apuntes de San Luis\",\"isPartOf\":{\"@id\":\"https:\/\/apuntesdesanluis.com\/#website\"},\"primaryImageOfPage\":{\"@id\":\"https:\/\/apuntesdesanluis.com\/index.php\/2024\/11\/11\/comenzo-la-forestacion-de-los-espejos-de-agua-en-villa-mercedes\/#primaryimage\"},\"image\":{\"@id\":\"https:\/\/apuntesdesanluis.com\/index.php\/2024\/11\/11\/comenzo-la-forestacion-de-los-espejos-de-agua-en-villa-mercedes\/#primaryimage\"},\"thumbnailUrl\":\"https:\/\/apuntesdesanluis.com\/wp-content\/uploads\/2024\/11\/espejos-de-agua-forestacion.png\",\"datePublished\":\"2024-11-11T18:28:28+00:00\",\"breadcrumb\":{\"@id\":\"https:\/\/apuntesdesanluis.com\/index.php\/2024\/11\/11\/comenzo-la-forestacion-de-los-espejos-de-agua-en-villa-mercedes\/#breadcrumb\"},\"inLanguage\":\"es-AR\",\"potentialAction\":[{\"@type\":\"ReadAction\",\"target\":[\"https:\/\/apuntesdesanluis.com\/index.php\/2024\/11\/11\/comenzo-la-forestacion-de-los-espejos-de-agua-en-villa-mercedes\/\"]}]},{\"@type\":\"ImageObject\",\"inLanguage\":\"es-AR\",\"@id\":\"https:\/\/apuntesdesanluis.com\/index.php\/2024\/11\/11\/comenzo-la-forestacion-de-los-espejos-de-agua-en-villa-mercedes\/#primaryimage\",\"url\":\"https:\/\/apuntesdesanluis.com\/wp-content\/uploads\/2024\/11\/espejos-de-agua-forestacion.png\",\"contentUrl\":\"https:\/\/apuntesdesanluis.com\/wp-content\/uploads\/2024\/11\/espejos-de-agua-forestacion.png\",\"width\":916,\"height\":585},{\"@type\":\"BreadcrumbList\",\"@id\":\"https:\/\/apuntesdesanluis.com\/index.php\/2024\/11\/11\/comenzo-la-forestacion-de-los-espejos-de-agua-en-villa-mercedes\/#breadcrumb\",\"itemListElement\":[{\"@type\":\"ListItem\",\"position\":1,\"name\":\"Inicio\",\"item\":\"https:\/\/apuntesdesanluis.com\/\"},{\"@type\":\"ListItem\",\"position\":2,\"name\":\"COMENZ\u00d3 LA FORESTACI\u00d3N DE LOS ESPEJOS DE AGUA EN VILLA MERCEDES\"}]},{\"@type\":\"WebSite\",\"@id\":\"https:\/\/apuntesdesanluis.com\/#website\",\"url\":\"https:\/\/apuntesdesanluis.com\/\",\"name\":\"Apuntes de San Luis\",\"description\":\"\",\"publisher\":{\"@id\":\"https:\/\/apuntesdesanluis.com\/#\/schema\/person\/b55151d52296fcce64d1a72538a70b90\"},\"potentialAction\":[{\"@type\":\"SearchAction\",\"target\":{\"@type\":\"EntryPoint\",\"urlTemplate\":\"https:\/\/apuntesdesanluis.com\/?s={search_term_string}\"},\"query-input\":{\"@type\":\"PropertyValueSpecification\",\"valueRequired\":true,\"valueName\":\"search_term_string\"}}],\"inLanguage\":\"es-AR\"},{\"@type\":[\"Person\",\"Organization\"],\"@id\":\"https:\/\/apuntesdesanluis.com\/#\/schema\/person\/b55151d52296fcce64d1a72538a70b90\",\"name\":\"apuntesdesanluis.com\",\"image\":{\"@type\":\"ImageObject\",\"inLanguage\":\"es-AR\",\"@id\":\"https:\/\/apuntesdesanluis.com\/#\/schema\/person\/image\/\",\"url\":\"https:\/\/apuntesdesanluis.com\/wp-content\/uploads\/2023\/07\/cropped-apuntesdesanluis.png\",\"contentUrl\":\"https:\/\/apuntesdesanluis.com\/wp-content\/uploads\/2023\/07\/cropped-apuntesdesanluis.png\",\"width\":450,\"height\":112,\"caption\":\"apuntesdesanluis.com\"},\"logo\":{\"@id\":\"https:\/\/apuntesdesanluis.com\/#\/schema\/person\/image\/\"},\"sameAs\":[\"https:\/\/apuntesdesanluis.com\"],\"url\":\"https:\/\/apuntesdesanluis.com\/index.php\/author\/apuntesdesanluis-com\/\"}]}<\/script>\n<!-- \/ Yoast SEO plugin. -->","yoast_head_json":{"title":"COMENZ\u00d3 LA FORESTACI\u00d3N DE LOS ESPEJOS DE AGUA EN VILLA MERCEDES - Apuntes de San Luis","robots":{"index":"index","follow":"follow","max-snippet":"max-snippet:-1","max-image-preview":"max-image-preview:large","max-video-preview":"max-video-preview:-1"},"canonical":"https:\/\/apuntesdesanluis.com\/index.php\/2024\/11\/11\/comenzo-la-forestacion-de-los-espejos-de-agua-en-villa-mercedes\/","og_locale":"es_ES","og_type":"article","og_title":"COMENZ\u00d3 LA FORESTACI\u00d3N DE LOS ESPEJOS DE AGUA EN VILLA MERCEDES - Apuntes de San Luis","og_description":"Es la primera parte del pulm\u00f3n verde que realizar\u00e1n en las 55 hect\u00e1reas del predio,...","og_url":"https:\/\/apuntesdesanluis.com\/index.php\/2024\/11\/11\/comenzo-la-forestacion-de-los-espejos-de-agua-en-villa-mercedes\/","og_site_name":"Apuntes de San Luis","article_published_time":"2024-11-11T18:28:28+00:00","og_image":[{"width":916,"height":585,"url":"https:\/\/apuntesdesanluis.com\/wp-content\/uploads\/2024\/11\/espejos-de-agua-forestacion.png","type":"image\/png"}],"author":"apuntesdesanluis.com","twitter_card":"summary_large_image","twitter_misc":{"Escrito por":"apuntesdesanluis.com","Tiempo de lectura":"2 minutos"},"schema":{"@context":"https:\/\/schema.org","@graph":[{"@type":"Article","@id":"https:\/\/apuntesdesanluis.com\/index.php\/2024\/11\/11\/comenzo-la-forestacion-de-los-espejos-de-agua-en-villa-mercedes\/#article","isPartOf":{"@id":"https:\/\/apuntesdesanluis.com\/index.php\/2024\/11\/11\/comenzo-la-forestacion-de-los-espejos-de-agua-en-villa-mercedes\/"},"author":{"name":"apuntesdesanluis.com","@id":"https:\/\/apuntesdesanluis.com\/#\/schema\/person\/b55151d52296fcce64d1a72538a70b90"},"headline":"COMENZ\u00d3 LA FORESTACI\u00d3N DE LOS ESPEJOS DE AGUA EN VILLA MERCEDES","datePublished":"2024-11-11T18:28:28+00:00","mainEntityOfPage":{"@id":"https:\/\/apuntesdesanluis.com\/index.php\/2024\/11\/11\/comenzo-la-forestacion-de-los-espejos-de-agua-en-villa-mercedes\/"},"wordCount":329,"publisher":{"@id":"https:\/\/apuntesdesanluis.com\/#\/schema\/person\/b55151d52296fcce64d1a72538a70b90"},"image":{"@id":"https:\/\/apuntesdesanluis.com\/index.php\/2024\/11\/11\/comenzo-la-forestacion-de-los-espejos-de-agua-en-villa-mercedes\/#primaryimage"},"thumbnailUrl":"https:\/\/apuntesdesanluis.com\/wp-content\/uploads\/2024\/11\/espejos-de-agua-forestacion.png","articleSection":["Ciudad\/Provincia"],"inLanguage":"es-AR"},{"@type":"WebPage","@id":"https:\/\/apuntesdesanluis.com\/index.php\/2024\/11\/11\/comenzo-la-forestacion-de-los-espejos-de-agua-en-villa-mercedes\/","url":"https:\/\/apuntesdesanluis.com\/index.php\/2024\/11\/11\/comenzo-la-forestacion-de-los-espejos-de-agua-en-villa-mercedes\/","name":"COMENZ\u00d3 LA FORESTACI\u00d3N DE LOS ESPEJOS DE AGUA EN VILLA MERCEDES - Apuntes de San Luis","isPartOf":{"@id":"https:\/\/apuntesdesanluis.com\/#website"},"primaryImageOfPage":{"@id":"https:\/\/apuntesdesanluis.com\/index.php\/2024\/11\/11\/comenzo-la-forestacion-de-los-espejos-de-agua-en-villa-mercedes\/#primaryimage"},"image":{"@id":"https:\/\/apuntesdesanluis.com\/index.php\/2024\/11\/11\/comenzo-la-forestacion-de-los-espejos-de-agua-en-villa-mercedes\/#primaryimage"},"thumbnailUrl":"https:\/\/apuntesdesanluis.com\/wp-content\/uploads\/2024\/11\/espejos-de-agua-forestacion.png","datePublished":"2024-11-11T18:28:28+00:00","breadcrumb":{"@id":"https:\/\/apuntesdesanluis.com\/index.php\/2024\/11\/11\/comenzo-la-forestacion-de-los-espejos-de-agua-en-villa-mercedes\/#breadcrumb"},"inLanguage":"es-AR","potentialAction":[{"@type":"ReadAction","target":["https:\/\/apuntesdesanluis.com\/index.php\/2024\/11\/11\/comenzo-la-forestacion-de-los-espejos-de-agua-en-villa-mercedes\/"]}]},{"@type":"ImageObject","inLanguage":"es-AR","@id":"https:\/\/apuntesdesanluis.com\/index.php\/2024\/11\/11\/comenzo-la-forestacion-de-los-espejos-de-agua-en-villa-mercedes\/#primaryimage","url":"https:\/\/apuntesdesanluis.com\/wp-content\/uploads\/2024\/11\/espejos-de-agua-forestacion.png","contentUrl":"https:\/\/apuntesdesanluis.com\/wp-content\/uploads\/2024\/11\/espejos-de-agua-forestacion.png","width":916,"height":585},{"@type":"BreadcrumbList","@id":"https:\/\/apuntesdesanluis.com\/index.php\/2024\/11\/11\/comenzo-la-forestacion-de-los-espejos-de-agua-en-villa-mercedes\/#breadcrumb","itemListElement":[{"@type":"ListItem","position":1,"name":"Inicio","item":"https:\/\/apuntesdesanluis.com\/"},{"@type":"ListItem","position":2,"name":"COMENZ\u00d3 LA FORESTACI\u00d3N DE LOS ESPEJOS DE AGUA EN VILLA MERCEDES"}]},{"@type":"WebSite","@id":"https:\/\/apuntesdesanluis.com\/#website","url":"https:\/\/apuntesdesanluis.com\/","name":"Apuntes de San Luis","description":"","publisher":{"@id":"https:\/\/apuntesdesanluis.com\/#\/schema\/person\/b55151d52296fcce64d1a72538a70b90"},"potentialAction":[{"@type":"SearchAction","target":{"@type":"EntryPoint","urlTemplate":"https:\/\/apuntesdesanluis.com\/?s={search_term_string}"},"query-input":{"@type":"PropertyValueSpecification","valueRequired":true,"valueName":"search_term_string"}}],"inLanguage":"es-AR"},{"@type":["Person","Organization"],"@id":"https:\/\/apuntesdesanluis.com\/#\/schema\/person\/b55151d52296fcce64d1a72538a70b90","name":"apuntesdesanluis.com","image":{"@type":"ImageObject","inLanguage":"es-AR","@id":"https:\/\/apuntesdesanluis.com\/#\/schema\/person\/image\/","url":"https:\/\/apuntesdesanluis.com\/wp-content\/uploads\/2023\/07\/cropped-apuntesdesanluis.png","contentUrl":"https:\/\/apuntesdesanluis.com\/wp-content\/uploads\/2023\/07\/cropped-apuntesdesanluis.png","width":450,"height":112,"caption":"apuntesdesanluis.com"},"logo":{"@id":"https:\/\/apuntesdesanluis.com\/#\/schema\/person\/image\/"},"sameAs":["https:\/\/apuntesdesanluis.com"],"url":"https:\/\/apuntesdesanluis.com\/index.php\/author\/apuntesdesanluis-com\/"}]}},"featured_image_urls":{"full":["https:\/\/apuntesdesanluis.com\/wp-content\/uploads\/2024\/11\/espejos-de-agua-forestacion.png",916,585,false],"thumbnail":["https:\/\/apuntesdesanluis.com\/wp-content\/uploads\/2024\/11\/espejos-de-agua-forestacion-150x150.png",150,150,true],"medium":["https:\/\/apuntesdesanluis.com\/wp-content\/uploads\/2024\/11\/espejos-de-agua-forestacion-300x192.png",300,192,true],"medium_large":["https:\/\/apuntesdesanluis.com\/wp-content\/uploads\/2024\/11\/espejos-de-agua-forestacion-768x490.png",640,408,true],"large":["https:\/\/apuntesdesanluis.com\/wp-content\/uploads\/2024\/11\/espejos-de-agua-forestacion.png",640,409,false],"1536x1536":["https:\/\/apuntesdesanluis.com\/wp-content\/uploads\/2024\/11\/espejos-de-agua-forestacion.png",916,585,false],"2048x2048":["https:\/\/apuntesdesanluis.com\/wp-content\/uploads\/2024\/11\/espejos-de-agua-forestacion.png",916,585,false],"newsever-slider-full":["https:\/\/apuntesdesanluis.com\/wp-content\/uploads\/2024\/11\/espejos-de-agua-forestacion.png",916,585,false],"newsever-featured":["https:\/\/apuntesdesanluis.com\/wp-content\/uploads\/2024\/11\/espejos-de-agua-forestacion.png",916,585,false],"newsever-medium":["https:\/\/apuntesdesanluis.com\/wp-content\/uploads\/2024\/11\/espejos-de-agua-forestacion-720x475.png",720,475,true]},"author_info":{"display_name":"apuntesdesanluis.com","author_link":"https:\/\/apuntesdesanluis.com\/index.php\/author\/apuntesdesanluis-com\/"},"category_info":"<a href=\"https:\/\/apuntesdesanluis.com\/index.php\/category\/ciudad-provincia\/\" rel=\"category tag\">Ciudad\/Provincia<\/a>","tag_info":"Ciudad\/Provincia","comment_count":"0","_links":{"self":[{"href":"https:\/\/apuntesdesanluis.com\/index.php\/wp-json\/wp\/v2\/posts\/25093","targetHints":{"allow":["GET"]}}],"collection":[{"href":"https:\/\/apuntesdesanluis.com\/index.php\/wp-json\/wp\/v2\/posts"}],"about":[{"href":"https:\/\/apuntesdesanluis.com\/index.php\/wp-json\/wp\/v2\/types\/post"}],"author":[{"embeddable":true,"href":"https:\/\/apuntesdesanluis.com\/index.php\/wp-json\/wp\/v2\/users\/1"}],"replies":[{"embeddable":true,"href":"https:\/\/apuntesdesanluis.com\/index.php\/wp-json\/wp\/v2\/comments?post=25093"}],"version-history":[{"count":1,"href":"https:\/\/apuntesdesanluis.com\/index.php\/wp-json\/wp\/v2\/posts\/25093\/revisions"}],"predecessor-version":[{"id":25096,"href":"https:\/\/apuntesdesanluis.com\/index.php\/wp-json\/wp\/v2\/posts\/25093\/revisions\/25096"}],"wp:featuredmedia":[{"embeddable":true,"href":"https:\/\/apuntesdesanluis.com\/index.php\/wp-json\/wp\/v2\/media\/25094"}],"wp:attachment":[{"href":"https:\/\/apuntesdesanluis.com\/index.php\/wp-json\/wp\/v2\/media?parent=25093"}],"wp:term":[{"taxonomy":"category","embeddable":true,"href":"https:\/\/apuntesdesanluis.com\/index.php\/wp-json\/wp\/v2\/categories?post=25093"},{"taxonomy":"post_tag","embeddable":true,"href":"https:\/\/apuntesdesanluis.com\/index.php\/wp-json\/wp\/v2\/tags?post=25093"}],"curies":[{"name":"wp","href":"https:\/\/api.w.org\/{rel}","templated":true}]}}