{"id":25133,"date":"2024-11-12T18:51:57","date_gmt":"2024-11-12T21:51:57","guid":{"rendered":"https:\/\/apuntesdesanluis.com\/?p=25133"},"modified":"2024-11-12T18:56:38","modified_gmt":"2024-11-12T21:56:38","slug":"cine-solidario-avant-premiere-de-garage-a-beneficio-de-colegiales","status":"publish","type":"post","link":"https:\/\/apuntesdesanluis.com\/index.php\/2024\/11\/12\/cine-solidario-avant-premiere-de-garage-a-beneficio-de-colegiales\/","title":{"rendered":"CINE SOLIDARIO: AVANT PREMIERE DE \u201cGARAGE\u2026\u201d, A BENEFICIO DE COLEGIALES"},"content":{"rendered":"<h3>Este <strong>mi\u00e9rcoles 13<\/strong> se produce el estreno en Villa Mercedes de la premiada <strong>\u201cGarage, concheros &amp; hueveros\u201d,<\/strong> dirigida por <strong>C\u00e9sar Albarrac\u00edn<\/strong>, que gan\u00f3 el primer premio en la cuarta edici\u00f3n del festival \u2018Cine en Las Sierras\u2019, que se llev\u00f3 a cabo del 3 al 5 de octubre en San Francisco del Monte de Oro.<\/h3>\n<h3>La cita es a las 22:30 h en <strong>Cines F\u00e9nix<\/strong>, con una promoci\u00f3n 2&#215;1, cuya recaudaci\u00f3n estar\u00e1 destinada a efectuar mejoras en el Club Atl\u00e9tico Colegiales y generar espacios culturales en el mismo.<\/h3>\n<h3>\u201cUn joven con un padre violento decide irse de su casa a vivir a un garage, para cumplir su sue\u00f1o de dedicarse al teatro, lejos de los mandatos familiares\u201d, relata la sinopsis del largometraje de ficci\u00f3n.<\/h3>\n<p><img fetchpriority=\"high\" decoding=\"async\" class=\"wp-image-25135 aligncenter\" src=\"https:\/\/apuntesdesanluis.com\/wp-content\/uploads\/2024\/11\/garage-solidario-212x300.jpg\" alt=\"\" width=\"548\" height=\"775\" srcset=\"https:\/\/apuntesdesanluis.com\/wp-content\/uploads\/2024\/11\/garage-solidario-212x300.jpg 212w, https:\/\/apuntesdesanluis.com\/wp-content\/uploads\/2024\/11\/garage-solidario-724x1024.jpg 724w, https:\/\/apuntesdesanluis.com\/wp-content\/uploads\/2024\/11\/garage-solidario-768x1086.jpg 768w, https:\/\/apuntesdesanluis.com\/wp-content\/uploads\/2024\/11\/garage-solidario-1087x1536.jpg 1087w, https:\/\/apuntesdesanluis.com\/wp-content\/uploads\/2024\/11\/garage-solidario-1024x1447.jpg 1024w, https:\/\/apuntesdesanluis.com\/wp-content\/uploads\/2024\/11\/garage-solidario.jpg 1132w\" sizes=\"(max-width: 548px) 100vw, 548px\" \/><\/p>\n<h3>El film fue producido por \u2018Quique\u2019 Santos; la direcci\u00f3n y la producci\u00f3n ejecutiva fueron de C\u00e9sar Albarrac\u00edn. El elenco lo integraron Facundo Navarro, Juan Luppi, Luciana Baba, Chamaco Peyronel, Mar\u00eda Laura Topa y Patricio Gonzalo.<\/h3>\n<h3>\u201cEsta pel\u00edcula es la \u00faltima que produjo y so\u00f1\u00f3 \u2018Quique\u2019 Santos, un productor con mucha historia con San Luis. \u00c9l quer\u00eda hacer un largometraje sobre la amistad, la lucha por los sue\u00f1os, la crudeza de la vida. No pudo verla estrenada, falleci\u00f3 antes. Si bien se grab\u00f3 en Buenos Aires, se llev\u00f3 un equipo de nuestra provincia. Proyectarla es un lindo homenaje para \u2018Quique\u2019 y para todos los so\u00f1adores que intentan vivir del arte\u201d, expres\u00f3 el director villamercedino.<\/h3>\n<h3>Una linda oportunidad para apoyar a los creadores locales que siguen apostando al s\u00e9ptimo arte, a pesar de todos los recortes, y a una querida instituci\u00f3n deportiva de la ciudad.<\/h3>\n<p>&nbsp;<\/p>\n<h3><span style=\"color: #3366ff;\"><strong>NOTA RELACIONADA:<\/strong><\/span><\/h3>\n<p><a href=\"https:\/\/apuntesdesanluis.com\/index.php\/2024\/10\/12\/producciones-de-cinestas-locales-ganaron-en-el-festival-de-san-francisco\/\" target=\"_blank\" rel=\"noopener\"><img decoding=\"async\" class=\"alignnone wp-image-25137\" src=\"https:\/\/apuntesdesanluis.com\/wp-content\/uploads\/2024\/11\/apuntes-nota-300x98.png\" alt=\"\" width=\"469\" height=\"153\" srcset=\"https:\/\/apuntesdesanluis.com\/wp-content\/uploads\/2024\/11\/apuntes-nota-300x98.png 300w, https:\/\/apuntesdesanluis.com\/wp-content\/uploads\/2024\/11\/apuntes-nota-1024x333.png 1024w, https:\/\/apuntesdesanluis.com\/wp-content\/uploads\/2024\/11\/apuntes-nota-768x250.png 768w, https:\/\/apuntesdesanluis.com\/wp-content\/uploads\/2024\/11\/apuntes-nota.png 1521w\" sizes=\"(max-width: 469px) 100vw, 469px\" \/><\/a><\/p>\n<p>&nbsp;<\/p>\n<p>&nbsp;<\/p>\n<p>&nbsp;<\/p>\n<p>&nbsp;<\/p>\n","protected":false},"excerpt":{"rendered":"<p>Este mi\u00e9rcoles 13 se produce el estreno en Villa Mercedes de la premiada \u201cGarage, concheros&#8230;<\/p>\n","protected":false},"author":1,"featured_media":25134,"comment_status":"closed","ping_status":"closed","sticky":false,"template":"","format":"standard","meta":{"footnotes":""},"categories":[6],"tags":[],"class_list":["post-25133","post","type-post","status-publish","format-standard","has-post-thumbnail","hentry","category-ciudad-provincia"],"yoast_head":"<!-- This site is optimized with the Yoast SEO plugin v26.1.1 - https:\/\/yoast.com\/wordpress\/plugins\/seo\/ -->\n<title>CINE SOLIDARIO: AVANT PREMIERE DE \u201cGARAGE\u2026\u201d, A BENEFICIO DE COLEGIALES - Apuntes de San Luis<\/title>\n<meta name=\"robots\" content=\"index, follow, max-snippet:-1, max-image-preview:large, max-video-preview:-1\" \/>\n<link rel=\"canonical\" href=\"https:\/\/apuntesdesanluis.com\/index.php\/2024\/11\/12\/cine-solidario-avant-premiere-de-garage-a-beneficio-de-colegiales\/\" \/>\n<meta property=\"og:locale\" content=\"es_ES\" \/>\n<meta property=\"og:type\" content=\"article\" \/>\n<meta property=\"og:title\" content=\"CINE SOLIDARIO: AVANT PREMIERE DE \u201cGARAGE\u2026\u201d, A BENEFICIO DE COLEGIALES - Apuntes de San Luis\" \/>\n<meta property=\"og:description\" content=\"Este mi\u00e9rcoles 13 se produce el estreno en Villa Mercedes de la premiada \u201cGarage, concheros...\" \/>\n<meta property=\"og:url\" content=\"https:\/\/apuntesdesanluis.com\/index.php\/2024\/11\/12\/cine-solidario-avant-premiere-de-garage-a-beneficio-de-colegiales\/\" \/>\n<meta property=\"og:site_name\" content=\"Apuntes de San Luis\" \/>\n<meta property=\"article:published_time\" content=\"2024-11-12T21:51:57+00:00\" \/>\n<meta property=\"article:modified_time\" content=\"2024-11-12T21:56:38+00:00\" \/>\n<meta property=\"og:image\" content=\"https:\/\/apuntesdesanluis.com\/wp-content\/uploads\/2024\/11\/garage-cesar-albarracin.png\" \/>\n\t<meta property=\"og:image:width\" content=\"547\" \/>\n\t<meta property=\"og:image:height\" content=\"336\" \/>\n\t<meta property=\"og:image:type\" content=\"image\/png\" \/>\n<meta name=\"author\" content=\"apuntesdesanluis.com\" \/>\n<meta name=\"twitter:card\" content=\"summary_large_image\" \/>\n<meta name=\"twitter:label1\" content=\"Escrito por\" \/>\n\t<meta name=\"twitter:data1\" content=\"apuntesdesanluis.com\" \/>\n\t<meta name=\"twitter:label2\" content=\"Tiempo de lectura\" \/>\n\t<meta name=\"twitter:data2\" content=\"2 minutos\" \/>\n<script type=\"application\/ld+json\" class=\"yoast-schema-graph\">{\"@context\":\"https:\/\/schema.org\",\"@graph\":[{\"@type\":\"Article\",\"@id\":\"https:\/\/apuntesdesanluis.com\/index.php\/2024\/11\/12\/cine-solidario-avant-premiere-de-garage-a-beneficio-de-colegiales\/#article\",\"isPartOf\":{\"@id\":\"https:\/\/apuntesdesanluis.com\/index.php\/2024\/11\/12\/cine-solidario-avant-premiere-de-garage-a-beneficio-de-colegiales\/\"},\"author\":{\"name\":\"apuntesdesanluis.com\",\"@id\":\"https:\/\/apuntesdesanluis.com\/#\/schema\/person\/b55151d52296fcce64d1a72538a70b90\"},\"headline\":\"CINE SOLIDARIO: AVANT PREMIERE DE \u201cGARAGE\u2026\u201d, A BENEFICIO DE COLEGIALES\",\"datePublished\":\"2024-11-12T21:51:57+00:00\",\"dateModified\":\"2024-11-12T21:56:38+00:00\",\"mainEntityOfPage\":{\"@id\":\"https:\/\/apuntesdesanluis.com\/index.php\/2024\/11\/12\/cine-solidario-avant-premiere-de-garage-a-beneficio-de-colegiales\/\"},\"wordCount\":300,\"publisher\":{\"@id\":\"https:\/\/apuntesdesanluis.com\/#\/schema\/person\/b55151d52296fcce64d1a72538a70b90\"},\"image\":{\"@id\":\"https:\/\/apuntesdesanluis.com\/index.php\/2024\/11\/12\/cine-solidario-avant-premiere-de-garage-a-beneficio-de-colegiales\/#primaryimage\"},\"thumbnailUrl\":\"https:\/\/apuntesdesanluis.com\/wp-content\/uploads\/2024\/11\/garage-cesar-albarracin.png\",\"articleSection\":[\"Ciudad\/Provincia\"],\"inLanguage\":\"es-AR\"},{\"@type\":\"WebPage\",\"@id\":\"https:\/\/apuntesdesanluis.com\/index.php\/2024\/11\/12\/cine-solidario-avant-premiere-de-garage-a-beneficio-de-colegiales\/\",\"url\":\"https:\/\/apuntesdesanluis.com\/index.php\/2024\/11\/12\/cine-solidario-avant-premiere-de-garage-a-beneficio-de-colegiales\/\",\"name\":\"CINE SOLIDARIO: AVANT PREMIERE DE \u201cGARAGE\u2026\u201d, A BENEFICIO DE COLEGIALES - Apuntes de San Luis\",\"isPartOf\":{\"@id\":\"https:\/\/apuntesdesanluis.com\/#website\"},\"primaryImageOfPage\":{\"@id\":\"https:\/\/apuntesdesanluis.com\/index.php\/2024\/11\/12\/cine-solidario-avant-premiere-de-garage-a-beneficio-de-colegiales\/#primaryimage\"},\"image\":{\"@id\":\"https:\/\/apuntesdesanluis.com\/index.php\/2024\/11\/12\/cine-solidario-avant-premiere-de-garage-a-beneficio-de-colegiales\/#primaryimage\"},\"thumbnailUrl\":\"https:\/\/apuntesdesanluis.com\/wp-content\/uploads\/2024\/11\/garage-cesar-albarracin.png\",\"datePublished\":\"2024-11-12T21:51:57+00:00\",\"dateModified\":\"2024-11-12T21:56:38+00:00\",\"breadcrumb\":{\"@id\":\"https:\/\/apuntesdesanluis.com\/index.php\/2024\/11\/12\/cine-solidario-avant-premiere-de-garage-a-beneficio-de-colegiales\/#breadcrumb\"},\"inLanguage\":\"es-AR\",\"potentialAction\":[{\"@type\":\"ReadAction\",\"target\":[\"https:\/\/apuntesdesanluis.com\/index.php\/2024\/11\/12\/cine-solidario-avant-premiere-de-garage-a-beneficio-de-colegiales\/\"]}]},{\"@type\":\"ImageObject\",\"inLanguage\":\"es-AR\",\"@id\":\"https:\/\/apuntesdesanluis.com\/index.php\/2024\/11\/12\/cine-solidario-avant-premiere-de-garage-a-beneficio-de-colegiales\/#primaryimage\",\"url\":\"https:\/\/apuntesdesanluis.com\/wp-content\/uploads\/2024\/11\/garage-cesar-albarracin.png\",\"contentUrl\":\"https:\/\/apuntesdesanluis.com\/wp-content\/uploads\/2024\/11\/garage-cesar-albarracin.png\",\"width\":547,\"height\":336},{\"@type\":\"BreadcrumbList\",\"@id\":\"https:\/\/apuntesdesanluis.com\/index.php\/2024\/11\/12\/cine-solidario-avant-premiere-de-garage-a-beneficio-de-colegiales\/#breadcrumb\",\"itemListElement\":[{\"@type\":\"ListItem\",\"position\":1,\"name\":\"Inicio\",\"item\":\"https:\/\/apuntesdesanluis.com\/\"},{\"@type\":\"ListItem\",\"position\":2,\"name\":\"CINE SOLIDARIO: AVANT PREMIERE DE \u201cGARAGE\u2026\u201d, A BENEFICIO DE COLEGIALES\"}]},{\"@type\":\"WebSite\",\"@id\":\"https:\/\/apuntesdesanluis.com\/#website\",\"url\":\"https:\/\/apuntesdesanluis.com\/\",\"name\":\"Apuntes de San Luis\",\"description\":\"\",\"publisher\":{\"@id\":\"https:\/\/apuntesdesanluis.com\/#\/schema\/person\/b55151d52296fcce64d1a72538a70b90\"},\"potentialAction\":[{\"@type\":\"SearchAction\",\"target\":{\"@type\":\"EntryPoint\",\"urlTemplate\":\"https:\/\/apuntesdesanluis.com\/?s={search_term_string}\"},\"query-input\":{\"@type\":\"PropertyValueSpecification\",\"valueRequired\":true,\"valueName\":\"search_term_string\"}}],\"inLanguage\":\"es-AR\"},{\"@type\":[\"Person\",\"Organization\"],\"@id\":\"https:\/\/apuntesdesanluis.com\/#\/schema\/person\/b55151d52296fcce64d1a72538a70b90\",\"name\":\"apuntesdesanluis.com\",\"image\":{\"@type\":\"ImageObject\",\"inLanguage\":\"es-AR\",\"@id\":\"https:\/\/apuntesdesanluis.com\/#\/schema\/person\/image\/\",\"url\":\"https:\/\/apuntesdesanluis.com\/wp-content\/uploads\/2023\/07\/cropped-apuntesdesanluis.png\",\"contentUrl\":\"https:\/\/apuntesdesanluis.com\/wp-content\/uploads\/2023\/07\/cropped-apuntesdesanluis.png\",\"width\":450,\"height\":112,\"caption\":\"apuntesdesanluis.com\"},\"logo\":{\"@id\":\"https:\/\/apuntesdesanluis.com\/#\/schema\/person\/image\/\"},\"sameAs\":[\"https:\/\/apuntesdesanluis.com\"],\"url\":\"https:\/\/apuntesdesanluis.com\/index.php\/author\/apuntesdesanluis-com\/\"}]}<\/script>\n<!-- \/ Yoast SEO plugin. -->","yoast_head_json":{"title":"CINE SOLIDARIO: AVANT PREMIERE DE \u201cGARAGE\u2026\u201d, A BENEFICIO DE COLEGIALES - Apuntes de San Luis","robots":{"index":"index","follow":"follow","max-snippet":"max-snippet:-1","max-image-preview":"max-image-preview:large","max-video-preview":"max-video-preview:-1"},"canonical":"https:\/\/apuntesdesanluis.com\/index.php\/2024\/11\/12\/cine-solidario-avant-premiere-de-garage-a-beneficio-de-colegiales\/","og_locale":"es_ES","og_type":"article","og_title":"CINE SOLIDARIO: AVANT PREMIERE DE \u201cGARAGE\u2026\u201d, A BENEFICIO DE COLEGIALES - Apuntes de San Luis","og_description":"Este mi\u00e9rcoles 13 se produce el estreno en Villa Mercedes de la premiada \u201cGarage, concheros...","og_url":"https:\/\/apuntesdesanluis.com\/index.php\/2024\/11\/12\/cine-solidario-avant-premiere-de-garage-a-beneficio-de-colegiales\/","og_site_name":"Apuntes de San Luis","article_published_time":"2024-11-12T21:51:57+00:00","article_modified_time":"2024-11-12T21:56:38+00:00","og_image":[{"width":547,"height":336,"url":"https:\/\/apuntesdesanluis.com\/wp-content\/uploads\/2024\/11\/garage-cesar-albarracin.png","type":"image\/png"}],"author":"apuntesdesanluis.com","twitter_card":"summary_large_image","twitter_misc":{"Escrito por":"apuntesdesanluis.com","Tiempo de lectura":"2 minutos"},"schema":{"@context":"https:\/\/schema.org","@graph":[{"@type":"Article","@id":"https:\/\/apuntesdesanluis.com\/index.php\/2024\/11\/12\/cine-solidario-avant-premiere-de-garage-a-beneficio-de-colegiales\/#article","isPartOf":{"@id":"https:\/\/apuntesdesanluis.com\/index.php\/2024\/11\/12\/cine-solidario-avant-premiere-de-garage-a-beneficio-de-colegiales\/"},"author":{"name":"apuntesdesanluis.com","@id":"https:\/\/apuntesdesanluis.com\/#\/schema\/person\/b55151d52296fcce64d1a72538a70b90"},"headline":"CINE SOLIDARIO: AVANT PREMIERE DE \u201cGARAGE\u2026\u201d, A BENEFICIO DE COLEGIALES","datePublished":"2024-11-12T21:51:57+00:00","dateModified":"2024-11-12T21:56:38+00:00","mainEntityOfPage":{"@id":"https:\/\/apuntesdesanluis.com\/index.php\/2024\/11\/12\/cine-solidario-avant-premiere-de-garage-a-beneficio-de-colegiales\/"},"wordCount":300,"publisher":{"@id":"https:\/\/apuntesdesanluis.com\/#\/schema\/person\/b55151d52296fcce64d1a72538a70b90"},"image":{"@id":"https:\/\/apuntesdesanluis.com\/index.php\/2024\/11\/12\/cine-solidario-avant-premiere-de-garage-a-beneficio-de-colegiales\/#primaryimage"},"thumbnailUrl":"https:\/\/apuntesdesanluis.com\/wp-content\/uploads\/2024\/11\/garage-cesar-albarracin.png","articleSection":["Ciudad\/Provincia"],"inLanguage":"es-AR"},{"@type":"WebPage","@id":"https:\/\/apuntesdesanluis.com\/index.php\/2024\/11\/12\/cine-solidario-avant-premiere-de-garage-a-beneficio-de-colegiales\/","url":"https:\/\/apuntesdesanluis.com\/index.php\/2024\/11\/12\/cine-solidario-avant-premiere-de-garage-a-beneficio-de-colegiales\/","name":"CINE SOLIDARIO: AVANT PREMIERE DE \u201cGARAGE\u2026\u201d, A BENEFICIO DE COLEGIALES - Apuntes de San Luis","isPartOf":{"@id":"https:\/\/apuntesdesanluis.com\/#website"},"primaryImageOfPage":{"@id":"https:\/\/apuntesdesanluis.com\/index.php\/2024\/11\/12\/cine-solidario-avant-premiere-de-garage-a-beneficio-de-colegiales\/#primaryimage"},"image":{"@id":"https:\/\/apuntesdesanluis.com\/index.php\/2024\/11\/12\/cine-solidario-avant-premiere-de-garage-a-beneficio-de-colegiales\/#primaryimage"},"thumbnailUrl":"https:\/\/apuntesdesanluis.com\/wp-content\/uploads\/2024\/11\/garage-cesar-albarracin.png","datePublished":"2024-11-12T21:51:57+00:00","dateModified":"2024-11-12T21:56:38+00:00","breadcrumb":{"@id":"https:\/\/apuntesdesanluis.com\/index.php\/2024\/11\/12\/cine-solidario-avant-premiere-de-garage-a-beneficio-de-colegiales\/#breadcrumb"},"inLanguage":"es-AR","potentialAction":[{"@type":"ReadAction","target":["https:\/\/apuntesdesanluis.com\/index.php\/2024\/11\/12\/cine-solidario-avant-premiere-de-garage-a-beneficio-de-colegiales\/"]}]},{"@type":"ImageObject","inLanguage":"es-AR","@id":"https:\/\/apuntesdesanluis.com\/index.php\/2024\/11\/12\/cine-solidario-avant-premiere-de-garage-a-beneficio-de-colegiales\/#primaryimage","url":"https:\/\/apuntesdesanluis.com\/wp-content\/uploads\/2024\/11\/garage-cesar-albarracin.png","contentUrl":"https:\/\/apuntesdesanluis.com\/wp-content\/uploads\/2024\/11\/garage-cesar-albarracin.png","width":547,"height":336},{"@type":"BreadcrumbList","@id":"https:\/\/apuntesdesanluis.com\/index.php\/2024\/11\/12\/cine-solidario-avant-premiere-de-garage-a-beneficio-de-colegiales\/#breadcrumb","itemListElement":[{"@type":"ListItem","position":1,"name":"Inicio","item":"https:\/\/apuntesdesanluis.com\/"},{"@type":"ListItem","position":2,"name":"CINE SOLIDARIO: AVANT PREMIERE DE \u201cGARAGE\u2026\u201d, A BENEFICIO DE COLEGIALES"}]},{"@type":"WebSite","@id":"https:\/\/apuntesdesanluis.com\/#website","url":"https:\/\/apuntesdesanluis.com\/","name":"Apuntes de San Luis","description":"","publisher":{"@id":"https:\/\/apuntesdesanluis.com\/#\/schema\/person\/b55151d52296fcce64d1a72538a70b90"},"potentialAction":[{"@type":"SearchAction","target":{"@type":"EntryPoint","urlTemplate":"https:\/\/apuntesdesanluis.com\/?s={search_term_string}"},"query-input":{"@type":"PropertyValueSpecification","valueRequired":true,"valueName":"search_term_string"}}],"inLanguage":"es-AR"},{"@type":["Person","Organization"],"@id":"https:\/\/apuntesdesanluis.com\/#\/schema\/person\/b55151d52296fcce64d1a72538a70b90","name":"apuntesdesanluis.com","image":{"@type":"ImageObject","inLanguage":"es-AR","@id":"https:\/\/apuntesdesanluis.com\/#\/schema\/person\/image\/","url":"https:\/\/apuntesdesanluis.com\/wp-content\/uploads\/2023\/07\/cropped-apuntesdesanluis.png","contentUrl":"https:\/\/apuntesdesanluis.com\/wp-content\/uploads\/2023\/07\/cropped-apuntesdesanluis.png","width":450,"height":112,"caption":"apuntesdesanluis.com"},"logo":{"@id":"https:\/\/apuntesdesanluis.com\/#\/schema\/person\/image\/"},"sameAs":["https:\/\/apuntesdesanluis.com"],"url":"https:\/\/apuntesdesanluis.com\/index.php\/author\/apuntesdesanluis-com\/"}]}},"featured_image_urls":{"full":["https:\/\/apuntesdesanluis.com\/wp-content\/uploads\/2024\/11\/garage-cesar-albarracin.png",547,336,false],"thumbnail":["https:\/\/apuntesdesanluis.com\/wp-content\/uploads\/2024\/11\/garage-cesar-albarracin-150x150.png",150,150,true],"medium":["https:\/\/apuntesdesanluis.com\/wp-content\/uploads\/2024\/11\/garage-cesar-albarracin-300x184.png",300,184,true],"medium_large":["https:\/\/apuntesdesanluis.com\/wp-content\/uploads\/2024\/11\/garage-cesar-albarracin.png",547,336,false],"large":["https:\/\/apuntesdesanluis.com\/wp-content\/uploads\/2024\/11\/garage-cesar-albarracin.png",547,336,false],"1536x1536":["https:\/\/apuntesdesanluis.com\/wp-content\/uploads\/2024\/11\/garage-cesar-albarracin.png",547,336,false],"2048x2048":["https:\/\/apuntesdesanluis.com\/wp-content\/uploads\/2024\/11\/garage-cesar-albarracin.png",547,336,false],"newsever-slider-full":["https:\/\/apuntesdesanluis.com\/wp-content\/uploads\/2024\/11\/garage-cesar-albarracin.png",547,336,false],"newsever-featured":["https:\/\/apuntesdesanluis.com\/wp-content\/uploads\/2024\/11\/garage-cesar-albarracin.png",547,336,false],"newsever-medium":["https:\/\/apuntesdesanluis.com\/wp-content\/uploads\/2024\/11\/garage-cesar-albarracin.png",547,336,false]},"author_info":{"display_name":"apuntesdesanluis.com","author_link":"https:\/\/apuntesdesanluis.com\/index.php\/author\/apuntesdesanluis-com\/"},"category_info":"<a href=\"https:\/\/apuntesdesanluis.com\/index.php\/category\/ciudad-provincia\/\" rel=\"category tag\">Ciudad\/Provincia<\/a>","tag_info":"Ciudad\/Provincia","comment_count":"0","_links":{"self":[{"href":"https:\/\/apuntesdesanluis.com\/index.php\/wp-json\/wp\/v2\/posts\/25133","targetHints":{"allow":["GET"]}}],"collection":[{"href":"https:\/\/apuntesdesanluis.com\/index.php\/wp-json\/wp\/v2\/posts"}],"about":[{"href":"https:\/\/apuntesdesanluis.com\/index.php\/wp-json\/wp\/v2\/types\/post"}],"author":[{"embeddable":true,"href":"https:\/\/apuntesdesanluis.com\/index.php\/wp-json\/wp\/v2\/users\/1"}],"replies":[{"embeddable":true,"href":"https:\/\/apuntesdesanluis.com\/index.php\/wp-json\/wp\/v2\/comments?post=25133"}],"version-history":[{"count":5,"href":"https:\/\/apuntesdesanluis.com\/index.php\/wp-json\/wp\/v2\/posts\/25133\/revisions"}],"predecessor-version":[{"id":25141,"href":"https:\/\/apuntesdesanluis.com\/index.php\/wp-json\/wp\/v2\/posts\/25133\/revisions\/25141"}],"wp:featuredmedia":[{"embeddable":true,"href":"https:\/\/apuntesdesanluis.com\/index.php\/wp-json\/wp\/v2\/media\/25134"}],"wp:attachment":[{"href":"https:\/\/apuntesdesanluis.com\/index.php\/wp-json\/wp\/v2\/media?parent=25133"}],"wp:term":[{"taxonomy":"category","embeddable":true,"href":"https:\/\/apuntesdesanluis.com\/index.php\/wp-json\/wp\/v2\/categories?post=25133"},{"taxonomy":"post_tag","embeddable":true,"href":"https:\/\/apuntesdesanluis.com\/index.php\/wp-json\/wp\/v2\/tags?post=25133"}],"curies":[{"name":"wp","href":"https:\/\/api.w.org\/{rel}","templated":true}]}}