{"id":25152,"date":"2024-11-12T20:16:03","date_gmt":"2024-11-12T23:16:03","guid":{"rendered":"https:\/\/apuntesdesanluis.com\/?p=25152"},"modified":"2024-11-12T20:16:03","modified_gmt":"2024-11-12T23:16:03","slug":"homenajearon-a-jose-maria-gatica-a-61-anos-de-su-muerte","status":"publish","type":"post","link":"https:\/\/apuntesdesanluis.com\/index.php\/2024\/11\/12\/homenajearon-a-jose-maria-gatica-a-61-anos-de-su-muerte\/","title":{"rendered":"HOMENAJEARON A JOS\u00c9 MAR\u00cdA GATICA A 61 A\u00d1OS DE SU MUERTE"},"content":{"rendered":"<h3>Este martes, en el Palacio de los Deportes se llev\u00f3 a cabo un emotivo homenaje al destacado boxeador, a 61 a\u00f1os de su partida. El \u2018Mono\u2019, como se lo conoc\u00eda, o el \u2018Tigre puntano\u2019, como le gustaba que se refieran a \u00e9l, dej\u00f3 una marca imborrable en la historia del deporte sanluise\u00f1o y en la memoria de todos los argentinos.<\/h3>\n<h3>Nacido en Villa Mercedes el 25 de mayo de 1925, Jos\u00e9 Mar\u00eda Gatica supo construir su carrera desde la humildad m\u00e1s absoluta. De ni\u00f1o se fue a Buenos Aires en busca de mejores oportunidades junto con su madre y sus hermanas y, mientras lustraba zapatos en Plaza Constituci\u00f3n, conoci\u00f3 su verdadera pasi\u00f3n: el boxeo. Debut\u00f3 profesionalmente el 7 de diciembre de 1945. Con su estilo agresivo y carisma gan\u00f3 una audiencia que lo idolatraba dentro y fuera del ring. Con 96 peleas, 86 victorias (72 por nocaut) y una rivalidad legendaria con Alfredo Prada, Gatica se convirti\u00f3 en el s\u00edmbolo del boxeo popular, un \u00eddolo de los sectores m\u00e1s humildes, que ve\u00edan en \u00e9l una lucha propia.<\/h3>\n<p><img fetchpriority=\"high\" decoding=\"async\" class=\"wp-image-25154 aligncenter\" src=\"https:\/\/apuntesdesanluis.com\/wp-content\/uploads\/2024\/11\/gatica-1-300x167.png\" alt=\"\" width=\"607\" height=\"338\" srcset=\"https:\/\/apuntesdesanluis.com\/wp-content\/uploads\/2024\/11\/gatica-1-300x167.png 300w, https:\/\/apuntesdesanluis.com\/wp-content\/uploads\/2024\/11\/gatica-1-1024x571.png 1024w, https:\/\/apuntesdesanluis.com\/wp-content\/uploads\/2024\/11\/gatica-1-768x428.png 768w, https:\/\/apuntesdesanluis.com\/wp-content\/uploads\/2024\/11\/gatica-1.png 1192w\" sizes=\"(max-width: 607px) 100vw, 607px\" \/><\/p>\n<h3>Del homenaje en el Palacio de los Deportes, donde descansan sus restos, participaron el intendente de Villa Mercedes, <strong>Maximiliano Frontera<\/strong>, y la secretaria de Deportes, <strong>Mar\u00eda Adelaida Mu\u00f1iz<\/strong>. Junto a ellos estuvieron figuras destacadas del boxeo provincial, como la excampeona mundial <strong>Micaela Luj\u00e1n<\/strong>, el excampe\u00f3n sudamericano <strong>Abel Celestino Bailone<\/strong> y la excampeona argentina <strong>Soledad Fr\u00edas<\/strong>, quienes recordaron la grandeza del \u2018Tigre Puntano\u2019. Tambi\u00e9n dijeron presente excombatientes de Malvinas, quienes rindieron tributo al hombre que alguna vez llev\u00f3 el orgullo de San Luis al Luna Park.<\/h3>\n<h3>Por su parte, Frontera refiri\u00f3: \u201cTodos los a\u00f1os recordamos al \u2018Mono\u2019, pero es la primera vez que nos acompa\u00f1a una secretaria de Deportes\u201d, en referencia a Mu\u00f1iz y agreg\u00f3: \u201cHoy nos une la figura de Gatica, en un contexto donde m\u00e1s que nunca debemos buscar lo que nos acerca como sociedad\u201d.<\/h3>\n<h3>Bailone record\u00f3 con admiraci\u00f3n al \u2018Mono\u2019: \u201cSe hizo de la nada y fue una figura convocante en el Luna Park. La gente sab\u00eda que, ganara o perdiera, con Gatica siempre habr\u00eda un espect\u00e1culo. Era un hombre que peleaba con el coraz\u00f3n\u201d.<\/h3>\n<h3><img decoding=\"async\" class=\"wp-image-25155 aligncenter\" src=\"https:\/\/apuntesdesanluis.com\/wp-content\/uploads\/2024\/11\/gatrica-2-300x199.png\" alt=\"\" width=\"582\" height=\"386\" srcset=\"https:\/\/apuntesdesanluis.com\/wp-content\/uploads\/2024\/11\/gatrica-2-300x199.png 300w, https:\/\/apuntesdesanluis.com\/wp-content\/uploads\/2024\/11\/gatrica-2-1024x680.png 1024w, https:\/\/apuntesdesanluis.com\/wp-content\/uploads\/2024\/11\/gatrica-2-768x510.png 768w, https:\/\/apuntesdesanluis.com\/wp-content\/uploads\/2024\/11\/gatrica-2.png 1112w\" sizes=\"(max-width: 582px) 100vw, 582px\" \/><\/h3>\n<h3>Hoy, bajo el t\u00edtulo de Campeonato Provincial de Boxeo Amateur \u2018Jos\u00e9 Mar\u00eda Gatica\u2019 y con su hija Eva liderando el desarrollo del boxeo en la provincia como directora provincial de esta disciplina, su memoria sigue viva. Como s\u00edmbolo de lucha y orgullo para Villa Mercedes, Gatica se mantiene de pie en la entrada del Palacio de los Deportes, donde descansan sus restos a partir de una gesti\u00f3n encabezada por el gobernador Claudio Poggi durante su primer mandato en el a\u00f1o 2013.<\/h3>\n<p>&nbsp;<\/p>\n<p>&nbsp;<\/p>\n<p>&nbsp;<\/p>\n<p>&nbsp;<\/p>\n<p>&nbsp;<\/p>\n<p>&nbsp;<\/p>\n","protected":false},"excerpt":{"rendered":"<p>Este martes, en el Palacio de los Deportes se llev\u00f3 a cabo un emotivo homenaje&#8230;<\/p>\n","protected":false},"author":1,"featured_media":25153,"comment_status":"closed","ping_status":"closed","sticky":false,"template":"","format":"standard","meta":{"footnotes":""},"categories":[6],"tags":[],"class_list":["post-25152","post","type-post","status-publish","format-standard","has-post-thumbnail","hentry","category-ciudad-provincia"],"yoast_head":"<!-- This site is optimized with the Yoast SEO plugin v26.1.1 - https:\/\/yoast.com\/wordpress\/plugins\/seo\/ -->\n<title>HOMENAJEARON A JOS\u00c9 MAR\u00cdA GATICA A 61 A\u00d1OS DE SU MUERTE - Apuntes de San Luis<\/title>\n<meta name=\"robots\" content=\"index, follow, max-snippet:-1, max-image-preview:large, max-video-preview:-1\" \/>\n<link rel=\"canonical\" href=\"https:\/\/apuntesdesanluis.com\/index.php\/2024\/11\/12\/homenajearon-a-jose-maria-gatica-a-61-anos-de-su-muerte\/\" \/>\n<meta property=\"og:locale\" content=\"es_ES\" \/>\n<meta property=\"og:type\" content=\"article\" \/>\n<meta property=\"og:title\" content=\"HOMENAJEARON A JOS\u00c9 MAR\u00cdA GATICA A 61 A\u00d1OS DE SU MUERTE - Apuntes de San Luis\" \/>\n<meta property=\"og:description\" content=\"Este martes, en el Palacio de los Deportes se llev\u00f3 a cabo un emotivo homenaje...\" \/>\n<meta property=\"og:url\" content=\"https:\/\/apuntesdesanluis.com\/index.php\/2024\/11\/12\/homenajearon-a-jose-maria-gatica-a-61-anos-de-su-muerte\/\" \/>\n<meta property=\"og:site_name\" content=\"Apuntes de San Luis\" \/>\n<meta property=\"article:published_time\" content=\"2024-11-12T23:16:03+00:00\" \/>\n<meta property=\"og:image\" content=\"https:\/\/apuntesdesanluis.com\/wp-content\/uploads\/2024\/11\/bailone.png\" \/>\n\t<meta property=\"og:image:width\" content=\"1168\" \/>\n\t<meta property=\"og:image:height\" content=\"790\" \/>\n\t<meta property=\"og:image:type\" content=\"image\/png\" \/>\n<meta name=\"author\" content=\"apuntesdesanluis.com\" \/>\n<meta name=\"twitter:card\" content=\"summary_large_image\" \/>\n<meta name=\"twitter:label1\" content=\"Escrito por\" \/>\n\t<meta name=\"twitter:data1\" content=\"apuntesdesanluis.com\" \/>\n\t<meta name=\"twitter:label2\" content=\"Tiempo de lectura\" \/>\n\t<meta name=\"twitter:data2\" content=\"3 minutos\" \/>\n<script type=\"application\/ld+json\" class=\"yoast-schema-graph\">{\"@context\":\"https:\/\/schema.org\",\"@graph\":[{\"@type\":\"Article\",\"@id\":\"https:\/\/apuntesdesanluis.com\/index.php\/2024\/11\/12\/homenajearon-a-jose-maria-gatica-a-61-anos-de-su-muerte\/#article\",\"isPartOf\":{\"@id\":\"https:\/\/apuntesdesanluis.com\/index.php\/2024\/11\/12\/homenajearon-a-jose-maria-gatica-a-61-anos-de-su-muerte\/\"},\"author\":{\"name\":\"apuntesdesanluis.com\",\"@id\":\"https:\/\/apuntesdesanluis.com\/#\/schema\/person\/b55151d52296fcce64d1a72538a70b90\"},\"headline\":\"HOMENAJEARON A JOS\u00c9 MAR\u00cdA GATICA A 61 A\u00d1OS DE SU MUERTE\",\"datePublished\":\"2024-11-12T23:16:03+00:00\",\"mainEntityOfPage\":{\"@id\":\"https:\/\/apuntesdesanluis.com\/index.php\/2024\/11\/12\/homenajearon-a-jose-maria-gatica-a-61-anos-de-su-muerte\/\"},\"wordCount\":475,\"publisher\":{\"@id\":\"https:\/\/apuntesdesanluis.com\/#\/schema\/person\/b55151d52296fcce64d1a72538a70b90\"},\"image\":{\"@id\":\"https:\/\/apuntesdesanluis.com\/index.php\/2024\/11\/12\/homenajearon-a-jose-maria-gatica-a-61-anos-de-su-muerte\/#primaryimage\"},\"thumbnailUrl\":\"https:\/\/apuntesdesanluis.com\/wp-content\/uploads\/2024\/11\/bailone.png\",\"articleSection\":[\"Ciudad\/Provincia\"],\"inLanguage\":\"es-AR\"},{\"@type\":\"WebPage\",\"@id\":\"https:\/\/apuntesdesanluis.com\/index.php\/2024\/11\/12\/homenajearon-a-jose-maria-gatica-a-61-anos-de-su-muerte\/\",\"url\":\"https:\/\/apuntesdesanluis.com\/index.php\/2024\/11\/12\/homenajearon-a-jose-maria-gatica-a-61-anos-de-su-muerte\/\",\"name\":\"HOMENAJEARON A JOS\u00c9 MAR\u00cdA GATICA A 61 A\u00d1OS DE SU MUERTE - Apuntes de San Luis\",\"isPartOf\":{\"@id\":\"https:\/\/apuntesdesanluis.com\/#website\"},\"primaryImageOfPage\":{\"@id\":\"https:\/\/apuntesdesanluis.com\/index.php\/2024\/11\/12\/homenajearon-a-jose-maria-gatica-a-61-anos-de-su-muerte\/#primaryimage\"},\"image\":{\"@id\":\"https:\/\/apuntesdesanluis.com\/index.php\/2024\/11\/12\/homenajearon-a-jose-maria-gatica-a-61-anos-de-su-muerte\/#primaryimage\"},\"thumbnailUrl\":\"https:\/\/apuntesdesanluis.com\/wp-content\/uploads\/2024\/11\/bailone.png\",\"datePublished\":\"2024-11-12T23:16:03+00:00\",\"breadcrumb\":{\"@id\":\"https:\/\/apuntesdesanluis.com\/index.php\/2024\/11\/12\/homenajearon-a-jose-maria-gatica-a-61-anos-de-su-muerte\/#breadcrumb\"},\"inLanguage\":\"es-AR\",\"potentialAction\":[{\"@type\":\"ReadAction\",\"target\":[\"https:\/\/apuntesdesanluis.com\/index.php\/2024\/11\/12\/homenajearon-a-jose-maria-gatica-a-61-anos-de-su-muerte\/\"]}]},{\"@type\":\"ImageObject\",\"inLanguage\":\"es-AR\",\"@id\":\"https:\/\/apuntesdesanluis.com\/index.php\/2024\/11\/12\/homenajearon-a-jose-maria-gatica-a-61-anos-de-su-muerte\/#primaryimage\",\"url\":\"https:\/\/apuntesdesanluis.com\/wp-content\/uploads\/2024\/11\/bailone.png\",\"contentUrl\":\"https:\/\/apuntesdesanluis.com\/wp-content\/uploads\/2024\/11\/bailone.png\",\"width\":1168,\"height\":790},{\"@type\":\"BreadcrumbList\",\"@id\":\"https:\/\/apuntesdesanluis.com\/index.php\/2024\/11\/12\/homenajearon-a-jose-maria-gatica-a-61-anos-de-su-muerte\/#breadcrumb\",\"itemListElement\":[{\"@type\":\"ListItem\",\"position\":1,\"name\":\"Inicio\",\"item\":\"https:\/\/apuntesdesanluis.com\/\"},{\"@type\":\"ListItem\",\"position\":2,\"name\":\"HOMENAJEARON A JOS\u00c9 MAR\u00cdA GATICA A 61 A\u00d1OS DE SU MUERTE\"}]},{\"@type\":\"WebSite\",\"@id\":\"https:\/\/apuntesdesanluis.com\/#website\",\"url\":\"https:\/\/apuntesdesanluis.com\/\",\"name\":\"Apuntes de San Luis\",\"description\":\"\",\"publisher\":{\"@id\":\"https:\/\/apuntesdesanluis.com\/#\/schema\/person\/b55151d52296fcce64d1a72538a70b90\"},\"potentialAction\":[{\"@type\":\"SearchAction\",\"target\":{\"@type\":\"EntryPoint\",\"urlTemplate\":\"https:\/\/apuntesdesanluis.com\/?s={search_term_string}\"},\"query-input\":{\"@type\":\"PropertyValueSpecification\",\"valueRequired\":true,\"valueName\":\"search_term_string\"}}],\"inLanguage\":\"es-AR\"},{\"@type\":[\"Person\",\"Organization\"],\"@id\":\"https:\/\/apuntesdesanluis.com\/#\/schema\/person\/b55151d52296fcce64d1a72538a70b90\",\"name\":\"apuntesdesanluis.com\",\"image\":{\"@type\":\"ImageObject\",\"inLanguage\":\"es-AR\",\"@id\":\"https:\/\/apuntesdesanluis.com\/#\/schema\/person\/image\/\",\"url\":\"https:\/\/apuntesdesanluis.com\/wp-content\/uploads\/2023\/07\/cropped-apuntesdesanluis.png\",\"contentUrl\":\"https:\/\/apuntesdesanluis.com\/wp-content\/uploads\/2023\/07\/cropped-apuntesdesanluis.png\",\"width\":450,\"height\":112,\"caption\":\"apuntesdesanluis.com\"},\"logo\":{\"@id\":\"https:\/\/apuntesdesanluis.com\/#\/schema\/person\/image\/\"},\"sameAs\":[\"https:\/\/apuntesdesanluis.com\"],\"url\":\"https:\/\/apuntesdesanluis.com\/index.php\/author\/apuntesdesanluis-com\/\"}]}<\/script>\n<!-- \/ Yoast SEO plugin. -->","yoast_head_json":{"title":"HOMENAJEARON A JOS\u00c9 MAR\u00cdA GATICA A 61 A\u00d1OS DE SU MUERTE - Apuntes de San Luis","robots":{"index":"index","follow":"follow","max-snippet":"max-snippet:-1","max-image-preview":"max-image-preview:large","max-video-preview":"max-video-preview:-1"},"canonical":"https:\/\/apuntesdesanluis.com\/index.php\/2024\/11\/12\/homenajearon-a-jose-maria-gatica-a-61-anos-de-su-muerte\/","og_locale":"es_ES","og_type":"article","og_title":"HOMENAJEARON A JOS\u00c9 MAR\u00cdA GATICA A 61 A\u00d1OS DE SU MUERTE - Apuntes de San Luis","og_description":"Este martes, en el Palacio de los Deportes se llev\u00f3 a cabo un emotivo homenaje...","og_url":"https:\/\/apuntesdesanluis.com\/index.php\/2024\/11\/12\/homenajearon-a-jose-maria-gatica-a-61-anos-de-su-muerte\/","og_site_name":"Apuntes de San Luis","article_published_time":"2024-11-12T23:16:03+00:00","og_image":[{"width":1168,"height":790,"url":"https:\/\/apuntesdesanluis.com\/wp-content\/uploads\/2024\/11\/bailone.png","type":"image\/png"}],"author":"apuntesdesanluis.com","twitter_card":"summary_large_image","twitter_misc":{"Escrito por":"apuntesdesanluis.com","Tiempo de lectura":"3 minutos"},"schema":{"@context":"https:\/\/schema.org","@graph":[{"@type":"Article","@id":"https:\/\/apuntesdesanluis.com\/index.php\/2024\/11\/12\/homenajearon-a-jose-maria-gatica-a-61-anos-de-su-muerte\/#article","isPartOf":{"@id":"https:\/\/apuntesdesanluis.com\/index.php\/2024\/11\/12\/homenajearon-a-jose-maria-gatica-a-61-anos-de-su-muerte\/"},"author":{"name":"apuntesdesanluis.com","@id":"https:\/\/apuntesdesanluis.com\/#\/schema\/person\/b55151d52296fcce64d1a72538a70b90"},"headline":"HOMENAJEARON A JOS\u00c9 MAR\u00cdA GATICA A 61 A\u00d1OS DE SU MUERTE","datePublished":"2024-11-12T23:16:03+00:00","mainEntityOfPage":{"@id":"https:\/\/apuntesdesanluis.com\/index.php\/2024\/11\/12\/homenajearon-a-jose-maria-gatica-a-61-anos-de-su-muerte\/"},"wordCount":475,"publisher":{"@id":"https:\/\/apuntesdesanluis.com\/#\/schema\/person\/b55151d52296fcce64d1a72538a70b90"},"image":{"@id":"https:\/\/apuntesdesanluis.com\/index.php\/2024\/11\/12\/homenajearon-a-jose-maria-gatica-a-61-anos-de-su-muerte\/#primaryimage"},"thumbnailUrl":"https:\/\/apuntesdesanluis.com\/wp-content\/uploads\/2024\/11\/bailone.png","articleSection":["Ciudad\/Provincia"],"inLanguage":"es-AR"},{"@type":"WebPage","@id":"https:\/\/apuntesdesanluis.com\/index.php\/2024\/11\/12\/homenajearon-a-jose-maria-gatica-a-61-anos-de-su-muerte\/","url":"https:\/\/apuntesdesanluis.com\/index.php\/2024\/11\/12\/homenajearon-a-jose-maria-gatica-a-61-anos-de-su-muerte\/","name":"HOMENAJEARON A JOS\u00c9 MAR\u00cdA GATICA A 61 A\u00d1OS DE SU MUERTE - Apuntes de San Luis","isPartOf":{"@id":"https:\/\/apuntesdesanluis.com\/#website"},"primaryImageOfPage":{"@id":"https:\/\/apuntesdesanluis.com\/index.php\/2024\/11\/12\/homenajearon-a-jose-maria-gatica-a-61-anos-de-su-muerte\/#primaryimage"},"image":{"@id":"https:\/\/apuntesdesanluis.com\/index.php\/2024\/11\/12\/homenajearon-a-jose-maria-gatica-a-61-anos-de-su-muerte\/#primaryimage"},"thumbnailUrl":"https:\/\/apuntesdesanluis.com\/wp-content\/uploads\/2024\/11\/bailone.png","datePublished":"2024-11-12T23:16:03+00:00","breadcrumb":{"@id":"https:\/\/apuntesdesanluis.com\/index.php\/2024\/11\/12\/homenajearon-a-jose-maria-gatica-a-61-anos-de-su-muerte\/#breadcrumb"},"inLanguage":"es-AR","potentialAction":[{"@type":"ReadAction","target":["https:\/\/apuntesdesanluis.com\/index.php\/2024\/11\/12\/homenajearon-a-jose-maria-gatica-a-61-anos-de-su-muerte\/"]}]},{"@type":"ImageObject","inLanguage":"es-AR","@id":"https:\/\/apuntesdesanluis.com\/index.php\/2024\/11\/12\/homenajearon-a-jose-maria-gatica-a-61-anos-de-su-muerte\/#primaryimage","url":"https:\/\/apuntesdesanluis.com\/wp-content\/uploads\/2024\/11\/bailone.png","contentUrl":"https:\/\/apuntesdesanluis.com\/wp-content\/uploads\/2024\/11\/bailone.png","width":1168,"height":790},{"@type":"BreadcrumbList","@id":"https:\/\/apuntesdesanluis.com\/index.php\/2024\/11\/12\/homenajearon-a-jose-maria-gatica-a-61-anos-de-su-muerte\/#breadcrumb","itemListElement":[{"@type":"ListItem","position":1,"name":"Inicio","item":"https:\/\/apuntesdesanluis.com\/"},{"@type":"ListItem","position":2,"name":"HOMENAJEARON A JOS\u00c9 MAR\u00cdA GATICA A 61 A\u00d1OS DE SU MUERTE"}]},{"@type":"WebSite","@id":"https:\/\/apuntesdesanluis.com\/#website","url":"https:\/\/apuntesdesanluis.com\/","name":"Apuntes de San Luis","description":"","publisher":{"@id":"https:\/\/apuntesdesanluis.com\/#\/schema\/person\/b55151d52296fcce64d1a72538a70b90"},"potentialAction":[{"@type":"SearchAction","target":{"@type":"EntryPoint","urlTemplate":"https:\/\/apuntesdesanluis.com\/?s={search_term_string}"},"query-input":{"@type":"PropertyValueSpecification","valueRequired":true,"valueName":"search_term_string"}}],"inLanguage":"es-AR"},{"@type":["Person","Organization"],"@id":"https:\/\/apuntesdesanluis.com\/#\/schema\/person\/b55151d52296fcce64d1a72538a70b90","name":"apuntesdesanluis.com","image":{"@type":"ImageObject","inLanguage":"es-AR","@id":"https:\/\/apuntesdesanluis.com\/#\/schema\/person\/image\/","url":"https:\/\/apuntesdesanluis.com\/wp-content\/uploads\/2023\/07\/cropped-apuntesdesanluis.png","contentUrl":"https:\/\/apuntesdesanluis.com\/wp-content\/uploads\/2023\/07\/cropped-apuntesdesanluis.png","width":450,"height":112,"caption":"apuntesdesanluis.com"},"logo":{"@id":"https:\/\/apuntesdesanluis.com\/#\/schema\/person\/image\/"},"sameAs":["https:\/\/apuntesdesanluis.com"],"url":"https:\/\/apuntesdesanluis.com\/index.php\/author\/apuntesdesanluis-com\/"}]}},"featured_image_urls":{"full":["https:\/\/apuntesdesanluis.com\/wp-content\/uploads\/2024\/11\/bailone.png",1168,790,false],"thumbnail":["https:\/\/apuntesdesanluis.com\/wp-content\/uploads\/2024\/11\/bailone-150x150.png",150,150,true],"medium":["https:\/\/apuntesdesanluis.com\/wp-content\/uploads\/2024\/11\/bailone-300x203.png",300,203,true],"medium_large":["https:\/\/apuntesdesanluis.com\/wp-content\/uploads\/2024\/11\/bailone-768x519.png",640,433,true],"large":["https:\/\/apuntesdesanluis.com\/wp-content\/uploads\/2024\/11\/bailone-1024x693.png",640,433,true],"1536x1536":["https:\/\/apuntesdesanluis.com\/wp-content\/uploads\/2024\/11\/bailone.png",1168,790,false],"2048x2048":["https:\/\/apuntesdesanluis.com\/wp-content\/uploads\/2024\/11\/bailone.png",1168,790,false],"newsever-slider-full":["https:\/\/apuntesdesanluis.com\/wp-content\/uploads\/2024\/11\/bailone.png",1168,790,false],"newsever-featured":["https:\/\/apuntesdesanluis.com\/wp-content\/uploads\/2024\/11\/bailone-1024x693.png",1024,693,true],"newsever-medium":["https:\/\/apuntesdesanluis.com\/wp-content\/uploads\/2024\/11\/bailone-720x475.png",720,475,true]},"author_info":{"display_name":"apuntesdesanluis.com","author_link":"https:\/\/apuntesdesanluis.com\/index.php\/author\/apuntesdesanluis-com\/"},"category_info":"<a href=\"https:\/\/apuntesdesanluis.com\/index.php\/category\/ciudad-provincia\/\" rel=\"category tag\">Ciudad\/Provincia<\/a>","tag_info":"Ciudad\/Provincia","comment_count":"0","_links":{"self":[{"href":"https:\/\/apuntesdesanluis.com\/index.php\/wp-json\/wp\/v2\/posts\/25152","targetHints":{"allow":["GET"]}}],"collection":[{"href":"https:\/\/apuntesdesanluis.com\/index.php\/wp-json\/wp\/v2\/posts"}],"about":[{"href":"https:\/\/apuntesdesanluis.com\/index.php\/wp-json\/wp\/v2\/types\/post"}],"author":[{"embeddable":true,"href":"https:\/\/apuntesdesanluis.com\/index.php\/wp-json\/wp\/v2\/users\/1"}],"replies":[{"embeddable":true,"href":"https:\/\/apuntesdesanluis.com\/index.php\/wp-json\/wp\/v2\/comments?post=25152"}],"version-history":[{"count":1,"href":"https:\/\/apuntesdesanluis.com\/index.php\/wp-json\/wp\/v2\/posts\/25152\/revisions"}],"predecessor-version":[{"id":25156,"href":"https:\/\/apuntesdesanluis.com\/index.php\/wp-json\/wp\/v2\/posts\/25152\/revisions\/25156"}],"wp:featuredmedia":[{"embeddable":true,"href":"https:\/\/apuntesdesanluis.com\/index.php\/wp-json\/wp\/v2\/media\/25153"}],"wp:attachment":[{"href":"https:\/\/apuntesdesanluis.com\/index.php\/wp-json\/wp\/v2\/media?parent=25152"}],"wp:term":[{"taxonomy":"category","embeddable":true,"href":"https:\/\/apuntesdesanluis.com\/index.php\/wp-json\/wp\/v2\/categories?post=25152"},{"taxonomy":"post_tag","embeddable":true,"href":"https:\/\/apuntesdesanluis.com\/index.php\/wp-json\/wp\/v2\/tags?post=25152"}],"curies":[{"name":"wp","href":"https:\/\/api.w.org\/{rel}","templated":true}]}}