{"id":25166,"date":"2024-11-12T21:08:46","date_gmt":"2024-11-13T00:08:46","guid":{"rendered":"https:\/\/apuntesdesanluis.com\/?p=25166"},"modified":"2024-11-12T21:08:46","modified_gmt":"2024-11-13T00:08:46","slug":"la-inflacion-bajo-al-27-en-octubre-la-menor-en-tres-anos-y-acumula-193-interanual","status":"publish","type":"post","link":"https:\/\/apuntesdesanluis.com\/index.php\/2024\/11\/12\/la-inflacion-bajo-al-27-en-octubre-la-menor-en-tres-anos-y-acumula-193-interanual\/","title":{"rendered":"LA INFLACI\u00d3N BAJ\u00d3 AL 2,7% EN OCTUBRE, LA MENOR EN TRES A\u00d1OS, Y ACUMULA 193% INTERANUAL"},"content":{"rendered":"<h3>La inflaci\u00f3n experiment\u00f3 una fuerte baja en octubre, al 2,7%, el menor nivel desde que Javier Milei asumi\u00f3 el gobierno.<\/h3>\n<h3>En lo que va del a\u00f1o acumula un alza del 107% y en la comparaci\u00f3n interanual alcanz\u00f3 el 193%.<\/h3>\n<h3>La divisi\u00f3n de mayor aumento en octubre fue Vivienda, agua, electricidad, gas y otros combustibles (5,4%), por las subas en Alquiler y gastos conexos; Electricidad, gas y otros combustibles; y Suministro de agua, seguida de Prendas de vestir y calzado (4,4%).<\/h3>\n<h3>La que tuvo mayor incidencia fue Restaurantes y hoteles (4,3%) en las regiones GBA y Noroeste, mientras que en Noreste, Cuyo y Patagonia, fue Vivienda, agua, electricidad, gas y otros combustibles (5,4%). Por \u00faltimo, en Pampeana, la mayor incidencia se present\u00f3 en Alimentos y bebidas no alcoh\u00f3licas (1,2%), donde se destacaron los aumentos de Pan y Cereales; Carnes y derivados; y Frutas.<\/h3>\n<h3>Las dos divisiones que registraron las menores variaciones en octubre de 2024 fueron Transporte (1,2%) y Alimentos y bebidas no alcoh\u00f3licas (1,2%).\u00a0A nivel de las categor\u00edas, el IPC n\u00facleo (2,9%) lider\u00f3 el incremento, seguida de los Regulados (2,7%), mientras que los Estacionales aumentaron un 1,4%.<\/h3>\n<p><img fetchpriority=\"high\" decoding=\"async\" class=\"wp-image-25168 aligncenter\" src=\"https:\/\/apuntesdesanluis.com\/wp-content\/uploads\/2024\/11\/alimentos-poco-300x160.png\" alt=\"\" width=\"587\" height=\"313\" srcset=\"https:\/\/apuntesdesanluis.com\/wp-content\/uploads\/2024\/11\/alimentos-poco-300x160.png 300w, https:\/\/apuntesdesanluis.com\/wp-content\/uploads\/2024\/11\/alimentos-poco-768x411.png 768w, https:\/\/apuntesdesanluis.com\/wp-content\/uploads\/2024\/11\/alimentos-poco.png 890w\" sizes=\"(max-width: 587px) 100vw, 587px\" \/><\/p>\n<h3>El IPC Nacional registr\u00f3 una variaci\u00f3n de 2,7% en octubre, en tanto la inflaci\u00f3n n\u00facleo, que excluye los componentes regulados y estacionales, fue de 2,9%.<\/h3>\n<h3>El Ministerio de Econom\u00eda destac\u00f3 que \u201cla inflaci\u00f3n n\u00facleo fue la menor desde septiembre de 2020, en tanto la general fue la m\u00e1s baja desde noviembre de 2021\u201d.\u00a0Asimismo, esta \u00faltima fue un tercio de la inflaci\u00f3n registrada en octubre 2023 (8,3%), y la m\u00e1s baja para un mes de octubre desde 2017.<\/h3>\n<h3>La variaci\u00f3n interanual del IPC Nacional fue de 193%, siendo el sexto mes consecutivo de desaceleraci\u00f3n en la comparaci\u00f3n contra igual mes del a\u00f1o anterior.<\/h3>\n<p><img decoding=\"async\" class=\"wp-image-25169 aligncenter\" src=\"https:\/\/apuntesdesanluis.com\/wp-content\/uploads\/2024\/11\/mensuales-300x128.png\" alt=\"\" width=\"598\" height=\"255\" srcset=\"https:\/\/apuntesdesanluis.com\/wp-content\/uploads\/2024\/11\/mensuales-300x128.png 300w, https:\/\/apuntesdesanluis.com\/wp-content\/uploads\/2024\/11\/mensuales-768x327.png 768w, https:\/\/apuntesdesanluis.com\/wp-content\/uploads\/2024\/11\/mensuales.png 886w\" sizes=\"(max-width: 598px) 100vw, 598px\" \/><\/p>\n<h3>\u201cPara analizar la din\u00e1mica del proceso de desinflaci\u00f3n y extraer tendencias m\u00e1s all\u00e1 de la volatilidad de corto plazo, resulta \u00fatil analizar el comportamiento de las medias m\u00f3viles de las variaciones del IPC. Tal cual viene ocurriendo desde marzo, este an\u00e1lisis es consistente con una profundizaci\u00f3n en el proceso de desinflaci\u00f3n. La media m\u00f3vil de 3 meses fue de 3,4% mensual, el menor registro desde enero de 2022, en tanto la de 6 meses fue de 3,9% mensual, el ritmo m\u00e1s bajo desde febrero de 2022\u201d, destac\u00f3 Econom\u00eda.<\/h3>\n<p>&nbsp;<\/p>\n<p>&nbsp;<\/p>\n<p>&nbsp;<\/p>\n<p>&nbsp;<\/p>\n<p>&nbsp;<\/p>\n<p>&nbsp;<\/p>\n<p>&nbsp;<\/p>\n","protected":false},"excerpt":{"rendered":"<p>La inflaci\u00f3n experiment\u00f3 una fuerte baja en octubre, al 2,7%, el menor nivel desde que&#8230;<\/p>\n","protected":false},"author":1,"featured_media":25167,"comment_status":"closed","ping_status":"closed","sticky":false,"template":"","format":"standard","meta":{"footnotes":""},"categories":[5],"tags":[],"class_list":["post-25166","post","type-post","status-publish","format-standard","has-post-thumbnail","hentry","category-nacionales-internacionales"],"yoast_head":"<!-- This site is optimized with the Yoast SEO plugin v26.1.1 - https:\/\/yoast.com\/wordpress\/plugins\/seo\/ -->\n<title>LA INFLACI\u00d3N BAJ\u00d3 AL 2,7% EN OCTUBRE, LA MENOR EN TRES A\u00d1OS, Y ACUMULA 193% INTERANUAL - Apuntes de San Luis<\/title>\n<meta name=\"robots\" content=\"index, follow, max-snippet:-1, max-image-preview:large, max-video-preview:-1\" \/>\n<link rel=\"canonical\" href=\"https:\/\/apuntesdesanluis.com\/index.php\/2024\/11\/12\/la-inflacion-bajo-al-27-en-octubre-la-menor-en-tres-anos-y-acumula-193-interanual\/\" \/>\n<meta property=\"og:locale\" content=\"es_ES\" \/>\n<meta property=\"og:type\" content=\"article\" \/>\n<meta property=\"og:title\" content=\"LA INFLACI\u00d3N BAJ\u00d3 AL 2,7% EN OCTUBRE, LA MENOR EN TRES A\u00d1OS, Y ACUMULA 193% INTERANUAL - Apuntes de San Luis\" \/>\n<meta property=\"og:description\" content=\"La inflaci\u00f3n experiment\u00f3 una fuerte baja en octubre, al 2,7%, el menor nivel desde que...\" \/>\n<meta property=\"og:url\" content=\"https:\/\/apuntesdesanluis.com\/index.php\/2024\/11\/12\/la-inflacion-bajo-al-27-en-octubre-la-menor-en-tres-anos-y-acumula-193-interanual\/\" \/>\n<meta property=\"og:site_name\" content=\"Apuntes de San Luis\" \/>\n<meta property=\"article:published_time\" content=\"2024-11-13T00:08:46+00:00\" \/>\n<meta property=\"og:image\" content=\"https:\/\/apuntesdesanluis.com\/wp-content\/uploads\/2024\/11\/inflacion.png\" \/>\n\t<meta property=\"og:image:width\" content=\"748\" \/>\n\t<meta property=\"og:image:height\" content=\"483\" \/>\n\t<meta property=\"og:image:type\" content=\"image\/png\" \/>\n<meta name=\"author\" content=\"apuntesdesanluis.com\" \/>\n<meta name=\"twitter:card\" content=\"summary_large_image\" \/>\n<meta name=\"twitter:label1\" content=\"Escrito por\" \/>\n\t<meta name=\"twitter:data1\" content=\"apuntesdesanluis.com\" \/>\n\t<meta name=\"twitter:label2\" content=\"Tiempo de lectura\" \/>\n\t<meta name=\"twitter:data2\" content=\"3 minutos\" \/>\n<script type=\"application\/ld+json\" class=\"yoast-schema-graph\">{\"@context\":\"https:\/\/schema.org\",\"@graph\":[{\"@type\":\"Article\",\"@id\":\"https:\/\/apuntesdesanluis.com\/index.php\/2024\/11\/12\/la-inflacion-bajo-al-27-en-octubre-la-menor-en-tres-anos-y-acumula-193-interanual\/#article\",\"isPartOf\":{\"@id\":\"https:\/\/apuntesdesanluis.com\/index.php\/2024\/11\/12\/la-inflacion-bajo-al-27-en-octubre-la-menor-en-tres-anos-y-acumula-193-interanual\/\"},\"author\":{\"name\":\"apuntesdesanluis.com\",\"@id\":\"https:\/\/apuntesdesanluis.com\/#\/schema\/person\/b55151d52296fcce64d1a72538a70b90\"},\"headline\":\"LA INFLACI\u00d3N BAJ\u00d3 AL 2,7% EN OCTUBRE, LA MENOR EN TRES A\u00d1OS, Y ACUMULA 193% INTERANUAL\",\"datePublished\":\"2024-11-13T00:08:46+00:00\",\"mainEntityOfPage\":{\"@id\":\"https:\/\/apuntesdesanluis.com\/index.php\/2024\/11\/12\/la-inflacion-bajo-al-27-en-octubre-la-menor-en-tres-anos-y-acumula-193-interanual\/\"},\"wordCount\":405,\"publisher\":{\"@id\":\"https:\/\/apuntesdesanluis.com\/#\/schema\/person\/b55151d52296fcce64d1a72538a70b90\"},\"image\":{\"@id\":\"https:\/\/apuntesdesanluis.com\/index.php\/2024\/11\/12\/la-inflacion-bajo-al-27-en-octubre-la-menor-en-tres-anos-y-acumula-193-interanual\/#primaryimage\"},\"thumbnailUrl\":\"https:\/\/apuntesdesanluis.com\/wp-content\/uploads\/2024\/11\/inflacion.png\",\"articleSection\":[\"Nacionales\/Internacionales\"],\"inLanguage\":\"es-AR\"},{\"@type\":\"WebPage\",\"@id\":\"https:\/\/apuntesdesanluis.com\/index.php\/2024\/11\/12\/la-inflacion-bajo-al-27-en-octubre-la-menor-en-tres-anos-y-acumula-193-interanual\/\",\"url\":\"https:\/\/apuntesdesanluis.com\/index.php\/2024\/11\/12\/la-inflacion-bajo-al-27-en-octubre-la-menor-en-tres-anos-y-acumula-193-interanual\/\",\"name\":\"LA INFLACI\u00d3N BAJ\u00d3 AL 2,7% EN OCTUBRE, LA MENOR EN TRES A\u00d1OS, Y ACUMULA 193% INTERANUAL - Apuntes de San Luis\",\"isPartOf\":{\"@id\":\"https:\/\/apuntesdesanluis.com\/#website\"},\"primaryImageOfPage\":{\"@id\":\"https:\/\/apuntesdesanluis.com\/index.php\/2024\/11\/12\/la-inflacion-bajo-al-27-en-octubre-la-menor-en-tres-anos-y-acumula-193-interanual\/#primaryimage\"},\"image\":{\"@id\":\"https:\/\/apuntesdesanluis.com\/index.php\/2024\/11\/12\/la-inflacion-bajo-al-27-en-octubre-la-menor-en-tres-anos-y-acumula-193-interanual\/#primaryimage\"},\"thumbnailUrl\":\"https:\/\/apuntesdesanluis.com\/wp-content\/uploads\/2024\/11\/inflacion.png\",\"datePublished\":\"2024-11-13T00:08:46+00:00\",\"breadcrumb\":{\"@id\":\"https:\/\/apuntesdesanluis.com\/index.php\/2024\/11\/12\/la-inflacion-bajo-al-27-en-octubre-la-menor-en-tres-anos-y-acumula-193-interanual\/#breadcrumb\"},\"inLanguage\":\"es-AR\",\"potentialAction\":[{\"@type\":\"ReadAction\",\"target\":[\"https:\/\/apuntesdesanluis.com\/index.php\/2024\/11\/12\/la-inflacion-bajo-al-27-en-octubre-la-menor-en-tres-anos-y-acumula-193-interanual\/\"]}]},{\"@type\":\"ImageObject\",\"inLanguage\":\"es-AR\",\"@id\":\"https:\/\/apuntesdesanluis.com\/index.php\/2024\/11\/12\/la-inflacion-bajo-al-27-en-octubre-la-menor-en-tres-anos-y-acumula-193-interanual\/#primaryimage\",\"url\":\"https:\/\/apuntesdesanluis.com\/wp-content\/uploads\/2024\/11\/inflacion.png\",\"contentUrl\":\"https:\/\/apuntesdesanluis.com\/wp-content\/uploads\/2024\/11\/inflacion.png\",\"width\":748,\"height\":483},{\"@type\":\"BreadcrumbList\",\"@id\":\"https:\/\/apuntesdesanluis.com\/index.php\/2024\/11\/12\/la-inflacion-bajo-al-27-en-octubre-la-menor-en-tres-anos-y-acumula-193-interanual\/#breadcrumb\",\"itemListElement\":[{\"@type\":\"ListItem\",\"position\":1,\"name\":\"Inicio\",\"item\":\"https:\/\/apuntesdesanluis.com\/\"},{\"@type\":\"ListItem\",\"position\":2,\"name\":\"LA INFLACI\u00d3N BAJ\u00d3 AL 2,7% EN OCTUBRE, LA MENOR EN TRES A\u00d1OS, Y ACUMULA 193% INTERANUAL\"}]},{\"@type\":\"WebSite\",\"@id\":\"https:\/\/apuntesdesanluis.com\/#website\",\"url\":\"https:\/\/apuntesdesanluis.com\/\",\"name\":\"Apuntes de San Luis\",\"description\":\"\",\"publisher\":{\"@id\":\"https:\/\/apuntesdesanluis.com\/#\/schema\/person\/b55151d52296fcce64d1a72538a70b90\"},\"potentialAction\":[{\"@type\":\"SearchAction\",\"target\":{\"@type\":\"EntryPoint\",\"urlTemplate\":\"https:\/\/apuntesdesanluis.com\/?s={search_term_string}\"},\"query-input\":{\"@type\":\"PropertyValueSpecification\",\"valueRequired\":true,\"valueName\":\"search_term_string\"}}],\"inLanguage\":\"es-AR\"},{\"@type\":[\"Person\",\"Organization\"],\"@id\":\"https:\/\/apuntesdesanluis.com\/#\/schema\/person\/b55151d52296fcce64d1a72538a70b90\",\"name\":\"apuntesdesanluis.com\",\"image\":{\"@type\":\"ImageObject\",\"inLanguage\":\"es-AR\",\"@id\":\"https:\/\/apuntesdesanluis.com\/#\/schema\/person\/image\/\",\"url\":\"https:\/\/apuntesdesanluis.com\/wp-content\/uploads\/2023\/07\/cropped-apuntesdesanluis.png\",\"contentUrl\":\"https:\/\/apuntesdesanluis.com\/wp-content\/uploads\/2023\/07\/cropped-apuntesdesanluis.png\",\"width\":450,\"height\":112,\"caption\":\"apuntesdesanluis.com\"},\"logo\":{\"@id\":\"https:\/\/apuntesdesanluis.com\/#\/schema\/person\/image\/\"},\"sameAs\":[\"https:\/\/apuntesdesanluis.com\"],\"url\":\"https:\/\/apuntesdesanluis.com\/index.php\/author\/apuntesdesanluis-com\/\"}]}<\/script>\n<!-- \/ Yoast SEO plugin. -->","yoast_head_json":{"title":"LA INFLACI\u00d3N BAJ\u00d3 AL 2,7% EN OCTUBRE, LA MENOR EN TRES A\u00d1OS, Y ACUMULA 193% INTERANUAL - Apuntes de San Luis","robots":{"index":"index","follow":"follow","max-snippet":"max-snippet:-1","max-image-preview":"max-image-preview:large","max-video-preview":"max-video-preview:-1"},"canonical":"https:\/\/apuntesdesanluis.com\/index.php\/2024\/11\/12\/la-inflacion-bajo-al-27-en-octubre-la-menor-en-tres-anos-y-acumula-193-interanual\/","og_locale":"es_ES","og_type":"article","og_title":"LA INFLACI\u00d3N BAJ\u00d3 AL 2,7% EN OCTUBRE, LA MENOR EN TRES A\u00d1OS, Y ACUMULA 193% INTERANUAL - Apuntes de San Luis","og_description":"La inflaci\u00f3n experiment\u00f3 una fuerte baja en octubre, al 2,7%, el menor nivel desde que...","og_url":"https:\/\/apuntesdesanluis.com\/index.php\/2024\/11\/12\/la-inflacion-bajo-al-27-en-octubre-la-menor-en-tres-anos-y-acumula-193-interanual\/","og_site_name":"Apuntes de San Luis","article_published_time":"2024-11-13T00:08:46+00:00","og_image":[{"width":748,"height":483,"url":"https:\/\/apuntesdesanluis.com\/wp-content\/uploads\/2024\/11\/inflacion.png","type":"image\/png"}],"author":"apuntesdesanluis.com","twitter_card":"summary_large_image","twitter_misc":{"Escrito por":"apuntesdesanluis.com","Tiempo de lectura":"3 minutos"},"schema":{"@context":"https:\/\/schema.org","@graph":[{"@type":"Article","@id":"https:\/\/apuntesdesanluis.com\/index.php\/2024\/11\/12\/la-inflacion-bajo-al-27-en-octubre-la-menor-en-tres-anos-y-acumula-193-interanual\/#article","isPartOf":{"@id":"https:\/\/apuntesdesanluis.com\/index.php\/2024\/11\/12\/la-inflacion-bajo-al-27-en-octubre-la-menor-en-tres-anos-y-acumula-193-interanual\/"},"author":{"name":"apuntesdesanluis.com","@id":"https:\/\/apuntesdesanluis.com\/#\/schema\/person\/b55151d52296fcce64d1a72538a70b90"},"headline":"LA INFLACI\u00d3N BAJ\u00d3 AL 2,7% EN OCTUBRE, LA MENOR EN TRES A\u00d1OS, Y ACUMULA 193% INTERANUAL","datePublished":"2024-11-13T00:08:46+00:00","mainEntityOfPage":{"@id":"https:\/\/apuntesdesanluis.com\/index.php\/2024\/11\/12\/la-inflacion-bajo-al-27-en-octubre-la-menor-en-tres-anos-y-acumula-193-interanual\/"},"wordCount":405,"publisher":{"@id":"https:\/\/apuntesdesanluis.com\/#\/schema\/person\/b55151d52296fcce64d1a72538a70b90"},"image":{"@id":"https:\/\/apuntesdesanluis.com\/index.php\/2024\/11\/12\/la-inflacion-bajo-al-27-en-octubre-la-menor-en-tres-anos-y-acumula-193-interanual\/#primaryimage"},"thumbnailUrl":"https:\/\/apuntesdesanluis.com\/wp-content\/uploads\/2024\/11\/inflacion.png","articleSection":["Nacionales\/Internacionales"],"inLanguage":"es-AR"},{"@type":"WebPage","@id":"https:\/\/apuntesdesanluis.com\/index.php\/2024\/11\/12\/la-inflacion-bajo-al-27-en-octubre-la-menor-en-tres-anos-y-acumula-193-interanual\/","url":"https:\/\/apuntesdesanluis.com\/index.php\/2024\/11\/12\/la-inflacion-bajo-al-27-en-octubre-la-menor-en-tres-anos-y-acumula-193-interanual\/","name":"LA INFLACI\u00d3N BAJ\u00d3 AL 2,7% EN OCTUBRE, LA MENOR EN TRES A\u00d1OS, Y ACUMULA 193% INTERANUAL - Apuntes de San Luis","isPartOf":{"@id":"https:\/\/apuntesdesanluis.com\/#website"},"primaryImageOfPage":{"@id":"https:\/\/apuntesdesanluis.com\/index.php\/2024\/11\/12\/la-inflacion-bajo-al-27-en-octubre-la-menor-en-tres-anos-y-acumula-193-interanual\/#primaryimage"},"image":{"@id":"https:\/\/apuntesdesanluis.com\/index.php\/2024\/11\/12\/la-inflacion-bajo-al-27-en-octubre-la-menor-en-tres-anos-y-acumula-193-interanual\/#primaryimage"},"thumbnailUrl":"https:\/\/apuntesdesanluis.com\/wp-content\/uploads\/2024\/11\/inflacion.png","datePublished":"2024-11-13T00:08:46+00:00","breadcrumb":{"@id":"https:\/\/apuntesdesanluis.com\/index.php\/2024\/11\/12\/la-inflacion-bajo-al-27-en-octubre-la-menor-en-tres-anos-y-acumula-193-interanual\/#breadcrumb"},"inLanguage":"es-AR","potentialAction":[{"@type":"ReadAction","target":["https:\/\/apuntesdesanluis.com\/index.php\/2024\/11\/12\/la-inflacion-bajo-al-27-en-octubre-la-menor-en-tres-anos-y-acumula-193-interanual\/"]}]},{"@type":"ImageObject","inLanguage":"es-AR","@id":"https:\/\/apuntesdesanluis.com\/index.php\/2024\/11\/12\/la-inflacion-bajo-al-27-en-octubre-la-menor-en-tres-anos-y-acumula-193-interanual\/#primaryimage","url":"https:\/\/apuntesdesanluis.com\/wp-content\/uploads\/2024\/11\/inflacion.png","contentUrl":"https:\/\/apuntesdesanluis.com\/wp-content\/uploads\/2024\/11\/inflacion.png","width":748,"height":483},{"@type":"BreadcrumbList","@id":"https:\/\/apuntesdesanluis.com\/index.php\/2024\/11\/12\/la-inflacion-bajo-al-27-en-octubre-la-menor-en-tres-anos-y-acumula-193-interanual\/#breadcrumb","itemListElement":[{"@type":"ListItem","position":1,"name":"Inicio","item":"https:\/\/apuntesdesanluis.com\/"},{"@type":"ListItem","position":2,"name":"LA INFLACI\u00d3N BAJ\u00d3 AL 2,7% EN OCTUBRE, LA MENOR EN TRES A\u00d1OS, Y ACUMULA 193% INTERANUAL"}]},{"@type":"WebSite","@id":"https:\/\/apuntesdesanluis.com\/#website","url":"https:\/\/apuntesdesanluis.com\/","name":"Apuntes de San Luis","description":"","publisher":{"@id":"https:\/\/apuntesdesanluis.com\/#\/schema\/person\/b55151d52296fcce64d1a72538a70b90"},"potentialAction":[{"@type":"SearchAction","target":{"@type":"EntryPoint","urlTemplate":"https:\/\/apuntesdesanluis.com\/?s={search_term_string}"},"query-input":{"@type":"PropertyValueSpecification","valueRequired":true,"valueName":"search_term_string"}}],"inLanguage":"es-AR"},{"@type":["Person","Organization"],"@id":"https:\/\/apuntesdesanluis.com\/#\/schema\/person\/b55151d52296fcce64d1a72538a70b90","name":"apuntesdesanluis.com","image":{"@type":"ImageObject","inLanguage":"es-AR","@id":"https:\/\/apuntesdesanluis.com\/#\/schema\/person\/image\/","url":"https:\/\/apuntesdesanluis.com\/wp-content\/uploads\/2023\/07\/cropped-apuntesdesanluis.png","contentUrl":"https:\/\/apuntesdesanluis.com\/wp-content\/uploads\/2023\/07\/cropped-apuntesdesanluis.png","width":450,"height":112,"caption":"apuntesdesanluis.com"},"logo":{"@id":"https:\/\/apuntesdesanluis.com\/#\/schema\/person\/image\/"},"sameAs":["https:\/\/apuntesdesanluis.com"],"url":"https:\/\/apuntesdesanluis.com\/index.php\/author\/apuntesdesanluis-com\/"}]}},"featured_image_urls":{"full":["https:\/\/apuntesdesanluis.com\/wp-content\/uploads\/2024\/11\/inflacion.png",748,483,false],"thumbnail":["https:\/\/apuntesdesanluis.com\/wp-content\/uploads\/2024\/11\/inflacion-150x150.png",150,150,true],"medium":["https:\/\/apuntesdesanluis.com\/wp-content\/uploads\/2024\/11\/inflacion-300x194.png",300,194,true],"medium_large":["https:\/\/apuntesdesanluis.com\/wp-content\/uploads\/2024\/11\/inflacion.png",640,413,false],"large":["https:\/\/apuntesdesanluis.com\/wp-content\/uploads\/2024\/11\/inflacion.png",640,413,false],"1536x1536":["https:\/\/apuntesdesanluis.com\/wp-content\/uploads\/2024\/11\/inflacion.png",748,483,false],"2048x2048":["https:\/\/apuntesdesanluis.com\/wp-content\/uploads\/2024\/11\/inflacion.png",748,483,false],"newsever-slider-full":["https:\/\/apuntesdesanluis.com\/wp-content\/uploads\/2024\/11\/inflacion.png",748,483,false],"newsever-featured":["https:\/\/apuntesdesanluis.com\/wp-content\/uploads\/2024\/11\/inflacion.png",748,483,false],"newsever-medium":["https:\/\/apuntesdesanluis.com\/wp-content\/uploads\/2024\/11\/inflacion-720x475.png",720,475,true]},"author_info":{"display_name":"apuntesdesanluis.com","author_link":"https:\/\/apuntesdesanluis.com\/index.php\/author\/apuntesdesanluis-com\/"},"category_info":"<a href=\"https:\/\/apuntesdesanluis.com\/index.php\/category\/nacionales-internacionales\/\" rel=\"category tag\">Nacionales\/Internacionales<\/a>","tag_info":"Nacionales\/Internacionales","comment_count":"0","_links":{"self":[{"href":"https:\/\/apuntesdesanluis.com\/index.php\/wp-json\/wp\/v2\/posts\/25166","targetHints":{"allow":["GET"]}}],"collection":[{"href":"https:\/\/apuntesdesanluis.com\/index.php\/wp-json\/wp\/v2\/posts"}],"about":[{"href":"https:\/\/apuntesdesanluis.com\/index.php\/wp-json\/wp\/v2\/types\/post"}],"author":[{"embeddable":true,"href":"https:\/\/apuntesdesanluis.com\/index.php\/wp-json\/wp\/v2\/users\/1"}],"replies":[{"embeddable":true,"href":"https:\/\/apuntesdesanluis.com\/index.php\/wp-json\/wp\/v2\/comments?post=25166"}],"version-history":[{"count":1,"href":"https:\/\/apuntesdesanluis.com\/index.php\/wp-json\/wp\/v2\/posts\/25166\/revisions"}],"predecessor-version":[{"id":25170,"href":"https:\/\/apuntesdesanluis.com\/index.php\/wp-json\/wp\/v2\/posts\/25166\/revisions\/25170"}],"wp:featuredmedia":[{"embeddable":true,"href":"https:\/\/apuntesdesanluis.com\/index.php\/wp-json\/wp\/v2\/media\/25167"}],"wp:attachment":[{"href":"https:\/\/apuntesdesanluis.com\/index.php\/wp-json\/wp\/v2\/media?parent=25166"}],"wp:term":[{"taxonomy":"category","embeddable":true,"href":"https:\/\/apuntesdesanluis.com\/index.php\/wp-json\/wp\/v2\/categories?post=25166"},{"taxonomy":"post_tag","embeddable":true,"href":"https:\/\/apuntesdesanluis.com\/index.php\/wp-json\/wp\/v2\/tags?post=25166"}],"curies":[{"name":"wp","href":"https:\/\/api.w.org\/{rel}","templated":true}]}}