{"id":25180,"date":"2024-11-12T21:59:21","date_gmt":"2024-11-13T00:59:21","guid":{"rendered":"https:\/\/apuntesdesanluis.com\/?p=25180"},"modified":"2024-11-12T21:59:21","modified_gmt":"2024-11-13T00:59:21","slug":"mark-zuckerberg-creador-de-facebook-grabo-un-mensaje-para-javier-milei","status":"publish","type":"post","link":"https:\/\/apuntesdesanluis.com\/index.php\/2024\/11\/12\/mark-zuckerberg-creador-de-facebook-grabo-un-mensaje-para-javier-milei\/","title":{"rendered":"MARK ZUCKERBERG, CREADOR DE FACEBOOK, GRAB\u00d3 UN MENSAJE PARA JAVIER MILEI"},"content":{"rendered":"<h3>En el marco del Meta Day que se est\u00e1 desarrollando este martes, el creador de Facebook y actual presidente de Meta, <strong>Mark Zuckerberg<\/strong>, le envi\u00f3 un afectuoso mensaje al presidente <strong>Javier Milei<\/strong>, antes de que expusiera sobre el avance de la inteligencia artificial en la Argentina.<\/h3>\n<h3>\u00a0\u201cHola Argentina y presidente Milei. Gracias por acompa\u00f1arnos hoy. Nos entusiasma poder llevar Llama 3 a m\u00e1s personas en Argentina. Al hacer que esta tecnolog\u00eda sea de c\u00f3digo abierto, estamos eliminando barreras para que una comunidad m\u00e1s amplia de desarrolladores y organizaciones pueda acceder al poder de la inteligencia artificial, construir soluciones innovadoras y promover el progreso\u201d, dijo el joven empresario tecnol\u00f3gico.<\/h3>\n<p><iframe title=\"El mensaje de Mark Zuckerberg para Javier Milei y para Argentina\" width=\"640\" height=\"360\" src=\"https:\/\/www.youtube.com\/embed\/dUDatq-dN04?feature=oembed\" frameborder=\"0\" allow=\"accelerometer; autoplay; clipboard-write; encrypted-media; gyroscope; picture-in-picture; web-share\" referrerpolicy=\"strict-origin-when-cross-origin\" allowfullscreen><\/iframe><\/p>\n<h3>Luego de esta presentaci\u00f3n, habl\u00f3 el jefe de Estado, quien encara la recta final de su agenda nacional antes de partir a los Estados Unidos para buscar un encuentro con el electo presidente Donald Trump en el marco de la Conferencia Pol\u00edtica de Acci\u00f3n Conservadora (CPAC), que se desarrollar\u00e1 en la mansi\u00f3n del presidente electo, en Mar-a-Lago.<\/h3>\n<h3>El evento organizado por Meta se est\u00e1 desarrollando, hasta el mediod\u00eda, en el Palacio Libertad, en el Centro Cultural Domingo Faustino Sarmiento, y busca fomentar en pymes y emprendedores la adquisici\u00f3n de habilidades digitales innovadoras para optimizar sus negocios \u201cusando tecnolog\u00edas de vanguardia como la Inteligencia Artificial Generativa (GenAI)\u201d, que les permite \u201cinteractuar de manera m\u00e1s efectiva y creativa con la audiencia\u201d.<\/h3>\n<h3>Los participantes tendr\u00e1n acceso a capacitaciones gratuitas pensadas especialmente para emprendedores y pymes argentinas y con la ayuda de expertos, las firmas podr\u00e1n aprender sobre las herramientas de IA para el ecosistema emprendedor, c\u00f3mo definir una propuesta de valor s\u00f3lida para las redes sociales y buenas pr\u00e1cticas para aprovechar al m\u00e1ximo plataformas como WhatsApp Business, Instagram, Meta Business Suite y Meta AI, seg\u00fan inform\u00f3 la empresa.<\/h3>\n<h3>Milei se hab\u00eda reunido con Zuckerberg en mayo de este a\u00f1o, tras una visita que el mandatario realiz\u00f3 a los Estados Unidos. El encuentro fue en Palo Alto, California, y el empresario le ofreci\u00f3 que la Argentina se posicione como un polo de innovaci\u00f3n tecnol\u00f3gico, en un escenario mundial que ya plantea limitaciones a la inversi\u00f3n vinculada a la inteligencia artificial.<\/h3>\n<h3>Cuando termin\u00f3 su c\u00f3nclave con Zuckerberg, el presidente poste\u00f3 en su cuenta oficial de X una foto con el CEO de META y una frase en may\u00fascula que dice: \u201cFen\u00f3meno barrial con Mark Zuckerberg&#8230;!!! Viva la libertad carajo\u201d.<\/h3>\n<h3>\u201cLa reuni\u00f3n con Zuckerberg, el \u00faltimo de una serie de encuentros con l\u00edderes de empresas de tecnolog\u00eda sostenidos esta semana en el Valle de Silicio en Estados Unidos, reafirma la intenci\u00f3n de Argentina de convertirse en un centro de innovaci\u00f3n tecnol\u00f3gica. El presidente Milei y su equipo manifestaron su entusiasmo por las futuras oportunidades de cooperaci\u00f3n con Meta, lo que podr\u00eda traer importantes beneficios econ\u00f3micos y tecnol\u00f3gicos al pa\u00eds\u201d, inform\u00f3 Presidencia en un comunicado, en ese momento.<\/h3>\n<h3>Acompa\u00f1aron al Presidente a la cita con el l\u00edder tecnol\u00f3gico Karina Milei -secretaria General de la Presidencia-; Luis Caputo -ministro de Econom\u00eda-; Gerardo Werthein -entonces embajador en Estados Unidos-, Demian Reidel, consejero econ\u00f3mico del Poder Ejecutivo y Mat Travizano, que es un experto en tecnolog\u00eda.<\/h3>\n<h3><img fetchpriority=\"high\" decoding=\"async\" class=\"wp-image-25181 aligncenter\" src=\"https:\/\/apuntesdesanluis.com\/wp-content\/uploads\/2024\/11\/MILEI-CON-MARK-300x193.png\" alt=\"\" width=\"644\" height=\"414\" srcset=\"https:\/\/apuntesdesanluis.com\/wp-content\/uploads\/2024\/11\/MILEI-CON-MARK-300x193.png 300w, https:\/\/apuntesdesanluis.com\/wp-content\/uploads\/2024\/11\/MILEI-CON-MARK.png 688w\" sizes=\"(max-width: 644px) 100vw, 644px\" \/><\/h3>\n<h3>El encuentro con Zuckerberg fue el cierre de una gira que Milei realiz\u00f3 por San Francisco, adonde ofreci\u00f3 una clase abierta en la Universidad de Stanford y se encontr\u00f3 con los CEOs y directores ejecutivos de ChatGP, Google y Apple con el objetivo de presentar a la Argentina como una posible alternativa en el desarrollo de proyectos tecnol\u00f3gicos de \u00faltima generaci\u00f3n.<\/h3>\n<h3>Durante su visita a California, Milei sorprendi\u00f3 con su discurso ideol\u00f3gico y su mirada econ\u00f3mica en Silicon Valley, y abri\u00f3 un escenario de eventuales inversiones que podr\u00edan llegar a la Argentina para evitar las regulaciones ya aprobadas en Europa y actualmente se estudian en Estados Unidos.<\/h3>\n<p>&nbsp;<\/p>\n<p>&nbsp;<\/p>\n<p>&nbsp;<\/p>\n<p>&nbsp;<\/p>\n<p>&nbsp;<\/p>\n<p>&nbsp;<\/p>\n","protected":false},"excerpt":{"rendered":"<p>En el marco del Meta Day que se est\u00e1 desarrollando este martes, el creador de&#8230;<\/p>\n","protected":false},"author":1,"featured_media":25182,"comment_status":"closed","ping_status":"closed","sticky":false,"template":"","format":"standard","meta":{"footnotes":""},"categories":[5],"tags":[],"class_list":["post-25180","post","type-post","status-publish","format-standard","has-post-thumbnail","hentry","category-nacionales-internacionales"],"yoast_head":"<!-- This site is optimized with the Yoast SEO plugin v26.1.1 - https:\/\/yoast.com\/wordpress\/plugins\/seo\/ -->\n<title>MARK ZUCKERBERG, CREADOR DE FACEBOOK, GRAB\u00d3 UN MENSAJE PARA JAVIER MILEI - Apuntes de San Luis<\/title>\n<meta name=\"robots\" content=\"index, follow, max-snippet:-1, max-image-preview:large, max-video-preview:-1\" \/>\n<link rel=\"canonical\" href=\"https:\/\/apuntesdesanluis.com\/index.php\/2024\/11\/12\/mark-zuckerberg-creador-de-facebook-grabo-un-mensaje-para-javier-milei\/\" \/>\n<meta property=\"og:locale\" content=\"es_ES\" \/>\n<meta property=\"og:type\" content=\"article\" \/>\n<meta property=\"og:title\" content=\"MARK ZUCKERBERG, CREADOR DE FACEBOOK, GRAB\u00d3 UN MENSAJE PARA JAVIER MILEI - Apuntes de San Luis\" \/>\n<meta property=\"og:description\" content=\"En el marco del Meta Day que se est\u00e1 desarrollando este martes, el creador de...\" \/>\n<meta property=\"og:url\" content=\"https:\/\/apuntesdesanluis.com\/index.php\/2024\/11\/12\/mark-zuckerberg-creador-de-facebook-grabo-un-mensaje-para-javier-milei\/\" \/>\n<meta property=\"og:site_name\" content=\"Apuntes de San Luis\" \/>\n<meta property=\"article:published_time\" content=\"2024-11-13T00:59:21+00:00\" \/>\n<meta property=\"og:image\" content=\"https:\/\/apuntesdesanluis.com\/wp-content\/uploads\/2024\/11\/MARCK.png\" \/>\n\t<meta property=\"og:image:width\" content=\"741\" \/>\n\t<meta property=\"og:image:height\" content=\"434\" \/>\n\t<meta property=\"og:image:type\" content=\"image\/png\" \/>\n<meta name=\"author\" content=\"apuntesdesanluis.com\" \/>\n<meta name=\"twitter:card\" content=\"summary_large_image\" \/>\n<meta name=\"twitter:label1\" content=\"Escrito por\" \/>\n\t<meta name=\"twitter:data1\" content=\"apuntesdesanluis.com\" \/>\n\t<meta name=\"twitter:label2\" content=\"Tiempo de lectura\" \/>\n\t<meta name=\"twitter:data2\" content=\"4 minutos\" \/>\n<script type=\"application\/ld+json\" class=\"yoast-schema-graph\">{\"@context\":\"https:\/\/schema.org\",\"@graph\":[{\"@type\":\"Article\",\"@id\":\"https:\/\/apuntesdesanluis.com\/index.php\/2024\/11\/12\/mark-zuckerberg-creador-de-facebook-grabo-un-mensaje-para-javier-milei\/#article\",\"isPartOf\":{\"@id\":\"https:\/\/apuntesdesanluis.com\/index.php\/2024\/11\/12\/mark-zuckerberg-creador-de-facebook-grabo-un-mensaje-para-javier-milei\/\"},\"author\":{\"name\":\"apuntesdesanluis.com\",\"@id\":\"https:\/\/apuntesdesanluis.com\/#\/schema\/person\/b55151d52296fcce64d1a72538a70b90\"},\"headline\":\"MARK ZUCKERBERG, CREADOR DE FACEBOOK, GRAB\u00d3 UN MENSAJE PARA JAVIER MILEI\",\"datePublished\":\"2024-11-13T00:59:21+00:00\",\"mainEntityOfPage\":{\"@id\":\"https:\/\/apuntesdesanluis.com\/index.php\/2024\/11\/12\/mark-zuckerberg-creador-de-facebook-grabo-un-mensaje-para-javier-milei\/\"},\"wordCount\":696,\"publisher\":{\"@id\":\"https:\/\/apuntesdesanluis.com\/#\/schema\/person\/b55151d52296fcce64d1a72538a70b90\"},\"image\":{\"@id\":\"https:\/\/apuntesdesanluis.com\/index.php\/2024\/11\/12\/mark-zuckerberg-creador-de-facebook-grabo-un-mensaje-para-javier-milei\/#primaryimage\"},\"thumbnailUrl\":\"https:\/\/apuntesdesanluis.com\/wp-content\/uploads\/2024\/11\/MARCK.png\",\"articleSection\":[\"Nacionales\/Internacionales\"],\"inLanguage\":\"es-AR\"},{\"@type\":\"WebPage\",\"@id\":\"https:\/\/apuntesdesanluis.com\/index.php\/2024\/11\/12\/mark-zuckerberg-creador-de-facebook-grabo-un-mensaje-para-javier-milei\/\",\"url\":\"https:\/\/apuntesdesanluis.com\/index.php\/2024\/11\/12\/mark-zuckerberg-creador-de-facebook-grabo-un-mensaje-para-javier-milei\/\",\"name\":\"MARK ZUCKERBERG, CREADOR DE FACEBOOK, GRAB\u00d3 UN MENSAJE PARA JAVIER MILEI - Apuntes de San Luis\",\"isPartOf\":{\"@id\":\"https:\/\/apuntesdesanluis.com\/#website\"},\"primaryImageOfPage\":{\"@id\":\"https:\/\/apuntesdesanluis.com\/index.php\/2024\/11\/12\/mark-zuckerberg-creador-de-facebook-grabo-un-mensaje-para-javier-milei\/#primaryimage\"},\"image\":{\"@id\":\"https:\/\/apuntesdesanluis.com\/index.php\/2024\/11\/12\/mark-zuckerberg-creador-de-facebook-grabo-un-mensaje-para-javier-milei\/#primaryimage\"},\"thumbnailUrl\":\"https:\/\/apuntesdesanluis.com\/wp-content\/uploads\/2024\/11\/MARCK.png\",\"datePublished\":\"2024-11-13T00:59:21+00:00\",\"breadcrumb\":{\"@id\":\"https:\/\/apuntesdesanluis.com\/index.php\/2024\/11\/12\/mark-zuckerberg-creador-de-facebook-grabo-un-mensaje-para-javier-milei\/#breadcrumb\"},\"inLanguage\":\"es-AR\",\"potentialAction\":[{\"@type\":\"ReadAction\",\"target\":[\"https:\/\/apuntesdesanluis.com\/index.php\/2024\/11\/12\/mark-zuckerberg-creador-de-facebook-grabo-un-mensaje-para-javier-milei\/\"]}]},{\"@type\":\"ImageObject\",\"inLanguage\":\"es-AR\",\"@id\":\"https:\/\/apuntesdesanluis.com\/index.php\/2024\/11\/12\/mark-zuckerberg-creador-de-facebook-grabo-un-mensaje-para-javier-milei\/#primaryimage\",\"url\":\"https:\/\/apuntesdesanluis.com\/wp-content\/uploads\/2024\/11\/MARCK.png\",\"contentUrl\":\"https:\/\/apuntesdesanluis.com\/wp-content\/uploads\/2024\/11\/MARCK.png\",\"width\":741,\"height\":434},{\"@type\":\"BreadcrumbList\",\"@id\":\"https:\/\/apuntesdesanluis.com\/index.php\/2024\/11\/12\/mark-zuckerberg-creador-de-facebook-grabo-un-mensaje-para-javier-milei\/#breadcrumb\",\"itemListElement\":[{\"@type\":\"ListItem\",\"position\":1,\"name\":\"Inicio\",\"item\":\"https:\/\/apuntesdesanluis.com\/\"},{\"@type\":\"ListItem\",\"position\":2,\"name\":\"MARK ZUCKERBERG, CREADOR DE FACEBOOK, GRAB\u00d3 UN MENSAJE PARA JAVIER MILEI\"}]},{\"@type\":\"WebSite\",\"@id\":\"https:\/\/apuntesdesanluis.com\/#website\",\"url\":\"https:\/\/apuntesdesanluis.com\/\",\"name\":\"Apuntes de San Luis\",\"description\":\"\",\"publisher\":{\"@id\":\"https:\/\/apuntesdesanluis.com\/#\/schema\/person\/b55151d52296fcce64d1a72538a70b90\"},\"potentialAction\":[{\"@type\":\"SearchAction\",\"target\":{\"@type\":\"EntryPoint\",\"urlTemplate\":\"https:\/\/apuntesdesanluis.com\/?s={search_term_string}\"},\"query-input\":{\"@type\":\"PropertyValueSpecification\",\"valueRequired\":true,\"valueName\":\"search_term_string\"}}],\"inLanguage\":\"es-AR\"},{\"@type\":[\"Person\",\"Organization\"],\"@id\":\"https:\/\/apuntesdesanluis.com\/#\/schema\/person\/b55151d52296fcce64d1a72538a70b90\",\"name\":\"apuntesdesanluis.com\",\"image\":{\"@type\":\"ImageObject\",\"inLanguage\":\"es-AR\",\"@id\":\"https:\/\/apuntesdesanluis.com\/#\/schema\/person\/image\/\",\"url\":\"https:\/\/apuntesdesanluis.com\/wp-content\/uploads\/2023\/07\/cropped-apuntesdesanluis.png\",\"contentUrl\":\"https:\/\/apuntesdesanluis.com\/wp-content\/uploads\/2023\/07\/cropped-apuntesdesanluis.png\",\"width\":450,\"height\":112,\"caption\":\"apuntesdesanluis.com\"},\"logo\":{\"@id\":\"https:\/\/apuntesdesanluis.com\/#\/schema\/person\/image\/\"},\"sameAs\":[\"https:\/\/apuntesdesanluis.com\"],\"url\":\"https:\/\/apuntesdesanluis.com\/index.php\/author\/apuntesdesanluis-com\/\"}]}<\/script>\n<!-- \/ Yoast SEO plugin. -->","yoast_head_json":{"title":"MARK ZUCKERBERG, CREADOR DE FACEBOOK, GRAB\u00d3 UN MENSAJE PARA JAVIER MILEI - Apuntes de San Luis","robots":{"index":"index","follow":"follow","max-snippet":"max-snippet:-1","max-image-preview":"max-image-preview:large","max-video-preview":"max-video-preview:-1"},"canonical":"https:\/\/apuntesdesanluis.com\/index.php\/2024\/11\/12\/mark-zuckerberg-creador-de-facebook-grabo-un-mensaje-para-javier-milei\/","og_locale":"es_ES","og_type":"article","og_title":"MARK ZUCKERBERG, CREADOR DE FACEBOOK, GRAB\u00d3 UN MENSAJE PARA JAVIER MILEI - Apuntes de San Luis","og_description":"En el marco del Meta Day que se est\u00e1 desarrollando este martes, el creador de...","og_url":"https:\/\/apuntesdesanluis.com\/index.php\/2024\/11\/12\/mark-zuckerberg-creador-de-facebook-grabo-un-mensaje-para-javier-milei\/","og_site_name":"Apuntes de San Luis","article_published_time":"2024-11-13T00:59:21+00:00","og_image":[{"width":741,"height":434,"url":"https:\/\/apuntesdesanluis.com\/wp-content\/uploads\/2024\/11\/MARCK.png","type":"image\/png"}],"author":"apuntesdesanluis.com","twitter_card":"summary_large_image","twitter_misc":{"Escrito por":"apuntesdesanluis.com","Tiempo de lectura":"4 minutos"},"schema":{"@context":"https:\/\/schema.org","@graph":[{"@type":"Article","@id":"https:\/\/apuntesdesanluis.com\/index.php\/2024\/11\/12\/mark-zuckerberg-creador-de-facebook-grabo-un-mensaje-para-javier-milei\/#article","isPartOf":{"@id":"https:\/\/apuntesdesanluis.com\/index.php\/2024\/11\/12\/mark-zuckerberg-creador-de-facebook-grabo-un-mensaje-para-javier-milei\/"},"author":{"name":"apuntesdesanluis.com","@id":"https:\/\/apuntesdesanluis.com\/#\/schema\/person\/b55151d52296fcce64d1a72538a70b90"},"headline":"MARK ZUCKERBERG, CREADOR DE FACEBOOK, GRAB\u00d3 UN MENSAJE PARA JAVIER MILEI","datePublished":"2024-11-13T00:59:21+00:00","mainEntityOfPage":{"@id":"https:\/\/apuntesdesanluis.com\/index.php\/2024\/11\/12\/mark-zuckerberg-creador-de-facebook-grabo-un-mensaje-para-javier-milei\/"},"wordCount":696,"publisher":{"@id":"https:\/\/apuntesdesanluis.com\/#\/schema\/person\/b55151d52296fcce64d1a72538a70b90"},"image":{"@id":"https:\/\/apuntesdesanluis.com\/index.php\/2024\/11\/12\/mark-zuckerberg-creador-de-facebook-grabo-un-mensaje-para-javier-milei\/#primaryimage"},"thumbnailUrl":"https:\/\/apuntesdesanluis.com\/wp-content\/uploads\/2024\/11\/MARCK.png","articleSection":["Nacionales\/Internacionales"],"inLanguage":"es-AR"},{"@type":"WebPage","@id":"https:\/\/apuntesdesanluis.com\/index.php\/2024\/11\/12\/mark-zuckerberg-creador-de-facebook-grabo-un-mensaje-para-javier-milei\/","url":"https:\/\/apuntesdesanluis.com\/index.php\/2024\/11\/12\/mark-zuckerberg-creador-de-facebook-grabo-un-mensaje-para-javier-milei\/","name":"MARK ZUCKERBERG, CREADOR DE FACEBOOK, GRAB\u00d3 UN MENSAJE PARA JAVIER MILEI - Apuntes de San Luis","isPartOf":{"@id":"https:\/\/apuntesdesanluis.com\/#website"},"primaryImageOfPage":{"@id":"https:\/\/apuntesdesanluis.com\/index.php\/2024\/11\/12\/mark-zuckerberg-creador-de-facebook-grabo-un-mensaje-para-javier-milei\/#primaryimage"},"image":{"@id":"https:\/\/apuntesdesanluis.com\/index.php\/2024\/11\/12\/mark-zuckerberg-creador-de-facebook-grabo-un-mensaje-para-javier-milei\/#primaryimage"},"thumbnailUrl":"https:\/\/apuntesdesanluis.com\/wp-content\/uploads\/2024\/11\/MARCK.png","datePublished":"2024-11-13T00:59:21+00:00","breadcrumb":{"@id":"https:\/\/apuntesdesanluis.com\/index.php\/2024\/11\/12\/mark-zuckerberg-creador-de-facebook-grabo-un-mensaje-para-javier-milei\/#breadcrumb"},"inLanguage":"es-AR","potentialAction":[{"@type":"ReadAction","target":["https:\/\/apuntesdesanluis.com\/index.php\/2024\/11\/12\/mark-zuckerberg-creador-de-facebook-grabo-un-mensaje-para-javier-milei\/"]}]},{"@type":"ImageObject","inLanguage":"es-AR","@id":"https:\/\/apuntesdesanluis.com\/index.php\/2024\/11\/12\/mark-zuckerberg-creador-de-facebook-grabo-un-mensaje-para-javier-milei\/#primaryimage","url":"https:\/\/apuntesdesanluis.com\/wp-content\/uploads\/2024\/11\/MARCK.png","contentUrl":"https:\/\/apuntesdesanluis.com\/wp-content\/uploads\/2024\/11\/MARCK.png","width":741,"height":434},{"@type":"BreadcrumbList","@id":"https:\/\/apuntesdesanluis.com\/index.php\/2024\/11\/12\/mark-zuckerberg-creador-de-facebook-grabo-un-mensaje-para-javier-milei\/#breadcrumb","itemListElement":[{"@type":"ListItem","position":1,"name":"Inicio","item":"https:\/\/apuntesdesanluis.com\/"},{"@type":"ListItem","position":2,"name":"MARK ZUCKERBERG, CREADOR DE FACEBOOK, GRAB\u00d3 UN MENSAJE PARA JAVIER MILEI"}]},{"@type":"WebSite","@id":"https:\/\/apuntesdesanluis.com\/#website","url":"https:\/\/apuntesdesanluis.com\/","name":"Apuntes de San Luis","description":"","publisher":{"@id":"https:\/\/apuntesdesanluis.com\/#\/schema\/person\/b55151d52296fcce64d1a72538a70b90"},"potentialAction":[{"@type":"SearchAction","target":{"@type":"EntryPoint","urlTemplate":"https:\/\/apuntesdesanluis.com\/?s={search_term_string}"},"query-input":{"@type":"PropertyValueSpecification","valueRequired":true,"valueName":"search_term_string"}}],"inLanguage":"es-AR"},{"@type":["Person","Organization"],"@id":"https:\/\/apuntesdesanluis.com\/#\/schema\/person\/b55151d52296fcce64d1a72538a70b90","name":"apuntesdesanluis.com","image":{"@type":"ImageObject","inLanguage":"es-AR","@id":"https:\/\/apuntesdesanluis.com\/#\/schema\/person\/image\/","url":"https:\/\/apuntesdesanluis.com\/wp-content\/uploads\/2023\/07\/cropped-apuntesdesanluis.png","contentUrl":"https:\/\/apuntesdesanluis.com\/wp-content\/uploads\/2023\/07\/cropped-apuntesdesanluis.png","width":450,"height":112,"caption":"apuntesdesanluis.com"},"logo":{"@id":"https:\/\/apuntesdesanluis.com\/#\/schema\/person\/image\/"},"sameAs":["https:\/\/apuntesdesanluis.com"],"url":"https:\/\/apuntesdesanluis.com\/index.php\/author\/apuntesdesanluis-com\/"}]}},"featured_image_urls":{"full":["https:\/\/apuntesdesanluis.com\/wp-content\/uploads\/2024\/11\/MARCK.png",741,434,false],"thumbnail":["https:\/\/apuntesdesanluis.com\/wp-content\/uploads\/2024\/11\/MARCK-150x150.png",150,150,true],"medium":["https:\/\/apuntesdesanluis.com\/wp-content\/uploads\/2024\/11\/MARCK-300x176.png",300,176,true],"medium_large":["https:\/\/apuntesdesanluis.com\/wp-content\/uploads\/2024\/11\/MARCK.png",640,375,false],"large":["https:\/\/apuntesdesanluis.com\/wp-content\/uploads\/2024\/11\/MARCK.png",640,375,false],"1536x1536":["https:\/\/apuntesdesanluis.com\/wp-content\/uploads\/2024\/11\/MARCK.png",741,434,false],"2048x2048":["https:\/\/apuntesdesanluis.com\/wp-content\/uploads\/2024\/11\/MARCK.png",741,434,false],"newsever-slider-full":["https:\/\/apuntesdesanluis.com\/wp-content\/uploads\/2024\/11\/MARCK.png",741,434,false],"newsever-featured":["https:\/\/apuntesdesanluis.com\/wp-content\/uploads\/2024\/11\/MARCK.png",741,434,false],"newsever-medium":["https:\/\/apuntesdesanluis.com\/wp-content\/uploads\/2024\/11\/MARCK-720x434.png",720,434,true]},"author_info":{"display_name":"apuntesdesanluis.com","author_link":"https:\/\/apuntesdesanluis.com\/index.php\/author\/apuntesdesanluis-com\/"},"category_info":"<a href=\"https:\/\/apuntesdesanluis.com\/index.php\/category\/nacionales-internacionales\/\" rel=\"category tag\">Nacionales\/Internacionales<\/a>","tag_info":"Nacionales\/Internacionales","comment_count":"0","_links":{"self":[{"href":"https:\/\/apuntesdesanluis.com\/index.php\/wp-json\/wp\/v2\/posts\/25180","targetHints":{"allow":["GET"]}}],"collection":[{"href":"https:\/\/apuntesdesanluis.com\/index.php\/wp-json\/wp\/v2\/posts"}],"about":[{"href":"https:\/\/apuntesdesanluis.com\/index.php\/wp-json\/wp\/v2\/types\/post"}],"author":[{"embeddable":true,"href":"https:\/\/apuntesdesanluis.com\/index.php\/wp-json\/wp\/v2\/users\/1"}],"replies":[{"embeddable":true,"href":"https:\/\/apuntesdesanluis.com\/index.php\/wp-json\/wp\/v2\/comments?post=25180"}],"version-history":[{"count":1,"href":"https:\/\/apuntesdesanluis.com\/index.php\/wp-json\/wp\/v2\/posts\/25180\/revisions"}],"predecessor-version":[{"id":25183,"href":"https:\/\/apuntesdesanluis.com\/index.php\/wp-json\/wp\/v2\/posts\/25180\/revisions\/25183"}],"wp:featuredmedia":[{"embeddable":true,"href":"https:\/\/apuntesdesanluis.com\/index.php\/wp-json\/wp\/v2\/media\/25182"}],"wp:attachment":[{"href":"https:\/\/apuntesdesanluis.com\/index.php\/wp-json\/wp\/v2\/media?parent=25180"}],"wp:term":[{"taxonomy":"category","embeddable":true,"href":"https:\/\/apuntesdesanluis.com\/index.php\/wp-json\/wp\/v2\/categories?post=25180"},{"taxonomy":"post_tag","embeddable":true,"href":"https:\/\/apuntesdesanluis.com\/index.php\/wp-json\/wp\/v2\/tags?post=25180"}],"curies":[{"name":"wp","href":"https:\/\/api.w.org\/{rel}","templated":true}]}}