{"id":25184,"date":"2024-11-12T22:06:24","date_gmt":"2024-11-13T01:06:24","guid":{"rendered":"https:\/\/apuntesdesanluis.com\/?p=25184"},"modified":"2024-11-12T22:06:24","modified_gmt":"2024-11-13T01:06:24","slug":"capturan-en-buenos-aires-a-una-interna-que-se-fugo-estando-libre-bajo-palabra","status":"publish","type":"post","link":"https:\/\/apuntesdesanluis.com\/index.php\/2024\/11\/12\/capturan-en-buenos-aires-a-una-interna-que-se-fugo-estando-libre-bajo-palabra\/","title":{"rendered":"CAPTURAN EN BUENOS AIRES A UNA INTERNA QUE SE FUG\u00d3 ESTANDO LIBRE \u201cBAJO PALABRA\u201d"},"content":{"rendered":"<h3>La polic\u00eda inform\u00f3 que en las \u00faltimas horas se logr\u00f3 la recaptura de la interna penitenciaria <strong>Mar\u00eda Garc\u00eda<\/strong>, quien estaba pr\u00f3fuga desde el s\u00e1bado 2 de noviembre mientras gozaba de una Salida Transitoria Bajo Palabra de Honor otorgada por la Justicia. Similar al beneficio del que gozaba el preso <strong>Jonathan Vogel<\/strong>, que fue detenido por traficar droga.<\/h3>\n<h3>Garc\u00eda cumple en la actualidad una pena de 12 a\u00f1os por privaci\u00f3n ileg\u00edtima de la libertad agravada por el v\u00ednculo de los cuales cumpli\u00f3 de manera efectiva 8 a\u00f1os hasta este momento.<\/h3>\n<h3>La pr\u00f3fuga fue recapturada por el Cuerpo Especial de Operaciones Penitenciarias (CEOP) con la colaboraci\u00f3n del Grupo Especial Penitenciario de la Provincia de Buenos Aires en la localidad bonaerense de El Arenal.<\/h3>\n<h3>Garc\u00eda fue trasladada nuevamente al Complejo Penitenciario N\u00b01, alojada en la Unidad 4 pabell\u00f3n de mujeres y para su regreso a San Luis se utiliz\u00f3 un veh\u00edculo que hizo 1200 km en todo su trayecto y se afectaron 7 efectivos penitenciarios para ese servicio.<\/h3>\n<p>&nbsp;<\/p>\n<p>&nbsp;<\/p>\n<p>&nbsp;<\/p>\n","protected":false},"excerpt":{"rendered":"<p>La polic\u00eda inform\u00f3 que en las \u00faltimas horas se logr\u00f3 la recaptura de la interna&#8230;<\/p>\n","protected":false},"author":1,"featured_media":25185,"comment_status":"closed","ping_status":"closed","sticky":false,"template":"","format":"standard","meta":{"footnotes":""},"categories":[6],"tags":[],"class_list":["post-25184","post","type-post","status-publish","format-standard","has-post-thumbnail","hentry","category-ciudad-provincia"],"yoast_head":"<!-- This site is optimized with the Yoast SEO plugin v26.1.1 - https:\/\/yoast.com\/wordpress\/plugins\/seo\/ -->\n<title>CAPTURAN EN BUENOS AIRES A UNA INTERNA QUE SE FUG\u00d3 ESTANDO LIBRE \u201cBAJO PALABRA\u201d - Apuntes de San Luis<\/title>\n<meta name=\"robots\" content=\"index, follow, max-snippet:-1, max-image-preview:large, max-video-preview:-1\" \/>\n<link rel=\"canonical\" href=\"https:\/\/apuntesdesanluis.com\/index.php\/2024\/11\/12\/capturan-en-buenos-aires-a-una-interna-que-se-fugo-estando-libre-bajo-palabra\/\" \/>\n<meta property=\"og:locale\" content=\"es_ES\" \/>\n<meta property=\"og:type\" content=\"article\" \/>\n<meta property=\"og:title\" content=\"CAPTURAN EN BUENOS AIRES A UNA INTERNA QUE SE FUG\u00d3 ESTANDO LIBRE \u201cBAJO PALABRA\u201d - Apuntes de San Luis\" \/>\n<meta property=\"og:description\" content=\"La polic\u00eda inform\u00f3 que en las \u00faltimas horas se logr\u00f3 la recaptura de la interna...\" \/>\n<meta property=\"og:url\" content=\"https:\/\/apuntesdesanluis.com\/index.php\/2024\/11\/12\/capturan-en-buenos-aires-a-una-interna-que-se-fugo-estando-libre-bajo-palabra\/\" \/>\n<meta property=\"og:site_name\" content=\"Apuntes de San Luis\" \/>\n<meta property=\"article:published_time\" content=\"2024-11-13T01:06:24+00:00\" \/>\n<meta property=\"og:image\" content=\"https:\/\/apuntesdesanluis.com\/wp-content\/uploads\/2024\/11\/Imagen-de-WhatsApp-2024-11-12-a-las-21.57.33_f3c74a63.jpg\" \/>\n\t<meta property=\"og:image:width\" content=\"572\" \/>\n\t<meta property=\"og:image:height\" content=\"380\" \/>\n\t<meta property=\"og:image:type\" content=\"image\/jpeg\" \/>\n<meta name=\"author\" content=\"apuntesdesanluis.com\" \/>\n<meta name=\"twitter:card\" content=\"summary_large_image\" \/>\n<meta name=\"twitter:label1\" content=\"Escrito por\" \/>\n\t<meta name=\"twitter:data1\" content=\"apuntesdesanluis.com\" \/>\n\t<meta name=\"twitter:label2\" content=\"Tiempo de lectura\" \/>\n\t<meta name=\"twitter:data2\" content=\"1 minuto\" \/>\n<script type=\"application\/ld+json\" class=\"yoast-schema-graph\">{\"@context\":\"https:\/\/schema.org\",\"@graph\":[{\"@type\":\"Article\",\"@id\":\"https:\/\/apuntesdesanluis.com\/index.php\/2024\/11\/12\/capturan-en-buenos-aires-a-una-interna-que-se-fugo-estando-libre-bajo-palabra\/#article\",\"isPartOf\":{\"@id\":\"https:\/\/apuntesdesanluis.com\/index.php\/2024\/11\/12\/capturan-en-buenos-aires-a-una-interna-que-se-fugo-estando-libre-bajo-palabra\/\"},\"author\":{\"name\":\"apuntesdesanluis.com\",\"@id\":\"https:\/\/apuntesdesanluis.com\/#\/schema\/person\/b55151d52296fcce64d1a72538a70b90\"},\"headline\":\"CAPTURAN EN BUENOS AIRES A UNA INTERNA QUE SE FUG\u00d3 ESTANDO LIBRE \u201cBAJO PALABRA\u201d\",\"datePublished\":\"2024-11-13T01:06:24+00:00\",\"mainEntityOfPage\":{\"@id\":\"https:\/\/apuntesdesanluis.com\/index.php\/2024\/11\/12\/capturan-en-buenos-aires-a-una-interna-que-se-fugo-estando-libre-bajo-palabra\/\"},\"wordCount\":192,\"publisher\":{\"@id\":\"https:\/\/apuntesdesanluis.com\/#\/schema\/person\/b55151d52296fcce64d1a72538a70b90\"},\"image\":{\"@id\":\"https:\/\/apuntesdesanluis.com\/index.php\/2024\/11\/12\/capturan-en-buenos-aires-a-una-interna-que-se-fugo-estando-libre-bajo-palabra\/#primaryimage\"},\"thumbnailUrl\":\"https:\/\/apuntesdesanluis.com\/wp-content\/uploads\/2024\/11\/Imagen-de-WhatsApp-2024-11-12-a-las-21.57.33_f3c74a63.jpg\",\"articleSection\":[\"Ciudad\/Provincia\"],\"inLanguage\":\"es-AR\"},{\"@type\":\"WebPage\",\"@id\":\"https:\/\/apuntesdesanluis.com\/index.php\/2024\/11\/12\/capturan-en-buenos-aires-a-una-interna-que-se-fugo-estando-libre-bajo-palabra\/\",\"url\":\"https:\/\/apuntesdesanluis.com\/index.php\/2024\/11\/12\/capturan-en-buenos-aires-a-una-interna-que-se-fugo-estando-libre-bajo-palabra\/\",\"name\":\"CAPTURAN EN BUENOS AIRES A UNA INTERNA QUE SE FUG\u00d3 ESTANDO LIBRE \u201cBAJO PALABRA\u201d - Apuntes de San Luis\",\"isPartOf\":{\"@id\":\"https:\/\/apuntesdesanluis.com\/#website\"},\"primaryImageOfPage\":{\"@id\":\"https:\/\/apuntesdesanluis.com\/index.php\/2024\/11\/12\/capturan-en-buenos-aires-a-una-interna-que-se-fugo-estando-libre-bajo-palabra\/#primaryimage\"},\"image\":{\"@id\":\"https:\/\/apuntesdesanluis.com\/index.php\/2024\/11\/12\/capturan-en-buenos-aires-a-una-interna-que-se-fugo-estando-libre-bajo-palabra\/#primaryimage\"},\"thumbnailUrl\":\"https:\/\/apuntesdesanluis.com\/wp-content\/uploads\/2024\/11\/Imagen-de-WhatsApp-2024-11-12-a-las-21.57.33_f3c74a63.jpg\",\"datePublished\":\"2024-11-13T01:06:24+00:00\",\"breadcrumb\":{\"@id\":\"https:\/\/apuntesdesanluis.com\/index.php\/2024\/11\/12\/capturan-en-buenos-aires-a-una-interna-que-se-fugo-estando-libre-bajo-palabra\/#breadcrumb\"},\"inLanguage\":\"es-AR\",\"potentialAction\":[{\"@type\":\"ReadAction\",\"target\":[\"https:\/\/apuntesdesanluis.com\/index.php\/2024\/11\/12\/capturan-en-buenos-aires-a-una-interna-que-se-fugo-estando-libre-bajo-palabra\/\"]}]},{\"@type\":\"ImageObject\",\"inLanguage\":\"es-AR\",\"@id\":\"https:\/\/apuntesdesanluis.com\/index.php\/2024\/11\/12\/capturan-en-buenos-aires-a-una-interna-que-se-fugo-estando-libre-bajo-palabra\/#primaryimage\",\"url\":\"https:\/\/apuntesdesanluis.com\/wp-content\/uploads\/2024\/11\/Imagen-de-WhatsApp-2024-11-12-a-las-21.57.33_f3c74a63.jpg\",\"contentUrl\":\"https:\/\/apuntesdesanluis.com\/wp-content\/uploads\/2024\/11\/Imagen-de-WhatsApp-2024-11-12-a-las-21.57.33_f3c74a63.jpg\",\"width\":572,\"height\":380},{\"@type\":\"BreadcrumbList\",\"@id\":\"https:\/\/apuntesdesanluis.com\/index.php\/2024\/11\/12\/capturan-en-buenos-aires-a-una-interna-que-se-fugo-estando-libre-bajo-palabra\/#breadcrumb\",\"itemListElement\":[{\"@type\":\"ListItem\",\"position\":1,\"name\":\"Inicio\",\"item\":\"https:\/\/apuntesdesanluis.com\/\"},{\"@type\":\"ListItem\",\"position\":2,\"name\":\"CAPTURAN EN BUENOS AIRES A UNA INTERNA QUE SE FUG\u00d3 ESTANDO LIBRE \u201cBAJO PALABRA\u201d\"}]},{\"@type\":\"WebSite\",\"@id\":\"https:\/\/apuntesdesanluis.com\/#website\",\"url\":\"https:\/\/apuntesdesanluis.com\/\",\"name\":\"Apuntes de San Luis\",\"description\":\"\",\"publisher\":{\"@id\":\"https:\/\/apuntesdesanluis.com\/#\/schema\/person\/b55151d52296fcce64d1a72538a70b90\"},\"potentialAction\":[{\"@type\":\"SearchAction\",\"target\":{\"@type\":\"EntryPoint\",\"urlTemplate\":\"https:\/\/apuntesdesanluis.com\/?s={search_term_string}\"},\"query-input\":{\"@type\":\"PropertyValueSpecification\",\"valueRequired\":true,\"valueName\":\"search_term_string\"}}],\"inLanguage\":\"es-AR\"},{\"@type\":[\"Person\",\"Organization\"],\"@id\":\"https:\/\/apuntesdesanluis.com\/#\/schema\/person\/b55151d52296fcce64d1a72538a70b90\",\"name\":\"apuntesdesanluis.com\",\"image\":{\"@type\":\"ImageObject\",\"inLanguage\":\"es-AR\",\"@id\":\"https:\/\/apuntesdesanluis.com\/#\/schema\/person\/image\/\",\"url\":\"https:\/\/apuntesdesanluis.com\/wp-content\/uploads\/2023\/07\/cropped-apuntesdesanluis.png\",\"contentUrl\":\"https:\/\/apuntesdesanluis.com\/wp-content\/uploads\/2023\/07\/cropped-apuntesdesanluis.png\",\"width\":450,\"height\":112,\"caption\":\"apuntesdesanluis.com\"},\"logo\":{\"@id\":\"https:\/\/apuntesdesanluis.com\/#\/schema\/person\/image\/\"},\"sameAs\":[\"https:\/\/apuntesdesanluis.com\"],\"url\":\"https:\/\/apuntesdesanluis.com\/index.php\/author\/apuntesdesanluis-com\/\"}]}<\/script>\n<!-- \/ Yoast SEO plugin. -->","yoast_head_json":{"title":"CAPTURAN EN BUENOS AIRES A UNA INTERNA QUE SE FUG\u00d3 ESTANDO LIBRE \u201cBAJO PALABRA\u201d - Apuntes de San Luis","robots":{"index":"index","follow":"follow","max-snippet":"max-snippet:-1","max-image-preview":"max-image-preview:large","max-video-preview":"max-video-preview:-1"},"canonical":"https:\/\/apuntesdesanluis.com\/index.php\/2024\/11\/12\/capturan-en-buenos-aires-a-una-interna-que-se-fugo-estando-libre-bajo-palabra\/","og_locale":"es_ES","og_type":"article","og_title":"CAPTURAN EN BUENOS AIRES A UNA INTERNA QUE SE FUG\u00d3 ESTANDO LIBRE \u201cBAJO PALABRA\u201d - Apuntes de San Luis","og_description":"La polic\u00eda inform\u00f3 que en las \u00faltimas horas se logr\u00f3 la recaptura de la interna...","og_url":"https:\/\/apuntesdesanluis.com\/index.php\/2024\/11\/12\/capturan-en-buenos-aires-a-una-interna-que-se-fugo-estando-libre-bajo-palabra\/","og_site_name":"Apuntes de San Luis","article_published_time":"2024-11-13T01:06:24+00:00","og_image":[{"width":572,"height":380,"url":"https:\/\/apuntesdesanluis.com\/wp-content\/uploads\/2024\/11\/Imagen-de-WhatsApp-2024-11-12-a-las-21.57.33_f3c74a63.jpg","type":"image\/jpeg"}],"author":"apuntesdesanluis.com","twitter_card":"summary_large_image","twitter_misc":{"Escrito por":"apuntesdesanluis.com","Tiempo de lectura":"1 minuto"},"schema":{"@context":"https:\/\/schema.org","@graph":[{"@type":"Article","@id":"https:\/\/apuntesdesanluis.com\/index.php\/2024\/11\/12\/capturan-en-buenos-aires-a-una-interna-que-se-fugo-estando-libre-bajo-palabra\/#article","isPartOf":{"@id":"https:\/\/apuntesdesanluis.com\/index.php\/2024\/11\/12\/capturan-en-buenos-aires-a-una-interna-que-se-fugo-estando-libre-bajo-palabra\/"},"author":{"name":"apuntesdesanluis.com","@id":"https:\/\/apuntesdesanluis.com\/#\/schema\/person\/b55151d52296fcce64d1a72538a70b90"},"headline":"CAPTURAN EN BUENOS AIRES A UNA INTERNA QUE SE FUG\u00d3 ESTANDO LIBRE \u201cBAJO PALABRA\u201d","datePublished":"2024-11-13T01:06:24+00:00","mainEntityOfPage":{"@id":"https:\/\/apuntesdesanluis.com\/index.php\/2024\/11\/12\/capturan-en-buenos-aires-a-una-interna-que-se-fugo-estando-libre-bajo-palabra\/"},"wordCount":192,"publisher":{"@id":"https:\/\/apuntesdesanluis.com\/#\/schema\/person\/b55151d52296fcce64d1a72538a70b90"},"image":{"@id":"https:\/\/apuntesdesanluis.com\/index.php\/2024\/11\/12\/capturan-en-buenos-aires-a-una-interna-que-se-fugo-estando-libre-bajo-palabra\/#primaryimage"},"thumbnailUrl":"https:\/\/apuntesdesanluis.com\/wp-content\/uploads\/2024\/11\/Imagen-de-WhatsApp-2024-11-12-a-las-21.57.33_f3c74a63.jpg","articleSection":["Ciudad\/Provincia"],"inLanguage":"es-AR"},{"@type":"WebPage","@id":"https:\/\/apuntesdesanluis.com\/index.php\/2024\/11\/12\/capturan-en-buenos-aires-a-una-interna-que-se-fugo-estando-libre-bajo-palabra\/","url":"https:\/\/apuntesdesanluis.com\/index.php\/2024\/11\/12\/capturan-en-buenos-aires-a-una-interna-que-se-fugo-estando-libre-bajo-palabra\/","name":"CAPTURAN EN BUENOS AIRES A UNA INTERNA QUE SE FUG\u00d3 ESTANDO LIBRE \u201cBAJO PALABRA\u201d - Apuntes de San Luis","isPartOf":{"@id":"https:\/\/apuntesdesanluis.com\/#website"},"primaryImageOfPage":{"@id":"https:\/\/apuntesdesanluis.com\/index.php\/2024\/11\/12\/capturan-en-buenos-aires-a-una-interna-que-se-fugo-estando-libre-bajo-palabra\/#primaryimage"},"image":{"@id":"https:\/\/apuntesdesanluis.com\/index.php\/2024\/11\/12\/capturan-en-buenos-aires-a-una-interna-que-se-fugo-estando-libre-bajo-palabra\/#primaryimage"},"thumbnailUrl":"https:\/\/apuntesdesanluis.com\/wp-content\/uploads\/2024\/11\/Imagen-de-WhatsApp-2024-11-12-a-las-21.57.33_f3c74a63.jpg","datePublished":"2024-11-13T01:06:24+00:00","breadcrumb":{"@id":"https:\/\/apuntesdesanluis.com\/index.php\/2024\/11\/12\/capturan-en-buenos-aires-a-una-interna-que-se-fugo-estando-libre-bajo-palabra\/#breadcrumb"},"inLanguage":"es-AR","potentialAction":[{"@type":"ReadAction","target":["https:\/\/apuntesdesanluis.com\/index.php\/2024\/11\/12\/capturan-en-buenos-aires-a-una-interna-que-se-fugo-estando-libre-bajo-palabra\/"]}]},{"@type":"ImageObject","inLanguage":"es-AR","@id":"https:\/\/apuntesdesanluis.com\/index.php\/2024\/11\/12\/capturan-en-buenos-aires-a-una-interna-que-se-fugo-estando-libre-bajo-palabra\/#primaryimage","url":"https:\/\/apuntesdesanluis.com\/wp-content\/uploads\/2024\/11\/Imagen-de-WhatsApp-2024-11-12-a-las-21.57.33_f3c74a63.jpg","contentUrl":"https:\/\/apuntesdesanluis.com\/wp-content\/uploads\/2024\/11\/Imagen-de-WhatsApp-2024-11-12-a-las-21.57.33_f3c74a63.jpg","width":572,"height":380},{"@type":"BreadcrumbList","@id":"https:\/\/apuntesdesanluis.com\/index.php\/2024\/11\/12\/capturan-en-buenos-aires-a-una-interna-que-se-fugo-estando-libre-bajo-palabra\/#breadcrumb","itemListElement":[{"@type":"ListItem","position":1,"name":"Inicio","item":"https:\/\/apuntesdesanluis.com\/"},{"@type":"ListItem","position":2,"name":"CAPTURAN EN BUENOS AIRES A UNA INTERNA QUE SE FUG\u00d3 ESTANDO LIBRE \u201cBAJO PALABRA\u201d"}]},{"@type":"WebSite","@id":"https:\/\/apuntesdesanluis.com\/#website","url":"https:\/\/apuntesdesanluis.com\/","name":"Apuntes de San Luis","description":"","publisher":{"@id":"https:\/\/apuntesdesanluis.com\/#\/schema\/person\/b55151d52296fcce64d1a72538a70b90"},"potentialAction":[{"@type":"SearchAction","target":{"@type":"EntryPoint","urlTemplate":"https:\/\/apuntesdesanluis.com\/?s={search_term_string}"},"query-input":{"@type":"PropertyValueSpecification","valueRequired":true,"valueName":"search_term_string"}}],"inLanguage":"es-AR"},{"@type":["Person","Organization"],"@id":"https:\/\/apuntesdesanluis.com\/#\/schema\/person\/b55151d52296fcce64d1a72538a70b90","name":"apuntesdesanluis.com","image":{"@type":"ImageObject","inLanguage":"es-AR","@id":"https:\/\/apuntesdesanluis.com\/#\/schema\/person\/image\/","url":"https:\/\/apuntesdesanluis.com\/wp-content\/uploads\/2023\/07\/cropped-apuntesdesanluis.png","contentUrl":"https:\/\/apuntesdesanluis.com\/wp-content\/uploads\/2023\/07\/cropped-apuntesdesanluis.png","width":450,"height":112,"caption":"apuntesdesanluis.com"},"logo":{"@id":"https:\/\/apuntesdesanluis.com\/#\/schema\/person\/image\/"},"sameAs":["https:\/\/apuntesdesanluis.com"],"url":"https:\/\/apuntesdesanluis.com\/index.php\/author\/apuntesdesanluis-com\/"}]}},"featured_image_urls":{"full":["https:\/\/apuntesdesanluis.com\/wp-content\/uploads\/2024\/11\/Imagen-de-WhatsApp-2024-11-12-a-las-21.57.33_f3c74a63.jpg",572,380,false],"thumbnail":["https:\/\/apuntesdesanluis.com\/wp-content\/uploads\/2024\/11\/Imagen-de-WhatsApp-2024-11-12-a-las-21.57.33_f3c74a63-150x150.jpg",150,150,true],"medium":["https:\/\/apuntesdesanluis.com\/wp-content\/uploads\/2024\/11\/Imagen-de-WhatsApp-2024-11-12-a-las-21.57.33_f3c74a63-300x199.jpg",300,199,true],"medium_large":["https:\/\/apuntesdesanluis.com\/wp-content\/uploads\/2024\/11\/Imagen-de-WhatsApp-2024-11-12-a-las-21.57.33_f3c74a63.jpg",572,380,false],"large":["https:\/\/apuntesdesanluis.com\/wp-content\/uploads\/2024\/11\/Imagen-de-WhatsApp-2024-11-12-a-las-21.57.33_f3c74a63.jpg",572,380,false],"1536x1536":["https:\/\/apuntesdesanluis.com\/wp-content\/uploads\/2024\/11\/Imagen-de-WhatsApp-2024-11-12-a-las-21.57.33_f3c74a63.jpg",572,380,false],"2048x2048":["https:\/\/apuntesdesanluis.com\/wp-content\/uploads\/2024\/11\/Imagen-de-WhatsApp-2024-11-12-a-las-21.57.33_f3c74a63.jpg",572,380,false],"newsever-slider-full":["https:\/\/apuntesdesanluis.com\/wp-content\/uploads\/2024\/11\/Imagen-de-WhatsApp-2024-11-12-a-las-21.57.33_f3c74a63.jpg",572,380,false],"newsever-featured":["https:\/\/apuntesdesanluis.com\/wp-content\/uploads\/2024\/11\/Imagen-de-WhatsApp-2024-11-12-a-las-21.57.33_f3c74a63.jpg",572,380,false],"newsever-medium":["https:\/\/apuntesdesanluis.com\/wp-content\/uploads\/2024\/11\/Imagen-de-WhatsApp-2024-11-12-a-las-21.57.33_f3c74a63.jpg",572,380,false]},"author_info":{"display_name":"apuntesdesanluis.com","author_link":"https:\/\/apuntesdesanluis.com\/index.php\/author\/apuntesdesanluis-com\/"},"category_info":"<a href=\"https:\/\/apuntesdesanluis.com\/index.php\/category\/ciudad-provincia\/\" rel=\"category tag\">Ciudad\/Provincia<\/a>","tag_info":"Ciudad\/Provincia","comment_count":"0","_links":{"self":[{"href":"https:\/\/apuntesdesanluis.com\/index.php\/wp-json\/wp\/v2\/posts\/25184","targetHints":{"allow":["GET"]}}],"collection":[{"href":"https:\/\/apuntesdesanluis.com\/index.php\/wp-json\/wp\/v2\/posts"}],"about":[{"href":"https:\/\/apuntesdesanluis.com\/index.php\/wp-json\/wp\/v2\/types\/post"}],"author":[{"embeddable":true,"href":"https:\/\/apuntesdesanluis.com\/index.php\/wp-json\/wp\/v2\/users\/1"}],"replies":[{"embeddable":true,"href":"https:\/\/apuntesdesanluis.com\/index.php\/wp-json\/wp\/v2\/comments?post=25184"}],"version-history":[{"count":1,"href":"https:\/\/apuntesdesanluis.com\/index.php\/wp-json\/wp\/v2\/posts\/25184\/revisions"}],"predecessor-version":[{"id":25186,"href":"https:\/\/apuntesdesanluis.com\/index.php\/wp-json\/wp\/v2\/posts\/25184\/revisions\/25186"}],"wp:featuredmedia":[{"embeddable":true,"href":"https:\/\/apuntesdesanluis.com\/index.php\/wp-json\/wp\/v2\/media\/25185"}],"wp:attachment":[{"href":"https:\/\/apuntesdesanluis.com\/index.php\/wp-json\/wp\/v2\/media?parent=25184"}],"wp:term":[{"taxonomy":"category","embeddable":true,"href":"https:\/\/apuntesdesanluis.com\/index.php\/wp-json\/wp\/v2\/categories?post=25184"},{"taxonomy":"post_tag","embeddable":true,"href":"https:\/\/apuntesdesanluis.com\/index.php\/wp-json\/wp\/v2\/tags?post=25184"}],"curies":[{"name":"wp","href":"https:\/\/api.w.org\/{rel}","templated":true}]}}