{"id":25200,"date":"2024-11-13T19:16:05","date_gmt":"2024-11-13T22:16:05","guid":{"rendered":"https:\/\/apuntesdesanluis.com\/?p=25200"},"modified":"2024-11-13T19:16:05","modified_gmt":"2024-11-13T22:16:05","slug":"en-juicio-abreviado-lo-condenaron-a-cuatro-anos-y-seis-meses-de-prision-efectiva","status":"publish","type":"post","link":"https:\/\/apuntesdesanluis.com\/index.php\/2024\/11\/13\/en-juicio-abreviado-lo-condenaron-a-cuatro-anos-y-seis-meses-de-prision-efectiva\/","title":{"rendered":"EN JUICIO ABREVIADO, LO CONDENARON A CUATRO A\u00d1OS Y SEIS MESES DE PRISI\u00d3N EFECTIVA"},"content":{"rendered":"<h3>La sala penal de la Tercera Circunscripci\u00f3n Judicial, presidida por la jueza Mar\u00eda Claudia Uccello, declar\u00f3 a un hombre como autor material y penalmente responsable del delito de robo simple y hurto agravado por escalamiento en dos causas que concluyeron bajo el procedimiento de juicio abreviado.\u00a0 La pena impuesta fue de\u00a0 cuatro a\u00f1os y seis meses de prisi\u00f3n efectiva, a cumplir en el Servicio Penitenciario Provincial.<\/h3>\n<h3>El imputado hab\u00eda sido investigado por dos hechos ocurridos en la\u00a0 tercera Circunscripci\u00f3n Judicial. El primero\u00a0 sucedi\u00f3 el 2 de octubre del 2020 y fue calificado como robo simple. Seg\u00fan el relato formulado por el Fiscal de Juicio N\u00e9stor Zudaire, el acusado habr\u00eda ingresado a una vivienda y sustra\u00eddo, entre otros elementos, una bicicleta, perfumes, un router y una sierra circular.<\/h3>\n<h3>El segundo hecho \u2013 encuadrado como hurto agravado por escalamiento \u2013 ocurri\u00f3 el primero de mayo del 2019. En esa oportunidad, el acusado habr\u00eda forzado la ventana de una vivienda \u2013 ubicada en la calle El Cipr\u00e9s, en la Villa de Merlo \u2013\u00a0 de donde sustrajo elementos como un televisor, botellas de bebida\u00a0 y un parlante.<\/h3>\n<h3>Participaron en la audiencia desde el Ministerio P\u00fablico Fiscal, el Fiscal de Juicio, Dr. N\u00e9stor Zudaire. En la Defensa del acusado, las Dras.\u00a0 Agustina Roc\u00edo Tobares, subrogante en la Defensor\u00eda Penal N\u00ba 2 de la Tercera Circunscripci\u00f3n Judicial y Mar\u00eda Luz V\u00edlchez, Defensora Adjunta.<\/h3>\n<h3>Las partes explicaron los alcances del acuerdo alcanzado, en marco de lo previsto en el Art. 234 del C\u00f3digo de Procedimiento Penal de la Provincia de San Luis. Por su parte, el acusado reconoci\u00f3 su participaci\u00f3n en los hechos, la calificaci\u00f3n legal y la imposici\u00f3n de una pena de cuatro a\u00f1os y seis meses de prisi\u00f3n efectiva.<\/h3>\n<h3>Luego de un breve cuarto intermedio, el tribunal dio a conocer la resoluci\u00f3n con la que se resolvi\u00f3: homologar el acuerdo de juicio abreviado, declarar al acusado culpable como autor penalmente responsable de los delitos de robo simple y hurto agravado por escalamiento y condenarlo a sufrir la pena de cuatro a\u00f1os y seis meses de prisi\u00f3n efectiva, disponiendo su inmediato reingreso al Servicio Penitenciario Provincial.<\/h3>\n<p>&nbsp;<\/p>\n<p>&nbsp;<\/p>\n","protected":false},"excerpt":{"rendered":"<p>La sala penal de la Tercera Circunscripci\u00f3n Judicial, presidida por la jueza Mar\u00eda Claudia Uccello,&#8230;<\/p>\n","protected":false},"author":1,"featured_media":25201,"comment_status":"closed","ping_status":"closed","sticky":false,"template":"","format":"standard","meta":{"footnotes":""},"categories":[6],"tags":[],"class_list":["post-25200","post","type-post","status-publish","format-standard","has-post-thumbnail","hentry","category-ciudad-provincia"],"yoast_head":"<!-- This site is optimized with the Yoast SEO plugin v26.1.1 - https:\/\/yoast.com\/wordpress\/plugins\/seo\/ -->\n<title>EN JUICIO ABREVIADO, LO CONDENARON A CUATRO A\u00d1OS Y SEIS MESES DE PRISI\u00d3N EFECTIVA - Apuntes de San Luis<\/title>\n<meta name=\"robots\" content=\"index, follow, max-snippet:-1, max-image-preview:large, max-video-preview:-1\" \/>\n<link rel=\"canonical\" href=\"https:\/\/apuntesdesanluis.com\/index.php\/2024\/11\/13\/en-juicio-abreviado-lo-condenaron-a-cuatro-anos-y-seis-meses-de-prision-efectiva\/\" \/>\n<meta property=\"og:locale\" content=\"es_ES\" \/>\n<meta property=\"og:type\" content=\"article\" \/>\n<meta property=\"og:title\" content=\"EN JUICIO ABREVIADO, LO CONDENARON A CUATRO A\u00d1OS Y SEIS MESES DE PRISI\u00d3N EFECTIVA - Apuntes de San Luis\" \/>\n<meta property=\"og:description\" content=\"La sala penal de la Tercera Circunscripci\u00f3n Judicial, presidida por la jueza Mar\u00eda Claudia Uccello,...\" \/>\n<meta property=\"og:url\" content=\"https:\/\/apuntesdesanluis.com\/index.php\/2024\/11\/13\/en-juicio-abreviado-lo-condenaron-a-cuatro-anos-y-seis-meses-de-prision-efectiva\/\" \/>\n<meta property=\"og:site_name\" content=\"Apuntes de San Luis\" \/>\n<meta property=\"article:published_time\" content=\"2024-11-13T22:16:05+00:00\" \/>\n<meta property=\"og:image\" content=\"https:\/\/apuntesdesanluis.com\/wp-content\/uploads\/2024\/11\/JUICIO-1.png\" \/>\n\t<meta property=\"og:image:width\" content=\"770\" \/>\n\t<meta property=\"og:image:height\" content=\"442\" \/>\n\t<meta property=\"og:image:type\" content=\"image\/png\" \/>\n<meta name=\"author\" content=\"apuntesdesanluis.com\" \/>\n<meta name=\"twitter:card\" content=\"summary_large_image\" \/>\n<meta name=\"twitter:label1\" content=\"Escrito por\" \/>\n\t<meta name=\"twitter:data1\" content=\"apuntesdesanluis.com\" \/>\n\t<meta name=\"twitter:label2\" content=\"Tiempo de lectura\" \/>\n\t<meta name=\"twitter:data2\" content=\"2 minutos\" \/>\n<script type=\"application\/ld+json\" class=\"yoast-schema-graph\">{\"@context\":\"https:\/\/schema.org\",\"@graph\":[{\"@type\":\"Article\",\"@id\":\"https:\/\/apuntesdesanluis.com\/index.php\/2024\/11\/13\/en-juicio-abreviado-lo-condenaron-a-cuatro-anos-y-seis-meses-de-prision-efectiva\/#article\",\"isPartOf\":{\"@id\":\"https:\/\/apuntesdesanluis.com\/index.php\/2024\/11\/13\/en-juicio-abreviado-lo-condenaron-a-cuatro-anos-y-seis-meses-de-prision-efectiva\/\"},\"author\":{\"name\":\"apuntesdesanluis.com\",\"@id\":\"https:\/\/apuntesdesanluis.com\/#\/schema\/person\/b55151d52296fcce64d1a72538a70b90\"},\"headline\":\"EN JUICIO ABREVIADO, LO CONDENARON A CUATRO A\u00d1OS Y SEIS MESES DE PRISI\u00d3N EFECTIVA\",\"datePublished\":\"2024-11-13T22:16:05+00:00\",\"mainEntityOfPage\":{\"@id\":\"https:\/\/apuntesdesanluis.com\/index.php\/2024\/11\/13\/en-juicio-abreviado-lo-condenaron-a-cuatro-anos-y-seis-meses-de-prision-efectiva\/\"},\"wordCount\":387,\"publisher\":{\"@id\":\"https:\/\/apuntesdesanluis.com\/#\/schema\/person\/b55151d52296fcce64d1a72538a70b90\"},\"image\":{\"@id\":\"https:\/\/apuntesdesanluis.com\/index.php\/2024\/11\/13\/en-juicio-abreviado-lo-condenaron-a-cuatro-anos-y-seis-meses-de-prision-efectiva\/#primaryimage\"},\"thumbnailUrl\":\"https:\/\/apuntesdesanluis.com\/wp-content\/uploads\/2024\/11\/JUICIO-1.png\",\"articleSection\":[\"Ciudad\/Provincia\"],\"inLanguage\":\"es-AR\"},{\"@type\":\"WebPage\",\"@id\":\"https:\/\/apuntesdesanluis.com\/index.php\/2024\/11\/13\/en-juicio-abreviado-lo-condenaron-a-cuatro-anos-y-seis-meses-de-prision-efectiva\/\",\"url\":\"https:\/\/apuntesdesanluis.com\/index.php\/2024\/11\/13\/en-juicio-abreviado-lo-condenaron-a-cuatro-anos-y-seis-meses-de-prision-efectiva\/\",\"name\":\"EN JUICIO ABREVIADO, LO CONDENARON A CUATRO A\u00d1OS Y SEIS MESES DE PRISI\u00d3N EFECTIVA - Apuntes de San Luis\",\"isPartOf\":{\"@id\":\"https:\/\/apuntesdesanluis.com\/#website\"},\"primaryImageOfPage\":{\"@id\":\"https:\/\/apuntesdesanluis.com\/index.php\/2024\/11\/13\/en-juicio-abreviado-lo-condenaron-a-cuatro-anos-y-seis-meses-de-prision-efectiva\/#primaryimage\"},\"image\":{\"@id\":\"https:\/\/apuntesdesanluis.com\/index.php\/2024\/11\/13\/en-juicio-abreviado-lo-condenaron-a-cuatro-anos-y-seis-meses-de-prision-efectiva\/#primaryimage\"},\"thumbnailUrl\":\"https:\/\/apuntesdesanluis.com\/wp-content\/uploads\/2024\/11\/JUICIO-1.png\",\"datePublished\":\"2024-11-13T22:16:05+00:00\",\"breadcrumb\":{\"@id\":\"https:\/\/apuntesdesanluis.com\/index.php\/2024\/11\/13\/en-juicio-abreviado-lo-condenaron-a-cuatro-anos-y-seis-meses-de-prision-efectiva\/#breadcrumb\"},\"inLanguage\":\"es-AR\",\"potentialAction\":[{\"@type\":\"ReadAction\",\"target\":[\"https:\/\/apuntesdesanluis.com\/index.php\/2024\/11\/13\/en-juicio-abreviado-lo-condenaron-a-cuatro-anos-y-seis-meses-de-prision-efectiva\/\"]}]},{\"@type\":\"ImageObject\",\"inLanguage\":\"es-AR\",\"@id\":\"https:\/\/apuntesdesanluis.com\/index.php\/2024\/11\/13\/en-juicio-abreviado-lo-condenaron-a-cuatro-anos-y-seis-meses-de-prision-efectiva\/#primaryimage\",\"url\":\"https:\/\/apuntesdesanluis.com\/wp-content\/uploads\/2024\/11\/JUICIO-1.png\",\"contentUrl\":\"https:\/\/apuntesdesanluis.com\/wp-content\/uploads\/2024\/11\/JUICIO-1.png\",\"width\":770,\"height\":442},{\"@type\":\"BreadcrumbList\",\"@id\":\"https:\/\/apuntesdesanluis.com\/index.php\/2024\/11\/13\/en-juicio-abreviado-lo-condenaron-a-cuatro-anos-y-seis-meses-de-prision-efectiva\/#breadcrumb\",\"itemListElement\":[{\"@type\":\"ListItem\",\"position\":1,\"name\":\"Inicio\",\"item\":\"https:\/\/apuntesdesanluis.com\/\"},{\"@type\":\"ListItem\",\"position\":2,\"name\":\"EN JUICIO ABREVIADO, LO CONDENARON A CUATRO A\u00d1OS Y SEIS MESES DE PRISI\u00d3N EFECTIVA\"}]},{\"@type\":\"WebSite\",\"@id\":\"https:\/\/apuntesdesanluis.com\/#website\",\"url\":\"https:\/\/apuntesdesanluis.com\/\",\"name\":\"Apuntes de San Luis\",\"description\":\"\",\"publisher\":{\"@id\":\"https:\/\/apuntesdesanluis.com\/#\/schema\/person\/b55151d52296fcce64d1a72538a70b90\"},\"potentialAction\":[{\"@type\":\"SearchAction\",\"target\":{\"@type\":\"EntryPoint\",\"urlTemplate\":\"https:\/\/apuntesdesanluis.com\/?s={search_term_string}\"},\"query-input\":{\"@type\":\"PropertyValueSpecification\",\"valueRequired\":true,\"valueName\":\"search_term_string\"}}],\"inLanguage\":\"es-AR\"},{\"@type\":[\"Person\",\"Organization\"],\"@id\":\"https:\/\/apuntesdesanluis.com\/#\/schema\/person\/b55151d52296fcce64d1a72538a70b90\",\"name\":\"apuntesdesanluis.com\",\"image\":{\"@type\":\"ImageObject\",\"inLanguage\":\"es-AR\",\"@id\":\"https:\/\/apuntesdesanluis.com\/#\/schema\/person\/image\/\",\"url\":\"https:\/\/apuntesdesanluis.com\/wp-content\/uploads\/2023\/07\/cropped-apuntesdesanluis.png\",\"contentUrl\":\"https:\/\/apuntesdesanluis.com\/wp-content\/uploads\/2023\/07\/cropped-apuntesdesanluis.png\",\"width\":450,\"height\":112,\"caption\":\"apuntesdesanluis.com\"},\"logo\":{\"@id\":\"https:\/\/apuntesdesanluis.com\/#\/schema\/person\/image\/\"},\"sameAs\":[\"https:\/\/apuntesdesanluis.com\"],\"url\":\"https:\/\/apuntesdesanluis.com\/index.php\/author\/apuntesdesanluis-com\/\"}]}<\/script>\n<!-- \/ Yoast SEO plugin. -->","yoast_head_json":{"title":"EN JUICIO ABREVIADO, LO CONDENARON A CUATRO A\u00d1OS Y SEIS MESES DE PRISI\u00d3N EFECTIVA - Apuntes de San Luis","robots":{"index":"index","follow":"follow","max-snippet":"max-snippet:-1","max-image-preview":"max-image-preview:large","max-video-preview":"max-video-preview:-1"},"canonical":"https:\/\/apuntesdesanluis.com\/index.php\/2024\/11\/13\/en-juicio-abreviado-lo-condenaron-a-cuatro-anos-y-seis-meses-de-prision-efectiva\/","og_locale":"es_ES","og_type":"article","og_title":"EN JUICIO ABREVIADO, LO CONDENARON A CUATRO A\u00d1OS Y SEIS MESES DE PRISI\u00d3N EFECTIVA - Apuntes de San Luis","og_description":"La sala penal de la Tercera Circunscripci\u00f3n Judicial, presidida por la jueza Mar\u00eda Claudia Uccello,...","og_url":"https:\/\/apuntesdesanluis.com\/index.php\/2024\/11\/13\/en-juicio-abreviado-lo-condenaron-a-cuatro-anos-y-seis-meses-de-prision-efectiva\/","og_site_name":"Apuntes de San Luis","article_published_time":"2024-11-13T22:16:05+00:00","og_image":[{"width":770,"height":442,"url":"https:\/\/apuntesdesanluis.com\/wp-content\/uploads\/2024\/11\/JUICIO-1.png","type":"image\/png"}],"author":"apuntesdesanluis.com","twitter_card":"summary_large_image","twitter_misc":{"Escrito por":"apuntesdesanluis.com","Tiempo de lectura":"2 minutos"},"schema":{"@context":"https:\/\/schema.org","@graph":[{"@type":"Article","@id":"https:\/\/apuntesdesanluis.com\/index.php\/2024\/11\/13\/en-juicio-abreviado-lo-condenaron-a-cuatro-anos-y-seis-meses-de-prision-efectiva\/#article","isPartOf":{"@id":"https:\/\/apuntesdesanluis.com\/index.php\/2024\/11\/13\/en-juicio-abreviado-lo-condenaron-a-cuatro-anos-y-seis-meses-de-prision-efectiva\/"},"author":{"name":"apuntesdesanluis.com","@id":"https:\/\/apuntesdesanluis.com\/#\/schema\/person\/b55151d52296fcce64d1a72538a70b90"},"headline":"EN JUICIO ABREVIADO, LO CONDENARON A CUATRO A\u00d1OS Y SEIS MESES DE PRISI\u00d3N EFECTIVA","datePublished":"2024-11-13T22:16:05+00:00","mainEntityOfPage":{"@id":"https:\/\/apuntesdesanluis.com\/index.php\/2024\/11\/13\/en-juicio-abreviado-lo-condenaron-a-cuatro-anos-y-seis-meses-de-prision-efectiva\/"},"wordCount":387,"publisher":{"@id":"https:\/\/apuntesdesanluis.com\/#\/schema\/person\/b55151d52296fcce64d1a72538a70b90"},"image":{"@id":"https:\/\/apuntesdesanluis.com\/index.php\/2024\/11\/13\/en-juicio-abreviado-lo-condenaron-a-cuatro-anos-y-seis-meses-de-prision-efectiva\/#primaryimage"},"thumbnailUrl":"https:\/\/apuntesdesanluis.com\/wp-content\/uploads\/2024\/11\/JUICIO-1.png","articleSection":["Ciudad\/Provincia"],"inLanguage":"es-AR"},{"@type":"WebPage","@id":"https:\/\/apuntesdesanluis.com\/index.php\/2024\/11\/13\/en-juicio-abreviado-lo-condenaron-a-cuatro-anos-y-seis-meses-de-prision-efectiva\/","url":"https:\/\/apuntesdesanluis.com\/index.php\/2024\/11\/13\/en-juicio-abreviado-lo-condenaron-a-cuatro-anos-y-seis-meses-de-prision-efectiva\/","name":"EN JUICIO ABREVIADO, LO CONDENARON A CUATRO A\u00d1OS Y SEIS MESES DE PRISI\u00d3N EFECTIVA - Apuntes de San Luis","isPartOf":{"@id":"https:\/\/apuntesdesanluis.com\/#website"},"primaryImageOfPage":{"@id":"https:\/\/apuntesdesanluis.com\/index.php\/2024\/11\/13\/en-juicio-abreviado-lo-condenaron-a-cuatro-anos-y-seis-meses-de-prision-efectiva\/#primaryimage"},"image":{"@id":"https:\/\/apuntesdesanluis.com\/index.php\/2024\/11\/13\/en-juicio-abreviado-lo-condenaron-a-cuatro-anos-y-seis-meses-de-prision-efectiva\/#primaryimage"},"thumbnailUrl":"https:\/\/apuntesdesanluis.com\/wp-content\/uploads\/2024\/11\/JUICIO-1.png","datePublished":"2024-11-13T22:16:05+00:00","breadcrumb":{"@id":"https:\/\/apuntesdesanluis.com\/index.php\/2024\/11\/13\/en-juicio-abreviado-lo-condenaron-a-cuatro-anos-y-seis-meses-de-prision-efectiva\/#breadcrumb"},"inLanguage":"es-AR","potentialAction":[{"@type":"ReadAction","target":["https:\/\/apuntesdesanluis.com\/index.php\/2024\/11\/13\/en-juicio-abreviado-lo-condenaron-a-cuatro-anos-y-seis-meses-de-prision-efectiva\/"]}]},{"@type":"ImageObject","inLanguage":"es-AR","@id":"https:\/\/apuntesdesanluis.com\/index.php\/2024\/11\/13\/en-juicio-abreviado-lo-condenaron-a-cuatro-anos-y-seis-meses-de-prision-efectiva\/#primaryimage","url":"https:\/\/apuntesdesanluis.com\/wp-content\/uploads\/2024\/11\/JUICIO-1.png","contentUrl":"https:\/\/apuntesdesanluis.com\/wp-content\/uploads\/2024\/11\/JUICIO-1.png","width":770,"height":442},{"@type":"BreadcrumbList","@id":"https:\/\/apuntesdesanluis.com\/index.php\/2024\/11\/13\/en-juicio-abreviado-lo-condenaron-a-cuatro-anos-y-seis-meses-de-prision-efectiva\/#breadcrumb","itemListElement":[{"@type":"ListItem","position":1,"name":"Inicio","item":"https:\/\/apuntesdesanluis.com\/"},{"@type":"ListItem","position":2,"name":"EN JUICIO ABREVIADO, LO CONDENARON A CUATRO A\u00d1OS Y SEIS MESES DE PRISI\u00d3N EFECTIVA"}]},{"@type":"WebSite","@id":"https:\/\/apuntesdesanluis.com\/#website","url":"https:\/\/apuntesdesanluis.com\/","name":"Apuntes de San Luis","description":"","publisher":{"@id":"https:\/\/apuntesdesanluis.com\/#\/schema\/person\/b55151d52296fcce64d1a72538a70b90"},"potentialAction":[{"@type":"SearchAction","target":{"@type":"EntryPoint","urlTemplate":"https:\/\/apuntesdesanluis.com\/?s={search_term_string}"},"query-input":{"@type":"PropertyValueSpecification","valueRequired":true,"valueName":"search_term_string"}}],"inLanguage":"es-AR"},{"@type":["Person","Organization"],"@id":"https:\/\/apuntesdesanluis.com\/#\/schema\/person\/b55151d52296fcce64d1a72538a70b90","name":"apuntesdesanluis.com","image":{"@type":"ImageObject","inLanguage":"es-AR","@id":"https:\/\/apuntesdesanluis.com\/#\/schema\/person\/image\/","url":"https:\/\/apuntesdesanluis.com\/wp-content\/uploads\/2023\/07\/cropped-apuntesdesanluis.png","contentUrl":"https:\/\/apuntesdesanluis.com\/wp-content\/uploads\/2023\/07\/cropped-apuntesdesanluis.png","width":450,"height":112,"caption":"apuntesdesanluis.com"},"logo":{"@id":"https:\/\/apuntesdesanluis.com\/#\/schema\/person\/image\/"},"sameAs":["https:\/\/apuntesdesanluis.com"],"url":"https:\/\/apuntesdesanluis.com\/index.php\/author\/apuntesdesanluis-com\/"}]}},"featured_image_urls":{"full":["https:\/\/apuntesdesanluis.com\/wp-content\/uploads\/2024\/11\/JUICIO-1.png",770,442,false],"thumbnail":["https:\/\/apuntesdesanluis.com\/wp-content\/uploads\/2024\/11\/JUICIO-1-150x150.png",150,150,true],"medium":["https:\/\/apuntesdesanluis.com\/wp-content\/uploads\/2024\/11\/JUICIO-1-300x172.png",300,172,true],"medium_large":["https:\/\/apuntesdesanluis.com\/wp-content\/uploads\/2024\/11\/JUICIO-1-768x441.png",640,368,true],"large":["https:\/\/apuntesdesanluis.com\/wp-content\/uploads\/2024\/11\/JUICIO-1.png",640,367,false],"1536x1536":["https:\/\/apuntesdesanluis.com\/wp-content\/uploads\/2024\/11\/JUICIO-1.png",770,442,false],"2048x2048":["https:\/\/apuntesdesanluis.com\/wp-content\/uploads\/2024\/11\/JUICIO-1.png",770,442,false],"newsever-slider-full":["https:\/\/apuntesdesanluis.com\/wp-content\/uploads\/2024\/11\/JUICIO-1.png",770,442,false],"newsever-featured":["https:\/\/apuntesdesanluis.com\/wp-content\/uploads\/2024\/11\/JUICIO-1.png",770,442,false],"newsever-medium":["https:\/\/apuntesdesanluis.com\/wp-content\/uploads\/2024\/11\/JUICIO-1-720x442.png",720,442,true]},"author_info":{"display_name":"apuntesdesanluis.com","author_link":"https:\/\/apuntesdesanluis.com\/index.php\/author\/apuntesdesanluis-com\/"},"category_info":"<a href=\"https:\/\/apuntesdesanluis.com\/index.php\/category\/ciudad-provincia\/\" rel=\"category tag\">Ciudad\/Provincia<\/a>","tag_info":"Ciudad\/Provincia","comment_count":"0","_links":{"self":[{"href":"https:\/\/apuntesdesanluis.com\/index.php\/wp-json\/wp\/v2\/posts\/25200","targetHints":{"allow":["GET"]}}],"collection":[{"href":"https:\/\/apuntesdesanluis.com\/index.php\/wp-json\/wp\/v2\/posts"}],"about":[{"href":"https:\/\/apuntesdesanluis.com\/index.php\/wp-json\/wp\/v2\/types\/post"}],"author":[{"embeddable":true,"href":"https:\/\/apuntesdesanluis.com\/index.php\/wp-json\/wp\/v2\/users\/1"}],"replies":[{"embeddable":true,"href":"https:\/\/apuntesdesanluis.com\/index.php\/wp-json\/wp\/v2\/comments?post=25200"}],"version-history":[{"count":1,"href":"https:\/\/apuntesdesanluis.com\/index.php\/wp-json\/wp\/v2\/posts\/25200\/revisions"}],"predecessor-version":[{"id":25202,"href":"https:\/\/apuntesdesanluis.com\/index.php\/wp-json\/wp\/v2\/posts\/25200\/revisions\/25202"}],"wp:featuredmedia":[{"embeddable":true,"href":"https:\/\/apuntesdesanluis.com\/index.php\/wp-json\/wp\/v2\/media\/25201"}],"wp:attachment":[{"href":"https:\/\/apuntesdesanluis.com\/index.php\/wp-json\/wp\/v2\/media?parent=25200"}],"wp:term":[{"taxonomy":"category","embeddable":true,"href":"https:\/\/apuntesdesanluis.com\/index.php\/wp-json\/wp\/v2\/categories?post=25200"},{"taxonomy":"post_tag","embeddable":true,"href":"https:\/\/apuntesdesanluis.com\/index.php\/wp-json\/wp\/v2\/tags?post=25200"}],"curies":[{"name":"wp","href":"https:\/\/api.w.org\/{rel}","templated":true}]}}