{"id":25233,"date":"2024-11-13T21:22:48","date_gmt":"2024-11-14T00:22:48","guid":{"rendered":"https:\/\/apuntesdesanluis.com\/?p=25233"},"modified":"2024-11-13T21:23:52","modified_gmt":"2024-11-14T00:23:52","slug":"casacion-confirmo-por-unanimidad-la-condena-a-6-anos-de-prision-a-cristina-kirchner","status":"publish","type":"post","link":"https:\/\/apuntesdesanluis.com\/index.php\/2024\/11\/13\/casacion-confirmo-por-unanimidad-la-condena-a-6-anos-de-prision-a-cristina-kirchner\/","title":{"rendered":"CASACI\u00d3N CONFIRM\u00d3 POR UNANIMIDAD LA CONDENA A 6 A\u00d1OS DE PRISI\u00d3N A CRISTINA KIRCHNER"},"content":{"rendered":"<h3>La C\u00e1mara Federal de Casaci\u00f3n Penal confirm\u00f3 hoy la condena a seis a\u00f1os de prisi\u00f3n a la ex vicepresidenta <strong>Cristina Kirchner<\/strong> por administraci\u00f3n fraudulenta e inhabilitaci\u00f3n para ejercer cargos p\u00fablicos en la <strong>causa Vialidad<\/strong>, en un fallo emitido tras revisar el veredicto que se le dict\u00f3 en un juicio oral junto a otros 12 acusados en esa investigaci\u00f3n.<\/h3>\n<h3>&#8220;Se demostr\u00f3 un conjunto de actos de gobierno del Poder Ejecutivo Nacional con la finalidad de concretar la ejecuci\u00f3n de la maniobra, reafirmando el funcionamiento del circuito de irregularidades&#8221;, afirma la sentencia difundida hoy.<\/h3>\n<h3>Borinsky y Diego Barroetave\u00f1a firmaron la sentencia de al menos 1.500 fojas poco antes del inicio de la audiencia, durante la cual se ley\u00f3 la parte resolutiva y luego la notificaron por v\u00eda inform\u00e1tica a todas las partes.<\/h3>\n<h3>Los abogados de los 13 imputados estaban convocados, pero sin embargo muchos no concurrieron, entre ellos los de la ex vicepresidenta Carlos Beraldi y Ary Llernovoy, quienes informaron por escrito a Casaci\u00f3n su decisi\u00f3n de seguir la trasmisi\u00f3n de la audiencia por v\u00eda remota.<\/h3>\n<h3>Sobre Cristina Kirchner, Casaci\u00f3n resolvi\u00f3 por mayor\u00eda de los jueces Borinsky y Barroetave\u00f1a confirmar el veredicto del Tribunal Oral Federal 2 que la conden\u00f3 a seis a\u00f1os de c\u00e1rcel, pese a que la fiscal\u00eda hab\u00eda reclamado doce a\u00f1os de prisi\u00f3n y sumar el delito de asociaci\u00f3n il\u00edcita.<\/h3>\n<h3>Al respeto, el fiscal ante Casaci\u00f3n Mario Villar anunci\u00f3 en declaraciones a la Agencia Noticias Argentinas al t\u00e9rmino de la audiencia que apelar\u00e1 ante la Corte Suprema la absoluci\u00f3n por asociaci\u00f3n il\u00edcita y tambi\u00e9n por las absoluciones a tres de los acusados, entre ellos el ex ministro de Planificaci\u00f3n Julio De Vido anunciadas por Casaci\u00f3n.<\/h3>\n<h3>&#8220;Vamos a recurrir, vamos a presentar recurso extraordinario por asociaci\u00f3n il\u00edcita y por las absoluciones&#8221;, expres\u00f3 el funcionario judicial al t\u00e9rmino de la audiencia La sentencia no quedar\u00e1 firme hasta que se pronuncie el m\u00e1ximo tribunal del pa\u00eds. En minor\u00eda, el juez Gustavo Hornos vot\u00f3 por acceder al planteo fiscal y elevar el monto de la pena por &#8220;asociaci\u00f3n il\u00edcita&#8221;.<\/h3>\n<h3>Lo resuelto no est\u00e1 firme ya que desde ahora se abre el plazo de diez d\u00edas h\u00e1biles para presentar recursos extraordinarios ante la Corte Suprema de Justicia de la Naci\u00f3n.<\/h3>\n<h3>En cuanto a los dem\u00e1s juzgados, el m\u00e1ximo tribunal penal federal del pa\u00eds confirm\u00f3 las condenas a seis a\u00f1os de prisi\u00f3n por administraci\u00f3n fraudulenta al empresario y due\u00f1o de &#8220;Austral Construcciones&#8221; L\u00e1zaro B\u00e1ez, al ex titular de Vialidad Nacional Nelson Periotti y al ex secretario de Obras P\u00fablicas Jos\u00e9 L\u00f3pez.<\/h3>\n<h3>Por otro lado ratific\u00f3 la absoluci\u00f3n del ex ministro de Planificacion Federal\u00a0 Julio De Vido y de los ex funcionarios Abel Fatala y H\u00e9ctor Ren\u00e9 Garro.<\/h3>\n<h3>Por \u00faltimo confirm\u00f3 las condenas a los ex funcionarios de Vialidad Juan Carlos Villafa\u00f1e a 5 a\u00f1os, Ra\u00fal Pavesi a 4 a\u00f1os y 6 meses de prisi\u00f3n, cuatro a\u00f1os a Jos\u00e9 Santib\u00e1\u00f1ez y tres a\u00f1os a Ra\u00fal Daruich.<\/h3>\n<p>&nbsp;<\/p>\n<p>&nbsp;<\/p>\n<p>&nbsp;<\/p>\n<p>&nbsp;<\/p>\n<p>&nbsp;<\/p>\n","protected":false},"excerpt":{"rendered":"<p>La C\u00e1mara Federal de Casaci\u00f3n Penal confirm\u00f3 hoy la condena a seis a\u00f1os de prisi\u00f3n&#8230;<\/p>\n","protected":false},"author":1,"featured_media":25234,"comment_status":"closed","ping_status":"closed","sticky":false,"template":"","format":"standard","meta":{"footnotes":""},"categories":[5],"tags":[],"class_list":["post-25233","post","type-post","status-publish","format-standard","has-post-thumbnail","hentry","category-nacionales-internacionales"],"yoast_head":"<!-- This site is optimized with the Yoast SEO plugin v26.1.1 - https:\/\/yoast.com\/wordpress\/plugins\/seo\/ -->\n<title>CASACI\u00d3N CONFIRM\u00d3 POR UNANIMIDAD LA CONDENA A 6 A\u00d1OS DE PRISI\u00d3N A CRISTINA KIRCHNER - Apuntes de San Luis<\/title>\n<meta name=\"robots\" content=\"index, follow, max-snippet:-1, max-image-preview:large, max-video-preview:-1\" \/>\n<link rel=\"canonical\" href=\"https:\/\/apuntesdesanluis.com\/index.php\/2024\/11\/13\/casacion-confirmo-por-unanimidad-la-condena-a-6-anos-de-prision-a-cristina-kirchner\/\" \/>\n<meta property=\"og:locale\" content=\"es_ES\" \/>\n<meta property=\"og:type\" content=\"article\" \/>\n<meta property=\"og:title\" content=\"CASACI\u00d3N CONFIRM\u00d3 POR UNANIMIDAD LA CONDENA A 6 A\u00d1OS DE PRISI\u00d3N A CRISTINA KIRCHNER - Apuntes de San Luis\" \/>\n<meta property=\"og:description\" content=\"La C\u00e1mara Federal de Casaci\u00f3n Penal confirm\u00f3 hoy la condena a seis a\u00f1os de prisi\u00f3n...\" \/>\n<meta property=\"og:url\" content=\"https:\/\/apuntesdesanluis.com\/index.php\/2024\/11\/13\/casacion-confirmo-por-unanimidad-la-condena-a-6-anos-de-prision-a-cristina-kirchner\/\" \/>\n<meta property=\"og:site_name\" content=\"Apuntes de San Luis\" \/>\n<meta property=\"article:published_time\" content=\"2024-11-14T00:22:48+00:00\" \/>\n<meta property=\"article:modified_time\" content=\"2024-11-14T00:23:52+00:00\" \/>\n<meta property=\"og:image\" content=\"https:\/\/apuntesdesanluis.com\/wp-content\/uploads\/2024\/11\/CRISTINA.png\" \/>\n\t<meta property=\"og:image:width\" content=\"779\" \/>\n\t<meta property=\"og:image:height\" content=\"497\" \/>\n\t<meta property=\"og:image:type\" content=\"image\/png\" \/>\n<meta name=\"author\" content=\"apuntesdesanluis.com\" \/>\n<meta name=\"twitter:card\" content=\"summary_large_image\" \/>\n<meta name=\"twitter:label1\" content=\"Escrito por\" \/>\n\t<meta name=\"twitter:data1\" content=\"apuntesdesanluis.com\" \/>\n\t<meta name=\"twitter:label2\" content=\"Tiempo de lectura\" \/>\n\t<meta name=\"twitter:data2\" content=\"3 minutos\" \/>\n<script type=\"application\/ld+json\" class=\"yoast-schema-graph\">{\"@context\":\"https:\/\/schema.org\",\"@graph\":[{\"@type\":\"Article\",\"@id\":\"https:\/\/apuntesdesanluis.com\/index.php\/2024\/11\/13\/casacion-confirmo-por-unanimidad-la-condena-a-6-anos-de-prision-a-cristina-kirchner\/#article\",\"isPartOf\":{\"@id\":\"https:\/\/apuntesdesanluis.com\/index.php\/2024\/11\/13\/casacion-confirmo-por-unanimidad-la-condena-a-6-anos-de-prision-a-cristina-kirchner\/\"},\"author\":{\"name\":\"apuntesdesanluis.com\",\"@id\":\"https:\/\/apuntesdesanluis.com\/#\/schema\/person\/b55151d52296fcce64d1a72538a70b90\"},\"headline\":\"CASACI\u00d3N CONFIRM\u00d3 POR UNANIMIDAD LA CONDENA A 6 A\u00d1OS DE PRISI\u00d3N A CRISTINA KIRCHNER\",\"datePublished\":\"2024-11-14T00:22:48+00:00\",\"dateModified\":\"2024-11-14T00:23:52+00:00\",\"mainEntityOfPage\":{\"@id\":\"https:\/\/apuntesdesanluis.com\/index.php\/2024\/11\/13\/casacion-confirmo-por-unanimidad-la-condena-a-6-anos-de-prision-a-cristina-kirchner\/\"},\"wordCount\":562,\"publisher\":{\"@id\":\"https:\/\/apuntesdesanluis.com\/#\/schema\/person\/b55151d52296fcce64d1a72538a70b90\"},\"image\":{\"@id\":\"https:\/\/apuntesdesanluis.com\/index.php\/2024\/11\/13\/casacion-confirmo-por-unanimidad-la-condena-a-6-anos-de-prision-a-cristina-kirchner\/#primaryimage\"},\"thumbnailUrl\":\"https:\/\/apuntesdesanluis.com\/wp-content\/uploads\/2024\/11\/CRISTINA.png\",\"articleSection\":[\"Nacionales\/Internacionales\"],\"inLanguage\":\"es-AR\"},{\"@type\":\"WebPage\",\"@id\":\"https:\/\/apuntesdesanluis.com\/index.php\/2024\/11\/13\/casacion-confirmo-por-unanimidad-la-condena-a-6-anos-de-prision-a-cristina-kirchner\/\",\"url\":\"https:\/\/apuntesdesanluis.com\/index.php\/2024\/11\/13\/casacion-confirmo-por-unanimidad-la-condena-a-6-anos-de-prision-a-cristina-kirchner\/\",\"name\":\"CASACI\u00d3N CONFIRM\u00d3 POR UNANIMIDAD LA CONDENA A 6 A\u00d1OS DE PRISI\u00d3N A CRISTINA KIRCHNER - Apuntes de San Luis\",\"isPartOf\":{\"@id\":\"https:\/\/apuntesdesanluis.com\/#website\"},\"primaryImageOfPage\":{\"@id\":\"https:\/\/apuntesdesanluis.com\/index.php\/2024\/11\/13\/casacion-confirmo-por-unanimidad-la-condena-a-6-anos-de-prision-a-cristina-kirchner\/#primaryimage\"},\"image\":{\"@id\":\"https:\/\/apuntesdesanluis.com\/index.php\/2024\/11\/13\/casacion-confirmo-por-unanimidad-la-condena-a-6-anos-de-prision-a-cristina-kirchner\/#primaryimage\"},\"thumbnailUrl\":\"https:\/\/apuntesdesanluis.com\/wp-content\/uploads\/2024\/11\/CRISTINA.png\",\"datePublished\":\"2024-11-14T00:22:48+00:00\",\"dateModified\":\"2024-11-14T00:23:52+00:00\",\"breadcrumb\":{\"@id\":\"https:\/\/apuntesdesanluis.com\/index.php\/2024\/11\/13\/casacion-confirmo-por-unanimidad-la-condena-a-6-anos-de-prision-a-cristina-kirchner\/#breadcrumb\"},\"inLanguage\":\"es-AR\",\"potentialAction\":[{\"@type\":\"ReadAction\",\"target\":[\"https:\/\/apuntesdesanluis.com\/index.php\/2024\/11\/13\/casacion-confirmo-por-unanimidad-la-condena-a-6-anos-de-prision-a-cristina-kirchner\/\"]}]},{\"@type\":\"ImageObject\",\"inLanguage\":\"es-AR\",\"@id\":\"https:\/\/apuntesdesanluis.com\/index.php\/2024\/11\/13\/casacion-confirmo-por-unanimidad-la-condena-a-6-anos-de-prision-a-cristina-kirchner\/#primaryimage\",\"url\":\"https:\/\/apuntesdesanluis.com\/wp-content\/uploads\/2024\/11\/CRISTINA.png\",\"contentUrl\":\"https:\/\/apuntesdesanluis.com\/wp-content\/uploads\/2024\/11\/CRISTINA.png\",\"width\":779,\"height\":497},{\"@type\":\"BreadcrumbList\",\"@id\":\"https:\/\/apuntesdesanluis.com\/index.php\/2024\/11\/13\/casacion-confirmo-por-unanimidad-la-condena-a-6-anos-de-prision-a-cristina-kirchner\/#breadcrumb\",\"itemListElement\":[{\"@type\":\"ListItem\",\"position\":1,\"name\":\"Inicio\",\"item\":\"https:\/\/apuntesdesanluis.com\/\"},{\"@type\":\"ListItem\",\"position\":2,\"name\":\"CASACI\u00d3N CONFIRM\u00d3 POR UNANIMIDAD LA CONDENA A 6 A\u00d1OS DE PRISI\u00d3N A CRISTINA KIRCHNER\"}]},{\"@type\":\"WebSite\",\"@id\":\"https:\/\/apuntesdesanluis.com\/#website\",\"url\":\"https:\/\/apuntesdesanluis.com\/\",\"name\":\"Apuntes de San Luis\",\"description\":\"\",\"publisher\":{\"@id\":\"https:\/\/apuntesdesanluis.com\/#\/schema\/person\/b55151d52296fcce64d1a72538a70b90\"},\"potentialAction\":[{\"@type\":\"SearchAction\",\"target\":{\"@type\":\"EntryPoint\",\"urlTemplate\":\"https:\/\/apuntesdesanluis.com\/?s={search_term_string}\"},\"query-input\":{\"@type\":\"PropertyValueSpecification\",\"valueRequired\":true,\"valueName\":\"search_term_string\"}}],\"inLanguage\":\"es-AR\"},{\"@type\":[\"Person\",\"Organization\"],\"@id\":\"https:\/\/apuntesdesanluis.com\/#\/schema\/person\/b55151d52296fcce64d1a72538a70b90\",\"name\":\"apuntesdesanluis.com\",\"image\":{\"@type\":\"ImageObject\",\"inLanguage\":\"es-AR\",\"@id\":\"https:\/\/apuntesdesanluis.com\/#\/schema\/person\/image\/\",\"url\":\"https:\/\/apuntesdesanluis.com\/wp-content\/uploads\/2023\/07\/cropped-apuntesdesanluis.png\",\"contentUrl\":\"https:\/\/apuntesdesanluis.com\/wp-content\/uploads\/2023\/07\/cropped-apuntesdesanluis.png\",\"width\":450,\"height\":112,\"caption\":\"apuntesdesanluis.com\"},\"logo\":{\"@id\":\"https:\/\/apuntesdesanluis.com\/#\/schema\/person\/image\/\"},\"sameAs\":[\"https:\/\/apuntesdesanluis.com\"],\"url\":\"https:\/\/apuntesdesanluis.com\/index.php\/author\/apuntesdesanluis-com\/\"}]}<\/script>\n<!-- \/ Yoast SEO plugin. -->","yoast_head_json":{"title":"CASACI\u00d3N CONFIRM\u00d3 POR UNANIMIDAD LA CONDENA A 6 A\u00d1OS DE PRISI\u00d3N A CRISTINA KIRCHNER - Apuntes de San Luis","robots":{"index":"index","follow":"follow","max-snippet":"max-snippet:-1","max-image-preview":"max-image-preview:large","max-video-preview":"max-video-preview:-1"},"canonical":"https:\/\/apuntesdesanluis.com\/index.php\/2024\/11\/13\/casacion-confirmo-por-unanimidad-la-condena-a-6-anos-de-prision-a-cristina-kirchner\/","og_locale":"es_ES","og_type":"article","og_title":"CASACI\u00d3N CONFIRM\u00d3 POR UNANIMIDAD LA CONDENA A 6 A\u00d1OS DE PRISI\u00d3N A CRISTINA KIRCHNER - Apuntes de San Luis","og_description":"La C\u00e1mara Federal de Casaci\u00f3n Penal confirm\u00f3 hoy la condena a seis a\u00f1os de prisi\u00f3n...","og_url":"https:\/\/apuntesdesanluis.com\/index.php\/2024\/11\/13\/casacion-confirmo-por-unanimidad-la-condena-a-6-anos-de-prision-a-cristina-kirchner\/","og_site_name":"Apuntes de San Luis","article_published_time":"2024-11-14T00:22:48+00:00","article_modified_time":"2024-11-14T00:23:52+00:00","og_image":[{"width":779,"height":497,"url":"https:\/\/apuntesdesanluis.com\/wp-content\/uploads\/2024\/11\/CRISTINA.png","type":"image\/png"}],"author":"apuntesdesanluis.com","twitter_card":"summary_large_image","twitter_misc":{"Escrito por":"apuntesdesanluis.com","Tiempo de lectura":"3 minutos"},"schema":{"@context":"https:\/\/schema.org","@graph":[{"@type":"Article","@id":"https:\/\/apuntesdesanluis.com\/index.php\/2024\/11\/13\/casacion-confirmo-por-unanimidad-la-condena-a-6-anos-de-prision-a-cristina-kirchner\/#article","isPartOf":{"@id":"https:\/\/apuntesdesanluis.com\/index.php\/2024\/11\/13\/casacion-confirmo-por-unanimidad-la-condena-a-6-anos-de-prision-a-cristina-kirchner\/"},"author":{"name":"apuntesdesanluis.com","@id":"https:\/\/apuntesdesanluis.com\/#\/schema\/person\/b55151d52296fcce64d1a72538a70b90"},"headline":"CASACI\u00d3N CONFIRM\u00d3 POR UNANIMIDAD LA CONDENA A 6 A\u00d1OS DE PRISI\u00d3N A CRISTINA KIRCHNER","datePublished":"2024-11-14T00:22:48+00:00","dateModified":"2024-11-14T00:23:52+00:00","mainEntityOfPage":{"@id":"https:\/\/apuntesdesanluis.com\/index.php\/2024\/11\/13\/casacion-confirmo-por-unanimidad-la-condena-a-6-anos-de-prision-a-cristina-kirchner\/"},"wordCount":562,"publisher":{"@id":"https:\/\/apuntesdesanluis.com\/#\/schema\/person\/b55151d52296fcce64d1a72538a70b90"},"image":{"@id":"https:\/\/apuntesdesanluis.com\/index.php\/2024\/11\/13\/casacion-confirmo-por-unanimidad-la-condena-a-6-anos-de-prision-a-cristina-kirchner\/#primaryimage"},"thumbnailUrl":"https:\/\/apuntesdesanluis.com\/wp-content\/uploads\/2024\/11\/CRISTINA.png","articleSection":["Nacionales\/Internacionales"],"inLanguage":"es-AR"},{"@type":"WebPage","@id":"https:\/\/apuntesdesanluis.com\/index.php\/2024\/11\/13\/casacion-confirmo-por-unanimidad-la-condena-a-6-anos-de-prision-a-cristina-kirchner\/","url":"https:\/\/apuntesdesanluis.com\/index.php\/2024\/11\/13\/casacion-confirmo-por-unanimidad-la-condena-a-6-anos-de-prision-a-cristina-kirchner\/","name":"CASACI\u00d3N CONFIRM\u00d3 POR UNANIMIDAD LA CONDENA A 6 A\u00d1OS DE PRISI\u00d3N A CRISTINA KIRCHNER - Apuntes de San Luis","isPartOf":{"@id":"https:\/\/apuntesdesanluis.com\/#website"},"primaryImageOfPage":{"@id":"https:\/\/apuntesdesanluis.com\/index.php\/2024\/11\/13\/casacion-confirmo-por-unanimidad-la-condena-a-6-anos-de-prision-a-cristina-kirchner\/#primaryimage"},"image":{"@id":"https:\/\/apuntesdesanluis.com\/index.php\/2024\/11\/13\/casacion-confirmo-por-unanimidad-la-condena-a-6-anos-de-prision-a-cristina-kirchner\/#primaryimage"},"thumbnailUrl":"https:\/\/apuntesdesanluis.com\/wp-content\/uploads\/2024\/11\/CRISTINA.png","datePublished":"2024-11-14T00:22:48+00:00","dateModified":"2024-11-14T00:23:52+00:00","breadcrumb":{"@id":"https:\/\/apuntesdesanluis.com\/index.php\/2024\/11\/13\/casacion-confirmo-por-unanimidad-la-condena-a-6-anos-de-prision-a-cristina-kirchner\/#breadcrumb"},"inLanguage":"es-AR","potentialAction":[{"@type":"ReadAction","target":["https:\/\/apuntesdesanluis.com\/index.php\/2024\/11\/13\/casacion-confirmo-por-unanimidad-la-condena-a-6-anos-de-prision-a-cristina-kirchner\/"]}]},{"@type":"ImageObject","inLanguage":"es-AR","@id":"https:\/\/apuntesdesanluis.com\/index.php\/2024\/11\/13\/casacion-confirmo-por-unanimidad-la-condena-a-6-anos-de-prision-a-cristina-kirchner\/#primaryimage","url":"https:\/\/apuntesdesanluis.com\/wp-content\/uploads\/2024\/11\/CRISTINA.png","contentUrl":"https:\/\/apuntesdesanluis.com\/wp-content\/uploads\/2024\/11\/CRISTINA.png","width":779,"height":497},{"@type":"BreadcrumbList","@id":"https:\/\/apuntesdesanluis.com\/index.php\/2024\/11\/13\/casacion-confirmo-por-unanimidad-la-condena-a-6-anos-de-prision-a-cristina-kirchner\/#breadcrumb","itemListElement":[{"@type":"ListItem","position":1,"name":"Inicio","item":"https:\/\/apuntesdesanluis.com\/"},{"@type":"ListItem","position":2,"name":"CASACI\u00d3N CONFIRM\u00d3 POR UNANIMIDAD LA CONDENA A 6 A\u00d1OS DE PRISI\u00d3N A CRISTINA KIRCHNER"}]},{"@type":"WebSite","@id":"https:\/\/apuntesdesanluis.com\/#website","url":"https:\/\/apuntesdesanluis.com\/","name":"Apuntes de San Luis","description":"","publisher":{"@id":"https:\/\/apuntesdesanluis.com\/#\/schema\/person\/b55151d52296fcce64d1a72538a70b90"},"potentialAction":[{"@type":"SearchAction","target":{"@type":"EntryPoint","urlTemplate":"https:\/\/apuntesdesanluis.com\/?s={search_term_string}"},"query-input":{"@type":"PropertyValueSpecification","valueRequired":true,"valueName":"search_term_string"}}],"inLanguage":"es-AR"},{"@type":["Person","Organization"],"@id":"https:\/\/apuntesdesanluis.com\/#\/schema\/person\/b55151d52296fcce64d1a72538a70b90","name":"apuntesdesanluis.com","image":{"@type":"ImageObject","inLanguage":"es-AR","@id":"https:\/\/apuntesdesanluis.com\/#\/schema\/person\/image\/","url":"https:\/\/apuntesdesanluis.com\/wp-content\/uploads\/2023\/07\/cropped-apuntesdesanluis.png","contentUrl":"https:\/\/apuntesdesanluis.com\/wp-content\/uploads\/2023\/07\/cropped-apuntesdesanluis.png","width":450,"height":112,"caption":"apuntesdesanluis.com"},"logo":{"@id":"https:\/\/apuntesdesanluis.com\/#\/schema\/person\/image\/"},"sameAs":["https:\/\/apuntesdesanluis.com"],"url":"https:\/\/apuntesdesanluis.com\/index.php\/author\/apuntesdesanluis-com\/"}]}},"featured_image_urls":{"full":["https:\/\/apuntesdesanluis.com\/wp-content\/uploads\/2024\/11\/CRISTINA.png",779,497,false],"thumbnail":["https:\/\/apuntesdesanluis.com\/wp-content\/uploads\/2024\/11\/CRISTINA-150x150.png",150,150,true],"medium":["https:\/\/apuntesdesanluis.com\/wp-content\/uploads\/2024\/11\/CRISTINA-300x191.png",300,191,true],"medium_large":["https:\/\/apuntesdesanluis.com\/wp-content\/uploads\/2024\/11\/CRISTINA-768x490.png",640,408,true],"large":["https:\/\/apuntesdesanluis.com\/wp-content\/uploads\/2024\/11\/CRISTINA.png",640,408,false],"1536x1536":["https:\/\/apuntesdesanluis.com\/wp-content\/uploads\/2024\/11\/CRISTINA.png",779,497,false],"2048x2048":["https:\/\/apuntesdesanluis.com\/wp-content\/uploads\/2024\/11\/CRISTINA.png",779,497,false],"newsever-slider-full":["https:\/\/apuntesdesanluis.com\/wp-content\/uploads\/2024\/11\/CRISTINA.png",779,497,false],"newsever-featured":["https:\/\/apuntesdesanluis.com\/wp-content\/uploads\/2024\/11\/CRISTINA.png",779,497,false],"newsever-medium":["https:\/\/apuntesdesanluis.com\/wp-content\/uploads\/2024\/11\/CRISTINA-720x475.png",720,475,true]},"author_info":{"display_name":"apuntesdesanluis.com","author_link":"https:\/\/apuntesdesanluis.com\/index.php\/author\/apuntesdesanluis-com\/"},"category_info":"<a href=\"https:\/\/apuntesdesanluis.com\/index.php\/category\/nacionales-internacionales\/\" rel=\"category tag\">Nacionales\/Internacionales<\/a>","tag_info":"Nacionales\/Internacionales","comment_count":"0","_links":{"self":[{"href":"https:\/\/apuntesdesanluis.com\/index.php\/wp-json\/wp\/v2\/posts\/25233","targetHints":{"allow":["GET"]}}],"collection":[{"href":"https:\/\/apuntesdesanluis.com\/index.php\/wp-json\/wp\/v2\/posts"}],"about":[{"href":"https:\/\/apuntesdesanluis.com\/index.php\/wp-json\/wp\/v2\/types\/post"}],"author":[{"embeddable":true,"href":"https:\/\/apuntesdesanluis.com\/index.php\/wp-json\/wp\/v2\/users\/1"}],"replies":[{"embeddable":true,"href":"https:\/\/apuntesdesanluis.com\/index.php\/wp-json\/wp\/v2\/comments?post=25233"}],"version-history":[{"count":3,"href":"https:\/\/apuntesdesanluis.com\/index.php\/wp-json\/wp\/v2\/posts\/25233\/revisions"}],"predecessor-version":[{"id":25237,"href":"https:\/\/apuntesdesanluis.com\/index.php\/wp-json\/wp\/v2\/posts\/25233\/revisions\/25237"}],"wp:featuredmedia":[{"embeddable":true,"href":"https:\/\/apuntesdesanluis.com\/index.php\/wp-json\/wp\/v2\/media\/25234"}],"wp:attachment":[{"href":"https:\/\/apuntesdesanluis.com\/index.php\/wp-json\/wp\/v2\/media?parent=25233"}],"wp:term":[{"taxonomy":"category","embeddable":true,"href":"https:\/\/apuntesdesanluis.com\/index.php\/wp-json\/wp\/v2\/categories?post=25233"},{"taxonomy":"post_tag","embeddable":true,"href":"https:\/\/apuntesdesanluis.com\/index.php\/wp-json\/wp\/v2\/tags?post=25233"}],"curies":[{"name":"wp","href":"https:\/\/api.w.org\/{rel}","templated":true}]}}