{"id":25238,"date":"2024-11-13T21:28:43","date_gmt":"2024-11-14T00:28:43","guid":{"rendered":"https:\/\/apuntesdesanluis.com\/?p=25238"},"modified":"2024-11-13T21:28:43","modified_gmt":"2024-11-14T00:28:43","slug":"milei-retiro-a-la-delegacion-de-la-cumbre-del-clima-cop29-en-azerbaiyan-en-rechazo-a-la-agenda-2030","status":"publish","type":"post","link":"https:\/\/apuntesdesanluis.com\/index.php\/2024\/11\/13\/milei-retiro-a-la-delegacion-de-la-cumbre-del-clima-cop29-en-azerbaiyan-en-rechazo-a-la-agenda-2030\/","title":{"rendered":"MILEI RETIR\u00d3 A LA DELEGACI\u00d3N DE LA CUMBRE DEL CLIMA COP29 EN AZERBAIY\u00c1N, EN RECHAZO A LA &#8220;AGENDA 2030&#8221;"},"content":{"rendered":"<h3>El Gobierno de <strong>Javier Milei<\/strong> orden\u00f3 hoy que toda la delegaci\u00f3n argentina se retire de las negociaciones para la mitigaci\u00f3n del cambio clim\u00e1tico en la <strong>Conferencia de las Partes de las Naciones Unidas (COP29)<\/strong> que se desarrolla en Azerbaiy\u00e1n.\u2060<\/h3>\n<h3>La decisi\u00f3n forma parte del rechazo a la &#8220;agenda 2030&#8221; de la administraci\u00f3n libertaria, situaci\u00f3n que incomoda a las empresas que operan en el pa\u00eds y promueven una producci\u00f3n m\u00e1s limpia. \u2060<\/h3>\n<h3>Una peque\u00f1a delegaci\u00f3n de funcionarios argentinos estaba en la cumbre, pero recibieron este mi\u00e9rcoles la orden de suspender su agenda y regresar a Buenos Aires de manera inmediata.<\/h3>\n<h3>Los representantes argentinos se fueron para no avalar lo que all\u00ed se decida, seg\u00fan trascendi\u00f3. Desde Buenos Aires, Milei hizo retuits a algunos mensajes que celebraron esa medida.<\/h3>\n<h3>Las negociaciones de la COP29 est\u00e1n teniendo un centro claro en el financiamiento clim\u00e1tico y en la necesidad de que se aumenten los recursos que los pa\u00edses desarrollados aportan para la adaptaci\u00f3n y mitigaci\u00f3n del cambio clim\u00e1tico.<\/h3>\n<h3>De todos modos, este abandono no implica que Argentina se retire del Acuerdo de Par\u00eds para frenar el calentamiento clim\u00e1tico.<\/h3>\n<h3>Para eso se requiere de un proceso m\u00e1s extenso, que puede extenderse hasta un a\u00f1o, y que implicar\u00eda que deje de formar parte de las partes de la Convenci\u00f3n Marco de Cambio Clim\u00e1tico de las Naciones Unidas.<\/h3>\n<h3>S\u00ed se espera es que que Donald Trump haga efectivo su retiro cuando asuma la Presidencia de Estados Unidos, en enero pr\u00f3ximo, como ya lo hab\u00eda hecho en su primer mandato.<\/h3>\n<h3>&#8220;Es hora de demostrar que la cooperaci\u00f3n mundial no est\u00e1 estancada, que est\u00e1 a la altura que exige el momento&#8221;, dijo el lunes Sim\u00f3n Stiell, responsable de la ONU en materia del clima, en la apertura de la conferencia.<\/h3>\n<h3>La cumbre se extender\u00e1 hasta el viernes 22, con la presencia de l\u00edderes y presidentes, pero ya sin representaci\u00f3n argentina.<\/h3>\n<p>&nbsp;<\/p>\n<p>&nbsp;<\/p>\n<p>&nbsp;<\/p>\n","protected":false},"excerpt":{"rendered":"<p>El Gobierno de Javier Milei orden\u00f3 hoy que toda la delegaci\u00f3n argentina se retire de&#8230;<\/p>\n","protected":false},"author":1,"featured_media":25239,"comment_status":"closed","ping_status":"closed","sticky":false,"template":"","format":"standard","meta":{"footnotes":""},"categories":[5],"tags":[],"class_list":["post-25238","post","type-post","status-publish","format-standard","has-post-thumbnail","hentry","category-nacionales-internacionales"],"yoast_head":"<!-- This site is optimized with the Yoast SEO plugin v26.1.1 - https:\/\/yoast.com\/wordpress\/plugins\/seo\/ -->\n<title>MILEI RETIR\u00d3 A LA DELEGACI\u00d3N DE LA CUMBRE DEL CLIMA COP29 EN AZERBAIY\u00c1N, EN RECHAZO A LA &quot;AGENDA 2030&quot; - Apuntes de San Luis<\/title>\n<meta name=\"robots\" content=\"index, follow, max-snippet:-1, max-image-preview:large, max-video-preview:-1\" \/>\n<link rel=\"canonical\" href=\"https:\/\/apuntesdesanluis.com\/index.php\/2024\/11\/13\/milei-retiro-a-la-delegacion-de-la-cumbre-del-clima-cop29-en-azerbaiyan-en-rechazo-a-la-agenda-2030\/\" \/>\n<meta property=\"og:locale\" content=\"es_ES\" \/>\n<meta property=\"og:type\" content=\"article\" \/>\n<meta property=\"og:title\" content=\"MILEI RETIR\u00d3 A LA DELEGACI\u00d3N DE LA CUMBRE DEL CLIMA COP29 EN AZERBAIY\u00c1N, EN RECHAZO A LA &quot;AGENDA 2030&quot; - Apuntes de San Luis\" \/>\n<meta property=\"og:description\" content=\"El Gobierno de Javier Milei orden\u00f3 hoy que toda la delegaci\u00f3n argentina se retire de...\" \/>\n<meta property=\"og:url\" content=\"https:\/\/apuntesdesanluis.com\/index.php\/2024\/11\/13\/milei-retiro-a-la-delegacion-de-la-cumbre-del-clima-cop29-en-azerbaiyan-en-rechazo-a-la-agenda-2030\/\" \/>\n<meta property=\"og:site_name\" content=\"Apuntes de San Luis\" \/>\n<meta property=\"article:published_time\" content=\"2024-11-14T00:28:43+00:00\" \/>\n<meta property=\"og:image\" content=\"https:\/\/apuntesdesanluis.com\/wp-content\/uploads\/2024\/11\/MILEI-2.png\" \/>\n\t<meta property=\"og:image:width\" content=\"780\" \/>\n\t<meta property=\"og:image:height\" content=\"523\" \/>\n\t<meta property=\"og:image:type\" content=\"image\/png\" \/>\n<meta name=\"author\" content=\"apuntesdesanluis.com\" \/>\n<meta name=\"twitter:card\" content=\"summary_large_image\" \/>\n<meta name=\"twitter:label1\" content=\"Escrito por\" \/>\n\t<meta name=\"twitter:data1\" content=\"apuntesdesanluis.com\" \/>\n\t<meta name=\"twitter:label2\" content=\"Tiempo de lectura\" \/>\n\t<meta name=\"twitter:data2\" content=\"2 minutos\" \/>\n<script type=\"application\/ld+json\" class=\"yoast-schema-graph\">{\"@context\":\"https:\/\/schema.org\",\"@graph\":[{\"@type\":\"Article\",\"@id\":\"https:\/\/apuntesdesanluis.com\/index.php\/2024\/11\/13\/milei-retiro-a-la-delegacion-de-la-cumbre-del-clima-cop29-en-azerbaiyan-en-rechazo-a-la-agenda-2030\/#article\",\"isPartOf\":{\"@id\":\"https:\/\/apuntesdesanluis.com\/index.php\/2024\/11\/13\/milei-retiro-a-la-delegacion-de-la-cumbre-del-clima-cop29-en-azerbaiyan-en-rechazo-a-la-agenda-2030\/\"},\"author\":{\"name\":\"apuntesdesanluis.com\",\"@id\":\"https:\/\/apuntesdesanluis.com\/#\/schema\/person\/b55151d52296fcce64d1a72538a70b90\"},\"headline\":\"MILEI RETIR\u00d3 A LA DELEGACI\u00d3N DE LA CUMBRE DEL CLIMA COP29 EN AZERBAIY\u00c1N, EN RECHAZO A LA &#8220;AGENDA 2030&#8221;\",\"datePublished\":\"2024-11-14T00:28:43+00:00\",\"mainEntityOfPage\":{\"@id\":\"https:\/\/apuntesdesanluis.com\/index.php\/2024\/11\/13\/milei-retiro-a-la-delegacion-de-la-cumbre-del-clima-cop29-en-azerbaiyan-en-rechazo-a-la-agenda-2030\/\"},\"wordCount\":364,\"publisher\":{\"@id\":\"https:\/\/apuntesdesanluis.com\/#\/schema\/person\/b55151d52296fcce64d1a72538a70b90\"},\"image\":{\"@id\":\"https:\/\/apuntesdesanluis.com\/index.php\/2024\/11\/13\/milei-retiro-a-la-delegacion-de-la-cumbre-del-clima-cop29-en-azerbaiyan-en-rechazo-a-la-agenda-2030\/#primaryimage\"},\"thumbnailUrl\":\"https:\/\/apuntesdesanluis.com\/wp-content\/uploads\/2024\/11\/MILEI-2.png\",\"articleSection\":[\"Nacionales\/Internacionales\"],\"inLanguage\":\"es-AR\"},{\"@type\":\"WebPage\",\"@id\":\"https:\/\/apuntesdesanluis.com\/index.php\/2024\/11\/13\/milei-retiro-a-la-delegacion-de-la-cumbre-del-clima-cop29-en-azerbaiyan-en-rechazo-a-la-agenda-2030\/\",\"url\":\"https:\/\/apuntesdesanluis.com\/index.php\/2024\/11\/13\/milei-retiro-a-la-delegacion-de-la-cumbre-del-clima-cop29-en-azerbaiyan-en-rechazo-a-la-agenda-2030\/\",\"name\":\"MILEI RETIR\u00d3 A LA DELEGACI\u00d3N DE LA CUMBRE DEL CLIMA COP29 EN AZERBAIY\u00c1N, EN RECHAZO A LA \\\"AGENDA 2030\\\" - Apuntes de San Luis\",\"isPartOf\":{\"@id\":\"https:\/\/apuntesdesanluis.com\/#website\"},\"primaryImageOfPage\":{\"@id\":\"https:\/\/apuntesdesanluis.com\/index.php\/2024\/11\/13\/milei-retiro-a-la-delegacion-de-la-cumbre-del-clima-cop29-en-azerbaiyan-en-rechazo-a-la-agenda-2030\/#primaryimage\"},\"image\":{\"@id\":\"https:\/\/apuntesdesanluis.com\/index.php\/2024\/11\/13\/milei-retiro-a-la-delegacion-de-la-cumbre-del-clima-cop29-en-azerbaiyan-en-rechazo-a-la-agenda-2030\/#primaryimage\"},\"thumbnailUrl\":\"https:\/\/apuntesdesanluis.com\/wp-content\/uploads\/2024\/11\/MILEI-2.png\",\"datePublished\":\"2024-11-14T00:28:43+00:00\",\"breadcrumb\":{\"@id\":\"https:\/\/apuntesdesanluis.com\/index.php\/2024\/11\/13\/milei-retiro-a-la-delegacion-de-la-cumbre-del-clima-cop29-en-azerbaiyan-en-rechazo-a-la-agenda-2030\/#breadcrumb\"},\"inLanguage\":\"es-AR\",\"potentialAction\":[{\"@type\":\"ReadAction\",\"target\":[\"https:\/\/apuntesdesanluis.com\/index.php\/2024\/11\/13\/milei-retiro-a-la-delegacion-de-la-cumbre-del-clima-cop29-en-azerbaiyan-en-rechazo-a-la-agenda-2030\/\"]}]},{\"@type\":\"ImageObject\",\"inLanguage\":\"es-AR\",\"@id\":\"https:\/\/apuntesdesanluis.com\/index.php\/2024\/11\/13\/milei-retiro-a-la-delegacion-de-la-cumbre-del-clima-cop29-en-azerbaiyan-en-rechazo-a-la-agenda-2030\/#primaryimage\",\"url\":\"https:\/\/apuntesdesanluis.com\/wp-content\/uploads\/2024\/11\/MILEI-2.png\",\"contentUrl\":\"https:\/\/apuntesdesanluis.com\/wp-content\/uploads\/2024\/11\/MILEI-2.png\",\"width\":780,\"height\":523},{\"@type\":\"BreadcrumbList\",\"@id\":\"https:\/\/apuntesdesanluis.com\/index.php\/2024\/11\/13\/milei-retiro-a-la-delegacion-de-la-cumbre-del-clima-cop29-en-azerbaiyan-en-rechazo-a-la-agenda-2030\/#breadcrumb\",\"itemListElement\":[{\"@type\":\"ListItem\",\"position\":1,\"name\":\"Inicio\",\"item\":\"https:\/\/apuntesdesanluis.com\/\"},{\"@type\":\"ListItem\",\"position\":2,\"name\":\"MILEI RETIR\u00d3 A LA DELEGACI\u00d3N DE LA CUMBRE DEL CLIMA COP29 EN AZERBAIY\u00c1N, EN RECHAZO A LA &#8220;AGENDA 2030&#8221;\"}]},{\"@type\":\"WebSite\",\"@id\":\"https:\/\/apuntesdesanluis.com\/#website\",\"url\":\"https:\/\/apuntesdesanluis.com\/\",\"name\":\"Apuntes de San Luis\",\"description\":\"\",\"publisher\":{\"@id\":\"https:\/\/apuntesdesanluis.com\/#\/schema\/person\/b55151d52296fcce64d1a72538a70b90\"},\"potentialAction\":[{\"@type\":\"SearchAction\",\"target\":{\"@type\":\"EntryPoint\",\"urlTemplate\":\"https:\/\/apuntesdesanluis.com\/?s={search_term_string}\"},\"query-input\":{\"@type\":\"PropertyValueSpecification\",\"valueRequired\":true,\"valueName\":\"search_term_string\"}}],\"inLanguage\":\"es-AR\"},{\"@type\":[\"Person\",\"Organization\"],\"@id\":\"https:\/\/apuntesdesanluis.com\/#\/schema\/person\/b55151d52296fcce64d1a72538a70b90\",\"name\":\"apuntesdesanluis.com\",\"image\":{\"@type\":\"ImageObject\",\"inLanguage\":\"es-AR\",\"@id\":\"https:\/\/apuntesdesanluis.com\/#\/schema\/person\/image\/\",\"url\":\"https:\/\/apuntesdesanluis.com\/wp-content\/uploads\/2023\/07\/cropped-apuntesdesanluis.png\",\"contentUrl\":\"https:\/\/apuntesdesanluis.com\/wp-content\/uploads\/2023\/07\/cropped-apuntesdesanluis.png\",\"width\":450,\"height\":112,\"caption\":\"apuntesdesanluis.com\"},\"logo\":{\"@id\":\"https:\/\/apuntesdesanluis.com\/#\/schema\/person\/image\/\"},\"sameAs\":[\"https:\/\/apuntesdesanluis.com\"],\"url\":\"https:\/\/apuntesdesanluis.com\/index.php\/author\/apuntesdesanluis-com\/\"}]}<\/script>\n<!-- \/ Yoast SEO plugin. -->","yoast_head_json":{"title":"MILEI RETIR\u00d3 A LA DELEGACI\u00d3N DE LA CUMBRE DEL CLIMA COP29 EN AZERBAIY\u00c1N, EN RECHAZO A LA \"AGENDA 2030\" - Apuntes de San Luis","robots":{"index":"index","follow":"follow","max-snippet":"max-snippet:-1","max-image-preview":"max-image-preview:large","max-video-preview":"max-video-preview:-1"},"canonical":"https:\/\/apuntesdesanluis.com\/index.php\/2024\/11\/13\/milei-retiro-a-la-delegacion-de-la-cumbre-del-clima-cop29-en-azerbaiyan-en-rechazo-a-la-agenda-2030\/","og_locale":"es_ES","og_type":"article","og_title":"MILEI RETIR\u00d3 A LA DELEGACI\u00d3N DE LA CUMBRE DEL CLIMA COP29 EN AZERBAIY\u00c1N, EN RECHAZO A LA \"AGENDA 2030\" - Apuntes de San Luis","og_description":"El Gobierno de Javier Milei orden\u00f3 hoy que toda la delegaci\u00f3n argentina se retire de...","og_url":"https:\/\/apuntesdesanluis.com\/index.php\/2024\/11\/13\/milei-retiro-a-la-delegacion-de-la-cumbre-del-clima-cop29-en-azerbaiyan-en-rechazo-a-la-agenda-2030\/","og_site_name":"Apuntes de San Luis","article_published_time":"2024-11-14T00:28:43+00:00","og_image":[{"width":780,"height":523,"url":"https:\/\/apuntesdesanluis.com\/wp-content\/uploads\/2024\/11\/MILEI-2.png","type":"image\/png"}],"author":"apuntesdesanluis.com","twitter_card":"summary_large_image","twitter_misc":{"Escrito por":"apuntesdesanluis.com","Tiempo de lectura":"2 minutos"},"schema":{"@context":"https:\/\/schema.org","@graph":[{"@type":"Article","@id":"https:\/\/apuntesdesanluis.com\/index.php\/2024\/11\/13\/milei-retiro-a-la-delegacion-de-la-cumbre-del-clima-cop29-en-azerbaiyan-en-rechazo-a-la-agenda-2030\/#article","isPartOf":{"@id":"https:\/\/apuntesdesanluis.com\/index.php\/2024\/11\/13\/milei-retiro-a-la-delegacion-de-la-cumbre-del-clima-cop29-en-azerbaiyan-en-rechazo-a-la-agenda-2030\/"},"author":{"name":"apuntesdesanluis.com","@id":"https:\/\/apuntesdesanluis.com\/#\/schema\/person\/b55151d52296fcce64d1a72538a70b90"},"headline":"MILEI RETIR\u00d3 A LA DELEGACI\u00d3N DE LA CUMBRE DEL CLIMA COP29 EN AZERBAIY\u00c1N, EN RECHAZO A LA &#8220;AGENDA 2030&#8221;","datePublished":"2024-11-14T00:28:43+00:00","mainEntityOfPage":{"@id":"https:\/\/apuntesdesanluis.com\/index.php\/2024\/11\/13\/milei-retiro-a-la-delegacion-de-la-cumbre-del-clima-cop29-en-azerbaiyan-en-rechazo-a-la-agenda-2030\/"},"wordCount":364,"publisher":{"@id":"https:\/\/apuntesdesanluis.com\/#\/schema\/person\/b55151d52296fcce64d1a72538a70b90"},"image":{"@id":"https:\/\/apuntesdesanluis.com\/index.php\/2024\/11\/13\/milei-retiro-a-la-delegacion-de-la-cumbre-del-clima-cop29-en-azerbaiyan-en-rechazo-a-la-agenda-2030\/#primaryimage"},"thumbnailUrl":"https:\/\/apuntesdesanluis.com\/wp-content\/uploads\/2024\/11\/MILEI-2.png","articleSection":["Nacionales\/Internacionales"],"inLanguage":"es-AR"},{"@type":"WebPage","@id":"https:\/\/apuntesdesanluis.com\/index.php\/2024\/11\/13\/milei-retiro-a-la-delegacion-de-la-cumbre-del-clima-cop29-en-azerbaiyan-en-rechazo-a-la-agenda-2030\/","url":"https:\/\/apuntesdesanluis.com\/index.php\/2024\/11\/13\/milei-retiro-a-la-delegacion-de-la-cumbre-del-clima-cop29-en-azerbaiyan-en-rechazo-a-la-agenda-2030\/","name":"MILEI RETIR\u00d3 A LA DELEGACI\u00d3N DE LA CUMBRE DEL CLIMA COP29 EN AZERBAIY\u00c1N, EN RECHAZO A LA \"AGENDA 2030\" - Apuntes de San Luis","isPartOf":{"@id":"https:\/\/apuntesdesanluis.com\/#website"},"primaryImageOfPage":{"@id":"https:\/\/apuntesdesanluis.com\/index.php\/2024\/11\/13\/milei-retiro-a-la-delegacion-de-la-cumbre-del-clima-cop29-en-azerbaiyan-en-rechazo-a-la-agenda-2030\/#primaryimage"},"image":{"@id":"https:\/\/apuntesdesanluis.com\/index.php\/2024\/11\/13\/milei-retiro-a-la-delegacion-de-la-cumbre-del-clima-cop29-en-azerbaiyan-en-rechazo-a-la-agenda-2030\/#primaryimage"},"thumbnailUrl":"https:\/\/apuntesdesanluis.com\/wp-content\/uploads\/2024\/11\/MILEI-2.png","datePublished":"2024-11-14T00:28:43+00:00","breadcrumb":{"@id":"https:\/\/apuntesdesanluis.com\/index.php\/2024\/11\/13\/milei-retiro-a-la-delegacion-de-la-cumbre-del-clima-cop29-en-azerbaiyan-en-rechazo-a-la-agenda-2030\/#breadcrumb"},"inLanguage":"es-AR","potentialAction":[{"@type":"ReadAction","target":["https:\/\/apuntesdesanluis.com\/index.php\/2024\/11\/13\/milei-retiro-a-la-delegacion-de-la-cumbre-del-clima-cop29-en-azerbaiyan-en-rechazo-a-la-agenda-2030\/"]}]},{"@type":"ImageObject","inLanguage":"es-AR","@id":"https:\/\/apuntesdesanluis.com\/index.php\/2024\/11\/13\/milei-retiro-a-la-delegacion-de-la-cumbre-del-clima-cop29-en-azerbaiyan-en-rechazo-a-la-agenda-2030\/#primaryimage","url":"https:\/\/apuntesdesanluis.com\/wp-content\/uploads\/2024\/11\/MILEI-2.png","contentUrl":"https:\/\/apuntesdesanluis.com\/wp-content\/uploads\/2024\/11\/MILEI-2.png","width":780,"height":523},{"@type":"BreadcrumbList","@id":"https:\/\/apuntesdesanluis.com\/index.php\/2024\/11\/13\/milei-retiro-a-la-delegacion-de-la-cumbre-del-clima-cop29-en-azerbaiyan-en-rechazo-a-la-agenda-2030\/#breadcrumb","itemListElement":[{"@type":"ListItem","position":1,"name":"Inicio","item":"https:\/\/apuntesdesanluis.com\/"},{"@type":"ListItem","position":2,"name":"MILEI RETIR\u00d3 A LA DELEGACI\u00d3N DE LA CUMBRE DEL CLIMA COP29 EN AZERBAIY\u00c1N, EN RECHAZO A LA &#8220;AGENDA 2030&#8221;"}]},{"@type":"WebSite","@id":"https:\/\/apuntesdesanluis.com\/#website","url":"https:\/\/apuntesdesanluis.com\/","name":"Apuntes de San Luis","description":"","publisher":{"@id":"https:\/\/apuntesdesanluis.com\/#\/schema\/person\/b55151d52296fcce64d1a72538a70b90"},"potentialAction":[{"@type":"SearchAction","target":{"@type":"EntryPoint","urlTemplate":"https:\/\/apuntesdesanluis.com\/?s={search_term_string}"},"query-input":{"@type":"PropertyValueSpecification","valueRequired":true,"valueName":"search_term_string"}}],"inLanguage":"es-AR"},{"@type":["Person","Organization"],"@id":"https:\/\/apuntesdesanluis.com\/#\/schema\/person\/b55151d52296fcce64d1a72538a70b90","name":"apuntesdesanluis.com","image":{"@type":"ImageObject","inLanguage":"es-AR","@id":"https:\/\/apuntesdesanluis.com\/#\/schema\/person\/image\/","url":"https:\/\/apuntesdesanluis.com\/wp-content\/uploads\/2023\/07\/cropped-apuntesdesanluis.png","contentUrl":"https:\/\/apuntesdesanluis.com\/wp-content\/uploads\/2023\/07\/cropped-apuntesdesanluis.png","width":450,"height":112,"caption":"apuntesdesanluis.com"},"logo":{"@id":"https:\/\/apuntesdesanluis.com\/#\/schema\/person\/image\/"},"sameAs":["https:\/\/apuntesdesanluis.com"],"url":"https:\/\/apuntesdesanluis.com\/index.php\/author\/apuntesdesanluis-com\/"}]}},"featured_image_urls":{"full":["https:\/\/apuntesdesanluis.com\/wp-content\/uploads\/2024\/11\/MILEI-2.png",780,523,false],"thumbnail":["https:\/\/apuntesdesanluis.com\/wp-content\/uploads\/2024\/11\/MILEI-2-150x150.png",150,150,true],"medium":["https:\/\/apuntesdesanluis.com\/wp-content\/uploads\/2024\/11\/MILEI-2-300x201.png",300,201,true],"medium_large":["https:\/\/apuntesdesanluis.com\/wp-content\/uploads\/2024\/11\/MILEI-2-768x515.png",640,429,true],"large":["https:\/\/apuntesdesanluis.com\/wp-content\/uploads\/2024\/11\/MILEI-2.png",640,429,false],"1536x1536":["https:\/\/apuntesdesanluis.com\/wp-content\/uploads\/2024\/11\/MILEI-2.png",780,523,false],"2048x2048":["https:\/\/apuntesdesanluis.com\/wp-content\/uploads\/2024\/11\/MILEI-2.png",780,523,false],"newsever-slider-full":["https:\/\/apuntesdesanluis.com\/wp-content\/uploads\/2024\/11\/MILEI-2.png",780,523,false],"newsever-featured":["https:\/\/apuntesdesanluis.com\/wp-content\/uploads\/2024\/11\/MILEI-2.png",780,523,false],"newsever-medium":["https:\/\/apuntesdesanluis.com\/wp-content\/uploads\/2024\/11\/MILEI-2-720x475.png",720,475,true]},"author_info":{"display_name":"apuntesdesanluis.com","author_link":"https:\/\/apuntesdesanluis.com\/index.php\/author\/apuntesdesanluis-com\/"},"category_info":"<a href=\"https:\/\/apuntesdesanluis.com\/index.php\/category\/nacionales-internacionales\/\" rel=\"category tag\">Nacionales\/Internacionales<\/a>","tag_info":"Nacionales\/Internacionales","comment_count":"0","_links":{"self":[{"href":"https:\/\/apuntesdesanluis.com\/index.php\/wp-json\/wp\/v2\/posts\/25238","targetHints":{"allow":["GET"]}}],"collection":[{"href":"https:\/\/apuntesdesanluis.com\/index.php\/wp-json\/wp\/v2\/posts"}],"about":[{"href":"https:\/\/apuntesdesanluis.com\/index.php\/wp-json\/wp\/v2\/types\/post"}],"author":[{"embeddable":true,"href":"https:\/\/apuntesdesanluis.com\/index.php\/wp-json\/wp\/v2\/users\/1"}],"replies":[{"embeddable":true,"href":"https:\/\/apuntesdesanluis.com\/index.php\/wp-json\/wp\/v2\/comments?post=25238"}],"version-history":[{"count":1,"href":"https:\/\/apuntesdesanluis.com\/index.php\/wp-json\/wp\/v2\/posts\/25238\/revisions"}],"predecessor-version":[{"id":25240,"href":"https:\/\/apuntesdesanluis.com\/index.php\/wp-json\/wp\/v2\/posts\/25238\/revisions\/25240"}],"wp:featuredmedia":[{"embeddable":true,"href":"https:\/\/apuntesdesanluis.com\/index.php\/wp-json\/wp\/v2\/media\/25239"}],"wp:attachment":[{"href":"https:\/\/apuntesdesanluis.com\/index.php\/wp-json\/wp\/v2\/media?parent=25238"}],"wp:term":[{"taxonomy":"category","embeddable":true,"href":"https:\/\/apuntesdesanluis.com\/index.php\/wp-json\/wp\/v2\/categories?post=25238"},{"taxonomy":"post_tag","embeddable":true,"href":"https:\/\/apuntesdesanluis.com\/index.php\/wp-json\/wp\/v2\/tags?post=25238"}],"curies":[{"name":"wp","href":"https:\/\/api.w.org\/{rel}","templated":true}]}}