{"id":25241,"date":"2024-11-13T21:36:15","date_gmt":"2024-11-14T00:36:15","guid":{"rendered":"https:\/\/apuntesdesanluis.com\/?p=25241"},"modified":"2024-11-13T21:36:15","modified_gmt":"2024-11-14T00:36:15","slug":"javier-milei-buscara-firmar-un-acuerdo-de-libre-comercio-con-estados-unidos","status":"publish","type":"post","link":"https:\/\/apuntesdesanluis.com\/index.php\/2024\/11\/13\/javier-milei-buscara-firmar-un-acuerdo-de-libre-comercio-con-estados-unidos\/","title":{"rendered":"JAVIER MILEI BUSCAR\u00c1 FIRMAR UN ACUERDO DE LIBRE COMERCIO CON ESTADOS UNIDOS"},"content":{"rendered":"<h3>El mandatario dijo estar confiado con la nueva gesti\u00f3n republicana por la ayuda que puede darle a\u00a0 Argentina, en el marco de las negociaciones con el Fondo Monetario Internacional.<\/h3>\n<h3><strong>Javier Milei<\/strong> anticip\u00f3 que buscar\u00e1 firmar un tratado de libre comercio con los Estados Unidos, un objetivo de dif\u00edcil concreci\u00f3n. De todas maneras, el mandatario asegur\u00f3 que hablar\u00e1 del asunto con <strong>Donald Trump<\/strong>, cuando se re\u00fanan este jueves y viernes en la CPAC.<\/h3>\n<h3>&#8220;En estas condiciones nosotros podemos avanzar en mayores acuerdos comerciales con Estados Unidos, de la misma manera que estamos avanzando con China&#8221;, asegur\u00f3 Milei en di\u00e1logo con Radio Rivadavia.<\/h3>\n<h3>&#8220;\u00bfUsted est\u00e1 anunciando que va a buscar un acuerdo de libre comercio con EE.UU. m\u00e1s profundo?&#8221;, pregunt\u00f3 la periodista Cristina P\u00e9rez, a lo que el jefe de Estado contest\u00f3: &#8220;Exactamente, s\u00ed, as\u00ed es, me ley\u00f3 perfecto&#8221;.<\/h3>\n<h3>Asimismo, el mandatario dijo estar confiado con la nueva gesti\u00f3n republicana por la ayuda que pueda darle a la Argentina en el marco de las negociaciones con el Fondo Monetario Internacional (FMI). Para Milei &#8220;es de esperar&#8221; que la administraci\u00f3n de Trump.<\/h3>\n<h3>En ese sentido, el libertario asegur\u00f3 que &#8220;est\u00e1 claro que el presidente electo se siente mucho m\u00e1s c\u00f3modo trabajando conmigo que con otros gobiernos&#8221;.<\/h3>\n<h3>Sobre la relaci\u00f3n con China, Milei confirm\u00f3 que viajar\u00e1 a Beinjing en marzo del a\u00f1o que viene, para la cumbre de la Comunidad de Estados Latinoamericanos y Caribe\u00f1os (CELAC).<\/h3>\n<h3>Este jueves a las 7.30, Javier Milei partir\u00e1 hacia Estados Unidos, Florida, para participar de la Conferencia Pol\u00edtica de Acci\u00f3n Conservadora (CPAC). El evento se realizar\u00e1 en la residencia Mar-a-Lago de Donald Trump. All\u00ed disertar\u00e1, pero tambi\u00e9n se encontrar\u00e1 con el pr\u00f3ximo presidente norteamericano tras su triunfo en las elecciones.<\/h3>\n<h3>Seg\u00fan Milei, con Trump tiene &#8220;una excelente relaci\u00f3n&#8221;. Es por eso que el libertario dijo que el republicano lo acompa\u00f1ar\u00e1 en sus pr\u00f3ximos pasos: &#8220;Trump dijo que yo era su Presidente favorito&#8221;, ratific\u00f3.<\/h3>\n<p>&nbsp;<\/p>\n<p>&nbsp;<\/p>\n<p>&nbsp;<\/p>\n<p>&nbsp;<\/p>\n","protected":false},"excerpt":{"rendered":"<p>El mandatario dijo estar confiado con la nueva gesti\u00f3n republicana por la ayuda que puede&#8230;<\/p>\n","protected":false},"author":1,"featured_media":25242,"comment_status":"closed","ping_status":"closed","sticky":false,"template":"","format":"standard","meta":{"footnotes":""},"categories":[5],"tags":[],"class_list":["post-25241","post","type-post","status-publish","format-standard","has-post-thumbnail","hentry","category-nacionales-internacionales"],"yoast_head":"<!-- This site is optimized with the Yoast SEO plugin v26.1.1 - https:\/\/yoast.com\/wordpress\/plugins\/seo\/ -->\n<title>JAVIER MILEI BUSCAR\u00c1 FIRMAR UN ACUERDO DE LIBRE COMERCIO CON ESTADOS UNIDOS - Apuntes de San Luis<\/title>\n<meta name=\"robots\" content=\"index, follow, max-snippet:-1, max-image-preview:large, max-video-preview:-1\" \/>\n<link rel=\"canonical\" href=\"https:\/\/apuntesdesanluis.com\/index.php\/2024\/11\/13\/javier-milei-buscara-firmar-un-acuerdo-de-libre-comercio-con-estados-unidos\/\" \/>\n<meta property=\"og:locale\" content=\"es_ES\" \/>\n<meta property=\"og:type\" content=\"article\" \/>\n<meta property=\"og:title\" content=\"JAVIER MILEI BUSCAR\u00c1 FIRMAR UN ACUERDO DE LIBRE COMERCIO CON ESTADOS UNIDOS - Apuntes de San Luis\" \/>\n<meta property=\"og:description\" content=\"El mandatario dijo estar confiado con la nueva gesti\u00f3n republicana por la ayuda que puede...\" \/>\n<meta property=\"og:url\" content=\"https:\/\/apuntesdesanluis.com\/index.php\/2024\/11\/13\/javier-milei-buscara-firmar-un-acuerdo-de-libre-comercio-con-estados-unidos\/\" \/>\n<meta property=\"og:site_name\" content=\"Apuntes de San Luis\" \/>\n<meta property=\"article:published_time\" content=\"2024-11-14T00:36:15+00:00\" \/>\n<meta property=\"og:image\" content=\"https:\/\/apuntesdesanluis.com\/wp-content\/uploads\/2024\/11\/MILEI-Y-TRUMP.png\" \/>\n\t<meta property=\"og:image:width\" content=\"809\" \/>\n\t<meta property=\"og:image:height\" content=\"479\" \/>\n\t<meta property=\"og:image:type\" content=\"image\/png\" \/>\n<meta name=\"author\" content=\"apuntesdesanluis.com\" \/>\n<meta name=\"twitter:card\" content=\"summary_large_image\" \/>\n<meta name=\"twitter:label1\" content=\"Escrito por\" \/>\n\t<meta name=\"twitter:data1\" content=\"apuntesdesanluis.com\" \/>\n\t<meta name=\"twitter:label2\" content=\"Tiempo de lectura\" \/>\n\t<meta name=\"twitter:data2\" content=\"2 minutos\" \/>\n<script type=\"application\/ld+json\" class=\"yoast-schema-graph\">{\"@context\":\"https:\/\/schema.org\",\"@graph\":[{\"@type\":\"Article\",\"@id\":\"https:\/\/apuntesdesanluis.com\/index.php\/2024\/11\/13\/javier-milei-buscara-firmar-un-acuerdo-de-libre-comercio-con-estados-unidos\/#article\",\"isPartOf\":{\"@id\":\"https:\/\/apuntesdesanluis.com\/index.php\/2024\/11\/13\/javier-milei-buscara-firmar-un-acuerdo-de-libre-comercio-con-estados-unidos\/\"},\"author\":{\"name\":\"apuntesdesanluis.com\",\"@id\":\"https:\/\/apuntesdesanluis.com\/#\/schema\/person\/b55151d52296fcce64d1a72538a70b90\"},\"headline\":\"JAVIER MILEI BUSCAR\u00c1 FIRMAR UN ACUERDO DE LIBRE COMERCIO CON ESTADOS UNIDOS\",\"datePublished\":\"2024-11-14T00:36:15+00:00\",\"mainEntityOfPage\":{\"@id\":\"https:\/\/apuntesdesanluis.com\/index.php\/2024\/11\/13\/javier-milei-buscara-firmar-un-acuerdo-de-libre-comercio-con-estados-unidos\/\"},\"wordCount\":353,\"publisher\":{\"@id\":\"https:\/\/apuntesdesanluis.com\/#\/schema\/person\/b55151d52296fcce64d1a72538a70b90\"},\"image\":{\"@id\":\"https:\/\/apuntesdesanluis.com\/index.php\/2024\/11\/13\/javier-milei-buscara-firmar-un-acuerdo-de-libre-comercio-con-estados-unidos\/#primaryimage\"},\"thumbnailUrl\":\"https:\/\/apuntesdesanluis.com\/wp-content\/uploads\/2024\/11\/MILEI-Y-TRUMP.png\",\"articleSection\":[\"Nacionales\/Internacionales\"],\"inLanguage\":\"es-AR\"},{\"@type\":\"WebPage\",\"@id\":\"https:\/\/apuntesdesanluis.com\/index.php\/2024\/11\/13\/javier-milei-buscara-firmar-un-acuerdo-de-libre-comercio-con-estados-unidos\/\",\"url\":\"https:\/\/apuntesdesanluis.com\/index.php\/2024\/11\/13\/javier-milei-buscara-firmar-un-acuerdo-de-libre-comercio-con-estados-unidos\/\",\"name\":\"JAVIER MILEI BUSCAR\u00c1 FIRMAR UN ACUERDO DE LIBRE COMERCIO CON ESTADOS UNIDOS - Apuntes de San Luis\",\"isPartOf\":{\"@id\":\"https:\/\/apuntesdesanluis.com\/#website\"},\"primaryImageOfPage\":{\"@id\":\"https:\/\/apuntesdesanluis.com\/index.php\/2024\/11\/13\/javier-milei-buscara-firmar-un-acuerdo-de-libre-comercio-con-estados-unidos\/#primaryimage\"},\"image\":{\"@id\":\"https:\/\/apuntesdesanluis.com\/index.php\/2024\/11\/13\/javier-milei-buscara-firmar-un-acuerdo-de-libre-comercio-con-estados-unidos\/#primaryimage\"},\"thumbnailUrl\":\"https:\/\/apuntesdesanluis.com\/wp-content\/uploads\/2024\/11\/MILEI-Y-TRUMP.png\",\"datePublished\":\"2024-11-14T00:36:15+00:00\",\"breadcrumb\":{\"@id\":\"https:\/\/apuntesdesanluis.com\/index.php\/2024\/11\/13\/javier-milei-buscara-firmar-un-acuerdo-de-libre-comercio-con-estados-unidos\/#breadcrumb\"},\"inLanguage\":\"es-AR\",\"potentialAction\":[{\"@type\":\"ReadAction\",\"target\":[\"https:\/\/apuntesdesanluis.com\/index.php\/2024\/11\/13\/javier-milei-buscara-firmar-un-acuerdo-de-libre-comercio-con-estados-unidos\/\"]}]},{\"@type\":\"ImageObject\",\"inLanguage\":\"es-AR\",\"@id\":\"https:\/\/apuntesdesanluis.com\/index.php\/2024\/11\/13\/javier-milei-buscara-firmar-un-acuerdo-de-libre-comercio-con-estados-unidos\/#primaryimage\",\"url\":\"https:\/\/apuntesdesanluis.com\/wp-content\/uploads\/2024\/11\/MILEI-Y-TRUMP.png\",\"contentUrl\":\"https:\/\/apuntesdesanluis.com\/wp-content\/uploads\/2024\/11\/MILEI-Y-TRUMP.png\",\"width\":809,\"height\":479},{\"@type\":\"BreadcrumbList\",\"@id\":\"https:\/\/apuntesdesanluis.com\/index.php\/2024\/11\/13\/javier-milei-buscara-firmar-un-acuerdo-de-libre-comercio-con-estados-unidos\/#breadcrumb\",\"itemListElement\":[{\"@type\":\"ListItem\",\"position\":1,\"name\":\"Inicio\",\"item\":\"https:\/\/apuntesdesanluis.com\/\"},{\"@type\":\"ListItem\",\"position\":2,\"name\":\"JAVIER MILEI BUSCAR\u00c1 FIRMAR UN ACUERDO DE LIBRE COMERCIO CON ESTADOS UNIDOS\"}]},{\"@type\":\"WebSite\",\"@id\":\"https:\/\/apuntesdesanluis.com\/#website\",\"url\":\"https:\/\/apuntesdesanluis.com\/\",\"name\":\"Apuntes de San Luis\",\"description\":\"\",\"publisher\":{\"@id\":\"https:\/\/apuntesdesanluis.com\/#\/schema\/person\/b55151d52296fcce64d1a72538a70b90\"},\"potentialAction\":[{\"@type\":\"SearchAction\",\"target\":{\"@type\":\"EntryPoint\",\"urlTemplate\":\"https:\/\/apuntesdesanluis.com\/?s={search_term_string}\"},\"query-input\":{\"@type\":\"PropertyValueSpecification\",\"valueRequired\":true,\"valueName\":\"search_term_string\"}}],\"inLanguage\":\"es-AR\"},{\"@type\":[\"Person\",\"Organization\"],\"@id\":\"https:\/\/apuntesdesanluis.com\/#\/schema\/person\/b55151d52296fcce64d1a72538a70b90\",\"name\":\"apuntesdesanluis.com\",\"image\":{\"@type\":\"ImageObject\",\"inLanguage\":\"es-AR\",\"@id\":\"https:\/\/apuntesdesanluis.com\/#\/schema\/person\/image\/\",\"url\":\"https:\/\/apuntesdesanluis.com\/wp-content\/uploads\/2023\/07\/cropped-apuntesdesanluis.png\",\"contentUrl\":\"https:\/\/apuntesdesanluis.com\/wp-content\/uploads\/2023\/07\/cropped-apuntesdesanluis.png\",\"width\":450,\"height\":112,\"caption\":\"apuntesdesanluis.com\"},\"logo\":{\"@id\":\"https:\/\/apuntesdesanluis.com\/#\/schema\/person\/image\/\"},\"sameAs\":[\"https:\/\/apuntesdesanluis.com\"],\"url\":\"https:\/\/apuntesdesanluis.com\/index.php\/author\/apuntesdesanluis-com\/\"}]}<\/script>\n<!-- \/ Yoast SEO plugin. -->","yoast_head_json":{"title":"JAVIER MILEI BUSCAR\u00c1 FIRMAR UN ACUERDO DE LIBRE COMERCIO CON ESTADOS UNIDOS - Apuntes de San Luis","robots":{"index":"index","follow":"follow","max-snippet":"max-snippet:-1","max-image-preview":"max-image-preview:large","max-video-preview":"max-video-preview:-1"},"canonical":"https:\/\/apuntesdesanluis.com\/index.php\/2024\/11\/13\/javier-milei-buscara-firmar-un-acuerdo-de-libre-comercio-con-estados-unidos\/","og_locale":"es_ES","og_type":"article","og_title":"JAVIER MILEI BUSCAR\u00c1 FIRMAR UN ACUERDO DE LIBRE COMERCIO CON ESTADOS UNIDOS - Apuntes de San Luis","og_description":"El mandatario dijo estar confiado con la nueva gesti\u00f3n republicana por la ayuda que puede...","og_url":"https:\/\/apuntesdesanluis.com\/index.php\/2024\/11\/13\/javier-milei-buscara-firmar-un-acuerdo-de-libre-comercio-con-estados-unidos\/","og_site_name":"Apuntes de San Luis","article_published_time":"2024-11-14T00:36:15+00:00","og_image":[{"width":809,"height":479,"url":"https:\/\/apuntesdesanluis.com\/wp-content\/uploads\/2024\/11\/MILEI-Y-TRUMP.png","type":"image\/png"}],"author":"apuntesdesanluis.com","twitter_card":"summary_large_image","twitter_misc":{"Escrito por":"apuntesdesanluis.com","Tiempo de lectura":"2 minutos"},"schema":{"@context":"https:\/\/schema.org","@graph":[{"@type":"Article","@id":"https:\/\/apuntesdesanluis.com\/index.php\/2024\/11\/13\/javier-milei-buscara-firmar-un-acuerdo-de-libre-comercio-con-estados-unidos\/#article","isPartOf":{"@id":"https:\/\/apuntesdesanluis.com\/index.php\/2024\/11\/13\/javier-milei-buscara-firmar-un-acuerdo-de-libre-comercio-con-estados-unidos\/"},"author":{"name":"apuntesdesanluis.com","@id":"https:\/\/apuntesdesanluis.com\/#\/schema\/person\/b55151d52296fcce64d1a72538a70b90"},"headline":"JAVIER MILEI BUSCAR\u00c1 FIRMAR UN ACUERDO DE LIBRE COMERCIO CON ESTADOS UNIDOS","datePublished":"2024-11-14T00:36:15+00:00","mainEntityOfPage":{"@id":"https:\/\/apuntesdesanluis.com\/index.php\/2024\/11\/13\/javier-milei-buscara-firmar-un-acuerdo-de-libre-comercio-con-estados-unidos\/"},"wordCount":353,"publisher":{"@id":"https:\/\/apuntesdesanluis.com\/#\/schema\/person\/b55151d52296fcce64d1a72538a70b90"},"image":{"@id":"https:\/\/apuntesdesanluis.com\/index.php\/2024\/11\/13\/javier-milei-buscara-firmar-un-acuerdo-de-libre-comercio-con-estados-unidos\/#primaryimage"},"thumbnailUrl":"https:\/\/apuntesdesanluis.com\/wp-content\/uploads\/2024\/11\/MILEI-Y-TRUMP.png","articleSection":["Nacionales\/Internacionales"],"inLanguage":"es-AR"},{"@type":"WebPage","@id":"https:\/\/apuntesdesanluis.com\/index.php\/2024\/11\/13\/javier-milei-buscara-firmar-un-acuerdo-de-libre-comercio-con-estados-unidos\/","url":"https:\/\/apuntesdesanluis.com\/index.php\/2024\/11\/13\/javier-milei-buscara-firmar-un-acuerdo-de-libre-comercio-con-estados-unidos\/","name":"JAVIER MILEI BUSCAR\u00c1 FIRMAR UN ACUERDO DE LIBRE COMERCIO CON ESTADOS UNIDOS - Apuntes de San Luis","isPartOf":{"@id":"https:\/\/apuntesdesanluis.com\/#website"},"primaryImageOfPage":{"@id":"https:\/\/apuntesdesanluis.com\/index.php\/2024\/11\/13\/javier-milei-buscara-firmar-un-acuerdo-de-libre-comercio-con-estados-unidos\/#primaryimage"},"image":{"@id":"https:\/\/apuntesdesanluis.com\/index.php\/2024\/11\/13\/javier-milei-buscara-firmar-un-acuerdo-de-libre-comercio-con-estados-unidos\/#primaryimage"},"thumbnailUrl":"https:\/\/apuntesdesanluis.com\/wp-content\/uploads\/2024\/11\/MILEI-Y-TRUMP.png","datePublished":"2024-11-14T00:36:15+00:00","breadcrumb":{"@id":"https:\/\/apuntesdesanluis.com\/index.php\/2024\/11\/13\/javier-milei-buscara-firmar-un-acuerdo-de-libre-comercio-con-estados-unidos\/#breadcrumb"},"inLanguage":"es-AR","potentialAction":[{"@type":"ReadAction","target":["https:\/\/apuntesdesanluis.com\/index.php\/2024\/11\/13\/javier-milei-buscara-firmar-un-acuerdo-de-libre-comercio-con-estados-unidos\/"]}]},{"@type":"ImageObject","inLanguage":"es-AR","@id":"https:\/\/apuntesdesanluis.com\/index.php\/2024\/11\/13\/javier-milei-buscara-firmar-un-acuerdo-de-libre-comercio-con-estados-unidos\/#primaryimage","url":"https:\/\/apuntesdesanluis.com\/wp-content\/uploads\/2024\/11\/MILEI-Y-TRUMP.png","contentUrl":"https:\/\/apuntesdesanluis.com\/wp-content\/uploads\/2024\/11\/MILEI-Y-TRUMP.png","width":809,"height":479},{"@type":"BreadcrumbList","@id":"https:\/\/apuntesdesanluis.com\/index.php\/2024\/11\/13\/javier-milei-buscara-firmar-un-acuerdo-de-libre-comercio-con-estados-unidos\/#breadcrumb","itemListElement":[{"@type":"ListItem","position":1,"name":"Inicio","item":"https:\/\/apuntesdesanluis.com\/"},{"@type":"ListItem","position":2,"name":"JAVIER MILEI BUSCAR\u00c1 FIRMAR UN ACUERDO DE LIBRE COMERCIO CON ESTADOS UNIDOS"}]},{"@type":"WebSite","@id":"https:\/\/apuntesdesanluis.com\/#website","url":"https:\/\/apuntesdesanluis.com\/","name":"Apuntes de San Luis","description":"","publisher":{"@id":"https:\/\/apuntesdesanluis.com\/#\/schema\/person\/b55151d52296fcce64d1a72538a70b90"},"potentialAction":[{"@type":"SearchAction","target":{"@type":"EntryPoint","urlTemplate":"https:\/\/apuntesdesanluis.com\/?s={search_term_string}"},"query-input":{"@type":"PropertyValueSpecification","valueRequired":true,"valueName":"search_term_string"}}],"inLanguage":"es-AR"},{"@type":["Person","Organization"],"@id":"https:\/\/apuntesdesanluis.com\/#\/schema\/person\/b55151d52296fcce64d1a72538a70b90","name":"apuntesdesanluis.com","image":{"@type":"ImageObject","inLanguage":"es-AR","@id":"https:\/\/apuntesdesanluis.com\/#\/schema\/person\/image\/","url":"https:\/\/apuntesdesanluis.com\/wp-content\/uploads\/2023\/07\/cropped-apuntesdesanluis.png","contentUrl":"https:\/\/apuntesdesanluis.com\/wp-content\/uploads\/2023\/07\/cropped-apuntesdesanluis.png","width":450,"height":112,"caption":"apuntesdesanluis.com"},"logo":{"@id":"https:\/\/apuntesdesanluis.com\/#\/schema\/person\/image\/"},"sameAs":["https:\/\/apuntesdesanluis.com"],"url":"https:\/\/apuntesdesanluis.com\/index.php\/author\/apuntesdesanluis-com\/"}]}},"featured_image_urls":{"full":["https:\/\/apuntesdesanluis.com\/wp-content\/uploads\/2024\/11\/MILEI-Y-TRUMP.png",809,479,false],"thumbnail":["https:\/\/apuntesdesanluis.com\/wp-content\/uploads\/2024\/11\/MILEI-Y-TRUMP-150x150.png",150,150,true],"medium":["https:\/\/apuntesdesanluis.com\/wp-content\/uploads\/2024\/11\/MILEI-Y-TRUMP-300x178.png",300,178,true],"medium_large":["https:\/\/apuntesdesanluis.com\/wp-content\/uploads\/2024\/11\/MILEI-Y-TRUMP-768x455.png",640,379,true],"large":["https:\/\/apuntesdesanluis.com\/wp-content\/uploads\/2024\/11\/MILEI-Y-TRUMP.png",640,379,false],"1536x1536":["https:\/\/apuntesdesanluis.com\/wp-content\/uploads\/2024\/11\/MILEI-Y-TRUMP.png",809,479,false],"2048x2048":["https:\/\/apuntesdesanluis.com\/wp-content\/uploads\/2024\/11\/MILEI-Y-TRUMP.png",809,479,false],"newsever-slider-full":["https:\/\/apuntesdesanluis.com\/wp-content\/uploads\/2024\/11\/MILEI-Y-TRUMP.png",809,479,false],"newsever-featured":["https:\/\/apuntesdesanluis.com\/wp-content\/uploads\/2024\/11\/MILEI-Y-TRUMP.png",809,479,false],"newsever-medium":["https:\/\/apuntesdesanluis.com\/wp-content\/uploads\/2024\/11\/MILEI-Y-TRUMP-720x475.png",720,475,true]},"author_info":{"display_name":"apuntesdesanluis.com","author_link":"https:\/\/apuntesdesanluis.com\/index.php\/author\/apuntesdesanluis-com\/"},"category_info":"<a href=\"https:\/\/apuntesdesanluis.com\/index.php\/category\/nacionales-internacionales\/\" rel=\"category tag\">Nacionales\/Internacionales<\/a>","tag_info":"Nacionales\/Internacionales","comment_count":"0","_links":{"self":[{"href":"https:\/\/apuntesdesanluis.com\/index.php\/wp-json\/wp\/v2\/posts\/25241","targetHints":{"allow":["GET"]}}],"collection":[{"href":"https:\/\/apuntesdesanluis.com\/index.php\/wp-json\/wp\/v2\/posts"}],"about":[{"href":"https:\/\/apuntesdesanluis.com\/index.php\/wp-json\/wp\/v2\/types\/post"}],"author":[{"embeddable":true,"href":"https:\/\/apuntesdesanluis.com\/index.php\/wp-json\/wp\/v2\/users\/1"}],"replies":[{"embeddable":true,"href":"https:\/\/apuntesdesanluis.com\/index.php\/wp-json\/wp\/v2\/comments?post=25241"}],"version-history":[{"count":1,"href":"https:\/\/apuntesdesanluis.com\/index.php\/wp-json\/wp\/v2\/posts\/25241\/revisions"}],"predecessor-version":[{"id":25243,"href":"https:\/\/apuntesdesanluis.com\/index.php\/wp-json\/wp\/v2\/posts\/25241\/revisions\/25243"}],"wp:featuredmedia":[{"embeddable":true,"href":"https:\/\/apuntesdesanluis.com\/index.php\/wp-json\/wp\/v2\/media\/25242"}],"wp:attachment":[{"href":"https:\/\/apuntesdesanluis.com\/index.php\/wp-json\/wp\/v2\/media?parent=25241"}],"wp:term":[{"taxonomy":"category","embeddable":true,"href":"https:\/\/apuntesdesanluis.com\/index.php\/wp-json\/wp\/v2\/categories?post=25241"},{"taxonomy":"post_tag","embeddable":true,"href":"https:\/\/apuntesdesanluis.com\/index.php\/wp-json\/wp\/v2\/tags?post=25241"}],"curies":[{"name":"wp","href":"https:\/\/api.w.org\/{rel}","templated":true}]}}