{"id":25250,"date":"2024-11-14T14:07:17","date_gmt":"2024-11-14T17:07:17","guid":{"rendered":"https:\/\/apuntesdesanluis.com\/?p=25250"},"modified":"2024-11-14T14:07:17","modified_gmt":"2024-11-14T17:07:17","slug":"el-gobierno-dio-de-baja-la-jubilacion-y-la-pension-de-privilegio-que-percibe-cristina-kirchner","status":"publish","type":"post","link":"https:\/\/apuntesdesanluis.com\/index.php\/2024\/11\/14\/el-gobierno-dio-de-baja-la-jubilacion-y-la-pension-de-privilegio-que-percibe-cristina-kirchner\/","title":{"rendered":"EL GOBIERNO DIO DE BAJA LA JUBILACI\u00d3N Y LA PENSI\u00d3N DE PRIVILEGIO QUE PERCIBE CRISTINA KIRCHNER"},"content":{"rendered":"<h3>As\u00ed lo inform\u00f3 el vocero presidencial <strong>Manuel Adorni<\/strong>, en la habitual conferencia de prensa, en la que indic\u00f3 la quita supone un ahorro de <strong>$21.827.624,65<\/strong> mensuales, y que la quita alcanzar\u00e1 a otros exfuncionarios condenados.<\/h3>\n<h3>\u201cPor orden del presidente Javier Milei, y detr\u00e1s del trabajo de siempre del Ministerio de Capital Humano, a trav\u00e9s de ANSES, se resolvi\u00f3 dar de baja la asignaci\u00f3n de privilegio, popularmente conocida como jubilaci\u00f3n de privilegio, que la ex presidente <strong>Cristina Fern\u00e1ndez de Kirchner<\/strong> ven\u00eda percibiendo\u201d, sostuvo el funcionario.<\/h3>\n<h3>En la misma l\u00ednea, agreg\u00f3: \u201cTanto en la asignaci\u00f3n personal como en la derivada por pensi\u00f3n del fallecido expresidente <strong>N\u00e9stor Kirchner<\/strong>. Esto significa, para los argentinos, un ahorro, al menos de la asignaci\u00f3n que se cobraba en mano, de unos 21.827.624,65 centavos\u201d.<\/h3>\n<h3>\u201cEl beneficio previsto por la ley 24.018 para ex presidentes y ex vicepresidentes de la Naci\u00f3n, es una asignaci\u00f3n que no tiene car\u00e1cter contributivo y se otorga con car\u00e1cter excepcional y extraordinario como contraprestaci\u00f3n al honor, el m\u00e9rito y el buen desempe\u00f1o en el cargo\u201d, puntualiz\u00f3.<\/h3>\n<h3>Seg\u00fan aclar\u00f3, la titular actual del PJ va a poder percibir &#8220;una pensi\u00f3n y una jubilaci\u00f3n de acuerdo a sus aportes, y no por un adicional por los privilegios\u201d, y vaticin\u00f3 que \u201ces una posibilidad\u201d que la exfuncionaria recurra a la Justicia para frenar la decisi\u00f3n del mandatario.<\/h3>\n<h3>Asimismo, Adorni asegur\u00f3 que tras la condena de la C\u00e1mara de Casaci\u00f3n Penal en la Causa Vialidad por administraci\u00f3n fraudulenta, representa \u201clo contrario al honor, al m\u00e9rito y al buen desempe\u00f1o\u201d. \u201cLa jubilaci\u00f3n a ex mandatarios es un privilegio que no deber\u00eda existir en la Argentina, m\u00e1s a\u00fan si quien la percibe est\u00e1 condenada por estafar de las m\u00e1s altas esferas del poder a millones de argentinos que vieron esfumarse sus esperanzas a manos de la pol\u00edtica\u201d, sentenci\u00f3.<\/h3>\n<h3>A trav\u00e9s de un comunicado oficial, el Ministerio de Capital Humano que conduce la ministra Sandra Pettovello argument\u00f3 que \u201cla baja dispuesta por Resoluci\u00f3n de la ANSES no constituye una sanci\u00f3n accesoria a la condena penal que le fuera impuesta por la justicia\u201d, y la calific\u00f3 como \u201cuna necesaria consecuencia por la indignidad que implica haber sido considerada autora penalmente responsable del delito de administraci\u00f3n fraudulenta en perjuicio de la administraci\u00f3n p\u00fablica\u201d.<\/h3>\n<h3>Para el Presidente, la condena contra la ex vice \u201ctorna inadmisible que pueda seguir percibiendo asignaciones de privilegio que le fueron otorgadas con car\u00e1cter excepcional y extraordinario por un supuesto buen desempe\u00f1o y por el honor del cumplimiento de su funci\u00f3n presidencial\u201d.<\/h3>\n<h3>\u201cUn elemental respeto a la coherencia de la gesti\u00f3n de gobierno y de las consecuencias que debe tener la comisi\u00f3n de esta clase de delitos que atentan contra el sistema democr\u00e1tico (art. 36 CN) por quien tuviera a su cargo los destinos y administraci\u00f3n de la Naci\u00f3n, justifica la medida adoptada\u201d, plantearon.<\/h3>\n<h3><\/h3>\n<h3><\/h3>\n<p>&nbsp;<\/p>\n<p>&nbsp;<\/p>\n","protected":false},"excerpt":{"rendered":"<p>As\u00ed lo inform\u00f3 el vocero presidencial Manuel Adorni, en la habitual conferencia de prensa, en&#8230;<\/p>\n","protected":false},"author":1,"featured_media":25251,"comment_status":"closed","ping_status":"closed","sticky":false,"template":"","format":"standard","meta":{"footnotes":""},"categories":[5],"tags":[],"class_list":["post-25250","post","type-post","status-publish","format-standard","has-post-thumbnail","hentry","category-nacionales-internacionales"],"yoast_head":"<!-- This site is optimized with the Yoast SEO plugin v26.1.1 - https:\/\/yoast.com\/wordpress\/plugins\/seo\/ -->\n<title>EL GOBIERNO DIO DE BAJA LA JUBILACI\u00d3N Y LA PENSI\u00d3N DE PRIVILEGIO QUE PERCIBE CRISTINA KIRCHNER - Apuntes de San Luis<\/title>\n<meta name=\"robots\" content=\"index, follow, max-snippet:-1, max-image-preview:large, max-video-preview:-1\" \/>\n<link rel=\"canonical\" href=\"https:\/\/apuntesdesanluis.com\/index.php\/2024\/11\/14\/el-gobierno-dio-de-baja-la-jubilacion-y-la-pension-de-privilegio-que-percibe-cristina-kirchner\/\" \/>\n<meta property=\"og:locale\" content=\"es_ES\" \/>\n<meta property=\"og:type\" content=\"article\" \/>\n<meta property=\"og:title\" content=\"EL GOBIERNO DIO DE BAJA LA JUBILACI\u00d3N Y LA PENSI\u00d3N DE PRIVILEGIO QUE PERCIBE CRISTINA KIRCHNER - Apuntes de San Luis\" \/>\n<meta property=\"og:description\" content=\"As\u00ed lo inform\u00f3 el vocero presidencial Manuel Adorni, en la habitual conferencia de prensa, en...\" \/>\n<meta property=\"og:url\" content=\"https:\/\/apuntesdesanluis.com\/index.php\/2024\/11\/14\/el-gobierno-dio-de-baja-la-jubilacion-y-la-pension-de-privilegio-que-percibe-cristina-kirchner\/\" \/>\n<meta property=\"og:site_name\" content=\"Apuntes de San Luis\" \/>\n<meta property=\"article:published_time\" content=\"2024-11-14T17:07:17+00:00\" \/>\n<meta property=\"og:image\" content=\"https:\/\/apuntesdesanluis.com\/wp-content\/uploads\/2024\/11\/CRISTINA-Y-MILEI.png\" \/>\n\t<meta property=\"og:image:width\" content=\"989\" \/>\n\t<meta property=\"og:image:height\" content=\"685\" \/>\n\t<meta property=\"og:image:type\" content=\"image\/png\" \/>\n<meta name=\"author\" content=\"apuntesdesanluis.com\" \/>\n<meta name=\"twitter:card\" content=\"summary_large_image\" \/>\n<meta name=\"twitter:label1\" content=\"Escrito por\" \/>\n\t<meta name=\"twitter:data1\" content=\"apuntesdesanluis.com\" \/>\n\t<meta name=\"twitter:label2\" content=\"Tiempo de lectura\" \/>\n\t<meta name=\"twitter:data2\" content=\"3 minutos\" \/>\n<script type=\"application\/ld+json\" class=\"yoast-schema-graph\">{\"@context\":\"https:\/\/schema.org\",\"@graph\":[{\"@type\":\"Article\",\"@id\":\"https:\/\/apuntesdesanluis.com\/index.php\/2024\/11\/14\/el-gobierno-dio-de-baja-la-jubilacion-y-la-pension-de-privilegio-que-percibe-cristina-kirchner\/#article\",\"isPartOf\":{\"@id\":\"https:\/\/apuntesdesanluis.com\/index.php\/2024\/11\/14\/el-gobierno-dio-de-baja-la-jubilacion-y-la-pension-de-privilegio-que-percibe-cristina-kirchner\/\"},\"author\":{\"name\":\"apuntesdesanluis.com\",\"@id\":\"https:\/\/apuntesdesanluis.com\/#\/schema\/person\/b55151d52296fcce64d1a72538a70b90\"},\"headline\":\"EL GOBIERNO DIO DE BAJA LA JUBILACI\u00d3N Y LA PENSI\u00d3N DE PRIVILEGIO QUE PERCIBE CRISTINA KIRCHNER\",\"datePublished\":\"2024-11-14T17:07:17+00:00\",\"mainEntityOfPage\":{\"@id\":\"https:\/\/apuntesdesanluis.com\/index.php\/2024\/11\/14\/el-gobierno-dio-de-baja-la-jubilacion-y-la-pension-de-privilegio-que-percibe-cristina-kirchner\/\"},\"wordCount\":527,\"publisher\":{\"@id\":\"https:\/\/apuntesdesanluis.com\/#\/schema\/person\/b55151d52296fcce64d1a72538a70b90\"},\"image\":{\"@id\":\"https:\/\/apuntesdesanluis.com\/index.php\/2024\/11\/14\/el-gobierno-dio-de-baja-la-jubilacion-y-la-pension-de-privilegio-que-percibe-cristina-kirchner\/#primaryimage\"},\"thumbnailUrl\":\"https:\/\/apuntesdesanluis.com\/wp-content\/uploads\/2024\/11\/CRISTINA-Y-MILEI.png\",\"articleSection\":[\"Nacionales\/Internacionales\"],\"inLanguage\":\"es-AR\"},{\"@type\":\"WebPage\",\"@id\":\"https:\/\/apuntesdesanluis.com\/index.php\/2024\/11\/14\/el-gobierno-dio-de-baja-la-jubilacion-y-la-pension-de-privilegio-que-percibe-cristina-kirchner\/\",\"url\":\"https:\/\/apuntesdesanluis.com\/index.php\/2024\/11\/14\/el-gobierno-dio-de-baja-la-jubilacion-y-la-pension-de-privilegio-que-percibe-cristina-kirchner\/\",\"name\":\"EL GOBIERNO DIO DE BAJA LA JUBILACI\u00d3N Y LA PENSI\u00d3N DE PRIVILEGIO QUE PERCIBE CRISTINA KIRCHNER - Apuntes de San Luis\",\"isPartOf\":{\"@id\":\"https:\/\/apuntesdesanluis.com\/#website\"},\"primaryImageOfPage\":{\"@id\":\"https:\/\/apuntesdesanluis.com\/index.php\/2024\/11\/14\/el-gobierno-dio-de-baja-la-jubilacion-y-la-pension-de-privilegio-que-percibe-cristina-kirchner\/#primaryimage\"},\"image\":{\"@id\":\"https:\/\/apuntesdesanluis.com\/index.php\/2024\/11\/14\/el-gobierno-dio-de-baja-la-jubilacion-y-la-pension-de-privilegio-que-percibe-cristina-kirchner\/#primaryimage\"},\"thumbnailUrl\":\"https:\/\/apuntesdesanluis.com\/wp-content\/uploads\/2024\/11\/CRISTINA-Y-MILEI.png\",\"datePublished\":\"2024-11-14T17:07:17+00:00\",\"breadcrumb\":{\"@id\":\"https:\/\/apuntesdesanluis.com\/index.php\/2024\/11\/14\/el-gobierno-dio-de-baja-la-jubilacion-y-la-pension-de-privilegio-que-percibe-cristina-kirchner\/#breadcrumb\"},\"inLanguage\":\"es-AR\",\"potentialAction\":[{\"@type\":\"ReadAction\",\"target\":[\"https:\/\/apuntesdesanluis.com\/index.php\/2024\/11\/14\/el-gobierno-dio-de-baja-la-jubilacion-y-la-pension-de-privilegio-que-percibe-cristina-kirchner\/\"]}]},{\"@type\":\"ImageObject\",\"inLanguage\":\"es-AR\",\"@id\":\"https:\/\/apuntesdesanluis.com\/index.php\/2024\/11\/14\/el-gobierno-dio-de-baja-la-jubilacion-y-la-pension-de-privilegio-que-percibe-cristina-kirchner\/#primaryimage\",\"url\":\"https:\/\/apuntesdesanluis.com\/wp-content\/uploads\/2024\/11\/CRISTINA-Y-MILEI.png\",\"contentUrl\":\"https:\/\/apuntesdesanluis.com\/wp-content\/uploads\/2024\/11\/CRISTINA-Y-MILEI.png\",\"width\":989,\"height\":685},{\"@type\":\"BreadcrumbList\",\"@id\":\"https:\/\/apuntesdesanluis.com\/index.php\/2024\/11\/14\/el-gobierno-dio-de-baja-la-jubilacion-y-la-pension-de-privilegio-que-percibe-cristina-kirchner\/#breadcrumb\",\"itemListElement\":[{\"@type\":\"ListItem\",\"position\":1,\"name\":\"Inicio\",\"item\":\"https:\/\/apuntesdesanluis.com\/\"},{\"@type\":\"ListItem\",\"position\":2,\"name\":\"EL GOBIERNO DIO DE BAJA LA JUBILACI\u00d3N Y LA PENSI\u00d3N DE PRIVILEGIO QUE PERCIBE CRISTINA KIRCHNER\"}]},{\"@type\":\"WebSite\",\"@id\":\"https:\/\/apuntesdesanluis.com\/#website\",\"url\":\"https:\/\/apuntesdesanluis.com\/\",\"name\":\"Apuntes de San Luis\",\"description\":\"\",\"publisher\":{\"@id\":\"https:\/\/apuntesdesanluis.com\/#\/schema\/person\/b55151d52296fcce64d1a72538a70b90\"},\"potentialAction\":[{\"@type\":\"SearchAction\",\"target\":{\"@type\":\"EntryPoint\",\"urlTemplate\":\"https:\/\/apuntesdesanluis.com\/?s={search_term_string}\"},\"query-input\":{\"@type\":\"PropertyValueSpecification\",\"valueRequired\":true,\"valueName\":\"search_term_string\"}}],\"inLanguage\":\"es-AR\"},{\"@type\":[\"Person\",\"Organization\"],\"@id\":\"https:\/\/apuntesdesanluis.com\/#\/schema\/person\/b55151d52296fcce64d1a72538a70b90\",\"name\":\"apuntesdesanluis.com\",\"image\":{\"@type\":\"ImageObject\",\"inLanguage\":\"es-AR\",\"@id\":\"https:\/\/apuntesdesanluis.com\/#\/schema\/person\/image\/\",\"url\":\"https:\/\/apuntesdesanluis.com\/wp-content\/uploads\/2023\/07\/cropped-apuntesdesanluis.png\",\"contentUrl\":\"https:\/\/apuntesdesanluis.com\/wp-content\/uploads\/2023\/07\/cropped-apuntesdesanluis.png\",\"width\":450,\"height\":112,\"caption\":\"apuntesdesanluis.com\"},\"logo\":{\"@id\":\"https:\/\/apuntesdesanluis.com\/#\/schema\/person\/image\/\"},\"sameAs\":[\"https:\/\/apuntesdesanluis.com\"],\"url\":\"https:\/\/apuntesdesanluis.com\/index.php\/author\/apuntesdesanluis-com\/\"}]}<\/script>\n<!-- \/ Yoast SEO plugin. -->","yoast_head_json":{"title":"EL GOBIERNO DIO DE BAJA LA JUBILACI\u00d3N Y LA PENSI\u00d3N DE PRIVILEGIO QUE PERCIBE CRISTINA KIRCHNER - Apuntes de San Luis","robots":{"index":"index","follow":"follow","max-snippet":"max-snippet:-1","max-image-preview":"max-image-preview:large","max-video-preview":"max-video-preview:-1"},"canonical":"https:\/\/apuntesdesanluis.com\/index.php\/2024\/11\/14\/el-gobierno-dio-de-baja-la-jubilacion-y-la-pension-de-privilegio-que-percibe-cristina-kirchner\/","og_locale":"es_ES","og_type":"article","og_title":"EL GOBIERNO DIO DE BAJA LA JUBILACI\u00d3N Y LA PENSI\u00d3N DE PRIVILEGIO QUE PERCIBE CRISTINA KIRCHNER - Apuntes de San Luis","og_description":"As\u00ed lo inform\u00f3 el vocero presidencial Manuel Adorni, en la habitual conferencia de prensa, en...","og_url":"https:\/\/apuntesdesanluis.com\/index.php\/2024\/11\/14\/el-gobierno-dio-de-baja-la-jubilacion-y-la-pension-de-privilegio-que-percibe-cristina-kirchner\/","og_site_name":"Apuntes de San Luis","article_published_time":"2024-11-14T17:07:17+00:00","og_image":[{"width":989,"height":685,"url":"https:\/\/apuntesdesanluis.com\/wp-content\/uploads\/2024\/11\/CRISTINA-Y-MILEI.png","type":"image\/png"}],"author":"apuntesdesanluis.com","twitter_card":"summary_large_image","twitter_misc":{"Escrito por":"apuntesdesanluis.com","Tiempo de lectura":"3 minutos"},"schema":{"@context":"https:\/\/schema.org","@graph":[{"@type":"Article","@id":"https:\/\/apuntesdesanluis.com\/index.php\/2024\/11\/14\/el-gobierno-dio-de-baja-la-jubilacion-y-la-pension-de-privilegio-que-percibe-cristina-kirchner\/#article","isPartOf":{"@id":"https:\/\/apuntesdesanluis.com\/index.php\/2024\/11\/14\/el-gobierno-dio-de-baja-la-jubilacion-y-la-pension-de-privilegio-que-percibe-cristina-kirchner\/"},"author":{"name":"apuntesdesanluis.com","@id":"https:\/\/apuntesdesanluis.com\/#\/schema\/person\/b55151d52296fcce64d1a72538a70b90"},"headline":"EL GOBIERNO DIO DE BAJA LA JUBILACI\u00d3N Y LA PENSI\u00d3N DE PRIVILEGIO QUE PERCIBE CRISTINA KIRCHNER","datePublished":"2024-11-14T17:07:17+00:00","mainEntityOfPage":{"@id":"https:\/\/apuntesdesanluis.com\/index.php\/2024\/11\/14\/el-gobierno-dio-de-baja-la-jubilacion-y-la-pension-de-privilegio-que-percibe-cristina-kirchner\/"},"wordCount":527,"publisher":{"@id":"https:\/\/apuntesdesanluis.com\/#\/schema\/person\/b55151d52296fcce64d1a72538a70b90"},"image":{"@id":"https:\/\/apuntesdesanluis.com\/index.php\/2024\/11\/14\/el-gobierno-dio-de-baja-la-jubilacion-y-la-pension-de-privilegio-que-percibe-cristina-kirchner\/#primaryimage"},"thumbnailUrl":"https:\/\/apuntesdesanluis.com\/wp-content\/uploads\/2024\/11\/CRISTINA-Y-MILEI.png","articleSection":["Nacionales\/Internacionales"],"inLanguage":"es-AR"},{"@type":"WebPage","@id":"https:\/\/apuntesdesanluis.com\/index.php\/2024\/11\/14\/el-gobierno-dio-de-baja-la-jubilacion-y-la-pension-de-privilegio-que-percibe-cristina-kirchner\/","url":"https:\/\/apuntesdesanluis.com\/index.php\/2024\/11\/14\/el-gobierno-dio-de-baja-la-jubilacion-y-la-pension-de-privilegio-que-percibe-cristina-kirchner\/","name":"EL GOBIERNO DIO DE BAJA LA JUBILACI\u00d3N Y LA PENSI\u00d3N DE PRIVILEGIO QUE PERCIBE CRISTINA KIRCHNER - Apuntes de San Luis","isPartOf":{"@id":"https:\/\/apuntesdesanluis.com\/#website"},"primaryImageOfPage":{"@id":"https:\/\/apuntesdesanluis.com\/index.php\/2024\/11\/14\/el-gobierno-dio-de-baja-la-jubilacion-y-la-pension-de-privilegio-que-percibe-cristina-kirchner\/#primaryimage"},"image":{"@id":"https:\/\/apuntesdesanluis.com\/index.php\/2024\/11\/14\/el-gobierno-dio-de-baja-la-jubilacion-y-la-pension-de-privilegio-que-percibe-cristina-kirchner\/#primaryimage"},"thumbnailUrl":"https:\/\/apuntesdesanluis.com\/wp-content\/uploads\/2024\/11\/CRISTINA-Y-MILEI.png","datePublished":"2024-11-14T17:07:17+00:00","breadcrumb":{"@id":"https:\/\/apuntesdesanluis.com\/index.php\/2024\/11\/14\/el-gobierno-dio-de-baja-la-jubilacion-y-la-pension-de-privilegio-que-percibe-cristina-kirchner\/#breadcrumb"},"inLanguage":"es-AR","potentialAction":[{"@type":"ReadAction","target":["https:\/\/apuntesdesanluis.com\/index.php\/2024\/11\/14\/el-gobierno-dio-de-baja-la-jubilacion-y-la-pension-de-privilegio-que-percibe-cristina-kirchner\/"]}]},{"@type":"ImageObject","inLanguage":"es-AR","@id":"https:\/\/apuntesdesanluis.com\/index.php\/2024\/11\/14\/el-gobierno-dio-de-baja-la-jubilacion-y-la-pension-de-privilegio-que-percibe-cristina-kirchner\/#primaryimage","url":"https:\/\/apuntesdesanluis.com\/wp-content\/uploads\/2024\/11\/CRISTINA-Y-MILEI.png","contentUrl":"https:\/\/apuntesdesanluis.com\/wp-content\/uploads\/2024\/11\/CRISTINA-Y-MILEI.png","width":989,"height":685},{"@type":"BreadcrumbList","@id":"https:\/\/apuntesdesanluis.com\/index.php\/2024\/11\/14\/el-gobierno-dio-de-baja-la-jubilacion-y-la-pension-de-privilegio-que-percibe-cristina-kirchner\/#breadcrumb","itemListElement":[{"@type":"ListItem","position":1,"name":"Inicio","item":"https:\/\/apuntesdesanluis.com\/"},{"@type":"ListItem","position":2,"name":"EL GOBIERNO DIO DE BAJA LA JUBILACI\u00d3N Y LA PENSI\u00d3N DE PRIVILEGIO QUE PERCIBE CRISTINA KIRCHNER"}]},{"@type":"WebSite","@id":"https:\/\/apuntesdesanluis.com\/#website","url":"https:\/\/apuntesdesanluis.com\/","name":"Apuntes de San Luis","description":"","publisher":{"@id":"https:\/\/apuntesdesanluis.com\/#\/schema\/person\/b55151d52296fcce64d1a72538a70b90"},"potentialAction":[{"@type":"SearchAction","target":{"@type":"EntryPoint","urlTemplate":"https:\/\/apuntesdesanluis.com\/?s={search_term_string}"},"query-input":{"@type":"PropertyValueSpecification","valueRequired":true,"valueName":"search_term_string"}}],"inLanguage":"es-AR"},{"@type":["Person","Organization"],"@id":"https:\/\/apuntesdesanluis.com\/#\/schema\/person\/b55151d52296fcce64d1a72538a70b90","name":"apuntesdesanluis.com","image":{"@type":"ImageObject","inLanguage":"es-AR","@id":"https:\/\/apuntesdesanluis.com\/#\/schema\/person\/image\/","url":"https:\/\/apuntesdesanluis.com\/wp-content\/uploads\/2023\/07\/cropped-apuntesdesanluis.png","contentUrl":"https:\/\/apuntesdesanluis.com\/wp-content\/uploads\/2023\/07\/cropped-apuntesdesanluis.png","width":450,"height":112,"caption":"apuntesdesanluis.com"},"logo":{"@id":"https:\/\/apuntesdesanluis.com\/#\/schema\/person\/image\/"},"sameAs":["https:\/\/apuntesdesanluis.com"],"url":"https:\/\/apuntesdesanluis.com\/index.php\/author\/apuntesdesanluis-com\/"}]}},"featured_image_urls":{"full":["https:\/\/apuntesdesanluis.com\/wp-content\/uploads\/2024\/11\/CRISTINA-Y-MILEI.png",989,685,false],"thumbnail":["https:\/\/apuntesdesanluis.com\/wp-content\/uploads\/2024\/11\/CRISTINA-Y-MILEI-150x150.png",150,150,true],"medium":["https:\/\/apuntesdesanluis.com\/wp-content\/uploads\/2024\/11\/CRISTINA-Y-MILEI-300x208.png",300,208,true],"medium_large":["https:\/\/apuntesdesanluis.com\/wp-content\/uploads\/2024\/11\/CRISTINA-Y-MILEI-768x532.png",640,443,true],"large":["https:\/\/apuntesdesanluis.com\/wp-content\/uploads\/2024\/11\/CRISTINA-Y-MILEI.png",640,443,false],"1536x1536":["https:\/\/apuntesdesanluis.com\/wp-content\/uploads\/2024\/11\/CRISTINA-Y-MILEI.png",989,685,false],"2048x2048":["https:\/\/apuntesdesanluis.com\/wp-content\/uploads\/2024\/11\/CRISTINA-Y-MILEI.png",989,685,false],"newsever-slider-full":["https:\/\/apuntesdesanluis.com\/wp-content\/uploads\/2024\/11\/CRISTINA-Y-MILEI.png",989,685,false],"newsever-featured":["https:\/\/apuntesdesanluis.com\/wp-content\/uploads\/2024\/11\/CRISTINA-Y-MILEI.png",989,685,false],"newsever-medium":["https:\/\/apuntesdesanluis.com\/wp-content\/uploads\/2024\/11\/CRISTINA-Y-MILEI-720x475.png",720,475,true]},"author_info":{"display_name":"apuntesdesanluis.com","author_link":"https:\/\/apuntesdesanluis.com\/index.php\/author\/apuntesdesanluis-com\/"},"category_info":"<a href=\"https:\/\/apuntesdesanluis.com\/index.php\/category\/nacionales-internacionales\/\" rel=\"category tag\">Nacionales\/Internacionales<\/a>","tag_info":"Nacionales\/Internacionales","comment_count":"0","_links":{"self":[{"href":"https:\/\/apuntesdesanluis.com\/index.php\/wp-json\/wp\/v2\/posts\/25250","targetHints":{"allow":["GET"]}}],"collection":[{"href":"https:\/\/apuntesdesanluis.com\/index.php\/wp-json\/wp\/v2\/posts"}],"about":[{"href":"https:\/\/apuntesdesanluis.com\/index.php\/wp-json\/wp\/v2\/types\/post"}],"author":[{"embeddable":true,"href":"https:\/\/apuntesdesanluis.com\/index.php\/wp-json\/wp\/v2\/users\/1"}],"replies":[{"embeddable":true,"href":"https:\/\/apuntesdesanluis.com\/index.php\/wp-json\/wp\/v2\/comments?post=25250"}],"version-history":[{"count":1,"href":"https:\/\/apuntesdesanluis.com\/index.php\/wp-json\/wp\/v2\/posts\/25250\/revisions"}],"predecessor-version":[{"id":25252,"href":"https:\/\/apuntesdesanluis.com\/index.php\/wp-json\/wp\/v2\/posts\/25250\/revisions\/25252"}],"wp:featuredmedia":[{"embeddable":true,"href":"https:\/\/apuntesdesanluis.com\/index.php\/wp-json\/wp\/v2\/media\/25251"}],"wp:attachment":[{"href":"https:\/\/apuntesdesanluis.com\/index.php\/wp-json\/wp\/v2\/media?parent=25250"}],"wp:term":[{"taxonomy":"category","embeddable":true,"href":"https:\/\/apuntesdesanluis.com\/index.php\/wp-json\/wp\/v2\/categories?post=25250"},{"taxonomy":"post_tag","embeddable":true,"href":"https:\/\/apuntesdesanluis.com\/index.php\/wp-json\/wp\/v2\/tags?post=25250"}],"curies":[{"name":"wp","href":"https:\/\/api.w.org\/{rel}","templated":true}]}}