{"id":25272,"date":"2024-11-15T21:14:58","date_gmt":"2024-11-16T00:14:58","guid":{"rendered":"https:\/\/apuntesdesanluis.com\/?p=25272"},"modified":"2024-11-15T21:32:38","modified_gmt":"2024-11-16T00:32:38","slug":"allanan-las-casas-de-anabela-lucero-y-su-pareja-el-diputado-joaquin-beltran","status":"publish","type":"post","link":"https:\/\/apuntesdesanluis.com\/index.php\/2024\/11\/15\/allanan-las-casas-de-anabela-lucero-y-su-pareja-el-diputado-joaquin-beltran\/","title":{"rendered":"ALLANAN LAS CASAS DE ANABELA LUCERO Y SU PAREJA, EL DIPUTADO JOAQU\u00cdN BELTR\u00c1N"},"content":{"rendered":"<h3>La Justicia llev\u00f3 adelante este viernes por la ma\u00f1ana ocho allanamientos simult\u00e1neos en Villa Mercedes, en el marco de la causa que investiga el vaciamiento del Molino F\u00e9nix y La Casa de la M\u00fasica.<\/h3>\n<h3>Entre los domicilios requisados figuran los del diputado provincial <strong>Joaqu\u00edn Beltr\u00e1n<\/strong>, de la ex diputada y funcionaria <strong>Anabela Lucero<\/strong>, su hermano <strong>Enzo Lucero<\/strong> y otras personas investigadas por los delitos de violaci\u00f3n a los deberes de funcionario p\u00fablico, malversaci\u00f3n de caudales p\u00fablicos y peculado.<\/h3>\n<h3>En el caso de la ex candidata a intendenta de Villa Mercedes, el operativo se llev\u00f3 a cabo en el barrio 1000 Viviendas, espec\u00edficamente en la intersecci\u00f3n de Granaderos Puntanos y San Luis, en la Manzana 2855, Casa 5. Su \u201ccasita\u201d se distingue claramente del resto, por las costosas ampliaciones que presenta.<\/h3>\n<h3><img fetchpriority=\"high\" decoding=\"async\" class=\"wp-image-25274 aligncenter\" src=\"https:\/\/apuntesdesanluis.com\/wp-content\/uploads\/2024\/11\/casita-DE-ANABELA-300x165.png\" alt=\"\" width=\"647\" height=\"356\" srcset=\"https:\/\/apuntesdesanluis.com\/wp-content\/uploads\/2024\/11\/casita-DE-ANABELA-300x165.png 300w, https:\/\/apuntesdesanluis.com\/wp-content\/uploads\/2024\/11\/casita-DE-ANABELA.png 487w\" sizes=\"(max-width: 647px) 100vw, 647px\" \/><\/h3>\n<h3>La causa se inici\u00f3 a partir que el secretario de \u00c9tica P\u00fablica y Control de Gesti\u00f3n, <strong>Ricardo Bazla<\/strong>, llev\u00f3 adelante una investigaci\u00f3n y dispuso auditorias contables y legales en la Casa de la M\u00fasica y el Molino F\u00e9nix. El resultado fue un sinn\u00famero de irregularidades, y eso dio lugar a una presentaci\u00f3n en la Justicia que hizo la conducci\u00f3n del complejo.<\/h3>\n<h3>La ex legisladora es sospechosa porque administraba pol\u00edticamente el lugar, junto al actual diputado Joaqu\u00edn Beltr\u00e1n, que es su pareja y se desempe\u00f1\u00f3 antes como director del complejo hasta el cambio de gesti\u00f3n.<\/h3>\n<p><img decoding=\"async\" class=\"wp-image-25275 aligncenter\" src=\"https:\/\/apuntesdesanluis.com\/wp-content\/uploads\/2024\/11\/ANABELA-Y-JOAQUIN-300x244.png\" alt=\"\" width=\"647\" height=\"526\" srcset=\"https:\/\/apuntesdesanluis.com\/wp-content\/uploads\/2024\/11\/ANABELA-Y-JOAQUIN-300x244.png 300w, https:\/\/apuntesdesanluis.com\/wp-content\/uploads\/2024\/11\/ANABELA-Y-JOAQUIN.png 403w\" sizes=\"(max-width: 647px) 100vw, 647px\" \/><\/p>\n<h3>Beltr\u00e1n, el hermano de ella, Enzo Lucero (jefe de Eventos), <strong>Exequiel Alberto Scarel<\/strong> (coordinador de la Casa de la M\u00fasica) y <strong>Diego Emanuel Torres<\/strong> (coordinador de Teatro), figuran en la denuncia como sospechosos de cometer los delitos de violaci\u00f3n a los deberes de funcionario p\u00fablico, malversaci\u00f3n de caudales p\u00fablicos y peculado.<\/h3>\n<h3>Desde entonces la causa est\u00e1 en manos del fiscal <strong>Jos\u00e9 Olgu\u00edn<\/strong>, e interviene el juez Santiago Ortiz. El primero formul\u00f3 declaraciones a FM Latina 103.9.<\/h3>\n<div style=\"width: 640px;\" class=\"wp-video\"><!--[if lt IE 9]><script>document.createElement('video');<\/script><![endif]-->\n<video class=\"wp-video-shortcode\" id=\"video-25272-1\" width=\"640\" height=\"360\" preload=\"metadata\" controls=\"controls\"><source type=\"video\/mp4\" src=\"https:\/\/apuntesdesanluis.com\/wp-content\/uploads\/2024\/11\/AQMD5gtNDgErPDJz7yM4GBL67TKP9Ndtyc9ha6ioVtbaSSWA0oVZAcA__uvccyiM05HxMh6Qbza3vVuJguBTNCCc.mp4?_=1\" \/><a href=\"https:\/\/apuntesdesanluis.com\/wp-content\/uploads\/2024\/11\/AQMD5gtNDgErPDJz7yM4GBL67TKP9Ndtyc9ha6ioVtbaSSWA0oVZAcA__uvccyiM05HxMh6Qbza3vVuJguBTNCCc.mp4\">https:\/\/apuntesdesanluis.com\/wp-content\/uploads\/2024\/11\/AQMD5gtNDgErPDJz7yM4GBL67TKP9Ndtyc9ha6ioVtbaSSWA0oVZAcA__uvccyiM05HxMh6Qbza3vVuJguBTNCCc.mp4<\/a><\/video><\/div>\n<h3>Por lo que pudo saberse, se requisaron al mismo tiempo siete propiedades, entre ellas est\u00e1n la casa de Anabela Lucero, en el barrio 500 Viviendas, y un sal\u00f3n de eventos.<\/h3>\n<h3>Lo que buscaba la Justicia son los elementos electr\u00f3nicos que fueron robados de la Casa de la M\u00fasica unos d\u00edas antes de que asumiera la nueva gesti\u00f3n. La acusaci\u00f3n sostiene que dentro de las irregularidades detectadas a partir del 10 de diciembre est\u00e1 \u201cel vaciamiento de las instalaciones\u201d y expone el faltante de equipos y mobiliarios.<\/h3>\n<p><img decoding=\"async\" class=\"wp-image-25278 aligncenter\" src=\"https:\/\/apuntesdesanluis.com\/wp-content\/uploads\/2024\/11\/BETBEDER-300x171.png\" alt=\"\" width=\"663\" height=\"378\" srcset=\"https:\/\/apuntesdesanluis.com\/wp-content\/uploads\/2024\/11\/BETBEDER-300x171.png 300w, https:\/\/apuntesdesanluis.com\/wp-content\/uploads\/2024\/11\/BETBEDER.png 488w\" sizes=\"(max-width: 663px) 100vw, 663px\" \/><\/p>\n<h4 style=\"text-align: center;\"><em>Otro allanamiento se realiz\u00f3 en una casona cercana a calle Betbeder.<\/em><\/h4>\n<h3>La denuncia expuso con im\u00e1genes las situaciones m\u00e1s graves detectadas el 8 y 9 de diciembre del a\u00f1o pasado, cuando en una camioneta Toyota Hilux y un Citr\u00f6en Berlingo que ten\u00eda a disposici\u00f3n el Complejo, \u201cse cargaron innumerables equipos de la Casa de la M\u00fasica saliendo por el port\u00f3n de calle Pueyrred\u00f3n, con destino a un taller de montajes industriales Tecmetal SRL, ubicado en colectora sur, kil\u00f3metro 696 de la Autopista de las Serran\u00edas Puntanas\u201d.<\/h3>\n<h3>Ese predio, de acuerdo a la presentaci\u00f3n, era com\u00fanmente usado por Beltr\u00e1n \u201cpara depositar mercader\u00eda y elementos que fueron repartidos durante la campa\u00f1a electoral\u201d, ya que el lugar le pertenecer\u00eda a un amigo.<\/h3>\n<p><img loading=\"lazy\" decoding=\"async\" class=\"wp-image-25277 aligncenter\" src=\"https:\/\/apuntesdesanluis.com\/wp-content\/uploads\/2024\/11\/ALLANAMIENTO-OITRO-300x183.png\" alt=\"\" width=\"659\" height=\"402\" srcset=\"https:\/\/apuntesdesanluis.com\/wp-content\/uploads\/2024\/11\/ALLANAMIENTO-OITRO-300x183.png 300w, https:\/\/apuntesdesanluis.com\/wp-content\/uploads\/2024\/11\/ALLANAMIENTO-OITRO.png 759w\" sizes=\"(max-width: 659px) 100vw, 659px\" \/><\/p>\n<h3>La causa que involucra a Anabela Lucero mantiene en vilo a la oposici\u00f3n, especialmente por tratarse de una &#8220;mimada&#8221; de <strong>Alberto Rodr\u00edguez Sa\u00e1<\/strong> y su hijo, con quienes mantiene una estrecha vinculaci\u00f3n. De hecho, figura como primer consejera titular del Consejo Provincial del Partido Justicialista, en la lista que ser\u00e1 proclamada en 15 d\u00edas.<\/h3>\n<p><img loading=\"lazy\" decoding=\"async\" class=\"wp-image-25285 aligncenter\" src=\"https:\/\/apuntesdesanluis.com\/wp-content\/uploads\/2024\/11\/alberto-300x232.png\" alt=\"\" width=\"673\" height=\"520\" srcset=\"https:\/\/apuntesdesanluis.com\/wp-content\/uploads\/2024\/11\/alberto-300x232.png 300w, https:\/\/apuntesdesanluis.com\/wp-content\/uploads\/2024\/11\/alberto.png 580w\" sizes=\"(max-width: 673px) 100vw, 673px\" \/><\/p>\n<h3><strong>DENUNCIA<\/strong><\/h3>\n<h3>La acusaci\u00f3n incluye el testimonio de los empleados que eran \u201cobligados\u201d a trasladar los alimentos hasta la sede partidaria de Lucero, ubicada sobre calle Pringles, frente al Frigor\u00edfico Quickfood. En ese momento era la candidata por el oficialismo a intendenta en las elecciones que gan\u00f3 Maximiliano Frontera.<\/h3>\n<h3>De acuerdo a la documentaci\u00f3n, el 9 de diciembre, Beltr\u00e1n y Scarel llegaron al complejo sorpresivamente y \u201cde manera agresiva\u201d le solicitaron las llaves de los estudios de grabaci\u00f3n a un empleado. Antes \u201cdesconectaron el sistema de c\u00e1maras\u201d para que no quedara registrado ning\u00fan movimiento. As\u00ed fue que comenzaron a \u201ccargar equipos sin ninguna justificaci\u00f3n\u201d.<\/h3>\n<h3>Pudieron acreditar que faltaba una consola de sonido, cajas lanza humo, equipos de lanza papel picado, torres de sonido e iluminaci\u00f3n. Hay fotos que muestran que \u201ccargaron una mesa de vidrio con 12 sillas y sillones varios\u201d.<\/h3>\n<h3>Cuando Lucero \u201cestaba refaccionando su casa, ella y su familia se instalaron a vivir en las suites y habitaciones\u201d que tiene el lugar y que est\u00e1n destinadas para hospedar a los artistas, consta tambi\u00e9n en la denuncia.<\/h3>\n<h3><strong>RESULTADOS<\/strong><\/h3>\n<h3>El fiscal Olgu\u00edn afirm\u00f3 que se obtuvo prueba documental, entre otras cosas que deber\u00e1n ser ahora reconocidas. Y que hay \u201cuna p\u00e1gina y media\u201d con elementos que se perdieron del interior del predio, entre los que hay equipamiento musical, de prensa (como c\u00e1maras) y mobiliario de diferentes sectores.<\/h3>\n<h3>En las instalaciones no hab\u00eda registros de los eventos que se realizaron, que en su momento fueron gran envergadura como \u201cRock en la Casa\u201d que tuvo cuatro ediciones, entre otros.<\/h3>\n<h3>Si bien pasadas las 14 los operativos todav\u00eda no conclu\u00edan, se supo que hab\u00edan secuestrado tambi\u00e9n objetos t\u00e9cnicos, entre ellos una consola, y soportes de iluminaci\u00f3n y sonido.<\/h3>\n<h3><img loading=\"lazy\" decoding=\"async\" class=\"wp-image-25279 aligncenter\" src=\"https:\/\/apuntesdesanluis.com\/wp-content\/uploads\/2024\/11\/ELEMENTOS-SECUESTRADOS-300x188.png\" alt=\"\" width=\"681\" height=\"427\" srcset=\"https:\/\/apuntesdesanluis.com\/wp-content\/uploads\/2024\/11\/ELEMENTOS-SECUESTRADOS-300x188.png 300w, https:\/\/apuntesdesanluis.com\/wp-content\/uploads\/2024\/11\/ELEMENTOS-SECUESTRADOS-768x482.png 768w, https:\/\/apuntesdesanluis.com\/wp-content\/uploads\/2024\/11\/ELEMENTOS-SECUESTRADOS.png 974w\" sizes=\"(max-width: 681px) 100vw, 681px\" \/><\/h3>\n<h4 style=\"text-align: center;\"><em>(Imagen tomada de El Chorrillero).<\/em><\/h4>\n<h3>\u201cTenemos mucha seguridad lo que hacemos, y hay otras causas en tr\u00e1mite, por lo tanto, los procedimientos van a continuar la semana que viene. Tenemos un organigrama de medidas a ejecutar\u201d, dijo el fiscal, con lo cual no descart\u00f3 nuevos allanamientos y secuestros.<\/h3>\n<h3>\u201cHay una innumerable cantidad de testigos y suficiente evidencia para justificar allanamientos y la formulaci\u00f3n de cargos, que no ser\u00e1 inmediata\u201d, a\u00f1adi\u00f3.<\/h3>\n<h3>Los cuatro sospechosos fueron notificados por los delitos que son investigados, en principio por peculado y administraci\u00f3n fraudulenta, ocurridos d\u00edas antes de que dejaran sus cargos.<\/h3>\n<p><img loading=\"lazy\" decoding=\"async\" class=\"wp-image-25280 aligncenter\" src=\"https:\/\/apuntesdesanluis.com\/wp-content\/uploads\/2024\/11\/ALLANAMIENTOS-300x156.png\" alt=\"\" width=\"606\" height=\"315\" srcset=\"https:\/\/apuntesdesanluis.com\/wp-content\/uploads\/2024\/11\/ALLANAMIENTOS-300x156.png 300w, https:\/\/apuntesdesanluis.com\/wp-content\/uploads\/2024\/11\/ALLANAMIENTOS.png 669w\" sizes=\"(max-width: 606px) 100vw, 606px\" \/><\/p>\n<h3>Las otras causas a las que se refiere Olgu\u00edn, una tendr\u00eda que ver con \u201cla utilizaci\u00f3n de elementos p\u00fablicos para fines privados\u201d. Lo que tratar\u00e1n de establecer, entre otras cosas, es si las instalaciones que estaban destinadas para la estad\u00eda de los artistas que grababan en La Casa de la M\u00fasica, se alquilaban a terceros como un negocio paralelo, como un hotel.<\/h3>\n<h3>Son 6 habitaciones equipadas con ropa de cama y electrodom\u00e9sticos, que tambi\u00e9n est\u00e1n entre los faltantes (hasta las s\u00e1banas).<\/h3>\n<p>&nbsp;<\/p>\n<h3><span style=\"color: #3366ff;\"><strong>NOTICIA RELACIONADA:<\/strong><\/span><\/h3>\n<p><a href=\"https:\/\/apuntesdesanluis.com\/index.php\/2024\/04\/05\/severa-denuncia-penal-contra-el-diputado-beltran-por-vaciamiento-del-molino-fenix\/\" target=\"_blank\" rel=\"noopener\"><img loading=\"lazy\" decoding=\"async\" class=\"alignnone wp-image-25287\" src=\"https:\/\/apuntesdesanluis.com\/wp-content\/uploads\/2024\/11\/posteo-4-300x100.png\" alt=\"\" width=\"462\" height=\"154\" srcset=\"https:\/\/apuntesdesanluis.com\/wp-content\/uploads\/2024\/11\/posteo-4-300x100.png 300w, https:\/\/apuntesdesanluis.com\/wp-content\/uploads\/2024\/11\/posteo-4-1024x343.png 1024w, https:\/\/apuntesdesanluis.com\/wp-content\/uploads\/2024\/11\/posteo-4-768x257.png 768w, https:\/\/apuntesdesanluis.com\/wp-content\/uploads\/2024\/11\/posteo-4.png 1494w\" sizes=\"(max-width: 462px) 100vw, 462px\" \/><\/a><\/p>\n<p>&nbsp;<\/p>\n<p>&nbsp;<\/p>\n<p>&nbsp;<\/p>\n<p>&nbsp;<\/p>\n","protected":false},"excerpt":{"rendered":"<p>La Justicia llev\u00f3 adelante este viernes por la ma\u00f1ana ocho allanamientos simult\u00e1neos en Villa Mercedes,&#8230;<\/p>\n","protected":false},"author":1,"featured_media":25273,"comment_status":"closed","ping_status":"closed","sticky":false,"template":"","format":"standard","meta":{"footnotes":""},"categories":[6],"tags":[],"class_list":["post-25272","post","type-post","status-publish","format-standard","has-post-thumbnail","hentry","category-ciudad-provincia"],"yoast_head":"<!-- This site is optimized with the Yoast SEO plugin v26.1.1 - https:\/\/yoast.com\/wordpress\/plugins\/seo\/ -->\n<title>ALLANAN LAS CASAS DE ANABELA LUCERO Y SU PAREJA, EL DIPUTADO JOAQU\u00cdN BELTR\u00c1N - Apuntes de San Luis<\/title>\n<meta name=\"robots\" content=\"index, follow, max-snippet:-1, max-image-preview:large, max-video-preview:-1\" \/>\n<link rel=\"canonical\" href=\"https:\/\/apuntesdesanluis.com\/index.php\/2024\/11\/15\/allanan-las-casas-de-anabela-lucero-y-su-pareja-el-diputado-joaquin-beltran\/\" \/>\n<meta property=\"og:locale\" content=\"es_ES\" \/>\n<meta property=\"og:type\" content=\"article\" \/>\n<meta property=\"og:title\" content=\"ALLANAN LAS CASAS DE ANABELA LUCERO Y SU PAREJA, EL DIPUTADO JOAQU\u00cdN BELTR\u00c1N - Apuntes de San Luis\" \/>\n<meta property=\"og:description\" content=\"La Justicia llev\u00f3 adelante este viernes por la ma\u00f1ana ocho allanamientos simult\u00e1neos en Villa Mercedes,...\" \/>\n<meta property=\"og:url\" content=\"https:\/\/apuntesdesanluis.com\/index.php\/2024\/11\/15\/allanan-las-casas-de-anabela-lucero-y-su-pareja-el-diputado-joaquin-beltran\/\" \/>\n<meta property=\"og:site_name\" content=\"Apuntes de San Luis\" \/>\n<meta property=\"article:published_time\" content=\"2024-11-16T00:14:58+00:00\" \/>\n<meta property=\"article:modified_time\" content=\"2024-11-16T00:32:38+00:00\" \/>\n<meta property=\"og:image\" content=\"https:\/\/apuntesdesanluis.com\/wp-content\/uploads\/2024\/11\/casi-de-anabela.png\" \/>\n\t<meta property=\"og:image:width\" content=\"600\" \/>\n\t<meta property=\"og:image:height\" content=\"344\" \/>\n\t<meta property=\"og:image:type\" content=\"image\/png\" \/>\n<meta name=\"author\" content=\"apuntesdesanluis.com\" \/>\n<meta name=\"twitter:card\" content=\"summary_large_image\" \/>\n<meta name=\"twitter:label1\" content=\"Escrito por\" \/>\n\t<meta name=\"twitter:data1\" content=\"apuntesdesanluis.com\" \/>\n\t<meta name=\"twitter:label2\" content=\"Tiempo de lectura\" \/>\n\t<meta name=\"twitter:data2\" content=\"7 minutos\" \/>\n<script type=\"application\/ld+json\" class=\"yoast-schema-graph\">{\"@context\":\"https:\/\/schema.org\",\"@graph\":[{\"@type\":\"Article\",\"@id\":\"https:\/\/apuntesdesanluis.com\/index.php\/2024\/11\/15\/allanan-las-casas-de-anabela-lucero-y-su-pareja-el-diputado-joaquin-beltran\/#article\",\"isPartOf\":{\"@id\":\"https:\/\/apuntesdesanluis.com\/index.php\/2024\/11\/15\/allanan-las-casas-de-anabela-lucero-y-su-pareja-el-diputado-joaquin-beltran\/\"},\"author\":{\"name\":\"apuntesdesanluis.com\",\"@id\":\"https:\/\/apuntesdesanluis.com\/#\/schema\/person\/b55151d52296fcce64d1a72538a70b90\"},\"headline\":\"ALLANAN LAS CASAS DE ANABELA LUCERO Y SU PAREJA, EL DIPUTADO JOAQU\u00cdN BELTR\u00c1N\",\"datePublished\":\"2024-11-16T00:14:58+00:00\",\"dateModified\":\"2024-11-16T00:32:38+00:00\",\"mainEntityOfPage\":{\"@id\":\"https:\/\/apuntesdesanluis.com\/index.php\/2024\/11\/15\/allanan-las-casas-de-anabela-lucero-y-su-pareja-el-diputado-joaquin-beltran\/\"},\"wordCount\":1149,\"publisher\":{\"@id\":\"https:\/\/apuntesdesanluis.com\/#\/schema\/person\/b55151d52296fcce64d1a72538a70b90\"},\"image\":{\"@id\":\"https:\/\/apuntesdesanluis.com\/index.php\/2024\/11\/15\/allanan-las-casas-de-anabela-lucero-y-su-pareja-el-diputado-joaquin-beltran\/#primaryimage\"},\"thumbnailUrl\":\"https:\/\/apuntesdesanluis.com\/wp-content\/uploads\/2024\/11\/casi-de-anabela.png\",\"articleSection\":[\"Ciudad\/Provincia\"],\"inLanguage\":\"es-AR\"},{\"@type\":\"WebPage\",\"@id\":\"https:\/\/apuntesdesanluis.com\/index.php\/2024\/11\/15\/allanan-las-casas-de-anabela-lucero-y-su-pareja-el-diputado-joaquin-beltran\/\",\"url\":\"https:\/\/apuntesdesanluis.com\/index.php\/2024\/11\/15\/allanan-las-casas-de-anabela-lucero-y-su-pareja-el-diputado-joaquin-beltran\/\",\"name\":\"ALLANAN LAS CASAS DE ANABELA LUCERO Y SU PAREJA, EL DIPUTADO JOAQU\u00cdN BELTR\u00c1N - Apuntes de San Luis\",\"isPartOf\":{\"@id\":\"https:\/\/apuntesdesanluis.com\/#website\"},\"primaryImageOfPage\":{\"@id\":\"https:\/\/apuntesdesanluis.com\/index.php\/2024\/11\/15\/allanan-las-casas-de-anabela-lucero-y-su-pareja-el-diputado-joaquin-beltran\/#primaryimage\"},\"image\":{\"@id\":\"https:\/\/apuntesdesanluis.com\/index.php\/2024\/11\/15\/allanan-las-casas-de-anabela-lucero-y-su-pareja-el-diputado-joaquin-beltran\/#primaryimage\"},\"thumbnailUrl\":\"https:\/\/apuntesdesanluis.com\/wp-content\/uploads\/2024\/11\/casi-de-anabela.png\",\"datePublished\":\"2024-11-16T00:14:58+00:00\",\"dateModified\":\"2024-11-16T00:32:38+00:00\",\"breadcrumb\":{\"@id\":\"https:\/\/apuntesdesanluis.com\/index.php\/2024\/11\/15\/allanan-las-casas-de-anabela-lucero-y-su-pareja-el-diputado-joaquin-beltran\/#breadcrumb\"},\"inLanguage\":\"es-AR\",\"potentialAction\":[{\"@type\":\"ReadAction\",\"target\":[\"https:\/\/apuntesdesanluis.com\/index.php\/2024\/11\/15\/allanan-las-casas-de-anabela-lucero-y-su-pareja-el-diputado-joaquin-beltran\/\"]}]},{\"@type\":\"ImageObject\",\"inLanguage\":\"es-AR\",\"@id\":\"https:\/\/apuntesdesanluis.com\/index.php\/2024\/11\/15\/allanan-las-casas-de-anabela-lucero-y-su-pareja-el-diputado-joaquin-beltran\/#primaryimage\",\"url\":\"https:\/\/apuntesdesanluis.com\/wp-content\/uploads\/2024\/11\/casi-de-anabela.png\",\"contentUrl\":\"https:\/\/apuntesdesanluis.com\/wp-content\/uploads\/2024\/11\/casi-de-anabela.png\",\"width\":600,\"height\":344},{\"@type\":\"BreadcrumbList\",\"@id\":\"https:\/\/apuntesdesanluis.com\/index.php\/2024\/11\/15\/allanan-las-casas-de-anabela-lucero-y-su-pareja-el-diputado-joaquin-beltran\/#breadcrumb\",\"itemListElement\":[{\"@type\":\"ListItem\",\"position\":1,\"name\":\"Inicio\",\"item\":\"https:\/\/apuntesdesanluis.com\/\"},{\"@type\":\"ListItem\",\"position\":2,\"name\":\"ALLANAN LAS CASAS DE ANABELA LUCERO Y SU PAREJA, EL DIPUTADO JOAQU\u00cdN BELTR\u00c1N\"}]},{\"@type\":\"WebSite\",\"@id\":\"https:\/\/apuntesdesanluis.com\/#website\",\"url\":\"https:\/\/apuntesdesanluis.com\/\",\"name\":\"Apuntes de San Luis\",\"description\":\"\",\"publisher\":{\"@id\":\"https:\/\/apuntesdesanluis.com\/#\/schema\/person\/b55151d52296fcce64d1a72538a70b90\"},\"potentialAction\":[{\"@type\":\"SearchAction\",\"target\":{\"@type\":\"EntryPoint\",\"urlTemplate\":\"https:\/\/apuntesdesanluis.com\/?s={search_term_string}\"},\"query-input\":{\"@type\":\"PropertyValueSpecification\",\"valueRequired\":true,\"valueName\":\"search_term_string\"}}],\"inLanguage\":\"es-AR\"},{\"@type\":[\"Person\",\"Organization\"],\"@id\":\"https:\/\/apuntesdesanluis.com\/#\/schema\/person\/b55151d52296fcce64d1a72538a70b90\",\"name\":\"apuntesdesanluis.com\",\"image\":{\"@type\":\"ImageObject\",\"inLanguage\":\"es-AR\",\"@id\":\"https:\/\/apuntesdesanluis.com\/#\/schema\/person\/image\/\",\"url\":\"https:\/\/apuntesdesanluis.com\/wp-content\/uploads\/2023\/07\/cropped-apuntesdesanluis.png\",\"contentUrl\":\"https:\/\/apuntesdesanluis.com\/wp-content\/uploads\/2023\/07\/cropped-apuntesdesanluis.png\",\"width\":450,\"height\":112,\"caption\":\"apuntesdesanluis.com\"},\"logo\":{\"@id\":\"https:\/\/apuntesdesanluis.com\/#\/schema\/person\/image\/\"},\"sameAs\":[\"https:\/\/apuntesdesanluis.com\"],\"url\":\"https:\/\/apuntesdesanluis.com\/index.php\/author\/apuntesdesanluis-com\/\"}]}<\/script>\n<!-- \/ Yoast SEO plugin. -->","yoast_head_json":{"title":"ALLANAN LAS CASAS DE ANABELA LUCERO Y SU PAREJA, EL DIPUTADO JOAQU\u00cdN BELTR\u00c1N - Apuntes de San Luis","robots":{"index":"index","follow":"follow","max-snippet":"max-snippet:-1","max-image-preview":"max-image-preview:large","max-video-preview":"max-video-preview:-1"},"canonical":"https:\/\/apuntesdesanluis.com\/index.php\/2024\/11\/15\/allanan-las-casas-de-anabela-lucero-y-su-pareja-el-diputado-joaquin-beltran\/","og_locale":"es_ES","og_type":"article","og_title":"ALLANAN LAS CASAS DE ANABELA LUCERO Y SU PAREJA, EL DIPUTADO JOAQU\u00cdN BELTR\u00c1N - Apuntes de San Luis","og_description":"La Justicia llev\u00f3 adelante este viernes por la ma\u00f1ana ocho allanamientos simult\u00e1neos en Villa Mercedes,...","og_url":"https:\/\/apuntesdesanluis.com\/index.php\/2024\/11\/15\/allanan-las-casas-de-anabela-lucero-y-su-pareja-el-diputado-joaquin-beltran\/","og_site_name":"Apuntes de San Luis","article_published_time":"2024-11-16T00:14:58+00:00","article_modified_time":"2024-11-16T00:32:38+00:00","og_image":[{"width":600,"height":344,"url":"https:\/\/apuntesdesanluis.com\/wp-content\/uploads\/2024\/11\/casi-de-anabela.png","type":"image\/png"}],"author":"apuntesdesanluis.com","twitter_card":"summary_large_image","twitter_misc":{"Escrito por":"apuntesdesanluis.com","Tiempo de lectura":"7 minutos"},"schema":{"@context":"https:\/\/schema.org","@graph":[{"@type":"Article","@id":"https:\/\/apuntesdesanluis.com\/index.php\/2024\/11\/15\/allanan-las-casas-de-anabela-lucero-y-su-pareja-el-diputado-joaquin-beltran\/#article","isPartOf":{"@id":"https:\/\/apuntesdesanluis.com\/index.php\/2024\/11\/15\/allanan-las-casas-de-anabela-lucero-y-su-pareja-el-diputado-joaquin-beltran\/"},"author":{"name":"apuntesdesanluis.com","@id":"https:\/\/apuntesdesanluis.com\/#\/schema\/person\/b55151d52296fcce64d1a72538a70b90"},"headline":"ALLANAN LAS CASAS DE ANABELA LUCERO Y SU PAREJA, EL DIPUTADO JOAQU\u00cdN BELTR\u00c1N","datePublished":"2024-11-16T00:14:58+00:00","dateModified":"2024-11-16T00:32:38+00:00","mainEntityOfPage":{"@id":"https:\/\/apuntesdesanluis.com\/index.php\/2024\/11\/15\/allanan-las-casas-de-anabela-lucero-y-su-pareja-el-diputado-joaquin-beltran\/"},"wordCount":1149,"publisher":{"@id":"https:\/\/apuntesdesanluis.com\/#\/schema\/person\/b55151d52296fcce64d1a72538a70b90"},"image":{"@id":"https:\/\/apuntesdesanluis.com\/index.php\/2024\/11\/15\/allanan-las-casas-de-anabela-lucero-y-su-pareja-el-diputado-joaquin-beltran\/#primaryimage"},"thumbnailUrl":"https:\/\/apuntesdesanluis.com\/wp-content\/uploads\/2024\/11\/casi-de-anabela.png","articleSection":["Ciudad\/Provincia"],"inLanguage":"es-AR"},{"@type":"WebPage","@id":"https:\/\/apuntesdesanluis.com\/index.php\/2024\/11\/15\/allanan-las-casas-de-anabela-lucero-y-su-pareja-el-diputado-joaquin-beltran\/","url":"https:\/\/apuntesdesanluis.com\/index.php\/2024\/11\/15\/allanan-las-casas-de-anabela-lucero-y-su-pareja-el-diputado-joaquin-beltran\/","name":"ALLANAN LAS CASAS DE ANABELA LUCERO Y SU PAREJA, EL DIPUTADO JOAQU\u00cdN BELTR\u00c1N - Apuntes de San Luis","isPartOf":{"@id":"https:\/\/apuntesdesanluis.com\/#website"},"primaryImageOfPage":{"@id":"https:\/\/apuntesdesanluis.com\/index.php\/2024\/11\/15\/allanan-las-casas-de-anabela-lucero-y-su-pareja-el-diputado-joaquin-beltran\/#primaryimage"},"image":{"@id":"https:\/\/apuntesdesanluis.com\/index.php\/2024\/11\/15\/allanan-las-casas-de-anabela-lucero-y-su-pareja-el-diputado-joaquin-beltran\/#primaryimage"},"thumbnailUrl":"https:\/\/apuntesdesanluis.com\/wp-content\/uploads\/2024\/11\/casi-de-anabela.png","datePublished":"2024-11-16T00:14:58+00:00","dateModified":"2024-11-16T00:32:38+00:00","breadcrumb":{"@id":"https:\/\/apuntesdesanluis.com\/index.php\/2024\/11\/15\/allanan-las-casas-de-anabela-lucero-y-su-pareja-el-diputado-joaquin-beltran\/#breadcrumb"},"inLanguage":"es-AR","potentialAction":[{"@type":"ReadAction","target":["https:\/\/apuntesdesanluis.com\/index.php\/2024\/11\/15\/allanan-las-casas-de-anabela-lucero-y-su-pareja-el-diputado-joaquin-beltran\/"]}]},{"@type":"ImageObject","inLanguage":"es-AR","@id":"https:\/\/apuntesdesanluis.com\/index.php\/2024\/11\/15\/allanan-las-casas-de-anabela-lucero-y-su-pareja-el-diputado-joaquin-beltran\/#primaryimage","url":"https:\/\/apuntesdesanluis.com\/wp-content\/uploads\/2024\/11\/casi-de-anabela.png","contentUrl":"https:\/\/apuntesdesanluis.com\/wp-content\/uploads\/2024\/11\/casi-de-anabela.png","width":600,"height":344},{"@type":"BreadcrumbList","@id":"https:\/\/apuntesdesanluis.com\/index.php\/2024\/11\/15\/allanan-las-casas-de-anabela-lucero-y-su-pareja-el-diputado-joaquin-beltran\/#breadcrumb","itemListElement":[{"@type":"ListItem","position":1,"name":"Inicio","item":"https:\/\/apuntesdesanluis.com\/"},{"@type":"ListItem","position":2,"name":"ALLANAN LAS CASAS DE ANABELA LUCERO Y SU PAREJA, EL DIPUTADO JOAQU\u00cdN BELTR\u00c1N"}]},{"@type":"WebSite","@id":"https:\/\/apuntesdesanluis.com\/#website","url":"https:\/\/apuntesdesanluis.com\/","name":"Apuntes de San Luis","description":"","publisher":{"@id":"https:\/\/apuntesdesanluis.com\/#\/schema\/person\/b55151d52296fcce64d1a72538a70b90"},"potentialAction":[{"@type":"SearchAction","target":{"@type":"EntryPoint","urlTemplate":"https:\/\/apuntesdesanluis.com\/?s={search_term_string}"},"query-input":{"@type":"PropertyValueSpecification","valueRequired":true,"valueName":"search_term_string"}}],"inLanguage":"es-AR"},{"@type":["Person","Organization"],"@id":"https:\/\/apuntesdesanluis.com\/#\/schema\/person\/b55151d52296fcce64d1a72538a70b90","name":"apuntesdesanluis.com","image":{"@type":"ImageObject","inLanguage":"es-AR","@id":"https:\/\/apuntesdesanluis.com\/#\/schema\/person\/image\/","url":"https:\/\/apuntesdesanluis.com\/wp-content\/uploads\/2023\/07\/cropped-apuntesdesanluis.png","contentUrl":"https:\/\/apuntesdesanluis.com\/wp-content\/uploads\/2023\/07\/cropped-apuntesdesanluis.png","width":450,"height":112,"caption":"apuntesdesanluis.com"},"logo":{"@id":"https:\/\/apuntesdesanluis.com\/#\/schema\/person\/image\/"},"sameAs":["https:\/\/apuntesdesanluis.com"],"url":"https:\/\/apuntesdesanluis.com\/index.php\/author\/apuntesdesanluis-com\/"}]}},"featured_image_urls":{"full":["https:\/\/apuntesdesanluis.com\/wp-content\/uploads\/2024\/11\/casi-de-anabela.png",600,344,false],"thumbnail":["https:\/\/apuntesdesanluis.com\/wp-content\/uploads\/2024\/11\/casi-de-anabela-150x150.png",150,150,true],"medium":["https:\/\/apuntesdesanluis.com\/wp-content\/uploads\/2024\/11\/casi-de-anabela-300x172.png",300,172,true],"medium_large":["https:\/\/apuntesdesanluis.com\/wp-content\/uploads\/2024\/11\/casi-de-anabela.png",600,344,false],"large":["https:\/\/apuntesdesanluis.com\/wp-content\/uploads\/2024\/11\/casi-de-anabela.png",600,344,false],"1536x1536":["https:\/\/apuntesdesanluis.com\/wp-content\/uploads\/2024\/11\/casi-de-anabela.png",600,344,false],"2048x2048":["https:\/\/apuntesdesanluis.com\/wp-content\/uploads\/2024\/11\/casi-de-anabela.png",600,344,false],"newsever-slider-full":["https:\/\/apuntesdesanluis.com\/wp-content\/uploads\/2024\/11\/casi-de-anabela.png",600,344,false],"newsever-featured":["https:\/\/apuntesdesanluis.com\/wp-content\/uploads\/2024\/11\/casi-de-anabela.png",600,344,false],"newsever-medium":["https:\/\/apuntesdesanluis.com\/wp-content\/uploads\/2024\/11\/casi-de-anabela.png",600,344,false]},"author_info":{"display_name":"apuntesdesanluis.com","author_link":"https:\/\/apuntesdesanluis.com\/index.php\/author\/apuntesdesanluis-com\/"},"category_info":"<a href=\"https:\/\/apuntesdesanluis.com\/index.php\/category\/ciudad-provincia\/\" rel=\"category tag\">Ciudad\/Provincia<\/a>","tag_info":"Ciudad\/Provincia","comment_count":"0","_links":{"self":[{"href":"https:\/\/apuntesdesanluis.com\/index.php\/wp-json\/wp\/v2\/posts\/25272","targetHints":{"allow":["GET"]}}],"collection":[{"href":"https:\/\/apuntesdesanluis.com\/index.php\/wp-json\/wp\/v2\/posts"}],"about":[{"href":"https:\/\/apuntesdesanluis.com\/index.php\/wp-json\/wp\/v2\/types\/post"}],"author":[{"embeddable":true,"href":"https:\/\/apuntesdesanluis.com\/index.php\/wp-json\/wp\/v2\/users\/1"}],"replies":[{"embeddable":true,"href":"https:\/\/apuntesdesanluis.com\/index.php\/wp-json\/wp\/v2\/comments?post=25272"}],"version-history":[{"count":7,"href":"https:\/\/apuntesdesanluis.com\/index.php\/wp-json\/wp\/v2\/posts\/25272\/revisions"}],"predecessor-version":[{"id":25289,"href":"https:\/\/apuntesdesanluis.com\/index.php\/wp-json\/wp\/v2\/posts\/25272\/revisions\/25289"}],"wp:featuredmedia":[{"embeddable":true,"href":"https:\/\/apuntesdesanluis.com\/index.php\/wp-json\/wp\/v2\/media\/25273"}],"wp:attachment":[{"href":"https:\/\/apuntesdesanluis.com\/index.php\/wp-json\/wp\/v2\/media?parent=25272"}],"wp:term":[{"taxonomy":"category","embeddable":true,"href":"https:\/\/apuntesdesanluis.com\/index.php\/wp-json\/wp\/v2\/categories?post=25272"},{"taxonomy":"post_tag","embeddable":true,"href":"https:\/\/apuntesdesanluis.com\/index.php\/wp-json\/wp\/v2\/tags?post=25272"}],"curies":[{"name":"wp","href":"https:\/\/api.w.org\/{rel}","templated":true}]}}