{"id":2531,"date":"2023-09-02T20:21:05","date_gmt":"2023-09-02T23:21:05","guid":{"rendered":"https:\/\/apuntesdesanluis.com\/?p=2531"},"modified":"2023-09-02T20:21:23","modified_gmt":"2023-09-02T23:21:23","slug":"la-uba-acorta-la-duracion-de-medicina-e-ingenieria-de-cuanto-tiempo-seran-las-carreras","status":"publish","type":"post","link":"https:\/\/apuntesdesanluis.com\/index.php\/2023\/09\/02\/la-uba-acorta-la-duracion-de-medicina-e-ingenieria-de-cuanto-tiempo-seran-las-carreras\/","title":{"rendered":"LA UBA ACORTA LA DURACI\u00d3N DE MEDICINA E INGENIER\u00cdA: DE CU\u00c1NTO TIEMPO SER\u00c1N LAS CARRERAS"},"content":{"rendered":"<h3>La <strong>Universidad de Buenos Aires<\/strong> (UBA) aprob\u00f3 la modificaci\u00f3n de los planes de estudios en distintas carreras, entre las que sobresalen Medicina e Ingenier\u00eda. Se trata de una modificaci\u00f3n en los programas que tiene como objetivo acortar los a\u00f1os de estudios para evitar la deserci\u00f3n estudiantil, seg\u00fan explicaron.<\/h3>\n<h3>La actualizaci\u00f3n de la formaci\u00f3n acad\u00e9mica de los estudiantes forma parte de un plan integral de la Universidad que abarca desde Medicina hasta las carreras de Ingenier\u00eda Industrial, Ingenier\u00eda en Inform\u00e1tica, Econom\u00eda y Administraci\u00f3n Agrarias.<\/h3>\n<h3>Adem\u00e1s de acortar la duraci\u00f3n de la cursada, estos cambios permitir\u00e1n crear t\u00edtulos intermedios en algunas carreras y modificar los planes de estudios para adecuarlos a los usos de las nuevas tecnolog\u00edas.<\/h3>\n<h3>Seg\u00fan el rector de la UBA, <strong>Ricardo Gelpi<\/strong>, el objetivo se centra en agilizar las trayectorias acad\u00e9micas y enfrentar la deserci\u00f3n estudiantil, sin perder calidad acad\u00e9mica.<\/h3>\n<h3>\u201cLa idea de que los estudiantes puedan egresar con un t\u00edtulo y una experiencia educativa de calidad, en menor tiempo, priorizando siempre, la excelencia en la formaci\u00f3n y la modernizaci\u00f3n acad\u00e9mica\u201d, mencion\u00f3 Gelpi.<\/h3>\n<h3><strong>LOS CAMBIOS EN LA CARRERA DE MEDICINA<\/strong><\/h3>\n<h3>Con estas modificaciones, la Universidad llev\u00f3 a la carrera de Medicina, la que cuenta con m\u00e1s inscriptos actualmente, a una duraci\u00f3n de seis a\u00f1os, bastante menos que los siete a\u00f1os y medio que se cursan actualmente.<\/h3>\n<h3>\u201cLa reforma contempla el acortamiento de la carrera en 1.000 horas, que se traducen en una reducci\u00f3n de un a\u00f1o a a\u00f1o y medio en la cursada\u201d, coment\u00f3 <strong>Luis Ignacio Brusco<\/strong>, decano de la Facultad de Ciencias M\u00e9dicas (foto principal).<\/h3>\n<h3>Adem\u00e1s, el plan de modernizaci\u00f3n busca \u201cadaptarse a los avances cient\u00edficos y tecnol\u00f3gicos\u201d, garantizando que los futuros profesionales est\u00e9n preparados para enfrentar los desaf\u00edos de la atenci\u00f3n en un entorno de constante cambio.<\/h3>\n<h3>\u201cLa propuesta introduce un enfoque m\u00e1s flexible, permitiendo a los estudiantes elegir rotaciones seg\u00fan sus intereses y objetivos personales y profesionales; para que adapten la formaci\u00f3n a sus aspiraciones individuales\u201d, agrega Brusco.<\/h3>\n<p><img fetchpriority=\"high\" decoding=\"async\" class=\"wp-image-2533 aligncenter\" src=\"https:\/\/apuntesdesanluis.com\/wp-content\/uploads\/2023\/09\/CLASE-EN-UBA-300x168.png\" alt=\"\" width=\"682\" height=\"382\" srcset=\"https:\/\/apuntesdesanluis.com\/wp-content\/uploads\/2023\/09\/CLASE-EN-UBA-300x168.png 300w, https:\/\/apuntesdesanluis.com\/wp-content\/uploads\/2023\/09\/CLASE-EN-UBA-768x431.png 768w, https:\/\/apuntesdesanluis.com\/wp-content\/uploads\/2023\/09\/CLASE-EN-UBA.png 848w\" sizes=\"(max-width: 682px) 100vw, 682px\" \/><\/p>\n<h3>Por otra parte, tambi\u00e9n se intentar\u00e1 involucrar \u201cun enfoque en la salud global y la medicina comunitaria\u201d, de manera de formar a los estudiantes sobre los desaf\u00edos a nivel mundial y la importancia de la medicina preventiva y la promoci\u00f3n de la salud.<\/h3>\n<h3><strong>LAS MODIFICACIONES EN LAS CARRERAS DE INGENIER\u00cdA<\/strong><\/h3>\n<h3>En los casos de las carreras de Ingenier\u00eda, el vicedecano de la Facultad, Ra\u00fal Bertero, explic\u00f3 que los cambios permitir\u00e1n llevarlas a seis a\u00f1os de cursada, incluyendo el ciclo b\u00e1sico, lo que disminuir\u00e1 la duraci\u00f3n en aproximadamente un a\u00f1o.<\/h3>\n<h3>El nuevo plan de estudios fue reformulado para utilizar diversos recursos que agilicen la cursada, dado que el primer a\u00f1o de la carrera era el que mayor tasa de recursado y abandono presenta.<\/h3>\n<h3>Adicionalmente se implementar\u00e1n cursos de verano con apoyo de material virtual en asignaturas cr\u00edticas para aquellos estudiantes con dificultades y se disminuyen al m\u00ednimo las correlativas para asegurar que el estudiante tenga caminos alternativos en el desarrollo de su trayectoria.<\/h3>\n<h3>\u201cEn funci\u00f3n de la velocidad de los cambios tecnol\u00f3gicos, era imprescindible encarar una modernizaci\u00f3n de las tem\u00e1ticas de cada asignatura, una profundizaci\u00f3n en las ciencias de la ingenier\u00eda y un aprovechamiento de las ense\u00f1anzas que dej\u00f3 la educaci\u00f3n a distancia de emergencia que gener\u00f3 la pandemia\u201d, explic\u00f3 Bertero.<\/h3>\n<h3><strong>\u00bfTIEMPO DE ESPERANZA PARA LA EDUCACI\u00d3N?<\/strong><\/h3>\n<h3>El estudiante que alcance aproximadamente dos a\u00f1os de la carrera, recibir\u00e1 un t\u00edtulo de Bachiller universitario en Ciencias de la Ingenier\u00eda que, adem\u00e1s de un reconocimiento para el mercado laboral, busca ser un est\u00edmulo para avanzar hasta ese nivel a pesar de las dificultades iniciales.<\/h3>\n<h3>Todas estas reformas fueron aprobadas en la \u00faltima sesi\u00f3n del Consejo Superior de la UBA y se suman a las ya actualizadas en diferentes carreras de grado y tecnicaturas de otras Facultades de la UBA como Agronom\u00eda; Arquitectura, Dise\u00f1o y Urbanismo; Ciencias Exactas y Naturales; Ciencias M\u00e9dicas; Ciencias Sociales; Farmacia y Bioqu\u00edmica; Ingenier\u00eda y Psicolog\u00eda.<\/h3>\n","protected":false},"excerpt":{"rendered":"<p>La Universidad de Buenos Aires (UBA) aprob\u00f3 la modificaci\u00f3n de los planes de estudios en&#8230;<\/p>\n","protected":false},"author":1,"featured_media":2532,"comment_status":"closed","ping_status":"closed","sticky":false,"template":"","format":"standard","meta":{"footnotes":""},"categories":[5],"tags":[],"class_list":["post-2531","post","type-post","status-publish","format-standard","has-post-thumbnail","hentry","category-nacionales-internacionales"],"yoast_head":"<!-- This site is optimized with the Yoast SEO plugin v26.1.1 - https:\/\/yoast.com\/wordpress\/plugins\/seo\/ -->\n<title>LA UBA ACORTA LA DURACI\u00d3N DE MEDICINA E INGENIER\u00cdA: DE CU\u00c1NTO TIEMPO SER\u00c1N LAS CARRERAS - Apuntes de San Luis<\/title>\n<meta name=\"robots\" content=\"index, follow, max-snippet:-1, max-image-preview:large, max-video-preview:-1\" \/>\n<link rel=\"canonical\" href=\"https:\/\/apuntesdesanluis.com\/index.php\/2023\/09\/02\/la-uba-acorta-la-duracion-de-medicina-e-ingenieria-de-cuanto-tiempo-seran-las-carreras\/\" \/>\n<meta property=\"og:locale\" content=\"es_ES\" \/>\n<meta property=\"og:type\" content=\"article\" \/>\n<meta property=\"og:title\" content=\"LA UBA ACORTA LA DURACI\u00d3N DE MEDICINA E INGENIER\u00cdA: DE CU\u00c1NTO TIEMPO SER\u00c1N LAS CARRERAS - Apuntes de San Luis\" \/>\n<meta property=\"og:description\" content=\"La Universidad de Buenos Aires (UBA) aprob\u00f3 la modificaci\u00f3n de los planes de estudios en...\" \/>\n<meta property=\"og:url\" content=\"https:\/\/apuntesdesanluis.com\/index.php\/2023\/09\/02\/la-uba-acorta-la-duracion-de-medicina-e-ingenieria-de-cuanto-tiempo-seran-las-carreras\/\" \/>\n<meta property=\"og:site_name\" content=\"Apuntes de San Luis\" \/>\n<meta property=\"article:published_time\" content=\"2023-09-02T23:21:05+00:00\" \/>\n<meta property=\"article:modified_time\" content=\"2023-09-02T23:21:23+00:00\" \/>\n<meta property=\"og:image\" content=\"https:\/\/apuntesdesanluis.com\/wp-content\/uploads\/2023\/09\/UBA.png\" \/>\n\t<meta property=\"og:image:width\" content=\"838\" \/>\n\t<meta property=\"og:image:height\" content=\"495\" \/>\n\t<meta property=\"og:image:type\" content=\"image\/png\" \/>\n<meta name=\"author\" content=\"apuntesdesanluis.com\" \/>\n<meta name=\"twitter:card\" content=\"summary_large_image\" \/>\n<meta name=\"twitter:label1\" content=\"Escrito por\" \/>\n\t<meta name=\"twitter:data1\" content=\"apuntesdesanluis.com\" \/>\n\t<meta name=\"twitter:label2\" content=\"Tiempo de lectura\" \/>\n\t<meta name=\"twitter:data2\" content=\"4 minutos\" \/>\n<script type=\"application\/ld+json\" class=\"yoast-schema-graph\">{\"@context\":\"https:\/\/schema.org\",\"@graph\":[{\"@type\":\"Article\",\"@id\":\"https:\/\/apuntesdesanluis.com\/index.php\/2023\/09\/02\/la-uba-acorta-la-duracion-de-medicina-e-ingenieria-de-cuanto-tiempo-seran-las-carreras\/#article\",\"isPartOf\":{\"@id\":\"https:\/\/apuntesdesanluis.com\/index.php\/2023\/09\/02\/la-uba-acorta-la-duracion-de-medicina-e-ingenieria-de-cuanto-tiempo-seran-las-carreras\/\"},\"author\":{\"name\":\"apuntesdesanluis.com\",\"@id\":\"https:\/\/apuntesdesanluis.com\/#\/schema\/person\/b55151d52296fcce64d1a72538a70b90\"},\"headline\":\"LA UBA ACORTA LA DURACI\u00d3N DE MEDICINA E INGENIER\u00cdA: DE CU\u00c1NTO TIEMPO SER\u00c1N LAS CARRERAS\",\"datePublished\":\"2023-09-02T23:21:05+00:00\",\"dateModified\":\"2023-09-02T23:21:23+00:00\",\"mainEntityOfPage\":{\"@id\":\"https:\/\/apuntesdesanluis.com\/index.php\/2023\/09\/02\/la-uba-acorta-la-duracion-de-medicina-e-ingenieria-de-cuanto-tiempo-seran-las-carreras\/\"},\"wordCount\":737,\"publisher\":{\"@id\":\"https:\/\/apuntesdesanluis.com\/#\/schema\/person\/b55151d52296fcce64d1a72538a70b90\"},\"image\":{\"@id\":\"https:\/\/apuntesdesanluis.com\/index.php\/2023\/09\/02\/la-uba-acorta-la-duracion-de-medicina-e-ingenieria-de-cuanto-tiempo-seran-las-carreras\/#primaryimage\"},\"thumbnailUrl\":\"https:\/\/apuntesdesanluis.com\/wp-content\/uploads\/2023\/09\/UBA.png\",\"articleSection\":[\"Nacionales\/Internacionales\"],\"inLanguage\":\"es-AR\"},{\"@type\":\"WebPage\",\"@id\":\"https:\/\/apuntesdesanluis.com\/index.php\/2023\/09\/02\/la-uba-acorta-la-duracion-de-medicina-e-ingenieria-de-cuanto-tiempo-seran-las-carreras\/\",\"url\":\"https:\/\/apuntesdesanluis.com\/index.php\/2023\/09\/02\/la-uba-acorta-la-duracion-de-medicina-e-ingenieria-de-cuanto-tiempo-seran-las-carreras\/\",\"name\":\"LA UBA ACORTA LA DURACI\u00d3N DE MEDICINA E INGENIER\u00cdA: DE CU\u00c1NTO TIEMPO SER\u00c1N LAS CARRERAS - Apuntes de San Luis\",\"isPartOf\":{\"@id\":\"https:\/\/apuntesdesanluis.com\/#website\"},\"primaryImageOfPage\":{\"@id\":\"https:\/\/apuntesdesanluis.com\/index.php\/2023\/09\/02\/la-uba-acorta-la-duracion-de-medicina-e-ingenieria-de-cuanto-tiempo-seran-las-carreras\/#primaryimage\"},\"image\":{\"@id\":\"https:\/\/apuntesdesanluis.com\/index.php\/2023\/09\/02\/la-uba-acorta-la-duracion-de-medicina-e-ingenieria-de-cuanto-tiempo-seran-las-carreras\/#primaryimage\"},\"thumbnailUrl\":\"https:\/\/apuntesdesanluis.com\/wp-content\/uploads\/2023\/09\/UBA.png\",\"datePublished\":\"2023-09-02T23:21:05+00:00\",\"dateModified\":\"2023-09-02T23:21:23+00:00\",\"breadcrumb\":{\"@id\":\"https:\/\/apuntesdesanluis.com\/index.php\/2023\/09\/02\/la-uba-acorta-la-duracion-de-medicina-e-ingenieria-de-cuanto-tiempo-seran-las-carreras\/#breadcrumb\"},\"inLanguage\":\"es-AR\",\"potentialAction\":[{\"@type\":\"ReadAction\",\"target\":[\"https:\/\/apuntesdesanluis.com\/index.php\/2023\/09\/02\/la-uba-acorta-la-duracion-de-medicina-e-ingenieria-de-cuanto-tiempo-seran-las-carreras\/\"]}]},{\"@type\":\"ImageObject\",\"inLanguage\":\"es-AR\",\"@id\":\"https:\/\/apuntesdesanluis.com\/index.php\/2023\/09\/02\/la-uba-acorta-la-duracion-de-medicina-e-ingenieria-de-cuanto-tiempo-seran-las-carreras\/#primaryimage\",\"url\":\"https:\/\/apuntesdesanluis.com\/wp-content\/uploads\/2023\/09\/UBA.png\",\"contentUrl\":\"https:\/\/apuntesdesanluis.com\/wp-content\/uploads\/2023\/09\/UBA.png\",\"width\":838,\"height\":495},{\"@type\":\"BreadcrumbList\",\"@id\":\"https:\/\/apuntesdesanluis.com\/index.php\/2023\/09\/02\/la-uba-acorta-la-duracion-de-medicina-e-ingenieria-de-cuanto-tiempo-seran-las-carreras\/#breadcrumb\",\"itemListElement\":[{\"@type\":\"ListItem\",\"position\":1,\"name\":\"Inicio\",\"item\":\"https:\/\/apuntesdesanluis.com\/\"},{\"@type\":\"ListItem\",\"position\":2,\"name\":\"LA UBA ACORTA LA DURACI\u00d3N DE MEDICINA E INGENIER\u00cdA: DE CU\u00c1NTO TIEMPO SER\u00c1N LAS CARRERAS\"}]},{\"@type\":\"WebSite\",\"@id\":\"https:\/\/apuntesdesanluis.com\/#website\",\"url\":\"https:\/\/apuntesdesanluis.com\/\",\"name\":\"Apuntes de San Luis\",\"description\":\"\",\"publisher\":{\"@id\":\"https:\/\/apuntesdesanluis.com\/#\/schema\/person\/b55151d52296fcce64d1a72538a70b90\"},\"potentialAction\":[{\"@type\":\"SearchAction\",\"target\":{\"@type\":\"EntryPoint\",\"urlTemplate\":\"https:\/\/apuntesdesanluis.com\/?s={search_term_string}\"},\"query-input\":{\"@type\":\"PropertyValueSpecification\",\"valueRequired\":true,\"valueName\":\"search_term_string\"}}],\"inLanguage\":\"es-AR\"},{\"@type\":[\"Person\",\"Organization\"],\"@id\":\"https:\/\/apuntesdesanluis.com\/#\/schema\/person\/b55151d52296fcce64d1a72538a70b90\",\"name\":\"apuntesdesanluis.com\",\"image\":{\"@type\":\"ImageObject\",\"inLanguage\":\"es-AR\",\"@id\":\"https:\/\/apuntesdesanluis.com\/#\/schema\/person\/image\/\",\"url\":\"https:\/\/apuntesdesanluis.com\/wp-content\/uploads\/2023\/07\/cropped-apuntesdesanluis.png\",\"contentUrl\":\"https:\/\/apuntesdesanluis.com\/wp-content\/uploads\/2023\/07\/cropped-apuntesdesanluis.png\",\"width\":450,\"height\":112,\"caption\":\"apuntesdesanluis.com\"},\"logo\":{\"@id\":\"https:\/\/apuntesdesanluis.com\/#\/schema\/person\/image\/\"},\"sameAs\":[\"https:\/\/apuntesdesanluis.com\"],\"url\":\"https:\/\/apuntesdesanluis.com\/index.php\/author\/apuntesdesanluis-com\/\"}]}<\/script>\n<!-- \/ Yoast SEO plugin. -->","yoast_head_json":{"title":"LA UBA ACORTA LA DURACI\u00d3N DE MEDICINA E INGENIER\u00cdA: DE CU\u00c1NTO TIEMPO SER\u00c1N LAS CARRERAS - Apuntes de San Luis","robots":{"index":"index","follow":"follow","max-snippet":"max-snippet:-1","max-image-preview":"max-image-preview:large","max-video-preview":"max-video-preview:-1"},"canonical":"https:\/\/apuntesdesanluis.com\/index.php\/2023\/09\/02\/la-uba-acorta-la-duracion-de-medicina-e-ingenieria-de-cuanto-tiempo-seran-las-carreras\/","og_locale":"es_ES","og_type":"article","og_title":"LA UBA ACORTA LA DURACI\u00d3N DE MEDICINA E INGENIER\u00cdA: DE CU\u00c1NTO TIEMPO SER\u00c1N LAS CARRERAS - Apuntes de San Luis","og_description":"La Universidad de Buenos Aires (UBA) aprob\u00f3 la modificaci\u00f3n de los planes de estudios en...","og_url":"https:\/\/apuntesdesanluis.com\/index.php\/2023\/09\/02\/la-uba-acorta-la-duracion-de-medicina-e-ingenieria-de-cuanto-tiempo-seran-las-carreras\/","og_site_name":"Apuntes de San Luis","article_published_time":"2023-09-02T23:21:05+00:00","article_modified_time":"2023-09-02T23:21:23+00:00","og_image":[{"width":838,"height":495,"url":"https:\/\/apuntesdesanluis.com\/wp-content\/uploads\/2023\/09\/UBA.png","type":"image\/png"}],"author":"apuntesdesanluis.com","twitter_card":"summary_large_image","twitter_misc":{"Escrito por":"apuntesdesanluis.com","Tiempo de lectura":"4 minutos"},"schema":{"@context":"https:\/\/schema.org","@graph":[{"@type":"Article","@id":"https:\/\/apuntesdesanluis.com\/index.php\/2023\/09\/02\/la-uba-acorta-la-duracion-de-medicina-e-ingenieria-de-cuanto-tiempo-seran-las-carreras\/#article","isPartOf":{"@id":"https:\/\/apuntesdesanluis.com\/index.php\/2023\/09\/02\/la-uba-acorta-la-duracion-de-medicina-e-ingenieria-de-cuanto-tiempo-seran-las-carreras\/"},"author":{"name":"apuntesdesanluis.com","@id":"https:\/\/apuntesdesanluis.com\/#\/schema\/person\/b55151d52296fcce64d1a72538a70b90"},"headline":"LA UBA ACORTA LA DURACI\u00d3N DE MEDICINA E INGENIER\u00cdA: DE CU\u00c1NTO TIEMPO SER\u00c1N LAS CARRERAS","datePublished":"2023-09-02T23:21:05+00:00","dateModified":"2023-09-02T23:21:23+00:00","mainEntityOfPage":{"@id":"https:\/\/apuntesdesanluis.com\/index.php\/2023\/09\/02\/la-uba-acorta-la-duracion-de-medicina-e-ingenieria-de-cuanto-tiempo-seran-las-carreras\/"},"wordCount":737,"publisher":{"@id":"https:\/\/apuntesdesanluis.com\/#\/schema\/person\/b55151d52296fcce64d1a72538a70b90"},"image":{"@id":"https:\/\/apuntesdesanluis.com\/index.php\/2023\/09\/02\/la-uba-acorta-la-duracion-de-medicina-e-ingenieria-de-cuanto-tiempo-seran-las-carreras\/#primaryimage"},"thumbnailUrl":"https:\/\/apuntesdesanluis.com\/wp-content\/uploads\/2023\/09\/UBA.png","articleSection":["Nacionales\/Internacionales"],"inLanguage":"es-AR"},{"@type":"WebPage","@id":"https:\/\/apuntesdesanluis.com\/index.php\/2023\/09\/02\/la-uba-acorta-la-duracion-de-medicina-e-ingenieria-de-cuanto-tiempo-seran-las-carreras\/","url":"https:\/\/apuntesdesanluis.com\/index.php\/2023\/09\/02\/la-uba-acorta-la-duracion-de-medicina-e-ingenieria-de-cuanto-tiempo-seran-las-carreras\/","name":"LA UBA ACORTA LA DURACI\u00d3N DE MEDICINA E INGENIER\u00cdA: DE CU\u00c1NTO TIEMPO SER\u00c1N LAS CARRERAS - Apuntes de San Luis","isPartOf":{"@id":"https:\/\/apuntesdesanluis.com\/#website"},"primaryImageOfPage":{"@id":"https:\/\/apuntesdesanluis.com\/index.php\/2023\/09\/02\/la-uba-acorta-la-duracion-de-medicina-e-ingenieria-de-cuanto-tiempo-seran-las-carreras\/#primaryimage"},"image":{"@id":"https:\/\/apuntesdesanluis.com\/index.php\/2023\/09\/02\/la-uba-acorta-la-duracion-de-medicina-e-ingenieria-de-cuanto-tiempo-seran-las-carreras\/#primaryimage"},"thumbnailUrl":"https:\/\/apuntesdesanluis.com\/wp-content\/uploads\/2023\/09\/UBA.png","datePublished":"2023-09-02T23:21:05+00:00","dateModified":"2023-09-02T23:21:23+00:00","breadcrumb":{"@id":"https:\/\/apuntesdesanluis.com\/index.php\/2023\/09\/02\/la-uba-acorta-la-duracion-de-medicina-e-ingenieria-de-cuanto-tiempo-seran-las-carreras\/#breadcrumb"},"inLanguage":"es-AR","potentialAction":[{"@type":"ReadAction","target":["https:\/\/apuntesdesanluis.com\/index.php\/2023\/09\/02\/la-uba-acorta-la-duracion-de-medicina-e-ingenieria-de-cuanto-tiempo-seran-las-carreras\/"]}]},{"@type":"ImageObject","inLanguage":"es-AR","@id":"https:\/\/apuntesdesanluis.com\/index.php\/2023\/09\/02\/la-uba-acorta-la-duracion-de-medicina-e-ingenieria-de-cuanto-tiempo-seran-las-carreras\/#primaryimage","url":"https:\/\/apuntesdesanluis.com\/wp-content\/uploads\/2023\/09\/UBA.png","contentUrl":"https:\/\/apuntesdesanluis.com\/wp-content\/uploads\/2023\/09\/UBA.png","width":838,"height":495},{"@type":"BreadcrumbList","@id":"https:\/\/apuntesdesanluis.com\/index.php\/2023\/09\/02\/la-uba-acorta-la-duracion-de-medicina-e-ingenieria-de-cuanto-tiempo-seran-las-carreras\/#breadcrumb","itemListElement":[{"@type":"ListItem","position":1,"name":"Inicio","item":"https:\/\/apuntesdesanluis.com\/"},{"@type":"ListItem","position":2,"name":"LA UBA ACORTA LA DURACI\u00d3N DE MEDICINA E INGENIER\u00cdA: DE CU\u00c1NTO TIEMPO SER\u00c1N LAS CARRERAS"}]},{"@type":"WebSite","@id":"https:\/\/apuntesdesanluis.com\/#website","url":"https:\/\/apuntesdesanluis.com\/","name":"Apuntes de San Luis","description":"","publisher":{"@id":"https:\/\/apuntesdesanluis.com\/#\/schema\/person\/b55151d52296fcce64d1a72538a70b90"},"potentialAction":[{"@type":"SearchAction","target":{"@type":"EntryPoint","urlTemplate":"https:\/\/apuntesdesanluis.com\/?s={search_term_string}"},"query-input":{"@type":"PropertyValueSpecification","valueRequired":true,"valueName":"search_term_string"}}],"inLanguage":"es-AR"},{"@type":["Person","Organization"],"@id":"https:\/\/apuntesdesanluis.com\/#\/schema\/person\/b55151d52296fcce64d1a72538a70b90","name":"apuntesdesanluis.com","image":{"@type":"ImageObject","inLanguage":"es-AR","@id":"https:\/\/apuntesdesanluis.com\/#\/schema\/person\/image\/","url":"https:\/\/apuntesdesanluis.com\/wp-content\/uploads\/2023\/07\/cropped-apuntesdesanluis.png","contentUrl":"https:\/\/apuntesdesanluis.com\/wp-content\/uploads\/2023\/07\/cropped-apuntesdesanluis.png","width":450,"height":112,"caption":"apuntesdesanluis.com"},"logo":{"@id":"https:\/\/apuntesdesanluis.com\/#\/schema\/person\/image\/"},"sameAs":["https:\/\/apuntesdesanluis.com"],"url":"https:\/\/apuntesdesanluis.com\/index.php\/author\/apuntesdesanluis-com\/"}]}},"featured_image_urls":{"full":["https:\/\/apuntesdesanluis.com\/wp-content\/uploads\/2023\/09\/UBA.png",838,495,false],"thumbnail":["https:\/\/apuntesdesanluis.com\/wp-content\/uploads\/2023\/09\/UBA-150x150.png",150,150,true],"medium":["https:\/\/apuntesdesanluis.com\/wp-content\/uploads\/2023\/09\/UBA-300x177.png",300,177,true],"medium_large":["https:\/\/apuntesdesanluis.com\/wp-content\/uploads\/2023\/09\/UBA-768x454.png",640,378,true],"large":["https:\/\/apuntesdesanluis.com\/wp-content\/uploads\/2023\/09\/UBA.png",640,378,false],"1536x1536":["https:\/\/apuntesdesanluis.com\/wp-content\/uploads\/2023\/09\/UBA.png",838,495,false],"2048x2048":["https:\/\/apuntesdesanluis.com\/wp-content\/uploads\/2023\/09\/UBA.png",838,495,false],"newsever-slider-full":["https:\/\/apuntesdesanluis.com\/wp-content\/uploads\/2023\/09\/UBA.png",838,495,false],"newsever-featured":["https:\/\/apuntesdesanluis.com\/wp-content\/uploads\/2023\/09\/UBA.png",838,495,false],"newsever-medium":["https:\/\/apuntesdesanluis.com\/wp-content\/uploads\/2023\/09\/UBA-720x475.png",720,475,true]},"author_info":{"display_name":"apuntesdesanluis.com","author_link":"https:\/\/apuntesdesanluis.com\/index.php\/author\/apuntesdesanluis-com\/"},"category_info":"<a href=\"https:\/\/apuntesdesanluis.com\/index.php\/category\/nacionales-internacionales\/\" rel=\"category tag\">Nacionales\/Internacionales<\/a>","tag_info":"Nacionales\/Internacionales","comment_count":"0","_links":{"self":[{"href":"https:\/\/apuntesdesanluis.com\/index.php\/wp-json\/wp\/v2\/posts\/2531","targetHints":{"allow":["GET"]}}],"collection":[{"href":"https:\/\/apuntesdesanluis.com\/index.php\/wp-json\/wp\/v2\/posts"}],"about":[{"href":"https:\/\/apuntesdesanluis.com\/index.php\/wp-json\/wp\/v2\/types\/post"}],"author":[{"embeddable":true,"href":"https:\/\/apuntesdesanluis.com\/index.php\/wp-json\/wp\/v2\/users\/1"}],"replies":[{"embeddable":true,"href":"https:\/\/apuntesdesanluis.com\/index.php\/wp-json\/wp\/v2\/comments?post=2531"}],"version-history":[{"count":2,"href":"https:\/\/apuntesdesanluis.com\/index.php\/wp-json\/wp\/v2\/posts\/2531\/revisions"}],"predecessor-version":[{"id":2535,"href":"https:\/\/apuntesdesanluis.com\/index.php\/wp-json\/wp\/v2\/posts\/2531\/revisions\/2535"}],"wp:featuredmedia":[{"embeddable":true,"href":"https:\/\/apuntesdesanluis.com\/index.php\/wp-json\/wp\/v2\/media\/2532"}],"wp:attachment":[{"href":"https:\/\/apuntesdesanluis.com\/index.php\/wp-json\/wp\/v2\/media?parent=2531"}],"wp:term":[{"taxonomy":"category","embeddable":true,"href":"https:\/\/apuntesdesanluis.com\/index.php\/wp-json\/wp\/v2\/categories?post=2531"},{"taxonomy":"post_tag","embeddable":true,"href":"https:\/\/apuntesdesanluis.com\/index.php\/wp-json\/wp\/v2\/tags?post=2531"}],"curies":[{"name":"wp","href":"https:\/\/api.w.org\/{rel}","templated":true}]}}