{"id":25322,"date":"2024-11-17T12:16:57","date_gmt":"2024-11-17T15:16:57","guid":{"rendered":"https:\/\/apuntesdesanluis.com\/?p=25322"},"modified":"2024-11-17T14:50:53","modified_gmt":"2024-11-17T17:50:53","slug":"kamvalache-recargado","status":"publish","type":"post","link":"https:\/\/apuntesdesanluis.com\/index.php\/2024\/11\/17\/kamvalache-recargado\/","title":{"rendered":"KaMvaLacHe (recargado)"},"content":{"rendered":"<h3>Aunque para el com\u00fan de los mortales sus preocupaciones pasan por pagar las cuentas y llegar a fin de mes, en el mundo de la pol\u00edtica ya calientan motores mirando las pr\u00f3ximas elecciones. Por eso, a pedido de los lectores, regresa esta secci\u00f3n que trata de contar qu\u00e9 pasa o se dice en las diferentes trincheras. Tambi\u00e9n lo que generalmente no se informa como noticia, pero resulta trascendente. Adelantamos adem\u00e1s, qu\u00e9 puede ocurrir con la sucesi\u00f3n de Mori\u00f1igo-Flores en la UNSL. (Por supuesto, todo esto libre de odiosas suscripciones.)<\/h3>\n<h3><strong>\u2026\u2026\u2026\u2026\u2026<\/strong><\/h3>\n<h3><strong>Tiempo de descuento<\/strong>. De acuerdo al borrador de cronograma electoral que maneja el gobierno nacional (PASO incluidas, aunque se las pretende eliminar), <strong>mayo 2025<\/strong> ser\u00e1 un mes clave. Dos fechas son determinantes: el <strong>15 de mayo<\/strong> es la presentaci\u00f3n de Alianzas y Frentes electorales; <strong>25 de mayo<\/strong>, la presentaci\u00f3n de listas de pre-candidatos. Queda claro que ser\u00e1 un verano m\u00e1s que movido y caliente para todos, y no en las playas precisamente.<\/h3>\n<h3><img fetchpriority=\"high\" decoding=\"async\" class=\"wp-image-24740 aligncenter\" src=\"https:\/\/apuntesdesanluis.com\/wp-content\/uploads\/2024\/11\/elecciones-urna-300x203.png\" alt=\"\" width=\"491\" height=\"332\" srcset=\"https:\/\/apuntesdesanluis.com\/wp-content\/uploads\/2024\/11\/elecciones-urna-300x203.png 300w, https:\/\/apuntesdesanluis.com\/wp-content\/uploads\/2024\/11\/elecciones-urna.png 638w\" sizes=\"(max-width: 491px) 100vw, 491px\" \/><\/h3>\n<h3><strong>\u2026\u2026\u2026\u2026\u2026<\/strong><\/h3>\n<h3><strong>Nuevo sistema electoral. <\/strong>Para las pr\u00f3ximas elecciones se plantea un nuevo escenario que nadie sabe bien c\u00f3mo puede resultar. Por primera vez, los sanluise\u00f1os asistiremos a votar con <strong>Boleta \u00danica Papel<\/strong>. No habr\u00e1 voto s\u00e1bana ni ley de lemas. Se calcula que habr\u00e1 dos boletas, una para los cargos nacionales y otra para los provinciales.<\/h3>\n<p><img decoding=\"async\" class=\"wp-image-25323 aligncenter\" src=\"https:\/\/apuntesdesanluis.com\/wp-content\/uploads\/2024\/11\/boleta-unica-300x186.png\" alt=\"\" width=\"494\" height=\"306\" srcset=\"https:\/\/apuntesdesanluis.com\/wp-content\/uploads\/2024\/11\/boleta-unica-300x186.png 300w, https:\/\/apuntesdesanluis.com\/wp-content\/uploads\/2024\/11\/boleta-unica.png 623w\" sizes=\"(max-width: 494px) 100vw, 494px\" \/><\/p>\n<h3>No estar\u00e1n en las papeletas ni Milei, ni Poggi, ni Cristina. En cada departamento encabezar\u00edan los candidatos a senadores o diputados provinciales. Aunque est\u00e1 la opci\u00f3n de votar lista completa, tambi\u00e9n puede ser que a muchos se les ocurra votar por candidatos, en tanto se trate de gente conocida y respetable. <em>\u201cEs cierto, puede pasar cualquier cosa, pero sin dudas es m\u00e1s transparente y democr\u00e1tico que el anterior sistema\u201d, <\/em>reconoci\u00f3 el secretario de Asuntos Pol\u00edticos, <strong>Jos\u00e9 Giraudo<\/strong>.<\/h3>\n<h3><strong>\u2026\u2026\u2026\u2026\u2026<\/strong><\/h3>\n<h3><strong>Los dilemas de Poggi. <\/strong>Parafraseando a William Shakespeare, en Hamlet, \u00bfDesdoblar o no desdoblar?, esa es la cuesti\u00f3n. <strong>Claudio Poggi<\/strong> tiene por delante al menos dos grandes desaf\u00edos. <strong>1)<\/strong> Armar una lista competitiva, sin \u00e9l como candidato, tratando de conformar a todos sin resquebrajar la coalici\u00f3n de gobierno; <strong>2)<\/strong> Resolver si desdobla la fecha de elecciones o la unifica con la elecci\u00f3n nacional.<\/h3>\n<h3><img decoding=\"async\" class=\"wp-image-25324 aligncenter\" src=\"https:\/\/apuntesdesanluis.com\/wp-content\/uploads\/2024\/11\/triangulo-de-hierro-300x201.png\" alt=\"\" width=\"490\" height=\"328\" srcset=\"https:\/\/apuntesdesanluis.com\/wp-content\/uploads\/2024\/11\/triangulo-de-hierro-300x201.png 300w, https:\/\/apuntesdesanluis.com\/wp-content\/uploads\/2024\/11\/triangulo-de-hierro.png 715w\" sizes=\"(max-width: 490px) 100vw, 490px\" \/><\/h3>\n<h3>Aunque no lo parezca, ambas decisiones son interdependientes. Desde Olivos el <strong>\u201ctri\u00e1ngulo de hierro\u201d<\/strong> (Milei-Karina-Caputo) pretende que los gobiernos aliados unifiquen las elecciones y hacer listas combinadas (\u00fanicas), al menos en las candidaturas nacionales. Si la gesti\u00f3n nacional sigue controlando las variables econ\u00f3micas y la inflaci\u00f3n planchada, todo bien. Si la situaci\u00f3n se desmadra, el castigo se lo comen libertarios y poggistas y el \u00fanico que factura es el PJ.<\/h3>\n<p><img loading=\"lazy\" decoding=\"async\" class=\"wp-image-25331 aligncenter\" src=\"https:\/\/apuntesdesanluis.com\/wp-content\/uploads\/2024\/11\/poggi-con-gobernadores-300x227.png\" alt=\"\" width=\"492\" height=\"372\" srcset=\"https:\/\/apuntesdesanluis.com\/wp-content\/uploads\/2024\/11\/poggi-con-gobernadores-300x227.png 300w, https:\/\/apuntesdesanluis.com\/wp-content\/uploads\/2024\/11\/poggi-con-gobernadores-768x582.png 768w, https:\/\/apuntesdesanluis.com\/wp-content\/uploads\/2024\/11\/poggi-con-gobernadores.png 868w\" sizes=\"(max-width: 492px) 100vw, 492px\" \/><\/p>\n<h3><strong>\u2026\u2026\u2026\u2026\u2026<\/strong><\/h3>\n<h3><strong>El dilema de Frontera.<\/strong> Por su lado, <strong>Maximiliano Frontera<\/strong> tambi\u00e9n se encuentra en una encrucijada: competir en soledad o avanzar en un entendimiento con Poggi. Su partido, el <strong>\u201cMovimiento Unidad Provincial\u201d<\/strong> que inscribi\u00f3 en mayo y estar\u00eda a punto de ser reconocido (llamado informalmente peronismo renovador), le ofrece la posibilidad de jugarse la patriada confrontando con el oficialismo provincial, el PJ y los libertarios. Ganas tiene, pero sabe que corre riesgos.<\/h3>\n<h3><img loading=\"lazy\" decoding=\"async\" class=\"wp-image-25325 aligncenter\" src=\"https:\/\/apuntesdesanluis.com\/wp-content\/uploads\/2024\/11\/maxi-mup-300x163.png\" alt=\"\" width=\"488\" height=\"265\" srcset=\"https:\/\/apuntesdesanluis.com\/wp-content\/uploads\/2024\/11\/maxi-mup-300x163.png 300w, https:\/\/apuntesdesanluis.com\/wp-content\/uploads\/2024\/11\/maxi-mup.png 524w\" sizes=\"(max-width: 488px) 100vw, 488px\" \/><\/h3>\n<h3>Una opci\u00f3n que se analiza es llevar un candidato a senador \u00fanico con Avanzar San Luis y una lista de concejales consensuada con candidatos de ambas fuerzas<em>. \u201cSi nos juntamos superamos el 60% y los borramos al Alberto y a los libertarios\u201d<\/em>, se entusiasman algunos.<\/h3>\n<h3><strong>\u2026\u2026\u2026\u2026\u2026<\/strong><\/h3>\n<h3><strong>\u00bfQu\u00e9 pas\u00f3 con Daniel Desotti?.<\/strong> Es la pregunta que se hacen muchos sobre el funcionario de obras p\u00fablicas del gabinete de Frontera, que integra la lista que conform\u00f3 Alberto Rodr\u00edguez Sa\u00e1. \u201cSigue en el cargo, pero lo borraron de todos los grupos de wsp y ya no lo invitan a las reuniones de gabinete\u201d. Medida salom\u00f3nica de Maxi para tranquilizar a su gabinete, que no se bancaba compartir espacios con <em>\u201cel traidor que le muerde la mano al que le da de comer\u201d.<\/em><\/h3>\n<h3><img loading=\"lazy\" decoding=\"async\" class=\"wp-image-25005 aligncenter\" src=\"https:\/\/apuntesdesanluis.com\/wp-content\/uploads\/2024\/11\/desotti-con-alberto-300x189.png\" alt=\"\" width=\"487\" height=\"307\" srcset=\"https:\/\/apuntesdesanluis.com\/wp-content\/uploads\/2024\/11\/desotti-con-alberto-300x189.png 300w, https:\/\/apuntesdesanluis.com\/wp-content\/uploads\/2024\/11\/desotti-con-alberto-768x483.png 768w, https:\/\/apuntesdesanluis.com\/wp-content\/uploads\/2024\/11\/desotti-con-alberto.png 961w\" sizes=\"(max-width: 487px) 100vw, 487px\" \/><\/h3>\n<h3>\u2026\u2026\u2026\u2026\u2026<\/h3>\n<h3><strong>Imprevista renuncia.<\/strong> La dimisi\u00f3n del ministro de Turismo y Cultura, <strong>Juan Manuel Rigau<\/strong>, conocida el jueves 14, tom\u00f3 desprevenidos a muchos, aunque ya se ven\u00eda rumoreando. Es el quinto funcionario de peso que se baja de la gesti\u00f3n. Antes se fueron <strong>M\u00f3nica Becerra<\/strong>, ministra de Desarrollo Humano; <strong>Haroldo Bridger<\/strong>, secretario de Actividades Log\u00edsticas; <strong>Claudia Spagnuolo<\/strong>, ministra de Salud, y <strong>Gabriel Rivero<\/strong>, secretario de Deportes.<\/h3>\n<p><img loading=\"lazy\" decoding=\"async\" class=\"wp-image-25326 aligncenter\" src=\"https:\/\/apuntesdesanluis.com\/wp-content\/uploads\/2024\/11\/rigau-2-300x237.png\" alt=\"\" width=\"522\" height=\"412\" srcset=\"https:\/\/apuntesdesanluis.com\/wp-content\/uploads\/2024\/11\/rigau-2-300x237.png 300w, https:\/\/apuntesdesanluis.com\/wp-content\/uploads\/2024\/11\/rigau-2.png 693w\" sizes=\"(max-width: 522px) 100vw, 522px\" \/><\/p>\n<h3>Como lo hizo cuando le pidi\u00f3 la renuncia a Bridger, el gobernador <strong>Claudio Poggi<\/strong> transmiti\u00f3 que respetar\u00e1 ese lugar que le corresponde al <strong>radicalismo<\/strong>, deslizando que podr\u00eda elegirlo de una terna. No est\u00e1 claro que vaya a ser as\u00ed.<\/h3>\n<h3>Este domingo los referentes de las principales corrientes de la UCR se encuentran deliberando para resolver si elevan un nombre de consenso. A muchos no les cierra que sea Poggi el que lo elija de entre tres, como hace con los jueces. Entre lunes y martes a m\u00e1s tardar deben elevar el o los nombres propuestos.<\/h3>\n<h3><strong>\u2026\u2026\u2026\u2026\u2026<\/strong><\/h3>\n<h3><strong>Posteo enigm\u00e1tico.<\/strong> Es el que hizo el secretario de Comunicaci\u00f3n, <strong>Diego Masci<\/strong>, y que se viraliz\u00f3 en las redes. Para muchos, fue un mensaje dirigido directamente al renunciante Rigau, aunque sin dar ning\u00fan nombre.<\/h3>\n<h3><img loading=\"lazy\" decoding=\"async\" class=\"wp-image-25327 aligncenter\" src=\"https:\/\/apuntesdesanluis.com\/wp-content\/uploads\/2024\/11\/Imagen-de-WhatsApp-2024-11-14-a-las-20.46.36_0285803e-300x220.jpg\" alt=\"\" width=\"550\" height=\"403\" srcset=\"https:\/\/apuntesdesanluis.com\/wp-content\/uploads\/2024\/11\/Imagen-de-WhatsApp-2024-11-14-a-las-20.46.36_0285803e-300x220.jpg 300w, https:\/\/apuntesdesanluis.com\/wp-content\/uploads\/2024\/11\/Imagen-de-WhatsApp-2024-11-14-a-las-20.46.36_0285803e.jpg 700w\" sizes=\"(max-width: 550px) 100vw, 550px\" \/><\/h3>\n<h3>Con un lenguaje \u201cencriptado\u201d y s\u00f3lo comprensible para entendidos, un sustantivo propio (Trapiche) hizo pensar que le estaba pegando directamente al \u201cgaucho\u201d, como lo conocen al aun ministro de Turismo. La realidad es otra y fue develada a esta secci\u00f3n por una fuente inobjetable: \u201cDiego hizo el posteo el mi\u00e9rcoles a la noche, antes de que se conociera que Rigau presentar\u00eda su renuncia, que fue el jueves. En realidad el mensaje se refer\u00eda a dos diputados (<strong>Federico Berardo<\/strong> y <strong>Silvia Sosa Araujo<\/strong>), que lo hab\u00edan castigado durante la sesi\u00f3n de ese d\u00eda. Tuvo tan mala suerte que todos pensaron que lo dec\u00eda por Rigau. Y encima lo aprovech\u00f3 el diario\u2026\u201d, se lament\u00f3.<\/h3>\n<h3><img loading=\"lazy\" decoding=\"async\" class=\"wp-image-25328 aligncenter\" src=\"https:\/\/apuntesdesanluis.com\/wp-content\/uploads\/2024\/11\/berardo-y-silvia-sosa-araujo-300x186.png\" alt=\"\" width=\"558\" height=\"346\" srcset=\"https:\/\/apuntesdesanluis.com\/wp-content\/uploads\/2024\/11\/berardo-y-silvia-sosa-araujo-300x186.png 300w, https:\/\/apuntesdesanluis.com\/wp-content\/uploads\/2024\/11\/berardo-y-silvia-sosa-araujo.png 493w\" sizes=\"(max-width: 558px) 100vw, 558px\" \/><\/h3>\n<h3>\u00a0\u00a0<strong>\u2026\u2026\u2026\u2026\u2026<\/strong><\/h3>\n<h3><strong>Interna en La Libertad Avanza.<\/strong> En las \u00faltimas semanas comenz\u00f3 a marcarse una interna impensada en el partido de <strong>Javier Milei<\/strong> en nuestra provincia. Aunque faltan tres a\u00f1os para la elecci\u00f3n de gobernador, el diputado nacional <strong>Carlos Gonz\u00e1lez D\u00b4Alessandro<\/strong> ya larg\u00f3. Est\u00e1 convencido que es el mejor representante libertario en la provincia, porque a los otros dos -Abdala y Negri- \u201cles falta convicci\u00f3n y decisi\u00f3n\u201d.<\/h3>\n<div style=\"width: 540px;\" class=\"wp-video\"><!--[if lt IE 9]><script>document.createElement('video');<\/script><![endif]-->\n<video class=\"wp-video-shortcode\" id=\"video-25322-1\" width=\"540\" height=\"960\" preload=\"metadata\" controls=\"controls\"><source type=\"video\/mp4\" src=\"https:\/\/apuntesdesanluis.com\/wp-content\/uploads\/2024\/11\/AQPKaw-U01GQhtxeBB0JM-317_JvPt8Jyp4j0C3Rz9pVvGKjOd4YLxMXgNqx6zZ-NTSIjPJDbYnmBB35ful24AGA.mp4?_=1\" \/><a href=\"https:\/\/apuntesdesanluis.com\/wp-content\/uploads\/2024\/11\/AQPKaw-U01GQhtxeBB0JM-317_JvPt8Jyp4j0C3Rz9pVvGKjOd4YLxMXgNqx6zZ-NTSIjPJDbYnmBB35ful24AGA.mp4\">https:\/\/apuntesdesanluis.com\/wp-content\/uploads\/2024\/11\/AQPKaw-U01GQhtxeBB0JM-317_JvPt8Jyp4j0C3Rz9pVvGKjOd4YLxMXgNqx6zZ-NTSIjPJDbYnmBB35ful24AGA.mp4<\/a><\/video><\/div>\n<h3>Su estrategia es id\u00e9ntica a la que emple\u00f3 en campa\u00f1a y sigue haciendo como presidente Milei: mucha agresi\u00f3n verbal a trav\u00e9s de las redes sociales, a todo el que no piense como \u00e9l o a quienes decidan cuestionarlo. El tipo la tiene clara.<\/h3>\n<h3><strong>\u2026\u2026\u2026\u2026\u2026<\/strong><\/h3>\n<h3><strong>Impactantes allanamientos.<\/strong> El viernes la provincia se sorprendi\u00f3 con los ocho allanamientos simult\u00e1neos que llev\u00f3 adelante la justicia, en domicilios de Villa Mercedes, en el marco de la causa por el vaciamiento del Molino F\u00e9nix y la Casa de la M\u00fasica.<\/h3>\n<h3>Los principales apuntados son el diputado provincial <strong>Joaqu\u00edn Beltr\u00e1n<\/strong>, la ex legisladora <strong>Anabela Lucero<\/strong>, el hermano de ella, <strong>Enzo Lucero<\/strong> (jefe de Eventos), <strong>Exequiel Alberto Scarel<\/strong> (coordinador de la Casa de la M\u00fasica) y <strong>Diego Emanuel Torres<\/strong> (coordinador de Teatro), sospechados de cometer los delitos de violaci\u00f3n a los deberes de funcionario p\u00fablico, malversaci\u00f3n de caudales p\u00fablicos y peculado.<\/h3>\n<h3><img loading=\"lazy\" decoding=\"async\" class=\"wp-image-25330 aligncenter\" src=\"https:\/\/apuntesdesanluis.com\/wp-content\/uploads\/2024\/11\/joaquin-beltran-y-anabela-lucero-300x191.png\" alt=\"\" width=\"490\" height=\"312\" srcset=\"https:\/\/apuntesdesanluis.com\/wp-content\/uploads\/2024\/11\/joaquin-beltran-y-anabela-lucero-300x191.png 300w, https:\/\/apuntesdesanluis.com\/wp-content\/uploads\/2024\/11\/joaquin-beltran-y-anabela-lucero-768x490.png 768w, https:\/\/apuntesdesanluis.com\/wp-content\/uploads\/2024\/11\/joaquin-beltran-y-anabela-lucero.png 958w\" sizes=\"(max-width: 490px) 100vw, 490px\" \/><\/h3>\n<h3>Se pensaba que en el caso de la ex candidata a intendenta pod\u00eda zafar, dado que los \u00faltimos cuatro a\u00f1os fue diputada y originariamente no estaba denunciada, porque administrativamente no figuraba en nada. Pero una fuente de la investigaci\u00f3n afirm\u00f3 que ser\u00eda una de las m\u00e1s comprometidas. <em>\u201cEsta se\u00f1ora terminar\u00e1 siendo imputada a ra\u00edz de las testimoniales, que la han comprometido much\u00edsimo. Faltan sumar algunas pruebas, pero al cabo de la investigaci\u00f3n se probar\u00e1 su liderazgo en las maniobras\u201d, <\/em>indic\u00f3.<\/h3>\n<h3><strong>\u2026\u2026\u2026\u2026\u2026<\/strong><\/h3>\n<h3><strong>Sucesi\u00f3n en la UNSL.<\/strong> La semana pasada el Consejo Superior aprob\u00f3 el calendario para las elecciones generales del pr\u00f3ximo a\u00f1o, en las que se renovar\u00e1n las autoridades unipersonales y cuerpos colegiados, en Rectorado y en las Facultades de las sedes San Luis y Villa Mercedes. Las elecciones de primera vuelta tendr\u00e1n lugar el 21 de mayo.<\/h3>\n<h3>El comicio marcar\u00e1 un cambio de gesti\u00f3n real, dado que el rector <strong>V\u00edctor Mori\u00f1igo<\/strong> no puede ser reelecto, al cumplir dos mandatos junto al vicerrector <strong>H\u00e9ctor Flores<\/strong>.<\/h3>\n<h3>En exclusiva, esta secci\u00f3n est\u00e1 en condiciones de adelantar que los principales candidatos para la sucesi\u00f3n ser\u00e1n <strong>Ra\u00fal Gil<\/strong>, actual Secretario General, como rector; y <strong>Claudia Brusasca<\/strong>, decana de Psicolog\u00eda, como vicerrectora.<\/h3>\n<h3><img loading=\"lazy\" decoding=\"async\" class=\"wp-image-25332 aligncenter\" src=\"https:\/\/apuntesdesanluis.com\/wp-content\/uploads\/2024\/11\/raul-gil-300x184.png\" alt=\"\" width=\"496\" height=\"304\" srcset=\"https:\/\/apuntesdesanluis.com\/wp-content\/uploads\/2024\/11\/raul-gil-300x184.png 300w, https:\/\/apuntesdesanluis.com\/wp-content\/uploads\/2024\/11\/raul-gil.png 598w\" sizes=\"(max-width: 496px) 100vw, 496px\" \/><\/h3>\n<h3>Esta f\u00f3rmula contar\u00eda con el apoyo del propio Mori\u00f1igo pero tambi\u00e9n un fuerte consenso entre los gremios, las agrupaciones estudiantiles y la mayor\u00eda de las facultades. En este marco y por el mismo precio: <strong>H\u00e9ctor Flores<\/strong> ser\u00eda candidato nuevamente a Decano de la Facultad de Ciencias Econ\u00f3micas, Jur\u00eddicas y Sociales (FCEJS).<\/h3>\n<h3><img loading=\"lazy\" decoding=\"async\" class=\"wp-image-25333 aligncenter\" src=\"https:\/\/apuntesdesanluis.com\/wp-content\/uploads\/2024\/11\/hector-flores-300x187.png\" alt=\"\" width=\"496\" height=\"309\" srcset=\"https:\/\/apuntesdesanluis.com\/wp-content\/uploads\/2024\/11\/hector-flores-300x187.png 300w, https:\/\/apuntesdesanluis.com\/wp-content\/uploads\/2024\/11\/hector-flores.png 511w\" sizes=\"(max-width: 496px) 100vw, 496px\" \/><\/h3>\n<h3><strong>\u2026\u2026\u2026\u2026\u2026<\/strong><\/h3>\n<h3><strong>\u00bfQu\u00e9 har\u00e1 Mori\u00f1igo?<\/strong> Una fuente de su entorno asegur\u00f3 que despu\u00e9s de muchos a\u00f1os, el actual rector <strong>V\u00edctor Mori\u00f1igo<\/strong> tendr\u00eda decidido no ocupar ninguna candidatura ni lugar en el futuro equipo de gesti\u00f3n de la UNSL.<\/h3>\n<h3><img loading=\"lazy\" decoding=\"async\" class=\"wp-image-25334 aligncenter\" src=\"https:\/\/apuntesdesanluis.com\/wp-content\/uploads\/2024\/11\/morinigo-1-300x182.png\" alt=\"\" width=\"514\" height=\"312\" srcset=\"https:\/\/apuntesdesanluis.com\/wp-content\/uploads\/2024\/11\/morinigo-1-300x182.png 300w, https:\/\/apuntesdesanluis.com\/wp-content\/uploads\/2024\/11\/morinigo-1.png 580w\" sizes=\"(max-width: 514px) 100vw, 514px\" \/><\/h3>\n<h3>Teniendo en cuenta que posee una excelente imagen, sumado a su formaci\u00f3n y buena relaci\u00f3n con Poggi, los estrategas electorales de Terrazas eval\u00faan dos opciones: ofrecerle un cargo en un ministerio o que encabece la lista de candidatos a diputados provinciales por el Departamento Pueyrred\u00f3n.<\/h3>\n<p>&nbsp;<\/p>\n<p>&nbsp;<\/p>\n","protected":false},"excerpt":{"rendered":"<p>Aunque para el com\u00fan de los mortales sus preocupaciones pasan por pagar las cuentas y&#8230;<\/p>\n","protected":false},"author":1,"featured_media":25336,"comment_status":"closed","ping_status":"closed","sticky":false,"template":"","format":"standard","meta":{"footnotes":""},"categories":[9],"tags":[],"class_list":["post-25322","post","type-post","status-publish","format-standard","has-post-thumbnail","hentry","category-opinion"],"yoast_head":"<!-- This site is optimized with the Yoast SEO plugin v26.1.1 - https:\/\/yoast.com\/wordpress\/plugins\/seo\/ -->\n<title>KaMvaLacHe (recargado) - Apuntes de San Luis<\/title>\n<meta name=\"robots\" content=\"index, follow, max-snippet:-1, max-image-preview:large, max-video-preview:-1\" \/>\n<link rel=\"canonical\" href=\"https:\/\/apuntesdesanluis.com\/index.php\/2024\/11\/17\/kamvalache-recargado\/\" \/>\n<meta property=\"og:locale\" content=\"es_ES\" \/>\n<meta property=\"og:type\" content=\"article\" \/>\n<meta property=\"og:title\" content=\"KaMvaLacHe (recargado) - Apuntes de San Luis\" \/>\n<meta property=\"og:description\" content=\"Aunque para el com\u00fan de los mortales sus preocupaciones pasan por pagar las cuentas y...\" \/>\n<meta property=\"og:url\" content=\"https:\/\/apuntesdesanluis.com\/index.php\/2024\/11\/17\/kamvalache-recargado\/\" \/>\n<meta property=\"og:site_name\" content=\"Apuntes de San Luis\" \/>\n<meta property=\"article:published_time\" content=\"2024-11-17T15:16:57+00:00\" \/>\n<meta property=\"article:modified_time\" content=\"2024-11-17T17:50:53+00:00\" \/>\n<meta property=\"og:image\" content=\"https:\/\/apuntesdesanluis.com\/wp-content\/uploads\/2024\/11\/diablito.png\" \/>\n\t<meta property=\"og:image:width\" content=\"504\" \/>\n\t<meta property=\"og:image:height\" content=\"345\" \/>\n\t<meta property=\"og:image:type\" content=\"image\/png\" \/>\n<meta name=\"author\" content=\"apuntesdesanluis.com\" \/>\n<meta name=\"twitter:card\" content=\"summary_large_image\" \/>\n<meta name=\"twitter:label1\" content=\"Escrito por\" \/>\n\t<meta name=\"twitter:data1\" content=\"apuntesdesanluis.com\" \/>\n\t<meta name=\"twitter:label2\" content=\"Tiempo de lectura\" \/>\n\t<meta name=\"twitter:data2\" content=\"10 minutos\" \/>\n<script type=\"application\/ld+json\" class=\"yoast-schema-graph\">{\"@context\":\"https:\/\/schema.org\",\"@graph\":[{\"@type\":\"Article\",\"@id\":\"https:\/\/apuntesdesanluis.com\/index.php\/2024\/11\/17\/kamvalache-recargado\/#article\",\"isPartOf\":{\"@id\":\"https:\/\/apuntesdesanluis.com\/index.php\/2024\/11\/17\/kamvalache-recargado\/\"},\"author\":{\"name\":\"apuntesdesanluis.com\",\"@id\":\"https:\/\/apuntesdesanluis.com\/#\/schema\/person\/b55151d52296fcce64d1a72538a70b90\"},\"headline\":\"KaMvaLacHe (recargado)\",\"datePublished\":\"2024-11-17T15:16:57+00:00\",\"dateModified\":\"2024-11-17T17:50:53+00:00\",\"mainEntityOfPage\":{\"@id\":\"https:\/\/apuntesdesanluis.com\/index.php\/2024\/11\/17\/kamvalache-recargado\/\"},\"wordCount\":1604,\"publisher\":{\"@id\":\"https:\/\/apuntesdesanluis.com\/#\/schema\/person\/b55151d52296fcce64d1a72538a70b90\"},\"image\":{\"@id\":\"https:\/\/apuntesdesanluis.com\/index.php\/2024\/11\/17\/kamvalache-recargado\/#primaryimage\"},\"thumbnailUrl\":\"https:\/\/apuntesdesanluis.com\/wp-content\/uploads\/2024\/11\/diablito.png\",\"articleSection\":[\"Opini\u00f3n\"],\"inLanguage\":\"es-AR\"},{\"@type\":\"WebPage\",\"@id\":\"https:\/\/apuntesdesanluis.com\/index.php\/2024\/11\/17\/kamvalache-recargado\/\",\"url\":\"https:\/\/apuntesdesanluis.com\/index.php\/2024\/11\/17\/kamvalache-recargado\/\",\"name\":\"KaMvaLacHe (recargado) - Apuntes de San Luis\",\"isPartOf\":{\"@id\":\"https:\/\/apuntesdesanluis.com\/#website\"},\"primaryImageOfPage\":{\"@id\":\"https:\/\/apuntesdesanluis.com\/index.php\/2024\/11\/17\/kamvalache-recargado\/#primaryimage\"},\"image\":{\"@id\":\"https:\/\/apuntesdesanluis.com\/index.php\/2024\/11\/17\/kamvalache-recargado\/#primaryimage\"},\"thumbnailUrl\":\"https:\/\/apuntesdesanluis.com\/wp-content\/uploads\/2024\/11\/diablito.png\",\"datePublished\":\"2024-11-17T15:16:57+00:00\",\"dateModified\":\"2024-11-17T17:50:53+00:00\",\"breadcrumb\":{\"@id\":\"https:\/\/apuntesdesanluis.com\/index.php\/2024\/11\/17\/kamvalache-recargado\/#breadcrumb\"},\"inLanguage\":\"es-AR\",\"potentialAction\":[{\"@type\":\"ReadAction\",\"target\":[\"https:\/\/apuntesdesanluis.com\/index.php\/2024\/11\/17\/kamvalache-recargado\/\"]}]},{\"@type\":\"ImageObject\",\"inLanguage\":\"es-AR\",\"@id\":\"https:\/\/apuntesdesanluis.com\/index.php\/2024\/11\/17\/kamvalache-recargado\/#primaryimage\",\"url\":\"https:\/\/apuntesdesanluis.com\/wp-content\/uploads\/2024\/11\/diablito.png\",\"contentUrl\":\"https:\/\/apuntesdesanluis.com\/wp-content\/uploads\/2024\/11\/diablito.png\",\"width\":504,\"height\":345},{\"@type\":\"BreadcrumbList\",\"@id\":\"https:\/\/apuntesdesanluis.com\/index.php\/2024\/11\/17\/kamvalache-recargado\/#breadcrumb\",\"itemListElement\":[{\"@type\":\"ListItem\",\"position\":1,\"name\":\"Inicio\",\"item\":\"https:\/\/apuntesdesanluis.com\/\"},{\"@type\":\"ListItem\",\"position\":2,\"name\":\"KaMvaLacHe (recargado)\"}]},{\"@type\":\"WebSite\",\"@id\":\"https:\/\/apuntesdesanluis.com\/#website\",\"url\":\"https:\/\/apuntesdesanluis.com\/\",\"name\":\"Apuntes de San Luis\",\"description\":\"\",\"publisher\":{\"@id\":\"https:\/\/apuntesdesanluis.com\/#\/schema\/person\/b55151d52296fcce64d1a72538a70b90\"},\"potentialAction\":[{\"@type\":\"SearchAction\",\"target\":{\"@type\":\"EntryPoint\",\"urlTemplate\":\"https:\/\/apuntesdesanluis.com\/?s={search_term_string}\"},\"query-input\":{\"@type\":\"PropertyValueSpecification\",\"valueRequired\":true,\"valueName\":\"search_term_string\"}}],\"inLanguage\":\"es-AR\"},{\"@type\":[\"Person\",\"Organization\"],\"@id\":\"https:\/\/apuntesdesanluis.com\/#\/schema\/person\/b55151d52296fcce64d1a72538a70b90\",\"name\":\"apuntesdesanluis.com\",\"image\":{\"@type\":\"ImageObject\",\"inLanguage\":\"es-AR\",\"@id\":\"https:\/\/apuntesdesanluis.com\/#\/schema\/person\/image\/\",\"url\":\"https:\/\/apuntesdesanluis.com\/wp-content\/uploads\/2023\/07\/cropped-apuntesdesanluis.png\",\"contentUrl\":\"https:\/\/apuntesdesanluis.com\/wp-content\/uploads\/2023\/07\/cropped-apuntesdesanluis.png\",\"width\":450,\"height\":112,\"caption\":\"apuntesdesanluis.com\"},\"logo\":{\"@id\":\"https:\/\/apuntesdesanluis.com\/#\/schema\/person\/image\/\"},\"sameAs\":[\"https:\/\/apuntesdesanluis.com\"],\"url\":\"https:\/\/apuntesdesanluis.com\/index.php\/author\/apuntesdesanluis-com\/\"}]}<\/script>\n<!-- \/ Yoast SEO plugin. -->","yoast_head_json":{"title":"KaMvaLacHe (recargado) - Apuntes de San Luis","robots":{"index":"index","follow":"follow","max-snippet":"max-snippet:-1","max-image-preview":"max-image-preview:large","max-video-preview":"max-video-preview:-1"},"canonical":"https:\/\/apuntesdesanluis.com\/index.php\/2024\/11\/17\/kamvalache-recargado\/","og_locale":"es_ES","og_type":"article","og_title":"KaMvaLacHe (recargado) - Apuntes de San Luis","og_description":"Aunque para el com\u00fan de los mortales sus preocupaciones pasan por pagar las cuentas y...","og_url":"https:\/\/apuntesdesanluis.com\/index.php\/2024\/11\/17\/kamvalache-recargado\/","og_site_name":"Apuntes de San Luis","article_published_time":"2024-11-17T15:16:57+00:00","article_modified_time":"2024-11-17T17:50:53+00:00","og_image":[{"width":504,"height":345,"url":"https:\/\/apuntesdesanluis.com\/wp-content\/uploads\/2024\/11\/diablito.png","type":"image\/png"}],"author":"apuntesdesanluis.com","twitter_card":"summary_large_image","twitter_misc":{"Escrito por":"apuntesdesanluis.com","Tiempo de lectura":"10 minutos"},"schema":{"@context":"https:\/\/schema.org","@graph":[{"@type":"Article","@id":"https:\/\/apuntesdesanluis.com\/index.php\/2024\/11\/17\/kamvalache-recargado\/#article","isPartOf":{"@id":"https:\/\/apuntesdesanluis.com\/index.php\/2024\/11\/17\/kamvalache-recargado\/"},"author":{"name":"apuntesdesanluis.com","@id":"https:\/\/apuntesdesanluis.com\/#\/schema\/person\/b55151d52296fcce64d1a72538a70b90"},"headline":"KaMvaLacHe (recargado)","datePublished":"2024-11-17T15:16:57+00:00","dateModified":"2024-11-17T17:50:53+00:00","mainEntityOfPage":{"@id":"https:\/\/apuntesdesanluis.com\/index.php\/2024\/11\/17\/kamvalache-recargado\/"},"wordCount":1604,"publisher":{"@id":"https:\/\/apuntesdesanluis.com\/#\/schema\/person\/b55151d52296fcce64d1a72538a70b90"},"image":{"@id":"https:\/\/apuntesdesanluis.com\/index.php\/2024\/11\/17\/kamvalache-recargado\/#primaryimage"},"thumbnailUrl":"https:\/\/apuntesdesanluis.com\/wp-content\/uploads\/2024\/11\/diablito.png","articleSection":["Opini\u00f3n"],"inLanguage":"es-AR"},{"@type":"WebPage","@id":"https:\/\/apuntesdesanluis.com\/index.php\/2024\/11\/17\/kamvalache-recargado\/","url":"https:\/\/apuntesdesanluis.com\/index.php\/2024\/11\/17\/kamvalache-recargado\/","name":"KaMvaLacHe (recargado) - Apuntes de San Luis","isPartOf":{"@id":"https:\/\/apuntesdesanluis.com\/#website"},"primaryImageOfPage":{"@id":"https:\/\/apuntesdesanluis.com\/index.php\/2024\/11\/17\/kamvalache-recargado\/#primaryimage"},"image":{"@id":"https:\/\/apuntesdesanluis.com\/index.php\/2024\/11\/17\/kamvalache-recargado\/#primaryimage"},"thumbnailUrl":"https:\/\/apuntesdesanluis.com\/wp-content\/uploads\/2024\/11\/diablito.png","datePublished":"2024-11-17T15:16:57+00:00","dateModified":"2024-11-17T17:50:53+00:00","breadcrumb":{"@id":"https:\/\/apuntesdesanluis.com\/index.php\/2024\/11\/17\/kamvalache-recargado\/#breadcrumb"},"inLanguage":"es-AR","potentialAction":[{"@type":"ReadAction","target":["https:\/\/apuntesdesanluis.com\/index.php\/2024\/11\/17\/kamvalache-recargado\/"]}]},{"@type":"ImageObject","inLanguage":"es-AR","@id":"https:\/\/apuntesdesanluis.com\/index.php\/2024\/11\/17\/kamvalache-recargado\/#primaryimage","url":"https:\/\/apuntesdesanluis.com\/wp-content\/uploads\/2024\/11\/diablito.png","contentUrl":"https:\/\/apuntesdesanluis.com\/wp-content\/uploads\/2024\/11\/diablito.png","width":504,"height":345},{"@type":"BreadcrumbList","@id":"https:\/\/apuntesdesanluis.com\/index.php\/2024\/11\/17\/kamvalache-recargado\/#breadcrumb","itemListElement":[{"@type":"ListItem","position":1,"name":"Inicio","item":"https:\/\/apuntesdesanluis.com\/"},{"@type":"ListItem","position":2,"name":"KaMvaLacHe (recargado)"}]},{"@type":"WebSite","@id":"https:\/\/apuntesdesanluis.com\/#website","url":"https:\/\/apuntesdesanluis.com\/","name":"Apuntes de San Luis","description":"","publisher":{"@id":"https:\/\/apuntesdesanluis.com\/#\/schema\/person\/b55151d52296fcce64d1a72538a70b90"},"potentialAction":[{"@type":"SearchAction","target":{"@type":"EntryPoint","urlTemplate":"https:\/\/apuntesdesanluis.com\/?s={search_term_string}"},"query-input":{"@type":"PropertyValueSpecification","valueRequired":true,"valueName":"search_term_string"}}],"inLanguage":"es-AR"},{"@type":["Person","Organization"],"@id":"https:\/\/apuntesdesanluis.com\/#\/schema\/person\/b55151d52296fcce64d1a72538a70b90","name":"apuntesdesanluis.com","image":{"@type":"ImageObject","inLanguage":"es-AR","@id":"https:\/\/apuntesdesanluis.com\/#\/schema\/person\/image\/","url":"https:\/\/apuntesdesanluis.com\/wp-content\/uploads\/2023\/07\/cropped-apuntesdesanluis.png","contentUrl":"https:\/\/apuntesdesanluis.com\/wp-content\/uploads\/2023\/07\/cropped-apuntesdesanluis.png","width":450,"height":112,"caption":"apuntesdesanluis.com"},"logo":{"@id":"https:\/\/apuntesdesanluis.com\/#\/schema\/person\/image\/"},"sameAs":["https:\/\/apuntesdesanluis.com"],"url":"https:\/\/apuntesdesanluis.com\/index.php\/author\/apuntesdesanluis-com\/"}]}},"featured_image_urls":{"full":["https:\/\/apuntesdesanluis.com\/wp-content\/uploads\/2024\/11\/diablito.png",504,345,false],"thumbnail":["https:\/\/apuntesdesanluis.com\/wp-content\/uploads\/2024\/11\/diablito-150x150.png",150,150,true],"medium":["https:\/\/apuntesdesanluis.com\/wp-content\/uploads\/2024\/11\/diablito-300x205.png",300,205,true],"medium_large":["https:\/\/apuntesdesanluis.com\/wp-content\/uploads\/2024\/11\/diablito.png",504,345,false],"large":["https:\/\/apuntesdesanluis.com\/wp-content\/uploads\/2024\/11\/diablito.png",504,345,false],"1536x1536":["https:\/\/apuntesdesanluis.com\/wp-content\/uploads\/2024\/11\/diablito.png",504,345,false],"2048x2048":["https:\/\/apuntesdesanluis.com\/wp-content\/uploads\/2024\/11\/diablito.png",504,345,false],"newsever-slider-full":["https:\/\/apuntesdesanluis.com\/wp-content\/uploads\/2024\/11\/diablito.png",504,345,false],"newsever-featured":["https:\/\/apuntesdesanluis.com\/wp-content\/uploads\/2024\/11\/diablito.png",504,345,false],"newsever-medium":["https:\/\/apuntesdesanluis.com\/wp-content\/uploads\/2024\/11\/diablito.png",504,345,false]},"author_info":{"display_name":"apuntesdesanluis.com","author_link":"https:\/\/apuntesdesanluis.com\/index.php\/author\/apuntesdesanluis-com\/"},"category_info":"<a href=\"https:\/\/apuntesdesanluis.com\/index.php\/category\/opinion\/\" rel=\"category tag\">Opini\u00f3n<\/a>","tag_info":"Opini\u00f3n","comment_count":"0","_links":{"self":[{"href":"https:\/\/apuntesdesanluis.com\/index.php\/wp-json\/wp\/v2\/posts\/25322","targetHints":{"allow":["GET"]}}],"collection":[{"href":"https:\/\/apuntesdesanluis.com\/index.php\/wp-json\/wp\/v2\/posts"}],"about":[{"href":"https:\/\/apuntesdesanluis.com\/index.php\/wp-json\/wp\/v2\/types\/post"}],"author":[{"embeddable":true,"href":"https:\/\/apuntesdesanluis.com\/index.php\/wp-json\/wp\/v2\/users\/1"}],"replies":[{"embeddable":true,"href":"https:\/\/apuntesdesanluis.com\/index.php\/wp-json\/wp\/v2\/comments?post=25322"}],"version-history":[{"count":6,"href":"https:\/\/apuntesdesanluis.com\/index.php\/wp-json\/wp\/v2\/posts\/25322\/revisions"}],"predecessor-version":[{"id":25341,"href":"https:\/\/apuntesdesanluis.com\/index.php\/wp-json\/wp\/v2\/posts\/25322\/revisions\/25341"}],"wp:featuredmedia":[{"embeddable":true,"href":"https:\/\/apuntesdesanluis.com\/index.php\/wp-json\/wp\/v2\/media\/25336"}],"wp:attachment":[{"href":"https:\/\/apuntesdesanluis.com\/index.php\/wp-json\/wp\/v2\/media?parent=25322"}],"wp:term":[{"taxonomy":"category","embeddable":true,"href":"https:\/\/apuntesdesanluis.com\/index.php\/wp-json\/wp\/v2\/categories?post=25322"},{"taxonomy":"post_tag","embeddable":true,"href":"https:\/\/apuntesdesanluis.com\/index.php\/wp-json\/wp\/v2\/tags?post=25322"}],"curies":[{"name":"wp","href":"https:\/\/api.w.org\/{rel}","templated":true}]}}