{"id":25347,"date":"2024-11-17T09:10:21","date_gmt":"2024-11-17T12:10:21","guid":{"rendered":"https:\/\/apuntesdesanluis.com\/?p=25347"},"modified":"2024-11-18T09:12:10","modified_gmt":"2024-11-18T12:12:10","slug":"sospechoso-un-joven-llevaba-en-el-baul-un-ternero-faenado","status":"publish","type":"post","link":"https:\/\/apuntesdesanluis.com\/index.php\/2024\/11\/17\/sospechoso-un-joven-llevaba-en-el-baul-un-ternero-faenado\/","title":{"rendered":"SOSPECHOSO: UN JOVEN LLEVABA EN EL BA\u00daL UN TERNERO FAENADO"},"content":{"rendered":"<h3>Lo descubri\u00f3 la polic\u00eda de Merlo el s\u00e1bado por la noche, en un procedimiento en Cerro de Oro al interceptar un autom\u00f3vil Chevrolet Corsa, conducido por un hombre de 24 a\u00f1os, sobre la calle Cuesta del Cerro.<\/h3>\n<h3>Tras una requisa vehicular, los polic\u00edas constataron que el sujeto trasladaba un animal bovino faenado en el ba\u00fal.<\/h3>\n<h3>El sujeto no supo justificar la procedencia del animal sin vida, por lo que se le dio intervenci\u00f3n a la Fiscal\u00eda de Instrucci\u00f3n de turno, a cargo de la Dra. Lucila Giampieri, quien orden\u00f3 que personal de Bromatolog\u00eda de Villa de Merlo realice el secuestro del animal faenado.<\/h3>\n<p>&nbsp;<\/p>\n<p>&nbsp;<\/p>\n<p>&nbsp;<\/p>\n","protected":false},"excerpt":{"rendered":"<p>Lo descubri\u00f3 la polic\u00eda de Merlo el s\u00e1bado por la noche, en un procedimiento en&#8230;<\/p>\n","protected":false},"author":1,"featured_media":25348,"comment_status":"closed","ping_status":"closed","sticky":false,"template":"","format":"standard","meta":{"footnotes":""},"categories":[6],"tags":[],"class_list":["post-25347","post","type-post","status-publish","format-standard","has-post-thumbnail","hentry","category-ciudad-provincia"],"yoast_head":"<!-- This site is optimized with the Yoast SEO plugin v26.1.1 - https:\/\/yoast.com\/wordpress\/plugins\/seo\/ -->\n<title>SOSPECHOSO: UN JOVEN LLEVABA EN EL BA\u00daL UN TERNERO FAENADO - Apuntes de San Luis<\/title>\n<meta name=\"robots\" content=\"index, follow, max-snippet:-1, max-image-preview:large, max-video-preview:-1\" \/>\n<link rel=\"canonical\" href=\"https:\/\/apuntesdesanluis.com\/index.php\/2024\/11\/17\/sospechoso-un-joven-llevaba-en-el-baul-un-ternero-faenado\/\" \/>\n<meta property=\"og:locale\" content=\"es_ES\" \/>\n<meta property=\"og:type\" content=\"article\" \/>\n<meta property=\"og:title\" content=\"SOSPECHOSO: UN JOVEN LLEVABA EN EL BA\u00daL UN TERNERO FAENADO - Apuntes de San Luis\" \/>\n<meta property=\"og:description\" content=\"Lo descubri\u00f3 la polic\u00eda de Merlo el s\u00e1bado por la noche, en un procedimiento en...\" \/>\n<meta property=\"og:url\" content=\"https:\/\/apuntesdesanluis.com\/index.php\/2024\/11\/17\/sospechoso-un-joven-llevaba-en-el-baul-un-ternero-faenado\/\" \/>\n<meta property=\"og:site_name\" content=\"Apuntes de San Luis\" \/>\n<meta property=\"article:published_time\" content=\"2024-11-17T12:10:21+00:00\" \/>\n<meta property=\"article:modified_time\" content=\"2024-11-18T12:12:10+00:00\" \/>\n<meta property=\"og:image\" content=\"https:\/\/apuntesdesanluis.com\/wp-content\/uploads\/2024\/11\/Imagen-de-WhatsApp-2024-11-17-a-las-20.50.21_34539018.jpg\" \/>\n\t<meta property=\"og:image:width\" content=\"700\" \/>\n\t<meta property=\"og:image:height\" content=\"451\" \/>\n\t<meta property=\"og:image:type\" content=\"image\/jpeg\" \/>\n<meta name=\"author\" content=\"apuntesdesanluis.com\" \/>\n<meta name=\"twitter:card\" content=\"summary_large_image\" \/>\n<meta name=\"twitter:label1\" content=\"Escrito por\" \/>\n\t<meta name=\"twitter:data1\" content=\"apuntesdesanluis.com\" \/>\n\t<meta name=\"twitter:label2\" content=\"Tiempo de lectura\" \/>\n\t<meta name=\"twitter:data2\" content=\"1 minuto\" \/>\n<script type=\"application\/ld+json\" class=\"yoast-schema-graph\">{\"@context\":\"https:\/\/schema.org\",\"@graph\":[{\"@type\":\"Article\",\"@id\":\"https:\/\/apuntesdesanluis.com\/index.php\/2024\/11\/17\/sospechoso-un-joven-llevaba-en-el-baul-un-ternero-faenado\/#article\",\"isPartOf\":{\"@id\":\"https:\/\/apuntesdesanluis.com\/index.php\/2024\/11\/17\/sospechoso-un-joven-llevaba-en-el-baul-un-ternero-faenado\/\"},\"author\":{\"name\":\"apuntesdesanluis.com\",\"@id\":\"https:\/\/apuntesdesanluis.com\/#\/schema\/person\/b55151d52296fcce64d1a72538a70b90\"},\"headline\":\"SOSPECHOSO: UN JOVEN LLEVABA EN EL BA\u00daL UN TERNERO FAENADO\",\"datePublished\":\"2024-11-17T12:10:21+00:00\",\"dateModified\":\"2024-11-18T12:12:10+00:00\",\"mainEntityOfPage\":{\"@id\":\"https:\/\/apuntesdesanluis.com\/index.php\/2024\/11\/17\/sospechoso-un-joven-llevaba-en-el-baul-un-ternero-faenado\/\"},\"wordCount\":126,\"publisher\":{\"@id\":\"https:\/\/apuntesdesanluis.com\/#\/schema\/person\/b55151d52296fcce64d1a72538a70b90\"},\"image\":{\"@id\":\"https:\/\/apuntesdesanluis.com\/index.php\/2024\/11\/17\/sospechoso-un-joven-llevaba-en-el-baul-un-ternero-faenado\/#primaryimage\"},\"thumbnailUrl\":\"https:\/\/apuntesdesanluis.com\/wp-content\/uploads\/2024\/11\/Imagen-de-WhatsApp-2024-11-17-a-las-20.50.21_34539018.jpg\",\"articleSection\":[\"Ciudad\/Provincia\"],\"inLanguage\":\"es-AR\"},{\"@type\":\"WebPage\",\"@id\":\"https:\/\/apuntesdesanluis.com\/index.php\/2024\/11\/17\/sospechoso-un-joven-llevaba-en-el-baul-un-ternero-faenado\/\",\"url\":\"https:\/\/apuntesdesanluis.com\/index.php\/2024\/11\/17\/sospechoso-un-joven-llevaba-en-el-baul-un-ternero-faenado\/\",\"name\":\"SOSPECHOSO: UN JOVEN LLEVABA EN EL BA\u00daL UN TERNERO FAENADO - Apuntes de San Luis\",\"isPartOf\":{\"@id\":\"https:\/\/apuntesdesanluis.com\/#website\"},\"primaryImageOfPage\":{\"@id\":\"https:\/\/apuntesdesanluis.com\/index.php\/2024\/11\/17\/sospechoso-un-joven-llevaba-en-el-baul-un-ternero-faenado\/#primaryimage\"},\"image\":{\"@id\":\"https:\/\/apuntesdesanluis.com\/index.php\/2024\/11\/17\/sospechoso-un-joven-llevaba-en-el-baul-un-ternero-faenado\/#primaryimage\"},\"thumbnailUrl\":\"https:\/\/apuntesdesanluis.com\/wp-content\/uploads\/2024\/11\/Imagen-de-WhatsApp-2024-11-17-a-las-20.50.21_34539018.jpg\",\"datePublished\":\"2024-11-17T12:10:21+00:00\",\"dateModified\":\"2024-11-18T12:12:10+00:00\",\"breadcrumb\":{\"@id\":\"https:\/\/apuntesdesanluis.com\/index.php\/2024\/11\/17\/sospechoso-un-joven-llevaba-en-el-baul-un-ternero-faenado\/#breadcrumb\"},\"inLanguage\":\"es-AR\",\"potentialAction\":[{\"@type\":\"ReadAction\",\"target\":[\"https:\/\/apuntesdesanluis.com\/index.php\/2024\/11\/17\/sospechoso-un-joven-llevaba-en-el-baul-un-ternero-faenado\/\"]}]},{\"@type\":\"ImageObject\",\"inLanguage\":\"es-AR\",\"@id\":\"https:\/\/apuntesdesanluis.com\/index.php\/2024\/11\/17\/sospechoso-un-joven-llevaba-en-el-baul-un-ternero-faenado\/#primaryimage\",\"url\":\"https:\/\/apuntesdesanluis.com\/wp-content\/uploads\/2024\/11\/Imagen-de-WhatsApp-2024-11-17-a-las-20.50.21_34539018.jpg\",\"contentUrl\":\"https:\/\/apuntesdesanluis.com\/wp-content\/uploads\/2024\/11\/Imagen-de-WhatsApp-2024-11-17-a-las-20.50.21_34539018.jpg\",\"width\":700,\"height\":451},{\"@type\":\"BreadcrumbList\",\"@id\":\"https:\/\/apuntesdesanluis.com\/index.php\/2024\/11\/17\/sospechoso-un-joven-llevaba-en-el-baul-un-ternero-faenado\/#breadcrumb\",\"itemListElement\":[{\"@type\":\"ListItem\",\"position\":1,\"name\":\"Inicio\",\"item\":\"https:\/\/apuntesdesanluis.com\/\"},{\"@type\":\"ListItem\",\"position\":2,\"name\":\"SOSPECHOSO: UN JOVEN LLEVABA EN EL BA\u00daL UN TERNERO FAENADO\"}]},{\"@type\":\"WebSite\",\"@id\":\"https:\/\/apuntesdesanluis.com\/#website\",\"url\":\"https:\/\/apuntesdesanluis.com\/\",\"name\":\"Apuntes de San Luis\",\"description\":\"\",\"publisher\":{\"@id\":\"https:\/\/apuntesdesanluis.com\/#\/schema\/person\/b55151d52296fcce64d1a72538a70b90\"},\"potentialAction\":[{\"@type\":\"SearchAction\",\"target\":{\"@type\":\"EntryPoint\",\"urlTemplate\":\"https:\/\/apuntesdesanluis.com\/?s={search_term_string}\"},\"query-input\":{\"@type\":\"PropertyValueSpecification\",\"valueRequired\":true,\"valueName\":\"search_term_string\"}}],\"inLanguage\":\"es-AR\"},{\"@type\":[\"Person\",\"Organization\"],\"@id\":\"https:\/\/apuntesdesanluis.com\/#\/schema\/person\/b55151d52296fcce64d1a72538a70b90\",\"name\":\"apuntesdesanluis.com\",\"image\":{\"@type\":\"ImageObject\",\"inLanguage\":\"es-AR\",\"@id\":\"https:\/\/apuntesdesanluis.com\/#\/schema\/person\/image\/\",\"url\":\"https:\/\/apuntesdesanluis.com\/wp-content\/uploads\/2023\/07\/cropped-apuntesdesanluis.png\",\"contentUrl\":\"https:\/\/apuntesdesanluis.com\/wp-content\/uploads\/2023\/07\/cropped-apuntesdesanluis.png\",\"width\":450,\"height\":112,\"caption\":\"apuntesdesanluis.com\"},\"logo\":{\"@id\":\"https:\/\/apuntesdesanluis.com\/#\/schema\/person\/image\/\"},\"sameAs\":[\"https:\/\/apuntesdesanluis.com\"],\"url\":\"https:\/\/apuntesdesanluis.com\/index.php\/author\/apuntesdesanluis-com\/\"}]}<\/script>\n<!-- \/ Yoast SEO plugin. -->","yoast_head_json":{"title":"SOSPECHOSO: UN JOVEN LLEVABA EN EL BA\u00daL UN TERNERO FAENADO - Apuntes de San Luis","robots":{"index":"index","follow":"follow","max-snippet":"max-snippet:-1","max-image-preview":"max-image-preview:large","max-video-preview":"max-video-preview:-1"},"canonical":"https:\/\/apuntesdesanluis.com\/index.php\/2024\/11\/17\/sospechoso-un-joven-llevaba-en-el-baul-un-ternero-faenado\/","og_locale":"es_ES","og_type":"article","og_title":"SOSPECHOSO: UN JOVEN LLEVABA EN EL BA\u00daL UN TERNERO FAENADO - Apuntes de San Luis","og_description":"Lo descubri\u00f3 la polic\u00eda de Merlo el s\u00e1bado por la noche, en un procedimiento en...","og_url":"https:\/\/apuntesdesanluis.com\/index.php\/2024\/11\/17\/sospechoso-un-joven-llevaba-en-el-baul-un-ternero-faenado\/","og_site_name":"Apuntes de San Luis","article_published_time":"2024-11-17T12:10:21+00:00","article_modified_time":"2024-11-18T12:12:10+00:00","og_image":[{"width":700,"height":451,"url":"https:\/\/apuntesdesanluis.com\/wp-content\/uploads\/2024\/11\/Imagen-de-WhatsApp-2024-11-17-a-las-20.50.21_34539018.jpg","type":"image\/jpeg"}],"author":"apuntesdesanluis.com","twitter_card":"summary_large_image","twitter_misc":{"Escrito por":"apuntesdesanluis.com","Tiempo de lectura":"1 minuto"},"schema":{"@context":"https:\/\/schema.org","@graph":[{"@type":"Article","@id":"https:\/\/apuntesdesanluis.com\/index.php\/2024\/11\/17\/sospechoso-un-joven-llevaba-en-el-baul-un-ternero-faenado\/#article","isPartOf":{"@id":"https:\/\/apuntesdesanluis.com\/index.php\/2024\/11\/17\/sospechoso-un-joven-llevaba-en-el-baul-un-ternero-faenado\/"},"author":{"name":"apuntesdesanluis.com","@id":"https:\/\/apuntesdesanluis.com\/#\/schema\/person\/b55151d52296fcce64d1a72538a70b90"},"headline":"SOSPECHOSO: UN JOVEN LLEVABA EN EL BA\u00daL UN TERNERO FAENADO","datePublished":"2024-11-17T12:10:21+00:00","dateModified":"2024-11-18T12:12:10+00:00","mainEntityOfPage":{"@id":"https:\/\/apuntesdesanluis.com\/index.php\/2024\/11\/17\/sospechoso-un-joven-llevaba-en-el-baul-un-ternero-faenado\/"},"wordCount":126,"publisher":{"@id":"https:\/\/apuntesdesanluis.com\/#\/schema\/person\/b55151d52296fcce64d1a72538a70b90"},"image":{"@id":"https:\/\/apuntesdesanluis.com\/index.php\/2024\/11\/17\/sospechoso-un-joven-llevaba-en-el-baul-un-ternero-faenado\/#primaryimage"},"thumbnailUrl":"https:\/\/apuntesdesanluis.com\/wp-content\/uploads\/2024\/11\/Imagen-de-WhatsApp-2024-11-17-a-las-20.50.21_34539018.jpg","articleSection":["Ciudad\/Provincia"],"inLanguage":"es-AR"},{"@type":"WebPage","@id":"https:\/\/apuntesdesanluis.com\/index.php\/2024\/11\/17\/sospechoso-un-joven-llevaba-en-el-baul-un-ternero-faenado\/","url":"https:\/\/apuntesdesanluis.com\/index.php\/2024\/11\/17\/sospechoso-un-joven-llevaba-en-el-baul-un-ternero-faenado\/","name":"SOSPECHOSO: UN JOVEN LLEVABA EN EL BA\u00daL UN TERNERO FAENADO - Apuntes de San Luis","isPartOf":{"@id":"https:\/\/apuntesdesanluis.com\/#website"},"primaryImageOfPage":{"@id":"https:\/\/apuntesdesanluis.com\/index.php\/2024\/11\/17\/sospechoso-un-joven-llevaba-en-el-baul-un-ternero-faenado\/#primaryimage"},"image":{"@id":"https:\/\/apuntesdesanluis.com\/index.php\/2024\/11\/17\/sospechoso-un-joven-llevaba-en-el-baul-un-ternero-faenado\/#primaryimage"},"thumbnailUrl":"https:\/\/apuntesdesanluis.com\/wp-content\/uploads\/2024\/11\/Imagen-de-WhatsApp-2024-11-17-a-las-20.50.21_34539018.jpg","datePublished":"2024-11-17T12:10:21+00:00","dateModified":"2024-11-18T12:12:10+00:00","breadcrumb":{"@id":"https:\/\/apuntesdesanluis.com\/index.php\/2024\/11\/17\/sospechoso-un-joven-llevaba-en-el-baul-un-ternero-faenado\/#breadcrumb"},"inLanguage":"es-AR","potentialAction":[{"@type":"ReadAction","target":["https:\/\/apuntesdesanluis.com\/index.php\/2024\/11\/17\/sospechoso-un-joven-llevaba-en-el-baul-un-ternero-faenado\/"]}]},{"@type":"ImageObject","inLanguage":"es-AR","@id":"https:\/\/apuntesdesanluis.com\/index.php\/2024\/11\/17\/sospechoso-un-joven-llevaba-en-el-baul-un-ternero-faenado\/#primaryimage","url":"https:\/\/apuntesdesanluis.com\/wp-content\/uploads\/2024\/11\/Imagen-de-WhatsApp-2024-11-17-a-las-20.50.21_34539018.jpg","contentUrl":"https:\/\/apuntesdesanluis.com\/wp-content\/uploads\/2024\/11\/Imagen-de-WhatsApp-2024-11-17-a-las-20.50.21_34539018.jpg","width":700,"height":451},{"@type":"BreadcrumbList","@id":"https:\/\/apuntesdesanluis.com\/index.php\/2024\/11\/17\/sospechoso-un-joven-llevaba-en-el-baul-un-ternero-faenado\/#breadcrumb","itemListElement":[{"@type":"ListItem","position":1,"name":"Inicio","item":"https:\/\/apuntesdesanluis.com\/"},{"@type":"ListItem","position":2,"name":"SOSPECHOSO: UN JOVEN LLEVABA EN EL BA\u00daL UN TERNERO FAENADO"}]},{"@type":"WebSite","@id":"https:\/\/apuntesdesanluis.com\/#website","url":"https:\/\/apuntesdesanluis.com\/","name":"Apuntes de San Luis","description":"","publisher":{"@id":"https:\/\/apuntesdesanluis.com\/#\/schema\/person\/b55151d52296fcce64d1a72538a70b90"},"potentialAction":[{"@type":"SearchAction","target":{"@type":"EntryPoint","urlTemplate":"https:\/\/apuntesdesanluis.com\/?s={search_term_string}"},"query-input":{"@type":"PropertyValueSpecification","valueRequired":true,"valueName":"search_term_string"}}],"inLanguage":"es-AR"},{"@type":["Person","Organization"],"@id":"https:\/\/apuntesdesanluis.com\/#\/schema\/person\/b55151d52296fcce64d1a72538a70b90","name":"apuntesdesanluis.com","image":{"@type":"ImageObject","inLanguage":"es-AR","@id":"https:\/\/apuntesdesanluis.com\/#\/schema\/person\/image\/","url":"https:\/\/apuntesdesanluis.com\/wp-content\/uploads\/2023\/07\/cropped-apuntesdesanluis.png","contentUrl":"https:\/\/apuntesdesanluis.com\/wp-content\/uploads\/2023\/07\/cropped-apuntesdesanluis.png","width":450,"height":112,"caption":"apuntesdesanluis.com"},"logo":{"@id":"https:\/\/apuntesdesanluis.com\/#\/schema\/person\/image\/"},"sameAs":["https:\/\/apuntesdesanluis.com"],"url":"https:\/\/apuntesdesanluis.com\/index.php\/author\/apuntesdesanluis-com\/"}]}},"featured_image_urls":{"full":["https:\/\/apuntesdesanluis.com\/wp-content\/uploads\/2024\/11\/Imagen-de-WhatsApp-2024-11-17-a-las-20.50.21_34539018.jpg",700,451,false],"thumbnail":["https:\/\/apuntesdesanluis.com\/wp-content\/uploads\/2024\/11\/Imagen-de-WhatsApp-2024-11-17-a-las-20.50.21_34539018-150x150.jpg",150,150,true],"medium":["https:\/\/apuntesdesanluis.com\/wp-content\/uploads\/2024\/11\/Imagen-de-WhatsApp-2024-11-17-a-las-20.50.21_34539018-300x193.jpg",300,193,true],"medium_large":["https:\/\/apuntesdesanluis.com\/wp-content\/uploads\/2024\/11\/Imagen-de-WhatsApp-2024-11-17-a-las-20.50.21_34539018.jpg",640,412,false],"large":["https:\/\/apuntesdesanluis.com\/wp-content\/uploads\/2024\/11\/Imagen-de-WhatsApp-2024-11-17-a-las-20.50.21_34539018.jpg",640,412,false],"1536x1536":["https:\/\/apuntesdesanluis.com\/wp-content\/uploads\/2024\/11\/Imagen-de-WhatsApp-2024-11-17-a-las-20.50.21_34539018.jpg",700,451,false],"2048x2048":["https:\/\/apuntesdesanluis.com\/wp-content\/uploads\/2024\/11\/Imagen-de-WhatsApp-2024-11-17-a-las-20.50.21_34539018.jpg",700,451,false],"newsever-slider-full":["https:\/\/apuntesdesanluis.com\/wp-content\/uploads\/2024\/11\/Imagen-de-WhatsApp-2024-11-17-a-las-20.50.21_34539018.jpg",700,451,false],"newsever-featured":["https:\/\/apuntesdesanluis.com\/wp-content\/uploads\/2024\/11\/Imagen-de-WhatsApp-2024-11-17-a-las-20.50.21_34539018.jpg",700,451,false],"newsever-medium":["https:\/\/apuntesdesanluis.com\/wp-content\/uploads\/2024\/11\/Imagen-de-WhatsApp-2024-11-17-a-las-20.50.21_34539018.jpg",700,451,false]},"author_info":{"display_name":"apuntesdesanluis.com","author_link":"https:\/\/apuntesdesanluis.com\/index.php\/author\/apuntesdesanluis-com\/"},"category_info":"<a href=\"https:\/\/apuntesdesanluis.com\/index.php\/category\/ciudad-provincia\/\" rel=\"category tag\">Ciudad\/Provincia<\/a>","tag_info":"Ciudad\/Provincia","comment_count":"0","_links":{"self":[{"href":"https:\/\/apuntesdesanluis.com\/index.php\/wp-json\/wp\/v2\/posts\/25347","targetHints":{"allow":["GET"]}}],"collection":[{"href":"https:\/\/apuntesdesanluis.com\/index.php\/wp-json\/wp\/v2\/posts"}],"about":[{"href":"https:\/\/apuntesdesanluis.com\/index.php\/wp-json\/wp\/v2\/types\/post"}],"author":[{"embeddable":true,"href":"https:\/\/apuntesdesanluis.com\/index.php\/wp-json\/wp\/v2\/users\/1"}],"replies":[{"embeddable":true,"href":"https:\/\/apuntesdesanluis.com\/index.php\/wp-json\/wp\/v2\/comments?post=25347"}],"version-history":[{"count":1,"href":"https:\/\/apuntesdesanluis.com\/index.php\/wp-json\/wp\/v2\/posts\/25347\/revisions"}],"predecessor-version":[{"id":25349,"href":"https:\/\/apuntesdesanluis.com\/index.php\/wp-json\/wp\/v2\/posts\/25347\/revisions\/25349"}],"wp:featuredmedia":[{"embeddable":true,"href":"https:\/\/apuntesdesanluis.com\/index.php\/wp-json\/wp\/v2\/media\/25348"}],"wp:attachment":[{"href":"https:\/\/apuntesdesanluis.com\/index.php\/wp-json\/wp\/v2\/media?parent=25347"}],"wp:term":[{"taxonomy":"category","embeddable":true,"href":"https:\/\/apuntesdesanluis.com\/index.php\/wp-json\/wp\/v2\/categories?post=25347"},{"taxonomy":"post_tag","embeddable":true,"href":"https:\/\/apuntesdesanluis.com\/index.php\/wp-json\/wp\/v2\/tags?post=25347"}],"curies":[{"name":"wp","href":"https:\/\/api.w.org\/{rel}","templated":true}]}}