{"id":25350,"date":"2024-11-18T09:21:06","date_gmt":"2024-11-18T12:21:06","guid":{"rendered":"https:\/\/apuntesdesanluis.com\/?p=25350"},"modified":"2024-11-18T09:39:40","modified_gmt":"2024-11-18T12:39:40","slug":"lanzaron-la-agrupacion-las-fuerzas-del-cielo-como-el-brazo-armado-de-milei","status":"publish","type":"post","link":"https:\/\/apuntesdesanluis.com\/index.php\/2024\/11\/18\/lanzaron-la-agrupacion-las-fuerzas-del-cielo-como-el-brazo-armado-de-milei\/","title":{"rendered":"LANZARON LA AGRUPACI\u00d3N &#8220;LAS FUERZAS DEL CIELO&#8221; COMO EL &#8220;BRAZO ARMADO&#8221; DE MILEI"},"content":{"rendered":"<h3>Santiago Caputo lanz\u00f3 el &#8220;brazo armado&#8221; de los libertarios en un teatro de San Miguel que sus adl\u00e1teres decoraron con una est\u00e9tica a lo Benito Mussolini.<\/h3>\n<h3>Funcionarios nacionales, dirigentes y referentes de las redes sociales identificados con La Libertad Avanza (LLA) lanzaron la agrupaci\u00f3n pol\u00edtica &#8220;Las fuerzas del cielo&#8221;, con el objetivo de defender la gesti\u00f3n y respaldar al presidente Javier Milei.<\/h3>\n<h3>El influencer <strong>Daniel Parisini<\/strong>, conocido <strong>&#8220;Gordo Dan&#8221;<\/strong>, fue uno de los organizadores y present\u00f3 el espacio como \u201cel brazo armado\u201d de los libertarios.\u00a0\u201cLa agrupaci\u00f3n que se est\u00e1 formando hoy aqu\u00ed es el brazo armado de La Libertad Avanza\u201d, recalc\u00f3 Parisini al abrir los discursos.<\/h3>\n<h3>El Gordo Dan, Agust\u00edn Romo y Agust\u00edn Laje se subieron a un escenario en el que colgaban las banderas banner t\u00edpicas del fascismo. En ellas se le\u00edan las palabras &#8220;propiedad&#8221;, &#8220;libertad&#8221;, &#8220;vida&#8221;, &#8220;Dios&#8221;, &#8220;patria&#8221; y &#8220;familia&#8221;.<\/h3>\n<h3>&#8220;Argentina ser\u00e1 el faro que ilumina el mundo&#8221;, dec\u00eda la bandera central. Una alusi\u00f3n al Faro del Duce, la &#8220;Rocca delle Caminate&#8221; que Mussolini convirti\u00f3 en su residencia veraniega en la regi\u00f3n de Emilia-Romagna. La luz iluminada del faro indicaba la presencia del l\u00edder fascista en ese fort\u00edn medieval restaurado.<\/h3>\n<p><iframe title=\"El Gordo Dan lanza el &quot;brazo armado&quot; libertario\" width=\"640\" height=\"360\" src=\"https:\/\/www.youtube.com\/embed\/LCcMhLzp8zo?feature=oembed\" frameborder=\"0\" allow=\"accelerometer; autoplay; clipboard-write; encrypted-media; gyroscope; picture-in-picture; web-share\" referrerpolicy=\"strict-origin-when-cross-origin\" allowfullscreen><\/iframe><\/p>\n<h3>Romo y el Gordo Dan subieron cantando el atonal himno libertario &#8220;Me chupa la pija la opini\u00f3n de los kukas&#8221;. En el atril pusieron una lata de Mango Loco, la bebida energizante preferida de Javier Milei.<\/h3>\n<h3>El lanzamiento se llev\u00f3 a cabo este s\u00e1bado en la localidad bonaerense de San Miguel, donde estuvieron presentes tambi\u00e9n el secretario de Culto y Civilizaci\u00f3n, Nahuel Sotelo; el diputado nacional Santiago Santurio; el subsecretario de Pol\u00edticas Universitarias, el &#8220;Profe&#8221; Alejandro \u00c1lvarez; el referente conocido como &#8220;Sagaz&#8221;, entre otros.<\/h3>\n<h3>La idea de Las Fuerzas del cielo es formar a dirigentes que puedan salir a defender p\u00fablicamente el proyecto que encabeza Milei a nivel nacional.Sotelo, uno de los oradores de la noche del s\u00e1bado, destac\u00f3 la importancia de ganar &#8220;la batalla cultural&#8221; en la Argentina para dejar atr\u00e1s discusiones como la de la Agenda 2030 en medio ambiente y los temas que le interesan a la &#8220;izquierda&#8221;.<\/h3>\n<h3>Por su parte, Romo expres\u00f3: &#8220;\u00bfSaben por qu\u00e9 lo logramos? Porque la victoria en la guerra no depende de la cantidad de soldados, sino de las fuerzas que vienen del cielo&#8221;.<\/h3>\n<h3>En paralelo a la presentaci\u00f3n en el acto, los referentes libertarios lanzaron una convocatoria p\u00fablica en una p\u00e1gina web para que los interesados puedan inscribirse en el espacio.<\/h3>\n<h3>Para poder hacerlo, se debe ingresar nombre, apellido, n\u00famero de DNI, mail, n\u00famero de tel\u00e9fono, provincia y localidad.<\/h3>\n<h3>La &#8220;participaci\u00f3n es limitada a quienes est\u00e9n afiliados o dispuestos a afiliarse a La Libertad Avanza&#8221;, indica la p\u00e1gina con el formulario.<\/h3>\n<h3>Seg\u00fan se informa en la web, est\u00e1n disponibles profesores para la formaci\u00f3n en la Ciudad de Buenos Aires, provincia de Buenos Aires, Tucum\u00e1n, C\u00f3rdoba y Santa Fe.<\/h3>\n<p>&nbsp;<\/p>\n<p>&nbsp;<\/p>\n<p>&nbsp;<\/p>\n<p>&nbsp;<\/p>\n<p>&nbsp;<\/p>\n","protected":false},"excerpt":{"rendered":"<p>Santiago Caputo lanz\u00f3 el &#8220;brazo armado&#8221; de los libertarios en un teatro de San Miguel&#8230;<\/p>\n","protected":false},"author":1,"featured_media":25351,"comment_status":"closed","ping_status":"closed","sticky":false,"template":"","format":"standard","meta":{"footnotes":""},"categories":[5],"tags":[],"class_list":["post-25350","post","type-post","status-publish","format-standard","has-post-thumbnail","hentry","category-nacionales-internacionales"],"yoast_head":"<!-- This site is optimized with the Yoast SEO plugin v26.1.1 - https:\/\/yoast.com\/wordpress\/plugins\/seo\/ -->\n<title>LANZARON LA AGRUPACI\u00d3N &quot;LAS FUERZAS DEL CIELO&quot; COMO EL &quot;BRAZO ARMADO&quot; DE MILEI - Apuntes de San Luis<\/title>\n<meta name=\"robots\" content=\"index, follow, max-snippet:-1, max-image-preview:large, max-video-preview:-1\" \/>\n<link rel=\"canonical\" href=\"https:\/\/apuntesdesanluis.com\/index.php\/2024\/11\/18\/lanzaron-la-agrupacion-las-fuerzas-del-cielo-como-el-brazo-armado-de-milei\/\" \/>\n<meta property=\"og:locale\" content=\"es_ES\" \/>\n<meta property=\"og:type\" content=\"article\" \/>\n<meta property=\"og:title\" content=\"LANZARON LA AGRUPACI\u00d3N &quot;LAS FUERZAS DEL CIELO&quot; COMO EL &quot;BRAZO ARMADO&quot; DE MILEI - Apuntes de San Luis\" \/>\n<meta property=\"og:description\" content=\"Santiago Caputo lanz\u00f3 el &#8220;brazo armado&#8221; de los libertarios en un teatro de San Miguel...\" \/>\n<meta property=\"og:url\" content=\"https:\/\/apuntesdesanluis.com\/index.php\/2024\/11\/18\/lanzaron-la-agrupacion-las-fuerzas-del-cielo-como-el-brazo-armado-de-milei\/\" \/>\n<meta property=\"og:site_name\" content=\"Apuntes de San Luis\" \/>\n<meta property=\"article:published_time\" content=\"2024-11-18T12:21:06+00:00\" \/>\n<meta property=\"article:modified_time\" content=\"2024-11-18T12:39:40+00:00\" \/>\n<meta property=\"og:image\" content=\"https:\/\/apuntesdesanluis.com\/wp-content\/uploads\/2024\/11\/LAS-FUERZAS-DEL-CIELO.png\" \/>\n\t<meta property=\"og:image:width\" content=\"800\" \/>\n\t<meta property=\"og:image:height\" content=\"509\" \/>\n\t<meta property=\"og:image:type\" content=\"image\/png\" \/>\n<meta name=\"author\" content=\"apuntesdesanluis.com\" \/>\n<meta name=\"twitter:card\" content=\"summary_large_image\" \/>\n<meta name=\"twitter:label1\" content=\"Escrito por\" \/>\n\t<meta name=\"twitter:data1\" content=\"apuntesdesanluis.com\" \/>\n\t<meta name=\"twitter:label2\" content=\"Tiempo de lectura\" \/>\n\t<meta name=\"twitter:data2\" content=\"3 minutos\" \/>\n<script type=\"application\/ld+json\" class=\"yoast-schema-graph\">{\"@context\":\"https:\/\/schema.org\",\"@graph\":[{\"@type\":\"Article\",\"@id\":\"https:\/\/apuntesdesanluis.com\/index.php\/2024\/11\/18\/lanzaron-la-agrupacion-las-fuerzas-del-cielo-como-el-brazo-armado-de-milei\/#article\",\"isPartOf\":{\"@id\":\"https:\/\/apuntesdesanluis.com\/index.php\/2024\/11\/18\/lanzaron-la-agrupacion-las-fuerzas-del-cielo-como-el-brazo-armado-de-milei\/\"},\"author\":{\"name\":\"apuntesdesanluis.com\",\"@id\":\"https:\/\/apuntesdesanluis.com\/#\/schema\/person\/b55151d52296fcce64d1a72538a70b90\"},\"headline\":\"LANZARON LA AGRUPACI\u00d3N &#8220;LAS FUERZAS DEL CIELO&#8221; COMO EL &#8220;BRAZO ARMADO&#8221; DE MILEI\",\"datePublished\":\"2024-11-18T12:21:06+00:00\",\"dateModified\":\"2024-11-18T12:39:40+00:00\",\"mainEntityOfPage\":{\"@id\":\"https:\/\/apuntesdesanluis.com\/index.php\/2024\/11\/18\/lanzaron-la-agrupacion-las-fuerzas-del-cielo-como-el-brazo-armado-de-milei\/\"},\"wordCount\":533,\"publisher\":{\"@id\":\"https:\/\/apuntesdesanluis.com\/#\/schema\/person\/b55151d52296fcce64d1a72538a70b90\"},\"image\":{\"@id\":\"https:\/\/apuntesdesanluis.com\/index.php\/2024\/11\/18\/lanzaron-la-agrupacion-las-fuerzas-del-cielo-como-el-brazo-armado-de-milei\/#primaryimage\"},\"thumbnailUrl\":\"https:\/\/apuntesdesanluis.com\/wp-content\/uploads\/2024\/11\/LAS-FUERZAS-DEL-CIELO.png\",\"articleSection\":[\"Nacionales\/Internacionales\"],\"inLanguage\":\"es-AR\"},{\"@type\":\"WebPage\",\"@id\":\"https:\/\/apuntesdesanluis.com\/index.php\/2024\/11\/18\/lanzaron-la-agrupacion-las-fuerzas-del-cielo-como-el-brazo-armado-de-milei\/\",\"url\":\"https:\/\/apuntesdesanluis.com\/index.php\/2024\/11\/18\/lanzaron-la-agrupacion-las-fuerzas-del-cielo-como-el-brazo-armado-de-milei\/\",\"name\":\"LANZARON LA AGRUPACI\u00d3N \\\"LAS FUERZAS DEL CIELO\\\" COMO EL \\\"BRAZO ARMADO\\\" DE MILEI - Apuntes de San Luis\",\"isPartOf\":{\"@id\":\"https:\/\/apuntesdesanluis.com\/#website\"},\"primaryImageOfPage\":{\"@id\":\"https:\/\/apuntesdesanluis.com\/index.php\/2024\/11\/18\/lanzaron-la-agrupacion-las-fuerzas-del-cielo-como-el-brazo-armado-de-milei\/#primaryimage\"},\"image\":{\"@id\":\"https:\/\/apuntesdesanluis.com\/index.php\/2024\/11\/18\/lanzaron-la-agrupacion-las-fuerzas-del-cielo-como-el-brazo-armado-de-milei\/#primaryimage\"},\"thumbnailUrl\":\"https:\/\/apuntesdesanluis.com\/wp-content\/uploads\/2024\/11\/LAS-FUERZAS-DEL-CIELO.png\",\"datePublished\":\"2024-11-18T12:21:06+00:00\",\"dateModified\":\"2024-11-18T12:39:40+00:00\",\"breadcrumb\":{\"@id\":\"https:\/\/apuntesdesanluis.com\/index.php\/2024\/11\/18\/lanzaron-la-agrupacion-las-fuerzas-del-cielo-como-el-brazo-armado-de-milei\/#breadcrumb\"},\"inLanguage\":\"es-AR\",\"potentialAction\":[{\"@type\":\"ReadAction\",\"target\":[\"https:\/\/apuntesdesanluis.com\/index.php\/2024\/11\/18\/lanzaron-la-agrupacion-las-fuerzas-del-cielo-como-el-brazo-armado-de-milei\/\"]}]},{\"@type\":\"ImageObject\",\"inLanguage\":\"es-AR\",\"@id\":\"https:\/\/apuntesdesanluis.com\/index.php\/2024\/11\/18\/lanzaron-la-agrupacion-las-fuerzas-del-cielo-como-el-brazo-armado-de-milei\/#primaryimage\",\"url\":\"https:\/\/apuntesdesanluis.com\/wp-content\/uploads\/2024\/11\/LAS-FUERZAS-DEL-CIELO.png\",\"contentUrl\":\"https:\/\/apuntesdesanluis.com\/wp-content\/uploads\/2024\/11\/LAS-FUERZAS-DEL-CIELO.png\",\"width\":800,\"height\":509},{\"@type\":\"BreadcrumbList\",\"@id\":\"https:\/\/apuntesdesanluis.com\/index.php\/2024\/11\/18\/lanzaron-la-agrupacion-las-fuerzas-del-cielo-como-el-brazo-armado-de-milei\/#breadcrumb\",\"itemListElement\":[{\"@type\":\"ListItem\",\"position\":1,\"name\":\"Inicio\",\"item\":\"https:\/\/apuntesdesanluis.com\/\"},{\"@type\":\"ListItem\",\"position\":2,\"name\":\"LANZARON LA AGRUPACI\u00d3N &#8220;LAS FUERZAS DEL CIELO&#8221; COMO EL &#8220;BRAZO ARMADO&#8221; DE MILEI\"}]},{\"@type\":\"WebSite\",\"@id\":\"https:\/\/apuntesdesanluis.com\/#website\",\"url\":\"https:\/\/apuntesdesanluis.com\/\",\"name\":\"Apuntes de San Luis\",\"description\":\"\",\"publisher\":{\"@id\":\"https:\/\/apuntesdesanluis.com\/#\/schema\/person\/b55151d52296fcce64d1a72538a70b90\"},\"potentialAction\":[{\"@type\":\"SearchAction\",\"target\":{\"@type\":\"EntryPoint\",\"urlTemplate\":\"https:\/\/apuntesdesanluis.com\/?s={search_term_string}\"},\"query-input\":{\"@type\":\"PropertyValueSpecification\",\"valueRequired\":true,\"valueName\":\"search_term_string\"}}],\"inLanguage\":\"es-AR\"},{\"@type\":[\"Person\",\"Organization\"],\"@id\":\"https:\/\/apuntesdesanluis.com\/#\/schema\/person\/b55151d52296fcce64d1a72538a70b90\",\"name\":\"apuntesdesanluis.com\",\"image\":{\"@type\":\"ImageObject\",\"inLanguage\":\"es-AR\",\"@id\":\"https:\/\/apuntesdesanluis.com\/#\/schema\/person\/image\/\",\"url\":\"https:\/\/apuntesdesanluis.com\/wp-content\/uploads\/2023\/07\/cropped-apuntesdesanluis.png\",\"contentUrl\":\"https:\/\/apuntesdesanluis.com\/wp-content\/uploads\/2023\/07\/cropped-apuntesdesanluis.png\",\"width\":450,\"height\":112,\"caption\":\"apuntesdesanluis.com\"},\"logo\":{\"@id\":\"https:\/\/apuntesdesanluis.com\/#\/schema\/person\/image\/\"},\"sameAs\":[\"https:\/\/apuntesdesanluis.com\"],\"url\":\"https:\/\/apuntesdesanluis.com\/index.php\/author\/apuntesdesanluis-com\/\"}]}<\/script>\n<!-- \/ Yoast SEO plugin. -->","yoast_head_json":{"title":"LANZARON LA AGRUPACI\u00d3N \"LAS FUERZAS DEL CIELO\" COMO EL \"BRAZO ARMADO\" DE MILEI - Apuntes de San Luis","robots":{"index":"index","follow":"follow","max-snippet":"max-snippet:-1","max-image-preview":"max-image-preview:large","max-video-preview":"max-video-preview:-1"},"canonical":"https:\/\/apuntesdesanluis.com\/index.php\/2024\/11\/18\/lanzaron-la-agrupacion-las-fuerzas-del-cielo-como-el-brazo-armado-de-milei\/","og_locale":"es_ES","og_type":"article","og_title":"LANZARON LA AGRUPACI\u00d3N \"LAS FUERZAS DEL CIELO\" COMO EL \"BRAZO ARMADO\" DE MILEI - Apuntes de San Luis","og_description":"Santiago Caputo lanz\u00f3 el &#8220;brazo armado&#8221; de los libertarios en un teatro de San Miguel...","og_url":"https:\/\/apuntesdesanluis.com\/index.php\/2024\/11\/18\/lanzaron-la-agrupacion-las-fuerzas-del-cielo-como-el-brazo-armado-de-milei\/","og_site_name":"Apuntes de San Luis","article_published_time":"2024-11-18T12:21:06+00:00","article_modified_time":"2024-11-18T12:39:40+00:00","og_image":[{"width":800,"height":509,"url":"https:\/\/apuntesdesanluis.com\/wp-content\/uploads\/2024\/11\/LAS-FUERZAS-DEL-CIELO.png","type":"image\/png"}],"author":"apuntesdesanluis.com","twitter_card":"summary_large_image","twitter_misc":{"Escrito por":"apuntesdesanluis.com","Tiempo de lectura":"3 minutos"},"schema":{"@context":"https:\/\/schema.org","@graph":[{"@type":"Article","@id":"https:\/\/apuntesdesanluis.com\/index.php\/2024\/11\/18\/lanzaron-la-agrupacion-las-fuerzas-del-cielo-como-el-brazo-armado-de-milei\/#article","isPartOf":{"@id":"https:\/\/apuntesdesanluis.com\/index.php\/2024\/11\/18\/lanzaron-la-agrupacion-las-fuerzas-del-cielo-como-el-brazo-armado-de-milei\/"},"author":{"name":"apuntesdesanluis.com","@id":"https:\/\/apuntesdesanluis.com\/#\/schema\/person\/b55151d52296fcce64d1a72538a70b90"},"headline":"LANZARON LA AGRUPACI\u00d3N &#8220;LAS FUERZAS DEL CIELO&#8221; COMO EL &#8220;BRAZO ARMADO&#8221; DE MILEI","datePublished":"2024-11-18T12:21:06+00:00","dateModified":"2024-11-18T12:39:40+00:00","mainEntityOfPage":{"@id":"https:\/\/apuntesdesanluis.com\/index.php\/2024\/11\/18\/lanzaron-la-agrupacion-las-fuerzas-del-cielo-como-el-brazo-armado-de-milei\/"},"wordCount":533,"publisher":{"@id":"https:\/\/apuntesdesanluis.com\/#\/schema\/person\/b55151d52296fcce64d1a72538a70b90"},"image":{"@id":"https:\/\/apuntesdesanluis.com\/index.php\/2024\/11\/18\/lanzaron-la-agrupacion-las-fuerzas-del-cielo-como-el-brazo-armado-de-milei\/#primaryimage"},"thumbnailUrl":"https:\/\/apuntesdesanluis.com\/wp-content\/uploads\/2024\/11\/LAS-FUERZAS-DEL-CIELO.png","articleSection":["Nacionales\/Internacionales"],"inLanguage":"es-AR"},{"@type":"WebPage","@id":"https:\/\/apuntesdesanluis.com\/index.php\/2024\/11\/18\/lanzaron-la-agrupacion-las-fuerzas-del-cielo-como-el-brazo-armado-de-milei\/","url":"https:\/\/apuntesdesanluis.com\/index.php\/2024\/11\/18\/lanzaron-la-agrupacion-las-fuerzas-del-cielo-como-el-brazo-armado-de-milei\/","name":"LANZARON LA AGRUPACI\u00d3N \"LAS FUERZAS DEL CIELO\" COMO EL \"BRAZO ARMADO\" DE MILEI - Apuntes de San Luis","isPartOf":{"@id":"https:\/\/apuntesdesanluis.com\/#website"},"primaryImageOfPage":{"@id":"https:\/\/apuntesdesanluis.com\/index.php\/2024\/11\/18\/lanzaron-la-agrupacion-las-fuerzas-del-cielo-como-el-brazo-armado-de-milei\/#primaryimage"},"image":{"@id":"https:\/\/apuntesdesanluis.com\/index.php\/2024\/11\/18\/lanzaron-la-agrupacion-las-fuerzas-del-cielo-como-el-brazo-armado-de-milei\/#primaryimage"},"thumbnailUrl":"https:\/\/apuntesdesanluis.com\/wp-content\/uploads\/2024\/11\/LAS-FUERZAS-DEL-CIELO.png","datePublished":"2024-11-18T12:21:06+00:00","dateModified":"2024-11-18T12:39:40+00:00","breadcrumb":{"@id":"https:\/\/apuntesdesanluis.com\/index.php\/2024\/11\/18\/lanzaron-la-agrupacion-las-fuerzas-del-cielo-como-el-brazo-armado-de-milei\/#breadcrumb"},"inLanguage":"es-AR","potentialAction":[{"@type":"ReadAction","target":["https:\/\/apuntesdesanluis.com\/index.php\/2024\/11\/18\/lanzaron-la-agrupacion-las-fuerzas-del-cielo-como-el-brazo-armado-de-milei\/"]}]},{"@type":"ImageObject","inLanguage":"es-AR","@id":"https:\/\/apuntesdesanluis.com\/index.php\/2024\/11\/18\/lanzaron-la-agrupacion-las-fuerzas-del-cielo-como-el-brazo-armado-de-milei\/#primaryimage","url":"https:\/\/apuntesdesanluis.com\/wp-content\/uploads\/2024\/11\/LAS-FUERZAS-DEL-CIELO.png","contentUrl":"https:\/\/apuntesdesanluis.com\/wp-content\/uploads\/2024\/11\/LAS-FUERZAS-DEL-CIELO.png","width":800,"height":509},{"@type":"BreadcrumbList","@id":"https:\/\/apuntesdesanluis.com\/index.php\/2024\/11\/18\/lanzaron-la-agrupacion-las-fuerzas-del-cielo-como-el-brazo-armado-de-milei\/#breadcrumb","itemListElement":[{"@type":"ListItem","position":1,"name":"Inicio","item":"https:\/\/apuntesdesanluis.com\/"},{"@type":"ListItem","position":2,"name":"LANZARON LA AGRUPACI\u00d3N &#8220;LAS FUERZAS DEL CIELO&#8221; COMO EL &#8220;BRAZO ARMADO&#8221; DE MILEI"}]},{"@type":"WebSite","@id":"https:\/\/apuntesdesanluis.com\/#website","url":"https:\/\/apuntesdesanluis.com\/","name":"Apuntes de San Luis","description":"","publisher":{"@id":"https:\/\/apuntesdesanluis.com\/#\/schema\/person\/b55151d52296fcce64d1a72538a70b90"},"potentialAction":[{"@type":"SearchAction","target":{"@type":"EntryPoint","urlTemplate":"https:\/\/apuntesdesanluis.com\/?s={search_term_string}"},"query-input":{"@type":"PropertyValueSpecification","valueRequired":true,"valueName":"search_term_string"}}],"inLanguage":"es-AR"},{"@type":["Person","Organization"],"@id":"https:\/\/apuntesdesanluis.com\/#\/schema\/person\/b55151d52296fcce64d1a72538a70b90","name":"apuntesdesanluis.com","image":{"@type":"ImageObject","inLanguage":"es-AR","@id":"https:\/\/apuntesdesanluis.com\/#\/schema\/person\/image\/","url":"https:\/\/apuntesdesanluis.com\/wp-content\/uploads\/2023\/07\/cropped-apuntesdesanluis.png","contentUrl":"https:\/\/apuntesdesanluis.com\/wp-content\/uploads\/2023\/07\/cropped-apuntesdesanluis.png","width":450,"height":112,"caption":"apuntesdesanluis.com"},"logo":{"@id":"https:\/\/apuntesdesanluis.com\/#\/schema\/person\/image\/"},"sameAs":["https:\/\/apuntesdesanluis.com"],"url":"https:\/\/apuntesdesanluis.com\/index.php\/author\/apuntesdesanluis-com\/"}]}},"featured_image_urls":{"full":["https:\/\/apuntesdesanluis.com\/wp-content\/uploads\/2024\/11\/LAS-FUERZAS-DEL-CIELO.png",800,509,false],"thumbnail":["https:\/\/apuntesdesanluis.com\/wp-content\/uploads\/2024\/11\/LAS-FUERZAS-DEL-CIELO-150x150.png",150,150,true],"medium":["https:\/\/apuntesdesanluis.com\/wp-content\/uploads\/2024\/11\/LAS-FUERZAS-DEL-CIELO-300x191.png",300,191,true],"medium_large":["https:\/\/apuntesdesanluis.com\/wp-content\/uploads\/2024\/11\/LAS-FUERZAS-DEL-CIELO-768x489.png",640,408,true],"large":["https:\/\/apuntesdesanluis.com\/wp-content\/uploads\/2024\/11\/LAS-FUERZAS-DEL-CIELO.png",640,407,false],"1536x1536":["https:\/\/apuntesdesanluis.com\/wp-content\/uploads\/2024\/11\/LAS-FUERZAS-DEL-CIELO.png",800,509,false],"2048x2048":["https:\/\/apuntesdesanluis.com\/wp-content\/uploads\/2024\/11\/LAS-FUERZAS-DEL-CIELO.png",800,509,false],"newsever-slider-full":["https:\/\/apuntesdesanluis.com\/wp-content\/uploads\/2024\/11\/LAS-FUERZAS-DEL-CIELO.png",800,509,false],"newsever-featured":["https:\/\/apuntesdesanluis.com\/wp-content\/uploads\/2024\/11\/LAS-FUERZAS-DEL-CIELO.png",800,509,false],"newsever-medium":["https:\/\/apuntesdesanluis.com\/wp-content\/uploads\/2024\/11\/LAS-FUERZAS-DEL-CIELO-720x475.png",720,475,true]},"author_info":{"display_name":"apuntesdesanluis.com","author_link":"https:\/\/apuntesdesanluis.com\/index.php\/author\/apuntesdesanluis-com\/"},"category_info":"<a href=\"https:\/\/apuntesdesanluis.com\/index.php\/category\/nacionales-internacionales\/\" rel=\"category tag\">Nacionales\/Internacionales<\/a>","tag_info":"Nacionales\/Internacionales","comment_count":"0","_links":{"self":[{"href":"https:\/\/apuntesdesanluis.com\/index.php\/wp-json\/wp\/v2\/posts\/25350","targetHints":{"allow":["GET"]}}],"collection":[{"href":"https:\/\/apuntesdesanluis.com\/index.php\/wp-json\/wp\/v2\/posts"}],"about":[{"href":"https:\/\/apuntesdesanluis.com\/index.php\/wp-json\/wp\/v2\/types\/post"}],"author":[{"embeddable":true,"href":"https:\/\/apuntesdesanluis.com\/index.php\/wp-json\/wp\/v2\/users\/1"}],"replies":[{"embeddable":true,"href":"https:\/\/apuntesdesanluis.com\/index.php\/wp-json\/wp\/v2\/comments?post=25350"}],"version-history":[{"count":4,"href":"https:\/\/apuntesdesanluis.com\/index.php\/wp-json\/wp\/v2\/posts\/25350\/revisions"}],"predecessor-version":[{"id":25358,"href":"https:\/\/apuntesdesanluis.com\/index.php\/wp-json\/wp\/v2\/posts\/25350\/revisions\/25358"}],"wp:featuredmedia":[{"embeddable":true,"href":"https:\/\/apuntesdesanluis.com\/index.php\/wp-json\/wp\/v2\/media\/25351"}],"wp:attachment":[{"href":"https:\/\/apuntesdesanluis.com\/index.php\/wp-json\/wp\/v2\/media?parent=25350"}],"wp:term":[{"taxonomy":"category","embeddable":true,"href":"https:\/\/apuntesdesanluis.com\/index.php\/wp-json\/wp\/v2\/categories?post=25350"},{"taxonomy":"post_tag","embeddable":true,"href":"https:\/\/apuntesdesanluis.com\/index.php\/wp-json\/wp\/v2\/tags?post=25350"}],"curies":[{"name":"wp","href":"https:\/\/api.w.org\/{rel}","templated":true}]}}