{"id":25353,"date":"2024-11-18T09:27:54","date_gmt":"2024-11-18T12:27:54","guid":{"rendered":"https:\/\/apuntesdesanluis.com\/?p=25353"},"modified":"2024-11-18T09:28:14","modified_gmt":"2024-11-18T12:28:14","slug":"victoria-villarruel-fue-criticada-por-los-biografos-de-javier-milei-por-la-jubilacion-de-privilegio","status":"publish","type":"post","link":"https:\/\/apuntesdesanluis.com\/index.php\/2024\/11\/18\/victoria-villarruel-fue-criticada-por-los-biografos-de-javier-milei-por-la-jubilacion-de-privilegio\/","title":{"rendered":"VICTORIA VILLARRUEL FUE CRITICADA POR LOS BI\u00d3GRAFOS DE JAVIER MILEI POR LA JUBILACI\u00d3N DE PRIVILEGIO"},"content":{"rendered":"<h3>La interna entre Milei y Villarruel en el gobierno sigue creciendo. Despu\u00e9s de que se oficializara la baja de las jubilaciones de privilegio de Cristina Kirchner y Amado Boudou, la diputada Lilia Lemoine apunt\u00f3 contra la titular del Senado, ya que no renunci\u00f3 a su beneficio.<\/h3>\n<h3>Se sumaron a estar cr\u00edticas Nicol\u00e1s M\u00e1rquez y Marcelo Duclos, bi\u00f3grafos del presidente; lo que aument\u00f3 la pol\u00e9mica.<\/h3>\n<h3><img fetchpriority=\"high\" decoding=\"async\" class=\"wp-image-25354 aligncenter\" src=\"https:\/\/apuntesdesanluis.com\/wp-content\/uploads\/2024\/11\/CRITICAS-300x201.png\" alt=\"\" width=\"590\" height=\"395\" srcset=\"https:\/\/apuntesdesanluis.com\/wp-content\/uploads\/2024\/11\/CRITICAS-300x201.png 300w, https:\/\/apuntesdesanluis.com\/wp-content\/uploads\/2024\/11\/CRITICAS.png 561w\" sizes=\"(max-width: 590px) 100vw, 590px\" \/><\/h3>\n<h3>En un posteo de X Villarruel escribi\u00f3 que \u201cla mayor condena para la expresidenta y para el kirchnerismo deber\u00eda ser la intrascendencia y el olvido&#8221;, y Lemoine la acus\u00f3 de haberse olvidado de lo que quiere la gente de a pie. Tras la discusi\u00f3n, que continu\u00f3, llegaron los comentarios de M\u00e1rquez y Duclos.<\/h3>\n<h3>\u201cA los pelotudos que conf\u00edan en la &#8216;alta pol\u00edtica&#8217; que le exijan la renuncia a la jubilaci\u00f3n de privilegio, caso contrario tenemos una vice de pacotilla&#8221;, dijo M\u00e1rquez. En tanto, Duclos declar\u00f3: &#8220;La cuesti\u00f3n de la jubilaci\u00f3n de privilegio de Villarruel evidencia algo m\u00e1s importante que lo de no acompa\u00f1ar el esp\u00edritu principal del gobierno de Milei, que es la falta de privilegios. Ella nunca entendi\u00f3 nada de la mega revoluci\u00f3n econ\u00f3mica que suceder\u00eda en Argentina y sus consecuencias prontas. Su traici\u00f3n evidencia que, como el kirchnerismo, esperaba que Milei se vaya con una crisis post ajuste\u201d.<\/h3>\n<p>&nbsp;<\/p>\n<p>&nbsp;<\/p>\n<p>&nbsp;<\/p>\n<p>&nbsp;<\/p>\n","protected":false},"excerpt":{"rendered":"<p>La interna entre Milei y Villarruel en el gobierno sigue creciendo. Despu\u00e9s de que se&#8230;<\/p>\n","protected":false},"author":1,"featured_media":14905,"comment_status":"closed","ping_status":"closed","sticky":false,"template":"","format":"standard","meta":{"footnotes":""},"categories":[5],"tags":[],"class_list":["post-25353","post","type-post","status-publish","format-standard","has-post-thumbnail","hentry","category-nacionales-internacionales"],"yoast_head":"<!-- This site is optimized with the Yoast SEO plugin v26.1.1 - https:\/\/yoast.com\/wordpress\/plugins\/seo\/ -->\n<title>VICTORIA VILLARRUEL FUE CRITICADA POR LOS BI\u00d3GRAFOS DE JAVIER MILEI POR LA JUBILACI\u00d3N DE PRIVILEGIO - Apuntes de San Luis<\/title>\n<meta name=\"robots\" content=\"index, follow, max-snippet:-1, max-image-preview:large, max-video-preview:-1\" \/>\n<link rel=\"canonical\" href=\"https:\/\/apuntesdesanluis.com\/index.php\/2024\/11\/18\/victoria-villarruel-fue-criticada-por-los-biografos-de-javier-milei-por-la-jubilacion-de-privilegio\/\" \/>\n<meta property=\"og:locale\" content=\"es_ES\" \/>\n<meta property=\"og:type\" content=\"article\" \/>\n<meta property=\"og:title\" content=\"VICTORIA VILLARRUEL FUE CRITICADA POR LOS BI\u00d3GRAFOS DE JAVIER MILEI POR LA JUBILACI\u00d3N DE PRIVILEGIO - Apuntes de San Luis\" \/>\n<meta property=\"og:description\" content=\"La interna entre Milei y Villarruel en el gobierno sigue creciendo. Despu\u00e9s de que se...\" \/>\n<meta property=\"og:url\" content=\"https:\/\/apuntesdesanluis.com\/index.php\/2024\/11\/18\/victoria-villarruel-fue-criticada-por-los-biografos-de-javier-milei-por-la-jubilacion-de-privilegio\/\" \/>\n<meta property=\"og:site_name\" content=\"Apuntes de San Luis\" \/>\n<meta property=\"article:published_time\" content=\"2024-11-18T12:27:54+00:00\" \/>\n<meta property=\"article:modified_time\" content=\"2024-11-18T12:28:14+00:00\" \/>\n<meta property=\"og:image\" content=\"https:\/\/apuntesdesanluis.com\/wp-content\/uploads\/2024\/04\/VILLARUEL.png\" \/>\n\t<meta property=\"og:image:width\" content=\"594\" \/>\n\t<meta property=\"og:image:height\" content=\"339\" \/>\n\t<meta property=\"og:image:type\" content=\"image\/png\" \/>\n<meta name=\"author\" content=\"apuntesdesanluis.com\" \/>\n<meta name=\"twitter:card\" content=\"summary_large_image\" \/>\n<meta name=\"twitter:label1\" content=\"Escrito por\" \/>\n\t<meta name=\"twitter:data1\" content=\"apuntesdesanluis.com\" \/>\n\t<meta name=\"twitter:label2\" content=\"Tiempo de lectura\" \/>\n\t<meta name=\"twitter:data2\" content=\"2 minutos\" \/>\n<script type=\"application\/ld+json\" class=\"yoast-schema-graph\">{\"@context\":\"https:\/\/schema.org\",\"@graph\":[{\"@type\":\"Article\",\"@id\":\"https:\/\/apuntesdesanluis.com\/index.php\/2024\/11\/18\/victoria-villarruel-fue-criticada-por-los-biografos-de-javier-milei-por-la-jubilacion-de-privilegio\/#article\",\"isPartOf\":{\"@id\":\"https:\/\/apuntesdesanluis.com\/index.php\/2024\/11\/18\/victoria-villarruel-fue-criticada-por-los-biografos-de-javier-milei-por-la-jubilacion-de-privilegio\/\"},\"author\":{\"name\":\"apuntesdesanluis.com\",\"@id\":\"https:\/\/apuntesdesanluis.com\/#\/schema\/person\/b55151d52296fcce64d1a72538a70b90\"},\"headline\":\"VICTORIA VILLARRUEL FUE CRITICADA POR LOS BI\u00d3GRAFOS DE JAVIER MILEI POR LA JUBILACI\u00d3N DE PRIVILEGIO\",\"datePublished\":\"2024-11-18T12:27:54+00:00\",\"dateModified\":\"2024-11-18T12:28:14+00:00\",\"mainEntityOfPage\":{\"@id\":\"https:\/\/apuntesdesanluis.com\/index.php\/2024\/11\/18\/victoria-villarruel-fue-criticada-por-los-biografos-de-javier-milei-por-la-jubilacion-de-privilegio\/\"},\"wordCount\":257,\"publisher\":{\"@id\":\"https:\/\/apuntesdesanluis.com\/#\/schema\/person\/b55151d52296fcce64d1a72538a70b90\"},\"image\":{\"@id\":\"https:\/\/apuntesdesanluis.com\/index.php\/2024\/11\/18\/victoria-villarruel-fue-criticada-por-los-biografos-de-javier-milei-por-la-jubilacion-de-privilegio\/#primaryimage\"},\"thumbnailUrl\":\"https:\/\/apuntesdesanluis.com\/wp-content\/uploads\/2024\/04\/VILLARUEL.png\",\"articleSection\":[\"Nacionales\/Internacionales\"],\"inLanguage\":\"es-AR\"},{\"@type\":\"WebPage\",\"@id\":\"https:\/\/apuntesdesanluis.com\/index.php\/2024\/11\/18\/victoria-villarruel-fue-criticada-por-los-biografos-de-javier-milei-por-la-jubilacion-de-privilegio\/\",\"url\":\"https:\/\/apuntesdesanluis.com\/index.php\/2024\/11\/18\/victoria-villarruel-fue-criticada-por-los-biografos-de-javier-milei-por-la-jubilacion-de-privilegio\/\",\"name\":\"VICTORIA VILLARRUEL FUE CRITICADA POR LOS BI\u00d3GRAFOS DE JAVIER MILEI POR LA JUBILACI\u00d3N DE PRIVILEGIO - Apuntes de San Luis\",\"isPartOf\":{\"@id\":\"https:\/\/apuntesdesanluis.com\/#website\"},\"primaryImageOfPage\":{\"@id\":\"https:\/\/apuntesdesanluis.com\/index.php\/2024\/11\/18\/victoria-villarruel-fue-criticada-por-los-biografos-de-javier-milei-por-la-jubilacion-de-privilegio\/#primaryimage\"},\"image\":{\"@id\":\"https:\/\/apuntesdesanluis.com\/index.php\/2024\/11\/18\/victoria-villarruel-fue-criticada-por-los-biografos-de-javier-milei-por-la-jubilacion-de-privilegio\/#primaryimage\"},\"thumbnailUrl\":\"https:\/\/apuntesdesanluis.com\/wp-content\/uploads\/2024\/04\/VILLARUEL.png\",\"datePublished\":\"2024-11-18T12:27:54+00:00\",\"dateModified\":\"2024-11-18T12:28:14+00:00\",\"breadcrumb\":{\"@id\":\"https:\/\/apuntesdesanluis.com\/index.php\/2024\/11\/18\/victoria-villarruel-fue-criticada-por-los-biografos-de-javier-milei-por-la-jubilacion-de-privilegio\/#breadcrumb\"},\"inLanguage\":\"es-AR\",\"potentialAction\":[{\"@type\":\"ReadAction\",\"target\":[\"https:\/\/apuntesdesanluis.com\/index.php\/2024\/11\/18\/victoria-villarruel-fue-criticada-por-los-biografos-de-javier-milei-por-la-jubilacion-de-privilegio\/\"]}]},{\"@type\":\"ImageObject\",\"inLanguage\":\"es-AR\",\"@id\":\"https:\/\/apuntesdesanluis.com\/index.php\/2024\/11\/18\/victoria-villarruel-fue-criticada-por-los-biografos-de-javier-milei-por-la-jubilacion-de-privilegio\/#primaryimage\",\"url\":\"https:\/\/apuntesdesanluis.com\/wp-content\/uploads\/2024\/04\/VILLARUEL.png\",\"contentUrl\":\"https:\/\/apuntesdesanluis.com\/wp-content\/uploads\/2024\/04\/VILLARUEL.png\",\"width\":594,\"height\":339},{\"@type\":\"BreadcrumbList\",\"@id\":\"https:\/\/apuntesdesanluis.com\/index.php\/2024\/11\/18\/victoria-villarruel-fue-criticada-por-los-biografos-de-javier-milei-por-la-jubilacion-de-privilegio\/#breadcrumb\",\"itemListElement\":[{\"@type\":\"ListItem\",\"position\":1,\"name\":\"Inicio\",\"item\":\"https:\/\/apuntesdesanluis.com\/\"},{\"@type\":\"ListItem\",\"position\":2,\"name\":\"VICTORIA VILLARRUEL FUE CRITICADA POR LOS BI\u00d3GRAFOS DE JAVIER MILEI POR LA JUBILACI\u00d3N DE PRIVILEGIO\"}]},{\"@type\":\"WebSite\",\"@id\":\"https:\/\/apuntesdesanluis.com\/#website\",\"url\":\"https:\/\/apuntesdesanluis.com\/\",\"name\":\"Apuntes de San Luis\",\"description\":\"\",\"publisher\":{\"@id\":\"https:\/\/apuntesdesanluis.com\/#\/schema\/person\/b55151d52296fcce64d1a72538a70b90\"},\"potentialAction\":[{\"@type\":\"SearchAction\",\"target\":{\"@type\":\"EntryPoint\",\"urlTemplate\":\"https:\/\/apuntesdesanluis.com\/?s={search_term_string}\"},\"query-input\":{\"@type\":\"PropertyValueSpecification\",\"valueRequired\":true,\"valueName\":\"search_term_string\"}}],\"inLanguage\":\"es-AR\"},{\"@type\":[\"Person\",\"Organization\"],\"@id\":\"https:\/\/apuntesdesanluis.com\/#\/schema\/person\/b55151d52296fcce64d1a72538a70b90\",\"name\":\"apuntesdesanluis.com\",\"image\":{\"@type\":\"ImageObject\",\"inLanguage\":\"es-AR\",\"@id\":\"https:\/\/apuntesdesanluis.com\/#\/schema\/person\/image\/\",\"url\":\"https:\/\/apuntesdesanluis.com\/wp-content\/uploads\/2023\/07\/cropped-apuntesdesanluis.png\",\"contentUrl\":\"https:\/\/apuntesdesanluis.com\/wp-content\/uploads\/2023\/07\/cropped-apuntesdesanluis.png\",\"width\":450,\"height\":112,\"caption\":\"apuntesdesanluis.com\"},\"logo\":{\"@id\":\"https:\/\/apuntesdesanluis.com\/#\/schema\/person\/image\/\"},\"sameAs\":[\"https:\/\/apuntesdesanluis.com\"],\"url\":\"https:\/\/apuntesdesanluis.com\/index.php\/author\/apuntesdesanluis-com\/\"}]}<\/script>\n<!-- \/ Yoast SEO plugin. -->","yoast_head_json":{"title":"VICTORIA VILLARRUEL FUE CRITICADA POR LOS BI\u00d3GRAFOS DE JAVIER MILEI POR LA JUBILACI\u00d3N DE PRIVILEGIO - Apuntes de San Luis","robots":{"index":"index","follow":"follow","max-snippet":"max-snippet:-1","max-image-preview":"max-image-preview:large","max-video-preview":"max-video-preview:-1"},"canonical":"https:\/\/apuntesdesanluis.com\/index.php\/2024\/11\/18\/victoria-villarruel-fue-criticada-por-los-biografos-de-javier-milei-por-la-jubilacion-de-privilegio\/","og_locale":"es_ES","og_type":"article","og_title":"VICTORIA VILLARRUEL FUE CRITICADA POR LOS BI\u00d3GRAFOS DE JAVIER MILEI POR LA JUBILACI\u00d3N DE PRIVILEGIO - Apuntes de San Luis","og_description":"La interna entre Milei y Villarruel en el gobierno sigue creciendo. Despu\u00e9s de que se...","og_url":"https:\/\/apuntesdesanluis.com\/index.php\/2024\/11\/18\/victoria-villarruel-fue-criticada-por-los-biografos-de-javier-milei-por-la-jubilacion-de-privilegio\/","og_site_name":"Apuntes de San Luis","article_published_time":"2024-11-18T12:27:54+00:00","article_modified_time":"2024-11-18T12:28:14+00:00","og_image":[{"width":594,"height":339,"url":"https:\/\/apuntesdesanluis.com\/wp-content\/uploads\/2024\/04\/VILLARUEL.png","type":"image\/png"}],"author":"apuntesdesanluis.com","twitter_card":"summary_large_image","twitter_misc":{"Escrito por":"apuntesdesanluis.com","Tiempo de lectura":"2 minutos"},"schema":{"@context":"https:\/\/schema.org","@graph":[{"@type":"Article","@id":"https:\/\/apuntesdesanluis.com\/index.php\/2024\/11\/18\/victoria-villarruel-fue-criticada-por-los-biografos-de-javier-milei-por-la-jubilacion-de-privilegio\/#article","isPartOf":{"@id":"https:\/\/apuntesdesanluis.com\/index.php\/2024\/11\/18\/victoria-villarruel-fue-criticada-por-los-biografos-de-javier-milei-por-la-jubilacion-de-privilegio\/"},"author":{"name":"apuntesdesanluis.com","@id":"https:\/\/apuntesdesanluis.com\/#\/schema\/person\/b55151d52296fcce64d1a72538a70b90"},"headline":"VICTORIA VILLARRUEL FUE CRITICADA POR LOS BI\u00d3GRAFOS DE JAVIER MILEI POR LA JUBILACI\u00d3N DE PRIVILEGIO","datePublished":"2024-11-18T12:27:54+00:00","dateModified":"2024-11-18T12:28:14+00:00","mainEntityOfPage":{"@id":"https:\/\/apuntesdesanluis.com\/index.php\/2024\/11\/18\/victoria-villarruel-fue-criticada-por-los-biografos-de-javier-milei-por-la-jubilacion-de-privilegio\/"},"wordCount":257,"publisher":{"@id":"https:\/\/apuntesdesanluis.com\/#\/schema\/person\/b55151d52296fcce64d1a72538a70b90"},"image":{"@id":"https:\/\/apuntesdesanluis.com\/index.php\/2024\/11\/18\/victoria-villarruel-fue-criticada-por-los-biografos-de-javier-milei-por-la-jubilacion-de-privilegio\/#primaryimage"},"thumbnailUrl":"https:\/\/apuntesdesanluis.com\/wp-content\/uploads\/2024\/04\/VILLARUEL.png","articleSection":["Nacionales\/Internacionales"],"inLanguage":"es-AR"},{"@type":"WebPage","@id":"https:\/\/apuntesdesanluis.com\/index.php\/2024\/11\/18\/victoria-villarruel-fue-criticada-por-los-biografos-de-javier-milei-por-la-jubilacion-de-privilegio\/","url":"https:\/\/apuntesdesanluis.com\/index.php\/2024\/11\/18\/victoria-villarruel-fue-criticada-por-los-biografos-de-javier-milei-por-la-jubilacion-de-privilegio\/","name":"VICTORIA VILLARRUEL FUE CRITICADA POR LOS BI\u00d3GRAFOS DE JAVIER MILEI POR LA JUBILACI\u00d3N DE PRIVILEGIO - Apuntes de San Luis","isPartOf":{"@id":"https:\/\/apuntesdesanluis.com\/#website"},"primaryImageOfPage":{"@id":"https:\/\/apuntesdesanluis.com\/index.php\/2024\/11\/18\/victoria-villarruel-fue-criticada-por-los-biografos-de-javier-milei-por-la-jubilacion-de-privilegio\/#primaryimage"},"image":{"@id":"https:\/\/apuntesdesanluis.com\/index.php\/2024\/11\/18\/victoria-villarruel-fue-criticada-por-los-biografos-de-javier-milei-por-la-jubilacion-de-privilegio\/#primaryimage"},"thumbnailUrl":"https:\/\/apuntesdesanluis.com\/wp-content\/uploads\/2024\/04\/VILLARUEL.png","datePublished":"2024-11-18T12:27:54+00:00","dateModified":"2024-11-18T12:28:14+00:00","breadcrumb":{"@id":"https:\/\/apuntesdesanluis.com\/index.php\/2024\/11\/18\/victoria-villarruel-fue-criticada-por-los-biografos-de-javier-milei-por-la-jubilacion-de-privilegio\/#breadcrumb"},"inLanguage":"es-AR","potentialAction":[{"@type":"ReadAction","target":["https:\/\/apuntesdesanluis.com\/index.php\/2024\/11\/18\/victoria-villarruel-fue-criticada-por-los-biografos-de-javier-milei-por-la-jubilacion-de-privilegio\/"]}]},{"@type":"ImageObject","inLanguage":"es-AR","@id":"https:\/\/apuntesdesanluis.com\/index.php\/2024\/11\/18\/victoria-villarruel-fue-criticada-por-los-biografos-de-javier-milei-por-la-jubilacion-de-privilegio\/#primaryimage","url":"https:\/\/apuntesdesanluis.com\/wp-content\/uploads\/2024\/04\/VILLARUEL.png","contentUrl":"https:\/\/apuntesdesanluis.com\/wp-content\/uploads\/2024\/04\/VILLARUEL.png","width":594,"height":339},{"@type":"BreadcrumbList","@id":"https:\/\/apuntesdesanluis.com\/index.php\/2024\/11\/18\/victoria-villarruel-fue-criticada-por-los-biografos-de-javier-milei-por-la-jubilacion-de-privilegio\/#breadcrumb","itemListElement":[{"@type":"ListItem","position":1,"name":"Inicio","item":"https:\/\/apuntesdesanluis.com\/"},{"@type":"ListItem","position":2,"name":"VICTORIA VILLARRUEL FUE CRITICADA POR LOS BI\u00d3GRAFOS DE JAVIER MILEI POR LA JUBILACI\u00d3N DE PRIVILEGIO"}]},{"@type":"WebSite","@id":"https:\/\/apuntesdesanluis.com\/#website","url":"https:\/\/apuntesdesanluis.com\/","name":"Apuntes de San Luis","description":"","publisher":{"@id":"https:\/\/apuntesdesanluis.com\/#\/schema\/person\/b55151d52296fcce64d1a72538a70b90"},"potentialAction":[{"@type":"SearchAction","target":{"@type":"EntryPoint","urlTemplate":"https:\/\/apuntesdesanluis.com\/?s={search_term_string}"},"query-input":{"@type":"PropertyValueSpecification","valueRequired":true,"valueName":"search_term_string"}}],"inLanguage":"es-AR"},{"@type":["Person","Organization"],"@id":"https:\/\/apuntesdesanluis.com\/#\/schema\/person\/b55151d52296fcce64d1a72538a70b90","name":"apuntesdesanluis.com","image":{"@type":"ImageObject","inLanguage":"es-AR","@id":"https:\/\/apuntesdesanluis.com\/#\/schema\/person\/image\/","url":"https:\/\/apuntesdesanluis.com\/wp-content\/uploads\/2023\/07\/cropped-apuntesdesanluis.png","contentUrl":"https:\/\/apuntesdesanluis.com\/wp-content\/uploads\/2023\/07\/cropped-apuntesdesanluis.png","width":450,"height":112,"caption":"apuntesdesanluis.com"},"logo":{"@id":"https:\/\/apuntesdesanluis.com\/#\/schema\/person\/image\/"},"sameAs":["https:\/\/apuntesdesanluis.com"],"url":"https:\/\/apuntesdesanluis.com\/index.php\/author\/apuntesdesanluis-com\/"}]}},"featured_image_urls":{"full":["https:\/\/apuntesdesanluis.com\/wp-content\/uploads\/2024\/04\/VILLARUEL.png",594,339,false],"thumbnail":["https:\/\/apuntesdesanluis.com\/wp-content\/uploads\/2024\/04\/VILLARUEL-150x150.png",150,150,true],"medium":["https:\/\/apuntesdesanluis.com\/wp-content\/uploads\/2024\/04\/VILLARUEL-300x171.png",300,171,true],"medium_large":["https:\/\/apuntesdesanluis.com\/wp-content\/uploads\/2024\/04\/VILLARUEL.png",594,339,false],"large":["https:\/\/apuntesdesanluis.com\/wp-content\/uploads\/2024\/04\/VILLARUEL.png",594,339,false],"1536x1536":["https:\/\/apuntesdesanluis.com\/wp-content\/uploads\/2024\/04\/VILLARUEL.png",594,339,false],"2048x2048":["https:\/\/apuntesdesanluis.com\/wp-content\/uploads\/2024\/04\/VILLARUEL.png",594,339,false],"newsever-slider-full":["https:\/\/apuntesdesanluis.com\/wp-content\/uploads\/2024\/04\/VILLARUEL.png",594,339,false],"newsever-featured":["https:\/\/apuntesdesanluis.com\/wp-content\/uploads\/2024\/04\/VILLARUEL.png",594,339,false],"newsever-medium":["https:\/\/apuntesdesanluis.com\/wp-content\/uploads\/2024\/04\/VILLARUEL.png",594,339,false]},"author_info":{"display_name":"apuntesdesanluis.com","author_link":"https:\/\/apuntesdesanluis.com\/index.php\/author\/apuntesdesanluis-com\/"},"category_info":"<a href=\"https:\/\/apuntesdesanluis.com\/index.php\/category\/nacionales-internacionales\/\" rel=\"category tag\">Nacionales\/Internacionales<\/a>","tag_info":"Nacionales\/Internacionales","comment_count":"0","_links":{"self":[{"href":"https:\/\/apuntesdesanluis.com\/index.php\/wp-json\/wp\/v2\/posts\/25353","targetHints":{"allow":["GET"]}}],"collection":[{"href":"https:\/\/apuntesdesanluis.com\/index.php\/wp-json\/wp\/v2\/posts"}],"about":[{"href":"https:\/\/apuntesdesanluis.com\/index.php\/wp-json\/wp\/v2\/types\/post"}],"author":[{"embeddable":true,"href":"https:\/\/apuntesdesanluis.com\/index.php\/wp-json\/wp\/v2\/users\/1"}],"replies":[{"embeddable":true,"href":"https:\/\/apuntesdesanluis.com\/index.php\/wp-json\/wp\/v2\/comments?post=25353"}],"version-history":[{"count":1,"href":"https:\/\/apuntesdesanluis.com\/index.php\/wp-json\/wp\/v2\/posts\/25353\/revisions"}],"predecessor-version":[{"id":25355,"href":"https:\/\/apuntesdesanluis.com\/index.php\/wp-json\/wp\/v2\/posts\/25353\/revisions\/25355"}],"wp:featuredmedia":[{"embeddable":true,"href":"https:\/\/apuntesdesanluis.com\/index.php\/wp-json\/wp\/v2\/media\/14905"}],"wp:attachment":[{"href":"https:\/\/apuntesdesanluis.com\/index.php\/wp-json\/wp\/v2\/media?parent=25353"}],"wp:term":[{"taxonomy":"category","embeddable":true,"href":"https:\/\/apuntesdesanluis.com\/index.php\/wp-json\/wp\/v2\/categories?post=25353"},{"taxonomy":"post_tag","embeddable":true,"href":"https:\/\/apuntesdesanluis.com\/index.php\/wp-json\/wp\/v2\/tags?post=25353"}],"curies":[{"name":"wp","href":"https:\/\/api.w.org\/{rel}","templated":true}]}}