{"id":2536,"date":"2023-09-02T20:25:32","date_gmt":"2023-09-02T23:25:32","guid":{"rendered":"https:\/\/apuntesdesanluis.com\/?p=2536"},"modified":"2023-09-02T20:25:32","modified_gmt":"2023-09-02T23:25:32","slug":"sergio-massa-anuncio-la-liberacion-de-importaciones-para-las-pymes-industriales","status":"publish","type":"post","link":"https:\/\/apuntesdesanluis.com\/index.php\/2023\/09\/02\/sergio-massa-anuncio-la-liberacion-de-importaciones-para-las-pymes-industriales\/","title":{"rendered":"SERGIO MASSA ANUNCI\u00d3 LA LIBERACI\u00d3N DE IMPORTACIONES PARA LAS PYMES INDUSTRIALES"},"content":{"rendered":"<h3>As\u00ed lo asegur\u00f3 el ministro de Econom\u00eda, y candidato a presidente de Uni\u00f3n por la Patria, en un evento por el D\u00eda Nacional de la Industria. Adem\u00e1s, apunt\u00f3 contra el Fondo Monetario Internacional y critic\u00f3 el plan de dolarizaci\u00f3n de Javier Milei.<\/h3>\n<h3><strong>Sergio Massa<\/strong> particip\u00f3 este viernes de un acto en la provincia de Entre R\u00edos. All\u00ed, anunci\u00f3 la decisi\u00f3n de liberar las importaciones para pymes industriales.<\/h3>\n<h3>En este sentido, justific\u00f3 esta medida a partir del ingreso de divisas estadounidenses al Banco Central tras las recientes negociaciones en Washington, tanto con el Fondo Monetario Internacional como con otros organismos bilaterales.<\/h3>\n<h3>&#8220;Agosto fue el mes de mayor acumulaci\u00f3n de reservas del Banco Central desde el mismo periodo del 2006, con casi dos mil millones de d\u00f3lares. Por eso, hemos tomado la decisi\u00f3n, y ya lo empezaron a ver, de liberar para todas las pymes todas las SIRA (Sistema de Importaciones de la Rep\u00fablica Argentina) pendientes para garantizar los empleos y el desarrollo. Termin\u00f3 el mes y tenemos capacidad para ir pagando y, con esto, acelerar el proceso de importaci\u00f3n&#8221;, asegur\u00f3.<\/h3>\n<h3>El evento se desarroll\u00f3 en la ciudad de Paran\u00e1 y fue organizado por la Uni\u00f3n Industrial de Entre R\u00edos (UIER), que est\u00e1 celebrando su vig\u00e9simo aniversario, con conjunto con la Uni\u00f3n Industrial Argentina (UIA). Adem\u00e1s de Massa, participaron, entre otros, el gobernador provincial Gustavo Bordet; el intendente Ad\u00e1n Bahl; el presidente de la UIA, Daniel Funes de Rioja, y el mandatario de UIER, Gabriel Bourdin.<\/h3>\n<h3>&#8220;Estoy convencido de que Argentina necesita, desde el 10 de diciembre, un gobierno de unidad nacional para dar vuelta la p\u00e1gina y empezar a encontrar el camino de construcci\u00f3n de pol\u00edticas de Estado. Porque tenemos que bajar impuestos, tener nuestra moneda digital y avanzar en reformas de simplificaci\u00f3n tributaria&#8221;, sostuvo, en clave electoral.<\/h3>\n<h3><strong>\u00bfQU\u00c9 SON LAS SIRA?<\/strong><\/h3>\n<h3>El Sistema de Importaciones de la Rep\u00fablica Argentina es un procedimiento electr\u00f3nico que se utiliza para la gesti\u00f3n de las importaciones.<\/h3>\n<h3>En el mismo intervienen la Agencia Federal de Ingreso P\u00fablicos (AFIP), la Direcci\u00f3n General de Aduanas, la Secretar\u00eda de Comercio y el Banco Central de la Rep\u00fablica Argentina (BCRA).<\/h3>\n<h3>\u00c9ste reemplaz\u00f3 al viejo Sistema Integral de Monitoreo de Importaciones (SIMI), que se utiliz\u00f3 hasta octubre del 2022.<\/h3>\n<h3>Para llevar adelante el ingreso de bienes al pa\u00eds, establece una serie de pasos, que incluyen una Declaraci\u00f3n Jurada y la carga de informaci\u00f3n sobre el presupuesto a utilizar, ya sea en moneda nacional o extranjera.<\/h3>\n<h3>Tras esto, la AFIP analiza la Capacidad Econ\u00f3mica Financiera del importador para validar o rechazar la solicitud.<\/h3>\n<h3>En el proceso, se revisa el historial de la empresa, las proyecciones, la actividad o el rubro del que forma parte y tambi\u00e9n tiene en cuenta otras variables como la solvencia econ\u00f3mica o el nivel empleo y producci\u00f3n.<\/h3>\n<h3>La aprobaci\u00f3n de una SIRA da luz verde al proceso tanto de pago como de ingreso y recepci\u00f3n de los cargamentos. Su demora o rechazo, por su parte, retrasa o impide, directamente, que esto suceda.<\/h3>\n<h3>Adem\u00e1s, apunt\u00f3 duramente contra el Fondo Monetario Internacional, una entidad con la que viene de tener negociaciones en Estados Unidos hace apenas algunos d\u00edas.<\/h3>\n<h3>&#8220;Esta crisis que vivimos tiene varios or\u00edgenes, como el cepo espantoso que tiene la econom\u00eda. Pero tambi\u00e9n tiene que ver con que, en 2018, y a partir del cr\u00e9dito al FMI, Argentina entr\u00f3 en convocatoria, y desde ese momento vive con un s\u00edndico que, cada 90 d\u00edas, mira las cuentas. Un s\u00edndico que nos dice hasta donde podemos actuar&#8221;, manifest\u00f3 Massa.<\/h3>\n<h3>&#8220;Porque los que nos ped\u00eda el Fondo era eso: un 100% de devaluaci\u00f3n y congelamiento de las importaciones. No es, ni m\u00e1s ni menos que recesi\u00f3n, con 30% de p\u00e9rdida de la masa de empleos industriales del pa\u00eds. Esto nos sacaba de la cancha y condenaba a la pobreza a nuestros trabajadores&#8221;, agreg\u00f3.<\/h3>\n<h3>En ese marco, se refiri\u00f3 a los acuerdos alcanzados con China, Qatar y el Banco Interamericano de Desarrollo, adem\u00e1s de resaltar la reciente inclusi\u00f3n a los BRICS. &#8220;Por todo esto, tuvimos que ir a buscar un modelo que terminara con el Fondo como prestamista como \u00faltima instancia. No quer\u00edamos aceptar esas imposiciones porque no nos quedaba otra. Y la verdad es que, claramente, esa etapa termin\u00f3&#8221;, dijo.<\/h3>\n<h3>De cara a la pr\u00f3xima gesti\u00f3n, cuando culmine la etapa de Alberto Fern\u00e1ndez en Casa Rosada, y respecto a la deuda con el organismo, concluy\u00f3: &#8220;Una cosa es tener una deuda y ver como la abordamos, y otra es ir al almac\u00e9n con el manual del almacenero y rendirse, como han hecho muchos gobiernos a lo largo de nuestra historia. Argentina tiene que honrar esas deudas, pero defendiendo el trabajo, la industria y la soberan\u00eda nacional&#8221;.<\/h3>\n","protected":false},"excerpt":{"rendered":"<p>As\u00ed lo asegur\u00f3 el ministro de Econom\u00eda, y candidato a presidente de Uni\u00f3n por la&#8230;<\/p>\n","protected":false},"author":1,"featured_media":2537,"comment_status":"closed","ping_status":"closed","sticky":false,"template":"","format":"standard","meta":{"footnotes":""},"categories":[5],"tags":[],"class_list":["post-2536","post","type-post","status-publish","format-standard","has-post-thumbnail","hentry","category-nacionales-internacionales"],"yoast_head":"<!-- This site is optimized with the Yoast SEO plugin v26.1.1 - https:\/\/yoast.com\/wordpress\/plugins\/seo\/ -->\n<title>SERGIO MASSA ANUNCI\u00d3 LA LIBERACI\u00d3N DE IMPORTACIONES PARA LAS PYMES INDUSTRIALES - Apuntes de San Luis<\/title>\n<meta name=\"robots\" content=\"index, follow, max-snippet:-1, max-image-preview:large, max-video-preview:-1\" \/>\n<link rel=\"canonical\" href=\"https:\/\/apuntesdesanluis.com\/index.php\/2023\/09\/02\/sergio-massa-anuncio-la-liberacion-de-importaciones-para-las-pymes-industriales\/\" \/>\n<meta property=\"og:locale\" content=\"es_ES\" \/>\n<meta property=\"og:type\" content=\"article\" \/>\n<meta property=\"og:title\" content=\"SERGIO MASSA ANUNCI\u00d3 LA LIBERACI\u00d3N DE IMPORTACIONES PARA LAS PYMES INDUSTRIALES - Apuntes de San Luis\" \/>\n<meta property=\"og:description\" content=\"As\u00ed lo asegur\u00f3 el ministro de Econom\u00eda, y candidato a presidente de Uni\u00f3n por la...\" \/>\n<meta property=\"og:url\" content=\"https:\/\/apuntesdesanluis.com\/index.php\/2023\/09\/02\/sergio-massa-anuncio-la-liberacion-de-importaciones-para-las-pymes-industriales\/\" \/>\n<meta property=\"og:site_name\" content=\"Apuntes de San Luis\" \/>\n<meta property=\"article:published_time\" content=\"2023-09-02T23:25:32+00:00\" \/>\n<meta property=\"og:image\" content=\"https:\/\/apuntesdesanluis.com\/wp-content\/uploads\/2023\/09\/massa-industria.png\" \/>\n\t<meta property=\"og:image:width\" content=\"885\" \/>\n\t<meta property=\"og:image:height\" content=\"507\" \/>\n\t<meta property=\"og:image:type\" content=\"image\/png\" \/>\n<meta name=\"author\" content=\"apuntesdesanluis.com\" \/>\n<meta name=\"twitter:card\" content=\"summary_large_image\" \/>\n<meta name=\"twitter:label1\" content=\"Escrito por\" \/>\n\t<meta name=\"twitter:data1\" content=\"apuntesdesanluis.com\" \/>\n\t<meta name=\"twitter:label2\" content=\"Tiempo de lectura\" \/>\n\t<meta name=\"twitter:data2\" content=\"4 minutos\" \/>\n<script type=\"application\/ld+json\" class=\"yoast-schema-graph\">{\"@context\":\"https:\/\/schema.org\",\"@graph\":[{\"@type\":\"Article\",\"@id\":\"https:\/\/apuntesdesanluis.com\/index.php\/2023\/09\/02\/sergio-massa-anuncio-la-liberacion-de-importaciones-para-las-pymes-industriales\/#article\",\"isPartOf\":{\"@id\":\"https:\/\/apuntesdesanluis.com\/index.php\/2023\/09\/02\/sergio-massa-anuncio-la-liberacion-de-importaciones-para-las-pymes-industriales\/\"},\"author\":{\"name\":\"apuntesdesanluis.com\",\"@id\":\"https:\/\/apuntesdesanluis.com\/#\/schema\/person\/b55151d52296fcce64d1a72538a70b90\"},\"headline\":\"SERGIO MASSA ANUNCI\u00d3 LA LIBERACI\u00d3N DE IMPORTACIONES PARA LAS PYMES INDUSTRIALES\",\"datePublished\":\"2023-09-02T23:25:32+00:00\",\"mainEntityOfPage\":{\"@id\":\"https:\/\/apuntesdesanluis.com\/index.php\/2023\/09\/02\/sergio-massa-anuncio-la-liberacion-de-importaciones-para-las-pymes-industriales\/\"},\"wordCount\":842,\"publisher\":{\"@id\":\"https:\/\/apuntesdesanluis.com\/#\/schema\/person\/b55151d52296fcce64d1a72538a70b90\"},\"image\":{\"@id\":\"https:\/\/apuntesdesanluis.com\/index.php\/2023\/09\/02\/sergio-massa-anuncio-la-liberacion-de-importaciones-para-las-pymes-industriales\/#primaryimage\"},\"thumbnailUrl\":\"https:\/\/apuntesdesanluis.com\/wp-content\/uploads\/2023\/09\/massa-industria.png\",\"articleSection\":[\"Nacionales\/Internacionales\"],\"inLanguage\":\"es-AR\"},{\"@type\":\"WebPage\",\"@id\":\"https:\/\/apuntesdesanluis.com\/index.php\/2023\/09\/02\/sergio-massa-anuncio-la-liberacion-de-importaciones-para-las-pymes-industriales\/\",\"url\":\"https:\/\/apuntesdesanluis.com\/index.php\/2023\/09\/02\/sergio-massa-anuncio-la-liberacion-de-importaciones-para-las-pymes-industriales\/\",\"name\":\"SERGIO MASSA ANUNCI\u00d3 LA LIBERACI\u00d3N DE IMPORTACIONES PARA LAS PYMES INDUSTRIALES - Apuntes de San Luis\",\"isPartOf\":{\"@id\":\"https:\/\/apuntesdesanluis.com\/#website\"},\"primaryImageOfPage\":{\"@id\":\"https:\/\/apuntesdesanluis.com\/index.php\/2023\/09\/02\/sergio-massa-anuncio-la-liberacion-de-importaciones-para-las-pymes-industriales\/#primaryimage\"},\"image\":{\"@id\":\"https:\/\/apuntesdesanluis.com\/index.php\/2023\/09\/02\/sergio-massa-anuncio-la-liberacion-de-importaciones-para-las-pymes-industriales\/#primaryimage\"},\"thumbnailUrl\":\"https:\/\/apuntesdesanluis.com\/wp-content\/uploads\/2023\/09\/massa-industria.png\",\"datePublished\":\"2023-09-02T23:25:32+00:00\",\"breadcrumb\":{\"@id\":\"https:\/\/apuntesdesanluis.com\/index.php\/2023\/09\/02\/sergio-massa-anuncio-la-liberacion-de-importaciones-para-las-pymes-industriales\/#breadcrumb\"},\"inLanguage\":\"es-AR\",\"potentialAction\":[{\"@type\":\"ReadAction\",\"target\":[\"https:\/\/apuntesdesanluis.com\/index.php\/2023\/09\/02\/sergio-massa-anuncio-la-liberacion-de-importaciones-para-las-pymes-industriales\/\"]}]},{\"@type\":\"ImageObject\",\"inLanguage\":\"es-AR\",\"@id\":\"https:\/\/apuntesdesanluis.com\/index.php\/2023\/09\/02\/sergio-massa-anuncio-la-liberacion-de-importaciones-para-las-pymes-industriales\/#primaryimage\",\"url\":\"https:\/\/apuntesdesanluis.com\/wp-content\/uploads\/2023\/09\/massa-industria.png\",\"contentUrl\":\"https:\/\/apuntesdesanluis.com\/wp-content\/uploads\/2023\/09\/massa-industria.png\",\"width\":885,\"height\":507},{\"@type\":\"BreadcrumbList\",\"@id\":\"https:\/\/apuntesdesanluis.com\/index.php\/2023\/09\/02\/sergio-massa-anuncio-la-liberacion-de-importaciones-para-las-pymes-industriales\/#breadcrumb\",\"itemListElement\":[{\"@type\":\"ListItem\",\"position\":1,\"name\":\"Inicio\",\"item\":\"https:\/\/apuntesdesanluis.com\/\"},{\"@type\":\"ListItem\",\"position\":2,\"name\":\"SERGIO MASSA ANUNCI\u00d3 LA LIBERACI\u00d3N DE IMPORTACIONES PARA LAS PYMES INDUSTRIALES\"}]},{\"@type\":\"WebSite\",\"@id\":\"https:\/\/apuntesdesanluis.com\/#website\",\"url\":\"https:\/\/apuntesdesanluis.com\/\",\"name\":\"Apuntes de San Luis\",\"description\":\"\",\"publisher\":{\"@id\":\"https:\/\/apuntesdesanluis.com\/#\/schema\/person\/b55151d52296fcce64d1a72538a70b90\"},\"potentialAction\":[{\"@type\":\"SearchAction\",\"target\":{\"@type\":\"EntryPoint\",\"urlTemplate\":\"https:\/\/apuntesdesanluis.com\/?s={search_term_string}\"},\"query-input\":{\"@type\":\"PropertyValueSpecification\",\"valueRequired\":true,\"valueName\":\"search_term_string\"}}],\"inLanguage\":\"es-AR\"},{\"@type\":[\"Person\",\"Organization\"],\"@id\":\"https:\/\/apuntesdesanluis.com\/#\/schema\/person\/b55151d52296fcce64d1a72538a70b90\",\"name\":\"apuntesdesanluis.com\",\"image\":{\"@type\":\"ImageObject\",\"inLanguage\":\"es-AR\",\"@id\":\"https:\/\/apuntesdesanluis.com\/#\/schema\/person\/image\/\",\"url\":\"https:\/\/apuntesdesanluis.com\/wp-content\/uploads\/2023\/07\/cropped-apuntesdesanluis.png\",\"contentUrl\":\"https:\/\/apuntesdesanluis.com\/wp-content\/uploads\/2023\/07\/cropped-apuntesdesanluis.png\",\"width\":450,\"height\":112,\"caption\":\"apuntesdesanluis.com\"},\"logo\":{\"@id\":\"https:\/\/apuntesdesanluis.com\/#\/schema\/person\/image\/\"},\"sameAs\":[\"https:\/\/apuntesdesanluis.com\"],\"url\":\"https:\/\/apuntesdesanluis.com\/index.php\/author\/apuntesdesanluis-com\/\"}]}<\/script>\n<!-- \/ Yoast SEO plugin. -->","yoast_head_json":{"title":"SERGIO MASSA ANUNCI\u00d3 LA LIBERACI\u00d3N DE IMPORTACIONES PARA LAS PYMES INDUSTRIALES - Apuntes de San Luis","robots":{"index":"index","follow":"follow","max-snippet":"max-snippet:-1","max-image-preview":"max-image-preview:large","max-video-preview":"max-video-preview:-1"},"canonical":"https:\/\/apuntesdesanluis.com\/index.php\/2023\/09\/02\/sergio-massa-anuncio-la-liberacion-de-importaciones-para-las-pymes-industriales\/","og_locale":"es_ES","og_type":"article","og_title":"SERGIO MASSA ANUNCI\u00d3 LA LIBERACI\u00d3N DE IMPORTACIONES PARA LAS PYMES INDUSTRIALES - Apuntes de San Luis","og_description":"As\u00ed lo asegur\u00f3 el ministro de Econom\u00eda, y candidato a presidente de Uni\u00f3n por la...","og_url":"https:\/\/apuntesdesanluis.com\/index.php\/2023\/09\/02\/sergio-massa-anuncio-la-liberacion-de-importaciones-para-las-pymes-industriales\/","og_site_name":"Apuntes de San Luis","article_published_time":"2023-09-02T23:25:32+00:00","og_image":[{"width":885,"height":507,"url":"https:\/\/apuntesdesanluis.com\/wp-content\/uploads\/2023\/09\/massa-industria.png","type":"image\/png"}],"author":"apuntesdesanluis.com","twitter_card":"summary_large_image","twitter_misc":{"Escrito por":"apuntesdesanluis.com","Tiempo de lectura":"4 minutos"},"schema":{"@context":"https:\/\/schema.org","@graph":[{"@type":"Article","@id":"https:\/\/apuntesdesanluis.com\/index.php\/2023\/09\/02\/sergio-massa-anuncio-la-liberacion-de-importaciones-para-las-pymes-industriales\/#article","isPartOf":{"@id":"https:\/\/apuntesdesanluis.com\/index.php\/2023\/09\/02\/sergio-massa-anuncio-la-liberacion-de-importaciones-para-las-pymes-industriales\/"},"author":{"name":"apuntesdesanluis.com","@id":"https:\/\/apuntesdesanluis.com\/#\/schema\/person\/b55151d52296fcce64d1a72538a70b90"},"headline":"SERGIO MASSA ANUNCI\u00d3 LA LIBERACI\u00d3N DE IMPORTACIONES PARA LAS PYMES INDUSTRIALES","datePublished":"2023-09-02T23:25:32+00:00","mainEntityOfPage":{"@id":"https:\/\/apuntesdesanluis.com\/index.php\/2023\/09\/02\/sergio-massa-anuncio-la-liberacion-de-importaciones-para-las-pymes-industriales\/"},"wordCount":842,"publisher":{"@id":"https:\/\/apuntesdesanluis.com\/#\/schema\/person\/b55151d52296fcce64d1a72538a70b90"},"image":{"@id":"https:\/\/apuntesdesanluis.com\/index.php\/2023\/09\/02\/sergio-massa-anuncio-la-liberacion-de-importaciones-para-las-pymes-industriales\/#primaryimage"},"thumbnailUrl":"https:\/\/apuntesdesanluis.com\/wp-content\/uploads\/2023\/09\/massa-industria.png","articleSection":["Nacionales\/Internacionales"],"inLanguage":"es-AR"},{"@type":"WebPage","@id":"https:\/\/apuntesdesanluis.com\/index.php\/2023\/09\/02\/sergio-massa-anuncio-la-liberacion-de-importaciones-para-las-pymes-industriales\/","url":"https:\/\/apuntesdesanluis.com\/index.php\/2023\/09\/02\/sergio-massa-anuncio-la-liberacion-de-importaciones-para-las-pymes-industriales\/","name":"SERGIO MASSA ANUNCI\u00d3 LA LIBERACI\u00d3N DE IMPORTACIONES PARA LAS PYMES INDUSTRIALES - Apuntes de San Luis","isPartOf":{"@id":"https:\/\/apuntesdesanluis.com\/#website"},"primaryImageOfPage":{"@id":"https:\/\/apuntesdesanluis.com\/index.php\/2023\/09\/02\/sergio-massa-anuncio-la-liberacion-de-importaciones-para-las-pymes-industriales\/#primaryimage"},"image":{"@id":"https:\/\/apuntesdesanluis.com\/index.php\/2023\/09\/02\/sergio-massa-anuncio-la-liberacion-de-importaciones-para-las-pymes-industriales\/#primaryimage"},"thumbnailUrl":"https:\/\/apuntesdesanluis.com\/wp-content\/uploads\/2023\/09\/massa-industria.png","datePublished":"2023-09-02T23:25:32+00:00","breadcrumb":{"@id":"https:\/\/apuntesdesanluis.com\/index.php\/2023\/09\/02\/sergio-massa-anuncio-la-liberacion-de-importaciones-para-las-pymes-industriales\/#breadcrumb"},"inLanguage":"es-AR","potentialAction":[{"@type":"ReadAction","target":["https:\/\/apuntesdesanluis.com\/index.php\/2023\/09\/02\/sergio-massa-anuncio-la-liberacion-de-importaciones-para-las-pymes-industriales\/"]}]},{"@type":"ImageObject","inLanguage":"es-AR","@id":"https:\/\/apuntesdesanluis.com\/index.php\/2023\/09\/02\/sergio-massa-anuncio-la-liberacion-de-importaciones-para-las-pymes-industriales\/#primaryimage","url":"https:\/\/apuntesdesanluis.com\/wp-content\/uploads\/2023\/09\/massa-industria.png","contentUrl":"https:\/\/apuntesdesanluis.com\/wp-content\/uploads\/2023\/09\/massa-industria.png","width":885,"height":507},{"@type":"BreadcrumbList","@id":"https:\/\/apuntesdesanluis.com\/index.php\/2023\/09\/02\/sergio-massa-anuncio-la-liberacion-de-importaciones-para-las-pymes-industriales\/#breadcrumb","itemListElement":[{"@type":"ListItem","position":1,"name":"Inicio","item":"https:\/\/apuntesdesanluis.com\/"},{"@type":"ListItem","position":2,"name":"SERGIO MASSA ANUNCI\u00d3 LA LIBERACI\u00d3N DE IMPORTACIONES PARA LAS PYMES INDUSTRIALES"}]},{"@type":"WebSite","@id":"https:\/\/apuntesdesanluis.com\/#website","url":"https:\/\/apuntesdesanluis.com\/","name":"Apuntes de San Luis","description":"","publisher":{"@id":"https:\/\/apuntesdesanluis.com\/#\/schema\/person\/b55151d52296fcce64d1a72538a70b90"},"potentialAction":[{"@type":"SearchAction","target":{"@type":"EntryPoint","urlTemplate":"https:\/\/apuntesdesanluis.com\/?s={search_term_string}"},"query-input":{"@type":"PropertyValueSpecification","valueRequired":true,"valueName":"search_term_string"}}],"inLanguage":"es-AR"},{"@type":["Person","Organization"],"@id":"https:\/\/apuntesdesanluis.com\/#\/schema\/person\/b55151d52296fcce64d1a72538a70b90","name":"apuntesdesanluis.com","image":{"@type":"ImageObject","inLanguage":"es-AR","@id":"https:\/\/apuntesdesanluis.com\/#\/schema\/person\/image\/","url":"https:\/\/apuntesdesanluis.com\/wp-content\/uploads\/2023\/07\/cropped-apuntesdesanluis.png","contentUrl":"https:\/\/apuntesdesanluis.com\/wp-content\/uploads\/2023\/07\/cropped-apuntesdesanluis.png","width":450,"height":112,"caption":"apuntesdesanluis.com"},"logo":{"@id":"https:\/\/apuntesdesanluis.com\/#\/schema\/person\/image\/"},"sameAs":["https:\/\/apuntesdesanluis.com"],"url":"https:\/\/apuntesdesanluis.com\/index.php\/author\/apuntesdesanluis-com\/"}]}},"featured_image_urls":{"full":["https:\/\/apuntesdesanluis.com\/wp-content\/uploads\/2023\/09\/massa-industria.png",885,507,false],"thumbnail":["https:\/\/apuntesdesanluis.com\/wp-content\/uploads\/2023\/09\/massa-industria-150x150.png",150,150,true],"medium":["https:\/\/apuntesdesanluis.com\/wp-content\/uploads\/2023\/09\/massa-industria-300x172.png",300,172,true],"medium_large":["https:\/\/apuntesdesanluis.com\/wp-content\/uploads\/2023\/09\/massa-industria-768x440.png",640,367,true],"large":["https:\/\/apuntesdesanluis.com\/wp-content\/uploads\/2023\/09\/massa-industria.png",640,367,false],"1536x1536":["https:\/\/apuntesdesanluis.com\/wp-content\/uploads\/2023\/09\/massa-industria.png",885,507,false],"2048x2048":["https:\/\/apuntesdesanluis.com\/wp-content\/uploads\/2023\/09\/massa-industria.png",885,507,false],"newsever-slider-full":["https:\/\/apuntesdesanluis.com\/wp-content\/uploads\/2023\/09\/massa-industria.png",885,507,false],"newsever-featured":["https:\/\/apuntesdesanluis.com\/wp-content\/uploads\/2023\/09\/massa-industria.png",885,507,false],"newsever-medium":["https:\/\/apuntesdesanluis.com\/wp-content\/uploads\/2023\/09\/massa-industria-720x475.png",720,475,true]},"author_info":{"display_name":"apuntesdesanluis.com","author_link":"https:\/\/apuntesdesanluis.com\/index.php\/author\/apuntesdesanluis-com\/"},"category_info":"<a href=\"https:\/\/apuntesdesanluis.com\/index.php\/category\/nacionales-internacionales\/\" rel=\"category tag\">Nacionales\/Internacionales<\/a>","tag_info":"Nacionales\/Internacionales","comment_count":"0","_links":{"self":[{"href":"https:\/\/apuntesdesanluis.com\/index.php\/wp-json\/wp\/v2\/posts\/2536","targetHints":{"allow":["GET"]}}],"collection":[{"href":"https:\/\/apuntesdesanluis.com\/index.php\/wp-json\/wp\/v2\/posts"}],"about":[{"href":"https:\/\/apuntesdesanluis.com\/index.php\/wp-json\/wp\/v2\/types\/post"}],"author":[{"embeddable":true,"href":"https:\/\/apuntesdesanluis.com\/index.php\/wp-json\/wp\/v2\/users\/1"}],"replies":[{"embeddable":true,"href":"https:\/\/apuntesdesanluis.com\/index.php\/wp-json\/wp\/v2\/comments?post=2536"}],"version-history":[{"count":1,"href":"https:\/\/apuntesdesanluis.com\/index.php\/wp-json\/wp\/v2\/posts\/2536\/revisions"}],"predecessor-version":[{"id":2538,"href":"https:\/\/apuntesdesanluis.com\/index.php\/wp-json\/wp\/v2\/posts\/2536\/revisions\/2538"}],"wp:featuredmedia":[{"embeddable":true,"href":"https:\/\/apuntesdesanluis.com\/index.php\/wp-json\/wp\/v2\/media\/2537"}],"wp:attachment":[{"href":"https:\/\/apuntesdesanluis.com\/index.php\/wp-json\/wp\/v2\/media?parent=2536"}],"wp:term":[{"taxonomy":"category","embeddable":true,"href":"https:\/\/apuntesdesanluis.com\/index.php\/wp-json\/wp\/v2\/categories?post=2536"},{"taxonomy":"post_tag","embeddable":true,"href":"https:\/\/apuntesdesanluis.com\/index.php\/wp-json\/wp\/v2\/tags?post=2536"}],"curies":[{"name":"wp","href":"https:\/\/api.w.org\/{rel}","templated":true}]}}