{"id":25362,"date":"2024-11-18T18:12:19","date_gmt":"2024-11-18T21:12:19","guid":{"rendered":"https:\/\/apuntesdesanluis.com\/?p=25362"},"modified":"2024-11-18T19:15:21","modified_gmt":"2024-11-18T22:15:21","slug":"conductor-de-una-camioneta-ebrio-y-a-contramano-choco-automovil","status":"publish","type":"post","link":"https:\/\/apuntesdesanluis.com\/index.php\/2024\/11\/18\/conductor-de-una-camioneta-ebrio-y-a-contramano-choco-automovil\/","title":{"rendered":"CONDUCTOR DE UNA CAMIONETA EBRIO Y A CONTRAMANO, CHOC\u00d3 AUTOM\u00d3VIL"},"content":{"rendered":"<h3>El accidente se produjo este domingo en Villa Mercedes, alrededor de las 23:00, en la esquina de las calles Chile y Justo Daract.<\/h3>\n<h3>De acuerdo a las averiguaciones, un hombre de 25 a\u00f1os circulaba en un auto Volkswagen Senda junto a su esposa -tambi\u00e9n de 25 a\u00f1os- y sus dos hijos (ambos de 5 a\u00f1os de edad) por calle Chile de norte a sur y al llegar a la intersecci\u00f3n con calle Justo Daract impact\u00f3 con una camioneta Volkswagen Amarok, conducida por un hombre de 32 a\u00f1os de edad, el cual circulaba por calle Justo Daract a contramano (de este a oeste).<\/h3>\n<p><img fetchpriority=\"high\" decoding=\"async\" class=\"wp-image-25364 aligncenter\" src=\"https:\/\/apuntesdesanluis.com\/wp-content\/uploads\/2024\/11\/Imagen-de-WhatsApp-2024-11-18-a-las-17.27.47_c98940f7-300x161.jpg\" alt=\"\" width=\"617\" height=\"331\" srcset=\"https:\/\/apuntesdesanluis.com\/wp-content\/uploads\/2024\/11\/Imagen-de-WhatsApp-2024-11-18-a-las-17.27.47_c98940f7-300x161.jpg 300w, https:\/\/apuntesdesanluis.com\/wp-content\/uploads\/2024\/11\/Imagen-de-WhatsApp-2024-11-18-a-las-17.27.47_c98940f7-768x411.jpg 768w, https:\/\/apuntesdesanluis.com\/wp-content\/uploads\/2024\/11\/Imagen-de-WhatsApp-2024-11-18-a-las-17.27.47_c98940f7.jpg 800w\" sizes=\"(max-width: 617px) 100vw, 617px\" \/><\/p>\n<h3>Debido al impacto, la mujer de 25 a\u00f1os de edad y los dos ni\u00f1os de 5 a\u00f1os fueron trasladados en ambulancia al Policl\u00ednico Regional \u201cJuan Domingo Per\u00f3n\u201d para una atenci\u00f3n m\u00e9dica m\u00e1s compleja.<\/h3>\n<h3>En el lugar, personal de Tr\u00e1nsito municipal realiz\u00f3 el alcotest a ambos conductores, arrojando resultado negativo de 0,00 gr\/lts de alcohol en sangre para el conductor del auto; mientras que al conductor de la camioneta el alcotest le arroj\u00f3 resultado positivo de 1,82 gr\/lts de alcohol en sangre.<\/h3>\n<p><img decoding=\"async\" class=\"wp-image-25365 aligncenter\" src=\"https:\/\/apuntesdesanluis.com\/wp-content\/uploads\/2024\/11\/Imagen-de-WhatsApp-2024-11-18-a-las-17.27.48_9d31209f-300x230.jpg\" alt=\"\" width=\"556\" height=\"426\" srcset=\"https:\/\/apuntesdesanluis.com\/wp-content\/uploads\/2024\/11\/Imagen-de-WhatsApp-2024-11-18-a-las-17.27.48_9d31209f-300x230.jpg 300w, https:\/\/apuntesdesanluis.com\/wp-content\/uploads\/2024\/11\/Imagen-de-WhatsApp-2024-11-18-a-las-17.27.48_9d31209f.jpg 600w\" sizes=\"(max-width: 556px) 100vw, 556px\" \/><\/p>\n<h3>En el hecho tom\u00f3 intervenci\u00f3n la Fiscal\u00eda de Instrucci\u00f3n N\u00b0 1, a cargo de la fiscal adjunta, Dra. Cecilia Framini, quien orden\u00f3 el secuestro preventivo de los rodados hasta tanto se establezca el estado de salud de las personas lesionadas, quienes horas despu\u00e9s fueron dadas de alta.<\/h3>\n<p>&nbsp;<\/p>\n<p>&nbsp;<\/p>\n<p>&nbsp;<\/p>\n<p>&nbsp;<\/p>\n<p>&nbsp;<\/p>\n<p>&nbsp;<\/p>\n","protected":false},"excerpt":{"rendered":"<p>El accidente se produjo este domingo en Villa Mercedes, alrededor de las 23:00, en la&#8230;<\/p>\n","protected":false},"author":1,"featured_media":25363,"comment_status":"closed","ping_status":"closed","sticky":false,"template":"","format":"standard","meta":{"footnotes":""},"categories":[6],"tags":[],"class_list":["post-25362","post","type-post","status-publish","format-standard","has-post-thumbnail","hentry","category-ciudad-provincia"],"yoast_head":"<!-- This site is optimized with the Yoast SEO plugin v26.1.1 - https:\/\/yoast.com\/wordpress\/plugins\/seo\/ -->\n<title>CONDUCTOR DE UNA CAMIONETA EBRIO Y A CONTRAMANO, CHOC\u00d3 AUTOM\u00d3VIL - Apuntes de San Luis<\/title>\n<meta name=\"robots\" content=\"index, follow, max-snippet:-1, max-image-preview:large, max-video-preview:-1\" \/>\n<link rel=\"canonical\" href=\"https:\/\/apuntesdesanluis.com\/index.php\/2024\/11\/18\/conductor-de-una-camioneta-ebrio-y-a-contramano-choco-automovil\/\" \/>\n<meta property=\"og:locale\" content=\"es_ES\" \/>\n<meta property=\"og:type\" content=\"article\" \/>\n<meta property=\"og:title\" content=\"CONDUCTOR DE UNA CAMIONETA EBRIO Y A CONTRAMANO, CHOC\u00d3 AUTOM\u00d3VIL - Apuntes de San Luis\" \/>\n<meta property=\"og:description\" content=\"El accidente se produjo este domingo en Villa Mercedes, alrededor de las 23:00, en la...\" \/>\n<meta property=\"og:url\" content=\"https:\/\/apuntesdesanluis.com\/index.php\/2024\/11\/18\/conductor-de-una-camioneta-ebrio-y-a-contramano-choco-automovil\/\" \/>\n<meta property=\"og:site_name\" content=\"Apuntes de San Luis\" \/>\n<meta property=\"article:published_time\" content=\"2024-11-18T21:12:19+00:00\" \/>\n<meta property=\"article:modified_time\" content=\"2024-11-18T22:15:21+00:00\" \/>\n<meta property=\"og:image\" content=\"https:\/\/apuntesdesanluis.com\/wp-content\/uploads\/2024\/11\/Imagen-de-WhatsApp-2024-11-18-a-las-17.27.47_71395f87.jpg\" \/>\n\t<meta property=\"og:image:width\" content=\"721\" \/>\n\t<meta property=\"og:image:height\" content=\"561\" \/>\n\t<meta property=\"og:image:type\" content=\"image\/jpeg\" \/>\n<meta name=\"author\" content=\"apuntesdesanluis.com\" \/>\n<meta name=\"twitter:card\" content=\"summary_large_image\" \/>\n<meta name=\"twitter:label1\" content=\"Escrito por\" \/>\n\t<meta name=\"twitter:data1\" content=\"apuntesdesanluis.com\" \/>\n\t<meta name=\"twitter:label2\" content=\"Tiempo de lectura\" \/>\n\t<meta name=\"twitter:data2\" content=\"2 minutos\" \/>\n<script type=\"application\/ld+json\" class=\"yoast-schema-graph\">{\"@context\":\"https:\/\/schema.org\",\"@graph\":[{\"@type\":\"Article\",\"@id\":\"https:\/\/apuntesdesanluis.com\/index.php\/2024\/11\/18\/conductor-de-una-camioneta-ebrio-y-a-contramano-choco-automovil\/#article\",\"isPartOf\":{\"@id\":\"https:\/\/apuntesdesanluis.com\/index.php\/2024\/11\/18\/conductor-de-una-camioneta-ebrio-y-a-contramano-choco-automovil\/\"},\"author\":{\"name\":\"apuntesdesanluis.com\",\"@id\":\"https:\/\/apuntesdesanluis.com\/#\/schema\/person\/b55151d52296fcce64d1a72538a70b90\"},\"headline\":\"CONDUCTOR DE UNA CAMIONETA EBRIO Y A CONTRAMANO, CHOC\u00d3 AUTOM\u00d3VIL\",\"datePublished\":\"2024-11-18T21:12:19+00:00\",\"dateModified\":\"2024-11-18T22:15:21+00:00\",\"mainEntityOfPage\":{\"@id\":\"https:\/\/apuntesdesanluis.com\/index.php\/2024\/11\/18\/conductor-de-una-camioneta-ebrio-y-a-contramano-choco-automovil\/\"},\"wordCount\":258,\"publisher\":{\"@id\":\"https:\/\/apuntesdesanluis.com\/#\/schema\/person\/b55151d52296fcce64d1a72538a70b90\"},\"image\":{\"@id\":\"https:\/\/apuntesdesanluis.com\/index.php\/2024\/11\/18\/conductor-de-una-camioneta-ebrio-y-a-contramano-choco-automovil\/#primaryimage\"},\"thumbnailUrl\":\"https:\/\/apuntesdesanluis.com\/wp-content\/uploads\/2024\/11\/Imagen-de-WhatsApp-2024-11-18-a-las-17.27.47_71395f87.jpg\",\"articleSection\":[\"Ciudad\/Provincia\"],\"inLanguage\":\"es-AR\"},{\"@type\":\"WebPage\",\"@id\":\"https:\/\/apuntesdesanluis.com\/index.php\/2024\/11\/18\/conductor-de-una-camioneta-ebrio-y-a-contramano-choco-automovil\/\",\"url\":\"https:\/\/apuntesdesanluis.com\/index.php\/2024\/11\/18\/conductor-de-una-camioneta-ebrio-y-a-contramano-choco-automovil\/\",\"name\":\"CONDUCTOR DE UNA CAMIONETA EBRIO Y A CONTRAMANO, CHOC\u00d3 AUTOM\u00d3VIL - Apuntes de San Luis\",\"isPartOf\":{\"@id\":\"https:\/\/apuntesdesanluis.com\/#website\"},\"primaryImageOfPage\":{\"@id\":\"https:\/\/apuntesdesanluis.com\/index.php\/2024\/11\/18\/conductor-de-una-camioneta-ebrio-y-a-contramano-choco-automovil\/#primaryimage\"},\"image\":{\"@id\":\"https:\/\/apuntesdesanluis.com\/index.php\/2024\/11\/18\/conductor-de-una-camioneta-ebrio-y-a-contramano-choco-automovil\/#primaryimage\"},\"thumbnailUrl\":\"https:\/\/apuntesdesanluis.com\/wp-content\/uploads\/2024\/11\/Imagen-de-WhatsApp-2024-11-18-a-las-17.27.47_71395f87.jpg\",\"datePublished\":\"2024-11-18T21:12:19+00:00\",\"dateModified\":\"2024-11-18T22:15:21+00:00\",\"breadcrumb\":{\"@id\":\"https:\/\/apuntesdesanluis.com\/index.php\/2024\/11\/18\/conductor-de-una-camioneta-ebrio-y-a-contramano-choco-automovil\/#breadcrumb\"},\"inLanguage\":\"es-AR\",\"potentialAction\":[{\"@type\":\"ReadAction\",\"target\":[\"https:\/\/apuntesdesanluis.com\/index.php\/2024\/11\/18\/conductor-de-una-camioneta-ebrio-y-a-contramano-choco-automovil\/\"]}]},{\"@type\":\"ImageObject\",\"inLanguage\":\"es-AR\",\"@id\":\"https:\/\/apuntesdesanluis.com\/index.php\/2024\/11\/18\/conductor-de-una-camioneta-ebrio-y-a-contramano-choco-automovil\/#primaryimage\",\"url\":\"https:\/\/apuntesdesanluis.com\/wp-content\/uploads\/2024\/11\/Imagen-de-WhatsApp-2024-11-18-a-las-17.27.47_71395f87.jpg\",\"contentUrl\":\"https:\/\/apuntesdesanluis.com\/wp-content\/uploads\/2024\/11\/Imagen-de-WhatsApp-2024-11-18-a-las-17.27.47_71395f87.jpg\",\"width\":721,\"height\":561},{\"@type\":\"BreadcrumbList\",\"@id\":\"https:\/\/apuntesdesanluis.com\/index.php\/2024\/11\/18\/conductor-de-una-camioneta-ebrio-y-a-contramano-choco-automovil\/#breadcrumb\",\"itemListElement\":[{\"@type\":\"ListItem\",\"position\":1,\"name\":\"Inicio\",\"item\":\"https:\/\/apuntesdesanluis.com\/\"},{\"@type\":\"ListItem\",\"position\":2,\"name\":\"CONDUCTOR DE UNA CAMIONETA EBRIO Y A CONTRAMANO, CHOC\u00d3 AUTOM\u00d3VIL\"}]},{\"@type\":\"WebSite\",\"@id\":\"https:\/\/apuntesdesanluis.com\/#website\",\"url\":\"https:\/\/apuntesdesanluis.com\/\",\"name\":\"Apuntes de San Luis\",\"description\":\"\",\"publisher\":{\"@id\":\"https:\/\/apuntesdesanluis.com\/#\/schema\/person\/b55151d52296fcce64d1a72538a70b90\"},\"potentialAction\":[{\"@type\":\"SearchAction\",\"target\":{\"@type\":\"EntryPoint\",\"urlTemplate\":\"https:\/\/apuntesdesanluis.com\/?s={search_term_string}\"},\"query-input\":{\"@type\":\"PropertyValueSpecification\",\"valueRequired\":true,\"valueName\":\"search_term_string\"}}],\"inLanguage\":\"es-AR\"},{\"@type\":[\"Person\",\"Organization\"],\"@id\":\"https:\/\/apuntesdesanluis.com\/#\/schema\/person\/b55151d52296fcce64d1a72538a70b90\",\"name\":\"apuntesdesanluis.com\",\"image\":{\"@type\":\"ImageObject\",\"inLanguage\":\"es-AR\",\"@id\":\"https:\/\/apuntesdesanluis.com\/#\/schema\/person\/image\/\",\"url\":\"https:\/\/apuntesdesanluis.com\/wp-content\/uploads\/2023\/07\/cropped-apuntesdesanluis.png\",\"contentUrl\":\"https:\/\/apuntesdesanluis.com\/wp-content\/uploads\/2023\/07\/cropped-apuntesdesanluis.png\",\"width\":450,\"height\":112,\"caption\":\"apuntesdesanluis.com\"},\"logo\":{\"@id\":\"https:\/\/apuntesdesanluis.com\/#\/schema\/person\/image\/\"},\"sameAs\":[\"https:\/\/apuntesdesanluis.com\"],\"url\":\"https:\/\/apuntesdesanluis.com\/index.php\/author\/apuntesdesanluis-com\/\"}]}<\/script>\n<!-- \/ Yoast SEO plugin. -->","yoast_head_json":{"title":"CONDUCTOR DE UNA CAMIONETA EBRIO Y A CONTRAMANO, CHOC\u00d3 AUTOM\u00d3VIL - Apuntes de San Luis","robots":{"index":"index","follow":"follow","max-snippet":"max-snippet:-1","max-image-preview":"max-image-preview:large","max-video-preview":"max-video-preview:-1"},"canonical":"https:\/\/apuntesdesanluis.com\/index.php\/2024\/11\/18\/conductor-de-una-camioneta-ebrio-y-a-contramano-choco-automovil\/","og_locale":"es_ES","og_type":"article","og_title":"CONDUCTOR DE UNA CAMIONETA EBRIO Y A CONTRAMANO, CHOC\u00d3 AUTOM\u00d3VIL - Apuntes de San Luis","og_description":"El accidente se produjo este domingo en Villa Mercedes, alrededor de las 23:00, en la...","og_url":"https:\/\/apuntesdesanluis.com\/index.php\/2024\/11\/18\/conductor-de-una-camioneta-ebrio-y-a-contramano-choco-automovil\/","og_site_name":"Apuntes de San Luis","article_published_time":"2024-11-18T21:12:19+00:00","article_modified_time":"2024-11-18T22:15:21+00:00","og_image":[{"width":721,"height":561,"url":"https:\/\/apuntesdesanluis.com\/wp-content\/uploads\/2024\/11\/Imagen-de-WhatsApp-2024-11-18-a-las-17.27.47_71395f87.jpg","type":"image\/jpeg"}],"author":"apuntesdesanluis.com","twitter_card":"summary_large_image","twitter_misc":{"Escrito por":"apuntesdesanluis.com","Tiempo de lectura":"2 minutos"},"schema":{"@context":"https:\/\/schema.org","@graph":[{"@type":"Article","@id":"https:\/\/apuntesdesanluis.com\/index.php\/2024\/11\/18\/conductor-de-una-camioneta-ebrio-y-a-contramano-choco-automovil\/#article","isPartOf":{"@id":"https:\/\/apuntesdesanluis.com\/index.php\/2024\/11\/18\/conductor-de-una-camioneta-ebrio-y-a-contramano-choco-automovil\/"},"author":{"name":"apuntesdesanluis.com","@id":"https:\/\/apuntesdesanluis.com\/#\/schema\/person\/b55151d52296fcce64d1a72538a70b90"},"headline":"CONDUCTOR DE UNA CAMIONETA EBRIO Y A CONTRAMANO, CHOC\u00d3 AUTOM\u00d3VIL","datePublished":"2024-11-18T21:12:19+00:00","dateModified":"2024-11-18T22:15:21+00:00","mainEntityOfPage":{"@id":"https:\/\/apuntesdesanluis.com\/index.php\/2024\/11\/18\/conductor-de-una-camioneta-ebrio-y-a-contramano-choco-automovil\/"},"wordCount":258,"publisher":{"@id":"https:\/\/apuntesdesanluis.com\/#\/schema\/person\/b55151d52296fcce64d1a72538a70b90"},"image":{"@id":"https:\/\/apuntesdesanluis.com\/index.php\/2024\/11\/18\/conductor-de-una-camioneta-ebrio-y-a-contramano-choco-automovil\/#primaryimage"},"thumbnailUrl":"https:\/\/apuntesdesanluis.com\/wp-content\/uploads\/2024\/11\/Imagen-de-WhatsApp-2024-11-18-a-las-17.27.47_71395f87.jpg","articleSection":["Ciudad\/Provincia"],"inLanguage":"es-AR"},{"@type":"WebPage","@id":"https:\/\/apuntesdesanluis.com\/index.php\/2024\/11\/18\/conductor-de-una-camioneta-ebrio-y-a-contramano-choco-automovil\/","url":"https:\/\/apuntesdesanluis.com\/index.php\/2024\/11\/18\/conductor-de-una-camioneta-ebrio-y-a-contramano-choco-automovil\/","name":"CONDUCTOR DE UNA CAMIONETA EBRIO Y A CONTRAMANO, CHOC\u00d3 AUTOM\u00d3VIL - Apuntes de San Luis","isPartOf":{"@id":"https:\/\/apuntesdesanluis.com\/#website"},"primaryImageOfPage":{"@id":"https:\/\/apuntesdesanluis.com\/index.php\/2024\/11\/18\/conductor-de-una-camioneta-ebrio-y-a-contramano-choco-automovil\/#primaryimage"},"image":{"@id":"https:\/\/apuntesdesanluis.com\/index.php\/2024\/11\/18\/conductor-de-una-camioneta-ebrio-y-a-contramano-choco-automovil\/#primaryimage"},"thumbnailUrl":"https:\/\/apuntesdesanluis.com\/wp-content\/uploads\/2024\/11\/Imagen-de-WhatsApp-2024-11-18-a-las-17.27.47_71395f87.jpg","datePublished":"2024-11-18T21:12:19+00:00","dateModified":"2024-11-18T22:15:21+00:00","breadcrumb":{"@id":"https:\/\/apuntesdesanluis.com\/index.php\/2024\/11\/18\/conductor-de-una-camioneta-ebrio-y-a-contramano-choco-automovil\/#breadcrumb"},"inLanguage":"es-AR","potentialAction":[{"@type":"ReadAction","target":["https:\/\/apuntesdesanluis.com\/index.php\/2024\/11\/18\/conductor-de-una-camioneta-ebrio-y-a-contramano-choco-automovil\/"]}]},{"@type":"ImageObject","inLanguage":"es-AR","@id":"https:\/\/apuntesdesanluis.com\/index.php\/2024\/11\/18\/conductor-de-una-camioneta-ebrio-y-a-contramano-choco-automovil\/#primaryimage","url":"https:\/\/apuntesdesanluis.com\/wp-content\/uploads\/2024\/11\/Imagen-de-WhatsApp-2024-11-18-a-las-17.27.47_71395f87.jpg","contentUrl":"https:\/\/apuntesdesanluis.com\/wp-content\/uploads\/2024\/11\/Imagen-de-WhatsApp-2024-11-18-a-las-17.27.47_71395f87.jpg","width":721,"height":561},{"@type":"BreadcrumbList","@id":"https:\/\/apuntesdesanluis.com\/index.php\/2024\/11\/18\/conductor-de-una-camioneta-ebrio-y-a-contramano-choco-automovil\/#breadcrumb","itemListElement":[{"@type":"ListItem","position":1,"name":"Inicio","item":"https:\/\/apuntesdesanluis.com\/"},{"@type":"ListItem","position":2,"name":"CONDUCTOR DE UNA CAMIONETA EBRIO Y A CONTRAMANO, CHOC\u00d3 AUTOM\u00d3VIL"}]},{"@type":"WebSite","@id":"https:\/\/apuntesdesanluis.com\/#website","url":"https:\/\/apuntesdesanluis.com\/","name":"Apuntes de San Luis","description":"","publisher":{"@id":"https:\/\/apuntesdesanluis.com\/#\/schema\/person\/b55151d52296fcce64d1a72538a70b90"},"potentialAction":[{"@type":"SearchAction","target":{"@type":"EntryPoint","urlTemplate":"https:\/\/apuntesdesanluis.com\/?s={search_term_string}"},"query-input":{"@type":"PropertyValueSpecification","valueRequired":true,"valueName":"search_term_string"}}],"inLanguage":"es-AR"},{"@type":["Person","Organization"],"@id":"https:\/\/apuntesdesanluis.com\/#\/schema\/person\/b55151d52296fcce64d1a72538a70b90","name":"apuntesdesanluis.com","image":{"@type":"ImageObject","inLanguage":"es-AR","@id":"https:\/\/apuntesdesanluis.com\/#\/schema\/person\/image\/","url":"https:\/\/apuntesdesanluis.com\/wp-content\/uploads\/2023\/07\/cropped-apuntesdesanluis.png","contentUrl":"https:\/\/apuntesdesanluis.com\/wp-content\/uploads\/2023\/07\/cropped-apuntesdesanluis.png","width":450,"height":112,"caption":"apuntesdesanluis.com"},"logo":{"@id":"https:\/\/apuntesdesanluis.com\/#\/schema\/person\/image\/"},"sameAs":["https:\/\/apuntesdesanluis.com"],"url":"https:\/\/apuntesdesanluis.com\/index.php\/author\/apuntesdesanluis-com\/"}]}},"featured_image_urls":{"full":["https:\/\/apuntesdesanluis.com\/wp-content\/uploads\/2024\/11\/Imagen-de-WhatsApp-2024-11-18-a-las-17.27.47_71395f87.jpg",721,561,false],"thumbnail":["https:\/\/apuntesdesanluis.com\/wp-content\/uploads\/2024\/11\/Imagen-de-WhatsApp-2024-11-18-a-las-17.27.47_71395f87-150x150.jpg",150,150,true],"medium":["https:\/\/apuntesdesanluis.com\/wp-content\/uploads\/2024\/11\/Imagen-de-WhatsApp-2024-11-18-a-las-17.27.47_71395f87-300x233.jpg",300,233,true],"medium_large":["https:\/\/apuntesdesanluis.com\/wp-content\/uploads\/2024\/11\/Imagen-de-WhatsApp-2024-11-18-a-las-17.27.47_71395f87.jpg",640,498,false],"large":["https:\/\/apuntesdesanluis.com\/wp-content\/uploads\/2024\/11\/Imagen-de-WhatsApp-2024-11-18-a-las-17.27.47_71395f87.jpg",640,498,false],"1536x1536":["https:\/\/apuntesdesanluis.com\/wp-content\/uploads\/2024\/11\/Imagen-de-WhatsApp-2024-11-18-a-las-17.27.47_71395f87.jpg",721,561,false],"2048x2048":["https:\/\/apuntesdesanluis.com\/wp-content\/uploads\/2024\/11\/Imagen-de-WhatsApp-2024-11-18-a-las-17.27.47_71395f87.jpg",721,561,false],"newsever-slider-full":["https:\/\/apuntesdesanluis.com\/wp-content\/uploads\/2024\/11\/Imagen-de-WhatsApp-2024-11-18-a-las-17.27.47_71395f87.jpg",721,561,false],"newsever-featured":["https:\/\/apuntesdesanluis.com\/wp-content\/uploads\/2024\/11\/Imagen-de-WhatsApp-2024-11-18-a-las-17.27.47_71395f87.jpg",721,561,false],"newsever-medium":["https:\/\/apuntesdesanluis.com\/wp-content\/uploads\/2024\/11\/Imagen-de-WhatsApp-2024-11-18-a-las-17.27.47_71395f87-720x475.jpg",720,475,true]},"author_info":{"display_name":"apuntesdesanluis.com","author_link":"https:\/\/apuntesdesanluis.com\/index.php\/author\/apuntesdesanluis-com\/"},"category_info":"<a href=\"https:\/\/apuntesdesanluis.com\/index.php\/category\/ciudad-provincia\/\" rel=\"category tag\">Ciudad\/Provincia<\/a>","tag_info":"Ciudad\/Provincia","comment_count":"0","_links":{"self":[{"href":"https:\/\/apuntesdesanluis.com\/index.php\/wp-json\/wp\/v2\/posts\/25362","targetHints":{"allow":["GET"]}}],"collection":[{"href":"https:\/\/apuntesdesanluis.com\/index.php\/wp-json\/wp\/v2\/posts"}],"about":[{"href":"https:\/\/apuntesdesanluis.com\/index.php\/wp-json\/wp\/v2\/types\/post"}],"author":[{"embeddable":true,"href":"https:\/\/apuntesdesanluis.com\/index.php\/wp-json\/wp\/v2\/users\/1"}],"replies":[{"embeddable":true,"href":"https:\/\/apuntesdesanluis.com\/index.php\/wp-json\/wp\/v2\/comments?post=25362"}],"version-history":[{"count":1,"href":"https:\/\/apuntesdesanluis.com\/index.php\/wp-json\/wp\/v2\/posts\/25362\/revisions"}],"predecessor-version":[{"id":25366,"href":"https:\/\/apuntesdesanluis.com\/index.php\/wp-json\/wp\/v2\/posts\/25362\/revisions\/25366"}],"wp:featuredmedia":[{"embeddable":true,"href":"https:\/\/apuntesdesanluis.com\/index.php\/wp-json\/wp\/v2\/media\/25363"}],"wp:attachment":[{"href":"https:\/\/apuntesdesanluis.com\/index.php\/wp-json\/wp\/v2\/media?parent=25362"}],"wp:term":[{"taxonomy":"category","embeddable":true,"href":"https:\/\/apuntesdesanluis.com\/index.php\/wp-json\/wp\/v2\/categories?post=25362"},{"taxonomy":"post_tag","embeddable":true,"href":"https:\/\/apuntesdesanluis.com\/index.php\/wp-json\/wp\/v2\/tags?post=25362"}],"curies":[{"name":"wp","href":"https:\/\/api.w.org\/{rel}","templated":true}]}}