{"id":25367,"date":"2024-11-18T19:48:55","date_gmt":"2024-11-18T22:48:55","guid":{"rendered":"https:\/\/apuntesdesanluis.com\/?p=25367"},"modified":"2024-11-18T19:48:55","modified_gmt":"2024-11-18T22:48:55","slug":"pese-a-las-diferencias-milei-y-lula-firmaron-acuerdo-para-que-el-gas-de-vaca-muerta-llegue-a-brasil","status":"publish","type":"post","link":"https:\/\/apuntesdesanluis.com\/index.php\/2024\/11\/18\/pese-a-las-diferencias-milei-y-lula-firmaron-acuerdo-para-que-el-gas-de-vaca-muerta-llegue-a-brasil\/","title":{"rendered":"PESE A LAS DIFERENCIAS: MILEI Y LULA FIRMARON ACUERDO PARA QUE EL GAS DE VACA MUERTA LLEGUE A BRASIL"},"content":{"rendered":"<h3>Las diferencias ideol\u00f3gicas entre <strong>Javier Milei<\/strong> e <strong>Inacio Lula Da Silva<\/strong> no opacan la oportunidad que representa la Argentina para Brasil en t\u00e9rminos de seguridad energ\u00e9tica. Es en ese marco que ambos gobiernos firmaron este lunes un Memorando de Entendimiento (MOU) para que el gas natural de Vaca Muerta pueda llegar al pa\u00eds vecino a trav\u00e9s del desarrollo de la infraestructura de gasoductos. Los env\u00edos comenzar\u00e1n en 2025 con 2 millones de metros c\u00fabicos diarios y se prev\u00e9 alcanzar los 30 millones diarios de exportaci\u00f3n en cinco a\u00f1os.<\/h3>\n<h3>La r\u00fabrica estuvo a cargo del ministro de Econom\u00eda, Luis Caputo, y su par de Minas y Energ\u00eda brasile\u00f1o, Alexander Silveira, en el marco de la cumbre del G20 que se celebra esta semana en R\u00edo de Janeiro.<\/h3>\n<h3>\u201cSe firma un MOU con el objetivo de discutir la infraestructura necesaria para la exportaci\u00f3n de gas argentino proveniente de Vaca Muerta a Brasil. Para ello se designan representantes de ambos pa\u00edses en un grupo conjunto que analizar\u00e1 las alternativas para llegar a una exportaci\u00f3n de 30 millones de metros c\u00fabicos diarios de gas natural en 5 a\u00f1os\u201d, detallaron en el Ministerio de Econom\u00eda local. Desde 2025 comenzar\u00e1n env\u00edos por 2 millones de metros c\u00fabicos, que crecer\u00e1 a 10 millones en tres a\u00f1os y llegar\u00eda finalmente a los 30 millones.<\/h3>\n<h3>\u00a0\u201cQueremos aumentar una oferta de gas en Brasil y consecuentemente disminuir el precio. Precisamos tratar el gas como una energ\u00eda de transici\u00f3n, aumentar el volumen para disminuir el precio y reindustrializar el Brasil, generando m\u00e1s oportunidades para nuestra gente\u201d, dijo Silveira en un posteo de X que acompa\u00f1aban las fotos de la firma del MOU con Caputo y sus respectivos equipos.<\/h3>\n<p><img fetchpriority=\"high\" decoding=\"async\" class=\"wp-image-25369 aligncenter\" src=\"https:\/\/apuntesdesanluis.com\/wp-content\/uploads\/2024\/11\/acuerdo-1-300x184.png\" alt=\"\" width=\"682\" height=\"418\" srcset=\"https:\/\/apuntesdesanluis.com\/wp-content\/uploads\/2024\/11\/acuerdo-1-300x184.png 300w, https:\/\/apuntesdesanluis.com\/wp-content\/uploads\/2024\/11\/acuerdo-1.png 612w\" sizes=\"(max-width: 682px) 100vw, 682px\" \/><\/p>\n<h3>Para la Argentina resultar\u00eda una posibilidad \u00fanica para generar divisas ante un abultado cronograma de vencimientos de deuda en los pr\u00f3ximos a\u00f1os y equilibrar una balanza comercial que ahora es deficitaria. Para los brasile\u00f1os puede significar energ\u00eda barata para abastecer la creciente demanda industrial del sur y la posibilidad de producir fertilizantes a precio competitivo.<\/h3>\n<h3>Silveira consider\u00f3 que el acuerdo con la Argentina \u201ces una demostraci\u00f3n inequ\u00edvoca de que, independientemente de las posiciones pol\u00edticas, debe haber un di\u00e1logo permanente\u201d. En tanto, aprovech\u00f3 para hacer una cr\u00edtica indirecta al discurso de Milei: \u201cNosotros que somos dem\u00f3cratas defendemos la democracia, defendemos el desarrollo, defendemos el di\u00e1logo permanente, ni siquiera entendemos el discurso y a veces ni siquiera estamos de acuerdo con algunas declaraciones que conducen a un extremismo muchas veces incluso peligroso y que segrega y trae la violencia\u201d.<\/h3>\n<h3>El ministro de Minas y Energ\u00faa se\u00f1al\u00f3 en declaraciones a O Globo que el gobierno contempla cinco rutas para que el gas argentino de Vaca Muerta pueda llegar a su territorio. La que se observa como m\u00e1s r\u00e1pida por el sector privado y ambos gobiernos es que se utilice la infraestructura del Gasoducto Brasil Bolivia (Gasbol), en medio del declino que sufre actualmente la industria boliviana debido a una fuerte desinversi\u00f3n.<\/h3>\n<p>&nbsp;<\/p>\n<p>&nbsp;<\/p>\n<p>&nbsp;<\/p>\n<p>&nbsp;<\/p>\n<p>&nbsp;<\/p>\n<p>&nbsp;<\/p>\n","protected":false},"excerpt":{"rendered":"<p>Las diferencias ideol\u00f3gicas entre Javier Milei e Inacio Lula Da Silva no opacan la oportunidad&#8230;<\/p>\n","protected":false},"author":1,"featured_media":25368,"comment_status":"closed","ping_status":"closed","sticky":false,"template":"","format":"standard","meta":{"footnotes":""},"categories":[5],"tags":[],"class_list":["post-25367","post","type-post","status-publish","format-standard","has-post-thumbnail","hentry","category-nacionales-internacionales"],"yoast_head":"<!-- This site is optimized with the Yoast SEO plugin v26.1.1 - https:\/\/yoast.com\/wordpress\/plugins\/seo\/ -->\n<title>PESE A LAS DIFERENCIAS: MILEI Y LULA FIRMARON ACUERDO PARA QUE EL GAS DE VACA MUERTA LLEGUE A BRASIL - Apuntes de San Luis<\/title>\n<meta name=\"robots\" content=\"index, follow, max-snippet:-1, max-image-preview:large, max-video-preview:-1\" \/>\n<link rel=\"canonical\" href=\"https:\/\/apuntesdesanluis.com\/index.php\/2024\/11\/18\/pese-a-las-diferencias-milei-y-lula-firmaron-acuerdo-para-que-el-gas-de-vaca-muerta-llegue-a-brasil\/\" \/>\n<meta property=\"og:locale\" content=\"es_ES\" \/>\n<meta property=\"og:type\" content=\"article\" \/>\n<meta property=\"og:title\" content=\"PESE A LAS DIFERENCIAS: MILEI Y LULA FIRMARON ACUERDO PARA QUE EL GAS DE VACA MUERTA LLEGUE A BRASIL - Apuntes de San Luis\" \/>\n<meta property=\"og:description\" content=\"Las diferencias ideol\u00f3gicas entre Javier Milei e Inacio Lula Da Silva no opacan la oportunidad...\" \/>\n<meta property=\"og:url\" content=\"https:\/\/apuntesdesanluis.com\/index.php\/2024\/11\/18\/pese-a-las-diferencias-milei-y-lula-firmaron-acuerdo-para-que-el-gas-de-vaca-muerta-llegue-a-brasil\/\" \/>\n<meta property=\"og:site_name\" content=\"Apuntes de San Luis\" \/>\n<meta property=\"article:published_time\" content=\"2024-11-18T22:48:55+00:00\" \/>\n<meta property=\"og:image\" content=\"https:\/\/apuntesdesanluis.com\/wp-content\/uploads\/2024\/11\/caputo.png\" \/>\n\t<meta property=\"og:image:width\" content=\"770\" \/>\n\t<meta property=\"og:image:height\" content=\"466\" \/>\n\t<meta property=\"og:image:type\" content=\"image\/png\" \/>\n<meta name=\"author\" content=\"apuntesdesanluis.com\" \/>\n<meta name=\"twitter:card\" content=\"summary_large_image\" \/>\n<meta name=\"twitter:label1\" content=\"Escrito por\" \/>\n\t<meta name=\"twitter:data1\" content=\"apuntesdesanluis.com\" \/>\n\t<meta name=\"twitter:label2\" content=\"Tiempo de lectura\" \/>\n\t<meta name=\"twitter:data2\" content=\"3 minutos\" \/>\n<script type=\"application\/ld+json\" class=\"yoast-schema-graph\">{\"@context\":\"https:\/\/schema.org\",\"@graph\":[{\"@type\":\"Article\",\"@id\":\"https:\/\/apuntesdesanluis.com\/index.php\/2024\/11\/18\/pese-a-las-diferencias-milei-y-lula-firmaron-acuerdo-para-que-el-gas-de-vaca-muerta-llegue-a-brasil\/#article\",\"isPartOf\":{\"@id\":\"https:\/\/apuntesdesanluis.com\/index.php\/2024\/11\/18\/pese-a-las-diferencias-milei-y-lula-firmaron-acuerdo-para-que-el-gas-de-vaca-muerta-llegue-a-brasil\/\"},\"author\":{\"name\":\"apuntesdesanluis.com\",\"@id\":\"https:\/\/apuntesdesanluis.com\/#\/schema\/person\/b55151d52296fcce64d1a72538a70b90\"},\"headline\":\"PESE A LAS DIFERENCIAS: MILEI Y LULA FIRMARON ACUERDO PARA QUE EL GAS DE VACA MUERTA LLEGUE A BRASIL\",\"datePublished\":\"2024-11-18T22:48:55+00:00\",\"mainEntityOfPage\":{\"@id\":\"https:\/\/apuntesdesanluis.com\/index.php\/2024\/11\/18\/pese-a-las-diferencias-milei-y-lula-firmaron-acuerdo-para-que-el-gas-de-vaca-muerta-llegue-a-brasil\/\"},\"wordCount\":548,\"publisher\":{\"@id\":\"https:\/\/apuntesdesanluis.com\/#\/schema\/person\/b55151d52296fcce64d1a72538a70b90\"},\"image\":{\"@id\":\"https:\/\/apuntesdesanluis.com\/index.php\/2024\/11\/18\/pese-a-las-diferencias-milei-y-lula-firmaron-acuerdo-para-que-el-gas-de-vaca-muerta-llegue-a-brasil\/#primaryimage\"},\"thumbnailUrl\":\"https:\/\/apuntesdesanluis.com\/wp-content\/uploads\/2024\/11\/caputo.png\",\"articleSection\":[\"Nacionales\/Internacionales\"],\"inLanguage\":\"es-AR\"},{\"@type\":\"WebPage\",\"@id\":\"https:\/\/apuntesdesanluis.com\/index.php\/2024\/11\/18\/pese-a-las-diferencias-milei-y-lula-firmaron-acuerdo-para-que-el-gas-de-vaca-muerta-llegue-a-brasil\/\",\"url\":\"https:\/\/apuntesdesanluis.com\/index.php\/2024\/11\/18\/pese-a-las-diferencias-milei-y-lula-firmaron-acuerdo-para-que-el-gas-de-vaca-muerta-llegue-a-brasil\/\",\"name\":\"PESE A LAS DIFERENCIAS: MILEI Y LULA FIRMARON ACUERDO PARA QUE EL GAS DE VACA MUERTA LLEGUE A BRASIL - Apuntes de San Luis\",\"isPartOf\":{\"@id\":\"https:\/\/apuntesdesanluis.com\/#website\"},\"primaryImageOfPage\":{\"@id\":\"https:\/\/apuntesdesanluis.com\/index.php\/2024\/11\/18\/pese-a-las-diferencias-milei-y-lula-firmaron-acuerdo-para-que-el-gas-de-vaca-muerta-llegue-a-brasil\/#primaryimage\"},\"image\":{\"@id\":\"https:\/\/apuntesdesanluis.com\/index.php\/2024\/11\/18\/pese-a-las-diferencias-milei-y-lula-firmaron-acuerdo-para-que-el-gas-de-vaca-muerta-llegue-a-brasil\/#primaryimage\"},\"thumbnailUrl\":\"https:\/\/apuntesdesanluis.com\/wp-content\/uploads\/2024\/11\/caputo.png\",\"datePublished\":\"2024-11-18T22:48:55+00:00\",\"breadcrumb\":{\"@id\":\"https:\/\/apuntesdesanluis.com\/index.php\/2024\/11\/18\/pese-a-las-diferencias-milei-y-lula-firmaron-acuerdo-para-que-el-gas-de-vaca-muerta-llegue-a-brasil\/#breadcrumb\"},\"inLanguage\":\"es-AR\",\"potentialAction\":[{\"@type\":\"ReadAction\",\"target\":[\"https:\/\/apuntesdesanluis.com\/index.php\/2024\/11\/18\/pese-a-las-diferencias-milei-y-lula-firmaron-acuerdo-para-que-el-gas-de-vaca-muerta-llegue-a-brasil\/\"]}]},{\"@type\":\"ImageObject\",\"inLanguage\":\"es-AR\",\"@id\":\"https:\/\/apuntesdesanluis.com\/index.php\/2024\/11\/18\/pese-a-las-diferencias-milei-y-lula-firmaron-acuerdo-para-que-el-gas-de-vaca-muerta-llegue-a-brasil\/#primaryimage\",\"url\":\"https:\/\/apuntesdesanluis.com\/wp-content\/uploads\/2024\/11\/caputo.png\",\"contentUrl\":\"https:\/\/apuntesdesanluis.com\/wp-content\/uploads\/2024\/11\/caputo.png\",\"width\":770,\"height\":466},{\"@type\":\"BreadcrumbList\",\"@id\":\"https:\/\/apuntesdesanluis.com\/index.php\/2024\/11\/18\/pese-a-las-diferencias-milei-y-lula-firmaron-acuerdo-para-que-el-gas-de-vaca-muerta-llegue-a-brasil\/#breadcrumb\",\"itemListElement\":[{\"@type\":\"ListItem\",\"position\":1,\"name\":\"Inicio\",\"item\":\"https:\/\/apuntesdesanluis.com\/\"},{\"@type\":\"ListItem\",\"position\":2,\"name\":\"PESE A LAS DIFERENCIAS: MILEI Y LULA FIRMARON ACUERDO PARA QUE EL GAS DE VACA MUERTA LLEGUE A BRASIL\"}]},{\"@type\":\"WebSite\",\"@id\":\"https:\/\/apuntesdesanluis.com\/#website\",\"url\":\"https:\/\/apuntesdesanluis.com\/\",\"name\":\"Apuntes de San Luis\",\"description\":\"\",\"publisher\":{\"@id\":\"https:\/\/apuntesdesanluis.com\/#\/schema\/person\/b55151d52296fcce64d1a72538a70b90\"},\"potentialAction\":[{\"@type\":\"SearchAction\",\"target\":{\"@type\":\"EntryPoint\",\"urlTemplate\":\"https:\/\/apuntesdesanluis.com\/?s={search_term_string}\"},\"query-input\":{\"@type\":\"PropertyValueSpecification\",\"valueRequired\":true,\"valueName\":\"search_term_string\"}}],\"inLanguage\":\"es-AR\"},{\"@type\":[\"Person\",\"Organization\"],\"@id\":\"https:\/\/apuntesdesanluis.com\/#\/schema\/person\/b55151d52296fcce64d1a72538a70b90\",\"name\":\"apuntesdesanluis.com\",\"image\":{\"@type\":\"ImageObject\",\"inLanguage\":\"es-AR\",\"@id\":\"https:\/\/apuntesdesanluis.com\/#\/schema\/person\/image\/\",\"url\":\"https:\/\/apuntesdesanluis.com\/wp-content\/uploads\/2023\/07\/cropped-apuntesdesanluis.png\",\"contentUrl\":\"https:\/\/apuntesdesanluis.com\/wp-content\/uploads\/2023\/07\/cropped-apuntesdesanluis.png\",\"width\":450,\"height\":112,\"caption\":\"apuntesdesanluis.com\"},\"logo\":{\"@id\":\"https:\/\/apuntesdesanluis.com\/#\/schema\/person\/image\/\"},\"sameAs\":[\"https:\/\/apuntesdesanluis.com\"],\"url\":\"https:\/\/apuntesdesanluis.com\/index.php\/author\/apuntesdesanluis-com\/\"}]}<\/script>\n<!-- \/ Yoast SEO plugin. -->","yoast_head_json":{"title":"PESE A LAS DIFERENCIAS: MILEI Y LULA FIRMARON ACUERDO PARA QUE EL GAS DE VACA MUERTA LLEGUE A BRASIL - Apuntes de San Luis","robots":{"index":"index","follow":"follow","max-snippet":"max-snippet:-1","max-image-preview":"max-image-preview:large","max-video-preview":"max-video-preview:-1"},"canonical":"https:\/\/apuntesdesanluis.com\/index.php\/2024\/11\/18\/pese-a-las-diferencias-milei-y-lula-firmaron-acuerdo-para-que-el-gas-de-vaca-muerta-llegue-a-brasil\/","og_locale":"es_ES","og_type":"article","og_title":"PESE A LAS DIFERENCIAS: MILEI Y LULA FIRMARON ACUERDO PARA QUE EL GAS DE VACA MUERTA LLEGUE A BRASIL - Apuntes de San Luis","og_description":"Las diferencias ideol\u00f3gicas entre Javier Milei e Inacio Lula Da Silva no opacan la oportunidad...","og_url":"https:\/\/apuntesdesanluis.com\/index.php\/2024\/11\/18\/pese-a-las-diferencias-milei-y-lula-firmaron-acuerdo-para-que-el-gas-de-vaca-muerta-llegue-a-brasil\/","og_site_name":"Apuntes de San Luis","article_published_time":"2024-11-18T22:48:55+00:00","og_image":[{"width":770,"height":466,"url":"https:\/\/apuntesdesanluis.com\/wp-content\/uploads\/2024\/11\/caputo.png","type":"image\/png"}],"author":"apuntesdesanluis.com","twitter_card":"summary_large_image","twitter_misc":{"Escrito por":"apuntesdesanluis.com","Tiempo de lectura":"3 minutos"},"schema":{"@context":"https:\/\/schema.org","@graph":[{"@type":"Article","@id":"https:\/\/apuntesdesanluis.com\/index.php\/2024\/11\/18\/pese-a-las-diferencias-milei-y-lula-firmaron-acuerdo-para-que-el-gas-de-vaca-muerta-llegue-a-brasil\/#article","isPartOf":{"@id":"https:\/\/apuntesdesanluis.com\/index.php\/2024\/11\/18\/pese-a-las-diferencias-milei-y-lula-firmaron-acuerdo-para-que-el-gas-de-vaca-muerta-llegue-a-brasil\/"},"author":{"name":"apuntesdesanluis.com","@id":"https:\/\/apuntesdesanluis.com\/#\/schema\/person\/b55151d52296fcce64d1a72538a70b90"},"headline":"PESE A LAS DIFERENCIAS: MILEI Y LULA FIRMARON ACUERDO PARA QUE EL GAS DE VACA MUERTA LLEGUE A BRASIL","datePublished":"2024-11-18T22:48:55+00:00","mainEntityOfPage":{"@id":"https:\/\/apuntesdesanluis.com\/index.php\/2024\/11\/18\/pese-a-las-diferencias-milei-y-lula-firmaron-acuerdo-para-que-el-gas-de-vaca-muerta-llegue-a-brasil\/"},"wordCount":548,"publisher":{"@id":"https:\/\/apuntesdesanluis.com\/#\/schema\/person\/b55151d52296fcce64d1a72538a70b90"},"image":{"@id":"https:\/\/apuntesdesanluis.com\/index.php\/2024\/11\/18\/pese-a-las-diferencias-milei-y-lula-firmaron-acuerdo-para-que-el-gas-de-vaca-muerta-llegue-a-brasil\/#primaryimage"},"thumbnailUrl":"https:\/\/apuntesdesanluis.com\/wp-content\/uploads\/2024\/11\/caputo.png","articleSection":["Nacionales\/Internacionales"],"inLanguage":"es-AR"},{"@type":"WebPage","@id":"https:\/\/apuntesdesanluis.com\/index.php\/2024\/11\/18\/pese-a-las-diferencias-milei-y-lula-firmaron-acuerdo-para-que-el-gas-de-vaca-muerta-llegue-a-brasil\/","url":"https:\/\/apuntesdesanluis.com\/index.php\/2024\/11\/18\/pese-a-las-diferencias-milei-y-lula-firmaron-acuerdo-para-que-el-gas-de-vaca-muerta-llegue-a-brasil\/","name":"PESE A LAS DIFERENCIAS: MILEI Y LULA FIRMARON ACUERDO PARA QUE EL GAS DE VACA MUERTA LLEGUE A BRASIL - Apuntes de San Luis","isPartOf":{"@id":"https:\/\/apuntesdesanluis.com\/#website"},"primaryImageOfPage":{"@id":"https:\/\/apuntesdesanluis.com\/index.php\/2024\/11\/18\/pese-a-las-diferencias-milei-y-lula-firmaron-acuerdo-para-que-el-gas-de-vaca-muerta-llegue-a-brasil\/#primaryimage"},"image":{"@id":"https:\/\/apuntesdesanluis.com\/index.php\/2024\/11\/18\/pese-a-las-diferencias-milei-y-lula-firmaron-acuerdo-para-que-el-gas-de-vaca-muerta-llegue-a-brasil\/#primaryimage"},"thumbnailUrl":"https:\/\/apuntesdesanluis.com\/wp-content\/uploads\/2024\/11\/caputo.png","datePublished":"2024-11-18T22:48:55+00:00","breadcrumb":{"@id":"https:\/\/apuntesdesanluis.com\/index.php\/2024\/11\/18\/pese-a-las-diferencias-milei-y-lula-firmaron-acuerdo-para-que-el-gas-de-vaca-muerta-llegue-a-brasil\/#breadcrumb"},"inLanguage":"es-AR","potentialAction":[{"@type":"ReadAction","target":["https:\/\/apuntesdesanluis.com\/index.php\/2024\/11\/18\/pese-a-las-diferencias-milei-y-lula-firmaron-acuerdo-para-que-el-gas-de-vaca-muerta-llegue-a-brasil\/"]}]},{"@type":"ImageObject","inLanguage":"es-AR","@id":"https:\/\/apuntesdesanluis.com\/index.php\/2024\/11\/18\/pese-a-las-diferencias-milei-y-lula-firmaron-acuerdo-para-que-el-gas-de-vaca-muerta-llegue-a-brasil\/#primaryimage","url":"https:\/\/apuntesdesanluis.com\/wp-content\/uploads\/2024\/11\/caputo.png","contentUrl":"https:\/\/apuntesdesanluis.com\/wp-content\/uploads\/2024\/11\/caputo.png","width":770,"height":466},{"@type":"BreadcrumbList","@id":"https:\/\/apuntesdesanluis.com\/index.php\/2024\/11\/18\/pese-a-las-diferencias-milei-y-lula-firmaron-acuerdo-para-que-el-gas-de-vaca-muerta-llegue-a-brasil\/#breadcrumb","itemListElement":[{"@type":"ListItem","position":1,"name":"Inicio","item":"https:\/\/apuntesdesanluis.com\/"},{"@type":"ListItem","position":2,"name":"PESE A LAS DIFERENCIAS: MILEI Y LULA FIRMARON ACUERDO PARA QUE EL GAS DE VACA MUERTA LLEGUE A BRASIL"}]},{"@type":"WebSite","@id":"https:\/\/apuntesdesanluis.com\/#website","url":"https:\/\/apuntesdesanluis.com\/","name":"Apuntes de San Luis","description":"","publisher":{"@id":"https:\/\/apuntesdesanluis.com\/#\/schema\/person\/b55151d52296fcce64d1a72538a70b90"},"potentialAction":[{"@type":"SearchAction","target":{"@type":"EntryPoint","urlTemplate":"https:\/\/apuntesdesanluis.com\/?s={search_term_string}"},"query-input":{"@type":"PropertyValueSpecification","valueRequired":true,"valueName":"search_term_string"}}],"inLanguage":"es-AR"},{"@type":["Person","Organization"],"@id":"https:\/\/apuntesdesanluis.com\/#\/schema\/person\/b55151d52296fcce64d1a72538a70b90","name":"apuntesdesanluis.com","image":{"@type":"ImageObject","inLanguage":"es-AR","@id":"https:\/\/apuntesdesanluis.com\/#\/schema\/person\/image\/","url":"https:\/\/apuntesdesanluis.com\/wp-content\/uploads\/2023\/07\/cropped-apuntesdesanluis.png","contentUrl":"https:\/\/apuntesdesanluis.com\/wp-content\/uploads\/2023\/07\/cropped-apuntesdesanluis.png","width":450,"height":112,"caption":"apuntesdesanluis.com"},"logo":{"@id":"https:\/\/apuntesdesanluis.com\/#\/schema\/person\/image\/"},"sameAs":["https:\/\/apuntesdesanluis.com"],"url":"https:\/\/apuntesdesanluis.com\/index.php\/author\/apuntesdesanluis-com\/"}]}},"featured_image_urls":{"full":["https:\/\/apuntesdesanluis.com\/wp-content\/uploads\/2024\/11\/caputo.png",770,466,false],"thumbnail":["https:\/\/apuntesdesanluis.com\/wp-content\/uploads\/2024\/11\/caputo-150x150.png",150,150,true],"medium":["https:\/\/apuntesdesanluis.com\/wp-content\/uploads\/2024\/11\/caputo-300x182.png",300,182,true],"medium_large":["https:\/\/apuntesdesanluis.com\/wp-content\/uploads\/2024\/11\/caputo-768x465.png",640,388,true],"large":["https:\/\/apuntesdesanluis.com\/wp-content\/uploads\/2024\/11\/caputo.png",640,387,false],"1536x1536":["https:\/\/apuntesdesanluis.com\/wp-content\/uploads\/2024\/11\/caputo.png",770,466,false],"2048x2048":["https:\/\/apuntesdesanluis.com\/wp-content\/uploads\/2024\/11\/caputo.png",770,466,false],"newsever-slider-full":["https:\/\/apuntesdesanluis.com\/wp-content\/uploads\/2024\/11\/caputo.png",770,466,false],"newsever-featured":["https:\/\/apuntesdesanluis.com\/wp-content\/uploads\/2024\/11\/caputo.png",770,466,false],"newsever-medium":["https:\/\/apuntesdesanluis.com\/wp-content\/uploads\/2024\/11\/caputo-720x466.png",720,466,true]},"author_info":{"display_name":"apuntesdesanluis.com","author_link":"https:\/\/apuntesdesanluis.com\/index.php\/author\/apuntesdesanluis-com\/"},"category_info":"<a href=\"https:\/\/apuntesdesanluis.com\/index.php\/category\/nacionales-internacionales\/\" rel=\"category tag\">Nacionales\/Internacionales<\/a>","tag_info":"Nacionales\/Internacionales","comment_count":"0","_links":{"self":[{"href":"https:\/\/apuntesdesanluis.com\/index.php\/wp-json\/wp\/v2\/posts\/25367","targetHints":{"allow":["GET"]}}],"collection":[{"href":"https:\/\/apuntesdesanluis.com\/index.php\/wp-json\/wp\/v2\/posts"}],"about":[{"href":"https:\/\/apuntesdesanluis.com\/index.php\/wp-json\/wp\/v2\/types\/post"}],"author":[{"embeddable":true,"href":"https:\/\/apuntesdesanluis.com\/index.php\/wp-json\/wp\/v2\/users\/1"}],"replies":[{"embeddable":true,"href":"https:\/\/apuntesdesanluis.com\/index.php\/wp-json\/wp\/v2\/comments?post=25367"}],"version-history":[{"count":1,"href":"https:\/\/apuntesdesanluis.com\/index.php\/wp-json\/wp\/v2\/posts\/25367\/revisions"}],"predecessor-version":[{"id":25370,"href":"https:\/\/apuntesdesanluis.com\/index.php\/wp-json\/wp\/v2\/posts\/25367\/revisions\/25370"}],"wp:featuredmedia":[{"embeddable":true,"href":"https:\/\/apuntesdesanluis.com\/index.php\/wp-json\/wp\/v2\/media\/25368"}],"wp:attachment":[{"href":"https:\/\/apuntesdesanluis.com\/index.php\/wp-json\/wp\/v2\/media?parent=25367"}],"wp:term":[{"taxonomy":"category","embeddable":true,"href":"https:\/\/apuntesdesanluis.com\/index.php\/wp-json\/wp\/v2\/categories?post=25367"},{"taxonomy":"post_tag","embeddable":true,"href":"https:\/\/apuntesdesanluis.com\/index.php\/wp-json\/wp\/v2\/tags?post=25367"}],"curies":[{"name":"wp","href":"https:\/\/api.w.org\/{rel}","templated":true}]}}