{"id":2539,"date":"2023-09-02T20:32:37","date_gmt":"2023-09-02T23:32:37","guid":{"rendered":"https:\/\/apuntesdesanluis.com\/?p=2539"},"modified":"2023-09-02T20:32:37","modified_gmt":"2023-09-02T23:32:37","slug":"villarruel-prepara-un-homenaje-a-las-victimas-del-terrorismo-de-los-70-y-provoca-el-repudio-de-la-cta-y-la-izquierda","status":"publish","type":"post","link":"https:\/\/apuntesdesanluis.com\/index.php\/2023\/09\/02\/villarruel-prepara-un-homenaje-a-las-victimas-del-terrorismo-de-los-70-y-provoca-el-repudio-de-la-cta-y-la-izquierda\/","title":{"rendered":"VILLARRUEL PREPARA UN &#8220;HOMENAJE A LAS V\u00cdCTIMAS DEL TERRORISMO&#8221; DE LOS 70 Y PROVOCA EL REPUDIO DE LA CTA Y LA IZQUIERDA"},"content":{"rendered":"<h3>Pese a que la diputada de La Libertad Avanza no guarda ninguna relaci\u00f3n con la Legislatura porte\u00f1a, ella es la principal impulsora de esta convocatoria de reivindicaci\u00f3n de la represi\u00f3n estatal contra la llamada &#8220;subversi\u00f3n&#8221; que se llevar\u00e1 a cabo este lunes en esa sede parlamentaria.<\/h3>\n<h3>La candidata a vicepresidenta de La Libertad Avanza, <strong>Victoria Villarruel<\/strong>, convoc\u00f3 a un acto de &#8220;homenaje a las v\u00edctimas del terrorismo&#8221;, en referencia a las organizaciones guerrilleras que lucharon contra la dictadura militar en los a\u00f1os 70, y desat\u00f3 un esc\u00e1ndalo con airadas cr\u00edticas de agrupaciones de izquierda, peronistas y sindicales.<\/h3>\n<h3>El encuentro que se desarrollar\u00e1, seg\u00fan est\u00e1 previsto, a las 17 hs en la Legislatura porte\u00f1a, ocurre luego de que salieran a la superficie distintos v\u00ednculos que habr\u00eda mantenido la actual diputada nacional con altos mandos del terrorismo de Estado como Jorge Rafael Videla o Miguel Osvaldo Etchecolatz.<\/h3>\n<h3>Pese a que la referente de la derecha nacionalista y conservadora no guarda ninguna relaci\u00f3n con la Legislatura porte\u00f1a, ella es la principal impulsora de esta convocatoria de reivindicaci\u00f3n de la represi\u00f3n estatal contra la llamada &#8220;subversi\u00f3n&#8221;, que tendr\u00e1 como marco la presentaci\u00f3n del libro de Ceferino Reato sobre la bomba en el edificio de la Superintendencia de Seguridad Federal (SSF), donde funcionaba un centro clandestino de detenci\u00f3n.<\/h3>\n<h3>La invitaci\u00f3n lleva el sello del Centro de Estudios Legales sobre el Terrorismo y sus V\u00edctimas (Celtyv), la entidad que Villarruel fund\u00f3 en 2006 para resistir la reapertura de los juicios a los genocidas por los cr\u00edmenes de lesa humanidad.<\/h3>\n<h3>Enterada de esta actividad, la CTA de los Trabajadores que lidera el diputado nacional kirchnerista Hugo Yasky difundi\u00f3 un comunicado de &#8220;repudio en\u00e9rgico&#8221; al &#8220;acto negacionista&#8221; que convoca Villarruel.<\/h3>\n<h3>&#8220;A 40 a\u00f1os de la vuelta de la democracia, es alarmante que haya diputados y diputadas negando la historia, la tortura y el asesinato de 30.000 compa\u00f1erxs y avalando la \u00faltima dictadura c\u00edvico-militar, algo que constituye una violaci\u00f3n a la legislaci\u00f3n vigente. Reivindicar el terrorismo de estado no solo va contra las leyes de nuestro pa\u00eds, sino del m\u00e1s elemental sentido com\u00fan y la convivencia democr\u00e1tica&#8221;, sostienen.<\/h3>\n<h3>&#8220;Asimismo, nos preocupa que la fuerza principal de la Legislatura porte\u00f1a, un \u00e1mbito que tambi\u00e9n fue v\u00edctima de la dictadura, brinde y garantice un espacio para estos discursos que van en contra del fortalecimiento de los valores democr\u00e1ticos fundamentales&#8221;, agregan en el escrito.<\/h3>\n<h3>Por \u00faltimo, se\u00f1alaron &#8220;la necesidad de que la Legislatura de la Ciudad de Buenos Aires cancele este acto y cualquier tipo de eventos de las mismas caracter\u00edsticas&#8221;.<\/h3>\n<h3>Por su parte, la legisladora porte\u00f1a del PTS (Frente de Izquierda) e hija de desaparecidos, Alejandrina Barry, se sum\u00f3 al &#8220;repudio en\u00e9rgico&#8221; de ese homenaje al considerar que se trata de &#8220;una reivindicaci\u00f3n de la dictadura genocida&#8221;.<\/h3>\n<h3>&#8220;Se trata de una verdadera provocaci\u00f3n que en la Legislatura se realice una actividad a 40 a\u00f1os del fin de la dictadura para promover la impunidad de los cr\u00edmenes m\u00e1s atroces del terrorismo de estado&#8221;, afirm\u00f3.<\/h3>\n<h3>&#8220;No es un homenaje, es un reivindicaci\u00f3n de la dictadura llevada adelante por la propia Victoria Villarruel que propiciaba las visitas de j\u00f3venes a Videla y aparec\u00eda entre los contactos del genocida Miguel Etchecolatz como parte de su c\u00edrculo de confianza. Ella ha militado hist\u00f3ricamente para garantizar la impunidad de quienes secuestraron, desaparecieron a nuestros familiares y se apropiaron de nuestros hermanos&#8221;, agreg\u00f3.<\/h3>\n<h3>Para finalizar, la legisladora de izquierda concluy\u00f3 que &#8220;la pelea colectiva durante a\u00f1os de familiares y organismos de derechos humanos, ha permitido condenar a muchos de los genocidas y tambi\u00e9n evitar sus intentos de impunidad como fue el fallo del 2&#215;1 de la Corte Suprema&#8221;.<\/h3>\n","protected":false},"excerpt":{"rendered":"<p>Pese a que la diputada de La Libertad Avanza no guarda ninguna relaci\u00f3n con la&#8230;<\/p>\n","protected":false},"author":1,"featured_media":2540,"comment_status":"closed","ping_status":"closed","sticky":false,"template":"","format":"standard","meta":{"footnotes":""},"categories":[5],"tags":[],"class_list":["post-2539","post","type-post","status-publish","format-standard","has-post-thumbnail","hentry","category-nacionales-internacionales"],"yoast_head":"<!-- This site is optimized with the Yoast SEO plugin v26.1.1 - https:\/\/yoast.com\/wordpress\/plugins\/seo\/ -->\n<title>VILLARRUEL PREPARA UN &quot;HOMENAJE A LAS V\u00cdCTIMAS DEL TERRORISMO&quot; DE LOS 70 Y PROVOCA EL REPUDIO DE LA CTA Y LA IZQUIERDA - Apuntes de San Luis<\/title>\n<meta name=\"robots\" content=\"index, follow, max-snippet:-1, max-image-preview:large, max-video-preview:-1\" \/>\n<link rel=\"canonical\" href=\"https:\/\/apuntesdesanluis.com\/index.php\/2023\/09\/02\/villarruel-prepara-un-homenaje-a-las-victimas-del-terrorismo-de-los-70-y-provoca-el-repudio-de-la-cta-y-la-izquierda\/\" \/>\n<meta property=\"og:locale\" content=\"es_ES\" \/>\n<meta property=\"og:type\" content=\"article\" \/>\n<meta property=\"og:title\" content=\"VILLARRUEL PREPARA UN &quot;HOMENAJE A LAS V\u00cdCTIMAS DEL TERRORISMO&quot; DE LOS 70 Y PROVOCA EL REPUDIO DE LA CTA Y LA IZQUIERDA - Apuntes de San Luis\" \/>\n<meta property=\"og:description\" content=\"Pese a que la diputada de La Libertad Avanza no guarda ninguna relaci\u00f3n con la...\" \/>\n<meta property=\"og:url\" content=\"https:\/\/apuntesdesanluis.com\/index.php\/2023\/09\/02\/villarruel-prepara-un-homenaje-a-las-victimas-del-terrorismo-de-los-70-y-provoca-el-repudio-de-la-cta-y-la-izquierda\/\" \/>\n<meta property=\"og:site_name\" content=\"Apuntes de San Luis\" \/>\n<meta property=\"article:published_time\" content=\"2023-09-02T23:32:37+00:00\" \/>\n<meta property=\"og:image\" content=\"https:\/\/apuntesdesanluis.com\/wp-content\/uploads\/2023\/09\/villarroel.png\" \/>\n\t<meta property=\"og:image:width\" content=\"867\" \/>\n\t<meta property=\"og:image:height\" content=\"513\" \/>\n\t<meta property=\"og:image:type\" content=\"image\/png\" \/>\n<meta name=\"author\" content=\"apuntesdesanluis.com\" \/>\n<meta name=\"twitter:card\" content=\"summary_large_image\" \/>\n<meta name=\"twitter:label1\" content=\"Escrito por\" \/>\n\t<meta name=\"twitter:data1\" content=\"apuntesdesanluis.com\" \/>\n\t<meta name=\"twitter:label2\" content=\"Tiempo de lectura\" \/>\n\t<meta name=\"twitter:data2\" content=\"3 minutos\" \/>\n<script type=\"application\/ld+json\" class=\"yoast-schema-graph\">{\"@context\":\"https:\/\/schema.org\",\"@graph\":[{\"@type\":\"Article\",\"@id\":\"https:\/\/apuntesdesanluis.com\/index.php\/2023\/09\/02\/villarruel-prepara-un-homenaje-a-las-victimas-del-terrorismo-de-los-70-y-provoca-el-repudio-de-la-cta-y-la-izquierda\/#article\",\"isPartOf\":{\"@id\":\"https:\/\/apuntesdesanluis.com\/index.php\/2023\/09\/02\/villarruel-prepara-un-homenaje-a-las-victimas-del-terrorismo-de-los-70-y-provoca-el-repudio-de-la-cta-y-la-izquierda\/\"},\"author\":{\"name\":\"apuntesdesanluis.com\",\"@id\":\"https:\/\/apuntesdesanluis.com\/#\/schema\/person\/b55151d52296fcce64d1a72538a70b90\"},\"headline\":\"VILLARRUEL PREPARA UN &#8220;HOMENAJE A LAS V\u00cdCTIMAS DEL TERRORISMO&#8221; DE LOS 70 Y PROVOCA EL REPUDIO DE LA CTA Y LA IZQUIERDA\",\"datePublished\":\"2023-09-02T23:32:37+00:00\",\"mainEntityOfPage\":{\"@id\":\"https:\/\/apuntesdesanluis.com\/index.php\/2023\/09\/02\/villarruel-prepara-un-homenaje-a-las-victimas-del-terrorismo-de-los-70-y-provoca-el-repudio-de-la-cta-y-la-izquierda\/\"},\"wordCount\":669,\"publisher\":{\"@id\":\"https:\/\/apuntesdesanluis.com\/#\/schema\/person\/b55151d52296fcce64d1a72538a70b90\"},\"image\":{\"@id\":\"https:\/\/apuntesdesanluis.com\/index.php\/2023\/09\/02\/villarruel-prepara-un-homenaje-a-las-victimas-del-terrorismo-de-los-70-y-provoca-el-repudio-de-la-cta-y-la-izquierda\/#primaryimage\"},\"thumbnailUrl\":\"https:\/\/apuntesdesanluis.com\/wp-content\/uploads\/2023\/09\/villarroel.png\",\"articleSection\":[\"Nacionales\/Internacionales\"],\"inLanguage\":\"es-AR\"},{\"@type\":\"WebPage\",\"@id\":\"https:\/\/apuntesdesanluis.com\/index.php\/2023\/09\/02\/villarruel-prepara-un-homenaje-a-las-victimas-del-terrorismo-de-los-70-y-provoca-el-repudio-de-la-cta-y-la-izquierda\/\",\"url\":\"https:\/\/apuntesdesanluis.com\/index.php\/2023\/09\/02\/villarruel-prepara-un-homenaje-a-las-victimas-del-terrorismo-de-los-70-y-provoca-el-repudio-de-la-cta-y-la-izquierda\/\",\"name\":\"VILLARRUEL PREPARA UN \\\"HOMENAJE A LAS V\u00cdCTIMAS DEL TERRORISMO\\\" DE LOS 70 Y PROVOCA EL REPUDIO DE LA CTA Y LA IZQUIERDA - Apuntes de San Luis\",\"isPartOf\":{\"@id\":\"https:\/\/apuntesdesanluis.com\/#website\"},\"primaryImageOfPage\":{\"@id\":\"https:\/\/apuntesdesanluis.com\/index.php\/2023\/09\/02\/villarruel-prepara-un-homenaje-a-las-victimas-del-terrorismo-de-los-70-y-provoca-el-repudio-de-la-cta-y-la-izquierda\/#primaryimage\"},\"image\":{\"@id\":\"https:\/\/apuntesdesanluis.com\/index.php\/2023\/09\/02\/villarruel-prepara-un-homenaje-a-las-victimas-del-terrorismo-de-los-70-y-provoca-el-repudio-de-la-cta-y-la-izquierda\/#primaryimage\"},\"thumbnailUrl\":\"https:\/\/apuntesdesanluis.com\/wp-content\/uploads\/2023\/09\/villarroel.png\",\"datePublished\":\"2023-09-02T23:32:37+00:00\",\"breadcrumb\":{\"@id\":\"https:\/\/apuntesdesanluis.com\/index.php\/2023\/09\/02\/villarruel-prepara-un-homenaje-a-las-victimas-del-terrorismo-de-los-70-y-provoca-el-repudio-de-la-cta-y-la-izquierda\/#breadcrumb\"},\"inLanguage\":\"es-AR\",\"potentialAction\":[{\"@type\":\"ReadAction\",\"target\":[\"https:\/\/apuntesdesanluis.com\/index.php\/2023\/09\/02\/villarruel-prepara-un-homenaje-a-las-victimas-del-terrorismo-de-los-70-y-provoca-el-repudio-de-la-cta-y-la-izquierda\/\"]}]},{\"@type\":\"ImageObject\",\"inLanguage\":\"es-AR\",\"@id\":\"https:\/\/apuntesdesanluis.com\/index.php\/2023\/09\/02\/villarruel-prepara-un-homenaje-a-las-victimas-del-terrorismo-de-los-70-y-provoca-el-repudio-de-la-cta-y-la-izquierda\/#primaryimage\",\"url\":\"https:\/\/apuntesdesanluis.com\/wp-content\/uploads\/2023\/09\/villarroel.png\",\"contentUrl\":\"https:\/\/apuntesdesanluis.com\/wp-content\/uploads\/2023\/09\/villarroel.png\",\"width\":867,\"height\":513},{\"@type\":\"BreadcrumbList\",\"@id\":\"https:\/\/apuntesdesanluis.com\/index.php\/2023\/09\/02\/villarruel-prepara-un-homenaje-a-las-victimas-del-terrorismo-de-los-70-y-provoca-el-repudio-de-la-cta-y-la-izquierda\/#breadcrumb\",\"itemListElement\":[{\"@type\":\"ListItem\",\"position\":1,\"name\":\"Inicio\",\"item\":\"https:\/\/apuntesdesanluis.com\/\"},{\"@type\":\"ListItem\",\"position\":2,\"name\":\"VILLARRUEL PREPARA UN &#8220;HOMENAJE A LAS V\u00cdCTIMAS DEL TERRORISMO&#8221; DE LOS 70 Y PROVOCA EL REPUDIO DE LA CTA Y LA IZQUIERDA\"}]},{\"@type\":\"WebSite\",\"@id\":\"https:\/\/apuntesdesanluis.com\/#website\",\"url\":\"https:\/\/apuntesdesanluis.com\/\",\"name\":\"Apuntes de San Luis\",\"description\":\"\",\"publisher\":{\"@id\":\"https:\/\/apuntesdesanluis.com\/#\/schema\/person\/b55151d52296fcce64d1a72538a70b90\"},\"potentialAction\":[{\"@type\":\"SearchAction\",\"target\":{\"@type\":\"EntryPoint\",\"urlTemplate\":\"https:\/\/apuntesdesanluis.com\/?s={search_term_string}\"},\"query-input\":{\"@type\":\"PropertyValueSpecification\",\"valueRequired\":true,\"valueName\":\"search_term_string\"}}],\"inLanguage\":\"es-AR\"},{\"@type\":[\"Person\",\"Organization\"],\"@id\":\"https:\/\/apuntesdesanluis.com\/#\/schema\/person\/b55151d52296fcce64d1a72538a70b90\",\"name\":\"apuntesdesanluis.com\",\"image\":{\"@type\":\"ImageObject\",\"inLanguage\":\"es-AR\",\"@id\":\"https:\/\/apuntesdesanluis.com\/#\/schema\/person\/image\/\",\"url\":\"https:\/\/apuntesdesanluis.com\/wp-content\/uploads\/2023\/07\/cropped-apuntesdesanluis.png\",\"contentUrl\":\"https:\/\/apuntesdesanluis.com\/wp-content\/uploads\/2023\/07\/cropped-apuntesdesanluis.png\",\"width\":450,\"height\":112,\"caption\":\"apuntesdesanluis.com\"},\"logo\":{\"@id\":\"https:\/\/apuntesdesanluis.com\/#\/schema\/person\/image\/\"},\"sameAs\":[\"https:\/\/apuntesdesanluis.com\"],\"url\":\"https:\/\/apuntesdesanluis.com\/index.php\/author\/apuntesdesanluis-com\/\"}]}<\/script>\n<!-- \/ Yoast SEO plugin. -->","yoast_head_json":{"title":"VILLARRUEL PREPARA UN \"HOMENAJE A LAS V\u00cdCTIMAS DEL TERRORISMO\" DE LOS 70 Y PROVOCA EL REPUDIO DE LA CTA Y LA IZQUIERDA - Apuntes de San Luis","robots":{"index":"index","follow":"follow","max-snippet":"max-snippet:-1","max-image-preview":"max-image-preview:large","max-video-preview":"max-video-preview:-1"},"canonical":"https:\/\/apuntesdesanluis.com\/index.php\/2023\/09\/02\/villarruel-prepara-un-homenaje-a-las-victimas-del-terrorismo-de-los-70-y-provoca-el-repudio-de-la-cta-y-la-izquierda\/","og_locale":"es_ES","og_type":"article","og_title":"VILLARRUEL PREPARA UN \"HOMENAJE A LAS V\u00cdCTIMAS DEL TERRORISMO\" DE LOS 70 Y PROVOCA EL REPUDIO DE LA CTA Y LA IZQUIERDA - Apuntes de San Luis","og_description":"Pese a que la diputada de La Libertad Avanza no guarda ninguna relaci\u00f3n con la...","og_url":"https:\/\/apuntesdesanluis.com\/index.php\/2023\/09\/02\/villarruel-prepara-un-homenaje-a-las-victimas-del-terrorismo-de-los-70-y-provoca-el-repudio-de-la-cta-y-la-izquierda\/","og_site_name":"Apuntes de San Luis","article_published_time":"2023-09-02T23:32:37+00:00","og_image":[{"width":867,"height":513,"url":"https:\/\/apuntesdesanluis.com\/wp-content\/uploads\/2023\/09\/villarroel.png","type":"image\/png"}],"author":"apuntesdesanluis.com","twitter_card":"summary_large_image","twitter_misc":{"Escrito por":"apuntesdesanluis.com","Tiempo de lectura":"3 minutos"},"schema":{"@context":"https:\/\/schema.org","@graph":[{"@type":"Article","@id":"https:\/\/apuntesdesanluis.com\/index.php\/2023\/09\/02\/villarruel-prepara-un-homenaje-a-las-victimas-del-terrorismo-de-los-70-y-provoca-el-repudio-de-la-cta-y-la-izquierda\/#article","isPartOf":{"@id":"https:\/\/apuntesdesanluis.com\/index.php\/2023\/09\/02\/villarruel-prepara-un-homenaje-a-las-victimas-del-terrorismo-de-los-70-y-provoca-el-repudio-de-la-cta-y-la-izquierda\/"},"author":{"name":"apuntesdesanluis.com","@id":"https:\/\/apuntesdesanluis.com\/#\/schema\/person\/b55151d52296fcce64d1a72538a70b90"},"headline":"VILLARRUEL PREPARA UN &#8220;HOMENAJE A LAS V\u00cdCTIMAS DEL TERRORISMO&#8221; DE LOS 70 Y PROVOCA EL REPUDIO DE LA CTA Y LA IZQUIERDA","datePublished":"2023-09-02T23:32:37+00:00","mainEntityOfPage":{"@id":"https:\/\/apuntesdesanluis.com\/index.php\/2023\/09\/02\/villarruel-prepara-un-homenaje-a-las-victimas-del-terrorismo-de-los-70-y-provoca-el-repudio-de-la-cta-y-la-izquierda\/"},"wordCount":669,"publisher":{"@id":"https:\/\/apuntesdesanluis.com\/#\/schema\/person\/b55151d52296fcce64d1a72538a70b90"},"image":{"@id":"https:\/\/apuntesdesanluis.com\/index.php\/2023\/09\/02\/villarruel-prepara-un-homenaje-a-las-victimas-del-terrorismo-de-los-70-y-provoca-el-repudio-de-la-cta-y-la-izquierda\/#primaryimage"},"thumbnailUrl":"https:\/\/apuntesdesanluis.com\/wp-content\/uploads\/2023\/09\/villarroel.png","articleSection":["Nacionales\/Internacionales"],"inLanguage":"es-AR"},{"@type":"WebPage","@id":"https:\/\/apuntesdesanluis.com\/index.php\/2023\/09\/02\/villarruel-prepara-un-homenaje-a-las-victimas-del-terrorismo-de-los-70-y-provoca-el-repudio-de-la-cta-y-la-izquierda\/","url":"https:\/\/apuntesdesanluis.com\/index.php\/2023\/09\/02\/villarruel-prepara-un-homenaje-a-las-victimas-del-terrorismo-de-los-70-y-provoca-el-repudio-de-la-cta-y-la-izquierda\/","name":"VILLARRUEL PREPARA UN \"HOMENAJE A LAS V\u00cdCTIMAS DEL TERRORISMO\" DE LOS 70 Y PROVOCA EL REPUDIO DE LA CTA Y LA IZQUIERDA - Apuntes de San Luis","isPartOf":{"@id":"https:\/\/apuntesdesanluis.com\/#website"},"primaryImageOfPage":{"@id":"https:\/\/apuntesdesanluis.com\/index.php\/2023\/09\/02\/villarruel-prepara-un-homenaje-a-las-victimas-del-terrorismo-de-los-70-y-provoca-el-repudio-de-la-cta-y-la-izquierda\/#primaryimage"},"image":{"@id":"https:\/\/apuntesdesanluis.com\/index.php\/2023\/09\/02\/villarruel-prepara-un-homenaje-a-las-victimas-del-terrorismo-de-los-70-y-provoca-el-repudio-de-la-cta-y-la-izquierda\/#primaryimage"},"thumbnailUrl":"https:\/\/apuntesdesanluis.com\/wp-content\/uploads\/2023\/09\/villarroel.png","datePublished":"2023-09-02T23:32:37+00:00","breadcrumb":{"@id":"https:\/\/apuntesdesanluis.com\/index.php\/2023\/09\/02\/villarruel-prepara-un-homenaje-a-las-victimas-del-terrorismo-de-los-70-y-provoca-el-repudio-de-la-cta-y-la-izquierda\/#breadcrumb"},"inLanguage":"es-AR","potentialAction":[{"@type":"ReadAction","target":["https:\/\/apuntesdesanluis.com\/index.php\/2023\/09\/02\/villarruel-prepara-un-homenaje-a-las-victimas-del-terrorismo-de-los-70-y-provoca-el-repudio-de-la-cta-y-la-izquierda\/"]}]},{"@type":"ImageObject","inLanguage":"es-AR","@id":"https:\/\/apuntesdesanluis.com\/index.php\/2023\/09\/02\/villarruel-prepara-un-homenaje-a-las-victimas-del-terrorismo-de-los-70-y-provoca-el-repudio-de-la-cta-y-la-izquierda\/#primaryimage","url":"https:\/\/apuntesdesanluis.com\/wp-content\/uploads\/2023\/09\/villarroel.png","contentUrl":"https:\/\/apuntesdesanluis.com\/wp-content\/uploads\/2023\/09\/villarroel.png","width":867,"height":513},{"@type":"BreadcrumbList","@id":"https:\/\/apuntesdesanluis.com\/index.php\/2023\/09\/02\/villarruel-prepara-un-homenaje-a-las-victimas-del-terrorismo-de-los-70-y-provoca-el-repudio-de-la-cta-y-la-izquierda\/#breadcrumb","itemListElement":[{"@type":"ListItem","position":1,"name":"Inicio","item":"https:\/\/apuntesdesanluis.com\/"},{"@type":"ListItem","position":2,"name":"VILLARRUEL PREPARA UN &#8220;HOMENAJE A LAS V\u00cdCTIMAS DEL TERRORISMO&#8221; DE LOS 70 Y PROVOCA EL REPUDIO DE LA CTA Y LA IZQUIERDA"}]},{"@type":"WebSite","@id":"https:\/\/apuntesdesanluis.com\/#website","url":"https:\/\/apuntesdesanluis.com\/","name":"Apuntes de San Luis","description":"","publisher":{"@id":"https:\/\/apuntesdesanluis.com\/#\/schema\/person\/b55151d52296fcce64d1a72538a70b90"},"potentialAction":[{"@type":"SearchAction","target":{"@type":"EntryPoint","urlTemplate":"https:\/\/apuntesdesanluis.com\/?s={search_term_string}"},"query-input":{"@type":"PropertyValueSpecification","valueRequired":true,"valueName":"search_term_string"}}],"inLanguage":"es-AR"},{"@type":["Person","Organization"],"@id":"https:\/\/apuntesdesanluis.com\/#\/schema\/person\/b55151d52296fcce64d1a72538a70b90","name":"apuntesdesanluis.com","image":{"@type":"ImageObject","inLanguage":"es-AR","@id":"https:\/\/apuntesdesanluis.com\/#\/schema\/person\/image\/","url":"https:\/\/apuntesdesanluis.com\/wp-content\/uploads\/2023\/07\/cropped-apuntesdesanluis.png","contentUrl":"https:\/\/apuntesdesanluis.com\/wp-content\/uploads\/2023\/07\/cropped-apuntesdesanluis.png","width":450,"height":112,"caption":"apuntesdesanluis.com"},"logo":{"@id":"https:\/\/apuntesdesanluis.com\/#\/schema\/person\/image\/"},"sameAs":["https:\/\/apuntesdesanluis.com"],"url":"https:\/\/apuntesdesanluis.com\/index.php\/author\/apuntesdesanluis-com\/"}]}},"featured_image_urls":{"full":["https:\/\/apuntesdesanluis.com\/wp-content\/uploads\/2023\/09\/villarroel.png",867,513,false],"thumbnail":["https:\/\/apuntesdesanluis.com\/wp-content\/uploads\/2023\/09\/villarroel-150x150.png",150,150,true],"medium":["https:\/\/apuntesdesanluis.com\/wp-content\/uploads\/2023\/09\/villarroel-300x178.png",300,178,true],"medium_large":["https:\/\/apuntesdesanluis.com\/wp-content\/uploads\/2023\/09\/villarroel-768x454.png",640,378,true],"large":["https:\/\/apuntesdesanluis.com\/wp-content\/uploads\/2023\/09\/villarroel.png",640,379,false],"1536x1536":["https:\/\/apuntesdesanluis.com\/wp-content\/uploads\/2023\/09\/villarroel.png",867,513,false],"2048x2048":["https:\/\/apuntesdesanluis.com\/wp-content\/uploads\/2023\/09\/villarroel.png",867,513,false],"newsever-slider-full":["https:\/\/apuntesdesanluis.com\/wp-content\/uploads\/2023\/09\/villarroel.png",867,513,false],"newsever-featured":["https:\/\/apuntesdesanluis.com\/wp-content\/uploads\/2023\/09\/villarroel.png",867,513,false],"newsever-medium":["https:\/\/apuntesdesanluis.com\/wp-content\/uploads\/2023\/09\/villarroel-720x475.png",720,475,true]},"author_info":{"display_name":"apuntesdesanluis.com","author_link":"https:\/\/apuntesdesanluis.com\/index.php\/author\/apuntesdesanluis-com\/"},"category_info":"<a href=\"https:\/\/apuntesdesanluis.com\/index.php\/category\/nacionales-internacionales\/\" rel=\"category tag\">Nacionales\/Internacionales<\/a>","tag_info":"Nacionales\/Internacionales","comment_count":"0","_links":{"self":[{"href":"https:\/\/apuntesdesanluis.com\/index.php\/wp-json\/wp\/v2\/posts\/2539","targetHints":{"allow":["GET"]}}],"collection":[{"href":"https:\/\/apuntesdesanluis.com\/index.php\/wp-json\/wp\/v2\/posts"}],"about":[{"href":"https:\/\/apuntesdesanluis.com\/index.php\/wp-json\/wp\/v2\/types\/post"}],"author":[{"embeddable":true,"href":"https:\/\/apuntesdesanluis.com\/index.php\/wp-json\/wp\/v2\/users\/1"}],"replies":[{"embeddable":true,"href":"https:\/\/apuntesdesanluis.com\/index.php\/wp-json\/wp\/v2\/comments?post=2539"}],"version-history":[{"count":1,"href":"https:\/\/apuntesdesanluis.com\/index.php\/wp-json\/wp\/v2\/posts\/2539\/revisions"}],"predecessor-version":[{"id":2541,"href":"https:\/\/apuntesdesanluis.com\/index.php\/wp-json\/wp\/v2\/posts\/2539\/revisions\/2541"}],"wp:featuredmedia":[{"embeddable":true,"href":"https:\/\/apuntesdesanluis.com\/index.php\/wp-json\/wp\/v2\/media\/2540"}],"wp:attachment":[{"href":"https:\/\/apuntesdesanluis.com\/index.php\/wp-json\/wp\/v2\/media?parent=2539"}],"wp:term":[{"taxonomy":"category","embeddable":true,"href":"https:\/\/apuntesdesanluis.com\/index.php\/wp-json\/wp\/v2\/categories?post=2539"},{"taxonomy":"post_tag","embeddable":true,"href":"https:\/\/apuntesdesanluis.com\/index.php\/wp-json\/wp\/v2\/tags?post=2539"}],"curies":[{"name":"wp","href":"https:\/\/api.w.org\/{rel}","templated":true}]}}