{"id":25393,"date":"2024-11-18T20:09:50","date_gmt":"2024-11-18T23:09:50","guid":{"rendered":"https:\/\/apuntesdesanluis.com\/?p=25393"},"modified":"2024-11-19T23:56:39","modified_gmt":"2024-11-20T02:56:39","slug":"para-la-justicia-procrastinar-dejo-de-ser-una-opcion","status":"publish","type":"post","link":"https:\/\/apuntesdesanluis.com\/index.php\/2024\/11\/18\/para-la-justicia-procrastinar-dejo-de-ser-una-opcion\/","title":{"rendered":"PARA LA JUSTICIA, PROCRASTINAR DEJ\u00d3 DE SER UNA OPCI\u00d3N"},"content":{"rendered":"<h3>Por <strong>Eduardo Gargiulo<\/strong><\/h3>\n<h3>El concepto suena medio feo, pero se puso de moda en los \u00faltimos tiempos y viene bien para analizar el tema que nos ocupa. Vamos a lo conceptual para entender de qu\u00e9 hablamos. <strong>Procrastinar<\/strong> es el \u201ch\u00e1bito de posponer o diferir tareas importantes, a pesar de tener la oportunidad de realizarlas\u201d. La palabra proviene del lat\u00edn procrastin\u0101re, que se compone de pro, que significa &#8220;adelante&#8221;, y crastinus, que significa &#8220;ma\u00f1ana&#8221;.<\/h3>\n<h3>La nota que dirigi\u00f3 el juez del Colegio de Jueces en lo Penal de la Primera Circunscripci\u00f3n Judicial, Dr. <strong>Jos\u00e9 Luis Flores<\/strong>, al presidente del Superior Tribunal de Justicia, <strong>Eduardo Allende<\/strong>, solicitando formalmente ser sometido al control toxicol\u00f3gico, aceler\u00f3 el debate interno en el m\u00e1ximo \u00f3rgano judicial de la provincia. Tomar una postura en torno de esta cuesti\u00f3n ya no permite dilaciones. Ahora la presi\u00f3n no viene s\u00f3lo del gobierno, sino que surge del interior mismo.<\/h3>\n<p><img fetchpriority=\"high\" decoding=\"async\" class=\"wp-image-25397 aligncenter\" src=\"https:\/\/apuntesdesanluis.com\/wp-content\/uploads\/2024\/11\/jose-luis-flores-300x201.png\" alt=\"\" width=\"572\" height=\"383\" srcset=\"https:\/\/apuntesdesanluis.com\/wp-content\/uploads\/2024\/11\/jose-luis-flores-300x201.png 300w, https:\/\/apuntesdesanluis.com\/wp-content\/uploads\/2024\/11\/jose-luis-flores.png 551w\" sizes=\"(max-width: 572px) 100vw, 572px\" \/><\/p>\n<h3>Algunos p\u00e1rrafos y frases son por dem\u00e1s contundentes y provocaron escozor en la piel de algunos tribunos:<\/h3>\n<ul>\n<li>\n<h3><span style=\"color: #3366ff;\"><em>\u201cLos motivos que impulsan este pedido, est\u00e1n vinculados a la necesidad personal de aminorar la pesada carga que se deposita mediante sospechas generalizadas y expansivas sobre quienes ejercemos la magistratura y la funci\u00f3n judicial. A quienes hemos dedicado gran parte de nuestra vida a realizar esta responsabilidad en el Estado, siguiendo el, para nada f\u00e1cil, desaf\u00edo de mantener la independencia judicial, el resguardo del m\u00e9rito y la coherencia, se nos torna una fatigosa e inmerecida carga m\u00e1s el acarrear con sospechas y descr\u00e9ditos, que mellan lo que tambi\u00e9n juramos proteger, el prestigio del Poder Judicial\u201d.<\/em><\/span><\/h3>\n<\/li>\n<\/ul>\n<h3>Que un juez de trayectoria y prestigio reconozca que existen \u201csospechas generalizadas y expansivas\u201d acerca de que en la justicia se drogan, es como si un \u00e1rbitro de f\u00fatbol admitiera que los partidos se arreglan. Uno imagina que inmediatamente los \u00f3rganos competentes ordenar\u00edan una investigaci\u00f3n. Si, como ahora, el \u00e1rbitro fuera un juez ordinario, la procrastinaci\u00f3n no har\u00eda otra cosa que darle la raz\u00f3n.<\/h3>\n<ul>\n<li>\n<h3><span style=\"color: #3366ff;\"><em>\u201c\u2026causa fatiga moral el mantener el silencio como estrategia \u00fanica frente a la realidad\u201d.<\/em><\/span><\/h3>\n<\/li>\n<\/ul>\n<h3>No hacen falta demasiadas neuronas para advertir que la afirmaci\u00f3n es un directo cuestionamiento a la estrategia seguida por el STJ, que hasta el momento oficialmente no ha fijado una postura respecto los ex\u00e1menes que dicta la llamada \u201cLey de Ejemplaridad y Coherencia por parte de los Poderes P\u00fablicos de la provincia de San Luis en la lucha contra el narcotr\u00e1fico\u201d, publicada el pasado viernes en el Bolet\u00edn Oficial.<\/h3>\n<ul>\n<li>\n<h3><span style=\"color: #3366ff;\"><em>\u201c\u2026esta acci\u00f3n personal (\u2026)<\/em> <em>aporta a mi esp\u00edritu la tranquilidad de \u00e1nimo con la que trato de llevar adelante mi tarea constitucional por la fuerza de su valor simb\u00f3lico. Y ello, no porque ser testeado me haga mejor juez o persona, sino porque aquieta la sospecha generalizada y amortigua, aunque sea en algo, el descr\u00e9dito en el que pareciera caer por aquella sospecha, el Poder Judicial\u201d.<\/em><\/span><\/h3>\n<\/li>\n<\/ul>\n<h3>Otra vez Flores menciona la existencia de \u201csospecha generalizada\u201d, lo cual podr\u00eda leerse en dos sentidos: como la simple admisi\u00f3n de un existente prejuicio social o, m\u00e1s grave, que \u00e9l tambi\u00e9n la tiene.<\/h3>\n<ul>\n<li>\n<h3><span style=\"color: #3366ff;\"><em>\u201cUn Juez \u00b4sospechado\u00b4 es como un Juez \u00b4sospechoso\u00b4, inconducente en su labor para lograr la paz social\u201d.<\/em><\/span><\/h3>\n<\/li>\n<\/ul>\n<h3>Lo anterior coincide, en gran medida, con lo que algunos abogados y el propio oficialismo han afirmado p\u00fablicamente: \u00bfCu\u00e1nta autoridad moral pueden tener los jueces para sancionar a un narcotraficante, si muchos de ellos (se sospecha) consumen el producto que aqu\u00e9l vende?<\/h3>\n<ul>\n<li>\n<h3><span style=\"color: #3366ff;\"><em>\u201cUna actitud silente <\/em>(silenciosa\/quieta)<em> de quienes desarrollan la Magistratura y la Funci\u00f3n Judicial &#8211; que respeto pero que no me representa-, me impone realizar este pedido que aquietar\u00e1 mi \u00e1nimo y permitir\u00e1 refrendar mi compromiso ante las sospechas\u2026 creo en mi fuero intimo que el Poder Judicial debiera acudir en masa a sostener su prestigio y su posici\u00f3n en la triada republicana\u201d.<\/em><\/span><\/h3>\n<\/li>\n<\/ul>\n<h3>Nuevamente el juez Flores fundamenta por qu\u00e9 considera un error la postura pasiva sostenida por el STJ frente a la cuesti\u00f3n y avanza un paso m\u00e1s, al adelantar c\u00f3mo deber\u00edan actuar todos los integrantes de la justicia \u2013en masa- para defender su prestigio.<\/h3>\n<ul>\n<li>\n<h3><span style=\"color: #3366ff;\"><em>\u201cEs por ello que dejo manifiesta mi voluntad (y necesidad, como lo he dicho ya) de ser sometido al test en las condiciones y seguridades que VE disponga implementar, de lo que solo deber\u00e9 ser notificado para as\u00ed proceder\u201d.<\/em><\/span><\/h3>\n<\/li>\n<\/ul>\n<h3>Al reiterar su solicitud, el magistrado le agrega m\u00e1s presi\u00f3n a los tribunos, que por estas horas debaten c\u00f3mo proceder en la respuesta. Se encuentran frente a un dilema y la encrucijada es clara: no pueden autorizarlo y nada decir con respecto a todo el Poder Judicial; tampoco pueden continuar guardando silencio, porque acrecientan las \u201csospechas generalizadas\u201d.<\/h3>\n<h3>La impecable prosa argumental del Dr. Jos\u00e9 Luis Flores, al que en la intimidad le dicen de todo menos bonito, ha puesto a trabajar contrarreloj a los asistentes y a los propios ministros del Superior Tribunal de Justicia, quienes en las pr\u00f3ximas horas le dar\u00edan una respuesta, mientras siguen analizando si corresponde dictar un marco legal respecto a esta inc\u00f3moda y controvertida (a su juicio) legislaci\u00f3n.<\/h3>\n<h3><\/h3>\n<p>&nbsp;<\/p>\n<h3><strong>VER: <a href=\"https:\/\/apuntesdesanluis.com\/wp-content\/uploads\/2024\/11\/Carta-del-Juez-Jose-Luis-Flores.pdf\" target=\"_blank\" rel=\"noopener\"><span style=\"color: #0000ff;\">CARTA DEL DR. JOS\u00c9 LUIS FLORES<\/span><\/a><\/strong><\/h3>\n<p>&nbsp;<\/p>\n<p>&nbsp;<\/p>\n<p>&nbsp;<\/p>\n<p>&nbsp;<\/p>\n<p>&nbsp;<\/p>\n<p>&nbsp;<\/p>\n","protected":false},"excerpt":{"rendered":"<p>Por Eduardo Gargiulo El concepto suena medio feo, pero se puso de moda en los&#8230;<\/p>\n","protected":false},"author":1,"featured_media":25396,"comment_status":"closed","ping_status":"closed","sticky":false,"template":"","format":"standard","meta":{"footnotes":""},"categories":[9],"tags":[],"class_list":["post-25393","post","type-post","status-publish","format-standard","has-post-thumbnail","hentry","category-opinion"],"yoast_head":"<!-- This site is optimized with the Yoast SEO plugin v26.1.1 - https:\/\/yoast.com\/wordpress\/plugins\/seo\/ -->\n<title>PARA LA JUSTICIA, PROCRASTINAR DEJ\u00d3 DE SER UNA OPCI\u00d3N - Apuntes de San Luis<\/title>\n<meta name=\"robots\" content=\"index, follow, max-snippet:-1, max-image-preview:large, max-video-preview:-1\" \/>\n<link rel=\"canonical\" href=\"https:\/\/apuntesdesanluis.com\/index.php\/2024\/11\/18\/para-la-justicia-procrastinar-dejo-de-ser-una-opcion\/\" \/>\n<meta property=\"og:locale\" content=\"es_ES\" \/>\n<meta property=\"og:type\" content=\"article\" \/>\n<meta property=\"og:title\" content=\"PARA LA JUSTICIA, PROCRASTINAR DEJ\u00d3 DE SER UNA OPCI\u00d3N - Apuntes de San Luis\" \/>\n<meta property=\"og:description\" content=\"Por Eduardo Gargiulo El concepto suena medio feo, pero se puso de moda en los...\" \/>\n<meta property=\"og:url\" content=\"https:\/\/apuntesdesanluis.com\/index.php\/2024\/11\/18\/para-la-justicia-procrastinar-dejo-de-ser-una-opcion\/\" \/>\n<meta property=\"og:site_name\" content=\"Apuntes de San Luis\" \/>\n<meta property=\"article:published_time\" content=\"2024-11-18T23:09:50+00:00\" \/>\n<meta property=\"article:modified_time\" content=\"2024-11-20T02:56:39+00:00\" \/>\n<meta property=\"og:image\" content=\"https:\/\/apuntesdesanluis.com\/wp-content\/uploads\/2024\/11\/tribunales-1.png\" \/>\n\t<meta property=\"og:image:width\" content=\"671\" \/>\n\t<meta property=\"og:image:height\" content=\"384\" \/>\n\t<meta property=\"og:image:type\" content=\"image\/png\" \/>\n<meta name=\"author\" content=\"apuntesdesanluis.com\" \/>\n<meta name=\"twitter:card\" content=\"summary_large_image\" \/>\n<meta name=\"twitter:label1\" content=\"Escrito por\" \/>\n\t<meta name=\"twitter:data1\" content=\"apuntesdesanluis.com\" \/>\n\t<meta name=\"twitter:label2\" content=\"Tiempo de lectura\" \/>\n\t<meta name=\"twitter:data2\" content=\"5 minutos\" \/>\n<script type=\"application\/ld+json\" class=\"yoast-schema-graph\">{\"@context\":\"https:\/\/schema.org\",\"@graph\":[{\"@type\":\"Article\",\"@id\":\"https:\/\/apuntesdesanluis.com\/index.php\/2024\/11\/18\/para-la-justicia-procrastinar-dejo-de-ser-una-opcion\/#article\",\"isPartOf\":{\"@id\":\"https:\/\/apuntesdesanluis.com\/index.php\/2024\/11\/18\/para-la-justicia-procrastinar-dejo-de-ser-una-opcion\/\"},\"author\":{\"name\":\"apuntesdesanluis.com\",\"@id\":\"https:\/\/apuntesdesanluis.com\/#\/schema\/person\/b55151d52296fcce64d1a72538a70b90\"},\"headline\":\"PARA LA JUSTICIA, PROCRASTINAR DEJ\u00d3 DE SER UNA OPCI\u00d3N\",\"datePublished\":\"2024-11-18T23:09:50+00:00\",\"dateModified\":\"2024-11-20T02:56:39+00:00\",\"mainEntityOfPage\":{\"@id\":\"https:\/\/apuntesdesanluis.com\/index.php\/2024\/11\/18\/para-la-justicia-procrastinar-dejo-de-ser-una-opcion\/\"},\"wordCount\":912,\"publisher\":{\"@id\":\"https:\/\/apuntesdesanluis.com\/#\/schema\/person\/b55151d52296fcce64d1a72538a70b90\"},\"image\":{\"@id\":\"https:\/\/apuntesdesanluis.com\/index.php\/2024\/11\/18\/para-la-justicia-procrastinar-dejo-de-ser-una-opcion\/#primaryimage\"},\"thumbnailUrl\":\"https:\/\/apuntesdesanluis.com\/wp-content\/uploads\/2024\/11\/tribunales-1.png\",\"articleSection\":[\"Opini\u00f3n\"],\"inLanguage\":\"es-AR\"},{\"@type\":\"WebPage\",\"@id\":\"https:\/\/apuntesdesanluis.com\/index.php\/2024\/11\/18\/para-la-justicia-procrastinar-dejo-de-ser-una-opcion\/\",\"url\":\"https:\/\/apuntesdesanluis.com\/index.php\/2024\/11\/18\/para-la-justicia-procrastinar-dejo-de-ser-una-opcion\/\",\"name\":\"PARA LA JUSTICIA, PROCRASTINAR DEJ\u00d3 DE SER UNA OPCI\u00d3N - Apuntes de San Luis\",\"isPartOf\":{\"@id\":\"https:\/\/apuntesdesanluis.com\/#website\"},\"primaryImageOfPage\":{\"@id\":\"https:\/\/apuntesdesanluis.com\/index.php\/2024\/11\/18\/para-la-justicia-procrastinar-dejo-de-ser-una-opcion\/#primaryimage\"},\"image\":{\"@id\":\"https:\/\/apuntesdesanluis.com\/index.php\/2024\/11\/18\/para-la-justicia-procrastinar-dejo-de-ser-una-opcion\/#primaryimage\"},\"thumbnailUrl\":\"https:\/\/apuntesdesanluis.com\/wp-content\/uploads\/2024\/11\/tribunales-1.png\",\"datePublished\":\"2024-11-18T23:09:50+00:00\",\"dateModified\":\"2024-11-20T02:56:39+00:00\",\"breadcrumb\":{\"@id\":\"https:\/\/apuntesdesanluis.com\/index.php\/2024\/11\/18\/para-la-justicia-procrastinar-dejo-de-ser-una-opcion\/#breadcrumb\"},\"inLanguage\":\"es-AR\",\"potentialAction\":[{\"@type\":\"ReadAction\",\"target\":[\"https:\/\/apuntesdesanluis.com\/index.php\/2024\/11\/18\/para-la-justicia-procrastinar-dejo-de-ser-una-opcion\/\"]}]},{\"@type\":\"ImageObject\",\"inLanguage\":\"es-AR\",\"@id\":\"https:\/\/apuntesdesanluis.com\/index.php\/2024\/11\/18\/para-la-justicia-procrastinar-dejo-de-ser-una-opcion\/#primaryimage\",\"url\":\"https:\/\/apuntesdesanluis.com\/wp-content\/uploads\/2024\/11\/tribunales-1.png\",\"contentUrl\":\"https:\/\/apuntesdesanluis.com\/wp-content\/uploads\/2024\/11\/tribunales-1.png\",\"width\":671,\"height\":384},{\"@type\":\"BreadcrumbList\",\"@id\":\"https:\/\/apuntesdesanluis.com\/index.php\/2024\/11\/18\/para-la-justicia-procrastinar-dejo-de-ser-una-opcion\/#breadcrumb\",\"itemListElement\":[{\"@type\":\"ListItem\",\"position\":1,\"name\":\"Inicio\",\"item\":\"https:\/\/apuntesdesanluis.com\/\"},{\"@type\":\"ListItem\",\"position\":2,\"name\":\"PARA LA JUSTICIA, PROCRASTINAR DEJ\u00d3 DE SER UNA OPCI\u00d3N\"}]},{\"@type\":\"WebSite\",\"@id\":\"https:\/\/apuntesdesanluis.com\/#website\",\"url\":\"https:\/\/apuntesdesanluis.com\/\",\"name\":\"Apuntes de San Luis\",\"description\":\"\",\"publisher\":{\"@id\":\"https:\/\/apuntesdesanluis.com\/#\/schema\/person\/b55151d52296fcce64d1a72538a70b90\"},\"potentialAction\":[{\"@type\":\"SearchAction\",\"target\":{\"@type\":\"EntryPoint\",\"urlTemplate\":\"https:\/\/apuntesdesanluis.com\/?s={search_term_string}\"},\"query-input\":{\"@type\":\"PropertyValueSpecification\",\"valueRequired\":true,\"valueName\":\"search_term_string\"}}],\"inLanguage\":\"es-AR\"},{\"@type\":[\"Person\",\"Organization\"],\"@id\":\"https:\/\/apuntesdesanluis.com\/#\/schema\/person\/b55151d52296fcce64d1a72538a70b90\",\"name\":\"apuntesdesanluis.com\",\"image\":{\"@type\":\"ImageObject\",\"inLanguage\":\"es-AR\",\"@id\":\"https:\/\/apuntesdesanluis.com\/#\/schema\/person\/image\/\",\"url\":\"https:\/\/apuntesdesanluis.com\/wp-content\/uploads\/2023\/07\/cropped-apuntesdesanluis.png\",\"contentUrl\":\"https:\/\/apuntesdesanluis.com\/wp-content\/uploads\/2023\/07\/cropped-apuntesdesanluis.png\",\"width\":450,\"height\":112,\"caption\":\"apuntesdesanluis.com\"},\"logo\":{\"@id\":\"https:\/\/apuntesdesanluis.com\/#\/schema\/person\/image\/\"},\"sameAs\":[\"https:\/\/apuntesdesanluis.com\"],\"url\":\"https:\/\/apuntesdesanluis.com\/index.php\/author\/apuntesdesanluis-com\/\"}]}<\/script>\n<!-- \/ Yoast SEO plugin. -->","yoast_head_json":{"title":"PARA LA JUSTICIA, PROCRASTINAR DEJ\u00d3 DE SER UNA OPCI\u00d3N - Apuntes de San Luis","robots":{"index":"index","follow":"follow","max-snippet":"max-snippet:-1","max-image-preview":"max-image-preview:large","max-video-preview":"max-video-preview:-1"},"canonical":"https:\/\/apuntesdesanluis.com\/index.php\/2024\/11\/18\/para-la-justicia-procrastinar-dejo-de-ser-una-opcion\/","og_locale":"es_ES","og_type":"article","og_title":"PARA LA JUSTICIA, PROCRASTINAR DEJ\u00d3 DE SER UNA OPCI\u00d3N - Apuntes de San Luis","og_description":"Por Eduardo Gargiulo El concepto suena medio feo, pero se puso de moda en los...","og_url":"https:\/\/apuntesdesanluis.com\/index.php\/2024\/11\/18\/para-la-justicia-procrastinar-dejo-de-ser-una-opcion\/","og_site_name":"Apuntes de San Luis","article_published_time":"2024-11-18T23:09:50+00:00","article_modified_time":"2024-11-20T02:56:39+00:00","og_image":[{"width":671,"height":384,"url":"https:\/\/apuntesdesanluis.com\/wp-content\/uploads\/2024\/11\/tribunales-1.png","type":"image\/png"}],"author":"apuntesdesanluis.com","twitter_card":"summary_large_image","twitter_misc":{"Escrito por":"apuntesdesanluis.com","Tiempo de lectura":"5 minutos"},"schema":{"@context":"https:\/\/schema.org","@graph":[{"@type":"Article","@id":"https:\/\/apuntesdesanluis.com\/index.php\/2024\/11\/18\/para-la-justicia-procrastinar-dejo-de-ser-una-opcion\/#article","isPartOf":{"@id":"https:\/\/apuntesdesanluis.com\/index.php\/2024\/11\/18\/para-la-justicia-procrastinar-dejo-de-ser-una-opcion\/"},"author":{"name":"apuntesdesanluis.com","@id":"https:\/\/apuntesdesanluis.com\/#\/schema\/person\/b55151d52296fcce64d1a72538a70b90"},"headline":"PARA LA JUSTICIA, PROCRASTINAR DEJ\u00d3 DE SER UNA OPCI\u00d3N","datePublished":"2024-11-18T23:09:50+00:00","dateModified":"2024-11-20T02:56:39+00:00","mainEntityOfPage":{"@id":"https:\/\/apuntesdesanluis.com\/index.php\/2024\/11\/18\/para-la-justicia-procrastinar-dejo-de-ser-una-opcion\/"},"wordCount":912,"publisher":{"@id":"https:\/\/apuntesdesanluis.com\/#\/schema\/person\/b55151d52296fcce64d1a72538a70b90"},"image":{"@id":"https:\/\/apuntesdesanluis.com\/index.php\/2024\/11\/18\/para-la-justicia-procrastinar-dejo-de-ser-una-opcion\/#primaryimage"},"thumbnailUrl":"https:\/\/apuntesdesanluis.com\/wp-content\/uploads\/2024\/11\/tribunales-1.png","articleSection":["Opini\u00f3n"],"inLanguage":"es-AR"},{"@type":"WebPage","@id":"https:\/\/apuntesdesanluis.com\/index.php\/2024\/11\/18\/para-la-justicia-procrastinar-dejo-de-ser-una-opcion\/","url":"https:\/\/apuntesdesanluis.com\/index.php\/2024\/11\/18\/para-la-justicia-procrastinar-dejo-de-ser-una-opcion\/","name":"PARA LA JUSTICIA, PROCRASTINAR DEJ\u00d3 DE SER UNA OPCI\u00d3N - Apuntes de San Luis","isPartOf":{"@id":"https:\/\/apuntesdesanluis.com\/#website"},"primaryImageOfPage":{"@id":"https:\/\/apuntesdesanluis.com\/index.php\/2024\/11\/18\/para-la-justicia-procrastinar-dejo-de-ser-una-opcion\/#primaryimage"},"image":{"@id":"https:\/\/apuntesdesanluis.com\/index.php\/2024\/11\/18\/para-la-justicia-procrastinar-dejo-de-ser-una-opcion\/#primaryimage"},"thumbnailUrl":"https:\/\/apuntesdesanluis.com\/wp-content\/uploads\/2024\/11\/tribunales-1.png","datePublished":"2024-11-18T23:09:50+00:00","dateModified":"2024-11-20T02:56:39+00:00","breadcrumb":{"@id":"https:\/\/apuntesdesanluis.com\/index.php\/2024\/11\/18\/para-la-justicia-procrastinar-dejo-de-ser-una-opcion\/#breadcrumb"},"inLanguage":"es-AR","potentialAction":[{"@type":"ReadAction","target":["https:\/\/apuntesdesanluis.com\/index.php\/2024\/11\/18\/para-la-justicia-procrastinar-dejo-de-ser-una-opcion\/"]}]},{"@type":"ImageObject","inLanguage":"es-AR","@id":"https:\/\/apuntesdesanluis.com\/index.php\/2024\/11\/18\/para-la-justicia-procrastinar-dejo-de-ser-una-opcion\/#primaryimage","url":"https:\/\/apuntesdesanluis.com\/wp-content\/uploads\/2024\/11\/tribunales-1.png","contentUrl":"https:\/\/apuntesdesanluis.com\/wp-content\/uploads\/2024\/11\/tribunales-1.png","width":671,"height":384},{"@type":"BreadcrumbList","@id":"https:\/\/apuntesdesanluis.com\/index.php\/2024\/11\/18\/para-la-justicia-procrastinar-dejo-de-ser-una-opcion\/#breadcrumb","itemListElement":[{"@type":"ListItem","position":1,"name":"Inicio","item":"https:\/\/apuntesdesanluis.com\/"},{"@type":"ListItem","position":2,"name":"PARA LA JUSTICIA, PROCRASTINAR DEJ\u00d3 DE SER UNA OPCI\u00d3N"}]},{"@type":"WebSite","@id":"https:\/\/apuntesdesanluis.com\/#website","url":"https:\/\/apuntesdesanluis.com\/","name":"Apuntes de San Luis","description":"","publisher":{"@id":"https:\/\/apuntesdesanluis.com\/#\/schema\/person\/b55151d52296fcce64d1a72538a70b90"},"potentialAction":[{"@type":"SearchAction","target":{"@type":"EntryPoint","urlTemplate":"https:\/\/apuntesdesanluis.com\/?s={search_term_string}"},"query-input":{"@type":"PropertyValueSpecification","valueRequired":true,"valueName":"search_term_string"}}],"inLanguage":"es-AR"},{"@type":["Person","Organization"],"@id":"https:\/\/apuntesdesanluis.com\/#\/schema\/person\/b55151d52296fcce64d1a72538a70b90","name":"apuntesdesanluis.com","image":{"@type":"ImageObject","inLanguage":"es-AR","@id":"https:\/\/apuntesdesanluis.com\/#\/schema\/person\/image\/","url":"https:\/\/apuntesdesanluis.com\/wp-content\/uploads\/2023\/07\/cropped-apuntesdesanluis.png","contentUrl":"https:\/\/apuntesdesanluis.com\/wp-content\/uploads\/2023\/07\/cropped-apuntesdesanluis.png","width":450,"height":112,"caption":"apuntesdesanluis.com"},"logo":{"@id":"https:\/\/apuntesdesanluis.com\/#\/schema\/person\/image\/"},"sameAs":["https:\/\/apuntesdesanluis.com"],"url":"https:\/\/apuntesdesanluis.com\/index.php\/author\/apuntesdesanluis-com\/"}]}},"featured_image_urls":{"full":["https:\/\/apuntesdesanluis.com\/wp-content\/uploads\/2024\/11\/tribunales-1.png",671,384,false],"thumbnail":["https:\/\/apuntesdesanluis.com\/wp-content\/uploads\/2024\/11\/tribunales-1-150x150.png",150,150,true],"medium":["https:\/\/apuntesdesanluis.com\/wp-content\/uploads\/2024\/11\/tribunales-1-300x172.png",300,172,true],"medium_large":["https:\/\/apuntesdesanluis.com\/wp-content\/uploads\/2024\/11\/tribunales-1.png",640,366,false],"large":["https:\/\/apuntesdesanluis.com\/wp-content\/uploads\/2024\/11\/tribunales-1.png",640,366,false],"1536x1536":["https:\/\/apuntesdesanluis.com\/wp-content\/uploads\/2024\/11\/tribunales-1.png",671,384,false],"2048x2048":["https:\/\/apuntesdesanluis.com\/wp-content\/uploads\/2024\/11\/tribunales-1.png",671,384,false],"newsever-slider-full":["https:\/\/apuntesdesanluis.com\/wp-content\/uploads\/2024\/11\/tribunales-1.png",671,384,false],"newsever-featured":["https:\/\/apuntesdesanluis.com\/wp-content\/uploads\/2024\/11\/tribunales-1.png",671,384,false],"newsever-medium":["https:\/\/apuntesdesanluis.com\/wp-content\/uploads\/2024\/11\/tribunales-1.png",671,384,false]},"author_info":{"display_name":"apuntesdesanluis.com","author_link":"https:\/\/apuntesdesanluis.com\/index.php\/author\/apuntesdesanluis-com\/"},"category_info":"<a href=\"https:\/\/apuntesdesanluis.com\/index.php\/category\/opinion\/\" rel=\"category tag\">Opini\u00f3n<\/a>","tag_info":"Opini\u00f3n","comment_count":"0","_links":{"self":[{"href":"https:\/\/apuntesdesanluis.com\/index.php\/wp-json\/wp\/v2\/posts\/25393","targetHints":{"allow":["GET"]}}],"collection":[{"href":"https:\/\/apuntesdesanluis.com\/index.php\/wp-json\/wp\/v2\/posts"}],"about":[{"href":"https:\/\/apuntesdesanluis.com\/index.php\/wp-json\/wp\/v2\/types\/post"}],"author":[{"embeddable":true,"href":"https:\/\/apuntesdesanluis.com\/index.php\/wp-json\/wp\/v2\/users\/1"}],"replies":[{"embeddable":true,"href":"https:\/\/apuntesdesanluis.com\/index.php\/wp-json\/wp\/v2\/comments?post=25393"}],"version-history":[{"count":10,"href":"https:\/\/apuntesdesanluis.com\/index.php\/wp-json\/wp\/v2\/posts\/25393\/revisions"}],"predecessor-version":[{"id":25407,"href":"https:\/\/apuntesdesanluis.com\/index.php\/wp-json\/wp\/v2\/posts\/25393\/revisions\/25407"}],"wp:featuredmedia":[{"embeddable":true,"href":"https:\/\/apuntesdesanluis.com\/index.php\/wp-json\/wp\/v2\/media\/25396"}],"wp:attachment":[{"href":"https:\/\/apuntesdesanluis.com\/index.php\/wp-json\/wp\/v2\/media?parent=25393"}],"wp:term":[{"taxonomy":"category","embeddable":true,"href":"https:\/\/apuntesdesanluis.com\/index.php\/wp-json\/wp\/v2\/categories?post=25393"},{"taxonomy":"post_tag","embeddable":true,"href":"https:\/\/apuntesdesanluis.com\/index.php\/wp-json\/wp\/v2\/tags?post=25393"}],"curies":[{"name":"wp","href":"https:\/\/api.w.org\/{rel}","templated":true}]}}