{"id":25408,"date":"2024-11-19T20:35:33","date_gmt":"2024-11-19T23:35:33","guid":{"rendered":"https:\/\/apuntesdesanluis.com\/?p=25408"},"modified":"2024-11-19T20:39:27","modified_gmt":"2024-11-19T23:39:27","slug":"avanza-creacion-del-registro-provincial-de-huellas-geneticas-digitalizadas-y-el-co-pro-dis","status":"publish","type":"post","link":"https:\/\/apuntesdesanluis.com\/index.php\/2024\/11\/19\/avanza-creacion-del-registro-provincial-de-huellas-geneticas-digitalizadas-y-el-co-pro-dis\/","title":{"rendered":"AVANZA CREACI\u00d3N DEL REGISTRO PROVINCIAL DE HUELLAS GEN\u00c9TICAS DIGITALIZADAS Y EL CO.PRO.DIS."},"content":{"rendered":"<h3>Este martes, el Senado aprob\u00f3 por unanimidad el proyecto de ley que establece la creaci\u00f3n del <strong>Registro Provincial de Huellas Gen\u00e9ticas Digitalizadas<\/strong>, un sistema destinado a fortalecer la seguridad p\u00fablica que permitir\u00e1 la identificaci\u00f3n precisa y r\u00e1pida de personas involucradas en delitos. Ahora pasar\u00e1 a la C\u00e1mara de Diputados para su tratamiento. Adem\u00e1s, la C\u00e1mara Alta de la provincia\u00a0aprob\u00f3 la creaci\u00f3n del <strong>Consejo Provincial de Personas con Discapacidad <\/strong>(CO.PRO.DIS).<\/h3>\n<h3>En relaci\u00f3n con lo primero, el proyecto, enviado por el Ejecutivo, propone la implementaci\u00f3n de un sistema moderno para la recolecci\u00f3n, almacenamiento y an\u00e1lisis de perfiles gen\u00e9ticos a trav\u00e9s de una herramienta que ha demostrado su eficacia en otras provincias.<\/h3>\n<h3>Actualmente, San Luis cuenta con un Registro Provincial y un Banco Provincial de ADN, creados en 2009 y modificados en 2017, que est\u00e1n limitados a personas condenadas por delitos contra la integridad sexual. Sin embargo, los resultados no han sido satisfactorios debido a fallas estructurales y operativas.<\/h3>\n<h3>El senador por Jun\u00edn, <strong>Sergio Guardia<\/strong>, detall\u00f3 algunas de esas deficiencias, como el uso de procedimientos manuales que aumentan los riesgos de error y seguridad, la falta de compatibilidad tecnol\u00f3gica con otras bases de datos y la ausencia de capacitaci\u00f3n adecuada para los funcionarios responsables. \u201cEstas falencias impulsaron la necesidad de un cambio estructural para dotar a San Luis de un sistema eficiente, confiable y moderno\u201d, se\u00f1al\u00f3.<\/h3>\n<h3>El proyecto presentado se basa en el Registro Provincial de Huellas Gen\u00e9ticas Digitalizadas de Mendoza, que es actualmente el m\u00e1s avanzado de la Argentina y cuenta con la base de datos m\u00e1s amplia de Latinoam\u00e9rica en proporci\u00f3n a su poblaci\u00f3n. Desde su puesta en marcha, Mendoza logr\u00f3 cargar m\u00e1s de 85.000 perfiles gen\u00e9ticos, de los cuales el 43% corresponden a casos de abusos sexuales y el 20% a robos.<\/h3>\n<h3>Este registro que utiliza la provincia vecina opera con el sistema CoDIS, un software dise\u00f1ado por el FBI que permite realizar comparaciones autom\u00e1ticas de perfiles gen\u00e9ticos a nivel local, estatal y nacional. Adem\u00e1s, cuenta con un \u201cRapid Hit\u201d, un robot que procesa muestras y entrega resultados en s\u00f3lo 90 minutos.<\/h3>\n<p><img fetchpriority=\"high\" decoding=\"async\" class=\"wp-image-25410 aligncenter\" src=\"https:\/\/apuntesdesanluis.com\/wp-content\/uploads\/2024\/11\/endeiza-300x188.png\" alt=\"\" width=\"677\" height=\"424\" srcset=\"https:\/\/apuntesdesanluis.com\/wp-content\/uploads\/2024\/11\/endeiza-300x188.png 300w, https:\/\/apuntesdesanluis.com\/wp-content\/uploads\/2024\/11\/endeiza-768x480.png 768w, https:\/\/apuntesdesanluis.com\/wp-content\/uploads\/2024\/11\/endeiza.png 793w\" sizes=\"(max-width: 677px) 100vw, 677px\" \/><\/p>\n<h3>El registro que se prev\u00e9 para San Luis incluir\u00e1 datos de personas condenadas, imputadas y detenidas, as\u00ed como de agentes de seguridad y funcionarios del Poder Judicial. Guardia resalt\u00f3 que esta medida agilizar\u00e1 la resoluci\u00f3n de delitos, contribuir\u00e1 a la reducci\u00f3n del crimen al actuar como un elemento disuasorio, y garantizar\u00e1 la protecci\u00f3n de inocentes evitando condenas err\u00f3neas.<\/h3>\n<h3>El proyecto tambi\u00e9n contempla la integraci\u00f3n del registro de San Luis con bases de datos nacionales e internacionales y la capacitaci\u00f3n del personal encargado de su gesti\u00f3n, lo que permitir\u00e1 acelerar las investigaciones judiciales, facilitar\u00e1 la localizaci\u00f3n de personas desaparecidas, la identificaci\u00f3n de restos humanos y evitar\u00e1 la contaminaci\u00f3n de pruebas en las escenas del crimen.<\/h3>\n<h3>Para garantizar la confidencialidad, se implementar\u00e1n estrictas medidas de protecci\u00f3n de los datos gen\u00e9ticos, de acuerdo con la Ley Nacional de Protecci\u00f3n de Datos Personales. Tambi\u00e9n, se establecer\u00e1n auditor\u00edas peri\u00f3dicas para asegurar la transparencia del sistema.<\/h3>\n<h3><strong>CONSEJO PROVINCIAL DE PERSONAS CON DISCAPACIDAD<\/strong><\/h3>\n<h3>Adem\u00e1s, en la sesi\u00f3n de este martes y por unanimidad, el Senado aprob\u00f3 la creaci\u00f3n del <strong>Consejo Provincial de Personas con Discapacidad<\/strong>.<\/h3>\n<h3>Este martes, la C\u00e1mara de Senadores aprob\u00f3 por unanimidad el proyecto de ley enviado por el Poder Ejecutivo que propone la creaci\u00f3n del Consejo Provincial de Personas con Discapacidad (Co.Pro.Dis. San Luis). Este organismo trabajar\u00e1 con el Estado, la sociedad civil y los grupos de pertenencia para garantizar la plena inclusi\u00f3n de las personas con discapacidad, impulsando pol\u00edticas p\u00fablicas que eliminen barreras y promuevan oportunidades.<\/h3>\n<h3>El Co.Pro.Dis. estar\u00e1 integrado por representantes de ministerios, secretar\u00edas y direcciones gubernamentales vinculadas a la atenci\u00f3n de personas con discapacidad, junto a padres, familiares, cuidadores y miembros de organizaciones civiles especializadas en la tem\u00e1tica para coordinar acciones que fortalezcan la inclusi\u00f3n y la inserci\u00f3n socioeducativa, laboral y cultural de este grupo.<\/h3>\n<h3>El proyecto de ley resalta la importancia de generar espacios de encuentro y di\u00e1logo para el dise\u00f1o de pol\u00edticas p\u00fablicas que respondan a lo establecido en la Constituci\u00f3n Nacional, las leyes provinciales y la Convenci\u00f3n sobre los Derechos de las Personas con Discapacidad.<\/h3>\n<p>&nbsp;<\/p>\n<p>&nbsp;<\/p>\n<p>&nbsp;<\/p>\n<p>&nbsp;<\/p>\n<p>&nbsp;<\/p>\n<p>&nbsp;<\/p>\n<p>&nbsp;<\/p>\n","protected":false},"excerpt":{"rendered":"<p>Este martes, el Senado aprob\u00f3 por unanimidad el proyecto de ley que establece la creaci\u00f3n&#8230;<\/p>\n","protected":false},"author":1,"featured_media":25409,"comment_status":"closed","ping_status":"closed","sticky":false,"template":"","format":"standard","meta":{"footnotes":""},"categories":[6],"tags":[],"class_list":["post-25408","post","type-post","status-publish","format-standard","has-post-thumbnail","hentry","category-ciudad-provincia"],"yoast_head":"<!-- This site is optimized with the Yoast SEO plugin v26.1.1 - https:\/\/yoast.com\/wordpress\/plugins\/seo\/ -->\n<title>AVANZA CREACI\u00d3N DEL REGISTRO PROVINCIAL DE HUELLAS GEN\u00c9TICAS DIGITALIZADAS Y EL CO.PRO.DIS. - Apuntes de San Luis<\/title>\n<meta name=\"robots\" content=\"index, follow, max-snippet:-1, max-image-preview:large, max-video-preview:-1\" \/>\n<link rel=\"canonical\" href=\"https:\/\/apuntesdesanluis.com\/index.php\/2024\/11\/19\/avanza-creacion-del-registro-provincial-de-huellas-geneticas-digitalizadas-y-el-co-pro-dis\/\" \/>\n<meta property=\"og:locale\" content=\"es_ES\" \/>\n<meta property=\"og:type\" content=\"article\" \/>\n<meta property=\"og:title\" content=\"AVANZA CREACI\u00d3N DEL REGISTRO PROVINCIAL DE HUELLAS GEN\u00c9TICAS DIGITALIZADAS Y EL CO.PRO.DIS. - Apuntes de San Luis\" \/>\n<meta property=\"og:description\" content=\"Este martes, el Senado aprob\u00f3 por unanimidad el proyecto de ley que establece la creaci\u00f3n...\" \/>\n<meta property=\"og:url\" content=\"https:\/\/apuntesdesanluis.com\/index.php\/2024\/11\/19\/avanza-creacion-del-registro-provincial-de-huellas-geneticas-digitalizadas-y-el-co-pro-dis\/\" \/>\n<meta property=\"og:site_name\" content=\"Apuntes de San Luis\" \/>\n<meta property=\"article:published_time\" content=\"2024-11-19T23:35:33+00:00\" \/>\n<meta property=\"article:modified_time\" content=\"2024-11-19T23:39:27+00:00\" \/>\n<meta property=\"og:image\" content=\"https:\/\/apuntesdesanluis.com\/wp-content\/uploads\/2024\/11\/senado.png\" \/>\n\t<meta property=\"og:image:width\" content=\"602\" \/>\n\t<meta property=\"og:image:height\" content=\"382\" \/>\n\t<meta property=\"og:image:type\" content=\"image\/png\" \/>\n<meta name=\"author\" content=\"apuntesdesanluis.com\" \/>\n<meta name=\"twitter:card\" content=\"summary_large_image\" \/>\n<meta name=\"twitter:label1\" content=\"Escrito por\" \/>\n\t<meta name=\"twitter:data1\" content=\"apuntesdesanluis.com\" \/>\n\t<meta name=\"twitter:label2\" content=\"Tiempo de lectura\" \/>\n\t<meta name=\"twitter:data2\" content=\"4 minutos\" \/>\n<script type=\"application\/ld+json\" class=\"yoast-schema-graph\">{\"@context\":\"https:\/\/schema.org\",\"@graph\":[{\"@type\":\"Article\",\"@id\":\"https:\/\/apuntesdesanluis.com\/index.php\/2024\/11\/19\/avanza-creacion-del-registro-provincial-de-huellas-geneticas-digitalizadas-y-el-co-pro-dis\/#article\",\"isPartOf\":{\"@id\":\"https:\/\/apuntesdesanluis.com\/index.php\/2024\/11\/19\/avanza-creacion-del-registro-provincial-de-huellas-geneticas-digitalizadas-y-el-co-pro-dis\/\"},\"author\":{\"name\":\"apuntesdesanluis.com\",\"@id\":\"https:\/\/apuntesdesanluis.com\/#\/schema\/person\/b55151d52296fcce64d1a72538a70b90\"},\"headline\":\"AVANZA CREACI\u00d3N DEL REGISTRO PROVINCIAL DE HUELLAS GEN\u00c9TICAS DIGITALIZADAS Y EL CO.PRO.DIS.\",\"datePublished\":\"2024-11-19T23:35:33+00:00\",\"dateModified\":\"2024-11-19T23:39:27+00:00\",\"mainEntityOfPage\":{\"@id\":\"https:\/\/apuntesdesanluis.com\/index.php\/2024\/11\/19\/avanza-creacion-del-registro-provincial-de-huellas-geneticas-digitalizadas-y-el-co-pro-dis\/\"},\"wordCount\":774,\"publisher\":{\"@id\":\"https:\/\/apuntesdesanluis.com\/#\/schema\/person\/b55151d52296fcce64d1a72538a70b90\"},\"image\":{\"@id\":\"https:\/\/apuntesdesanluis.com\/index.php\/2024\/11\/19\/avanza-creacion-del-registro-provincial-de-huellas-geneticas-digitalizadas-y-el-co-pro-dis\/#primaryimage\"},\"thumbnailUrl\":\"https:\/\/apuntesdesanluis.com\/wp-content\/uploads\/2024\/11\/senado.png\",\"articleSection\":[\"Ciudad\/Provincia\"],\"inLanguage\":\"es-AR\"},{\"@type\":\"WebPage\",\"@id\":\"https:\/\/apuntesdesanluis.com\/index.php\/2024\/11\/19\/avanza-creacion-del-registro-provincial-de-huellas-geneticas-digitalizadas-y-el-co-pro-dis\/\",\"url\":\"https:\/\/apuntesdesanluis.com\/index.php\/2024\/11\/19\/avanza-creacion-del-registro-provincial-de-huellas-geneticas-digitalizadas-y-el-co-pro-dis\/\",\"name\":\"AVANZA CREACI\u00d3N DEL REGISTRO PROVINCIAL DE HUELLAS GEN\u00c9TICAS DIGITALIZADAS Y EL CO.PRO.DIS. - Apuntes de San Luis\",\"isPartOf\":{\"@id\":\"https:\/\/apuntesdesanluis.com\/#website\"},\"primaryImageOfPage\":{\"@id\":\"https:\/\/apuntesdesanluis.com\/index.php\/2024\/11\/19\/avanza-creacion-del-registro-provincial-de-huellas-geneticas-digitalizadas-y-el-co-pro-dis\/#primaryimage\"},\"image\":{\"@id\":\"https:\/\/apuntesdesanluis.com\/index.php\/2024\/11\/19\/avanza-creacion-del-registro-provincial-de-huellas-geneticas-digitalizadas-y-el-co-pro-dis\/#primaryimage\"},\"thumbnailUrl\":\"https:\/\/apuntesdesanluis.com\/wp-content\/uploads\/2024\/11\/senado.png\",\"datePublished\":\"2024-11-19T23:35:33+00:00\",\"dateModified\":\"2024-11-19T23:39:27+00:00\",\"breadcrumb\":{\"@id\":\"https:\/\/apuntesdesanluis.com\/index.php\/2024\/11\/19\/avanza-creacion-del-registro-provincial-de-huellas-geneticas-digitalizadas-y-el-co-pro-dis\/#breadcrumb\"},\"inLanguage\":\"es-AR\",\"potentialAction\":[{\"@type\":\"ReadAction\",\"target\":[\"https:\/\/apuntesdesanluis.com\/index.php\/2024\/11\/19\/avanza-creacion-del-registro-provincial-de-huellas-geneticas-digitalizadas-y-el-co-pro-dis\/\"]}]},{\"@type\":\"ImageObject\",\"inLanguage\":\"es-AR\",\"@id\":\"https:\/\/apuntesdesanluis.com\/index.php\/2024\/11\/19\/avanza-creacion-del-registro-provincial-de-huellas-geneticas-digitalizadas-y-el-co-pro-dis\/#primaryimage\",\"url\":\"https:\/\/apuntesdesanluis.com\/wp-content\/uploads\/2024\/11\/senado.png\",\"contentUrl\":\"https:\/\/apuntesdesanluis.com\/wp-content\/uploads\/2024\/11\/senado.png\",\"width\":602,\"height\":382},{\"@type\":\"BreadcrumbList\",\"@id\":\"https:\/\/apuntesdesanluis.com\/index.php\/2024\/11\/19\/avanza-creacion-del-registro-provincial-de-huellas-geneticas-digitalizadas-y-el-co-pro-dis\/#breadcrumb\",\"itemListElement\":[{\"@type\":\"ListItem\",\"position\":1,\"name\":\"Inicio\",\"item\":\"https:\/\/apuntesdesanluis.com\/\"},{\"@type\":\"ListItem\",\"position\":2,\"name\":\"AVANZA CREACI\u00d3N DEL REGISTRO PROVINCIAL DE HUELLAS GEN\u00c9TICAS DIGITALIZADAS Y EL CO.PRO.DIS.\"}]},{\"@type\":\"WebSite\",\"@id\":\"https:\/\/apuntesdesanluis.com\/#website\",\"url\":\"https:\/\/apuntesdesanluis.com\/\",\"name\":\"Apuntes de San Luis\",\"description\":\"\",\"publisher\":{\"@id\":\"https:\/\/apuntesdesanluis.com\/#\/schema\/person\/b55151d52296fcce64d1a72538a70b90\"},\"potentialAction\":[{\"@type\":\"SearchAction\",\"target\":{\"@type\":\"EntryPoint\",\"urlTemplate\":\"https:\/\/apuntesdesanluis.com\/?s={search_term_string}\"},\"query-input\":{\"@type\":\"PropertyValueSpecification\",\"valueRequired\":true,\"valueName\":\"search_term_string\"}}],\"inLanguage\":\"es-AR\"},{\"@type\":[\"Person\",\"Organization\"],\"@id\":\"https:\/\/apuntesdesanluis.com\/#\/schema\/person\/b55151d52296fcce64d1a72538a70b90\",\"name\":\"apuntesdesanluis.com\",\"image\":{\"@type\":\"ImageObject\",\"inLanguage\":\"es-AR\",\"@id\":\"https:\/\/apuntesdesanluis.com\/#\/schema\/person\/image\/\",\"url\":\"https:\/\/apuntesdesanluis.com\/wp-content\/uploads\/2023\/07\/cropped-apuntesdesanluis.png\",\"contentUrl\":\"https:\/\/apuntesdesanluis.com\/wp-content\/uploads\/2023\/07\/cropped-apuntesdesanluis.png\",\"width\":450,\"height\":112,\"caption\":\"apuntesdesanluis.com\"},\"logo\":{\"@id\":\"https:\/\/apuntesdesanluis.com\/#\/schema\/person\/image\/\"},\"sameAs\":[\"https:\/\/apuntesdesanluis.com\"],\"url\":\"https:\/\/apuntesdesanluis.com\/index.php\/author\/apuntesdesanluis-com\/\"}]}<\/script>\n<!-- \/ Yoast SEO plugin. -->","yoast_head_json":{"title":"AVANZA CREACI\u00d3N DEL REGISTRO PROVINCIAL DE HUELLAS GEN\u00c9TICAS DIGITALIZADAS Y EL CO.PRO.DIS. - Apuntes de San Luis","robots":{"index":"index","follow":"follow","max-snippet":"max-snippet:-1","max-image-preview":"max-image-preview:large","max-video-preview":"max-video-preview:-1"},"canonical":"https:\/\/apuntesdesanluis.com\/index.php\/2024\/11\/19\/avanza-creacion-del-registro-provincial-de-huellas-geneticas-digitalizadas-y-el-co-pro-dis\/","og_locale":"es_ES","og_type":"article","og_title":"AVANZA CREACI\u00d3N DEL REGISTRO PROVINCIAL DE HUELLAS GEN\u00c9TICAS DIGITALIZADAS Y EL CO.PRO.DIS. - Apuntes de San Luis","og_description":"Este martes, el Senado aprob\u00f3 por unanimidad el proyecto de ley que establece la creaci\u00f3n...","og_url":"https:\/\/apuntesdesanluis.com\/index.php\/2024\/11\/19\/avanza-creacion-del-registro-provincial-de-huellas-geneticas-digitalizadas-y-el-co-pro-dis\/","og_site_name":"Apuntes de San Luis","article_published_time":"2024-11-19T23:35:33+00:00","article_modified_time":"2024-11-19T23:39:27+00:00","og_image":[{"width":602,"height":382,"url":"https:\/\/apuntesdesanluis.com\/wp-content\/uploads\/2024\/11\/senado.png","type":"image\/png"}],"author":"apuntesdesanluis.com","twitter_card":"summary_large_image","twitter_misc":{"Escrito por":"apuntesdesanluis.com","Tiempo de lectura":"4 minutos"},"schema":{"@context":"https:\/\/schema.org","@graph":[{"@type":"Article","@id":"https:\/\/apuntesdesanluis.com\/index.php\/2024\/11\/19\/avanza-creacion-del-registro-provincial-de-huellas-geneticas-digitalizadas-y-el-co-pro-dis\/#article","isPartOf":{"@id":"https:\/\/apuntesdesanluis.com\/index.php\/2024\/11\/19\/avanza-creacion-del-registro-provincial-de-huellas-geneticas-digitalizadas-y-el-co-pro-dis\/"},"author":{"name":"apuntesdesanluis.com","@id":"https:\/\/apuntesdesanluis.com\/#\/schema\/person\/b55151d52296fcce64d1a72538a70b90"},"headline":"AVANZA CREACI\u00d3N DEL REGISTRO PROVINCIAL DE HUELLAS GEN\u00c9TICAS DIGITALIZADAS Y EL CO.PRO.DIS.","datePublished":"2024-11-19T23:35:33+00:00","dateModified":"2024-11-19T23:39:27+00:00","mainEntityOfPage":{"@id":"https:\/\/apuntesdesanluis.com\/index.php\/2024\/11\/19\/avanza-creacion-del-registro-provincial-de-huellas-geneticas-digitalizadas-y-el-co-pro-dis\/"},"wordCount":774,"publisher":{"@id":"https:\/\/apuntesdesanluis.com\/#\/schema\/person\/b55151d52296fcce64d1a72538a70b90"},"image":{"@id":"https:\/\/apuntesdesanluis.com\/index.php\/2024\/11\/19\/avanza-creacion-del-registro-provincial-de-huellas-geneticas-digitalizadas-y-el-co-pro-dis\/#primaryimage"},"thumbnailUrl":"https:\/\/apuntesdesanluis.com\/wp-content\/uploads\/2024\/11\/senado.png","articleSection":["Ciudad\/Provincia"],"inLanguage":"es-AR"},{"@type":"WebPage","@id":"https:\/\/apuntesdesanluis.com\/index.php\/2024\/11\/19\/avanza-creacion-del-registro-provincial-de-huellas-geneticas-digitalizadas-y-el-co-pro-dis\/","url":"https:\/\/apuntesdesanluis.com\/index.php\/2024\/11\/19\/avanza-creacion-del-registro-provincial-de-huellas-geneticas-digitalizadas-y-el-co-pro-dis\/","name":"AVANZA CREACI\u00d3N DEL REGISTRO PROVINCIAL DE HUELLAS GEN\u00c9TICAS DIGITALIZADAS Y EL CO.PRO.DIS. - Apuntes de San Luis","isPartOf":{"@id":"https:\/\/apuntesdesanluis.com\/#website"},"primaryImageOfPage":{"@id":"https:\/\/apuntesdesanluis.com\/index.php\/2024\/11\/19\/avanza-creacion-del-registro-provincial-de-huellas-geneticas-digitalizadas-y-el-co-pro-dis\/#primaryimage"},"image":{"@id":"https:\/\/apuntesdesanluis.com\/index.php\/2024\/11\/19\/avanza-creacion-del-registro-provincial-de-huellas-geneticas-digitalizadas-y-el-co-pro-dis\/#primaryimage"},"thumbnailUrl":"https:\/\/apuntesdesanluis.com\/wp-content\/uploads\/2024\/11\/senado.png","datePublished":"2024-11-19T23:35:33+00:00","dateModified":"2024-11-19T23:39:27+00:00","breadcrumb":{"@id":"https:\/\/apuntesdesanluis.com\/index.php\/2024\/11\/19\/avanza-creacion-del-registro-provincial-de-huellas-geneticas-digitalizadas-y-el-co-pro-dis\/#breadcrumb"},"inLanguage":"es-AR","potentialAction":[{"@type":"ReadAction","target":["https:\/\/apuntesdesanluis.com\/index.php\/2024\/11\/19\/avanza-creacion-del-registro-provincial-de-huellas-geneticas-digitalizadas-y-el-co-pro-dis\/"]}]},{"@type":"ImageObject","inLanguage":"es-AR","@id":"https:\/\/apuntesdesanluis.com\/index.php\/2024\/11\/19\/avanza-creacion-del-registro-provincial-de-huellas-geneticas-digitalizadas-y-el-co-pro-dis\/#primaryimage","url":"https:\/\/apuntesdesanluis.com\/wp-content\/uploads\/2024\/11\/senado.png","contentUrl":"https:\/\/apuntesdesanluis.com\/wp-content\/uploads\/2024\/11\/senado.png","width":602,"height":382},{"@type":"BreadcrumbList","@id":"https:\/\/apuntesdesanluis.com\/index.php\/2024\/11\/19\/avanza-creacion-del-registro-provincial-de-huellas-geneticas-digitalizadas-y-el-co-pro-dis\/#breadcrumb","itemListElement":[{"@type":"ListItem","position":1,"name":"Inicio","item":"https:\/\/apuntesdesanluis.com\/"},{"@type":"ListItem","position":2,"name":"AVANZA CREACI\u00d3N DEL REGISTRO PROVINCIAL DE HUELLAS GEN\u00c9TICAS DIGITALIZADAS Y EL CO.PRO.DIS."}]},{"@type":"WebSite","@id":"https:\/\/apuntesdesanluis.com\/#website","url":"https:\/\/apuntesdesanluis.com\/","name":"Apuntes de San Luis","description":"","publisher":{"@id":"https:\/\/apuntesdesanluis.com\/#\/schema\/person\/b55151d52296fcce64d1a72538a70b90"},"potentialAction":[{"@type":"SearchAction","target":{"@type":"EntryPoint","urlTemplate":"https:\/\/apuntesdesanluis.com\/?s={search_term_string}"},"query-input":{"@type":"PropertyValueSpecification","valueRequired":true,"valueName":"search_term_string"}}],"inLanguage":"es-AR"},{"@type":["Person","Organization"],"@id":"https:\/\/apuntesdesanluis.com\/#\/schema\/person\/b55151d52296fcce64d1a72538a70b90","name":"apuntesdesanluis.com","image":{"@type":"ImageObject","inLanguage":"es-AR","@id":"https:\/\/apuntesdesanluis.com\/#\/schema\/person\/image\/","url":"https:\/\/apuntesdesanluis.com\/wp-content\/uploads\/2023\/07\/cropped-apuntesdesanluis.png","contentUrl":"https:\/\/apuntesdesanluis.com\/wp-content\/uploads\/2023\/07\/cropped-apuntesdesanluis.png","width":450,"height":112,"caption":"apuntesdesanluis.com"},"logo":{"@id":"https:\/\/apuntesdesanluis.com\/#\/schema\/person\/image\/"},"sameAs":["https:\/\/apuntesdesanluis.com"],"url":"https:\/\/apuntesdesanluis.com\/index.php\/author\/apuntesdesanluis-com\/"}]}},"featured_image_urls":{"full":["https:\/\/apuntesdesanluis.com\/wp-content\/uploads\/2024\/11\/senado.png",602,382,false],"thumbnail":["https:\/\/apuntesdesanluis.com\/wp-content\/uploads\/2024\/11\/senado-150x150.png",150,150,true],"medium":["https:\/\/apuntesdesanluis.com\/wp-content\/uploads\/2024\/11\/senado-300x190.png",300,190,true],"medium_large":["https:\/\/apuntesdesanluis.com\/wp-content\/uploads\/2024\/11\/senado.png",602,382,false],"large":["https:\/\/apuntesdesanluis.com\/wp-content\/uploads\/2024\/11\/senado.png",602,382,false],"1536x1536":["https:\/\/apuntesdesanluis.com\/wp-content\/uploads\/2024\/11\/senado.png",602,382,false],"2048x2048":["https:\/\/apuntesdesanluis.com\/wp-content\/uploads\/2024\/11\/senado.png",602,382,false],"newsever-slider-full":["https:\/\/apuntesdesanluis.com\/wp-content\/uploads\/2024\/11\/senado.png",602,382,false],"newsever-featured":["https:\/\/apuntesdesanluis.com\/wp-content\/uploads\/2024\/11\/senado.png",602,382,false],"newsever-medium":["https:\/\/apuntesdesanluis.com\/wp-content\/uploads\/2024\/11\/senado.png",602,382,false]},"author_info":{"display_name":"apuntesdesanluis.com","author_link":"https:\/\/apuntesdesanluis.com\/index.php\/author\/apuntesdesanluis-com\/"},"category_info":"<a href=\"https:\/\/apuntesdesanluis.com\/index.php\/category\/ciudad-provincia\/\" rel=\"category tag\">Ciudad\/Provincia<\/a>","tag_info":"Ciudad\/Provincia","comment_count":"0","_links":{"self":[{"href":"https:\/\/apuntesdesanluis.com\/index.php\/wp-json\/wp\/v2\/posts\/25408","targetHints":{"allow":["GET"]}}],"collection":[{"href":"https:\/\/apuntesdesanluis.com\/index.php\/wp-json\/wp\/v2\/posts"}],"about":[{"href":"https:\/\/apuntesdesanluis.com\/index.php\/wp-json\/wp\/v2\/types\/post"}],"author":[{"embeddable":true,"href":"https:\/\/apuntesdesanluis.com\/index.php\/wp-json\/wp\/v2\/users\/1"}],"replies":[{"embeddable":true,"href":"https:\/\/apuntesdesanluis.com\/index.php\/wp-json\/wp\/v2\/comments?post=25408"}],"version-history":[{"count":3,"href":"https:\/\/apuntesdesanluis.com\/index.php\/wp-json\/wp\/v2\/posts\/25408\/revisions"}],"predecessor-version":[{"id":25413,"href":"https:\/\/apuntesdesanluis.com\/index.php\/wp-json\/wp\/v2\/posts\/25408\/revisions\/25413"}],"wp:featuredmedia":[{"embeddable":true,"href":"https:\/\/apuntesdesanluis.com\/index.php\/wp-json\/wp\/v2\/media\/25409"}],"wp:attachment":[{"href":"https:\/\/apuntesdesanluis.com\/index.php\/wp-json\/wp\/v2\/media?parent=25408"}],"wp:term":[{"taxonomy":"category","embeddable":true,"href":"https:\/\/apuntesdesanluis.com\/index.php\/wp-json\/wp\/v2\/categories?post=25408"},{"taxonomy":"post_tag","embeddable":true,"href":"https:\/\/apuntesdesanluis.com\/index.php\/wp-json\/wp\/v2\/tags?post=25408"}],"curies":[{"name":"wp","href":"https:\/\/api.w.org\/{rel}","templated":true}]}}