{"id":25414,"date":"2024-11-19T20:48:09","date_gmt":"2024-11-19T23:48:09","guid":{"rendered":"https:\/\/apuntesdesanluis.com\/?p=25414"},"modified":"2024-11-19T20:48:09","modified_gmt":"2024-11-19T23:48:09","slug":"revocaron-prision-domiciliaria-al-profe-de-basquet-acusado-de-abuso","status":"publish","type":"post","link":"https:\/\/apuntesdesanluis.com\/index.php\/2024\/11\/19\/revocaron-prision-domiciliaria-al-profe-de-basquet-acusado-de-abuso\/","title":{"rendered":"REVOCARON PRISI\u00d3N DOMICILIARIA AL PROFE DE B\u00c1SQUET ACUSADO DE ABUSO"},"content":{"rendered":"<h3>El Tribunal de Impugnaciones de la Segunda y Tercera Circunscripci\u00f3n Judicial hizo lugar a una apelaci\u00f3n presentada por el Fiscal de Juicio y revoc\u00f3 la prisi\u00f3n preventiva domiciliaria al profesor de b\u00e1squet de Villa Mercedes, <strong>V\u00edctor Hugo Figueroa<\/strong>, quien est\u00e1 acusado de un delito contra la integridad sexual en perjuicio de una menor.<\/h3>\n<h3>Como se recordar\u00e1, semanas atr\u00e1s se conoci\u00f3 que el imputado hab\u00eda sido favorecido con una medida de prisi\u00f3n preventiva domiciliaria, lo que provoc\u00f3 un estr\u00e9pito social, generando el repudio generalizado. La medida fue cuestionada hasta por el gobernador Claudio Poggi y la ministra de Seguridad Nancy Sosa, adem\u00e1s de originar movilizaciones sociales de familiares y conocidos de la v\u00edctima.<\/h3>\n<h3>En una audiencia que se desarroll\u00f3 en la ma\u00f1ana de este martes, el Tribunal de Impugnaciones de la Segunda y Tercera\u00a0 Circunscripci\u00f3n Judicial \u2013 integrado por el Dr. Marcelo Oscar Bustamante Marone \u2013Presidente- y\u00a0 por la Dra.\u00a0 Mar\u00eda Monserrath Bocca\u00a0 y por el Dr. Jorge Saba\u00edni Zapata \u2013 Vocales \u2013 hizo lugar a un recurso de apelaci\u00f3n presentado por el Fiscal de Juicio \u2013 Dr. Ernesto Lutens \u2013 y revoc\u00f3 la prisi\u00f3n preventiva domiciliaria dispuesta el pasado 1\u00ba de noviembre para un hombre que ser\u00e1 juzgado como autor de un delito contra la integridad sexual.<\/h3>\n<h3>Asimismo, el Tribunal resolvi\u00f3 que el acusado continuar\u00e1 cumpliendo la prisi\u00f3n preventiva en el Servicio Penitenciario Provincial hasta que se lleve a cabo el juicio oral. Tambi\u00e9n orden\u00f3 oficiar con habilitaci\u00f3n de d\u00eda y hora a la Oficina Judicial a fin de que se fije una fecha pr\u00f3xima de juicio, disponiendo -si hiciera falta \u2013\u00a0 la habilitaci\u00f3n de feria judicial.<\/h3>\n<h3>El hombre est\u00e1 acusado como autor del delito de abuso sexual con acceso carnal reiterado y corrupci\u00f3n de menores, agravado por la edad de la v\u00edctima, figuras \u00e9stas en concurso real y en calidad de autor (Arts. 45, 119 3er p\u00e1rrafo, 125 2do p\u00e1rrafo y 55 del C\u00f3digo Penal), en perjuicio de una ni\u00f1a. El primero de noviembre pasado, en una audiencia solicitada inicialmente por el Fiscal de Juicio para tratar el vencimiento de la pr\u00f3rroga de la prisi\u00f3n preventiva, se dispuso que el acusado cumpliera prisi\u00f3n preventiva domiciliaria hasta la realizaci\u00f3n del debate oral. Para obtener m\u00e1s informaci\u00f3n sobre esta causa ingrese al siguiente enlace:<\/h3>\n<h3><a href=\"https:\/\/www.periodicojudicial.gov.ar\/causa-de-abuso-sexual-sobre-la-prision-preventiva-domiciliaria-del-acusado\/\">https:\/\/www.periodicojudicial.gov.ar\/causa-de-abuso-sexual-sobre-la-prision-preventiva-domiciliaria-del-acusado\/<\/a><\/h3>\n<h3>En la audiencia que se desarroll\u00f3 hoy, el Dr. Ernesto Lutens \u2013 Fiscal de Juicio \u2013 expuso agravios. Pidi\u00f3 que se analizaran particularidades de la causa y consider\u00f3 que es necesario un sustento cient\u00edfico a fin de comprobar las razones de salud que presenta el acusado y que justificar\u00edan su prisi\u00f3n domiciliaria.<\/h3>\n<h3>Asegur\u00f3 que la prisi\u00f3n domiciliaria pone en riesgo a las partes involucradas en la causa, mencion\u00f3 la pena en expectativa prevista y asegur\u00f3 que existe riesgo procesal. Consider\u00f3 que el juicio debe llevarse a cabo \u201cs\u00ed o s\u00ed\u201d y solicit\u00f3 la revocaci\u00f3n de la prisi\u00f3n domiciliaria.<\/h3>\n<h3>A continuaci\u00f3n, la Dra. Mar\u00eda Victoria Cort\u00e1zar, Defensora de Ni\u00f1ez y Adolescencia, adhiri\u00f3 en todo a lo expuesto por el Fiscal de Juicio y tambi\u00e9n solicit\u00f3 que se revoque la prisi\u00f3n preventiva domiciliaria. Consider\u00f3 que se debe garantizar la tutela judicial efectiva y asimismo, afirm\u00f3 que \u2013 ante un eventual conflicto de intereses \u2013 debe prevalecer el inter\u00e9s superior del ni\u00f1o.<\/h3>\n<h3>Luego, el Dr. Pascual Celdr\u00e1n \u2013 en representaci\u00f3n de la Querella \u2013 explic\u00f3 que no se referir\u00eda a\u00a0 los agravios vertidos por el Dr. Lutens, ya que el recurso\u00a0 fue presentado por el Ministerio P\u00fablico Fiscal.\u00a0 Pidi\u00f3 que se respete el derecho a la v\u00edctima a una sentencia en tiempo razonable. \u201cPido que se fije la fecha de juicio oral de manera inmediata, la v\u00edctima tiene derecho\u00a0 tener una sentencia y tienen derecho todas las partes del proceso\u201d, dijo.<\/h3>\n<h3>Por \u00faltimo, la Dra. Roc\u00edo Mediavilla \u2013 Defensora de Juicio \u2013 rechaz\u00f3 en todo lo expuesto por el Ministerio P\u00fablico Fiscal y por la Defensora de Ni\u00f1ez. Asegur\u00f3 que su asistido tiene derecho a una defensa\u00a0 t\u00e9cnica plena y eficaz. Se expres\u00f3 en relaci\u00f3n a la resoluci\u00f3n que dispuso la prisi\u00f3n preventiva domiciliaria y la consider\u00f3 ajustada a derecho y fundamentada.<\/h3>\n<h3>Asegur\u00f3 que no existen riesgos procesales y mencion\u00f3 que en el sistema acusatorio, la libertad del acusado durante el proceso es la regla.<\/h3>\n<h3>Luego de un breve cuarto intermedio, el Tribunal dio a conocer la resoluci\u00f3n con la que hizo lugar al recurso de apelaci\u00f3n presentado por el Ministerio P\u00fablico Fiscal y revoc\u00f3 la prisi\u00f3n domiciliaria oportunamente dispuesta, ordenando el traslado del acusado al Servicio Penitenciario Provincial, donde deber\u00e1 cumplir prisi\u00f3n preventiva hasta el inicio del debate oral.<\/h3>\n<h3>Asimismo, orden\u00f3 que se oficie al Servicio Penitenciario Provincial a fin de que se arbitren los medios para brindar al acusado la medicaci\u00f3n y el correspondiente tratamiento atento su estado de salud.<\/h3>\n<h3>Entre otros argumentos, mencion\u00f3 que deben prevalecer los derechos de la v\u00edctima y destac\u00f3 su doble vulnerabilidad, como ni\u00f1a y como mujer. Tambi\u00e9n resalt\u00f3 que las razones de salud invocadas por el acusado deben estar debidamente fundadas.<\/h3>\n<h3>Asimismo refiri\u00f3 a la complejidad de la causa y\u00a0 la magnitud de los delitos y orden\u00f3 que se oficie a la Oficina Judicial a fin de que se fije fecha de inicio del juicio oral.<\/h3>\n<p>&nbsp;<\/p>\n<p>&nbsp;<\/p>\n<p>&nbsp;<\/p>\n","protected":false},"excerpt":{"rendered":"<p>El Tribunal de Impugnaciones de la Segunda y Tercera Circunscripci\u00f3n Judicial hizo lugar a una&#8230;<\/p>\n","protected":false},"author":1,"featured_media":25415,"comment_status":"closed","ping_status":"closed","sticky":false,"template":"","format":"standard","meta":{"footnotes":""},"categories":[6],"tags":[],"class_list":["post-25414","post","type-post","status-publish","format-standard","has-post-thumbnail","hentry","category-ciudad-provincia"],"yoast_head":"<!-- This site is optimized with the Yoast SEO plugin v26.1.1 - https:\/\/yoast.com\/wordpress\/plugins\/seo\/ -->\n<title>REVOCARON PRISI\u00d3N DOMICILIARIA AL PROFE DE B\u00c1SQUET ACUSADO DE ABUSO - Apuntes de San Luis<\/title>\n<meta name=\"robots\" content=\"index, follow, max-snippet:-1, max-image-preview:large, max-video-preview:-1\" \/>\n<link rel=\"canonical\" href=\"https:\/\/apuntesdesanluis.com\/index.php\/2024\/11\/19\/revocaron-prision-domiciliaria-al-profe-de-basquet-acusado-de-abuso\/\" \/>\n<meta property=\"og:locale\" content=\"es_ES\" \/>\n<meta property=\"og:type\" content=\"article\" \/>\n<meta property=\"og:title\" content=\"REVOCARON PRISI\u00d3N DOMICILIARIA AL PROFE DE B\u00c1SQUET ACUSADO DE ABUSO - Apuntes de San Luis\" \/>\n<meta property=\"og:description\" content=\"El Tribunal de Impugnaciones de la Segunda y Tercera Circunscripci\u00f3n Judicial hizo lugar a una...\" \/>\n<meta property=\"og:url\" content=\"https:\/\/apuntesdesanluis.com\/index.php\/2024\/11\/19\/revocaron-prision-domiciliaria-al-profe-de-basquet-acusado-de-abuso\/\" \/>\n<meta property=\"og:site_name\" content=\"Apuntes de San Luis\" \/>\n<meta property=\"article:published_time\" content=\"2024-11-19T23:48:09+00:00\" \/>\n<meta property=\"og:image\" content=\"https:\/\/apuntesdesanluis.com\/wp-content\/uploads\/2024\/11\/AUDCIENCIA-ABUSADOR.png\" \/>\n\t<meta property=\"og:image:width\" content=\"773\" \/>\n\t<meta property=\"og:image:height\" content=\"485\" \/>\n\t<meta property=\"og:image:type\" content=\"image\/png\" \/>\n<meta name=\"author\" content=\"apuntesdesanluis.com\" \/>\n<meta name=\"twitter:card\" content=\"summary_large_image\" \/>\n<meta name=\"twitter:label1\" content=\"Escrito por\" \/>\n\t<meta name=\"twitter:data1\" content=\"apuntesdesanluis.com\" \/>\n\t<meta name=\"twitter:label2\" content=\"Tiempo de lectura\" \/>\n\t<meta name=\"twitter:data2\" content=\"5 minutos\" \/>\n<script type=\"application\/ld+json\" class=\"yoast-schema-graph\">{\"@context\":\"https:\/\/schema.org\",\"@graph\":[{\"@type\":\"Article\",\"@id\":\"https:\/\/apuntesdesanluis.com\/index.php\/2024\/11\/19\/revocaron-prision-domiciliaria-al-profe-de-basquet-acusado-de-abuso\/#article\",\"isPartOf\":{\"@id\":\"https:\/\/apuntesdesanluis.com\/index.php\/2024\/11\/19\/revocaron-prision-domiciliaria-al-profe-de-basquet-acusado-de-abuso\/\"},\"author\":{\"name\":\"apuntesdesanluis.com\",\"@id\":\"https:\/\/apuntesdesanluis.com\/#\/schema\/person\/b55151d52296fcce64d1a72538a70b90\"},\"headline\":\"REVOCARON PRISI\u00d3N DOMICILIARIA AL PROFE DE B\u00c1SQUET ACUSADO DE ABUSO\",\"datePublished\":\"2024-11-19T23:48:09+00:00\",\"mainEntityOfPage\":{\"@id\":\"https:\/\/apuntesdesanluis.com\/index.php\/2024\/11\/19\/revocaron-prision-domiciliaria-al-profe-de-basquet-acusado-de-abuso\/\"},\"wordCount\":927,\"publisher\":{\"@id\":\"https:\/\/apuntesdesanluis.com\/#\/schema\/person\/b55151d52296fcce64d1a72538a70b90\"},\"image\":{\"@id\":\"https:\/\/apuntesdesanluis.com\/index.php\/2024\/11\/19\/revocaron-prision-domiciliaria-al-profe-de-basquet-acusado-de-abuso\/#primaryimage\"},\"thumbnailUrl\":\"https:\/\/apuntesdesanluis.com\/wp-content\/uploads\/2024\/11\/AUDCIENCIA-ABUSADOR.png\",\"articleSection\":[\"Ciudad\/Provincia\"],\"inLanguage\":\"es-AR\"},{\"@type\":\"WebPage\",\"@id\":\"https:\/\/apuntesdesanluis.com\/index.php\/2024\/11\/19\/revocaron-prision-domiciliaria-al-profe-de-basquet-acusado-de-abuso\/\",\"url\":\"https:\/\/apuntesdesanluis.com\/index.php\/2024\/11\/19\/revocaron-prision-domiciliaria-al-profe-de-basquet-acusado-de-abuso\/\",\"name\":\"REVOCARON PRISI\u00d3N DOMICILIARIA AL PROFE DE B\u00c1SQUET ACUSADO DE ABUSO - Apuntes de San Luis\",\"isPartOf\":{\"@id\":\"https:\/\/apuntesdesanluis.com\/#website\"},\"primaryImageOfPage\":{\"@id\":\"https:\/\/apuntesdesanluis.com\/index.php\/2024\/11\/19\/revocaron-prision-domiciliaria-al-profe-de-basquet-acusado-de-abuso\/#primaryimage\"},\"image\":{\"@id\":\"https:\/\/apuntesdesanluis.com\/index.php\/2024\/11\/19\/revocaron-prision-domiciliaria-al-profe-de-basquet-acusado-de-abuso\/#primaryimage\"},\"thumbnailUrl\":\"https:\/\/apuntesdesanluis.com\/wp-content\/uploads\/2024\/11\/AUDCIENCIA-ABUSADOR.png\",\"datePublished\":\"2024-11-19T23:48:09+00:00\",\"breadcrumb\":{\"@id\":\"https:\/\/apuntesdesanluis.com\/index.php\/2024\/11\/19\/revocaron-prision-domiciliaria-al-profe-de-basquet-acusado-de-abuso\/#breadcrumb\"},\"inLanguage\":\"es-AR\",\"potentialAction\":[{\"@type\":\"ReadAction\",\"target\":[\"https:\/\/apuntesdesanluis.com\/index.php\/2024\/11\/19\/revocaron-prision-domiciliaria-al-profe-de-basquet-acusado-de-abuso\/\"]}]},{\"@type\":\"ImageObject\",\"inLanguage\":\"es-AR\",\"@id\":\"https:\/\/apuntesdesanluis.com\/index.php\/2024\/11\/19\/revocaron-prision-domiciliaria-al-profe-de-basquet-acusado-de-abuso\/#primaryimage\",\"url\":\"https:\/\/apuntesdesanluis.com\/wp-content\/uploads\/2024\/11\/AUDCIENCIA-ABUSADOR.png\",\"contentUrl\":\"https:\/\/apuntesdesanluis.com\/wp-content\/uploads\/2024\/11\/AUDCIENCIA-ABUSADOR.png\",\"width\":773,\"height\":485},{\"@type\":\"BreadcrumbList\",\"@id\":\"https:\/\/apuntesdesanluis.com\/index.php\/2024\/11\/19\/revocaron-prision-domiciliaria-al-profe-de-basquet-acusado-de-abuso\/#breadcrumb\",\"itemListElement\":[{\"@type\":\"ListItem\",\"position\":1,\"name\":\"Inicio\",\"item\":\"https:\/\/apuntesdesanluis.com\/\"},{\"@type\":\"ListItem\",\"position\":2,\"name\":\"REVOCARON PRISI\u00d3N DOMICILIARIA AL PROFE DE B\u00c1SQUET ACUSADO DE ABUSO\"}]},{\"@type\":\"WebSite\",\"@id\":\"https:\/\/apuntesdesanluis.com\/#website\",\"url\":\"https:\/\/apuntesdesanluis.com\/\",\"name\":\"Apuntes de San Luis\",\"description\":\"\",\"publisher\":{\"@id\":\"https:\/\/apuntesdesanluis.com\/#\/schema\/person\/b55151d52296fcce64d1a72538a70b90\"},\"potentialAction\":[{\"@type\":\"SearchAction\",\"target\":{\"@type\":\"EntryPoint\",\"urlTemplate\":\"https:\/\/apuntesdesanluis.com\/?s={search_term_string}\"},\"query-input\":{\"@type\":\"PropertyValueSpecification\",\"valueRequired\":true,\"valueName\":\"search_term_string\"}}],\"inLanguage\":\"es-AR\"},{\"@type\":[\"Person\",\"Organization\"],\"@id\":\"https:\/\/apuntesdesanluis.com\/#\/schema\/person\/b55151d52296fcce64d1a72538a70b90\",\"name\":\"apuntesdesanluis.com\",\"image\":{\"@type\":\"ImageObject\",\"inLanguage\":\"es-AR\",\"@id\":\"https:\/\/apuntesdesanluis.com\/#\/schema\/person\/image\/\",\"url\":\"https:\/\/apuntesdesanluis.com\/wp-content\/uploads\/2023\/07\/cropped-apuntesdesanluis.png\",\"contentUrl\":\"https:\/\/apuntesdesanluis.com\/wp-content\/uploads\/2023\/07\/cropped-apuntesdesanluis.png\",\"width\":450,\"height\":112,\"caption\":\"apuntesdesanluis.com\"},\"logo\":{\"@id\":\"https:\/\/apuntesdesanluis.com\/#\/schema\/person\/image\/\"},\"sameAs\":[\"https:\/\/apuntesdesanluis.com\"],\"url\":\"https:\/\/apuntesdesanluis.com\/index.php\/author\/apuntesdesanluis-com\/\"}]}<\/script>\n<!-- \/ Yoast SEO plugin. -->","yoast_head_json":{"title":"REVOCARON PRISI\u00d3N DOMICILIARIA AL PROFE DE B\u00c1SQUET ACUSADO DE ABUSO - Apuntes de San Luis","robots":{"index":"index","follow":"follow","max-snippet":"max-snippet:-1","max-image-preview":"max-image-preview:large","max-video-preview":"max-video-preview:-1"},"canonical":"https:\/\/apuntesdesanluis.com\/index.php\/2024\/11\/19\/revocaron-prision-domiciliaria-al-profe-de-basquet-acusado-de-abuso\/","og_locale":"es_ES","og_type":"article","og_title":"REVOCARON PRISI\u00d3N DOMICILIARIA AL PROFE DE B\u00c1SQUET ACUSADO DE ABUSO - Apuntes de San Luis","og_description":"El Tribunal de Impugnaciones de la Segunda y Tercera Circunscripci\u00f3n Judicial hizo lugar a una...","og_url":"https:\/\/apuntesdesanluis.com\/index.php\/2024\/11\/19\/revocaron-prision-domiciliaria-al-profe-de-basquet-acusado-de-abuso\/","og_site_name":"Apuntes de San Luis","article_published_time":"2024-11-19T23:48:09+00:00","og_image":[{"width":773,"height":485,"url":"https:\/\/apuntesdesanluis.com\/wp-content\/uploads\/2024\/11\/AUDCIENCIA-ABUSADOR.png","type":"image\/png"}],"author":"apuntesdesanluis.com","twitter_card":"summary_large_image","twitter_misc":{"Escrito por":"apuntesdesanluis.com","Tiempo de lectura":"5 minutos"},"schema":{"@context":"https:\/\/schema.org","@graph":[{"@type":"Article","@id":"https:\/\/apuntesdesanluis.com\/index.php\/2024\/11\/19\/revocaron-prision-domiciliaria-al-profe-de-basquet-acusado-de-abuso\/#article","isPartOf":{"@id":"https:\/\/apuntesdesanluis.com\/index.php\/2024\/11\/19\/revocaron-prision-domiciliaria-al-profe-de-basquet-acusado-de-abuso\/"},"author":{"name":"apuntesdesanluis.com","@id":"https:\/\/apuntesdesanluis.com\/#\/schema\/person\/b55151d52296fcce64d1a72538a70b90"},"headline":"REVOCARON PRISI\u00d3N DOMICILIARIA AL PROFE DE B\u00c1SQUET ACUSADO DE ABUSO","datePublished":"2024-11-19T23:48:09+00:00","mainEntityOfPage":{"@id":"https:\/\/apuntesdesanluis.com\/index.php\/2024\/11\/19\/revocaron-prision-domiciliaria-al-profe-de-basquet-acusado-de-abuso\/"},"wordCount":927,"publisher":{"@id":"https:\/\/apuntesdesanluis.com\/#\/schema\/person\/b55151d52296fcce64d1a72538a70b90"},"image":{"@id":"https:\/\/apuntesdesanluis.com\/index.php\/2024\/11\/19\/revocaron-prision-domiciliaria-al-profe-de-basquet-acusado-de-abuso\/#primaryimage"},"thumbnailUrl":"https:\/\/apuntesdesanluis.com\/wp-content\/uploads\/2024\/11\/AUDCIENCIA-ABUSADOR.png","articleSection":["Ciudad\/Provincia"],"inLanguage":"es-AR"},{"@type":"WebPage","@id":"https:\/\/apuntesdesanluis.com\/index.php\/2024\/11\/19\/revocaron-prision-domiciliaria-al-profe-de-basquet-acusado-de-abuso\/","url":"https:\/\/apuntesdesanluis.com\/index.php\/2024\/11\/19\/revocaron-prision-domiciliaria-al-profe-de-basquet-acusado-de-abuso\/","name":"REVOCARON PRISI\u00d3N DOMICILIARIA AL PROFE DE B\u00c1SQUET ACUSADO DE ABUSO - Apuntes de San Luis","isPartOf":{"@id":"https:\/\/apuntesdesanluis.com\/#website"},"primaryImageOfPage":{"@id":"https:\/\/apuntesdesanluis.com\/index.php\/2024\/11\/19\/revocaron-prision-domiciliaria-al-profe-de-basquet-acusado-de-abuso\/#primaryimage"},"image":{"@id":"https:\/\/apuntesdesanluis.com\/index.php\/2024\/11\/19\/revocaron-prision-domiciliaria-al-profe-de-basquet-acusado-de-abuso\/#primaryimage"},"thumbnailUrl":"https:\/\/apuntesdesanluis.com\/wp-content\/uploads\/2024\/11\/AUDCIENCIA-ABUSADOR.png","datePublished":"2024-11-19T23:48:09+00:00","breadcrumb":{"@id":"https:\/\/apuntesdesanluis.com\/index.php\/2024\/11\/19\/revocaron-prision-domiciliaria-al-profe-de-basquet-acusado-de-abuso\/#breadcrumb"},"inLanguage":"es-AR","potentialAction":[{"@type":"ReadAction","target":["https:\/\/apuntesdesanluis.com\/index.php\/2024\/11\/19\/revocaron-prision-domiciliaria-al-profe-de-basquet-acusado-de-abuso\/"]}]},{"@type":"ImageObject","inLanguage":"es-AR","@id":"https:\/\/apuntesdesanluis.com\/index.php\/2024\/11\/19\/revocaron-prision-domiciliaria-al-profe-de-basquet-acusado-de-abuso\/#primaryimage","url":"https:\/\/apuntesdesanluis.com\/wp-content\/uploads\/2024\/11\/AUDCIENCIA-ABUSADOR.png","contentUrl":"https:\/\/apuntesdesanluis.com\/wp-content\/uploads\/2024\/11\/AUDCIENCIA-ABUSADOR.png","width":773,"height":485},{"@type":"BreadcrumbList","@id":"https:\/\/apuntesdesanluis.com\/index.php\/2024\/11\/19\/revocaron-prision-domiciliaria-al-profe-de-basquet-acusado-de-abuso\/#breadcrumb","itemListElement":[{"@type":"ListItem","position":1,"name":"Inicio","item":"https:\/\/apuntesdesanluis.com\/"},{"@type":"ListItem","position":2,"name":"REVOCARON PRISI\u00d3N DOMICILIARIA AL PROFE DE B\u00c1SQUET ACUSADO DE ABUSO"}]},{"@type":"WebSite","@id":"https:\/\/apuntesdesanluis.com\/#website","url":"https:\/\/apuntesdesanluis.com\/","name":"Apuntes de San Luis","description":"","publisher":{"@id":"https:\/\/apuntesdesanluis.com\/#\/schema\/person\/b55151d52296fcce64d1a72538a70b90"},"potentialAction":[{"@type":"SearchAction","target":{"@type":"EntryPoint","urlTemplate":"https:\/\/apuntesdesanluis.com\/?s={search_term_string}"},"query-input":{"@type":"PropertyValueSpecification","valueRequired":true,"valueName":"search_term_string"}}],"inLanguage":"es-AR"},{"@type":["Person","Organization"],"@id":"https:\/\/apuntesdesanluis.com\/#\/schema\/person\/b55151d52296fcce64d1a72538a70b90","name":"apuntesdesanluis.com","image":{"@type":"ImageObject","inLanguage":"es-AR","@id":"https:\/\/apuntesdesanluis.com\/#\/schema\/person\/image\/","url":"https:\/\/apuntesdesanluis.com\/wp-content\/uploads\/2023\/07\/cropped-apuntesdesanluis.png","contentUrl":"https:\/\/apuntesdesanluis.com\/wp-content\/uploads\/2023\/07\/cropped-apuntesdesanluis.png","width":450,"height":112,"caption":"apuntesdesanluis.com"},"logo":{"@id":"https:\/\/apuntesdesanluis.com\/#\/schema\/person\/image\/"},"sameAs":["https:\/\/apuntesdesanluis.com"],"url":"https:\/\/apuntesdesanluis.com\/index.php\/author\/apuntesdesanluis-com\/"}]}},"featured_image_urls":{"full":["https:\/\/apuntesdesanluis.com\/wp-content\/uploads\/2024\/11\/AUDCIENCIA-ABUSADOR.png",773,485,false],"thumbnail":["https:\/\/apuntesdesanluis.com\/wp-content\/uploads\/2024\/11\/AUDCIENCIA-ABUSADOR-150x150.png",150,150,true],"medium":["https:\/\/apuntesdesanluis.com\/wp-content\/uploads\/2024\/11\/AUDCIENCIA-ABUSADOR-300x188.png",300,188,true],"medium_large":["https:\/\/apuntesdesanluis.com\/wp-content\/uploads\/2024\/11\/AUDCIENCIA-ABUSADOR-768x482.png",640,402,true],"large":["https:\/\/apuntesdesanluis.com\/wp-content\/uploads\/2024\/11\/AUDCIENCIA-ABUSADOR.png",640,402,false],"1536x1536":["https:\/\/apuntesdesanluis.com\/wp-content\/uploads\/2024\/11\/AUDCIENCIA-ABUSADOR.png",773,485,false],"2048x2048":["https:\/\/apuntesdesanluis.com\/wp-content\/uploads\/2024\/11\/AUDCIENCIA-ABUSADOR.png",773,485,false],"newsever-slider-full":["https:\/\/apuntesdesanluis.com\/wp-content\/uploads\/2024\/11\/AUDCIENCIA-ABUSADOR.png",773,485,false],"newsever-featured":["https:\/\/apuntesdesanluis.com\/wp-content\/uploads\/2024\/11\/AUDCIENCIA-ABUSADOR.png",773,485,false],"newsever-medium":["https:\/\/apuntesdesanluis.com\/wp-content\/uploads\/2024\/11\/AUDCIENCIA-ABUSADOR-720x475.png",720,475,true]},"author_info":{"display_name":"apuntesdesanluis.com","author_link":"https:\/\/apuntesdesanluis.com\/index.php\/author\/apuntesdesanluis-com\/"},"category_info":"<a href=\"https:\/\/apuntesdesanluis.com\/index.php\/category\/ciudad-provincia\/\" rel=\"category tag\">Ciudad\/Provincia<\/a>","tag_info":"Ciudad\/Provincia","comment_count":"0","_links":{"self":[{"href":"https:\/\/apuntesdesanluis.com\/index.php\/wp-json\/wp\/v2\/posts\/25414","targetHints":{"allow":["GET"]}}],"collection":[{"href":"https:\/\/apuntesdesanluis.com\/index.php\/wp-json\/wp\/v2\/posts"}],"about":[{"href":"https:\/\/apuntesdesanluis.com\/index.php\/wp-json\/wp\/v2\/types\/post"}],"author":[{"embeddable":true,"href":"https:\/\/apuntesdesanluis.com\/index.php\/wp-json\/wp\/v2\/users\/1"}],"replies":[{"embeddable":true,"href":"https:\/\/apuntesdesanluis.com\/index.php\/wp-json\/wp\/v2\/comments?post=25414"}],"version-history":[{"count":1,"href":"https:\/\/apuntesdesanluis.com\/index.php\/wp-json\/wp\/v2\/posts\/25414\/revisions"}],"predecessor-version":[{"id":25416,"href":"https:\/\/apuntesdesanluis.com\/index.php\/wp-json\/wp\/v2\/posts\/25414\/revisions\/25416"}],"wp:featuredmedia":[{"embeddable":true,"href":"https:\/\/apuntesdesanluis.com\/index.php\/wp-json\/wp\/v2\/media\/25415"}],"wp:attachment":[{"href":"https:\/\/apuntesdesanluis.com\/index.php\/wp-json\/wp\/v2\/media?parent=25414"}],"wp:term":[{"taxonomy":"category","embeddable":true,"href":"https:\/\/apuntesdesanluis.com\/index.php\/wp-json\/wp\/v2\/categories?post=25414"},{"taxonomy":"post_tag","embeddable":true,"href":"https:\/\/apuntesdesanluis.com\/index.php\/wp-json\/wp\/v2\/tags?post=25414"}],"curies":[{"name":"wp","href":"https:\/\/api.w.org\/{rel}","templated":true}]}}