{"id":25455,"date":"2024-11-20T00:33:49","date_gmt":"2024-11-20T03:33:49","guid":{"rendered":"https:\/\/apuntesdesanluis.com\/?p=25455"},"modified":"2024-11-20T00:34:28","modified_gmt":"2024-11-20T03:34:28","slug":"comienza-la-feria-literaria-villa-mercedes-lee-2024","status":"publish","type":"post","link":"https:\/\/apuntesdesanluis.com\/index.php\/2024\/11\/20\/comienza-la-feria-literaria-villa-mercedes-lee-2024\/","title":{"rendered":"COMIENZA LA FERIA LITERARIA VILLA MERCEDES &#8220;LEE 2024&#8221;"},"content":{"rendered":"<h3>Hoy mi\u00e9rcoles comienza este evento cultural que se desarrollar\u00e1 durante dos jornadas, organizado por Subsecretar\u00eda de Cultura de la Municipalidad de Villa Mercedes.<\/h3>\n<h3>Habr\u00e1 talleres, presentaci\u00f3n de libros y poemas, una jornada de literatura, reconocimientos, shows art\u00edsticos y mucho m\u00e1s, en una amplia agenda que se desplegar\u00e1 en la Casa de la Cultura.<\/h3>\n<h3>La entrada es libre y gratuita y la actividad comienza este mi\u00e9rcoles a las 09:00 h, con la inauguraci\u00f3n, que encabezar\u00e1 el intendente municipal con invitados especiales.<\/h3>\n<h3>Te compartimos la programaci\u00f3n para que no te pierdas ninguna de las actividades este mi\u00e9rcoles 20 y jueves 21 de la Feria &#8220;Lee 2024&#8221;.<\/h3>\n<p>&nbsp;<\/p>\n<p><img fetchpriority=\"high\" decoding=\"async\" class=\"wp-image-25456 aligncenter\" src=\"https:\/\/apuntesdesanluis.com\/wp-content\/uploads\/2024\/11\/PROGRAMA-251x300.png\" alt=\"\" width=\"541\" height=\"647\" srcset=\"https:\/\/apuntesdesanluis.com\/wp-content\/uploads\/2024\/11\/PROGRAMA-251x300.png 251w, https:\/\/apuntesdesanluis.com\/wp-content\/uploads\/2024\/11\/PROGRAMA.png 709w\" sizes=\"(max-width: 541px) 100vw, 541px\" \/><\/p>\n<p><img decoding=\"async\" class=\"wp-image-25457 aligncenter\" src=\"https:\/\/apuntesdesanluis.com\/wp-content\/uploads\/2024\/11\/PROGRAMA-1-240x300.png\" alt=\"\" width=\"541\" height=\"676\" srcset=\"https:\/\/apuntesdesanluis.com\/wp-content\/uploads\/2024\/11\/PROGRAMA-1-240x300.png 240w, https:\/\/apuntesdesanluis.com\/wp-content\/uploads\/2024\/11\/PROGRAMA-1.png 687w\" sizes=\"(max-width: 541px) 100vw, 541px\" \/><\/p>\n<p><img decoding=\"async\" class=\"wp-image-25458 aligncenter\" src=\"https:\/\/apuntesdesanluis.com\/wp-content\/uploads\/2024\/11\/PROGRAMA-2-248x300.png\" alt=\"\" width=\"540\" height=\"653\" srcset=\"https:\/\/apuntesdesanluis.com\/wp-content\/uploads\/2024\/11\/PROGRAMA-2-248x300.png 248w, https:\/\/apuntesdesanluis.com\/wp-content\/uploads\/2024\/11\/PROGRAMA-2.png 702w\" sizes=\"(max-width: 540px) 100vw, 540px\" \/><\/p>\n<p><img loading=\"lazy\" decoding=\"async\" class=\"wp-image-25459 aligncenter\" src=\"https:\/\/apuntesdesanluis.com\/wp-content\/uploads\/2024\/11\/PROGRAMA-3-250x300.png\" alt=\"\" width=\"538\" height=\"646\" srcset=\"https:\/\/apuntesdesanluis.com\/wp-content\/uploads\/2024\/11\/PROGRAMA-3-250x300.png 250w, https:\/\/apuntesdesanluis.com\/wp-content\/uploads\/2024\/11\/PROGRAMA-3.png 703w\" sizes=\"(max-width: 538px) 100vw, 538px\" \/><\/p>\n<p>&nbsp;<\/p>\n<p>&nbsp;<\/p>\n<p>&nbsp;<\/p>\n","protected":false},"excerpt":{"rendered":"<p>Hoy mi\u00e9rcoles comienza este evento cultural que se desarrollar\u00e1 durante dos jornadas, organizado por Subsecretar\u00eda&#8230;<\/p>\n","protected":false},"author":1,"featured_media":25460,"comment_status":"closed","ping_status":"closed","sticky":false,"template":"","format":"standard","meta":{"footnotes":""},"categories":[6],"tags":[],"class_list":["post-25455","post","type-post","status-publish","format-standard","has-post-thumbnail","hentry","category-ciudad-provincia"],"yoast_head":"<!-- This site is optimized with the Yoast SEO plugin v26.1.1 - https:\/\/yoast.com\/wordpress\/plugins\/seo\/ -->\n<title>COMIENZA LA FERIA LITERARIA VILLA MERCEDES &quot;LEE 2024&quot; - Apuntes de San Luis<\/title>\n<meta name=\"robots\" content=\"index, follow, max-snippet:-1, max-image-preview:large, max-video-preview:-1\" \/>\n<link rel=\"canonical\" href=\"https:\/\/apuntesdesanluis.com\/index.php\/2024\/11\/20\/comienza-la-feria-literaria-villa-mercedes-lee-2024\/\" \/>\n<meta property=\"og:locale\" content=\"es_ES\" \/>\n<meta property=\"og:type\" content=\"article\" \/>\n<meta property=\"og:title\" content=\"COMIENZA LA FERIA LITERARIA VILLA MERCEDES &quot;LEE 2024&quot; - Apuntes de San Luis\" \/>\n<meta property=\"og:description\" content=\"Hoy mi\u00e9rcoles comienza este evento cultural que se desarrollar\u00e1 durante dos jornadas, organizado por Subsecretar\u00eda...\" \/>\n<meta property=\"og:url\" content=\"https:\/\/apuntesdesanluis.com\/index.php\/2024\/11\/20\/comienza-la-feria-literaria-villa-mercedes-lee-2024\/\" \/>\n<meta property=\"og:site_name\" content=\"Apuntes de San Luis\" \/>\n<meta property=\"article:published_time\" content=\"2024-11-20T03:33:49+00:00\" \/>\n<meta property=\"article:modified_time\" content=\"2024-11-20T03:34:28+00:00\" \/>\n<meta property=\"og:image\" content=\"https:\/\/apuntesdesanluis.com\/wp-content\/uploads\/2024\/11\/feria.png\" \/>\n\t<meta property=\"og:image:width\" content=\"723\" \/>\n\t<meta property=\"og:image:height\" content=\"515\" \/>\n\t<meta property=\"og:image:type\" content=\"image\/png\" \/>\n<meta name=\"author\" content=\"apuntesdesanluis.com\" \/>\n<meta name=\"twitter:card\" content=\"summary_large_image\" \/>\n<meta name=\"twitter:label1\" content=\"Escrito por\" \/>\n\t<meta name=\"twitter:data1\" content=\"apuntesdesanluis.com\" \/>\n\t<meta name=\"twitter:label2\" content=\"Tiempo de lectura\" \/>\n\t<meta name=\"twitter:data2\" content=\"2 minutos\" \/>\n<script type=\"application\/ld+json\" class=\"yoast-schema-graph\">{\"@context\":\"https:\/\/schema.org\",\"@graph\":[{\"@type\":\"Article\",\"@id\":\"https:\/\/apuntesdesanluis.com\/index.php\/2024\/11\/20\/comienza-la-feria-literaria-villa-mercedes-lee-2024\/#article\",\"isPartOf\":{\"@id\":\"https:\/\/apuntesdesanluis.com\/index.php\/2024\/11\/20\/comienza-la-feria-literaria-villa-mercedes-lee-2024\/\"},\"author\":{\"name\":\"apuntesdesanluis.com\",\"@id\":\"https:\/\/apuntesdesanluis.com\/#\/schema\/person\/b55151d52296fcce64d1a72538a70b90\"},\"headline\":\"COMIENZA LA FERIA LITERARIA VILLA MERCEDES &#8220;LEE 2024&#8221;\",\"datePublished\":\"2024-11-20T03:33:49+00:00\",\"dateModified\":\"2024-11-20T03:34:28+00:00\",\"mainEntityOfPage\":{\"@id\":\"https:\/\/apuntesdesanluis.com\/index.php\/2024\/11\/20\/comienza-la-feria-literaria-villa-mercedes-lee-2024\/\"},\"wordCount\":120,\"publisher\":{\"@id\":\"https:\/\/apuntesdesanluis.com\/#\/schema\/person\/b55151d52296fcce64d1a72538a70b90\"},\"image\":{\"@id\":\"https:\/\/apuntesdesanluis.com\/index.php\/2024\/11\/20\/comienza-la-feria-literaria-villa-mercedes-lee-2024\/#primaryimage\"},\"thumbnailUrl\":\"https:\/\/apuntesdesanluis.com\/wp-content\/uploads\/2024\/11\/feria.png\",\"articleSection\":[\"Ciudad\/Provincia\"],\"inLanguage\":\"es-AR\"},{\"@type\":\"WebPage\",\"@id\":\"https:\/\/apuntesdesanluis.com\/index.php\/2024\/11\/20\/comienza-la-feria-literaria-villa-mercedes-lee-2024\/\",\"url\":\"https:\/\/apuntesdesanluis.com\/index.php\/2024\/11\/20\/comienza-la-feria-literaria-villa-mercedes-lee-2024\/\",\"name\":\"COMIENZA LA FERIA LITERARIA VILLA MERCEDES \\\"LEE 2024\\\" - Apuntes de San Luis\",\"isPartOf\":{\"@id\":\"https:\/\/apuntesdesanluis.com\/#website\"},\"primaryImageOfPage\":{\"@id\":\"https:\/\/apuntesdesanluis.com\/index.php\/2024\/11\/20\/comienza-la-feria-literaria-villa-mercedes-lee-2024\/#primaryimage\"},\"image\":{\"@id\":\"https:\/\/apuntesdesanluis.com\/index.php\/2024\/11\/20\/comienza-la-feria-literaria-villa-mercedes-lee-2024\/#primaryimage\"},\"thumbnailUrl\":\"https:\/\/apuntesdesanluis.com\/wp-content\/uploads\/2024\/11\/feria.png\",\"datePublished\":\"2024-11-20T03:33:49+00:00\",\"dateModified\":\"2024-11-20T03:34:28+00:00\",\"breadcrumb\":{\"@id\":\"https:\/\/apuntesdesanluis.com\/index.php\/2024\/11\/20\/comienza-la-feria-literaria-villa-mercedes-lee-2024\/#breadcrumb\"},\"inLanguage\":\"es-AR\",\"potentialAction\":[{\"@type\":\"ReadAction\",\"target\":[\"https:\/\/apuntesdesanluis.com\/index.php\/2024\/11\/20\/comienza-la-feria-literaria-villa-mercedes-lee-2024\/\"]}]},{\"@type\":\"ImageObject\",\"inLanguage\":\"es-AR\",\"@id\":\"https:\/\/apuntesdesanluis.com\/index.php\/2024\/11\/20\/comienza-la-feria-literaria-villa-mercedes-lee-2024\/#primaryimage\",\"url\":\"https:\/\/apuntesdesanluis.com\/wp-content\/uploads\/2024\/11\/feria.png\",\"contentUrl\":\"https:\/\/apuntesdesanluis.com\/wp-content\/uploads\/2024\/11\/feria.png\",\"width\":723,\"height\":515},{\"@type\":\"BreadcrumbList\",\"@id\":\"https:\/\/apuntesdesanluis.com\/index.php\/2024\/11\/20\/comienza-la-feria-literaria-villa-mercedes-lee-2024\/#breadcrumb\",\"itemListElement\":[{\"@type\":\"ListItem\",\"position\":1,\"name\":\"Inicio\",\"item\":\"https:\/\/apuntesdesanluis.com\/\"},{\"@type\":\"ListItem\",\"position\":2,\"name\":\"COMIENZA LA FERIA LITERARIA VILLA MERCEDES &#8220;LEE 2024&#8221;\"}]},{\"@type\":\"WebSite\",\"@id\":\"https:\/\/apuntesdesanluis.com\/#website\",\"url\":\"https:\/\/apuntesdesanluis.com\/\",\"name\":\"Apuntes de San Luis\",\"description\":\"\",\"publisher\":{\"@id\":\"https:\/\/apuntesdesanluis.com\/#\/schema\/person\/b55151d52296fcce64d1a72538a70b90\"},\"potentialAction\":[{\"@type\":\"SearchAction\",\"target\":{\"@type\":\"EntryPoint\",\"urlTemplate\":\"https:\/\/apuntesdesanluis.com\/?s={search_term_string}\"},\"query-input\":{\"@type\":\"PropertyValueSpecification\",\"valueRequired\":true,\"valueName\":\"search_term_string\"}}],\"inLanguage\":\"es-AR\"},{\"@type\":[\"Person\",\"Organization\"],\"@id\":\"https:\/\/apuntesdesanluis.com\/#\/schema\/person\/b55151d52296fcce64d1a72538a70b90\",\"name\":\"apuntesdesanluis.com\",\"image\":{\"@type\":\"ImageObject\",\"inLanguage\":\"es-AR\",\"@id\":\"https:\/\/apuntesdesanluis.com\/#\/schema\/person\/image\/\",\"url\":\"https:\/\/apuntesdesanluis.com\/wp-content\/uploads\/2023\/07\/cropped-apuntesdesanluis.png\",\"contentUrl\":\"https:\/\/apuntesdesanluis.com\/wp-content\/uploads\/2023\/07\/cropped-apuntesdesanluis.png\",\"width\":450,\"height\":112,\"caption\":\"apuntesdesanluis.com\"},\"logo\":{\"@id\":\"https:\/\/apuntesdesanluis.com\/#\/schema\/person\/image\/\"},\"sameAs\":[\"https:\/\/apuntesdesanluis.com\"],\"url\":\"https:\/\/apuntesdesanluis.com\/index.php\/author\/apuntesdesanluis-com\/\"}]}<\/script>\n<!-- \/ Yoast SEO plugin. -->","yoast_head_json":{"title":"COMIENZA LA FERIA LITERARIA VILLA MERCEDES \"LEE 2024\" - Apuntes de San Luis","robots":{"index":"index","follow":"follow","max-snippet":"max-snippet:-1","max-image-preview":"max-image-preview:large","max-video-preview":"max-video-preview:-1"},"canonical":"https:\/\/apuntesdesanluis.com\/index.php\/2024\/11\/20\/comienza-la-feria-literaria-villa-mercedes-lee-2024\/","og_locale":"es_ES","og_type":"article","og_title":"COMIENZA LA FERIA LITERARIA VILLA MERCEDES \"LEE 2024\" - Apuntes de San Luis","og_description":"Hoy mi\u00e9rcoles comienza este evento cultural que se desarrollar\u00e1 durante dos jornadas, organizado por Subsecretar\u00eda...","og_url":"https:\/\/apuntesdesanluis.com\/index.php\/2024\/11\/20\/comienza-la-feria-literaria-villa-mercedes-lee-2024\/","og_site_name":"Apuntes de San Luis","article_published_time":"2024-11-20T03:33:49+00:00","article_modified_time":"2024-11-20T03:34:28+00:00","og_image":[{"width":723,"height":515,"url":"https:\/\/apuntesdesanluis.com\/wp-content\/uploads\/2024\/11\/feria.png","type":"image\/png"}],"author":"apuntesdesanluis.com","twitter_card":"summary_large_image","twitter_misc":{"Escrito por":"apuntesdesanluis.com","Tiempo de lectura":"2 minutos"},"schema":{"@context":"https:\/\/schema.org","@graph":[{"@type":"Article","@id":"https:\/\/apuntesdesanluis.com\/index.php\/2024\/11\/20\/comienza-la-feria-literaria-villa-mercedes-lee-2024\/#article","isPartOf":{"@id":"https:\/\/apuntesdesanluis.com\/index.php\/2024\/11\/20\/comienza-la-feria-literaria-villa-mercedes-lee-2024\/"},"author":{"name":"apuntesdesanluis.com","@id":"https:\/\/apuntesdesanluis.com\/#\/schema\/person\/b55151d52296fcce64d1a72538a70b90"},"headline":"COMIENZA LA FERIA LITERARIA VILLA MERCEDES &#8220;LEE 2024&#8221;","datePublished":"2024-11-20T03:33:49+00:00","dateModified":"2024-11-20T03:34:28+00:00","mainEntityOfPage":{"@id":"https:\/\/apuntesdesanluis.com\/index.php\/2024\/11\/20\/comienza-la-feria-literaria-villa-mercedes-lee-2024\/"},"wordCount":120,"publisher":{"@id":"https:\/\/apuntesdesanluis.com\/#\/schema\/person\/b55151d52296fcce64d1a72538a70b90"},"image":{"@id":"https:\/\/apuntesdesanluis.com\/index.php\/2024\/11\/20\/comienza-la-feria-literaria-villa-mercedes-lee-2024\/#primaryimage"},"thumbnailUrl":"https:\/\/apuntesdesanluis.com\/wp-content\/uploads\/2024\/11\/feria.png","articleSection":["Ciudad\/Provincia"],"inLanguage":"es-AR"},{"@type":"WebPage","@id":"https:\/\/apuntesdesanluis.com\/index.php\/2024\/11\/20\/comienza-la-feria-literaria-villa-mercedes-lee-2024\/","url":"https:\/\/apuntesdesanluis.com\/index.php\/2024\/11\/20\/comienza-la-feria-literaria-villa-mercedes-lee-2024\/","name":"COMIENZA LA FERIA LITERARIA VILLA MERCEDES \"LEE 2024\" - Apuntes de San Luis","isPartOf":{"@id":"https:\/\/apuntesdesanluis.com\/#website"},"primaryImageOfPage":{"@id":"https:\/\/apuntesdesanluis.com\/index.php\/2024\/11\/20\/comienza-la-feria-literaria-villa-mercedes-lee-2024\/#primaryimage"},"image":{"@id":"https:\/\/apuntesdesanluis.com\/index.php\/2024\/11\/20\/comienza-la-feria-literaria-villa-mercedes-lee-2024\/#primaryimage"},"thumbnailUrl":"https:\/\/apuntesdesanluis.com\/wp-content\/uploads\/2024\/11\/feria.png","datePublished":"2024-11-20T03:33:49+00:00","dateModified":"2024-11-20T03:34:28+00:00","breadcrumb":{"@id":"https:\/\/apuntesdesanluis.com\/index.php\/2024\/11\/20\/comienza-la-feria-literaria-villa-mercedes-lee-2024\/#breadcrumb"},"inLanguage":"es-AR","potentialAction":[{"@type":"ReadAction","target":["https:\/\/apuntesdesanluis.com\/index.php\/2024\/11\/20\/comienza-la-feria-literaria-villa-mercedes-lee-2024\/"]}]},{"@type":"ImageObject","inLanguage":"es-AR","@id":"https:\/\/apuntesdesanluis.com\/index.php\/2024\/11\/20\/comienza-la-feria-literaria-villa-mercedes-lee-2024\/#primaryimage","url":"https:\/\/apuntesdesanluis.com\/wp-content\/uploads\/2024\/11\/feria.png","contentUrl":"https:\/\/apuntesdesanluis.com\/wp-content\/uploads\/2024\/11\/feria.png","width":723,"height":515},{"@type":"BreadcrumbList","@id":"https:\/\/apuntesdesanluis.com\/index.php\/2024\/11\/20\/comienza-la-feria-literaria-villa-mercedes-lee-2024\/#breadcrumb","itemListElement":[{"@type":"ListItem","position":1,"name":"Inicio","item":"https:\/\/apuntesdesanluis.com\/"},{"@type":"ListItem","position":2,"name":"COMIENZA LA FERIA LITERARIA VILLA MERCEDES &#8220;LEE 2024&#8221;"}]},{"@type":"WebSite","@id":"https:\/\/apuntesdesanluis.com\/#website","url":"https:\/\/apuntesdesanluis.com\/","name":"Apuntes de San Luis","description":"","publisher":{"@id":"https:\/\/apuntesdesanluis.com\/#\/schema\/person\/b55151d52296fcce64d1a72538a70b90"},"potentialAction":[{"@type":"SearchAction","target":{"@type":"EntryPoint","urlTemplate":"https:\/\/apuntesdesanluis.com\/?s={search_term_string}"},"query-input":{"@type":"PropertyValueSpecification","valueRequired":true,"valueName":"search_term_string"}}],"inLanguage":"es-AR"},{"@type":["Person","Organization"],"@id":"https:\/\/apuntesdesanluis.com\/#\/schema\/person\/b55151d52296fcce64d1a72538a70b90","name":"apuntesdesanluis.com","image":{"@type":"ImageObject","inLanguage":"es-AR","@id":"https:\/\/apuntesdesanluis.com\/#\/schema\/person\/image\/","url":"https:\/\/apuntesdesanluis.com\/wp-content\/uploads\/2023\/07\/cropped-apuntesdesanluis.png","contentUrl":"https:\/\/apuntesdesanluis.com\/wp-content\/uploads\/2023\/07\/cropped-apuntesdesanluis.png","width":450,"height":112,"caption":"apuntesdesanluis.com"},"logo":{"@id":"https:\/\/apuntesdesanluis.com\/#\/schema\/person\/image\/"},"sameAs":["https:\/\/apuntesdesanluis.com"],"url":"https:\/\/apuntesdesanluis.com\/index.php\/author\/apuntesdesanluis-com\/"}]}},"featured_image_urls":{"full":["https:\/\/apuntesdesanluis.com\/wp-content\/uploads\/2024\/11\/feria.png",723,515,false],"thumbnail":["https:\/\/apuntesdesanluis.com\/wp-content\/uploads\/2024\/11\/feria-150x150.png",150,150,true],"medium":["https:\/\/apuntesdesanluis.com\/wp-content\/uploads\/2024\/11\/feria-300x214.png",300,214,true],"medium_large":["https:\/\/apuntesdesanluis.com\/wp-content\/uploads\/2024\/11\/feria.png",640,456,false],"large":["https:\/\/apuntesdesanluis.com\/wp-content\/uploads\/2024\/11\/feria.png",640,456,false],"1536x1536":["https:\/\/apuntesdesanluis.com\/wp-content\/uploads\/2024\/11\/feria.png",723,515,false],"2048x2048":["https:\/\/apuntesdesanluis.com\/wp-content\/uploads\/2024\/11\/feria.png",723,515,false],"newsever-slider-full":["https:\/\/apuntesdesanluis.com\/wp-content\/uploads\/2024\/11\/feria.png",723,515,false],"newsever-featured":["https:\/\/apuntesdesanluis.com\/wp-content\/uploads\/2024\/11\/feria.png",723,515,false],"newsever-medium":["https:\/\/apuntesdesanluis.com\/wp-content\/uploads\/2024\/11\/feria-720x475.png",720,475,true]},"author_info":{"display_name":"apuntesdesanluis.com","author_link":"https:\/\/apuntesdesanluis.com\/index.php\/author\/apuntesdesanluis-com\/"},"category_info":"<a href=\"https:\/\/apuntesdesanluis.com\/index.php\/category\/ciudad-provincia\/\" rel=\"category tag\">Ciudad\/Provincia<\/a>","tag_info":"Ciudad\/Provincia","comment_count":"0","_links":{"self":[{"href":"https:\/\/apuntesdesanluis.com\/index.php\/wp-json\/wp\/v2\/posts\/25455","targetHints":{"allow":["GET"]}}],"collection":[{"href":"https:\/\/apuntesdesanluis.com\/index.php\/wp-json\/wp\/v2\/posts"}],"about":[{"href":"https:\/\/apuntesdesanluis.com\/index.php\/wp-json\/wp\/v2\/types\/post"}],"author":[{"embeddable":true,"href":"https:\/\/apuntesdesanluis.com\/index.php\/wp-json\/wp\/v2\/users\/1"}],"replies":[{"embeddable":true,"href":"https:\/\/apuntesdesanluis.com\/index.php\/wp-json\/wp\/v2\/comments?post=25455"}],"version-history":[{"count":2,"href":"https:\/\/apuntesdesanluis.com\/index.php\/wp-json\/wp\/v2\/posts\/25455\/revisions"}],"predecessor-version":[{"id":25462,"href":"https:\/\/apuntesdesanluis.com\/index.php\/wp-json\/wp\/v2\/posts\/25455\/revisions\/25462"}],"wp:featuredmedia":[{"embeddable":true,"href":"https:\/\/apuntesdesanluis.com\/index.php\/wp-json\/wp\/v2\/media\/25460"}],"wp:attachment":[{"href":"https:\/\/apuntesdesanluis.com\/index.php\/wp-json\/wp\/v2\/media?parent=25455"}],"wp:term":[{"taxonomy":"category","embeddable":true,"href":"https:\/\/apuntesdesanluis.com\/index.php\/wp-json\/wp\/v2\/categories?post=25455"},{"taxonomy":"post_tag","embeddable":true,"href":"https:\/\/apuntesdesanluis.com\/index.php\/wp-json\/wp\/v2\/tags?post=25455"}],"curies":[{"name":"wp","href":"https:\/\/api.w.org\/{rel}","templated":true}]}}