{"id":25477,"date":"2024-11-20T10:22:49","date_gmt":"2024-11-20T13:22:49","guid":{"rendered":"https:\/\/apuntesdesanluis.com\/?p=25477"},"modified":"2024-11-20T19:25:55","modified_gmt":"2024-11-20T22:25:55","slug":"merlo-informan-operativo-municipal-de-transito-por-la-ultra-trail","status":"publish","type":"post","link":"https:\/\/apuntesdesanluis.com\/index.php\/2024\/11\/20\/merlo-informan-operativo-municipal-de-transito-por-la-ultra-trail\/","title":{"rendered":"MERLO: INFORMAN OPERATIVO MUNICIPAL DE TR\u00c1NSITO POR LA ULTRA TRAIL"},"content":{"rendered":"<h3>Desde hoy mi\u00e9rcoles 20 y hasta el 23 de noviembre inclusive, se llevar\u00e1n a cabo una serie de cortes programados debido a la realizaci\u00f3n de la Ultra Trail que se desarrollar\u00e1 en esta localidad, en el marco del Campeonato Sudamericano de Trail y Monta\u00f1a.<\/h3>\n<h3>Esta competici\u00f3n de alta calidad deportiva resalta el avance y subraya el esfuerzo constante del Municipio para promover el deporte y la actividad f\u00edsica entre los habitantes de la villa y sus visitantes.<\/h3>\n<h3><strong>Cortes permanentes desde hoy hasta el domingo inclusive:<\/strong><\/h3>\n<ul>\n<li>\n<h3>del Sol entre Lugones y Marte<\/h3>\n<\/li>\n<li>\n<h3>de La Luna entre Neptuno y Av del Sol inclusive. (Se puede desviar por Marte y Conlara).<\/h3>\n<\/li>\n<\/ul>\n<h3><strong>Jueves en el marco del Desfile e Inauguraci\u00f3n en la Plaza Marqu\u00e9s de Sobremonte:<\/strong><\/h3>\n<ul>\n<li>\n<h3>Juan de Videla y Pbro. Becerra a partir de las <strong>10:00 hs.<\/strong><\/h3>\n<\/li>\n<li>\n<h3>Janson y Cnel. Mercau a partir de las <strong>10:00 hs.<\/strong><\/h3>\n<\/li>\n<li>\n<h3>Per\u00f3n y Cnel. Mercau a partir de las <strong>17:00 hs. <\/strong>&#8211; La Tonada y Pbro. Becerra a partir de las <strong>17:00 hs.<\/strong><\/h3>\n<\/li>\n<\/ul>\n<h3>Estos cortes son necesarios para garantizar la seguridad de todos los involucrados en el evento y para prevenir accidentes viales durante la competencia. Agradecemos la comprensi\u00f3n y colaboraci\u00f3n de la comunidad durante este importante evento deportivo.<\/h3>\n<p>&nbsp;<\/p>\n<p>&nbsp;<\/p>\n<p>&nbsp;<\/p>\n<p>&nbsp;<\/p>\n<p>&nbsp;<\/p>\n<p>&nbsp;<\/p>\n","protected":false},"excerpt":{"rendered":"<p>Desde hoy mi\u00e9rcoles 20 y hasta el 23 de noviembre inclusive, se llevar\u00e1n a cabo&#8230;<\/p>\n","protected":false},"author":1,"featured_media":25478,"comment_status":"closed","ping_status":"closed","sticky":false,"template":"","format":"standard","meta":{"footnotes":""},"categories":[6],"tags":[],"class_list":["post-25477","post","type-post","status-publish","format-standard","has-post-thumbnail","hentry","category-ciudad-provincia"],"yoast_head":"<!-- This site is optimized with the Yoast SEO plugin v26.1.1 - https:\/\/yoast.com\/wordpress\/plugins\/seo\/ -->\n<title>MERLO: INFORMAN OPERATIVO MUNICIPAL DE TR\u00c1NSITO POR LA ULTRA TRAIL - Apuntes de San Luis<\/title>\n<meta name=\"robots\" content=\"index, follow, max-snippet:-1, max-image-preview:large, max-video-preview:-1\" \/>\n<link rel=\"canonical\" href=\"https:\/\/apuntesdesanluis.com\/index.php\/2024\/11\/20\/merlo-informan-operativo-municipal-de-transito-por-la-ultra-trail\/\" \/>\n<meta property=\"og:locale\" content=\"es_ES\" \/>\n<meta property=\"og:type\" content=\"article\" \/>\n<meta property=\"og:title\" content=\"MERLO: INFORMAN OPERATIVO MUNICIPAL DE TR\u00c1NSITO POR LA ULTRA TRAIL - Apuntes de San Luis\" \/>\n<meta property=\"og:description\" content=\"Desde hoy mi\u00e9rcoles 20 y hasta el 23 de noviembre inclusive, se llevar\u00e1n a cabo...\" \/>\n<meta property=\"og:url\" content=\"https:\/\/apuntesdesanluis.com\/index.php\/2024\/11\/20\/merlo-informan-operativo-municipal-de-transito-por-la-ultra-trail\/\" \/>\n<meta property=\"og:site_name\" content=\"Apuntes de San Luis\" \/>\n<meta property=\"article:published_time\" content=\"2024-11-20T13:22:49+00:00\" \/>\n<meta property=\"article:modified_time\" content=\"2024-11-20T22:25:55+00:00\" \/>\n<meta property=\"og:image\" content=\"https:\/\/apuntesdesanluis.com\/wp-content\/uploads\/2024\/11\/Imagen-de-WhatsApp-2024-11-20-a-las-11.17.15_0d415f29.jpg\" \/>\n\t<meta property=\"og:image:width\" content=\"797\" \/>\n\t<meta property=\"og:image:height\" content=\"416\" \/>\n\t<meta property=\"og:image:type\" content=\"image\/jpeg\" \/>\n<meta name=\"author\" content=\"apuntesdesanluis.com\" \/>\n<meta name=\"twitter:card\" content=\"summary_large_image\" \/>\n<meta name=\"twitter:label1\" content=\"Escrito por\" \/>\n\t<meta name=\"twitter:data1\" content=\"apuntesdesanluis.com\" \/>\n\t<meta name=\"twitter:label2\" content=\"Tiempo de lectura\" \/>\n\t<meta name=\"twitter:data2\" content=\"2 minutos\" \/>\n<script type=\"application\/ld+json\" class=\"yoast-schema-graph\">{\"@context\":\"https:\/\/schema.org\",\"@graph\":[{\"@type\":\"Article\",\"@id\":\"https:\/\/apuntesdesanluis.com\/index.php\/2024\/11\/20\/merlo-informan-operativo-municipal-de-transito-por-la-ultra-trail\/#article\",\"isPartOf\":{\"@id\":\"https:\/\/apuntesdesanluis.com\/index.php\/2024\/11\/20\/merlo-informan-operativo-municipal-de-transito-por-la-ultra-trail\/\"},\"author\":{\"name\":\"apuntesdesanluis.com\",\"@id\":\"https:\/\/apuntesdesanluis.com\/#\/schema\/person\/b55151d52296fcce64d1a72538a70b90\"},\"headline\":\"MERLO: INFORMAN OPERATIVO MUNICIPAL DE TR\u00c1NSITO POR LA ULTRA TRAIL\",\"datePublished\":\"2024-11-20T13:22:49+00:00\",\"dateModified\":\"2024-11-20T22:25:55+00:00\",\"mainEntityOfPage\":{\"@id\":\"https:\/\/apuntesdesanluis.com\/index.php\/2024\/11\/20\/merlo-informan-operativo-municipal-de-transito-por-la-ultra-trail\/\"},\"wordCount\":224,\"publisher\":{\"@id\":\"https:\/\/apuntesdesanluis.com\/#\/schema\/person\/b55151d52296fcce64d1a72538a70b90\"},\"image\":{\"@id\":\"https:\/\/apuntesdesanluis.com\/index.php\/2024\/11\/20\/merlo-informan-operativo-municipal-de-transito-por-la-ultra-trail\/#primaryimage\"},\"thumbnailUrl\":\"https:\/\/apuntesdesanluis.com\/wp-content\/uploads\/2024\/11\/Imagen-de-WhatsApp-2024-11-20-a-las-11.17.15_0d415f29.jpg\",\"articleSection\":[\"Ciudad\/Provincia\"],\"inLanguage\":\"es-AR\"},{\"@type\":\"WebPage\",\"@id\":\"https:\/\/apuntesdesanluis.com\/index.php\/2024\/11\/20\/merlo-informan-operativo-municipal-de-transito-por-la-ultra-trail\/\",\"url\":\"https:\/\/apuntesdesanluis.com\/index.php\/2024\/11\/20\/merlo-informan-operativo-municipal-de-transito-por-la-ultra-trail\/\",\"name\":\"MERLO: INFORMAN OPERATIVO MUNICIPAL DE TR\u00c1NSITO POR LA ULTRA TRAIL - Apuntes de San Luis\",\"isPartOf\":{\"@id\":\"https:\/\/apuntesdesanluis.com\/#website\"},\"primaryImageOfPage\":{\"@id\":\"https:\/\/apuntesdesanluis.com\/index.php\/2024\/11\/20\/merlo-informan-operativo-municipal-de-transito-por-la-ultra-trail\/#primaryimage\"},\"image\":{\"@id\":\"https:\/\/apuntesdesanluis.com\/index.php\/2024\/11\/20\/merlo-informan-operativo-municipal-de-transito-por-la-ultra-trail\/#primaryimage\"},\"thumbnailUrl\":\"https:\/\/apuntesdesanluis.com\/wp-content\/uploads\/2024\/11\/Imagen-de-WhatsApp-2024-11-20-a-las-11.17.15_0d415f29.jpg\",\"datePublished\":\"2024-11-20T13:22:49+00:00\",\"dateModified\":\"2024-11-20T22:25:55+00:00\",\"breadcrumb\":{\"@id\":\"https:\/\/apuntesdesanluis.com\/index.php\/2024\/11\/20\/merlo-informan-operativo-municipal-de-transito-por-la-ultra-trail\/#breadcrumb\"},\"inLanguage\":\"es-AR\",\"potentialAction\":[{\"@type\":\"ReadAction\",\"target\":[\"https:\/\/apuntesdesanluis.com\/index.php\/2024\/11\/20\/merlo-informan-operativo-municipal-de-transito-por-la-ultra-trail\/\"]}]},{\"@type\":\"ImageObject\",\"inLanguage\":\"es-AR\",\"@id\":\"https:\/\/apuntesdesanluis.com\/index.php\/2024\/11\/20\/merlo-informan-operativo-municipal-de-transito-por-la-ultra-trail\/#primaryimage\",\"url\":\"https:\/\/apuntesdesanluis.com\/wp-content\/uploads\/2024\/11\/Imagen-de-WhatsApp-2024-11-20-a-las-11.17.15_0d415f29.jpg\",\"contentUrl\":\"https:\/\/apuntesdesanluis.com\/wp-content\/uploads\/2024\/11\/Imagen-de-WhatsApp-2024-11-20-a-las-11.17.15_0d415f29.jpg\",\"width\":797,\"height\":416},{\"@type\":\"BreadcrumbList\",\"@id\":\"https:\/\/apuntesdesanluis.com\/index.php\/2024\/11\/20\/merlo-informan-operativo-municipal-de-transito-por-la-ultra-trail\/#breadcrumb\",\"itemListElement\":[{\"@type\":\"ListItem\",\"position\":1,\"name\":\"Inicio\",\"item\":\"https:\/\/apuntesdesanluis.com\/\"},{\"@type\":\"ListItem\",\"position\":2,\"name\":\"MERLO: INFORMAN OPERATIVO MUNICIPAL DE TR\u00c1NSITO POR LA ULTRA TRAIL\"}]},{\"@type\":\"WebSite\",\"@id\":\"https:\/\/apuntesdesanluis.com\/#website\",\"url\":\"https:\/\/apuntesdesanluis.com\/\",\"name\":\"Apuntes de San Luis\",\"description\":\"\",\"publisher\":{\"@id\":\"https:\/\/apuntesdesanluis.com\/#\/schema\/person\/b55151d52296fcce64d1a72538a70b90\"},\"potentialAction\":[{\"@type\":\"SearchAction\",\"target\":{\"@type\":\"EntryPoint\",\"urlTemplate\":\"https:\/\/apuntesdesanluis.com\/?s={search_term_string}\"},\"query-input\":{\"@type\":\"PropertyValueSpecification\",\"valueRequired\":true,\"valueName\":\"search_term_string\"}}],\"inLanguage\":\"es-AR\"},{\"@type\":[\"Person\",\"Organization\"],\"@id\":\"https:\/\/apuntesdesanluis.com\/#\/schema\/person\/b55151d52296fcce64d1a72538a70b90\",\"name\":\"apuntesdesanluis.com\",\"image\":{\"@type\":\"ImageObject\",\"inLanguage\":\"es-AR\",\"@id\":\"https:\/\/apuntesdesanluis.com\/#\/schema\/person\/image\/\",\"url\":\"https:\/\/apuntesdesanluis.com\/wp-content\/uploads\/2023\/07\/cropped-apuntesdesanluis.png\",\"contentUrl\":\"https:\/\/apuntesdesanluis.com\/wp-content\/uploads\/2023\/07\/cropped-apuntesdesanluis.png\",\"width\":450,\"height\":112,\"caption\":\"apuntesdesanluis.com\"},\"logo\":{\"@id\":\"https:\/\/apuntesdesanluis.com\/#\/schema\/person\/image\/\"},\"sameAs\":[\"https:\/\/apuntesdesanluis.com\"],\"url\":\"https:\/\/apuntesdesanluis.com\/index.php\/author\/apuntesdesanluis-com\/\"}]}<\/script>\n<!-- \/ Yoast SEO plugin. -->","yoast_head_json":{"title":"MERLO: INFORMAN OPERATIVO MUNICIPAL DE TR\u00c1NSITO POR LA ULTRA TRAIL - Apuntes de San Luis","robots":{"index":"index","follow":"follow","max-snippet":"max-snippet:-1","max-image-preview":"max-image-preview:large","max-video-preview":"max-video-preview:-1"},"canonical":"https:\/\/apuntesdesanluis.com\/index.php\/2024\/11\/20\/merlo-informan-operativo-municipal-de-transito-por-la-ultra-trail\/","og_locale":"es_ES","og_type":"article","og_title":"MERLO: INFORMAN OPERATIVO MUNICIPAL DE TR\u00c1NSITO POR LA ULTRA TRAIL - Apuntes de San Luis","og_description":"Desde hoy mi\u00e9rcoles 20 y hasta el 23 de noviembre inclusive, se llevar\u00e1n a cabo...","og_url":"https:\/\/apuntesdesanluis.com\/index.php\/2024\/11\/20\/merlo-informan-operativo-municipal-de-transito-por-la-ultra-trail\/","og_site_name":"Apuntes de San Luis","article_published_time":"2024-11-20T13:22:49+00:00","article_modified_time":"2024-11-20T22:25:55+00:00","og_image":[{"width":797,"height":416,"url":"https:\/\/apuntesdesanluis.com\/wp-content\/uploads\/2024\/11\/Imagen-de-WhatsApp-2024-11-20-a-las-11.17.15_0d415f29.jpg","type":"image\/jpeg"}],"author":"apuntesdesanluis.com","twitter_card":"summary_large_image","twitter_misc":{"Escrito por":"apuntesdesanluis.com","Tiempo de lectura":"2 minutos"},"schema":{"@context":"https:\/\/schema.org","@graph":[{"@type":"Article","@id":"https:\/\/apuntesdesanluis.com\/index.php\/2024\/11\/20\/merlo-informan-operativo-municipal-de-transito-por-la-ultra-trail\/#article","isPartOf":{"@id":"https:\/\/apuntesdesanluis.com\/index.php\/2024\/11\/20\/merlo-informan-operativo-municipal-de-transito-por-la-ultra-trail\/"},"author":{"name":"apuntesdesanluis.com","@id":"https:\/\/apuntesdesanluis.com\/#\/schema\/person\/b55151d52296fcce64d1a72538a70b90"},"headline":"MERLO: INFORMAN OPERATIVO MUNICIPAL DE TR\u00c1NSITO POR LA ULTRA TRAIL","datePublished":"2024-11-20T13:22:49+00:00","dateModified":"2024-11-20T22:25:55+00:00","mainEntityOfPage":{"@id":"https:\/\/apuntesdesanluis.com\/index.php\/2024\/11\/20\/merlo-informan-operativo-municipal-de-transito-por-la-ultra-trail\/"},"wordCount":224,"publisher":{"@id":"https:\/\/apuntesdesanluis.com\/#\/schema\/person\/b55151d52296fcce64d1a72538a70b90"},"image":{"@id":"https:\/\/apuntesdesanluis.com\/index.php\/2024\/11\/20\/merlo-informan-operativo-municipal-de-transito-por-la-ultra-trail\/#primaryimage"},"thumbnailUrl":"https:\/\/apuntesdesanluis.com\/wp-content\/uploads\/2024\/11\/Imagen-de-WhatsApp-2024-11-20-a-las-11.17.15_0d415f29.jpg","articleSection":["Ciudad\/Provincia"],"inLanguage":"es-AR"},{"@type":"WebPage","@id":"https:\/\/apuntesdesanluis.com\/index.php\/2024\/11\/20\/merlo-informan-operativo-municipal-de-transito-por-la-ultra-trail\/","url":"https:\/\/apuntesdesanluis.com\/index.php\/2024\/11\/20\/merlo-informan-operativo-municipal-de-transito-por-la-ultra-trail\/","name":"MERLO: INFORMAN OPERATIVO MUNICIPAL DE TR\u00c1NSITO POR LA ULTRA TRAIL - Apuntes de San Luis","isPartOf":{"@id":"https:\/\/apuntesdesanluis.com\/#website"},"primaryImageOfPage":{"@id":"https:\/\/apuntesdesanluis.com\/index.php\/2024\/11\/20\/merlo-informan-operativo-municipal-de-transito-por-la-ultra-trail\/#primaryimage"},"image":{"@id":"https:\/\/apuntesdesanluis.com\/index.php\/2024\/11\/20\/merlo-informan-operativo-municipal-de-transito-por-la-ultra-trail\/#primaryimage"},"thumbnailUrl":"https:\/\/apuntesdesanluis.com\/wp-content\/uploads\/2024\/11\/Imagen-de-WhatsApp-2024-11-20-a-las-11.17.15_0d415f29.jpg","datePublished":"2024-11-20T13:22:49+00:00","dateModified":"2024-11-20T22:25:55+00:00","breadcrumb":{"@id":"https:\/\/apuntesdesanluis.com\/index.php\/2024\/11\/20\/merlo-informan-operativo-municipal-de-transito-por-la-ultra-trail\/#breadcrumb"},"inLanguage":"es-AR","potentialAction":[{"@type":"ReadAction","target":["https:\/\/apuntesdesanluis.com\/index.php\/2024\/11\/20\/merlo-informan-operativo-municipal-de-transito-por-la-ultra-trail\/"]}]},{"@type":"ImageObject","inLanguage":"es-AR","@id":"https:\/\/apuntesdesanluis.com\/index.php\/2024\/11\/20\/merlo-informan-operativo-municipal-de-transito-por-la-ultra-trail\/#primaryimage","url":"https:\/\/apuntesdesanluis.com\/wp-content\/uploads\/2024\/11\/Imagen-de-WhatsApp-2024-11-20-a-las-11.17.15_0d415f29.jpg","contentUrl":"https:\/\/apuntesdesanluis.com\/wp-content\/uploads\/2024\/11\/Imagen-de-WhatsApp-2024-11-20-a-las-11.17.15_0d415f29.jpg","width":797,"height":416},{"@type":"BreadcrumbList","@id":"https:\/\/apuntesdesanluis.com\/index.php\/2024\/11\/20\/merlo-informan-operativo-municipal-de-transito-por-la-ultra-trail\/#breadcrumb","itemListElement":[{"@type":"ListItem","position":1,"name":"Inicio","item":"https:\/\/apuntesdesanluis.com\/"},{"@type":"ListItem","position":2,"name":"MERLO: INFORMAN OPERATIVO MUNICIPAL DE TR\u00c1NSITO POR LA ULTRA TRAIL"}]},{"@type":"WebSite","@id":"https:\/\/apuntesdesanluis.com\/#website","url":"https:\/\/apuntesdesanluis.com\/","name":"Apuntes de San Luis","description":"","publisher":{"@id":"https:\/\/apuntesdesanluis.com\/#\/schema\/person\/b55151d52296fcce64d1a72538a70b90"},"potentialAction":[{"@type":"SearchAction","target":{"@type":"EntryPoint","urlTemplate":"https:\/\/apuntesdesanluis.com\/?s={search_term_string}"},"query-input":{"@type":"PropertyValueSpecification","valueRequired":true,"valueName":"search_term_string"}}],"inLanguage":"es-AR"},{"@type":["Person","Organization"],"@id":"https:\/\/apuntesdesanluis.com\/#\/schema\/person\/b55151d52296fcce64d1a72538a70b90","name":"apuntesdesanluis.com","image":{"@type":"ImageObject","inLanguage":"es-AR","@id":"https:\/\/apuntesdesanluis.com\/#\/schema\/person\/image\/","url":"https:\/\/apuntesdesanluis.com\/wp-content\/uploads\/2023\/07\/cropped-apuntesdesanluis.png","contentUrl":"https:\/\/apuntesdesanluis.com\/wp-content\/uploads\/2023\/07\/cropped-apuntesdesanluis.png","width":450,"height":112,"caption":"apuntesdesanluis.com"},"logo":{"@id":"https:\/\/apuntesdesanluis.com\/#\/schema\/person\/image\/"},"sameAs":["https:\/\/apuntesdesanluis.com"],"url":"https:\/\/apuntesdesanluis.com\/index.php\/author\/apuntesdesanluis-com\/"}]}},"featured_image_urls":{"full":["https:\/\/apuntesdesanluis.com\/wp-content\/uploads\/2024\/11\/Imagen-de-WhatsApp-2024-11-20-a-las-11.17.15_0d415f29.jpg",797,416,false],"thumbnail":["https:\/\/apuntesdesanluis.com\/wp-content\/uploads\/2024\/11\/Imagen-de-WhatsApp-2024-11-20-a-las-11.17.15_0d415f29-150x150.jpg",150,150,true],"medium":["https:\/\/apuntesdesanluis.com\/wp-content\/uploads\/2024\/11\/Imagen-de-WhatsApp-2024-11-20-a-las-11.17.15_0d415f29-300x157.jpg",300,157,true],"medium_large":["https:\/\/apuntesdesanluis.com\/wp-content\/uploads\/2024\/11\/Imagen-de-WhatsApp-2024-11-20-a-las-11.17.15_0d415f29-768x401.jpg",640,334,true],"large":["https:\/\/apuntesdesanluis.com\/wp-content\/uploads\/2024\/11\/Imagen-de-WhatsApp-2024-11-20-a-las-11.17.15_0d415f29.jpg",640,334,false],"1536x1536":["https:\/\/apuntesdesanluis.com\/wp-content\/uploads\/2024\/11\/Imagen-de-WhatsApp-2024-11-20-a-las-11.17.15_0d415f29.jpg",797,416,false],"2048x2048":["https:\/\/apuntesdesanluis.com\/wp-content\/uploads\/2024\/11\/Imagen-de-WhatsApp-2024-11-20-a-las-11.17.15_0d415f29.jpg",797,416,false],"newsever-slider-full":["https:\/\/apuntesdesanluis.com\/wp-content\/uploads\/2024\/11\/Imagen-de-WhatsApp-2024-11-20-a-las-11.17.15_0d415f29.jpg",797,416,false],"newsever-featured":["https:\/\/apuntesdesanluis.com\/wp-content\/uploads\/2024\/11\/Imagen-de-WhatsApp-2024-11-20-a-las-11.17.15_0d415f29.jpg",797,416,false],"newsever-medium":["https:\/\/apuntesdesanluis.com\/wp-content\/uploads\/2024\/11\/Imagen-de-WhatsApp-2024-11-20-a-las-11.17.15_0d415f29-720x416.jpg",720,416,true]},"author_info":{"display_name":"apuntesdesanluis.com","author_link":"https:\/\/apuntesdesanluis.com\/index.php\/author\/apuntesdesanluis-com\/"},"category_info":"<a href=\"https:\/\/apuntesdesanluis.com\/index.php\/category\/ciudad-provincia\/\" rel=\"category tag\">Ciudad\/Provincia<\/a>","tag_info":"Ciudad\/Provincia","comment_count":"0","_links":{"self":[{"href":"https:\/\/apuntesdesanluis.com\/index.php\/wp-json\/wp\/v2\/posts\/25477","targetHints":{"allow":["GET"]}}],"collection":[{"href":"https:\/\/apuntesdesanluis.com\/index.php\/wp-json\/wp\/v2\/posts"}],"about":[{"href":"https:\/\/apuntesdesanluis.com\/index.php\/wp-json\/wp\/v2\/types\/post"}],"author":[{"embeddable":true,"href":"https:\/\/apuntesdesanluis.com\/index.php\/wp-json\/wp\/v2\/users\/1"}],"replies":[{"embeddable":true,"href":"https:\/\/apuntesdesanluis.com\/index.php\/wp-json\/wp\/v2\/comments?post=25477"}],"version-history":[{"count":1,"href":"https:\/\/apuntesdesanluis.com\/index.php\/wp-json\/wp\/v2\/posts\/25477\/revisions"}],"predecessor-version":[{"id":25479,"href":"https:\/\/apuntesdesanluis.com\/index.php\/wp-json\/wp\/v2\/posts\/25477\/revisions\/25479"}],"wp:featuredmedia":[{"embeddable":true,"href":"https:\/\/apuntesdesanluis.com\/index.php\/wp-json\/wp\/v2\/media\/25478"}],"wp:attachment":[{"href":"https:\/\/apuntesdesanluis.com\/index.php\/wp-json\/wp\/v2\/media?parent=25477"}],"wp:term":[{"taxonomy":"category","embeddable":true,"href":"https:\/\/apuntesdesanluis.com\/index.php\/wp-json\/wp\/v2\/categories?post=25477"},{"taxonomy":"post_tag","embeddable":true,"href":"https:\/\/apuntesdesanluis.com\/index.php\/wp-json\/wp\/v2\/tags?post=25477"}],"curies":[{"name":"wp","href":"https:\/\/api.w.org\/{rel}","templated":true}]}}