{"id":25480,"date":"2024-11-20T19:43:34","date_gmt":"2024-11-20T22:43:34","guid":{"rendered":"https:\/\/apuntesdesanluis.com\/?p=25480"},"modified":"2024-11-20T19:45:05","modified_gmt":"2024-11-20T22:45:05","slug":"cientos-de-grandes-y-chicos-recorrieron-la-feria-literaria-villa-mercedes-lee-2024","status":"publish","type":"post","link":"https:\/\/apuntesdesanluis.com\/index.php\/2024\/11\/20\/cientos-de-grandes-y-chicos-recorrieron-la-feria-literaria-villa-mercedes-lee-2024\/","title":{"rendered":"CIENTOS DE GRANDES Y CHICOS RECORRIERON LA FERIA LITERARIA &#8220;VILLA MERCEDES LEE 2024&#8221;"},"content":{"rendered":"<h3>Este mi\u00e9rcoles por la ma\u00f1ana el intendente <strong>Maximiliano Frontera<\/strong> presidi\u00f3 el acto de inauguraci\u00f3n, acompa\u00f1ado por el rector de la UNViMe, Marcelo Sosa, Legisladores provinciales y municipales y representantes de instituciones intermedias.<\/h3>\n<h3>En la apertura de la <strong>Feria Literaria Villa Mercedes &#8220;Lee 2024&#8221;<\/strong> tambi\u00e9n participaron escritores, editores, artistas,\u00a0 funcionarios, ex combatientes de Malvinas y un gran n\u00famero de delegaciones escolares y vecinos.<\/h3>\n<p><img fetchpriority=\"high\" decoding=\"async\" class=\"wp-image-25486 aligncenter\" src=\"https:\/\/apuntesdesanluis.com\/wp-content\/uploads\/2024\/11\/feria-libro-300x175.png\" alt=\"\" width=\"573\" height=\"334\" srcset=\"https:\/\/apuntesdesanluis.com\/wp-content\/uploads\/2024\/11\/feria-libro-300x175.png 300w, https:\/\/apuntesdesanluis.com\/wp-content\/uploads\/2024\/11\/feria-libro.png 723w\" sizes=\"(max-width: 573px) 100vw, 573px\" \/><\/p>\n<h3>El jefe comunal destac\u00f3 que &#8220;debemos revalorizar y mantener viva la cultura, la historia y estos s\u00edmbolos de nuestra ciudad y que a la gente tanto le gustan&#8221;.<\/h3>\n<h3>Como al pasar, desliz\u00f3 que no se pudo utilizar el nombre original, feria del libro, porque el mismo fue inscripto en el registro de propiedad intelectual. Aunque no la nombr\u00f3, se refer\u00eda a la ex secretaria de Cultura, <strong>Silvana Merlo<\/strong>.<\/h3>\n<p><img decoding=\"async\" class=\"wp-image-25487 aligncenter\" src=\"https:\/\/apuntesdesanluis.com\/wp-content\/uploads\/2024\/11\/feria-libro-publico-300x173.png\" alt=\"\" width=\"577\" height=\"333\" srcset=\"https:\/\/apuntesdesanluis.com\/wp-content\/uploads\/2024\/11\/feria-libro-publico-300x173.png 300w, https:\/\/apuntesdesanluis.com\/wp-content\/uploads\/2024\/11\/feria-libro-publico-768x442.png 768w, https:\/\/apuntesdesanluis.com\/wp-content\/uploads\/2024\/11\/feria-libro-publico.png 803w\" sizes=\"(max-width: 577px) 100vw, 577px\" \/><\/p>\n<h3>En el comienzo del acto se entonaron las estrofas del Himno Nacional Argentino y diputados y concejales entregaron Declaraciones de Inter\u00e9s por el evento.<\/h3>\n<h3>Tambi\u00e9n el intendente realiz\u00f3 la firma de actas de Intenci\u00f3n para unir lazos con la Asociaci\u00f3n Dante Alighieri local y con la Universidad de R\u00edo Cuarto.<\/h3>\n<p><img decoding=\"async\" class=\"wp-image-25483 aligncenter\" src=\"https:\/\/apuntesdesanluis.com\/wp-content\/uploads\/2024\/11\/feria-acuerdo-300x196.png\" alt=\"\" width=\"566\" height=\"370\" srcset=\"https:\/\/apuntesdesanluis.com\/wp-content\/uploads\/2024\/11\/feria-acuerdo-300x196.png 300w, https:\/\/apuntesdesanluis.com\/wp-content\/uploads\/2024\/11\/feria-acuerdo-768x502.png 768w, https:\/\/apuntesdesanluis.com\/wp-content\/uploads\/2024\/11\/feria-acuerdo.png 906w\" sizes=\"(max-width: 566px) 100vw, 566px\" \/><\/p>\n<h3>Adem\u00e1s, el grupo Danza Teatro, integrado por artistas de la ciudad y dirigido por Gabriel Rodr\u00edguez, present\u00f3 su obra &#8220;El Cuerpo Escribe&#8221;.<\/h3>\n<p><img loading=\"lazy\" decoding=\"async\" class=\"wp-image-25484 aligncenter\" src=\"https:\/\/apuntesdesanluis.com\/wp-content\/uploads\/2024\/11\/feria-espectaculo-300x183.png\" alt=\"\" width=\"567\" height=\"346\" srcset=\"https:\/\/apuntesdesanluis.com\/wp-content\/uploads\/2024\/11\/feria-espectaculo-300x183.png 300w, https:\/\/apuntesdesanluis.com\/wp-content\/uploads\/2024\/11\/feria-espectaculo-768x469.png 768w, https:\/\/apuntesdesanluis.com\/wp-content\/uploads\/2024\/11\/feria-espectaculo.png 890w\" sizes=\"(max-width: 567px) 100vw, 567px\" \/><\/p>\n<h3>La feria qued\u00f3 inaugurada con el canto de la cueca Calle Angosta y el corte de cinta y recorrido por los stands.<\/h3>\n<h3>La Banda de la V Brigada A\u00e9rea fue la encargada de musicalizar el evento.<\/h3>\n<h3>El programa incluye talleres, presentaci\u00f3n de libros y poemas, una jornada de literatura, reconocimientos, shows art\u00edsticos y mucho m\u00e1s, en una amplia agenda que se desplegar\u00e1 en la Casa de la Cultura.<\/h3>\n<p><img loading=\"lazy\" decoding=\"async\" class=\"wp-image-25482 aligncenter\" src=\"https:\/\/apuntesdesanluis.com\/wp-content\/uploads\/2024\/11\/feria-tata-300x188.png\" alt=\"\" width=\"563\" height=\"353\" srcset=\"https:\/\/apuntesdesanluis.com\/wp-content\/uploads\/2024\/11\/feria-tata-300x188.png 300w, https:\/\/apuntesdesanluis.com\/wp-content\/uploads\/2024\/11\/feria-tata-768x482.png 768w, https:\/\/apuntesdesanluis.com\/wp-content\/uploads\/2024\/11\/feria-tata.png 823w\" sizes=\"(max-width: 563px) 100vw, 563px\" \/><\/p>\n<h3>La actividad continuar\u00e1 este jueves, condicionada al estado del tiempo.<\/h3>\n<p><img loading=\"lazy\" decoding=\"async\" class=\"wp-image-25459 aligncenter\" src=\"https:\/\/apuntesdesanluis.com\/wp-content\/uploads\/2024\/11\/PROGRAMA-3-250x300.png\" alt=\"\" width=\"561\" height=\"673\" srcset=\"https:\/\/apuntesdesanluis.com\/wp-content\/uploads\/2024\/11\/PROGRAMA-3-250x300.png 250w, https:\/\/apuntesdesanluis.com\/wp-content\/uploads\/2024\/11\/PROGRAMA-3.png 703w\" sizes=\"(max-width: 561px) 100vw, 561px\" \/><\/p>\n<p><img loading=\"lazy\" decoding=\"async\" class=\"wp-image-25458 aligncenter\" src=\"https:\/\/apuntesdesanluis.com\/wp-content\/uploads\/2024\/11\/PROGRAMA-2-248x300.png\" alt=\"\" width=\"560\" height=\"677\" srcset=\"https:\/\/apuntesdesanluis.com\/wp-content\/uploads\/2024\/11\/PROGRAMA-2-248x300.png 248w, https:\/\/apuntesdesanluis.com\/wp-content\/uploads\/2024\/11\/PROGRAMA-2.png 702w\" sizes=\"(max-width: 560px) 100vw, 560px\" \/><\/p>\n<p>&nbsp;<\/p>\n<p>&nbsp;<\/p>\n<p>&nbsp;<\/p>\n","protected":false},"excerpt":{"rendered":"<p>Este mi\u00e9rcoles por la ma\u00f1ana el intendente Maximiliano Frontera presidi\u00f3 el acto de inauguraci\u00f3n, acompa\u00f1ado&#8230;<\/p>\n","protected":false},"author":1,"featured_media":25481,"comment_status":"closed","ping_status":"closed","sticky":false,"template":"","format":"standard","meta":{"footnotes":""},"categories":[6],"tags":[],"class_list":["post-25480","post","type-post","status-publish","format-standard","has-post-thumbnail","hentry","category-ciudad-provincia"],"yoast_head":"<!-- This site is optimized with the Yoast SEO plugin v26.1.1 - https:\/\/yoast.com\/wordpress\/plugins\/seo\/ -->\n<title>CIENTOS DE GRANDES Y CHICOS RECORRIERON LA FERIA LITERARIA &quot;VILLA MERCEDES LEE 2024&quot; - Apuntes de San Luis<\/title>\n<meta name=\"robots\" content=\"index, follow, max-snippet:-1, max-image-preview:large, max-video-preview:-1\" \/>\n<link rel=\"canonical\" href=\"https:\/\/apuntesdesanluis.com\/index.php\/2024\/11\/20\/cientos-de-grandes-y-chicos-recorrieron-la-feria-literaria-villa-mercedes-lee-2024\/\" \/>\n<meta property=\"og:locale\" content=\"es_ES\" \/>\n<meta property=\"og:type\" content=\"article\" \/>\n<meta property=\"og:title\" content=\"CIENTOS DE GRANDES Y CHICOS RECORRIERON LA FERIA LITERARIA &quot;VILLA MERCEDES LEE 2024&quot; - Apuntes de San Luis\" \/>\n<meta property=\"og:description\" content=\"Este mi\u00e9rcoles por la ma\u00f1ana el intendente Maximiliano Frontera presidi\u00f3 el acto de inauguraci\u00f3n, acompa\u00f1ado...\" \/>\n<meta property=\"og:url\" content=\"https:\/\/apuntesdesanluis.com\/index.php\/2024\/11\/20\/cientos-de-grandes-y-chicos-recorrieron-la-feria-literaria-villa-mercedes-lee-2024\/\" \/>\n<meta property=\"og:site_name\" content=\"Apuntes de San Luis\" \/>\n<meta property=\"article:published_time\" content=\"2024-11-20T22:43:34+00:00\" \/>\n<meta property=\"article:modified_time\" content=\"2024-11-20T22:45:05+00:00\" \/>\n<meta property=\"og:image\" content=\"https:\/\/apuntesdesanluis.com\/wp-content\/uploads\/2024\/11\/feria-maxi.png\" \/>\n\t<meta property=\"og:image:width\" content=\"840\" \/>\n\t<meta property=\"og:image:height\" content=\"551\" \/>\n\t<meta property=\"og:image:type\" content=\"image\/png\" \/>\n<meta name=\"author\" content=\"apuntesdesanluis.com\" \/>\n<meta name=\"twitter:card\" content=\"summary_large_image\" \/>\n<meta name=\"twitter:label1\" content=\"Escrito por\" \/>\n\t<meta name=\"twitter:data1\" content=\"apuntesdesanluis.com\" \/>\n\t<meta name=\"twitter:label2\" content=\"Tiempo de lectura\" \/>\n\t<meta name=\"twitter:data2\" content=\"3 minutos\" \/>\n<script type=\"application\/ld+json\" class=\"yoast-schema-graph\">{\"@context\":\"https:\/\/schema.org\",\"@graph\":[{\"@type\":\"Article\",\"@id\":\"https:\/\/apuntesdesanluis.com\/index.php\/2024\/11\/20\/cientos-de-grandes-y-chicos-recorrieron-la-feria-literaria-villa-mercedes-lee-2024\/#article\",\"isPartOf\":{\"@id\":\"https:\/\/apuntesdesanluis.com\/index.php\/2024\/11\/20\/cientos-de-grandes-y-chicos-recorrieron-la-feria-literaria-villa-mercedes-lee-2024\/\"},\"author\":{\"name\":\"apuntesdesanluis.com\",\"@id\":\"https:\/\/apuntesdesanluis.com\/#\/schema\/person\/b55151d52296fcce64d1a72538a70b90\"},\"headline\":\"CIENTOS DE GRANDES Y CHICOS RECORRIERON LA FERIA LITERARIA &#8220;VILLA MERCEDES LEE 2024&#8221;\",\"datePublished\":\"2024-11-20T22:43:34+00:00\",\"dateModified\":\"2024-11-20T22:45:05+00:00\",\"mainEntityOfPage\":{\"@id\":\"https:\/\/apuntesdesanluis.com\/index.php\/2024\/11\/20\/cientos-de-grandes-y-chicos-recorrieron-la-feria-literaria-villa-mercedes-lee-2024\/\"},\"wordCount\":313,\"publisher\":{\"@id\":\"https:\/\/apuntesdesanluis.com\/#\/schema\/person\/b55151d52296fcce64d1a72538a70b90\"},\"image\":{\"@id\":\"https:\/\/apuntesdesanluis.com\/index.php\/2024\/11\/20\/cientos-de-grandes-y-chicos-recorrieron-la-feria-literaria-villa-mercedes-lee-2024\/#primaryimage\"},\"thumbnailUrl\":\"https:\/\/apuntesdesanluis.com\/wp-content\/uploads\/2024\/11\/feria-maxi.png\",\"articleSection\":[\"Ciudad\/Provincia\"],\"inLanguage\":\"es-AR\"},{\"@type\":\"WebPage\",\"@id\":\"https:\/\/apuntesdesanluis.com\/index.php\/2024\/11\/20\/cientos-de-grandes-y-chicos-recorrieron-la-feria-literaria-villa-mercedes-lee-2024\/\",\"url\":\"https:\/\/apuntesdesanluis.com\/index.php\/2024\/11\/20\/cientos-de-grandes-y-chicos-recorrieron-la-feria-literaria-villa-mercedes-lee-2024\/\",\"name\":\"CIENTOS DE GRANDES Y CHICOS RECORRIERON LA FERIA LITERARIA \\\"VILLA MERCEDES LEE 2024\\\" - Apuntes de San Luis\",\"isPartOf\":{\"@id\":\"https:\/\/apuntesdesanluis.com\/#website\"},\"primaryImageOfPage\":{\"@id\":\"https:\/\/apuntesdesanluis.com\/index.php\/2024\/11\/20\/cientos-de-grandes-y-chicos-recorrieron-la-feria-literaria-villa-mercedes-lee-2024\/#primaryimage\"},\"image\":{\"@id\":\"https:\/\/apuntesdesanluis.com\/index.php\/2024\/11\/20\/cientos-de-grandes-y-chicos-recorrieron-la-feria-literaria-villa-mercedes-lee-2024\/#primaryimage\"},\"thumbnailUrl\":\"https:\/\/apuntesdesanluis.com\/wp-content\/uploads\/2024\/11\/feria-maxi.png\",\"datePublished\":\"2024-11-20T22:43:34+00:00\",\"dateModified\":\"2024-11-20T22:45:05+00:00\",\"breadcrumb\":{\"@id\":\"https:\/\/apuntesdesanluis.com\/index.php\/2024\/11\/20\/cientos-de-grandes-y-chicos-recorrieron-la-feria-literaria-villa-mercedes-lee-2024\/#breadcrumb\"},\"inLanguage\":\"es-AR\",\"potentialAction\":[{\"@type\":\"ReadAction\",\"target\":[\"https:\/\/apuntesdesanluis.com\/index.php\/2024\/11\/20\/cientos-de-grandes-y-chicos-recorrieron-la-feria-literaria-villa-mercedes-lee-2024\/\"]}]},{\"@type\":\"ImageObject\",\"inLanguage\":\"es-AR\",\"@id\":\"https:\/\/apuntesdesanluis.com\/index.php\/2024\/11\/20\/cientos-de-grandes-y-chicos-recorrieron-la-feria-literaria-villa-mercedes-lee-2024\/#primaryimage\",\"url\":\"https:\/\/apuntesdesanluis.com\/wp-content\/uploads\/2024\/11\/feria-maxi.png\",\"contentUrl\":\"https:\/\/apuntesdesanluis.com\/wp-content\/uploads\/2024\/11\/feria-maxi.png\",\"width\":840,\"height\":551},{\"@type\":\"BreadcrumbList\",\"@id\":\"https:\/\/apuntesdesanluis.com\/index.php\/2024\/11\/20\/cientos-de-grandes-y-chicos-recorrieron-la-feria-literaria-villa-mercedes-lee-2024\/#breadcrumb\",\"itemListElement\":[{\"@type\":\"ListItem\",\"position\":1,\"name\":\"Inicio\",\"item\":\"https:\/\/apuntesdesanluis.com\/\"},{\"@type\":\"ListItem\",\"position\":2,\"name\":\"CIENTOS DE GRANDES Y CHICOS RECORRIERON LA FERIA LITERARIA &#8220;VILLA MERCEDES LEE 2024&#8221;\"}]},{\"@type\":\"WebSite\",\"@id\":\"https:\/\/apuntesdesanluis.com\/#website\",\"url\":\"https:\/\/apuntesdesanluis.com\/\",\"name\":\"Apuntes de San Luis\",\"description\":\"\",\"publisher\":{\"@id\":\"https:\/\/apuntesdesanluis.com\/#\/schema\/person\/b55151d52296fcce64d1a72538a70b90\"},\"potentialAction\":[{\"@type\":\"SearchAction\",\"target\":{\"@type\":\"EntryPoint\",\"urlTemplate\":\"https:\/\/apuntesdesanluis.com\/?s={search_term_string}\"},\"query-input\":{\"@type\":\"PropertyValueSpecification\",\"valueRequired\":true,\"valueName\":\"search_term_string\"}}],\"inLanguage\":\"es-AR\"},{\"@type\":[\"Person\",\"Organization\"],\"@id\":\"https:\/\/apuntesdesanluis.com\/#\/schema\/person\/b55151d52296fcce64d1a72538a70b90\",\"name\":\"apuntesdesanluis.com\",\"image\":{\"@type\":\"ImageObject\",\"inLanguage\":\"es-AR\",\"@id\":\"https:\/\/apuntesdesanluis.com\/#\/schema\/person\/image\/\",\"url\":\"https:\/\/apuntesdesanluis.com\/wp-content\/uploads\/2023\/07\/cropped-apuntesdesanluis.png\",\"contentUrl\":\"https:\/\/apuntesdesanluis.com\/wp-content\/uploads\/2023\/07\/cropped-apuntesdesanluis.png\",\"width\":450,\"height\":112,\"caption\":\"apuntesdesanluis.com\"},\"logo\":{\"@id\":\"https:\/\/apuntesdesanluis.com\/#\/schema\/person\/image\/\"},\"sameAs\":[\"https:\/\/apuntesdesanluis.com\"],\"url\":\"https:\/\/apuntesdesanluis.com\/index.php\/author\/apuntesdesanluis-com\/\"}]}<\/script>\n<!-- \/ Yoast SEO plugin. -->","yoast_head_json":{"title":"CIENTOS DE GRANDES Y CHICOS RECORRIERON LA FERIA LITERARIA \"VILLA MERCEDES LEE 2024\" - Apuntes de San Luis","robots":{"index":"index","follow":"follow","max-snippet":"max-snippet:-1","max-image-preview":"max-image-preview:large","max-video-preview":"max-video-preview:-1"},"canonical":"https:\/\/apuntesdesanluis.com\/index.php\/2024\/11\/20\/cientos-de-grandes-y-chicos-recorrieron-la-feria-literaria-villa-mercedes-lee-2024\/","og_locale":"es_ES","og_type":"article","og_title":"CIENTOS DE GRANDES Y CHICOS RECORRIERON LA FERIA LITERARIA \"VILLA MERCEDES LEE 2024\" - Apuntes de San Luis","og_description":"Este mi\u00e9rcoles por la ma\u00f1ana el intendente Maximiliano Frontera presidi\u00f3 el acto de inauguraci\u00f3n, acompa\u00f1ado...","og_url":"https:\/\/apuntesdesanluis.com\/index.php\/2024\/11\/20\/cientos-de-grandes-y-chicos-recorrieron-la-feria-literaria-villa-mercedes-lee-2024\/","og_site_name":"Apuntes de San Luis","article_published_time":"2024-11-20T22:43:34+00:00","article_modified_time":"2024-11-20T22:45:05+00:00","og_image":[{"width":840,"height":551,"url":"https:\/\/apuntesdesanluis.com\/wp-content\/uploads\/2024\/11\/feria-maxi.png","type":"image\/png"}],"author":"apuntesdesanluis.com","twitter_card":"summary_large_image","twitter_misc":{"Escrito por":"apuntesdesanluis.com","Tiempo de lectura":"3 minutos"},"schema":{"@context":"https:\/\/schema.org","@graph":[{"@type":"Article","@id":"https:\/\/apuntesdesanluis.com\/index.php\/2024\/11\/20\/cientos-de-grandes-y-chicos-recorrieron-la-feria-literaria-villa-mercedes-lee-2024\/#article","isPartOf":{"@id":"https:\/\/apuntesdesanluis.com\/index.php\/2024\/11\/20\/cientos-de-grandes-y-chicos-recorrieron-la-feria-literaria-villa-mercedes-lee-2024\/"},"author":{"name":"apuntesdesanluis.com","@id":"https:\/\/apuntesdesanluis.com\/#\/schema\/person\/b55151d52296fcce64d1a72538a70b90"},"headline":"CIENTOS DE GRANDES Y CHICOS RECORRIERON LA FERIA LITERARIA &#8220;VILLA MERCEDES LEE 2024&#8221;","datePublished":"2024-11-20T22:43:34+00:00","dateModified":"2024-11-20T22:45:05+00:00","mainEntityOfPage":{"@id":"https:\/\/apuntesdesanluis.com\/index.php\/2024\/11\/20\/cientos-de-grandes-y-chicos-recorrieron-la-feria-literaria-villa-mercedes-lee-2024\/"},"wordCount":313,"publisher":{"@id":"https:\/\/apuntesdesanluis.com\/#\/schema\/person\/b55151d52296fcce64d1a72538a70b90"},"image":{"@id":"https:\/\/apuntesdesanluis.com\/index.php\/2024\/11\/20\/cientos-de-grandes-y-chicos-recorrieron-la-feria-literaria-villa-mercedes-lee-2024\/#primaryimage"},"thumbnailUrl":"https:\/\/apuntesdesanluis.com\/wp-content\/uploads\/2024\/11\/feria-maxi.png","articleSection":["Ciudad\/Provincia"],"inLanguage":"es-AR"},{"@type":"WebPage","@id":"https:\/\/apuntesdesanluis.com\/index.php\/2024\/11\/20\/cientos-de-grandes-y-chicos-recorrieron-la-feria-literaria-villa-mercedes-lee-2024\/","url":"https:\/\/apuntesdesanluis.com\/index.php\/2024\/11\/20\/cientos-de-grandes-y-chicos-recorrieron-la-feria-literaria-villa-mercedes-lee-2024\/","name":"CIENTOS DE GRANDES Y CHICOS RECORRIERON LA FERIA LITERARIA \"VILLA MERCEDES LEE 2024\" - Apuntes de San Luis","isPartOf":{"@id":"https:\/\/apuntesdesanluis.com\/#website"},"primaryImageOfPage":{"@id":"https:\/\/apuntesdesanluis.com\/index.php\/2024\/11\/20\/cientos-de-grandes-y-chicos-recorrieron-la-feria-literaria-villa-mercedes-lee-2024\/#primaryimage"},"image":{"@id":"https:\/\/apuntesdesanluis.com\/index.php\/2024\/11\/20\/cientos-de-grandes-y-chicos-recorrieron-la-feria-literaria-villa-mercedes-lee-2024\/#primaryimage"},"thumbnailUrl":"https:\/\/apuntesdesanluis.com\/wp-content\/uploads\/2024\/11\/feria-maxi.png","datePublished":"2024-11-20T22:43:34+00:00","dateModified":"2024-11-20T22:45:05+00:00","breadcrumb":{"@id":"https:\/\/apuntesdesanluis.com\/index.php\/2024\/11\/20\/cientos-de-grandes-y-chicos-recorrieron-la-feria-literaria-villa-mercedes-lee-2024\/#breadcrumb"},"inLanguage":"es-AR","potentialAction":[{"@type":"ReadAction","target":["https:\/\/apuntesdesanluis.com\/index.php\/2024\/11\/20\/cientos-de-grandes-y-chicos-recorrieron-la-feria-literaria-villa-mercedes-lee-2024\/"]}]},{"@type":"ImageObject","inLanguage":"es-AR","@id":"https:\/\/apuntesdesanluis.com\/index.php\/2024\/11\/20\/cientos-de-grandes-y-chicos-recorrieron-la-feria-literaria-villa-mercedes-lee-2024\/#primaryimage","url":"https:\/\/apuntesdesanluis.com\/wp-content\/uploads\/2024\/11\/feria-maxi.png","contentUrl":"https:\/\/apuntesdesanluis.com\/wp-content\/uploads\/2024\/11\/feria-maxi.png","width":840,"height":551},{"@type":"BreadcrumbList","@id":"https:\/\/apuntesdesanluis.com\/index.php\/2024\/11\/20\/cientos-de-grandes-y-chicos-recorrieron-la-feria-literaria-villa-mercedes-lee-2024\/#breadcrumb","itemListElement":[{"@type":"ListItem","position":1,"name":"Inicio","item":"https:\/\/apuntesdesanluis.com\/"},{"@type":"ListItem","position":2,"name":"CIENTOS DE GRANDES Y CHICOS RECORRIERON LA FERIA LITERARIA &#8220;VILLA MERCEDES LEE 2024&#8221;"}]},{"@type":"WebSite","@id":"https:\/\/apuntesdesanluis.com\/#website","url":"https:\/\/apuntesdesanluis.com\/","name":"Apuntes de San Luis","description":"","publisher":{"@id":"https:\/\/apuntesdesanluis.com\/#\/schema\/person\/b55151d52296fcce64d1a72538a70b90"},"potentialAction":[{"@type":"SearchAction","target":{"@type":"EntryPoint","urlTemplate":"https:\/\/apuntesdesanluis.com\/?s={search_term_string}"},"query-input":{"@type":"PropertyValueSpecification","valueRequired":true,"valueName":"search_term_string"}}],"inLanguage":"es-AR"},{"@type":["Person","Organization"],"@id":"https:\/\/apuntesdesanluis.com\/#\/schema\/person\/b55151d52296fcce64d1a72538a70b90","name":"apuntesdesanluis.com","image":{"@type":"ImageObject","inLanguage":"es-AR","@id":"https:\/\/apuntesdesanluis.com\/#\/schema\/person\/image\/","url":"https:\/\/apuntesdesanluis.com\/wp-content\/uploads\/2023\/07\/cropped-apuntesdesanluis.png","contentUrl":"https:\/\/apuntesdesanluis.com\/wp-content\/uploads\/2023\/07\/cropped-apuntesdesanluis.png","width":450,"height":112,"caption":"apuntesdesanluis.com"},"logo":{"@id":"https:\/\/apuntesdesanluis.com\/#\/schema\/person\/image\/"},"sameAs":["https:\/\/apuntesdesanluis.com"],"url":"https:\/\/apuntesdesanluis.com\/index.php\/author\/apuntesdesanluis-com\/"}]}},"featured_image_urls":{"full":["https:\/\/apuntesdesanluis.com\/wp-content\/uploads\/2024\/11\/feria-maxi.png",840,551,false],"thumbnail":["https:\/\/apuntesdesanluis.com\/wp-content\/uploads\/2024\/11\/feria-maxi-150x150.png",150,150,true],"medium":["https:\/\/apuntesdesanluis.com\/wp-content\/uploads\/2024\/11\/feria-maxi-300x197.png",300,197,true],"medium_large":["https:\/\/apuntesdesanluis.com\/wp-content\/uploads\/2024\/11\/feria-maxi-768x504.png",640,420,true],"large":["https:\/\/apuntesdesanluis.com\/wp-content\/uploads\/2024\/11\/feria-maxi.png",640,420,false],"1536x1536":["https:\/\/apuntesdesanluis.com\/wp-content\/uploads\/2024\/11\/feria-maxi.png",840,551,false],"2048x2048":["https:\/\/apuntesdesanluis.com\/wp-content\/uploads\/2024\/11\/feria-maxi.png",840,551,false],"newsever-slider-full":["https:\/\/apuntesdesanluis.com\/wp-content\/uploads\/2024\/11\/feria-maxi.png",840,551,false],"newsever-featured":["https:\/\/apuntesdesanluis.com\/wp-content\/uploads\/2024\/11\/feria-maxi.png",840,551,false],"newsever-medium":["https:\/\/apuntesdesanluis.com\/wp-content\/uploads\/2024\/11\/feria-maxi-720x475.png",720,475,true]},"author_info":{"display_name":"apuntesdesanluis.com","author_link":"https:\/\/apuntesdesanluis.com\/index.php\/author\/apuntesdesanluis-com\/"},"category_info":"<a href=\"https:\/\/apuntesdesanluis.com\/index.php\/category\/ciudad-provincia\/\" rel=\"category tag\">Ciudad\/Provincia<\/a>","tag_info":"Ciudad\/Provincia","comment_count":"0","_links":{"self":[{"href":"https:\/\/apuntesdesanluis.com\/index.php\/wp-json\/wp\/v2\/posts\/25480","targetHints":{"allow":["GET"]}}],"collection":[{"href":"https:\/\/apuntesdesanluis.com\/index.php\/wp-json\/wp\/v2\/posts"}],"about":[{"href":"https:\/\/apuntesdesanluis.com\/index.php\/wp-json\/wp\/v2\/types\/post"}],"author":[{"embeddable":true,"href":"https:\/\/apuntesdesanluis.com\/index.php\/wp-json\/wp\/v2\/users\/1"}],"replies":[{"embeddable":true,"href":"https:\/\/apuntesdesanluis.com\/index.php\/wp-json\/wp\/v2\/comments?post=25480"}],"version-history":[{"count":5,"href":"https:\/\/apuntesdesanluis.com\/index.php\/wp-json\/wp\/v2\/posts\/25480\/revisions"}],"predecessor-version":[{"id":25491,"href":"https:\/\/apuntesdesanluis.com\/index.php\/wp-json\/wp\/v2\/posts\/25480\/revisions\/25491"}],"wp:featuredmedia":[{"embeddable":true,"href":"https:\/\/apuntesdesanluis.com\/index.php\/wp-json\/wp\/v2\/media\/25481"}],"wp:attachment":[{"href":"https:\/\/apuntesdesanluis.com\/index.php\/wp-json\/wp\/v2\/media?parent=25480"}],"wp:term":[{"taxonomy":"category","embeddable":true,"href":"https:\/\/apuntesdesanluis.com\/index.php\/wp-json\/wp\/v2\/categories?post=25480"},{"taxonomy":"post_tag","embeddable":true,"href":"https:\/\/apuntesdesanluis.com\/index.php\/wp-json\/wp\/v2\/tags?post=25480"}],"curies":[{"name":"wp","href":"https:\/\/api.w.org\/{rel}","templated":true}]}}