{"id":2549,"date":"2023-09-03T17:51:28","date_gmt":"2023-09-03T20:51:28","guid":{"rendered":"https:\/\/apuntesdesanluis.com\/?p=2549"},"modified":"2023-09-04T08:20:09","modified_gmt":"2023-09-04T11:20:09","slug":"polemica-declaracion-de-milei-una-empresa-puede-contaminar-el-rio-todo-lo-que-quiera","status":"publish","type":"post","link":"https:\/\/apuntesdesanluis.com\/index.php\/2023\/09\/03\/polemica-declaracion-de-milei-una-empresa-puede-contaminar-el-rio-todo-lo-que-quiera\/","title":{"rendered":"POL\u00c9MICA DECLARACI\u00d3N DE MILEI: &#8220;UNA EMPRESA PUEDE CONTAMINAR EL R\u00cdO TODO LO QUE QUIERA&#8221;"},"content":{"rendered":"<h3 class=\"yiv7409174924ydp6329976emsonormal\" style=\"text-align: justify; background: white;\"><span style=\"font-family: 'Arial','sans-serif'; color: #1d2228;\"><strong>Javier Milei<\/strong>, candidato presidencial de La Libertad Avanza, volvi\u00f3 a desatar la pol\u00e9mica, esta vez durante su disertaci\u00f3n en el Congreso Econ\u00f3mico Argentino, en La Rural. En ese contexto, el libertario dijo una inesperada frase sobre los recursos naturales y la contaminaci\u00f3n.<\/span><\/h3>\n<h3 class=\"yiv7409174924ydp6329976emsonormal\" style=\"text-align: justify; background: white;\"><span style=\"font-family: 'Arial','sans-serif'; color: #1d2228;\">&#8220;Una empresa puede contaminar el r\u00edo todo lo que quiera&#8221;, asegur\u00f3 el diputado y agreg\u00f3: &#8220;\u00bfAd\u00f3nde est\u00e1 el da\u00f1o? \u00bfD\u00f3nde est\u00e1 el problema ah\u00ed? Eso, en realidad, habla de una sociedad a la que le sobra el agua, y el precio del agua es cero&#8221;.<\/span><\/h3>\n<h3 class=\"yiv7409174924ydp6329976emsonormal\" style=\"text-align: justify; background: white;\"><span style=\"font-family: 'Arial','sans-serif'; color: #1d2228;\">\u201cUna nueva propuesta de Milei. Adem\u00e1s de ser negacionista del cambio clim\u00e1tico ahora habla de privatizar un recurso como el agua que ya es escaso en el mundo, y en nuestro pa\u00eds s\u00ed tiene due\u00f1o: somos todos los argentinos y argentinas\u201d, le respondi\u00f3 <strong>Malena Galmarini<\/strong>, titular de Agua y Saneamientos Argentinos (AySA), a trav\u00e9s de las redes sociles.<\/span><\/h3>\n<h3 class=\"yiv7409174924ydp6329976emsonormal\" style=\"text-align: justify; background: white;\"><span style=\"font-family: 'Arial','sans-serif'; color: #1d2228;\">El candidato argument\u00f3 que &#8220;el problema en realidad radica en que no hay derechos de propiedad sobre el agua&#8221; y que &#8220;cuando falte el agua, alguien va a ver un negocio ah\u00ed y va a reclamar los derechos de propiedad&#8221;. &#8220;Van a ver c\u00f3mo ah\u00ed s\u00ed se termina la contaminaci\u00f3n&#8221;, sentenci\u00f3 Milei.<\/span><\/h3>\n<p><iframe title=\"Milei: &quot;Una empresa puede contaminar el r\u00edo todo lo que quiera&quot;\" width=\"640\" height=\"360\" src=\"https:\/\/www.youtube.com\/embed\/BIHFG-joEqQ?feature=oembed\" frameborder=\"0\" allow=\"accelerometer; autoplay; clipboard-write; encrypted-media; gyroscope; picture-in-picture; web-share\" referrerpolicy=\"strict-origin-when-cross-origin\" allowfullscreen><\/iframe><\/p>\n<h3 class=\"yiv7409174924ydp6329976emsonormal\" style=\"text-align: justify; background: white;\"><span style=\"font-family: 'Arial','sans-serif'; color: #1d2228;\">De esta forma, el economista volvi\u00f3 a referirse a los efectos del cambio clim\u00e1tico, algo que ya hab\u00eda hecho durante el debate de candidatos de 2021, donde asegur\u00f3 que la Tierra no se estaba calentando, sino enfriando.<\/span><\/h3>\n<p><img fetchpriority=\"high\" decoding=\"async\" class=\"wp-image-2550 aligncenter\" src=\"https:\/\/apuntesdesanluis.com\/wp-content\/uploads\/2023\/09\/malena-galmarini-300x211.png\" alt=\"\" width=\"685\" height=\"482\" srcset=\"https:\/\/apuntesdesanluis.com\/wp-content\/uploads\/2023\/09\/malena-galmarini-300x211.png 300w, https:\/\/apuntesdesanluis.com\/wp-content\/uploads\/2023\/09\/malena-galmarini.png 583w\" sizes=\"(max-width: 685px) 100vw, 685px\" \/><\/p>\n<h3 class=\"yiv7409174924ydp6329976emsonormal\" style=\"text-align: justify; background: white;\"><span style=\"font-family: 'Arial','sans-serif'; color: #1d2228;\">\u201cMientras el mundo se preocupa por el calentamiento global, unos pocos quieren lucrar con las necesidades b\u00e1sicas de las personas. Nuestros r\u00edos se cuidan y el agua no se negocia\u201d, replic\u00f3 Galmarini.<\/span><\/h3>\n<h3 class=\"yiv7409174924ydp6329976emsonormal\" style=\"text-align: justify; background: white;\"><span style=\"font-family: 'Arial','sans-serif'; color: #1d2228;\">La publicaci\u00f3n de Galmarini lleg\u00f3 luego de que Milei se\u00f1alara: \u201cEn el caso de una empresa que contamina el r\u00edo, lo que no est\u00e1 bien definido es el derecho de propiedad. Esa empresa puede contaminar el r\u00edo todo lo que quiera\u201d. Luego, se pregunt\u00f3: \u201c\u00bfAd\u00f3nde est\u00e1 el da\u00f1o? \u00bfD\u00f3nde est\u00e1 el problema ah\u00ed? Eso, en realidad, habla de una sociedad a la que le sobra el agua y el precio del agua es cero\u201d.<\/span><span style=\"font-family: 'Arial','sans-serif'; color: #1d2228;\">\u00a0<\/span><\/h3>\n<h3 class=\"yiv7409174924ydp6329976emsonormal\" style=\"text-align: justify; background: white;\"><span style=\"font-family: 'Arial','sans-serif'; color: #1d2228;\">Desde el oficialismo tambi\u00e9n critic\u00f3 a Milei el ministro de Obras P\u00fablicas, Gabriel Katopodis, quien afirm\u00f3: \u201cMilei tus ideas, que son un peligro, se deben aplicar en alg\u00fan otro planeta, no en este donde convivimos 8000 millones de seres humanos\u201d. A continuaci\u00f3n, a\u00f1adi\u00f3: \u201cMillones de argentinos y argentinas necesitan agua segura y saneamiento, millones de hect\u00e1reas necesitan riego y nuestros r\u00edos tienen la capacidad de generar energ\u00eda hidroel\u00e9ctrica, pero para vos la contaminaci\u00f3n de los cursos de agua se soluciona con la mano invisible del mercado. Mientras tanto, como consecuencia de la contaminaci\u00f3n mueren personas y animales. No pod\u00e9s negar el cambio clim\u00e1tico y el calentamiento global\u201d.<\/span><\/h3>\n<h3 class=\"yiv7409174924ydp6329976emsonormal\" style=\"text-align: justify; background: white;\"><span style=\"font-family: 'Arial','sans-serif'; color: #1d2228;\">M\u00e1s temprano Milei le baj\u00f3 el precio a la designaci\u00f3n de Carlos Melconian c\u00f3mo posible ministro de Econom\u00eda de Patricia Bullrich. \u201cEsta es una discusi\u00f3n entre candidatos a presidente\u201d, afirm\u00f3, de cara a las Elecciones 2023. \u201cLa candidata es Bullrich\u201d, insisti\u00f3 el postulante de La Libertad Avanza en declaraciones a Radio Rivadavia.<\/span><\/h3>\n<h3 class=\"yiv7409174924ydp6329976emsonormal\" style=\"text-align: justify; background: white;\"><span style=\"font-family: 'Arial','sans-serif'; color: #1d2228;\">\u201cYo entiendo que Bullrich esta muy pobre en t\u00e9rminos econ\u00f3micos. Cometi\u00f3 errores graves y la gente est\u00e1 muy asustada en lo que pueda hacer ella en una situaci\u00f3n de gobierno porque demostr\u00f3 falencias groseras. Primero mostr\u00f3 un equipo y ahora muestra otro\u201d, se\u00f1al\u00f3 el dirigente libertario.<\/span><\/h3>\n","protected":false},"excerpt":{"rendered":"<p>Javier Milei, candidato presidencial de La Libertad Avanza, volvi\u00f3 a desatar la pol\u00e9mica, esta vez&#8230;<\/p>\n","protected":false},"author":1,"featured_media":2551,"comment_status":"closed","ping_status":"closed","sticky":false,"template":"","format":"standard","meta":{"footnotes":""},"categories":[5],"tags":[],"class_list":["post-2549","post","type-post","status-publish","format-standard","has-post-thumbnail","hentry","category-nacionales-internacionales"],"yoast_head":"<!-- This site is optimized with the Yoast SEO plugin v26.1.1 - https:\/\/yoast.com\/wordpress\/plugins\/seo\/ -->\n<title>POL\u00c9MICA DECLARACI\u00d3N DE MILEI: &quot;UNA EMPRESA PUEDE CONTAMINAR EL R\u00cdO TODO LO QUE QUIERA&quot; - Apuntes de San Luis<\/title>\n<meta name=\"robots\" content=\"index, follow, max-snippet:-1, max-image-preview:large, max-video-preview:-1\" \/>\n<link rel=\"canonical\" href=\"https:\/\/apuntesdesanluis.com\/index.php\/2023\/09\/03\/polemica-declaracion-de-milei-una-empresa-puede-contaminar-el-rio-todo-lo-que-quiera\/\" \/>\n<meta property=\"og:locale\" content=\"es_ES\" \/>\n<meta property=\"og:type\" content=\"article\" \/>\n<meta property=\"og:title\" content=\"POL\u00c9MICA DECLARACI\u00d3N DE MILEI: &quot;UNA EMPRESA PUEDE CONTAMINAR EL R\u00cdO TODO LO QUE QUIERA&quot; - Apuntes de San Luis\" \/>\n<meta property=\"og:description\" content=\"Javier Milei, candidato presidencial de La Libertad Avanza, volvi\u00f3 a desatar la pol\u00e9mica, esta vez...\" \/>\n<meta property=\"og:url\" content=\"https:\/\/apuntesdesanluis.com\/index.php\/2023\/09\/03\/polemica-declaracion-de-milei-una-empresa-puede-contaminar-el-rio-todo-lo-que-quiera\/\" \/>\n<meta property=\"og:site_name\" content=\"Apuntes de San Luis\" \/>\n<meta property=\"article:published_time\" content=\"2023-09-03T20:51:28+00:00\" \/>\n<meta property=\"article:modified_time\" content=\"2023-09-04T11:20:09+00:00\" \/>\n<meta property=\"og:image\" content=\"https:\/\/apuntesdesanluis.com\/wp-content\/uploads\/2023\/09\/milei.png\" \/>\n\t<meta property=\"og:image:width\" content=\"877\" \/>\n\t<meta property=\"og:image:height\" content=\"516\" \/>\n\t<meta property=\"og:image:type\" content=\"image\/png\" \/>\n<meta name=\"author\" content=\"apuntesdesanluis.com\" \/>\n<meta name=\"twitter:card\" content=\"summary_large_image\" \/>\n<meta name=\"twitter:label1\" content=\"Escrito por\" \/>\n\t<meta name=\"twitter:data1\" content=\"apuntesdesanluis.com\" \/>\n\t<meta name=\"twitter:label2\" content=\"Tiempo de lectura\" \/>\n\t<meta name=\"twitter:data2\" content=\"3 minutos\" \/>\n<script type=\"application\/ld+json\" class=\"yoast-schema-graph\">{\"@context\":\"https:\/\/schema.org\",\"@graph\":[{\"@type\":\"Article\",\"@id\":\"https:\/\/apuntesdesanluis.com\/index.php\/2023\/09\/03\/polemica-declaracion-de-milei-una-empresa-puede-contaminar-el-rio-todo-lo-que-quiera\/#article\",\"isPartOf\":{\"@id\":\"https:\/\/apuntesdesanluis.com\/index.php\/2023\/09\/03\/polemica-declaracion-de-milei-una-empresa-puede-contaminar-el-rio-todo-lo-que-quiera\/\"},\"author\":{\"name\":\"apuntesdesanluis.com\",\"@id\":\"https:\/\/apuntesdesanluis.com\/#\/schema\/person\/b55151d52296fcce64d1a72538a70b90\"},\"headline\":\"POL\u00c9MICA DECLARACI\u00d3N DE MILEI: &#8220;UNA EMPRESA PUEDE CONTAMINAR EL R\u00cdO TODO LO QUE QUIERA&#8221;\",\"datePublished\":\"2023-09-03T20:51:28+00:00\",\"dateModified\":\"2023-09-04T11:20:09+00:00\",\"mainEntityOfPage\":{\"@id\":\"https:\/\/apuntesdesanluis.com\/index.php\/2023\/09\/03\/polemica-declaracion-de-milei-una-empresa-puede-contaminar-el-rio-todo-lo-que-quiera\/\"},\"wordCount\":613,\"publisher\":{\"@id\":\"https:\/\/apuntesdesanluis.com\/#\/schema\/person\/b55151d52296fcce64d1a72538a70b90\"},\"image\":{\"@id\":\"https:\/\/apuntesdesanluis.com\/index.php\/2023\/09\/03\/polemica-declaracion-de-milei-una-empresa-puede-contaminar-el-rio-todo-lo-que-quiera\/#primaryimage\"},\"thumbnailUrl\":\"https:\/\/apuntesdesanluis.com\/wp-content\/uploads\/2023\/09\/milei.png\",\"articleSection\":[\"Nacionales\/Internacionales\"],\"inLanguage\":\"es-AR\"},{\"@type\":\"WebPage\",\"@id\":\"https:\/\/apuntesdesanluis.com\/index.php\/2023\/09\/03\/polemica-declaracion-de-milei-una-empresa-puede-contaminar-el-rio-todo-lo-que-quiera\/\",\"url\":\"https:\/\/apuntesdesanluis.com\/index.php\/2023\/09\/03\/polemica-declaracion-de-milei-una-empresa-puede-contaminar-el-rio-todo-lo-que-quiera\/\",\"name\":\"POL\u00c9MICA DECLARACI\u00d3N DE MILEI: \\\"UNA EMPRESA PUEDE CONTAMINAR EL R\u00cdO TODO LO QUE QUIERA\\\" - Apuntes de San Luis\",\"isPartOf\":{\"@id\":\"https:\/\/apuntesdesanluis.com\/#website\"},\"primaryImageOfPage\":{\"@id\":\"https:\/\/apuntesdesanluis.com\/index.php\/2023\/09\/03\/polemica-declaracion-de-milei-una-empresa-puede-contaminar-el-rio-todo-lo-que-quiera\/#primaryimage\"},\"image\":{\"@id\":\"https:\/\/apuntesdesanluis.com\/index.php\/2023\/09\/03\/polemica-declaracion-de-milei-una-empresa-puede-contaminar-el-rio-todo-lo-que-quiera\/#primaryimage\"},\"thumbnailUrl\":\"https:\/\/apuntesdesanluis.com\/wp-content\/uploads\/2023\/09\/milei.png\",\"datePublished\":\"2023-09-03T20:51:28+00:00\",\"dateModified\":\"2023-09-04T11:20:09+00:00\",\"breadcrumb\":{\"@id\":\"https:\/\/apuntesdesanluis.com\/index.php\/2023\/09\/03\/polemica-declaracion-de-milei-una-empresa-puede-contaminar-el-rio-todo-lo-que-quiera\/#breadcrumb\"},\"inLanguage\":\"es-AR\",\"potentialAction\":[{\"@type\":\"ReadAction\",\"target\":[\"https:\/\/apuntesdesanluis.com\/index.php\/2023\/09\/03\/polemica-declaracion-de-milei-una-empresa-puede-contaminar-el-rio-todo-lo-que-quiera\/\"]}]},{\"@type\":\"ImageObject\",\"inLanguage\":\"es-AR\",\"@id\":\"https:\/\/apuntesdesanluis.com\/index.php\/2023\/09\/03\/polemica-declaracion-de-milei-una-empresa-puede-contaminar-el-rio-todo-lo-que-quiera\/#primaryimage\",\"url\":\"https:\/\/apuntesdesanluis.com\/wp-content\/uploads\/2023\/09\/milei.png\",\"contentUrl\":\"https:\/\/apuntesdesanluis.com\/wp-content\/uploads\/2023\/09\/milei.png\",\"width\":877,\"height\":516},{\"@type\":\"BreadcrumbList\",\"@id\":\"https:\/\/apuntesdesanluis.com\/index.php\/2023\/09\/03\/polemica-declaracion-de-milei-una-empresa-puede-contaminar-el-rio-todo-lo-que-quiera\/#breadcrumb\",\"itemListElement\":[{\"@type\":\"ListItem\",\"position\":1,\"name\":\"Inicio\",\"item\":\"https:\/\/apuntesdesanluis.com\/\"},{\"@type\":\"ListItem\",\"position\":2,\"name\":\"POL\u00c9MICA DECLARACI\u00d3N DE MILEI: &#8220;UNA EMPRESA PUEDE CONTAMINAR EL R\u00cdO TODO LO QUE QUIERA&#8221;\"}]},{\"@type\":\"WebSite\",\"@id\":\"https:\/\/apuntesdesanluis.com\/#website\",\"url\":\"https:\/\/apuntesdesanluis.com\/\",\"name\":\"Apuntes de San Luis\",\"description\":\"\",\"publisher\":{\"@id\":\"https:\/\/apuntesdesanluis.com\/#\/schema\/person\/b55151d52296fcce64d1a72538a70b90\"},\"potentialAction\":[{\"@type\":\"SearchAction\",\"target\":{\"@type\":\"EntryPoint\",\"urlTemplate\":\"https:\/\/apuntesdesanluis.com\/?s={search_term_string}\"},\"query-input\":{\"@type\":\"PropertyValueSpecification\",\"valueRequired\":true,\"valueName\":\"search_term_string\"}}],\"inLanguage\":\"es-AR\"},{\"@type\":[\"Person\",\"Organization\"],\"@id\":\"https:\/\/apuntesdesanluis.com\/#\/schema\/person\/b55151d52296fcce64d1a72538a70b90\",\"name\":\"apuntesdesanluis.com\",\"image\":{\"@type\":\"ImageObject\",\"inLanguage\":\"es-AR\",\"@id\":\"https:\/\/apuntesdesanluis.com\/#\/schema\/person\/image\/\",\"url\":\"https:\/\/apuntesdesanluis.com\/wp-content\/uploads\/2023\/07\/cropped-apuntesdesanluis.png\",\"contentUrl\":\"https:\/\/apuntesdesanluis.com\/wp-content\/uploads\/2023\/07\/cropped-apuntesdesanluis.png\",\"width\":450,\"height\":112,\"caption\":\"apuntesdesanluis.com\"},\"logo\":{\"@id\":\"https:\/\/apuntesdesanluis.com\/#\/schema\/person\/image\/\"},\"sameAs\":[\"https:\/\/apuntesdesanluis.com\"],\"url\":\"https:\/\/apuntesdesanluis.com\/index.php\/author\/apuntesdesanluis-com\/\"}]}<\/script>\n<!-- \/ Yoast SEO plugin. -->","yoast_head_json":{"title":"POL\u00c9MICA DECLARACI\u00d3N DE MILEI: \"UNA EMPRESA PUEDE CONTAMINAR EL R\u00cdO TODO LO QUE QUIERA\" - Apuntes de San Luis","robots":{"index":"index","follow":"follow","max-snippet":"max-snippet:-1","max-image-preview":"max-image-preview:large","max-video-preview":"max-video-preview:-1"},"canonical":"https:\/\/apuntesdesanluis.com\/index.php\/2023\/09\/03\/polemica-declaracion-de-milei-una-empresa-puede-contaminar-el-rio-todo-lo-que-quiera\/","og_locale":"es_ES","og_type":"article","og_title":"POL\u00c9MICA DECLARACI\u00d3N DE MILEI: \"UNA EMPRESA PUEDE CONTAMINAR EL R\u00cdO TODO LO QUE QUIERA\" - Apuntes de San Luis","og_description":"Javier Milei, candidato presidencial de La Libertad Avanza, volvi\u00f3 a desatar la pol\u00e9mica, esta vez...","og_url":"https:\/\/apuntesdesanluis.com\/index.php\/2023\/09\/03\/polemica-declaracion-de-milei-una-empresa-puede-contaminar-el-rio-todo-lo-que-quiera\/","og_site_name":"Apuntes de San Luis","article_published_time":"2023-09-03T20:51:28+00:00","article_modified_time":"2023-09-04T11:20:09+00:00","og_image":[{"width":877,"height":516,"url":"https:\/\/apuntesdesanluis.com\/wp-content\/uploads\/2023\/09\/milei.png","type":"image\/png"}],"author":"apuntesdesanluis.com","twitter_card":"summary_large_image","twitter_misc":{"Escrito por":"apuntesdesanluis.com","Tiempo de lectura":"3 minutos"},"schema":{"@context":"https:\/\/schema.org","@graph":[{"@type":"Article","@id":"https:\/\/apuntesdesanluis.com\/index.php\/2023\/09\/03\/polemica-declaracion-de-milei-una-empresa-puede-contaminar-el-rio-todo-lo-que-quiera\/#article","isPartOf":{"@id":"https:\/\/apuntesdesanluis.com\/index.php\/2023\/09\/03\/polemica-declaracion-de-milei-una-empresa-puede-contaminar-el-rio-todo-lo-que-quiera\/"},"author":{"name":"apuntesdesanluis.com","@id":"https:\/\/apuntesdesanluis.com\/#\/schema\/person\/b55151d52296fcce64d1a72538a70b90"},"headline":"POL\u00c9MICA DECLARACI\u00d3N DE MILEI: &#8220;UNA EMPRESA PUEDE CONTAMINAR EL R\u00cdO TODO LO QUE QUIERA&#8221;","datePublished":"2023-09-03T20:51:28+00:00","dateModified":"2023-09-04T11:20:09+00:00","mainEntityOfPage":{"@id":"https:\/\/apuntesdesanluis.com\/index.php\/2023\/09\/03\/polemica-declaracion-de-milei-una-empresa-puede-contaminar-el-rio-todo-lo-que-quiera\/"},"wordCount":613,"publisher":{"@id":"https:\/\/apuntesdesanluis.com\/#\/schema\/person\/b55151d52296fcce64d1a72538a70b90"},"image":{"@id":"https:\/\/apuntesdesanluis.com\/index.php\/2023\/09\/03\/polemica-declaracion-de-milei-una-empresa-puede-contaminar-el-rio-todo-lo-que-quiera\/#primaryimage"},"thumbnailUrl":"https:\/\/apuntesdesanluis.com\/wp-content\/uploads\/2023\/09\/milei.png","articleSection":["Nacionales\/Internacionales"],"inLanguage":"es-AR"},{"@type":"WebPage","@id":"https:\/\/apuntesdesanluis.com\/index.php\/2023\/09\/03\/polemica-declaracion-de-milei-una-empresa-puede-contaminar-el-rio-todo-lo-que-quiera\/","url":"https:\/\/apuntesdesanluis.com\/index.php\/2023\/09\/03\/polemica-declaracion-de-milei-una-empresa-puede-contaminar-el-rio-todo-lo-que-quiera\/","name":"POL\u00c9MICA DECLARACI\u00d3N DE MILEI: \"UNA EMPRESA PUEDE CONTAMINAR EL R\u00cdO TODO LO QUE QUIERA\" - Apuntes de San Luis","isPartOf":{"@id":"https:\/\/apuntesdesanluis.com\/#website"},"primaryImageOfPage":{"@id":"https:\/\/apuntesdesanluis.com\/index.php\/2023\/09\/03\/polemica-declaracion-de-milei-una-empresa-puede-contaminar-el-rio-todo-lo-que-quiera\/#primaryimage"},"image":{"@id":"https:\/\/apuntesdesanluis.com\/index.php\/2023\/09\/03\/polemica-declaracion-de-milei-una-empresa-puede-contaminar-el-rio-todo-lo-que-quiera\/#primaryimage"},"thumbnailUrl":"https:\/\/apuntesdesanluis.com\/wp-content\/uploads\/2023\/09\/milei.png","datePublished":"2023-09-03T20:51:28+00:00","dateModified":"2023-09-04T11:20:09+00:00","breadcrumb":{"@id":"https:\/\/apuntesdesanluis.com\/index.php\/2023\/09\/03\/polemica-declaracion-de-milei-una-empresa-puede-contaminar-el-rio-todo-lo-que-quiera\/#breadcrumb"},"inLanguage":"es-AR","potentialAction":[{"@type":"ReadAction","target":["https:\/\/apuntesdesanluis.com\/index.php\/2023\/09\/03\/polemica-declaracion-de-milei-una-empresa-puede-contaminar-el-rio-todo-lo-que-quiera\/"]}]},{"@type":"ImageObject","inLanguage":"es-AR","@id":"https:\/\/apuntesdesanluis.com\/index.php\/2023\/09\/03\/polemica-declaracion-de-milei-una-empresa-puede-contaminar-el-rio-todo-lo-que-quiera\/#primaryimage","url":"https:\/\/apuntesdesanluis.com\/wp-content\/uploads\/2023\/09\/milei.png","contentUrl":"https:\/\/apuntesdesanluis.com\/wp-content\/uploads\/2023\/09\/milei.png","width":877,"height":516},{"@type":"BreadcrumbList","@id":"https:\/\/apuntesdesanluis.com\/index.php\/2023\/09\/03\/polemica-declaracion-de-milei-una-empresa-puede-contaminar-el-rio-todo-lo-que-quiera\/#breadcrumb","itemListElement":[{"@type":"ListItem","position":1,"name":"Inicio","item":"https:\/\/apuntesdesanluis.com\/"},{"@type":"ListItem","position":2,"name":"POL\u00c9MICA DECLARACI\u00d3N DE MILEI: &#8220;UNA EMPRESA PUEDE CONTAMINAR EL R\u00cdO TODO LO QUE QUIERA&#8221;"}]},{"@type":"WebSite","@id":"https:\/\/apuntesdesanluis.com\/#website","url":"https:\/\/apuntesdesanluis.com\/","name":"Apuntes de San Luis","description":"","publisher":{"@id":"https:\/\/apuntesdesanluis.com\/#\/schema\/person\/b55151d52296fcce64d1a72538a70b90"},"potentialAction":[{"@type":"SearchAction","target":{"@type":"EntryPoint","urlTemplate":"https:\/\/apuntesdesanluis.com\/?s={search_term_string}"},"query-input":{"@type":"PropertyValueSpecification","valueRequired":true,"valueName":"search_term_string"}}],"inLanguage":"es-AR"},{"@type":["Person","Organization"],"@id":"https:\/\/apuntesdesanluis.com\/#\/schema\/person\/b55151d52296fcce64d1a72538a70b90","name":"apuntesdesanluis.com","image":{"@type":"ImageObject","inLanguage":"es-AR","@id":"https:\/\/apuntesdesanluis.com\/#\/schema\/person\/image\/","url":"https:\/\/apuntesdesanluis.com\/wp-content\/uploads\/2023\/07\/cropped-apuntesdesanluis.png","contentUrl":"https:\/\/apuntesdesanluis.com\/wp-content\/uploads\/2023\/07\/cropped-apuntesdesanluis.png","width":450,"height":112,"caption":"apuntesdesanluis.com"},"logo":{"@id":"https:\/\/apuntesdesanluis.com\/#\/schema\/person\/image\/"},"sameAs":["https:\/\/apuntesdesanluis.com"],"url":"https:\/\/apuntesdesanluis.com\/index.php\/author\/apuntesdesanluis-com\/"}]}},"featured_image_urls":{"full":["https:\/\/apuntesdesanluis.com\/wp-content\/uploads\/2023\/09\/milei.png",877,516,false],"thumbnail":["https:\/\/apuntesdesanluis.com\/wp-content\/uploads\/2023\/09\/milei-150x150.png",150,150,true],"medium":["https:\/\/apuntesdesanluis.com\/wp-content\/uploads\/2023\/09\/milei-300x177.png",300,177,true],"medium_large":["https:\/\/apuntesdesanluis.com\/wp-content\/uploads\/2023\/09\/milei-768x452.png",640,377,true],"large":["https:\/\/apuntesdesanluis.com\/wp-content\/uploads\/2023\/09\/milei.png",640,377,false],"1536x1536":["https:\/\/apuntesdesanluis.com\/wp-content\/uploads\/2023\/09\/milei.png",877,516,false],"2048x2048":["https:\/\/apuntesdesanluis.com\/wp-content\/uploads\/2023\/09\/milei.png",877,516,false],"newsever-slider-full":["https:\/\/apuntesdesanluis.com\/wp-content\/uploads\/2023\/09\/milei.png",877,516,false],"newsever-featured":["https:\/\/apuntesdesanluis.com\/wp-content\/uploads\/2023\/09\/milei.png",877,516,false],"newsever-medium":["https:\/\/apuntesdesanluis.com\/wp-content\/uploads\/2023\/09\/milei-720x475.png",720,475,true]},"author_info":{"display_name":"apuntesdesanluis.com","author_link":"https:\/\/apuntesdesanluis.com\/index.php\/author\/apuntesdesanluis-com\/"},"category_info":"<a href=\"https:\/\/apuntesdesanluis.com\/index.php\/category\/nacionales-internacionales\/\" rel=\"category tag\">Nacionales\/Internacionales<\/a>","tag_info":"Nacionales\/Internacionales","comment_count":"0","_links":{"self":[{"href":"https:\/\/apuntesdesanluis.com\/index.php\/wp-json\/wp\/v2\/posts\/2549","targetHints":{"allow":["GET"]}}],"collection":[{"href":"https:\/\/apuntesdesanluis.com\/index.php\/wp-json\/wp\/v2\/posts"}],"about":[{"href":"https:\/\/apuntesdesanluis.com\/index.php\/wp-json\/wp\/v2\/types\/post"}],"author":[{"embeddable":true,"href":"https:\/\/apuntesdesanluis.com\/index.php\/wp-json\/wp\/v2\/users\/1"}],"replies":[{"embeddable":true,"href":"https:\/\/apuntesdesanluis.com\/index.php\/wp-json\/wp\/v2\/comments?post=2549"}],"version-history":[{"count":4,"href":"https:\/\/apuntesdesanluis.com\/index.php\/wp-json\/wp\/v2\/posts\/2549\/revisions"}],"predecessor-version":[{"id":2601,"href":"https:\/\/apuntesdesanluis.com\/index.php\/wp-json\/wp\/v2\/posts\/2549\/revisions\/2601"}],"wp:featuredmedia":[{"embeddable":true,"href":"https:\/\/apuntesdesanluis.com\/index.php\/wp-json\/wp\/v2\/media\/2551"}],"wp:attachment":[{"href":"https:\/\/apuntesdesanluis.com\/index.php\/wp-json\/wp\/v2\/media?parent=2549"}],"wp:term":[{"taxonomy":"category","embeddable":true,"href":"https:\/\/apuntesdesanluis.com\/index.php\/wp-json\/wp\/v2\/categories?post=2549"},{"taxonomy":"post_tag","embeddable":true,"href":"https:\/\/apuntesdesanluis.com\/index.php\/wp-json\/wp\/v2\/tags?post=2549"}],"curies":[{"name":"wp","href":"https:\/\/api.w.org\/{rel}","templated":true}]}}