{"id":25492,"date":"2024-11-20T19:58:05","date_gmt":"2024-11-20T22:58:05","guid":{"rendered":"https:\/\/apuntesdesanluis.com\/?p=25492"},"modified":"2024-11-20T19:58:05","modified_gmt":"2024-11-20T22:58:05","slug":"comenzaron-a-juzgar-a-un-hombre-acusado-de-cometer-homicidio","status":"publish","type":"post","link":"https:\/\/apuntesdesanluis.com\/index.php\/2024\/11\/20\/comenzaron-a-juzgar-a-un-hombre-acusado-de-cometer-homicidio\/","title":{"rendered":"COMENZARON A JUZGAR A UN HOMBRE ACUSADO DE COMETER HOMICIDIO"},"content":{"rendered":"<h3><strong>Luis Alberto Farias<\/strong> comenz\u00f3 a ser juzgado este mi\u00e9rcoles por el homicidio de <strong>Ram\u00f3n Nicol\u00e1s L\u00f3pez<\/strong>, de 70 a\u00f1os, ocurrido en diciembre de 2022 en el Barrio Juan Gilberto Funes de la ciudad de San Luis. El debate est\u00e1 a cargo de un tribunal integrado por jueces del Colegio de la Primera Circunscripci\u00f3n y el acusado enfrenta un pedido de condena de prisi\u00f3n perpetua.<\/h3>\n<h3>A Far\u00edas, pe\u00f3n rural de 34 a\u00f1os, se le imputa el delito de homicidio criminis causa, que es un tipo de homicidio que se comete para preparar, facilitar, consumar u ocultar otro delito o para asegurar sus resultados o procurar la impunidad para s\u00ed o para otro o por no haber logrado el fin propuesto al intentar otro delito.<\/h3>\n<h3>La causa tra\u00edda a juicio se inici\u00f3 el 28 de diciembre de 2022 por un llamado al Centro de Emergencias sobre un fuerte olor nauseabundo proveniente de una vivienda en la que resid\u00eda L\u00f3pez y que se compon\u00eda de una precaria construcci\u00f3n sobre la margen sur de la Ruta 147 de la capital puntana. La denuncia fue realizada por un vecino del lugar, quien adem\u00e1s dijo que hac\u00eda varios d\u00edas que no ve\u00eda al propietario del domicilio.<\/h3>\n<h3>Al llegar al lugar, personal policial ingres\u00f3 a la casa y encontr\u00f3 el cuerpo sin vida de L\u00f3pez que yac\u00eda en un colch\u00f3n tirado en el piso, cubierto con varias prendas de vestir y una valija. Seg\u00fan las pericias realizadas por el Departamento de Homicidios, el cad\u00e1ver estaba en avanzado estado de descomposici\u00f3n, atado de pies y manos con nudos caracter\u00edsticos, y con el rostro tapado. La autopsia, realizada por la Dra. Marcela G\u00f3mez, concluy\u00f3 que la causa de muerte fue asfixia por sofocaci\u00f3n y situ\u00f3 el deceso entre el 14 y el 21 de diciembre de 2022.<\/h3>\n<h3>El tribunal a cargo del debate est\u00e1 integrado por Adriana Lucero Alfonso, Ariel Parrillis y Julio Fernando De Viana. Como fiscal de Juicio act\u00faa Virginia Palacios y la defensa de Far\u00edas est\u00e1 representada por Dami\u00e1n Aguilera, Adolfo Cafieri y Mar\u00eda Alejandra Zunini.<\/h3>\n<p><img fetchpriority=\"high\" decoding=\"async\" class=\"wp-image-25494 aligncenter\" src=\"https:\/\/apuntesdesanluis.com\/wp-content\/uploads\/2024\/11\/JUICIO-2-300x178.png\" alt=\"\" width=\"667\" height=\"396\" srcset=\"https:\/\/apuntesdesanluis.com\/wp-content\/uploads\/2024\/11\/JUICIO-2-300x178.png 300w, https:\/\/apuntesdesanluis.com\/wp-content\/uploads\/2024\/11\/JUICIO-2.png 686w\" sizes=\"(max-width: 667px) 100vw, 667px\" \/><\/p>\n<h3>De acuerdo con la investigaci\u00f3n de la Fiscal\u00eda de Instrucci\u00f3n, Far\u00edas hab\u00eda empezado a frecuentar asiduamente el domicilio de L\u00f3pez para luego directamente pasar a convivir en diciembre juntos, lo que es relatado por numerosos testigos. En ese contexto, el 14 de diciembre de 2022, el acusado acompa\u00f1\u00f3 a L\u00f3pez a cobrar su jubilaci\u00f3n. Luego compartieron una cena. Fue la \u00faltima vez que se los iba a ver juntos.<\/h3>\n<h3>Posteriormente, Far\u00edas visit\u00f3 otro domicilio para celebrar el cumplea\u00f1os de su hija, dejando entrever a varias personas que planeaba viajar con L\u00f3pez a Monte Com\u00e1n, Mendoza, bajo el pretexto de asistirlo en una operaci\u00f3n ocular. Sin embargo, para el Ministerio P\u00fablico Fiscal, el 15 de diciembre de 2022, el imputado le rob\u00f3 el tel\u00e9fono celular, dinero en efectivo y una ri\u00f1onera a la v\u00edctima, a quien golpe\u00f3 en la parrilla costal izquierda, at\u00f3 de pies y manos con nudos caracter\u00edsticos de trabajo rural y asfixi\u00f3 cubri\u00e9ndole las fosas nasales.<\/h3>\n<p>&nbsp;<\/p>\n<p>&nbsp;<\/p>\n<p>&nbsp;<\/p>\n<p>&nbsp;<\/p>\n<p>&nbsp;<\/p>\n<p>&nbsp;<\/p>\n","protected":false},"excerpt":{"rendered":"<p>Luis Alberto Farias comenz\u00f3 a ser juzgado este mi\u00e9rcoles por el homicidio de Ram\u00f3n Nicol\u00e1s&#8230;<\/p>\n","protected":false},"author":1,"featured_media":25493,"comment_status":"closed","ping_status":"closed","sticky":false,"template":"","format":"standard","meta":{"footnotes":""},"categories":[6],"tags":[],"class_list":["post-25492","post","type-post","status-publish","format-standard","has-post-thumbnail","hentry","category-ciudad-provincia"],"yoast_head":"<!-- This site is optimized with the Yoast SEO plugin v26.1.1 - https:\/\/yoast.com\/wordpress\/plugins\/seo\/ -->\n<title>COMENZARON A JUZGAR A UN HOMBRE ACUSADO DE COMETER HOMICIDIO - Apuntes de San Luis<\/title>\n<meta name=\"robots\" content=\"index, follow, max-snippet:-1, max-image-preview:large, max-video-preview:-1\" \/>\n<link rel=\"canonical\" href=\"https:\/\/apuntesdesanluis.com\/index.php\/2024\/11\/20\/comenzaron-a-juzgar-a-un-hombre-acusado-de-cometer-homicidio\/\" \/>\n<meta property=\"og:locale\" content=\"es_ES\" \/>\n<meta property=\"og:type\" content=\"article\" \/>\n<meta property=\"og:title\" content=\"COMENZARON A JUZGAR A UN HOMBRE ACUSADO DE COMETER HOMICIDIO - Apuntes de San Luis\" \/>\n<meta property=\"og:description\" content=\"Luis Alberto Farias comenz\u00f3 a ser juzgado este mi\u00e9rcoles por el homicidio de Ram\u00f3n Nicol\u00e1s...\" \/>\n<meta property=\"og:url\" content=\"https:\/\/apuntesdesanluis.com\/index.php\/2024\/11\/20\/comenzaron-a-juzgar-a-un-hombre-acusado-de-cometer-homicidio\/\" \/>\n<meta property=\"og:site_name\" content=\"Apuntes de San Luis\" \/>\n<meta property=\"article:published_time\" content=\"2024-11-20T22:58:05+00:00\" \/>\n<meta property=\"og:image\" content=\"https:\/\/apuntesdesanluis.com\/wp-content\/uploads\/2024\/11\/ACUSACION.png\" \/>\n\t<meta property=\"og:image:width\" content=\"663\" \/>\n\t<meta property=\"og:image:height\" content=\"392\" \/>\n\t<meta property=\"og:image:type\" content=\"image\/png\" \/>\n<meta name=\"author\" content=\"apuntesdesanluis.com\" \/>\n<meta name=\"twitter:card\" content=\"summary_large_image\" \/>\n<meta name=\"twitter:label1\" content=\"Escrito por\" \/>\n\t<meta name=\"twitter:data1\" content=\"apuntesdesanluis.com\" \/>\n\t<meta name=\"twitter:label2\" content=\"Tiempo de lectura\" \/>\n\t<meta name=\"twitter:data2\" content=\"3 minutos\" \/>\n<script type=\"application\/ld+json\" class=\"yoast-schema-graph\">{\"@context\":\"https:\/\/schema.org\",\"@graph\":[{\"@type\":\"Article\",\"@id\":\"https:\/\/apuntesdesanluis.com\/index.php\/2024\/11\/20\/comenzaron-a-juzgar-a-un-hombre-acusado-de-cometer-homicidio\/#article\",\"isPartOf\":{\"@id\":\"https:\/\/apuntesdesanluis.com\/index.php\/2024\/11\/20\/comenzaron-a-juzgar-a-un-hombre-acusado-de-cometer-homicidio\/\"},\"author\":{\"name\":\"apuntesdesanluis.com\",\"@id\":\"https:\/\/apuntesdesanluis.com\/#\/schema\/person\/b55151d52296fcce64d1a72538a70b90\"},\"headline\":\"COMENZARON A JUZGAR A UN HOMBRE ACUSADO DE COMETER HOMICIDIO\",\"datePublished\":\"2024-11-20T22:58:05+00:00\",\"mainEntityOfPage\":{\"@id\":\"https:\/\/apuntesdesanluis.com\/index.php\/2024\/11\/20\/comenzaron-a-juzgar-a-un-hombre-acusado-de-cometer-homicidio\/\"},\"wordCount\":552,\"publisher\":{\"@id\":\"https:\/\/apuntesdesanluis.com\/#\/schema\/person\/b55151d52296fcce64d1a72538a70b90\"},\"image\":{\"@id\":\"https:\/\/apuntesdesanluis.com\/index.php\/2024\/11\/20\/comenzaron-a-juzgar-a-un-hombre-acusado-de-cometer-homicidio\/#primaryimage\"},\"thumbnailUrl\":\"https:\/\/apuntesdesanluis.com\/wp-content\/uploads\/2024\/11\/ACUSACION.png\",\"articleSection\":[\"Ciudad\/Provincia\"],\"inLanguage\":\"es-AR\"},{\"@type\":\"WebPage\",\"@id\":\"https:\/\/apuntesdesanluis.com\/index.php\/2024\/11\/20\/comenzaron-a-juzgar-a-un-hombre-acusado-de-cometer-homicidio\/\",\"url\":\"https:\/\/apuntesdesanluis.com\/index.php\/2024\/11\/20\/comenzaron-a-juzgar-a-un-hombre-acusado-de-cometer-homicidio\/\",\"name\":\"COMENZARON A JUZGAR A UN HOMBRE ACUSADO DE COMETER HOMICIDIO - Apuntes de San Luis\",\"isPartOf\":{\"@id\":\"https:\/\/apuntesdesanluis.com\/#website\"},\"primaryImageOfPage\":{\"@id\":\"https:\/\/apuntesdesanluis.com\/index.php\/2024\/11\/20\/comenzaron-a-juzgar-a-un-hombre-acusado-de-cometer-homicidio\/#primaryimage\"},\"image\":{\"@id\":\"https:\/\/apuntesdesanluis.com\/index.php\/2024\/11\/20\/comenzaron-a-juzgar-a-un-hombre-acusado-de-cometer-homicidio\/#primaryimage\"},\"thumbnailUrl\":\"https:\/\/apuntesdesanluis.com\/wp-content\/uploads\/2024\/11\/ACUSACION.png\",\"datePublished\":\"2024-11-20T22:58:05+00:00\",\"breadcrumb\":{\"@id\":\"https:\/\/apuntesdesanluis.com\/index.php\/2024\/11\/20\/comenzaron-a-juzgar-a-un-hombre-acusado-de-cometer-homicidio\/#breadcrumb\"},\"inLanguage\":\"es-AR\",\"potentialAction\":[{\"@type\":\"ReadAction\",\"target\":[\"https:\/\/apuntesdesanluis.com\/index.php\/2024\/11\/20\/comenzaron-a-juzgar-a-un-hombre-acusado-de-cometer-homicidio\/\"]}]},{\"@type\":\"ImageObject\",\"inLanguage\":\"es-AR\",\"@id\":\"https:\/\/apuntesdesanluis.com\/index.php\/2024\/11\/20\/comenzaron-a-juzgar-a-un-hombre-acusado-de-cometer-homicidio\/#primaryimage\",\"url\":\"https:\/\/apuntesdesanluis.com\/wp-content\/uploads\/2024\/11\/ACUSACION.png\",\"contentUrl\":\"https:\/\/apuntesdesanluis.com\/wp-content\/uploads\/2024\/11\/ACUSACION.png\",\"width\":663,\"height\":392},{\"@type\":\"BreadcrumbList\",\"@id\":\"https:\/\/apuntesdesanluis.com\/index.php\/2024\/11\/20\/comenzaron-a-juzgar-a-un-hombre-acusado-de-cometer-homicidio\/#breadcrumb\",\"itemListElement\":[{\"@type\":\"ListItem\",\"position\":1,\"name\":\"Inicio\",\"item\":\"https:\/\/apuntesdesanluis.com\/\"},{\"@type\":\"ListItem\",\"position\":2,\"name\":\"COMENZARON A JUZGAR A UN HOMBRE ACUSADO DE COMETER HOMICIDIO\"}]},{\"@type\":\"WebSite\",\"@id\":\"https:\/\/apuntesdesanluis.com\/#website\",\"url\":\"https:\/\/apuntesdesanluis.com\/\",\"name\":\"Apuntes de San Luis\",\"description\":\"\",\"publisher\":{\"@id\":\"https:\/\/apuntesdesanluis.com\/#\/schema\/person\/b55151d52296fcce64d1a72538a70b90\"},\"potentialAction\":[{\"@type\":\"SearchAction\",\"target\":{\"@type\":\"EntryPoint\",\"urlTemplate\":\"https:\/\/apuntesdesanluis.com\/?s={search_term_string}\"},\"query-input\":{\"@type\":\"PropertyValueSpecification\",\"valueRequired\":true,\"valueName\":\"search_term_string\"}}],\"inLanguage\":\"es-AR\"},{\"@type\":[\"Person\",\"Organization\"],\"@id\":\"https:\/\/apuntesdesanluis.com\/#\/schema\/person\/b55151d52296fcce64d1a72538a70b90\",\"name\":\"apuntesdesanluis.com\",\"image\":{\"@type\":\"ImageObject\",\"inLanguage\":\"es-AR\",\"@id\":\"https:\/\/apuntesdesanluis.com\/#\/schema\/person\/image\/\",\"url\":\"https:\/\/apuntesdesanluis.com\/wp-content\/uploads\/2023\/07\/cropped-apuntesdesanluis.png\",\"contentUrl\":\"https:\/\/apuntesdesanluis.com\/wp-content\/uploads\/2023\/07\/cropped-apuntesdesanluis.png\",\"width\":450,\"height\":112,\"caption\":\"apuntesdesanluis.com\"},\"logo\":{\"@id\":\"https:\/\/apuntesdesanluis.com\/#\/schema\/person\/image\/\"},\"sameAs\":[\"https:\/\/apuntesdesanluis.com\"],\"url\":\"https:\/\/apuntesdesanluis.com\/index.php\/author\/apuntesdesanluis-com\/\"}]}<\/script>\n<!-- \/ Yoast SEO plugin. -->","yoast_head_json":{"title":"COMENZARON A JUZGAR A UN HOMBRE ACUSADO DE COMETER HOMICIDIO - Apuntes de San Luis","robots":{"index":"index","follow":"follow","max-snippet":"max-snippet:-1","max-image-preview":"max-image-preview:large","max-video-preview":"max-video-preview:-1"},"canonical":"https:\/\/apuntesdesanluis.com\/index.php\/2024\/11\/20\/comenzaron-a-juzgar-a-un-hombre-acusado-de-cometer-homicidio\/","og_locale":"es_ES","og_type":"article","og_title":"COMENZARON A JUZGAR A UN HOMBRE ACUSADO DE COMETER HOMICIDIO - Apuntes de San Luis","og_description":"Luis Alberto Farias comenz\u00f3 a ser juzgado este mi\u00e9rcoles por el homicidio de Ram\u00f3n Nicol\u00e1s...","og_url":"https:\/\/apuntesdesanluis.com\/index.php\/2024\/11\/20\/comenzaron-a-juzgar-a-un-hombre-acusado-de-cometer-homicidio\/","og_site_name":"Apuntes de San Luis","article_published_time":"2024-11-20T22:58:05+00:00","og_image":[{"width":663,"height":392,"url":"https:\/\/apuntesdesanluis.com\/wp-content\/uploads\/2024\/11\/ACUSACION.png","type":"image\/png"}],"author":"apuntesdesanluis.com","twitter_card":"summary_large_image","twitter_misc":{"Escrito por":"apuntesdesanluis.com","Tiempo de lectura":"3 minutos"},"schema":{"@context":"https:\/\/schema.org","@graph":[{"@type":"Article","@id":"https:\/\/apuntesdesanluis.com\/index.php\/2024\/11\/20\/comenzaron-a-juzgar-a-un-hombre-acusado-de-cometer-homicidio\/#article","isPartOf":{"@id":"https:\/\/apuntesdesanluis.com\/index.php\/2024\/11\/20\/comenzaron-a-juzgar-a-un-hombre-acusado-de-cometer-homicidio\/"},"author":{"name":"apuntesdesanluis.com","@id":"https:\/\/apuntesdesanluis.com\/#\/schema\/person\/b55151d52296fcce64d1a72538a70b90"},"headline":"COMENZARON A JUZGAR A UN HOMBRE ACUSADO DE COMETER HOMICIDIO","datePublished":"2024-11-20T22:58:05+00:00","mainEntityOfPage":{"@id":"https:\/\/apuntesdesanluis.com\/index.php\/2024\/11\/20\/comenzaron-a-juzgar-a-un-hombre-acusado-de-cometer-homicidio\/"},"wordCount":552,"publisher":{"@id":"https:\/\/apuntesdesanluis.com\/#\/schema\/person\/b55151d52296fcce64d1a72538a70b90"},"image":{"@id":"https:\/\/apuntesdesanluis.com\/index.php\/2024\/11\/20\/comenzaron-a-juzgar-a-un-hombre-acusado-de-cometer-homicidio\/#primaryimage"},"thumbnailUrl":"https:\/\/apuntesdesanluis.com\/wp-content\/uploads\/2024\/11\/ACUSACION.png","articleSection":["Ciudad\/Provincia"],"inLanguage":"es-AR"},{"@type":"WebPage","@id":"https:\/\/apuntesdesanluis.com\/index.php\/2024\/11\/20\/comenzaron-a-juzgar-a-un-hombre-acusado-de-cometer-homicidio\/","url":"https:\/\/apuntesdesanluis.com\/index.php\/2024\/11\/20\/comenzaron-a-juzgar-a-un-hombre-acusado-de-cometer-homicidio\/","name":"COMENZARON A JUZGAR A UN HOMBRE ACUSADO DE COMETER HOMICIDIO - Apuntes de San Luis","isPartOf":{"@id":"https:\/\/apuntesdesanluis.com\/#website"},"primaryImageOfPage":{"@id":"https:\/\/apuntesdesanluis.com\/index.php\/2024\/11\/20\/comenzaron-a-juzgar-a-un-hombre-acusado-de-cometer-homicidio\/#primaryimage"},"image":{"@id":"https:\/\/apuntesdesanluis.com\/index.php\/2024\/11\/20\/comenzaron-a-juzgar-a-un-hombre-acusado-de-cometer-homicidio\/#primaryimage"},"thumbnailUrl":"https:\/\/apuntesdesanluis.com\/wp-content\/uploads\/2024\/11\/ACUSACION.png","datePublished":"2024-11-20T22:58:05+00:00","breadcrumb":{"@id":"https:\/\/apuntesdesanluis.com\/index.php\/2024\/11\/20\/comenzaron-a-juzgar-a-un-hombre-acusado-de-cometer-homicidio\/#breadcrumb"},"inLanguage":"es-AR","potentialAction":[{"@type":"ReadAction","target":["https:\/\/apuntesdesanluis.com\/index.php\/2024\/11\/20\/comenzaron-a-juzgar-a-un-hombre-acusado-de-cometer-homicidio\/"]}]},{"@type":"ImageObject","inLanguage":"es-AR","@id":"https:\/\/apuntesdesanluis.com\/index.php\/2024\/11\/20\/comenzaron-a-juzgar-a-un-hombre-acusado-de-cometer-homicidio\/#primaryimage","url":"https:\/\/apuntesdesanluis.com\/wp-content\/uploads\/2024\/11\/ACUSACION.png","contentUrl":"https:\/\/apuntesdesanluis.com\/wp-content\/uploads\/2024\/11\/ACUSACION.png","width":663,"height":392},{"@type":"BreadcrumbList","@id":"https:\/\/apuntesdesanluis.com\/index.php\/2024\/11\/20\/comenzaron-a-juzgar-a-un-hombre-acusado-de-cometer-homicidio\/#breadcrumb","itemListElement":[{"@type":"ListItem","position":1,"name":"Inicio","item":"https:\/\/apuntesdesanluis.com\/"},{"@type":"ListItem","position":2,"name":"COMENZARON A JUZGAR A UN HOMBRE ACUSADO DE COMETER HOMICIDIO"}]},{"@type":"WebSite","@id":"https:\/\/apuntesdesanluis.com\/#website","url":"https:\/\/apuntesdesanluis.com\/","name":"Apuntes de San Luis","description":"","publisher":{"@id":"https:\/\/apuntesdesanluis.com\/#\/schema\/person\/b55151d52296fcce64d1a72538a70b90"},"potentialAction":[{"@type":"SearchAction","target":{"@type":"EntryPoint","urlTemplate":"https:\/\/apuntesdesanluis.com\/?s={search_term_string}"},"query-input":{"@type":"PropertyValueSpecification","valueRequired":true,"valueName":"search_term_string"}}],"inLanguage":"es-AR"},{"@type":["Person","Organization"],"@id":"https:\/\/apuntesdesanluis.com\/#\/schema\/person\/b55151d52296fcce64d1a72538a70b90","name":"apuntesdesanluis.com","image":{"@type":"ImageObject","inLanguage":"es-AR","@id":"https:\/\/apuntesdesanluis.com\/#\/schema\/person\/image\/","url":"https:\/\/apuntesdesanluis.com\/wp-content\/uploads\/2023\/07\/cropped-apuntesdesanluis.png","contentUrl":"https:\/\/apuntesdesanluis.com\/wp-content\/uploads\/2023\/07\/cropped-apuntesdesanluis.png","width":450,"height":112,"caption":"apuntesdesanluis.com"},"logo":{"@id":"https:\/\/apuntesdesanluis.com\/#\/schema\/person\/image\/"},"sameAs":["https:\/\/apuntesdesanluis.com"],"url":"https:\/\/apuntesdesanluis.com\/index.php\/author\/apuntesdesanluis-com\/"}]}},"featured_image_urls":{"full":["https:\/\/apuntesdesanluis.com\/wp-content\/uploads\/2024\/11\/ACUSACION.png",663,392,false],"thumbnail":["https:\/\/apuntesdesanluis.com\/wp-content\/uploads\/2024\/11\/ACUSACION-150x150.png",150,150,true],"medium":["https:\/\/apuntesdesanluis.com\/wp-content\/uploads\/2024\/11\/ACUSACION-300x177.png",300,177,true],"medium_large":["https:\/\/apuntesdesanluis.com\/wp-content\/uploads\/2024\/11\/ACUSACION.png",640,378,false],"large":["https:\/\/apuntesdesanluis.com\/wp-content\/uploads\/2024\/11\/ACUSACION.png",640,378,false],"1536x1536":["https:\/\/apuntesdesanluis.com\/wp-content\/uploads\/2024\/11\/ACUSACION.png",663,392,false],"2048x2048":["https:\/\/apuntesdesanluis.com\/wp-content\/uploads\/2024\/11\/ACUSACION.png",663,392,false],"newsever-slider-full":["https:\/\/apuntesdesanluis.com\/wp-content\/uploads\/2024\/11\/ACUSACION.png",663,392,false],"newsever-featured":["https:\/\/apuntesdesanluis.com\/wp-content\/uploads\/2024\/11\/ACUSACION.png",663,392,false],"newsever-medium":["https:\/\/apuntesdesanluis.com\/wp-content\/uploads\/2024\/11\/ACUSACION.png",663,392,false]},"author_info":{"display_name":"apuntesdesanluis.com","author_link":"https:\/\/apuntesdesanluis.com\/index.php\/author\/apuntesdesanluis-com\/"},"category_info":"<a href=\"https:\/\/apuntesdesanluis.com\/index.php\/category\/ciudad-provincia\/\" rel=\"category tag\">Ciudad\/Provincia<\/a>","tag_info":"Ciudad\/Provincia","comment_count":"0","_links":{"self":[{"href":"https:\/\/apuntesdesanluis.com\/index.php\/wp-json\/wp\/v2\/posts\/25492","targetHints":{"allow":["GET"]}}],"collection":[{"href":"https:\/\/apuntesdesanluis.com\/index.php\/wp-json\/wp\/v2\/posts"}],"about":[{"href":"https:\/\/apuntesdesanluis.com\/index.php\/wp-json\/wp\/v2\/types\/post"}],"author":[{"embeddable":true,"href":"https:\/\/apuntesdesanluis.com\/index.php\/wp-json\/wp\/v2\/users\/1"}],"replies":[{"embeddable":true,"href":"https:\/\/apuntesdesanluis.com\/index.php\/wp-json\/wp\/v2\/comments?post=25492"}],"version-history":[{"count":1,"href":"https:\/\/apuntesdesanluis.com\/index.php\/wp-json\/wp\/v2\/posts\/25492\/revisions"}],"predecessor-version":[{"id":25495,"href":"https:\/\/apuntesdesanluis.com\/index.php\/wp-json\/wp\/v2\/posts\/25492\/revisions\/25495"}],"wp:featuredmedia":[{"embeddable":true,"href":"https:\/\/apuntesdesanluis.com\/index.php\/wp-json\/wp\/v2\/media\/25493"}],"wp:attachment":[{"href":"https:\/\/apuntesdesanluis.com\/index.php\/wp-json\/wp\/v2\/media?parent=25492"}],"wp:term":[{"taxonomy":"category","embeddable":true,"href":"https:\/\/apuntesdesanluis.com\/index.php\/wp-json\/wp\/v2\/categories?post=25492"},{"taxonomy":"post_tag","embeddable":true,"href":"https:\/\/apuntesdesanluis.com\/index.php\/wp-json\/wp\/v2\/tags?post=25492"}],"curies":[{"name":"wp","href":"https:\/\/api.w.org\/{rel}","templated":true}]}}