{"id":25505,"date":"2024-11-20T20:54:21","date_gmt":"2024-11-20T23:54:21","guid":{"rendered":"https:\/\/apuntesdesanluis.com\/?p=25505"},"modified":"2024-11-20T20:54:21","modified_gmt":"2024-11-20T23:54:21","slug":"el-gobierno-denuncio-un-posible-desfalco-de-3-350-millones-en-la-obra-social-de-los-empleados-rurales","status":"publish","type":"post","link":"https:\/\/apuntesdesanluis.com\/index.php\/2024\/11\/20\/el-gobierno-denuncio-un-posible-desfalco-de-3-350-millones-en-la-obra-social-de-los-empleados-rurales\/","title":{"rendered":"EL GOBIERNO DENUNCI\u00d3 UN POSIBLE DESFALCO DE $3.350 MILLONES EN LA OBRA SOCIAL DE LOS EMPLEADOS RURALES"},"content":{"rendered":"<h3>La <strong>Superintendencia de Salud<\/strong> (SSS) denunci\u00f3 hoy un <strong>posible desfalco en la obra social de los peones rurales<\/strong>, la segunda m\u00e1s grande del pa\u00eds con casi 760 mil afiliados, de m\u00e1s de <strong>$3350 millones<\/strong>. Ocurri\u00f3 durante una audiencia ante la C\u00e1mara Federal de La Plata, donde se discute el futuro de una investigaci\u00f3n judicial contra el secretario general de la Uni\u00f3n Argentina de Trabajadores Rurales y Estibadores (UATRE),<strong> Jos\u00e9 Antonio Voytenco <\/strong>(foto), acusado de lavado de dinero.<\/h3>\n<h3>La obra social OSPRERA est\u00e1 intervenida hace varios d\u00edas en el marco de una investigaci\u00f3n judicial. Pero la historia tiene varias idas y vueltas. Todo comenz\u00f3 a comienzos de 2023, cuando un juez de Santa Rosa (La Pampa) orden\u00f3 la primera intervenci\u00f3n. Esa gesti\u00f3n pidi\u00f3 una ayuda financiera ante la Superintendencia de Salud de $3350 millones. \u201cLa rendici\u00f3n de esos fondos se present\u00f3 el 7 de diciembre pasado y se aprob\u00f3 un d\u00eda despu\u00e9s, por eso sospechamos que hubo una administraci\u00f3n irregular\u201d, dijo una fuente de la SSS.<\/h3>\n<h3>Esa primera intervenci\u00f3n termin\u00f3 su mandato en marzo de este a\u00f1o. El Gobierno sigui\u00f3 investigando el manejo de la obra social y decidi\u00f3 una nueva intervenci\u00f3n a trav\u00e9s de un decreto que llevaba la firma del presidente Javier Milei. Pero el juez de Santa Rosa, Juan Jos\u00e9 B\u00e1ric, ahora denunciado ante el Consejo de la Magistratura, decidi\u00f3 suspender a esa<\/h3>\n<h3>La situaci\u00f3n cambi\u00f3 a partir de una denuncia por lavado de dinero contra el titular del gremio, que qued\u00f3 a cargo del juez federal de Lomas de Zamora, Federico Villena. Hace un mes, el magistrado orden\u00f3 el embargo de los bienes y la inhibici\u00f3n de las cuentas de Voytenco, y suspendi\u00f3 a todo el directorio de la obra social.<\/h3>\n<p><img fetchpriority=\"high\" decoding=\"async\" class=\"wp-image-25507 aligncenter\" src=\"https:\/\/apuntesdesanluis.com\/wp-content\/uploads\/2024\/11\/superintendencia-300x193.png\" alt=\"\" width=\"662\" height=\"426\" srcset=\"https:\/\/apuntesdesanluis.com\/wp-content\/uploads\/2024\/11\/superintendencia-300x193.png 300w, https:\/\/apuntesdesanluis.com\/wp-content\/uploads\/2024\/11\/superintendencia-768x495.png 768w, https:\/\/apuntesdesanluis.com\/wp-content\/uploads\/2024\/11\/superintendencia.png 864w\" sizes=\"(max-width: 662px) 100vw, 662px\" \/><\/p>\n<h3>Adem\u00e1s, el juez autoriz\u00f3 a la Superintendencia de Servicios de Salud a adoptar durante 120 d\u00edas medidas de control y gesti\u00f3n sobre OSPRERA. \u201cEste movimiento busca salvaguardar los derechos de los afiliados y asegurar la transparencia administrativa dentro de la organizaci\u00f3n\u201d, apunt\u00f3 una fuente judicial.<\/h3>\n<h3>En el gremio aseguran que Voytenco est\u00e1 alejado de la conducci\u00f3n de la obra social. \u201cDesde 2022 hasta hoy estuvo solo 103 d\u00edas tuvo a cargo OSPRERA: 31 d\u00edas de julio, 17 de agosto, 30 de septiembre y 26 de octubre\u201d, detall\u00f3 una fuente de UATRE.<\/h3>\n<h3><strong>DENUNCIA <\/strong><\/h3>\n<h3>M\u00e1s temprano, tambi\u00e9n hubo novedades en la causa judicial donde se investiga a Voytenco. El juez Villena hizo lugar a un recurso presentado por los abogados de la Superintendencia de Salud y revoc\u00f3 una decisi\u00f3n que hab\u00eda tomado su colega Juan Pablo Aug\u00e9, que lo reemplaz\u00f3 cuando estuvo de licencia.<\/h3>\n<h3>Hace dos semanas, Aug\u00e9 hizo lugar a un recurso planteado por el fiscal Sergio Mola, quien cuestion\u00f3 la decisi\u00f3n de Villena de apartarlo de la causa. Contra esa decisi\u00f3n, la SSS, que act\u00faa como querellante, plante\u00f3 una nueva objeci\u00f3n. \u201cLo actuado por el Dr. Auge\u0301, en este corta pero ajetreada intervencio\u0301n, produjo confusio\u0301n en el expediente y desconfianza de las partes en su capacidad para administrar justicia\u201d, respondi\u00f3 ahora Villena.<\/h3>\n<h3>En la misma resoluci\u00f3n, el juez fue muy duro contra el fiscal. \u201cLejos de cumplir con su misio\u0301n como Fiscal, busca paralizar la presente investigacio\u0301n, utiliza\u0301ndola u\u0301nicamente para intentar agraviar a este Magistrado mediando el uso de suposiciones sin sentido\u201d, sostuvo.<\/h3>\n<h3>De fondo hay una disputa feroz para definir d\u00f3nde debe tramitar la denuncia impulsada por otro dirigente del sindicato, Marcelo Agust\u00edn Andrada. Esa presentaci\u00f3n se\u00f1ala que Voytenco podr\u00eda haber utilizado su posici\u00f3n de poder en UATRE para favorecer su propio crecimiento patrimonial, incompatible con sus ingresos declarados. Entre los activos mencionados en la investigaci\u00f3n se incluye una lujosa propiedad valuada en m\u00e1s de 1 mill\u00f3n de d\u00f3lares, ubicada en un club de campo en Ca\u00f1uelas, adem\u00e1s de una colecci\u00f3n de relojes de lujo con un valor aproximado de 150.000 d\u00f3lares.<\/h3>\n<h3>Seg\u00fan la acusaci\u00f3n, el nivel de vida de Voytenco y su relaci\u00f3n con ciertos proveedores de servicios de UATRE podr\u00edan indicar una red de negocios irregulares, donde se alega que habr\u00eda recibido pagos en efectivo y otros beneficios en relaci\u00f3n con contrataciones de la obra social y del sindicato.<\/h3>\n<p>&nbsp;<\/p>\n<p>&nbsp;<\/p>\n<p>&nbsp;<\/p>\n<p>&nbsp;<\/p>\n<p>&nbsp;<\/p>\n<p>&nbsp;<\/p>\n","protected":false},"excerpt":{"rendered":"<p>La Superintendencia de Salud (SSS) denunci\u00f3 hoy un posible desfalco en la obra social de&#8230;<\/p>\n","protected":false},"author":1,"featured_media":25506,"comment_status":"closed","ping_status":"closed","sticky":false,"template":"","format":"standard","meta":{"footnotes":""},"categories":[5],"tags":[],"class_list":["post-25505","post","type-post","status-publish","format-standard","has-post-thumbnail","hentry","category-nacionales-internacionales"],"yoast_head":"<!-- This site is optimized with the Yoast SEO plugin v26.1.1 - https:\/\/yoast.com\/wordpress\/plugins\/seo\/ -->\n<title>EL GOBIERNO DENUNCI\u00d3 UN POSIBLE DESFALCO DE $3.350 MILLONES EN LA OBRA SOCIAL DE LOS EMPLEADOS RURALES - Apuntes de San Luis<\/title>\n<meta name=\"robots\" content=\"index, follow, max-snippet:-1, max-image-preview:large, max-video-preview:-1\" \/>\n<link rel=\"canonical\" href=\"https:\/\/apuntesdesanluis.com\/index.php\/2024\/11\/20\/el-gobierno-denuncio-un-posible-desfalco-de-3-350-millones-en-la-obra-social-de-los-empleados-rurales\/\" \/>\n<meta property=\"og:locale\" content=\"es_ES\" \/>\n<meta property=\"og:type\" content=\"article\" \/>\n<meta property=\"og:title\" content=\"EL GOBIERNO DENUNCI\u00d3 UN POSIBLE DESFALCO DE $3.350 MILLONES EN LA OBRA SOCIAL DE LOS EMPLEADOS RURALES - Apuntes de San Luis\" \/>\n<meta property=\"og:description\" content=\"La Superintendencia de Salud (SSS) denunci\u00f3 hoy un posible desfalco en la obra social de...\" \/>\n<meta property=\"og:url\" content=\"https:\/\/apuntesdesanluis.com\/index.php\/2024\/11\/20\/el-gobierno-denuncio-un-posible-desfalco-de-3-350-millones-en-la-obra-social-de-los-empleados-rurales\/\" \/>\n<meta property=\"og:site_name\" content=\"Apuntes de San Luis\" \/>\n<meta property=\"article:published_time\" content=\"2024-11-20T23:54:21+00:00\" \/>\n<meta property=\"og:image\" content=\"https:\/\/apuntesdesanluis.com\/wp-content\/uploads\/2024\/11\/voytenco.png\" \/>\n\t<meta property=\"og:image:width\" content=\"660\" \/>\n\t<meta property=\"og:image:height\" content=\"483\" \/>\n\t<meta property=\"og:image:type\" content=\"image\/png\" \/>\n<meta name=\"author\" content=\"apuntesdesanluis.com\" \/>\n<meta name=\"twitter:card\" content=\"summary_large_image\" \/>\n<meta name=\"twitter:label1\" content=\"Escrito por\" \/>\n\t<meta name=\"twitter:data1\" content=\"apuntesdesanluis.com\" \/>\n\t<meta name=\"twitter:label2\" content=\"Tiempo de lectura\" \/>\n\t<meta name=\"twitter:data2\" content=\"4 minutos\" \/>\n<script type=\"application\/ld+json\" class=\"yoast-schema-graph\">{\"@context\":\"https:\/\/schema.org\",\"@graph\":[{\"@type\":\"Article\",\"@id\":\"https:\/\/apuntesdesanluis.com\/index.php\/2024\/11\/20\/el-gobierno-denuncio-un-posible-desfalco-de-3-350-millones-en-la-obra-social-de-los-empleados-rurales\/#article\",\"isPartOf\":{\"@id\":\"https:\/\/apuntesdesanluis.com\/index.php\/2024\/11\/20\/el-gobierno-denuncio-un-posible-desfalco-de-3-350-millones-en-la-obra-social-de-los-empleados-rurales\/\"},\"author\":{\"name\":\"apuntesdesanluis.com\",\"@id\":\"https:\/\/apuntesdesanluis.com\/#\/schema\/person\/b55151d52296fcce64d1a72538a70b90\"},\"headline\":\"EL GOBIERNO DENUNCI\u00d3 UN POSIBLE DESFALCO DE $3.350 MILLONES EN LA OBRA SOCIAL DE LOS EMPLEADOS RURALES\",\"datePublished\":\"2024-11-20T23:54:21+00:00\",\"mainEntityOfPage\":{\"@id\":\"https:\/\/apuntesdesanluis.com\/index.php\/2024\/11\/20\/el-gobierno-denuncio-un-posible-desfalco-de-3-350-millones-en-la-obra-social-de-los-empleados-rurales\/\"},\"wordCount\":747,\"publisher\":{\"@id\":\"https:\/\/apuntesdesanluis.com\/#\/schema\/person\/b55151d52296fcce64d1a72538a70b90\"},\"image\":{\"@id\":\"https:\/\/apuntesdesanluis.com\/index.php\/2024\/11\/20\/el-gobierno-denuncio-un-posible-desfalco-de-3-350-millones-en-la-obra-social-de-los-empleados-rurales\/#primaryimage\"},\"thumbnailUrl\":\"https:\/\/apuntesdesanluis.com\/wp-content\/uploads\/2024\/11\/voytenco.png\",\"articleSection\":[\"Nacionales\/Internacionales\"],\"inLanguage\":\"es-AR\"},{\"@type\":\"WebPage\",\"@id\":\"https:\/\/apuntesdesanluis.com\/index.php\/2024\/11\/20\/el-gobierno-denuncio-un-posible-desfalco-de-3-350-millones-en-la-obra-social-de-los-empleados-rurales\/\",\"url\":\"https:\/\/apuntesdesanluis.com\/index.php\/2024\/11\/20\/el-gobierno-denuncio-un-posible-desfalco-de-3-350-millones-en-la-obra-social-de-los-empleados-rurales\/\",\"name\":\"EL GOBIERNO DENUNCI\u00d3 UN POSIBLE DESFALCO DE $3.350 MILLONES EN LA OBRA SOCIAL DE LOS EMPLEADOS RURALES - Apuntes de San Luis\",\"isPartOf\":{\"@id\":\"https:\/\/apuntesdesanluis.com\/#website\"},\"primaryImageOfPage\":{\"@id\":\"https:\/\/apuntesdesanluis.com\/index.php\/2024\/11\/20\/el-gobierno-denuncio-un-posible-desfalco-de-3-350-millones-en-la-obra-social-de-los-empleados-rurales\/#primaryimage\"},\"image\":{\"@id\":\"https:\/\/apuntesdesanluis.com\/index.php\/2024\/11\/20\/el-gobierno-denuncio-un-posible-desfalco-de-3-350-millones-en-la-obra-social-de-los-empleados-rurales\/#primaryimage\"},\"thumbnailUrl\":\"https:\/\/apuntesdesanluis.com\/wp-content\/uploads\/2024\/11\/voytenco.png\",\"datePublished\":\"2024-11-20T23:54:21+00:00\",\"breadcrumb\":{\"@id\":\"https:\/\/apuntesdesanluis.com\/index.php\/2024\/11\/20\/el-gobierno-denuncio-un-posible-desfalco-de-3-350-millones-en-la-obra-social-de-los-empleados-rurales\/#breadcrumb\"},\"inLanguage\":\"es-AR\",\"potentialAction\":[{\"@type\":\"ReadAction\",\"target\":[\"https:\/\/apuntesdesanluis.com\/index.php\/2024\/11\/20\/el-gobierno-denuncio-un-posible-desfalco-de-3-350-millones-en-la-obra-social-de-los-empleados-rurales\/\"]}]},{\"@type\":\"ImageObject\",\"inLanguage\":\"es-AR\",\"@id\":\"https:\/\/apuntesdesanluis.com\/index.php\/2024\/11\/20\/el-gobierno-denuncio-un-posible-desfalco-de-3-350-millones-en-la-obra-social-de-los-empleados-rurales\/#primaryimage\",\"url\":\"https:\/\/apuntesdesanluis.com\/wp-content\/uploads\/2024\/11\/voytenco.png\",\"contentUrl\":\"https:\/\/apuntesdesanluis.com\/wp-content\/uploads\/2024\/11\/voytenco.png\",\"width\":660,\"height\":483},{\"@type\":\"BreadcrumbList\",\"@id\":\"https:\/\/apuntesdesanluis.com\/index.php\/2024\/11\/20\/el-gobierno-denuncio-un-posible-desfalco-de-3-350-millones-en-la-obra-social-de-los-empleados-rurales\/#breadcrumb\",\"itemListElement\":[{\"@type\":\"ListItem\",\"position\":1,\"name\":\"Inicio\",\"item\":\"https:\/\/apuntesdesanluis.com\/\"},{\"@type\":\"ListItem\",\"position\":2,\"name\":\"EL GOBIERNO DENUNCI\u00d3 UN POSIBLE DESFALCO DE $3.350 MILLONES EN LA OBRA SOCIAL DE LOS EMPLEADOS RURALES\"}]},{\"@type\":\"WebSite\",\"@id\":\"https:\/\/apuntesdesanluis.com\/#website\",\"url\":\"https:\/\/apuntesdesanluis.com\/\",\"name\":\"Apuntes de San Luis\",\"description\":\"\",\"publisher\":{\"@id\":\"https:\/\/apuntesdesanluis.com\/#\/schema\/person\/b55151d52296fcce64d1a72538a70b90\"},\"potentialAction\":[{\"@type\":\"SearchAction\",\"target\":{\"@type\":\"EntryPoint\",\"urlTemplate\":\"https:\/\/apuntesdesanluis.com\/?s={search_term_string}\"},\"query-input\":{\"@type\":\"PropertyValueSpecification\",\"valueRequired\":true,\"valueName\":\"search_term_string\"}}],\"inLanguage\":\"es-AR\"},{\"@type\":[\"Person\",\"Organization\"],\"@id\":\"https:\/\/apuntesdesanluis.com\/#\/schema\/person\/b55151d52296fcce64d1a72538a70b90\",\"name\":\"apuntesdesanluis.com\",\"image\":{\"@type\":\"ImageObject\",\"inLanguage\":\"es-AR\",\"@id\":\"https:\/\/apuntesdesanluis.com\/#\/schema\/person\/image\/\",\"url\":\"https:\/\/apuntesdesanluis.com\/wp-content\/uploads\/2023\/07\/cropped-apuntesdesanluis.png\",\"contentUrl\":\"https:\/\/apuntesdesanluis.com\/wp-content\/uploads\/2023\/07\/cropped-apuntesdesanluis.png\",\"width\":450,\"height\":112,\"caption\":\"apuntesdesanluis.com\"},\"logo\":{\"@id\":\"https:\/\/apuntesdesanluis.com\/#\/schema\/person\/image\/\"},\"sameAs\":[\"https:\/\/apuntesdesanluis.com\"],\"url\":\"https:\/\/apuntesdesanluis.com\/index.php\/author\/apuntesdesanluis-com\/\"}]}<\/script>\n<!-- \/ Yoast SEO plugin. -->","yoast_head_json":{"title":"EL GOBIERNO DENUNCI\u00d3 UN POSIBLE DESFALCO DE $3.350 MILLONES EN LA OBRA SOCIAL DE LOS EMPLEADOS RURALES - Apuntes de San Luis","robots":{"index":"index","follow":"follow","max-snippet":"max-snippet:-1","max-image-preview":"max-image-preview:large","max-video-preview":"max-video-preview:-1"},"canonical":"https:\/\/apuntesdesanluis.com\/index.php\/2024\/11\/20\/el-gobierno-denuncio-un-posible-desfalco-de-3-350-millones-en-la-obra-social-de-los-empleados-rurales\/","og_locale":"es_ES","og_type":"article","og_title":"EL GOBIERNO DENUNCI\u00d3 UN POSIBLE DESFALCO DE $3.350 MILLONES EN LA OBRA SOCIAL DE LOS EMPLEADOS RURALES - Apuntes de San Luis","og_description":"La Superintendencia de Salud (SSS) denunci\u00f3 hoy un posible desfalco en la obra social de...","og_url":"https:\/\/apuntesdesanluis.com\/index.php\/2024\/11\/20\/el-gobierno-denuncio-un-posible-desfalco-de-3-350-millones-en-la-obra-social-de-los-empleados-rurales\/","og_site_name":"Apuntes de San Luis","article_published_time":"2024-11-20T23:54:21+00:00","og_image":[{"width":660,"height":483,"url":"https:\/\/apuntesdesanluis.com\/wp-content\/uploads\/2024\/11\/voytenco.png","type":"image\/png"}],"author":"apuntesdesanluis.com","twitter_card":"summary_large_image","twitter_misc":{"Escrito por":"apuntesdesanluis.com","Tiempo de lectura":"4 minutos"},"schema":{"@context":"https:\/\/schema.org","@graph":[{"@type":"Article","@id":"https:\/\/apuntesdesanluis.com\/index.php\/2024\/11\/20\/el-gobierno-denuncio-un-posible-desfalco-de-3-350-millones-en-la-obra-social-de-los-empleados-rurales\/#article","isPartOf":{"@id":"https:\/\/apuntesdesanluis.com\/index.php\/2024\/11\/20\/el-gobierno-denuncio-un-posible-desfalco-de-3-350-millones-en-la-obra-social-de-los-empleados-rurales\/"},"author":{"name":"apuntesdesanluis.com","@id":"https:\/\/apuntesdesanluis.com\/#\/schema\/person\/b55151d52296fcce64d1a72538a70b90"},"headline":"EL GOBIERNO DENUNCI\u00d3 UN POSIBLE DESFALCO DE $3.350 MILLONES EN LA OBRA SOCIAL DE LOS EMPLEADOS RURALES","datePublished":"2024-11-20T23:54:21+00:00","mainEntityOfPage":{"@id":"https:\/\/apuntesdesanluis.com\/index.php\/2024\/11\/20\/el-gobierno-denuncio-un-posible-desfalco-de-3-350-millones-en-la-obra-social-de-los-empleados-rurales\/"},"wordCount":747,"publisher":{"@id":"https:\/\/apuntesdesanluis.com\/#\/schema\/person\/b55151d52296fcce64d1a72538a70b90"},"image":{"@id":"https:\/\/apuntesdesanluis.com\/index.php\/2024\/11\/20\/el-gobierno-denuncio-un-posible-desfalco-de-3-350-millones-en-la-obra-social-de-los-empleados-rurales\/#primaryimage"},"thumbnailUrl":"https:\/\/apuntesdesanluis.com\/wp-content\/uploads\/2024\/11\/voytenco.png","articleSection":["Nacionales\/Internacionales"],"inLanguage":"es-AR"},{"@type":"WebPage","@id":"https:\/\/apuntesdesanluis.com\/index.php\/2024\/11\/20\/el-gobierno-denuncio-un-posible-desfalco-de-3-350-millones-en-la-obra-social-de-los-empleados-rurales\/","url":"https:\/\/apuntesdesanluis.com\/index.php\/2024\/11\/20\/el-gobierno-denuncio-un-posible-desfalco-de-3-350-millones-en-la-obra-social-de-los-empleados-rurales\/","name":"EL GOBIERNO DENUNCI\u00d3 UN POSIBLE DESFALCO DE $3.350 MILLONES EN LA OBRA SOCIAL DE LOS EMPLEADOS RURALES - Apuntes de San Luis","isPartOf":{"@id":"https:\/\/apuntesdesanluis.com\/#website"},"primaryImageOfPage":{"@id":"https:\/\/apuntesdesanluis.com\/index.php\/2024\/11\/20\/el-gobierno-denuncio-un-posible-desfalco-de-3-350-millones-en-la-obra-social-de-los-empleados-rurales\/#primaryimage"},"image":{"@id":"https:\/\/apuntesdesanluis.com\/index.php\/2024\/11\/20\/el-gobierno-denuncio-un-posible-desfalco-de-3-350-millones-en-la-obra-social-de-los-empleados-rurales\/#primaryimage"},"thumbnailUrl":"https:\/\/apuntesdesanluis.com\/wp-content\/uploads\/2024\/11\/voytenco.png","datePublished":"2024-11-20T23:54:21+00:00","breadcrumb":{"@id":"https:\/\/apuntesdesanluis.com\/index.php\/2024\/11\/20\/el-gobierno-denuncio-un-posible-desfalco-de-3-350-millones-en-la-obra-social-de-los-empleados-rurales\/#breadcrumb"},"inLanguage":"es-AR","potentialAction":[{"@type":"ReadAction","target":["https:\/\/apuntesdesanluis.com\/index.php\/2024\/11\/20\/el-gobierno-denuncio-un-posible-desfalco-de-3-350-millones-en-la-obra-social-de-los-empleados-rurales\/"]}]},{"@type":"ImageObject","inLanguage":"es-AR","@id":"https:\/\/apuntesdesanluis.com\/index.php\/2024\/11\/20\/el-gobierno-denuncio-un-posible-desfalco-de-3-350-millones-en-la-obra-social-de-los-empleados-rurales\/#primaryimage","url":"https:\/\/apuntesdesanluis.com\/wp-content\/uploads\/2024\/11\/voytenco.png","contentUrl":"https:\/\/apuntesdesanluis.com\/wp-content\/uploads\/2024\/11\/voytenco.png","width":660,"height":483},{"@type":"BreadcrumbList","@id":"https:\/\/apuntesdesanluis.com\/index.php\/2024\/11\/20\/el-gobierno-denuncio-un-posible-desfalco-de-3-350-millones-en-la-obra-social-de-los-empleados-rurales\/#breadcrumb","itemListElement":[{"@type":"ListItem","position":1,"name":"Inicio","item":"https:\/\/apuntesdesanluis.com\/"},{"@type":"ListItem","position":2,"name":"EL GOBIERNO DENUNCI\u00d3 UN POSIBLE DESFALCO DE $3.350 MILLONES EN LA OBRA SOCIAL DE LOS EMPLEADOS RURALES"}]},{"@type":"WebSite","@id":"https:\/\/apuntesdesanluis.com\/#website","url":"https:\/\/apuntesdesanluis.com\/","name":"Apuntes de San Luis","description":"","publisher":{"@id":"https:\/\/apuntesdesanluis.com\/#\/schema\/person\/b55151d52296fcce64d1a72538a70b90"},"potentialAction":[{"@type":"SearchAction","target":{"@type":"EntryPoint","urlTemplate":"https:\/\/apuntesdesanluis.com\/?s={search_term_string}"},"query-input":{"@type":"PropertyValueSpecification","valueRequired":true,"valueName":"search_term_string"}}],"inLanguage":"es-AR"},{"@type":["Person","Organization"],"@id":"https:\/\/apuntesdesanluis.com\/#\/schema\/person\/b55151d52296fcce64d1a72538a70b90","name":"apuntesdesanluis.com","image":{"@type":"ImageObject","inLanguage":"es-AR","@id":"https:\/\/apuntesdesanluis.com\/#\/schema\/person\/image\/","url":"https:\/\/apuntesdesanluis.com\/wp-content\/uploads\/2023\/07\/cropped-apuntesdesanluis.png","contentUrl":"https:\/\/apuntesdesanluis.com\/wp-content\/uploads\/2023\/07\/cropped-apuntesdesanluis.png","width":450,"height":112,"caption":"apuntesdesanluis.com"},"logo":{"@id":"https:\/\/apuntesdesanluis.com\/#\/schema\/person\/image\/"},"sameAs":["https:\/\/apuntesdesanluis.com"],"url":"https:\/\/apuntesdesanluis.com\/index.php\/author\/apuntesdesanluis-com\/"}]}},"featured_image_urls":{"full":["https:\/\/apuntesdesanluis.com\/wp-content\/uploads\/2024\/11\/voytenco.png",660,483,false],"thumbnail":["https:\/\/apuntesdesanluis.com\/wp-content\/uploads\/2024\/11\/voytenco-150x150.png",150,150,true],"medium":["https:\/\/apuntesdesanluis.com\/wp-content\/uploads\/2024\/11\/voytenco-300x220.png",300,220,true],"medium_large":["https:\/\/apuntesdesanluis.com\/wp-content\/uploads\/2024\/11\/voytenco.png",640,468,false],"large":["https:\/\/apuntesdesanluis.com\/wp-content\/uploads\/2024\/11\/voytenco.png",640,468,false],"1536x1536":["https:\/\/apuntesdesanluis.com\/wp-content\/uploads\/2024\/11\/voytenco.png",660,483,false],"2048x2048":["https:\/\/apuntesdesanluis.com\/wp-content\/uploads\/2024\/11\/voytenco.png",660,483,false],"newsever-slider-full":["https:\/\/apuntesdesanluis.com\/wp-content\/uploads\/2024\/11\/voytenco.png",660,483,false],"newsever-featured":["https:\/\/apuntesdesanluis.com\/wp-content\/uploads\/2024\/11\/voytenco.png",660,483,false],"newsever-medium":["https:\/\/apuntesdesanluis.com\/wp-content\/uploads\/2024\/11\/voytenco-660x475.png",660,475,true]},"author_info":{"display_name":"apuntesdesanluis.com","author_link":"https:\/\/apuntesdesanluis.com\/index.php\/author\/apuntesdesanluis-com\/"},"category_info":"<a href=\"https:\/\/apuntesdesanluis.com\/index.php\/category\/nacionales-internacionales\/\" rel=\"category tag\">Nacionales\/Internacionales<\/a>","tag_info":"Nacionales\/Internacionales","comment_count":"0","_links":{"self":[{"href":"https:\/\/apuntesdesanluis.com\/index.php\/wp-json\/wp\/v2\/posts\/25505","targetHints":{"allow":["GET"]}}],"collection":[{"href":"https:\/\/apuntesdesanluis.com\/index.php\/wp-json\/wp\/v2\/posts"}],"about":[{"href":"https:\/\/apuntesdesanluis.com\/index.php\/wp-json\/wp\/v2\/types\/post"}],"author":[{"embeddable":true,"href":"https:\/\/apuntesdesanluis.com\/index.php\/wp-json\/wp\/v2\/users\/1"}],"replies":[{"embeddable":true,"href":"https:\/\/apuntesdesanluis.com\/index.php\/wp-json\/wp\/v2\/comments?post=25505"}],"version-history":[{"count":1,"href":"https:\/\/apuntesdesanluis.com\/index.php\/wp-json\/wp\/v2\/posts\/25505\/revisions"}],"predecessor-version":[{"id":25508,"href":"https:\/\/apuntesdesanluis.com\/index.php\/wp-json\/wp\/v2\/posts\/25505\/revisions\/25508"}],"wp:featuredmedia":[{"embeddable":true,"href":"https:\/\/apuntesdesanluis.com\/index.php\/wp-json\/wp\/v2\/media\/25506"}],"wp:attachment":[{"href":"https:\/\/apuntesdesanluis.com\/index.php\/wp-json\/wp\/v2\/media?parent=25505"}],"wp:term":[{"taxonomy":"category","embeddable":true,"href":"https:\/\/apuntesdesanluis.com\/index.php\/wp-json\/wp\/v2\/categories?post=25505"},{"taxonomy":"post_tag","embeddable":true,"href":"https:\/\/apuntesdesanluis.com\/index.php\/wp-json\/wp\/v2\/tags?post=25505"}],"curies":[{"name":"wp","href":"https:\/\/api.w.org\/{rel}","templated":true}]}}