{"id":2553,"date":"2023-09-03T17:55:41","date_gmt":"2023-09-03T20:55:41","guid":{"rendered":"https:\/\/apuntesdesanluis.com\/?p=2553"},"modified":"2023-09-03T17:55:41","modified_gmt":"2023-09-03T20:55:41","slug":"confirmaron-la-realizacion-de-la-autopsia-al-cuerpo-de-silvina-luna","status":"publish","type":"post","link":"https:\/\/apuntesdesanluis.com\/index.php\/2023\/09\/03\/confirmaron-la-realizacion-de-la-autopsia-al-cuerpo-de-silvina-luna\/","title":{"rendered":"CONFIRMARON LA REALIZACI\u00d3N DE LA AUTOPSIA AL CUERPO DE SILVINA LUNA"},"content":{"rendered":"<h3 class=\"yiv7409174924ydp6329976emsonormal\" style=\"text-align: justify; background: white;\"><span style=\"font-family: 'Arial','sans-serif'; color: #1d2228;\">Finalmente, la Justicia respondi\u00f3 a las solicitudes del fiscal Sandro Abraldes y del abogado Fernando Burlando y este lunes a las 9 de la ma\u00f1ana se llevar\u00e1 a cabo una autopsia al cuerpo de <strong>Silvina Luna<\/strong>.<\/span><\/h3>\n<h3 class=\"yiv7409174924ydp6329976emsonormal\" style=\"text-align: justify; background: white;\"><span style=\"font-family: 'Arial','sans-serif'; color: #1d2228;\">La petici\u00f3n de realizar una autopsia fue presentada por el fiscal Sandro Abraldes, titular de la Fiscal\u00eda General N\u00b0 26 de la Ciudad Aut\u00f3noma de Buenos Aires, ante la C\u00e1mara Nacional de Casaci\u00f3n Penal. El objetivo de esta medida es \u201cpreservar el cad\u00e1ver\u201d de Silvina Luna, cuyo fallecimiento conmocion\u00f3 a la opini\u00f3n p\u00fablica.<\/span><\/h3>\n<h3 class=\"yiv7409174924ydp6329976emsonormal\" style=\"text-align: justify; background: white;\"><span style=\"font-family: 'Arial','sans-serif'; color: #1d2228;\">En el requerimiento presentado por Abraldes se explica: \u201cTras haber tomado conocimiento del fallecimiento de Silvina Luna en el d\u00eda de la fecha, esta Fiscal\u00eda General considera de vital importancia la preservaci\u00f3n del cad\u00e1ver y su custodia por parte de la Morgue Judicial, en miras a una inminente autopsia a trav\u00e9s del Servicio de Tanatolog\u00eda del Cuerpo M\u00e9dico Forense de la Justicia Nacional\u201d.<\/span><\/h3>\n<h3 class=\"yiv7409174924ydp6329976emsonormal\" style=\"text-align: justify; background: white;\"><span style=\"font-family: 'Arial','sans-serif'; color: #1d2228;\">Por otro lado, el abogado Fernando Burlando, representante legal de la familia de la v\u00edctima, tambi\u00e9n se present\u00f3 ante la Justicia para denunciar al m\u00e9dico An\u00edbal Lotocki en relaci\u00f3n con la muerte de la modelo. El letrado hab\u00eda solicitado previamente que se realice una autopsia al cuerpo de Silvina Luna, pero tres jueces federales se hab\u00edan declarado incompetentes en el caso.<\/span><\/h3>\n<h3 class=\"yiv7409174924ydp6329976emsonormal\" style=\"text-align: justify; background: white;\"><span style=\"font-family: 'Arial','sans-serif'; color: #1d2228;\">La realizaci\u00f3n de esta autopsia se espera que arroje luz sobre las circunstancias que rodearon la muerte de Silvina Luna y contribuya a la investigaci\u00f3n en curso.<\/span><\/h3>\n<h3 class=\"yiv7409174924ydp6329976emsonormal\" style=\"text-align: justify; background: white;\"><span style=\"font-family: 'Arial','sans-serif'; color: #1d2228;\">Eugenia Orellana era una de las amigas m\u00e1s cercanas de Silvina Luna. Y, al enterarse en las \u00faltimas horas de que tres jueces se hab\u00edan declarado incompetentes frente a la nueva denuncia presentada por Fernando Burlando contra An\u00edbal Lotocki, pidiendo que se le realice una autopsia al cuerpo de la modelo para determinar las causas de su muerte, estall\u00f3 de furia en sus redes sociales.<\/span><\/h3>\n<h3 class=\"yiv7409174924ydp6329976emsonormal\" style=\"text-align: justify; background: white;\"><span style=\"font-family: 'Arial','sans-serif'; color: #1d2228;\">\u201cTres jueces se excusaron ante la autopsia de Silvina Luna: Carlos Rengel, Alejandro Ferro y Luis Schlegel. Por mucho menos a L-Gante lo detuvieron y est\u00e1 en una DDI desde hace rato y tiene una pena en expectativa de 8 a\u00f1os&#8230;\u00bfQui\u00e9n respalda a Lotocki desde las sombras para que su impunidad sea tan alevosa?\u201d, escribi\u00f3 la joven en una historia de Instagram junto a hastag #JusticiaporSilvina.<\/span><\/h3>\n<h3 class=\"yiv7409174924ydp6329976emsonormal\" style=\"text-align: justify; background: white;\"><span style=\"font-family: 'Arial','sans-serif'; color: #1d2228;\">Y en otra publicaci\u00f3n, agreg\u00f3 un recorte que dec\u00eda: \u201cEl titular del Tribunal Oral 28 Carlos Rengel, quien conden\u00f3 a Lotocki afirm\u00f3 que no es su esfera ordenar la autopsia e hizo caso al pedido del fiscal Sandro Abraldes, que orden\u00f3 la preservaci\u00f3n del cuerpo de la actriz\u201d. Entre otros amigos, Ximena Capristo, Gustavo Conti, Majo Martino y Locho Loccisano tambi\u00e9n se hicieron eco de esta novedad en sus redes y expresaron su enojo.<\/span><\/h3>\n<h3 class=\"yiv7409174924ydp6329976emsonormal\" style=\"text-align: justify; background: white;\"><span style=\"font-family: 'Arial','sans-serif'; color: #1d2228;\">Cabe recordar que el m\u00e9dico fue condenado a cuatro a\u00f1os de prisi\u00f3n en primera instancia por lesiones graves en una causa que hab\u00edan iniciado de manera conjunta Silvina, Pamela Sosa, Stefy Xipolitakis y Gabriela Trenchi, medida que \u00e9l apelo por lo cual la sentencia no qued\u00f3 firme.<\/span><\/h3>\n<h3 class=\"yiv7409174924ydp6329976emsonormal\" style=\"text-align: justify; background: white;\"><span style=\"font-family: 'Arial','sans-serif'; color: #1d2228;\">Recordemos que la salud de Silvina Luna empez\u00f3 a quebrarse en 2011, cuando se someti\u00f3 a una intervenci\u00f3n est\u00e9tica realizada por el doctor An\u00edbal Lotocki. El m\u00e9dico, que posteriormente fue condenado a cuatro a\u00f1os de prisi\u00f3n, le inyect\u00f3 polimetilmetacrilato en los gl\u00fateos, lo que desencaden\u00f3 una serie de complicaciones m\u00e9dicas.<\/span><\/h3>\n<h3 class=\"yiv7409174924ydp6329976emsonormal\" style=\"text-align: justify; background: white;\"><span style=\"font-family: 'Arial','sans-serif'; color: #1d2228;\">Con el tiempo, las secuelas del procedimiento est\u00e9tico se volvieron cada vez m\u00e1s severas. La modelo padec\u00eda hipercalcemia e insuficiencia renal, condiciones que la obligaron a recibir tratamientos de di\u00e1lisis durante cuatro horas al d\u00eda, tres veces a la semana. Lleg\u00f3 a estar en lista de espera en del Incucai para recibir un transplante de ri\u00f1\u00f3n.<\/span><\/h3>\n<h3 class=\"yiv7409174924ydp6329976emsonormal\" style=\"text-align: justify; background: white;\"><span style=\"font-family: 'Arial','sans-serif'; color: #1d2228;\">\u201cTuve muchas presiones. Y muy pocas herramientas tambi\u00e9n&#8230; Hac\u00edamos teatro de revista y el cuerpo hegem\u00f3nico era todo. Se usaban las tetas grandes y el culo ac\u00e1 arriba. Y yo me dej\u00e9 llevar por eso, por buscar una seguridad en el exterior y querer cumplir con ese estereotipo. Eso me llev\u00f3 a esa operaci\u00f3n\u201d, hab\u00eda contado la propia Luna en una entrevista con Mar\u00eda Laura Santill\u00e1n en Infobae.<\/span><\/h3>\n<h3 class=\"yiv7409174924ydp6329976emsonormal\" style=\"text-align: justify; background: white;\"><span style=\"font-family: 'Arial','sans-serif'; color: #1d2228;\">Finalmente, luego de una larga pelea contra sus problemas de salud, su familia decidi\u00f3 desconectarla del equipamiento que le daba soporte vital y un par de horas despu\u00e9s muri\u00f3 en el Hospital Italiano el pasado jueves minutos despu\u00e9s del mediod\u00eda.<\/span><\/h3>\n","protected":false},"excerpt":{"rendered":"<p>Finalmente, la Justicia respondi\u00f3 a las solicitudes del fiscal Sandro Abraldes y del abogado Fernando&#8230;<\/p>\n","protected":false},"author":1,"featured_media":2554,"comment_status":"closed","ping_status":"closed","sticky":false,"template":"","format":"standard","meta":{"footnotes":""},"categories":[5],"tags":[],"class_list":["post-2553","post","type-post","status-publish","format-standard","has-post-thumbnail","hentry","category-nacionales-internacionales"],"yoast_head":"<!-- This site is optimized with the Yoast SEO plugin v26.1.1 - https:\/\/yoast.com\/wordpress\/plugins\/seo\/ -->\n<title>CONFIRMARON LA REALIZACI\u00d3N DE LA AUTOPSIA AL CUERPO DE SILVINA LUNA - Apuntes de San Luis<\/title>\n<meta name=\"robots\" content=\"index, follow, max-snippet:-1, max-image-preview:large, max-video-preview:-1\" \/>\n<link rel=\"canonical\" href=\"https:\/\/apuntesdesanluis.com\/index.php\/2023\/09\/03\/confirmaron-la-realizacion-de-la-autopsia-al-cuerpo-de-silvina-luna\/\" \/>\n<meta property=\"og:locale\" content=\"es_ES\" \/>\n<meta property=\"og:type\" content=\"article\" \/>\n<meta property=\"og:title\" content=\"CONFIRMARON LA REALIZACI\u00d3N DE LA AUTOPSIA AL CUERPO DE SILVINA LUNA - Apuntes de San Luis\" \/>\n<meta property=\"og:description\" content=\"Finalmente, la Justicia respondi\u00f3 a las solicitudes del fiscal Sandro Abraldes y del abogado Fernando...\" \/>\n<meta property=\"og:url\" content=\"https:\/\/apuntesdesanluis.com\/index.php\/2023\/09\/03\/confirmaron-la-realizacion-de-la-autopsia-al-cuerpo-de-silvina-luna\/\" \/>\n<meta property=\"og:site_name\" content=\"Apuntes de San Luis\" \/>\n<meta property=\"article:published_time\" content=\"2023-09-03T20:55:41+00:00\" \/>\n<meta property=\"og:image\" content=\"https:\/\/apuntesdesanluis.com\/wp-content\/uploads\/2023\/09\/silvina-luna.png\" \/>\n\t<meta property=\"og:image:width\" content=\"851\" \/>\n\t<meta property=\"og:image:height\" content=\"478\" \/>\n\t<meta property=\"og:image:type\" content=\"image\/png\" \/>\n<meta name=\"author\" content=\"apuntesdesanluis.com\" \/>\n<meta name=\"twitter:card\" content=\"summary_large_image\" \/>\n<meta name=\"twitter:label1\" content=\"Escrito por\" \/>\n\t<meta name=\"twitter:data1\" content=\"apuntesdesanluis.com\" \/>\n\t<meta name=\"twitter:label2\" content=\"Tiempo de lectura\" \/>\n\t<meta name=\"twitter:data2\" content=\"4 minutos\" \/>\n<script type=\"application\/ld+json\" class=\"yoast-schema-graph\">{\"@context\":\"https:\/\/schema.org\",\"@graph\":[{\"@type\":\"Article\",\"@id\":\"https:\/\/apuntesdesanluis.com\/index.php\/2023\/09\/03\/confirmaron-la-realizacion-de-la-autopsia-al-cuerpo-de-silvina-luna\/#article\",\"isPartOf\":{\"@id\":\"https:\/\/apuntesdesanluis.com\/index.php\/2023\/09\/03\/confirmaron-la-realizacion-de-la-autopsia-al-cuerpo-de-silvina-luna\/\"},\"author\":{\"name\":\"apuntesdesanluis.com\",\"@id\":\"https:\/\/apuntesdesanluis.com\/#\/schema\/person\/b55151d52296fcce64d1a72538a70b90\"},\"headline\":\"CONFIRMARON LA REALIZACI\u00d3N DE LA AUTOPSIA AL CUERPO DE SILVINA LUNA\",\"datePublished\":\"2023-09-03T20:55:41+00:00\",\"mainEntityOfPage\":{\"@id\":\"https:\/\/apuntesdesanluis.com\/index.php\/2023\/09\/03\/confirmaron-la-realizacion-de-la-autopsia-al-cuerpo-de-silvina-luna\/\"},\"wordCount\":776,\"publisher\":{\"@id\":\"https:\/\/apuntesdesanluis.com\/#\/schema\/person\/b55151d52296fcce64d1a72538a70b90\"},\"image\":{\"@id\":\"https:\/\/apuntesdesanluis.com\/index.php\/2023\/09\/03\/confirmaron-la-realizacion-de-la-autopsia-al-cuerpo-de-silvina-luna\/#primaryimage\"},\"thumbnailUrl\":\"https:\/\/apuntesdesanluis.com\/wp-content\/uploads\/2023\/09\/silvina-luna.png\",\"articleSection\":[\"Nacionales\/Internacionales\"],\"inLanguage\":\"es-AR\"},{\"@type\":\"WebPage\",\"@id\":\"https:\/\/apuntesdesanluis.com\/index.php\/2023\/09\/03\/confirmaron-la-realizacion-de-la-autopsia-al-cuerpo-de-silvina-luna\/\",\"url\":\"https:\/\/apuntesdesanluis.com\/index.php\/2023\/09\/03\/confirmaron-la-realizacion-de-la-autopsia-al-cuerpo-de-silvina-luna\/\",\"name\":\"CONFIRMARON LA REALIZACI\u00d3N DE LA AUTOPSIA AL CUERPO DE SILVINA LUNA - Apuntes de San Luis\",\"isPartOf\":{\"@id\":\"https:\/\/apuntesdesanluis.com\/#website\"},\"primaryImageOfPage\":{\"@id\":\"https:\/\/apuntesdesanluis.com\/index.php\/2023\/09\/03\/confirmaron-la-realizacion-de-la-autopsia-al-cuerpo-de-silvina-luna\/#primaryimage\"},\"image\":{\"@id\":\"https:\/\/apuntesdesanluis.com\/index.php\/2023\/09\/03\/confirmaron-la-realizacion-de-la-autopsia-al-cuerpo-de-silvina-luna\/#primaryimage\"},\"thumbnailUrl\":\"https:\/\/apuntesdesanluis.com\/wp-content\/uploads\/2023\/09\/silvina-luna.png\",\"datePublished\":\"2023-09-03T20:55:41+00:00\",\"breadcrumb\":{\"@id\":\"https:\/\/apuntesdesanluis.com\/index.php\/2023\/09\/03\/confirmaron-la-realizacion-de-la-autopsia-al-cuerpo-de-silvina-luna\/#breadcrumb\"},\"inLanguage\":\"es-AR\",\"potentialAction\":[{\"@type\":\"ReadAction\",\"target\":[\"https:\/\/apuntesdesanluis.com\/index.php\/2023\/09\/03\/confirmaron-la-realizacion-de-la-autopsia-al-cuerpo-de-silvina-luna\/\"]}]},{\"@type\":\"ImageObject\",\"inLanguage\":\"es-AR\",\"@id\":\"https:\/\/apuntesdesanluis.com\/index.php\/2023\/09\/03\/confirmaron-la-realizacion-de-la-autopsia-al-cuerpo-de-silvina-luna\/#primaryimage\",\"url\":\"https:\/\/apuntesdesanluis.com\/wp-content\/uploads\/2023\/09\/silvina-luna.png\",\"contentUrl\":\"https:\/\/apuntesdesanluis.com\/wp-content\/uploads\/2023\/09\/silvina-luna.png\",\"width\":851,\"height\":478},{\"@type\":\"BreadcrumbList\",\"@id\":\"https:\/\/apuntesdesanluis.com\/index.php\/2023\/09\/03\/confirmaron-la-realizacion-de-la-autopsia-al-cuerpo-de-silvina-luna\/#breadcrumb\",\"itemListElement\":[{\"@type\":\"ListItem\",\"position\":1,\"name\":\"Inicio\",\"item\":\"https:\/\/apuntesdesanluis.com\/\"},{\"@type\":\"ListItem\",\"position\":2,\"name\":\"CONFIRMARON LA REALIZACI\u00d3N DE LA AUTOPSIA AL CUERPO DE SILVINA LUNA\"}]},{\"@type\":\"WebSite\",\"@id\":\"https:\/\/apuntesdesanluis.com\/#website\",\"url\":\"https:\/\/apuntesdesanluis.com\/\",\"name\":\"Apuntes de San Luis\",\"description\":\"\",\"publisher\":{\"@id\":\"https:\/\/apuntesdesanluis.com\/#\/schema\/person\/b55151d52296fcce64d1a72538a70b90\"},\"potentialAction\":[{\"@type\":\"SearchAction\",\"target\":{\"@type\":\"EntryPoint\",\"urlTemplate\":\"https:\/\/apuntesdesanluis.com\/?s={search_term_string}\"},\"query-input\":{\"@type\":\"PropertyValueSpecification\",\"valueRequired\":true,\"valueName\":\"search_term_string\"}}],\"inLanguage\":\"es-AR\"},{\"@type\":[\"Person\",\"Organization\"],\"@id\":\"https:\/\/apuntesdesanluis.com\/#\/schema\/person\/b55151d52296fcce64d1a72538a70b90\",\"name\":\"apuntesdesanluis.com\",\"image\":{\"@type\":\"ImageObject\",\"inLanguage\":\"es-AR\",\"@id\":\"https:\/\/apuntesdesanluis.com\/#\/schema\/person\/image\/\",\"url\":\"https:\/\/apuntesdesanluis.com\/wp-content\/uploads\/2023\/07\/cropped-apuntesdesanluis.png\",\"contentUrl\":\"https:\/\/apuntesdesanluis.com\/wp-content\/uploads\/2023\/07\/cropped-apuntesdesanluis.png\",\"width\":450,\"height\":112,\"caption\":\"apuntesdesanluis.com\"},\"logo\":{\"@id\":\"https:\/\/apuntesdesanluis.com\/#\/schema\/person\/image\/\"},\"sameAs\":[\"https:\/\/apuntesdesanluis.com\"],\"url\":\"https:\/\/apuntesdesanluis.com\/index.php\/author\/apuntesdesanluis-com\/\"}]}<\/script>\n<!-- \/ Yoast SEO plugin. -->","yoast_head_json":{"title":"CONFIRMARON LA REALIZACI\u00d3N DE LA AUTOPSIA AL CUERPO DE SILVINA LUNA - Apuntes de San Luis","robots":{"index":"index","follow":"follow","max-snippet":"max-snippet:-1","max-image-preview":"max-image-preview:large","max-video-preview":"max-video-preview:-1"},"canonical":"https:\/\/apuntesdesanluis.com\/index.php\/2023\/09\/03\/confirmaron-la-realizacion-de-la-autopsia-al-cuerpo-de-silvina-luna\/","og_locale":"es_ES","og_type":"article","og_title":"CONFIRMARON LA REALIZACI\u00d3N DE LA AUTOPSIA AL CUERPO DE SILVINA LUNA - Apuntes de San Luis","og_description":"Finalmente, la Justicia respondi\u00f3 a las solicitudes del fiscal Sandro Abraldes y del abogado Fernando...","og_url":"https:\/\/apuntesdesanluis.com\/index.php\/2023\/09\/03\/confirmaron-la-realizacion-de-la-autopsia-al-cuerpo-de-silvina-luna\/","og_site_name":"Apuntes de San Luis","article_published_time":"2023-09-03T20:55:41+00:00","og_image":[{"width":851,"height":478,"url":"https:\/\/apuntesdesanluis.com\/wp-content\/uploads\/2023\/09\/silvina-luna.png","type":"image\/png"}],"author":"apuntesdesanluis.com","twitter_card":"summary_large_image","twitter_misc":{"Escrito por":"apuntesdesanluis.com","Tiempo de lectura":"4 minutos"},"schema":{"@context":"https:\/\/schema.org","@graph":[{"@type":"Article","@id":"https:\/\/apuntesdesanluis.com\/index.php\/2023\/09\/03\/confirmaron-la-realizacion-de-la-autopsia-al-cuerpo-de-silvina-luna\/#article","isPartOf":{"@id":"https:\/\/apuntesdesanluis.com\/index.php\/2023\/09\/03\/confirmaron-la-realizacion-de-la-autopsia-al-cuerpo-de-silvina-luna\/"},"author":{"name":"apuntesdesanluis.com","@id":"https:\/\/apuntesdesanluis.com\/#\/schema\/person\/b55151d52296fcce64d1a72538a70b90"},"headline":"CONFIRMARON LA REALIZACI\u00d3N DE LA AUTOPSIA AL CUERPO DE SILVINA LUNA","datePublished":"2023-09-03T20:55:41+00:00","mainEntityOfPage":{"@id":"https:\/\/apuntesdesanluis.com\/index.php\/2023\/09\/03\/confirmaron-la-realizacion-de-la-autopsia-al-cuerpo-de-silvina-luna\/"},"wordCount":776,"publisher":{"@id":"https:\/\/apuntesdesanluis.com\/#\/schema\/person\/b55151d52296fcce64d1a72538a70b90"},"image":{"@id":"https:\/\/apuntesdesanluis.com\/index.php\/2023\/09\/03\/confirmaron-la-realizacion-de-la-autopsia-al-cuerpo-de-silvina-luna\/#primaryimage"},"thumbnailUrl":"https:\/\/apuntesdesanluis.com\/wp-content\/uploads\/2023\/09\/silvina-luna.png","articleSection":["Nacionales\/Internacionales"],"inLanguage":"es-AR"},{"@type":"WebPage","@id":"https:\/\/apuntesdesanluis.com\/index.php\/2023\/09\/03\/confirmaron-la-realizacion-de-la-autopsia-al-cuerpo-de-silvina-luna\/","url":"https:\/\/apuntesdesanluis.com\/index.php\/2023\/09\/03\/confirmaron-la-realizacion-de-la-autopsia-al-cuerpo-de-silvina-luna\/","name":"CONFIRMARON LA REALIZACI\u00d3N DE LA AUTOPSIA AL CUERPO DE SILVINA LUNA - Apuntes de San Luis","isPartOf":{"@id":"https:\/\/apuntesdesanluis.com\/#website"},"primaryImageOfPage":{"@id":"https:\/\/apuntesdesanluis.com\/index.php\/2023\/09\/03\/confirmaron-la-realizacion-de-la-autopsia-al-cuerpo-de-silvina-luna\/#primaryimage"},"image":{"@id":"https:\/\/apuntesdesanluis.com\/index.php\/2023\/09\/03\/confirmaron-la-realizacion-de-la-autopsia-al-cuerpo-de-silvina-luna\/#primaryimage"},"thumbnailUrl":"https:\/\/apuntesdesanluis.com\/wp-content\/uploads\/2023\/09\/silvina-luna.png","datePublished":"2023-09-03T20:55:41+00:00","breadcrumb":{"@id":"https:\/\/apuntesdesanluis.com\/index.php\/2023\/09\/03\/confirmaron-la-realizacion-de-la-autopsia-al-cuerpo-de-silvina-luna\/#breadcrumb"},"inLanguage":"es-AR","potentialAction":[{"@type":"ReadAction","target":["https:\/\/apuntesdesanluis.com\/index.php\/2023\/09\/03\/confirmaron-la-realizacion-de-la-autopsia-al-cuerpo-de-silvina-luna\/"]}]},{"@type":"ImageObject","inLanguage":"es-AR","@id":"https:\/\/apuntesdesanluis.com\/index.php\/2023\/09\/03\/confirmaron-la-realizacion-de-la-autopsia-al-cuerpo-de-silvina-luna\/#primaryimage","url":"https:\/\/apuntesdesanluis.com\/wp-content\/uploads\/2023\/09\/silvina-luna.png","contentUrl":"https:\/\/apuntesdesanluis.com\/wp-content\/uploads\/2023\/09\/silvina-luna.png","width":851,"height":478},{"@type":"BreadcrumbList","@id":"https:\/\/apuntesdesanluis.com\/index.php\/2023\/09\/03\/confirmaron-la-realizacion-de-la-autopsia-al-cuerpo-de-silvina-luna\/#breadcrumb","itemListElement":[{"@type":"ListItem","position":1,"name":"Inicio","item":"https:\/\/apuntesdesanluis.com\/"},{"@type":"ListItem","position":2,"name":"CONFIRMARON LA REALIZACI\u00d3N DE LA AUTOPSIA AL CUERPO DE SILVINA LUNA"}]},{"@type":"WebSite","@id":"https:\/\/apuntesdesanluis.com\/#website","url":"https:\/\/apuntesdesanluis.com\/","name":"Apuntes de San Luis","description":"","publisher":{"@id":"https:\/\/apuntesdesanluis.com\/#\/schema\/person\/b55151d52296fcce64d1a72538a70b90"},"potentialAction":[{"@type":"SearchAction","target":{"@type":"EntryPoint","urlTemplate":"https:\/\/apuntesdesanluis.com\/?s={search_term_string}"},"query-input":{"@type":"PropertyValueSpecification","valueRequired":true,"valueName":"search_term_string"}}],"inLanguage":"es-AR"},{"@type":["Person","Organization"],"@id":"https:\/\/apuntesdesanluis.com\/#\/schema\/person\/b55151d52296fcce64d1a72538a70b90","name":"apuntesdesanluis.com","image":{"@type":"ImageObject","inLanguage":"es-AR","@id":"https:\/\/apuntesdesanluis.com\/#\/schema\/person\/image\/","url":"https:\/\/apuntesdesanluis.com\/wp-content\/uploads\/2023\/07\/cropped-apuntesdesanluis.png","contentUrl":"https:\/\/apuntesdesanluis.com\/wp-content\/uploads\/2023\/07\/cropped-apuntesdesanluis.png","width":450,"height":112,"caption":"apuntesdesanluis.com"},"logo":{"@id":"https:\/\/apuntesdesanluis.com\/#\/schema\/person\/image\/"},"sameAs":["https:\/\/apuntesdesanluis.com"],"url":"https:\/\/apuntesdesanluis.com\/index.php\/author\/apuntesdesanluis-com\/"}]}},"featured_image_urls":{"full":["https:\/\/apuntesdesanluis.com\/wp-content\/uploads\/2023\/09\/silvina-luna.png",851,478,false],"thumbnail":["https:\/\/apuntesdesanluis.com\/wp-content\/uploads\/2023\/09\/silvina-luna-150x150.png",150,150,true],"medium":["https:\/\/apuntesdesanluis.com\/wp-content\/uploads\/2023\/09\/silvina-luna-300x169.png",300,169,true],"medium_large":["https:\/\/apuntesdesanluis.com\/wp-content\/uploads\/2023\/09\/silvina-luna-768x431.png",640,359,true],"large":["https:\/\/apuntesdesanluis.com\/wp-content\/uploads\/2023\/09\/silvina-luna.png",640,359,false],"1536x1536":["https:\/\/apuntesdesanluis.com\/wp-content\/uploads\/2023\/09\/silvina-luna.png",851,478,false],"2048x2048":["https:\/\/apuntesdesanluis.com\/wp-content\/uploads\/2023\/09\/silvina-luna.png",851,478,false],"newsever-slider-full":["https:\/\/apuntesdesanluis.com\/wp-content\/uploads\/2023\/09\/silvina-luna.png",851,478,false],"newsever-featured":["https:\/\/apuntesdesanluis.com\/wp-content\/uploads\/2023\/09\/silvina-luna.png",851,478,false],"newsever-medium":["https:\/\/apuntesdesanluis.com\/wp-content\/uploads\/2023\/09\/silvina-luna-720x475.png",720,475,true]},"author_info":{"display_name":"apuntesdesanluis.com","author_link":"https:\/\/apuntesdesanluis.com\/index.php\/author\/apuntesdesanluis-com\/"},"category_info":"<a href=\"https:\/\/apuntesdesanluis.com\/index.php\/category\/nacionales-internacionales\/\" rel=\"category tag\">Nacionales\/Internacionales<\/a>","tag_info":"Nacionales\/Internacionales","comment_count":"0","_links":{"self":[{"href":"https:\/\/apuntesdesanluis.com\/index.php\/wp-json\/wp\/v2\/posts\/2553","targetHints":{"allow":["GET"]}}],"collection":[{"href":"https:\/\/apuntesdesanluis.com\/index.php\/wp-json\/wp\/v2\/posts"}],"about":[{"href":"https:\/\/apuntesdesanluis.com\/index.php\/wp-json\/wp\/v2\/types\/post"}],"author":[{"embeddable":true,"href":"https:\/\/apuntesdesanluis.com\/index.php\/wp-json\/wp\/v2\/users\/1"}],"replies":[{"embeddable":true,"href":"https:\/\/apuntesdesanluis.com\/index.php\/wp-json\/wp\/v2\/comments?post=2553"}],"version-history":[{"count":1,"href":"https:\/\/apuntesdesanluis.com\/index.php\/wp-json\/wp\/v2\/posts\/2553\/revisions"}],"predecessor-version":[{"id":2555,"href":"https:\/\/apuntesdesanluis.com\/index.php\/wp-json\/wp\/v2\/posts\/2553\/revisions\/2555"}],"wp:featuredmedia":[{"embeddable":true,"href":"https:\/\/apuntesdesanluis.com\/index.php\/wp-json\/wp\/v2\/media\/2554"}],"wp:attachment":[{"href":"https:\/\/apuntesdesanluis.com\/index.php\/wp-json\/wp\/v2\/media?parent=2553"}],"wp:term":[{"taxonomy":"category","embeddable":true,"href":"https:\/\/apuntesdesanluis.com\/index.php\/wp-json\/wp\/v2\/categories?post=2553"},{"taxonomy":"post_tag","embeddable":true,"href":"https:\/\/apuntesdesanluis.com\/index.php\/wp-json\/wp\/v2\/tags?post=2553"}],"curies":[{"name":"wp","href":"https:\/\/api.w.org\/{rel}","templated":true}]}}